{"id":79931,"date":"2026-02-23T15:47:48","date_gmt":"2026-02-23T15:47:48","guid":{"rendered":"https:\/\/ferabrajan.com\/portal\/?p=79931"},"modified":"2026-02-23T15:47:48","modified_gmt":"2026-02-23T15:47:48","slug":"inician-analisis-de-reforma-laboral-aplicacion-sera-gradual-y-sin-afectar-salarios-maiella-gomez","status":"publish","type":"post","link":"https:\/\/ferabrajan.com\/portal\/2026\/02\/23\/inician-analisis-de-reforma-laboral-aplicacion-sera-gradual-y-sin-afectar-salarios-maiella-gomez\/","title":{"rendered":"Inician an\u00e1lisis de reforma laboral; aplicaci\u00f3n ser\u00e1 gradual y sin afectar salarios: Maiella G\u00f3mez"},"content":{"rendered":"<p data-start=\"211\" data-end=\"432\">En entrevista, la diputada <strong data-start=\"238\" data-end=\"265\">Maiella G\u00f3mez Maldonado<\/strong> inform\u00f3 que <strong data-start=\"278\" data-end=\"361\">este d\u00eda comienzan los trabajos en comisiones unidas de Puntos Constitucionales<\/strong> para analizar y aprobar la reforma correspondiente en materia laboral.<\/p>\n<p data-start=\"434\" data-end=\"620\">La legisladora explic\u00f3 que se llevar\u00e1 a cabo <strong data-start=\"479\" data-end=\"517\">una revisi\u00f3n estricta del dictamen<\/strong>, con el objetivo de garantizar certeza jur\u00eddica y protecci\u00f3n a los derechos de las y los trabajadores.<\/p>\n<p data-start=\"622\" data-end=\"818\">Subray\u00f3 que <strong data-start=\"634\" data-end=\"675\">se respetar\u00e1n salarios y prestaciones<\/strong>, y que la implementaci\u00f3n de la <strong data-start=\"707\" data-end=\"745\">nueva jornada laboral ser\u00e1 gradual<\/strong>, a fin de permitir una transici\u00f3n ordenada para empleadores y empleados.<\/p>\n<p data-start=\"820\" data-end=\"1015\">G\u00f3mez Maldonado detall\u00f3 que <strong data-start=\"848\" data-end=\"886\">ya se cuenta con un dictamen listo<\/strong>, aunque reconoci\u00f3 que todav\u00eda podr\u00eda realizarse <strong data-start=\"935\" data-end=\"969\">alg\u00fan ajuste de \u00faltimo momento<\/strong> durante el proceso de an\u00e1lisis en comisiones.<\/p>\n<p data-start=\"1017\" data-end=\"1173\">La diputada reiter\u00f3 que el objetivo central es avanzar en una reforma responsable que fortalezca los derechos laborales sin generar afectaciones econ\u00f3micas.<\/p>\n","protected":false},"excerpt":{"rendered":"<p>En entrevista, la diputada Maiella G\u00f3mez Maldonado inform\u00f3 que este d\u00eda comienzan los trabajos en comisiones unidas de Puntos Constitucionales para analizar y aprobar la reforma correspondiente en materia laboral. La legisladora explic\u00f3 que se llevar\u00e1 a cabo una revisi\u00f3n estricta del dictamen, con el objetivo de garantizar certeza jur\u00eddica y protecci\u00f3n a los derechos de las y los trabajadores. Subray\u00f3 que se respetar\u00e1n salarios y prestaciones, y que la implementaci\u00f3n de la nueva jornada laboral ser\u00e1 gradual, a fin de permitir una transici\u00f3n ordenada para empleadores y empleados. G\u00f3mez Maldonado detall\u00f3 que ya se cuenta con un dictamen listo, aunque reconoci\u00f3 que todav\u00eda podr\u00eda realizarse alg\u00fan ajuste de \u00faltimo momento durante el proceso de an\u00e1lisis en comisiones. La diputada reiter\u00f3 que el objetivo central es avanzar en una reforma responsable que fortalezca los derechos laborales sin generar afectaciones econ\u00f3micas.<\/p>\n","protected":false},"author":1,"featured_media":79932,"comment_status":"closed","ping_status":"closed","sticky":false,"template":"","format":"standard","meta":{"_monsterinsights_skip_tracking":false,"_uf_show_specific_survey":0,"_uf_disable_surveys":false,"footnotes":""},"categories":[585,34],"tags":[1017,484,169],"class_list":["post-79931","post","type-post","status-publish","format-standard","has-post-thumbnail","hentry","category-principal","category-puebla","tag-jornada-laboral","tag-maiella-gomez","tag-senado"],"yoast_head":"<!-- This site is optimized with the Yoast SEO plugin v27.5 - https:\/\/yoast.com\/product\/yoast-seo-wordpress\/ -->\n<title>Inician an\u00e1lisis de reforma laboral; aplicaci\u00f3n ser\u00e1 gradual y sin afectar salarios: Maiella G\u00f3mez - Fer Abrajan<\/title>\n<meta name=\"robots\" content=\"index, follow, max-snippet:-1, max-image-preview:large, max-video-preview:-1\" \/>\n<link rel=\"canonical\" href=\"https:\/\/ferabrajan.com\/portal\/2026\/02\/23\/inician-analisis-de-reforma-laboral-aplicacion-sera-gradual-y-sin-afectar-salarios-maiella-gomez\/\" \/>\n<meta property=\"og:locale\" content=\"es_ES\" \/>\n<meta property=\"og:type\" content=\"article\" \/>\n<meta property=\"og:title\" content=\"Inician an\u00e1lisis de reforma laboral; aplicaci\u00f3n ser\u00e1 gradual y sin afectar salarios: Maiella G\u00f3mez - Fer Abrajan\" \/>\n<meta property=\"og:description\" content=\"En entrevista, la diputada Maiella G\u00f3mez Maldonado inform\u00f3 que este d\u00eda comienzan los trabajos en comisiones unidas de Puntos Constitucionales para analizar y aprobar la reforma correspondiente en materia laboral. La legisladora explic\u00f3 que se llevar\u00e1 a cabo una revisi\u00f3n estricta del dictamen, con el objetivo de garantizar certeza jur\u00eddica y protecci\u00f3n a los derechos de las y los trabajadores. Subray\u00f3 que se respetar\u00e1n salarios y prestaciones, y que la implementaci\u00f3n de la nueva jornada laboral ser\u00e1 gradual, a fin de permitir una transici\u00f3n ordenada para empleadores y empleados. G\u00f3mez Maldonado detall\u00f3 que ya se cuenta con un dictamen listo, aunque reconoci\u00f3 que todav\u00eda podr\u00eda realizarse alg\u00fan ajuste de \u00faltimo momento durante el proceso de an\u00e1lisis en comisiones. La diputada reiter\u00f3 que el objetivo central es avanzar en una reforma responsable que fortalezca los derechos laborales sin generar afectaciones econ\u00f3micas.\" \/>\n<meta property=\"og:url\" content=\"https:\/\/ferabrajan.com\/portal\/2026\/02\/23\/inician-analisis-de-reforma-laboral-aplicacion-sera-gradual-y-sin-afectar-salarios-maiella-gomez\/\" \/>\n<meta property=\"og:site_name\" content=\"Fer Abrajan\" \/>\n<meta property=\"article:publisher\" content=\"https:\/\/www.facebook.com\/NoticiasconFerAbrajan\/\" \/>\n<meta property=\"article:published_time\" content=\"2026-02-23T15:47:48+00:00\" \/>\n<meta property=\"og:image\" content=\"https:\/\/ferabrajan.com\/portal\/wp-content\/uploads\/2026\/02\/Fotos-sitio-web-FER-1-2.jpg\" \/>\n\t<meta property=\"og:image:width\" content=\"1024\" \/>\n\t<meta property=\"og:image:height\" content=\"683\" \/>\n\t<meta property=\"og:image:type\" content=\"image\/jpeg\" \/>\n<meta name=\"author\" content=\"admin\" \/>\n<meta name=\"twitter:card\" content=\"summary_large_image\" \/>\n<meta name=\"twitter:creator\" content=\"@ferabrajan1\" \/>\n<meta name=\"twitter:site\" content=\"@ferabrajan1\" \/>\n<meta name=\"twitter:label1\" content=\"Escrito por\" \/>\n\t<meta name=\"twitter:data1\" content=\"admin\" \/>\n\t<meta name=\"twitter:label2\" content=\"Tiempo de lectura\" \/>\n\t<meta name=\"twitter:data2\" content=\"1 minuto\" \/>\n<script type=\"application\/ld+json\" class=\"yoast-schema-graph\">{\"@context\":\"https:\\\/\\\/schema.org\",\"@graph\":[{\"@type\":\"Article\",\"@id\":\"https:\\\/\\\/ferabrajan.com\\\/portal\\\/2026\\\/02\\\/23\\\/inician-analisis-de-reforma-laboral-aplicacion-sera-gradual-y-sin-afectar-salarios-maiella-gomez\\\/#article\",\"isPartOf\":{\"@id\":\"https:\\\/\\\/ferabrajan.com\\\/portal\\\/2026\\\/02\\\/23\\\/inician-analisis-de-reforma-laboral-aplicacion-sera-gradual-y-sin-afectar-salarios-maiella-gomez\\\/\"},\"author\":{\"name\":\"admin\",\"@id\":\"https:\\\/\\\/ferabrajan.com\\\/portal\\\/#\\\/schema\\\/person\\\/f6113b3cb1e036d5c6a9505685b257ba\"},\"headline\":\"Inician an\u00e1lisis de reforma laboral; aplicaci\u00f3n ser\u00e1 gradual y sin afectar salarios: Maiella G\u00f3mez\",\"datePublished\":\"2026-02-23T15:47:48+00:00\",\"mainEntityOfPage\":{\"@id\":\"https:\\\/\\\/ferabrajan.com\\\/portal\\\/2026\\\/02\\\/23\\\/inician-analisis-de-reforma-laboral-aplicacion-sera-gradual-y-sin-afectar-salarios-maiella-gomez\\\/\"},\"wordCount\":171,\"publisher\":{\"@id\":\"https:\\\/\\\/ferabrajan.com\\\/portal\\\/#organization\"},\"image\":{\"@id\":\"https:\\\/\\\/ferabrajan.com\\\/portal\\\/2026\\\/02\\\/23\\\/inician-analisis-de-reforma-laboral-aplicacion-sera-gradual-y-sin-afectar-salarios-maiella-gomez\\\/#primaryimage\"},\"thumbnailUrl\":\"https:\\\/\\\/ferabrajan.com\\\/portal\\\/wp-content\\\/uploads\\\/2026\\\/02\\\/Fotos-sitio-web-FER-1-2.jpg\",\"keywords\":[\"jornada laboral\",\"maiella gomez\",\"Senado\"],\"articleSection\":[\"Principal\",\"Puebla\"],\"inLanguage\":\"es\"},{\"@type\":\"WebPage\",\"@id\":\"https:\\\/\\\/ferabrajan.com\\\/portal\\\/2026\\\/02\\\/23\\\/inician-analisis-de-reforma-laboral-aplicacion-sera-gradual-y-sin-afectar-salarios-maiella-gomez\\\/\",\"url\":\"https:\\\/\\\/ferabrajan.com\\\/portal\\\/2026\\\/02\\\/23\\\/inician-analisis-de-reforma-laboral-aplicacion-sera-gradual-y-sin-afectar-salarios-maiella-gomez\\\/\",\"name\":\"Inician an\u00e1lisis de reforma laboral; aplicaci\u00f3n ser\u00e1 gradual y sin afectar salarios: Maiella G\u00f3mez - Fer Abrajan\",\"isPartOf\":{\"@id\":\"https:\\\/\\\/ferabrajan.com\\\/portal\\\/#website\"},\"primaryImageOfPage\":{\"@id\":\"https:\\\/\\\/ferabrajan.com\\\/portal\\\/2026\\\/02\\\/23\\\/inician-analisis-de-reforma-laboral-aplicacion-sera-gradual-y-sin-afectar-salarios-maiella-gomez\\\/#primaryimage\"},\"image\":{\"@id\":\"https:\\\/\\\/ferabrajan.com\\\/portal\\\/2026\\\/02\\\/23\\\/inician-analisis-de-reforma-laboral-aplicacion-sera-gradual-y-sin-afectar-salarios-maiella-gomez\\\/#primaryimage\"},\"thumbnailUrl\":\"https:\\\/\\\/ferabrajan.com\\\/portal\\\/wp-content\\\/uploads\\\/2026\\\/02\\\/Fotos-sitio-web-FER-1-2.jpg\",\"datePublished\":\"2026-02-23T15:47:48+00:00\",\"breadcrumb\":{\"@id\":\"https:\\\/\\\/ferabrajan.com\\\/portal\\\/2026\\\/02\\\/23\\\/inician-analisis-de-reforma-laboral-aplicacion-sera-gradual-y-sin-afectar-salarios-maiella-gomez\\\/#breadcrumb\"},\"inLanguage\":\"es\",\"potentialAction\":[{\"@type\":\"ReadAction\",\"target\":[\"https:\\\/\\\/ferabrajan.com\\\/portal\\\/2026\\\/02\\\/23\\\/inician-analisis-de-reforma-laboral-aplicacion-sera-gradual-y-sin-afectar-salarios-maiella-gomez\\\/\"]}]},{\"@type\":\"ImageObject\",\"inLanguage\":\"es\",\"@id\":\"https:\\\/\\\/ferabrajan.com\\\/portal\\\/2026\\\/02\\\/23\\\/inician-analisis-de-reforma-laboral-aplicacion-sera-gradual-y-sin-afectar-salarios-maiella-gomez\\\/#primaryimage\",\"url\":\"https:\\\/\\\/ferabrajan.com\\\/portal\\\/wp-content\\\/uploads\\\/2026\\\/02\\\/Fotos-sitio-web-FER-1-2.jpg\",\"contentUrl\":\"https:\\\/\\\/ferabrajan.com\\\/portal\\\/wp-content\\\/uploads\\\/2026\\\/02\\\/Fotos-sitio-web-FER-1-2.jpg\",\"width\":1024,\"height\":683},{\"@type\":\"BreadcrumbList\",\"@id\":\"https:\\\/\\\/ferabrajan.com\\\/portal\\\/2026\\\/02\\\/23\\\/inician-analisis-de-reforma-laboral-aplicacion-sera-gradual-y-sin-afectar-salarios-maiella-gomez\\\/#breadcrumb\",\"itemListElement\":[{\"@type\":\"ListItem\",\"position\":1,\"name\":\"Portada\",\"item\":\"https:\\\/\\\/ferabrajan.com\\\/portal\\\/\"},{\"@type\":\"ListItem\",\"position\":2,\"name\":\"Inician an\u00e1lisis de reforma laboral; aplicaci\u00f3n ser\u00e1 gradual y sin afectar salarios: Maiella G\u00f3mez\"}]},{\"@type\":\"WebSite\",\"@id\":\"https:\\\/\\\/ferabrajan.com\\\/portal\\\/#website\",\"url\":\"https:\\\/\\\/ferabrajan.com\\\/portal\\\/\",\"name\":\"Fer Abrajan\",\"description\":\"Noticias de Puebla, opini\u00f3n y radio en vivo\",\"publisher\":{\"@id\":\"https:\\\/\\\/ferabrajan.com\\\/portal\\\/#organization\"},\"potentialAction\":[{\"@type\":\"SearchAction\",\"target\":{\"@type\":\"EntryPoint\",\"urlTemplate\":\"https:\\\/\\\/ferabrajan.com\\\/portal\\\/?s={search_term_string}\"},\"query-input\":{\"@type\":\"PropertyValueSpecification\",\"valueRequired\":true,\"valueName\":\"search_term_string\"}}],\"inLanguage\":\"es\"},{\"@type\":\"Organization\",\"@id\":\"https:\\\/\\\/ferabrajan.com\\\/portal\\\/#organization\",\"name\":\"Fer Abrajan\",\"url\":\"https:\\\/\\\/ferabrajan.com\\\/portal\\\/\",\"logo\":{\"@type\":\"ImageObject\",\"inLanguage\":\"es\",\"@id\":\"https:\\\/\\\/ferabrajan.com\\\/portal\\\/#\\\/schema\\\/logo\\\/image\\\/\",\"url\":\"https:\\\/\\\/ferabrajan.com\\\/portal\\\/wp-content\\\/uploads\\\/2024\\\/10\\\/cropped-logo.jpeg\",\"contentUrl\":\"https:\\\/\\\/ferabrajan.com\\\/portal\\\/wp-content\\\/uploads\\\/2024\\\/10\\\/cropped-logo.jpeg\",\"width\":500,\"height\":250,\"caption\":\"Fer Abrajan\"},\"image\":{\"@id\":\"https:\\\/\\\/ferabrajan.com\\\/portal\\\/#\\\/schema\\\/logo\\\/image\\\/\"},\"sameAs\":[\"https:\\\/\\\/www.facebook.com\\\/NoticiasconFerAbrajan\\\/\",\"https:\\\/\\\/x.com\\\/ferabrajan1\"]},{\"@type\":\"Person\",\"@id\":\"https:\\\/\\\/ferabrajan.com\\\/portal\\\/#\\\/schema\\\/person\\\/f6113b3cb1e036d5c6a9505685b257ba\",\"name\":\"admin\",\"image\":{\"@type\":\"ImageObject\",\"inLanguage\":\"es\",\"@id\":\"https:\\\/\\\/secure.gravatar.com\\\/avatar\\\/072baa72775aad53c748dfc5d3048578e01b6c087eef335459ebfa04344e2d18?s=96&d=mm&r=g\",\"url\":\"https:\\\/\\\/secure.gravatar.com\\\/avatar\\\/072baa72775aad53c748dfc5d3048578e01b6c087eef335459ebfa04344e2d18?s=96&d=mm&r=g\",\"contentUrl\":\"https:\\\/\\\/secure.gravatar.com\\\/avatar\\\/072baa72775aad53c748dfc5d3048578e01b6c087eef335459ebfa04344e2d18?s=96&d=mm&r=g\",\"caption\":\"admin\"},\"sameAs\":[\"https:\\\/\\\/ferabrajan.com\\\/portal\"],\"url\":\"https:\\\/\\\/ferabrajan.com\\\/portal\\\/author\\\/admin\\\/\"}]}<\/script>\n<!-- \/ Yoast SEO plugin. -->","yoast_head_json":{"title":"Inician an\u00e1lisis de reforma laboral; aplicaci\u00f3n ser\u00e1 gradual y sin afectar salarios: Maiella G\u00f3mez - Fer Abrajan","robots":{"index":"index","follow":"follow","max-snippet":"max-snippet:-1","max-image-preview":"max-image-preview:large","max-video-preview":"max-video-preview:-1"},"canonical":"https:\/\/ferabrajan.com\/portal\/2026\/02\/23\/inician-analisis-de-reforma-laboral-aplicacion-sera-gradual-y-sin-afectar-salarios-maiella-gomez\/","og_locale":"es_ES","og_type":"article","og_title":"Inician an\u00e1lisis de reforma laboral; aplicaci\u00f3n ser\u00e1 gradual y sin afectar salarios: Maiella G\u00f3mez - Fer Abrajan","og_description":"En entrevista, la diputada Maiella G\u00f3mez Maldonado inform\u00f3 que este d\u00eda comienzan los trabajos en comisiones unidas de Puntos Constitucionales para analizar y aprobar la reforma correspondiente en materia laboral. La legisladora explic\u00f3 que se llevar\u00e1 a cabo una revisi\u00f3n estricta del dictamen, con el objetivo de garantizar certeza jur\u00eddica y protecci\u00f3n a los derechos de las y los trabajadores. Subray\u00f3 que se respetar\u00e1n salarios y prestaciones, y que la implementaci\u00f3n de la nueva jornada laboral ser\u00e1 gradual, a fin de permitir una transici\u00f3n ordenada para empleadores y empleados. G\u00f3mez Maldonado detall\u00f3 que ya se cuenta con un dictamen listo, aunque reconoci\u00f3 que todav\u00eda podr\u00eda realizarse alg\u00fan ajuste de \u00faltimo momento durante el proceso de an\u00e1lisis en comisiones. La diputada reiter\u00f3 que el objetivo central es avanzar en una reforma responsable que fortalezca los derechos laborales sin generar afectaciones econ\u00f3micas.","og_url":"https:\/\/ferabrajan.com\/portal\/2026\/02\/23\/inician-analisis-de-reforma-laboral-aplicacion-sera-gradual-y-sin-afectar-salarios-maiella-gomez\/","og_site_name":"Fer Abrajan","article_publisher":"https:\/\/www.facebook.com\/NoticiasconFerAbrajan\/","article_published_time":"2026-02-23T15:47:48+00:00","og_image":[{"width":1024,"height":683,"url":"https:\/\/ferabrajan.com\/portal\/wp-content\/uploads\/2026\/02\/Fotos-sitio-web-FER-1-2.jpg","type":"image\/jpeg"}],"author":"admin","twitter_card":"summary_large_image","twitter_creator":"@ferabrajan1","twitter_site":"@ferabrajan1","twitter_misc":{"Escrito por":"admin","Tiempo de lectura":"1 minuto"},"schema":{"@context":"https:\/\/schema.org","@graph":[{"@type":"Article","@id":"https:\/\/ferabrajan.com\/portal\/2026\/02\/23\/inician-analisis-de-reforma-laboral-aplicacion-sera-gradual-y-sin-afectar-salarios-maiella-gomez\/#article","isPartOf":{"@id":"https:\/\/ferabrajan.com\/portal\/2026\/02\/23\/inician-analisis-de-reforma-laboral-aplicacion-sera-gradual-y-sin-afectar-salarios-maiella-gomez\/"},"author":{"name":"admin","@id":"https:\/\/ferabrajan.com\/portal\/#\/schema\/person\/f6113b3cb1e036d5c6a9505685b257ba"},"headline":"Inician an\u00e1lisis de reforma laboral; aplicaci\u00f3n ser\u00e1 gradual y sin afectar salarios: Maiella G\u00f3mez","datePublished":"2026-02-23T15:47:48+00:00","mainEntityOfPage":{"@id":"https:\/\/ferabrajan.com\/portal\/2026\/02\/23\/inician-analisis-de-reforma-laboral-aplicacion-sera-gradual-y-sin-afectar-salarios-maiella-gomez\/"},"wordCount":171,"publisher":{"@id":"https:\/\/ferabrajan.com\/portal\/#organization"},"image":{"@id":"https:\/\/ferabrajan.com\/portal\/2026\/02\/23\/inician-analisis-de-reforma-laboral-aplicacion-sera-gradual-y-sin-afectar-salarios-maiella-gomez\/#primaryimage"},"thumbnailUrl":"https:\/\/ferabrajan.com\/portal\/wp-content\/uploads\/2026\/02\/Fotos-sitio-web-FER-1-2.jpg","keywords":["jornada laboral","maiella gomez","Senado"],"articleSection":["Principal","Puebla"],"inLanguage":"es"},{"@type":"WebPage","@id":"https:\/\/ferabrajan.com\/portal\/2026\/02\/23\/inician-analisis-de-reforma-laboral-aplicacion-sera-gradual-y-sin-afectar-salarios-maiella-gomez\/","url":"https:\/\/ferabrajan.com\/portal\/2026\/02\/23\/inician-analisis-de-reforma-laboral-aplicacion-sera-gradual-y-sin-afectar-salarios-maiella-gomez\/","name":"Inician an\u00e1lisis de reforma laboral; aplicaci\u00f3n ser\u00e1 gradual y sin afectar salarios: Maiella G\u00f3mez - Fer Abrajan","isPartOf":{"@id":"https:\/\/ferabrajan.com\/portal\/#website"},"primaryImageOfPage":{"@id":"https:\/\/ferabrajan.com\/portal\/2026\/02\/23\/inician-analisis-de-reforma-laboral-aplicacion-sera-gradual-y-sin-afectar-salarios-maiella-gomez\/#primaryimage"},"image":{"@id":"https:\/\/ferabrajan.com\/portal\/2026\/02\/23\/inician-analisis-de-reforma-laboral-aplicacion-sera-gradual-y-sin-afectar-salarios-maiella-gomez\/#primaryimage"},"thumbnailUrl":"https:\/\/ferabrajan.com\/portal\/wp-content\/uploads\/2026\/02\/Fotos-sitio-web-FER-1-2.jpg","datePublished":"2026-02-23T15:47:48+00:00","breadcrumb":{"@id":"https:\/\/ferabrajan.com\/portal\/2026\/02\/23\/inician-analisis-de-reforma-laboral-aplicacion-sera-gradual-y-sin-afectar-salarios-maiella-gomez\/#breadcrumb"},"inLanguage":"es","potentialAction":[{"@type":"ReadAction","target":["https:\/\/ferabrajan.com\/portal\/2026\/02\/23\/inician-analisis-de-reforma-laboral-aplicacion-sera-gradual-y-sin-afectar-salarios-maiella-gomez\/"]}]},{"@type":"ImageObject","inLanguage":"es","@id":"https:\/\/ferabrajan.com\/portal\/2026\/02\/23\/inician-analisis-de-reforma-laboral-aplicacion-sera-gradual-y-sin-afectar-salarios-maiella-gomez\/#primaryimage","url":"https:\/\/ferabrajan.com\/portal\/wp-content\/uploads\/2026\/02\/Fotos-sitio-web-FER-1-2.jpg","contentUrl":"https:\/\/ferabrajan.com\/portal\/wp-content\/uploads\/2026\/02\/Fotos-sitio-web-FER-1-2.jpg","width":1024,"height":683},{"@type":"BreadcrumbList","@id":"https:\/\/ferabrajan.com\/portal\/2026\/02\/23\/inician-analisis-de-reforma-laboral-aplicacion-sera-gradual-y-sin-afectar-salarios-maiella-gomez\/#breadcrumb","itemListElement":[{"@type":"ListItem","position":1,"name":"Portada","item":"https:\/\/ferabrajan.com\/portal\/"},{"@type":"ListItem","position":2,"name":"Inician an\u00e1lisis de reforma laboral; aplicaci\u00f3n ser\u00e1 gradual y sin afectar salarios: Maiella G\u00f3mez"}]},{"@type":"WebSite","@id":"https:\/\/ferabrajan.com\/portal\/#website","url":"https:\/\/ferabrajan.com\/portal\/","name":"Fer Abrajan","description":"Noticias de Puebla, opini\u00f3n y radio en vivo","publisher":{"@id":"https:\/\/ferabrajan.com\/portal\/#organization"},"potentialAction":[{"@type":"SearchAction","target":{"@type":"EntryPoint","urlTemplate":"https:\/\/ferabrajan.com\/portal\/?s={search_term_string}"},"query-input":{"@type":"PropertyValueSpecification","valueRequired":true,"valueName":"search_term_string"}}],"inLanguage":"es"},{"@type":"Organization","@id":"https:\/\/ferabrajan.com\/portal\/#organization","name":"Fer Abrajan","url":"https:\/\/ferabrajan.com\/portal\/","logo":{"@type":"ImageObject","inLanguage":"es","@id":"https:\/\/ferabrajan.com\/portal\/#\/schema\/logo\/image\/","url":"https:\/\/ferabrajan.com\/portal\/wp-content\/uploads\/2024\/10\/cropped-logo.jpeg","contentUrl":"https:\/\/ferabrajan.com\/portal\/wp-content\/uploads\/2024\/10\/cropped-logo.jpeg","width":500,"height":250,"caption":"Fer Abrajan"},"image":{"@id":"https:\/\/ferabrajan.com\/portal\/#\/schema\/logo\/image\/"},"sameAs":["https:\/\/www.facebook.com\/NoticiasconFerAbrajan\/","https:\/\/x.com\/ferabrajan1"]},{"@type":"Person","@id":"https:\/\/ferabrajan.com\/portal\/#\/schema\/person\/f6113b3cb1e036d5c6a9505685b257ba","name":"admin","image":{"@type":"ImageObject","inLanguage":"es","@id":"https:\/\/secure.gravatar.com\/avatar\/072baa72775aad53c748dfc5d3048578e01b6c087eef335459ebfa04344e2d18?s=96&d=mm&r=g","url":"https:\/\/secure.gravatar.com\/avatar\/072baa72775aad53c748dfc5d3048578e01b6c087eef335459ebfa04344e2d18?s=96&d=mm&r=g","contentUrl":"https:\/\/secure.gravatar.com\/avatar\/072baa72775aad53c748dfc5d3048578e01b6c087eef335459ebfa04344e2d18?s=96&d=mm&r=g","caption":"admin"},"sameAs":["https:\/\/ferabrajan.com\/portal"],"url":"https:\/\/ferabrajan.com\/portal\/author\/admin\/"}]}},"_links":{"self":[{"href":"https:\/\/ferabrajan.com\/portal\/wp-json\/wp\/v2\/posts\/79931","targetHints":{"allow":["GET"]}}],"collection":[{"href":"https:\/\/ferabrajan.com\/portal\/wp-json\/wp\/v2\/posts"}],"about":[{"href":"https:\/\/ferabrajan.com\/portal\/wp-json\/wp\/v2\/types\/post"}],"author":[{"embeddable":true,"href":"https:\/\/ferabrajan.com\/portal\/wp-json\/wp\/v2\/users\/1"}],"replies":[{"embeddable":true,"href":"https:\/\/ferabrajan.com\/portal\/wp-json\/wp\/v2\/comments?post=79931"}],"version-history":[{"count":1,"href":"https:\/\/ferabrajan.com\/portal\/wp-json\/wp\/v2\/posts\/79931\/revisions"}],"predecessor-version":[{"id":79933,"href":"https:\/\/ferabrajan.com\/portal\/wp-json\/wp\/v2\/posts\/79931\/revisions\/79933"}],"wp:featuredmedia":[{"embeddable":true,"href":"https:\/\/ferabrajan.com\/portal\/wp-json\/wp\/v2\/media\/79932"}],"wp:attachment":[{"href":"https:\/\/ferabrajan.com\/portal\/wp-json\/wp\/v2\/media?parent=79931"}],"wp:term":[{"taxonomy":"category","embeddable":true,"href":"https:\/\/ferabrajan.com\/portal\/wp-json\/wp\/v2\/categories?post=79931"},{"taxonomy":"post_tag","embeddable":true,"href":"https:\/\/ferabrajan.com\/portal\/wp-json\/wp\/v2\/tags?post=79931"}],"curies":[{"name":"wp","href":"https:\/\/api.w.org\/{rel}","templated":true}]}}