{"id":79320,"date":"2026-01-26T16:19:13","date_gmt":"2026-01-26T16:19:13","guid":{"rendered":"https:\/\/ferabrajan.com\/portal\/?p=79320"},"modified":"2026-01-26T16:19:13","modified_gmt":"2026-01-26T16:19:13","slug":"tormenta-invernal-en-estados-unidos-deja-dos-muertos-por-hipotermia-y-mas-de-700-mil-hogares-sin-luz","status":"publish","type":"post","link":"https:\/\/ferabrajan.com\/portal\/2026\/01\/26\/tormenta-invernal-en-estados-unidos-deja-dos-muertos-por-hipotermia-y-mas-de-700-mil-hogares-sin-luz\/","title":{"rendered":"Tormenta invernal en Estados Unidos deja dos muertos por hipotermia y m\u00e1s de 700 mil hogares sin luz"},"content":{"rendered":"<p data-t=\"{&quot;n&quot;:&quot;blueLinks&quot;,&quot;t&quot;:13,&quot;a&quot;:&quot;click&quot;,&quot;b&quot;:76}\">La\u00a0<b>tormenta de nieve<\/b>\u00a0que afecta a gran parte de\u00a0<b>Estados Unidos<\/b>\u00a0cobr\u00f3 ya sus\u00a0<b>primeras dos v\u00edctimas<\/b>. El <b>Departamento de Salud de Louisiana<\/b>\u00a0inform\u00f3 que\u00a0<b>dos hombres murieron por\u00a0<\/b><b>hipotermia<\/b>\u00a0dentro de la\u00a0<b>parroquia de Caddo<\/b>, al norte del estado.<\/p>\n<p data-t=\"{&quot;n&quot;:&quot;blueLinks&quot;,&quot;t&quot;:13,&quot;a&quot;:&quot;click&quot;,&quot;b&quot;:76}\">Mediante un comunicado, la dependencia se\u00f1al\u00f3 que\u00a0<b>las muertes est\u00e1n relacionadas directamente con el clima extremo<\/b>, aunque precis\u00f3 que\u00a0<b>no se dar\u00e1n a conocer m\u00e1s detalles<\/b>\u00a0sobre los casos.<\/p>\n<p data-t=\"{&quot;n&quot;:&quot;blueLinks&quot;,&quot;t&quot;:13,&quot;a&quot;:&quot;click&quot;,&quot;b&quot;:76}\">Las autoridades reiteraron el llamado a\u00a0<b>evitar la exposici\u00f3n prolongada al fr\u00edo<\/b>, ya que las temperaturas contin\u00faan descendiendo en amplias zonas del pa\u00eds.<\/p>\n<h2 class=\"article-sub-heading\">M\u00e1s de 700 mil hogares sin electricidad<\/h2>\n<div class=\"article-image-slot image-slot-placeholder\" data-doc-id=\"cms\/api\/amp\/image\/AA1QX1xt\">\n<div class=\"article-image-slot\">\n<div class=\"article-image-container polished\" data-t=\"{&quot;n&quot;:&quot;OpenModal&quot;,&quot;t&quot;:13,&quot;b&quot;:8,&quot;c.i&quot;:&quot;AA1UYOe2&quot;,&quot;c.l&quot;:false,&quot;c.t&quot;:13,&quot;c.v&quot;:&quot;news&quot;,&quot;c.c&quot;:&quot;newsworld&quot;,&quot;c.b&quot;:&quot;El Imparcial&quot;,&quot;c.bi&quot;:&quot;AA1eZf82&quot;,&quot;c.tv&quot;:&quot;public-safety-and-emergencies&quot;,&quot;c.tc&quot;:&quot;natural-disasters&quot;,&quot;c.hl&quot;:&quot;Tormenta invernal en Estados Unidos deja dos muertos por hipotermia y m\u00e1s de 700 mil hogares sin luz en medio de fr\u00edo extremo&quot;}\" data-test-id=\"AA1QX1xt\">\n<div><\/div>\n<p><button class=\"article-image-height-wrapper expandable article-image-height-wrapper-new\" data-customhandled=\"true\" data-t=\"{&quot;n&quot;:&quot;OpenModalButton&quot;,&quot;a&quot;:&quot;click&quot;,&quot;b&quot;:1,&quot;c.i&quot;:&quot;AA1UYOe2&quot;,&quot;c.l&quot;:false,&quot;c.t&quot;:13,&quot;c.v&quot;:&quot;news&quot;,&quot;c.c&quot;:&quot;newsworld&quot;,&quot;c.b&quot;:&quot;El Imparcial&quot;,&quot;c.bi&quot;:&quot;AA1eZf82&quot;,&quot;c.tv&quot;:&quot;public-safety-and-emergencies&quot;,&quot;c.tc&quot;:&quot;natural-disasters&quot;,&quot;c.hl&quot;:&quot;Tormenta invernal en Estados Unidos deja dos muertos por hipotermia y m\u00e1s de 700 mil hogares sin luz en medio de fr\u00edo extremo&quot;}\"><img decoding=\"async\" class=\"article-image article-image-ux-impr article-image-new expandable\" title=\"Foto: cortes\u00eda\" src=\"https:\/\/img-s-msn-com.akamaized.net\/tenant\/amp\/entityid\/AA1QX1xt.img?w=768&amp;h=512&amp;m=6\" alt=\"Foto: cortes\u00eda\" \/><\/button><\/p>\n<div class=\"image-caption-container image-caption-container-ux-impr articlewc-image-caption-container\"><span class=\"image-caption\">Foto: cortes\u00eda<\/span><\/div>\n<\/div>\n<\/div>\n<\/div>\n<p class=\"\" data-t=\"{&quot;n&quot;:&quot;blueLinks&quot;,&quot;t&quot;:13,&quot;a&quot;:&quot;click&quot;,&quot;b&quot;:76}\">El impacto del temporal no s\u00f3lo se refleja en las bajas temperaturas. Tan solo este <b>25 de enero<\/b>, el sitio especializado\u00a0<b>poweroutage.us<\/b>\u00a0report\u00f3\u00a0<b>m\u00e1s de 700 mil hogares sin suministro el\u00e9ctrico<\/b>, principalmente en el\u00a0<b>sur de Estados Unidos<\/b>.<\/p>\n<p data-t=\"{&quot;n&quot;:&quot;blueLinks&quot;,&quot;t&quot;:13,&quot;a&quot;:&quot;click&quot;,&quot;b&quot;:76}\">Los estados m\u00e1s afectados son:<\/p>\n<div class=\"article-list-slot\">\n<ul>\n<li data-t=\"{&quot;n&quot;:&quot;blueLinks&quot;,&quot;t&quot;:13,&quot;a&quot;:&quot;click&quot;,&quot;b&quot;:76}\"><b>Tennessee<\/b>, con\u00a0<b>244 mil usuarios sin luz<\/b><\/li>\n<li data-t=\"{&quot;n&quot;:&quot;blueLinks&quot;,&quot;t&quot;:13,&quot;a&quot;:&quot;click&quot;,&quot;b&quot;:76}\"><b>Texas<\/b>, con\u00a0<b>134 mil hogares<\/b><\/li>\n<li data-t=\"{&quot;n&quot;:&quot;blueLinks&quot;,&quot;t&quot;:13,&quot;a&quot;:&quot;click&quot;,&quot;b&quot;:76}\"><b>Louisiana<\/b>, con\u00a0<b>119 mil viviendas sin energ\u00eda<\/b><\/li>\n<\/ul>\n<\/div>\n<p data-t=\"{&quot;n&quot;:&quot;blueLinks&quot;,&quot;t&quot;:13,&quot;a&quot;:&quot;click&quot;,&quot;b&quot;:76}\">Los apagones se atribuyen a la\u00a0<b>acumulaci\u00f3n de hielo<\/b>, la ca\u00edda de \u00e1rboles y los da\u00f1os en l\u00edneas el\u00e9ctricas provocados por el peso de la nieve.<\/p>\n<h2 class=\"article-sub-heading\">Nieve, hielo y carreteras pr\u00e1cticamente intransitables<\/h2>\n<div class=\"article-image-slot image-slot-placeholder\" data-doc-id=\"cms\/api\/amp\/image\/AA1UWcTJ\">\n<div class=\"article-image-slot\">\n<div class=\"article-image-container polished\" data-t=\"{&quot;n&quot;:&quot;OpenModal&quot;,&quot;t&quot;:13,&quot;b&quot;:8,&quot;c.i&quot;:&quot;AA1UYOe2&quot;,&quot;c.l&quot;:false,&quot;c.t&quot;:13,&quot;c.v&quot;:&quot;news&quot;,&quot;c.c&quot;:&quot;newsworld&quot;,&quot;c.b&quot;:&quot;El Imparcial&quot;,&quot;c.bi&quot;:&quot;AA1eZf82&quot;,&quot;c.tv&quot;:&quot;public-safety-and-emergencies&quot;,&quot;c.tc&quot;:&quot;natural-disasters&quot;,&quot;c.hl&quot;:&quot;Tormenta invernal en Estados Unidos deja dos muertos por hipotermia y m\u00e1s de 700 mil hogares sin luz en medio de fr\u00edo extremo&quot;}\" data-test-id=\"AA1UWcTJ\">\n<div><\/div>\n<p><button class=\"article-image-height-wrapper expandable article-image-height-wrapper-new\" data-customhandled=\"true\" data-t=\"{&quot;n&quot;:&quot;OpenModalButton&quot;,&quot;a&quot;:&quot;click&quot;,&quot;b&quot;:1,&quot;c.i&quot;:&quot;AA1UYOe2&quot;,&quot;c.l&quot;:false,&quot;c.t&quot;:13,&quot;c.v&quot;:&quot;news&quot;,&quot;c.c&quot;:&quot;newsworld&quot;,&quot;c.b&quot;:&quot;El Imparcial&quot;,&quot;c.bi&quot;:&quot;AA1eZf82&quot;,&quot;c.tv&quot;:&quot;public-safety-and-emergencies&quot;,&quot;c.tc&quot;:&quot;natural-disasters&quot;,&quot;c.hl&quot;:&quot;Tormenta invernal en Estados Unidos deja dos muertos por hipotermia y m\u00e1s de 700 mil hogares sin luz en medio de fr\u00edo extremo&quot;}\"><img decoding=\"async\" class=\"article-image article-image-ux-impr article-image-new expandable\" title=\"Una persona camina por una calle residencial cubierta de nieve mientras una intensa nevada cubre las calles de San Luis, Misuri, Estados Unidos, 24 de enero de 2026. | Cr\u00e9dito: REUTERS\/Lawrence Bryant\" src=\"https:\/\/img-s-msn-com.akamaized.net\/tenant\/amp\/entityid\/AA1UWcTJ.img?w=768&amp;h=512&amp;m=6\" alt=\"Una persona camina por una calle residencial cubierta de nieve mientras una intensa nevada cubre las calles de San Luis, Misuri, Estados Unidos, 24 de enero de 2026. | Cr\u00e9dito: REUTERS\/Lawrence Bryant\" \/><\/button><\/p>\n<div class=\"image-caption-container image-caption-container-ux-impr articlewc-image-caption-container\"><span class=\"image-caption\">Una persona camina por una calle residencial cubierta de nieve mientras una intensa nevada cubre las calles de San Luis, Misuri, Estados Unidos, 24 de enero de 2026. | Cr\u00e9dito: REUTERS\/Lawrence Bryant<\/span><\/div>\n<\/div>\n<\/div>\n<\/div>\n<p data-t=\"{&quot;n&quot;:&quot;blueLinks&quot;,&quot;t&quot;:13,&quot;a&quot;:&quot;click&quot;,&quot;b&quot;:76}\">La tormenta, considerada por muchos expertos como\u00a0<b>la de mayor envergadura registrada en Estados Unidos<\/b>, descarg\u00f3\u00a0<b>grandes cantidades de hielo y nieve<\/b>\u00a0desde la madrugada del domingo en la regi\u00f3n del\u00a0<b>Medio Atl\u00e1ntico<\/b>, luego de afectar al\u00a0<b>Medio Oeste y al sur del pa\u00eds<\/b>.<\/p>\n<p data-t=\"{&quot;n&quot;:&quot;blueLinks&quot;,&quot;t&quot;:13,&quot;a&quot;:&quot;click&quot;,&quot;b&quot;:76}\">El temporal ha dejado\u00a0<b>calles y carreteras dif\u00edcilmente transitables<\/b>\u00a0desde\u00a0<b>Texas, Oklahoma y Tennessee<\/b>, hasta\u00a0<b>Pensilvania y Nueva York<\/b>, debido a la formaci\u00f3n de\u00a0<b>capas gruesas de nieve y hielo<\/b>.<\/p>\n<p data-t=\"{&quot;n&quot;:&quot;blueLinks&quot;,&quot;t&quot;:13,&quot;a&quot;:&quot;click&quot;,&quot;b&quot;:76}\">Autoridades locales reportan\u00a0<b>accidentes, cierres viales y retrasos en servicios<\/b>, lo que ha complicado la movilidad y las labores de emergencia.<\/p>\n<h2 class=\"article-sub-heading\">Se esperan temperaturas de hasta -15 grados<\/h2>\n<p data-t=\"{&quot;n&quot;:&quot;blueLinks&quot;,&quot;t&quot;:13,&quot;a&quot;:&quot;click&quot;,&quot;b&quot;:76}\">Los pron\u00f3sticos mantienen la alerta.Para los pr\u00f3ximos d\u00edas se esperan\u00a0<b>temperaturas a\u00fan m\u00e1s bajas<\/b>, con\u00a0<b>m\u00ednimas el martes cercanas a los -15 grados cent\u00edgrados en la costa Este<\/b>.<\/p>\n<p data-t=\"{&quot;n&quot;:&quot;blueLinks&quot;,&quot;t&quot;:13,&quot;a&quot;:&quot;click&quot;,&quot;b&quot;:76}\">Las autoridades advierten que estas condiciones\u00a0<b>favorecen la formaci\u00f3n de hielo<\/b>\u00a0y pueden generar\u00a0<b>da\u00f1os en infraestructura b\u00e1sica<\/b>, como redes el\u00e9ctricas, tuber\u00edas de agua y sistemas de transporte.<\/p>\n<h2 class=\"article-sub-heading\">Llamado a no salir de casa<\/h2>\n<div class=\"article-image-slot image-slot-placeholder\" data-doc-id=\"cms\/api\/amp\/image\/AA1RzsJr\">\n<div class=\"article-image-slot\">\n<div class=\"article-image-container polished\" data-t=\"{&quot;n&quot;:&quot;OpenModal&quot;,&quot;t&quot;:13,&quot;b&quot;:8,&quot;c.i&quot;:&quot;AA1UYOe2&quot;,&quot;c.l&quot;:false,&quot;c.t&quot;:13,&quot;c.v&quot;:&quot;news&quot;,&quot;c.c&quot;:&quot;newsworld&quot;,&quot;c.b&quot;:&quot;El Imparcial&quot;,&quot;c.bi&quot;:&quot;AA1eZf82&quot;,&quot;c.tv&quot;:&quot;public-safety-and-emergencies&quot;,&quot;c.tc&quot;:&quot;natural-disasters&quot;,&quot;c.hl&quot;:&quot;Tormenta invernal en Estados Unidos deja dos muertos por hipotermia y m\u00e1s de 700 mil hogares sin luz en medio de fr\u00edo extremo&quot;}\" data-test-id=\"AA1RzsJr\">\n<div><\/div>\n<p><button class=\"article-image-height-wrapper expandable article-image-height-wrapper-new\" data-customhandled=\"true\" data-t=\"{&quot;n&quot;:&quot;OpenModalButton&quot;,&quot;a&quot;:&quot;click&quot;,&quot;b&quot;:1,&quot;c.i&quot;:&quot;AA1UYOe2&quot;,&quot;c.l&quot;:false,&quot;c.t&quot;:13,&quot;c.v&quot;:&quot;news&quot;,&quot;c.c&quot;:&quot;newsworld&quot;,&quot;c.b&quot;:&quot;El Imparcial&quot;,&quot;c.bi&quot;:&quot;AA1eZf82&quot;,&quot;c.tv&quot;:&quot;public-safety-and-emergencies&quot;,&quot;c.tc&quot;:&quot;natural-disasters&quot;,&quot;c.hl&quot;:&quot;Tormenta invernal en Estados Unidos deja dos muertos por hipotermia y m\u00e1s de 700 mil hogares sin luz en medio de fr\u00edo extremo&quot;}\"><img decoding=\"async\" class=\"article-image article-image-ux-impr article-image-new expandable\" title=\"Kristi Noem pide prohibici\u00f3n total de viajes tras ataque de inmigrante afgano; Trump congela solicitudes de asilo\" src=\"https:\/\/img-s-msn-com.akamaized.net\/tenant\/amp\/entityid\/AA1RzsJr.img?w=768&amp;h=513&amp;m=6&amp;x=532&amp;y=223&amp;s=154&amp;d=154\" alt=\"Kristi Noem pide prohibici\u00f3n total de viajes tras ataque de inmigrante afgano; Trump congela solicitudes de asilo\" \/><\/button><\/p>\n<div class=\"image-caption-container image-caption-container-ux-impr articlewc-image-caption-container\"><\/div>\n<\/div>\n<\/div>\n<\/div>\n<p data-t=\"{&quot;n&quot;:&quot;blueLinks&quot;,&quot;t&quot;:13,&quot;a&quot;:&quot;click&quot;,&quot;b&quot;:76}\">Ante la magnitud del fen\u00f3meno, la\u00a0<b>secretaria de Seguridad Nacional, Kristi Noem<\/b>, pidi\u00f3 a la poblaci\u00f3n de los\u00a0<b>m\u00e1s de 20 estados que activaron protocolos de emergencia<\/b>\u00a0que\u00a0<b>evite salir de casa<\/b>.<\/p>\n<p data-t=\"{&quot;n&quot;:&quot;blueLinks&quot;,&quot;t&quot;:13,&quot;a&quot;:&quot;click&quot;,&quot;b&quot;:76}\">Tambi\u00e9n asegur\u00f3 que\u00a0<b>el Gobierno Federal est\u00e1 cooperando con los estados y compa\u00f1\u00edas el\u00e9ctricas<\/b>\u00a0para\u00a0<b>agilizar las reparaciones de la red el\u00e9ctrica<\/b>, ante el fr\u00edo m\u00e1s intenso que se espera en las pr\u00f3ximas horas.<\/p>\n<p data-t=\"{&quot;n&quot;:&quot;blueLinks&quot;,&quot;t&quot;:13,&quot;a&quot;:&quot;click&quot;,&quot;b&quot;:76}\">Las autoridades insisten en que la poblaci\u00f3n\u00a0<b>permanezca informada<\/b>, limite traslados innecesarios y proteja especialmente a\u00a0<b>ni\u00f1os, personas mayores y personas en situaci\u00f3n vulnerable<\/b>\u00a0frente al fr\u00edo extremo.<\/p>\n<p data-t=\"{&quot;n&quot;:&quot;blueLinks&quot;,&quot;t&quot;:13,&quot;a&quot;:&quot;click&quot;,&quot;b&quot;:76}\">Con Informaci\u00f3n de: <a href=\"https:\/\/www.msn.com\/es-mx\/noticias\/mundo\/tormenta-invernal-en-estados-unidos-deja-dos-muertos-por-hipotermia-y-m%C3%A1s-de-700-mil-hogares-sin-luz-en-medio-de-fr%C3%ADo-extremo\/ar-AA1UYOe2?ocid=msedgntp&amp;pc=HCTS&amp;cvid=69778b36e50142cf92058f4ba9eeb103&amp;ei=25\">Tormenta invernal en Estados Unidos deja dos muertos por hipotermia y m\u00e1s de 700 mil hogares sin luz en medio de fr\u00edo extremo<\/a><\/p>\n","protected":false},"excerpt":{"rendered":"<p>Ante la magnitud del fen\u00f3meno, la\u00a0secretaria de Seguridad Nacional, Kristi Noem, pidi\u00f3 a la poblaci\u00f3n de los\u00a0m\u00e1s de 20 estados que activaron protocolos de emergencia\u00a0que\u00a0evite salir de casa.<\/p>\n","protected":false},"author":1,"featured_media":79321,"comment_status":"closed","ping_status":"closed","sticky":false,"template":"","format":"standard","meta":{"_monsterinsights_skip_tracking":false,"_uf_show_specific_survey":0,"_uf_disable_surveys":false,"footnotes":""},"categories":[36,585],"tags":[816,3965,1923],"class_list":["post-79320","post","type-post","status-publish","format-standard","has-post-thumbnail","hentry","category-el-mundo","category-principal","tag-estados-unidos","tag-louisiana","tag-tormenta-invernal"],"yoast_head":"<!-- This site is optimized with the Yoast SEO plugin v27.5 - https:\/\/yoast.com\/product\/yoast-seo-wordpress\/ -->\n<title>Tormenta invernal en Estados Unidos deja dos muertos por hipotermia y m\u00e1s de 700 mil hogares sin luz - Fer Abrajan<\/title>\n<meta name=\"robots\" content=\"index, follow, max-snippet:-1, max-image-preview:large, max-video-preview:-1\" \/>\n<link rel=\"canonical\" href=\"https:\/\/ferabrajan.com\/portal\/2026\/01\/26\/tormenta-invernal-en-estados-unidos-deja-dos-muertos-por-hipotermia-y-mas-de-700-mil-hogares-sin-luz\/\" \/>\n<meta property=\"og:locale\" content=\"es_ES\" \/>\n<meta property=\"og:type\" content=\"article\" \/>\n<meta property=\"og:title\" content=\"Tormenta invernal en Estados Unidos deja dos muertos por hipotermia y m\u00e1s de 700 mil hogares sin luz - Fer Abrajan\" \/>\n<meta property=\"og:description\" content=\"Ante la magnitud del fen\u00f3meno, la\u00a0secretaria de Seguridad Nacional, Kristi Noem, pidi\u00f3 a la poblaci\u00f3n de los\u00a0m\u00e1s de 20 estados que activaron protocolos de emergencia\u00a0que\u00a0evite salir de casa.\" \/>\n<meta property=\"og:url\" content=\"https:\/\/ferabrajan.com\/portal\/2026\/01\/26\/tormenta-invernal-en-estados-unidos-deja-dos-muertos-por-hipotermia-y-mas-de-700-mil-hogares-sin-luz\/\" \/>\n<meta property=\"og:site_name\" content=\"Fer Abrajan\" \/>\n<meta property=\"article:publisher\" content=\"https:\/\/www.facebook.com\/NoticiasconFerAbrajan\/\" \/>\n<meta property=\"article:published_time\" content=\"2026-01-26T16:19:13+00:00\" \/>\n<meta property=\"og:image\" content=\"https:\/\/ferabrajan.com\/portal\/wp-content\/uploads\/2026\/01\/AA1QX1xt.jpg\" \/>\n\t<meta property=\"og:image:width\" content=\"768\" \/>\n\t<meta property=\"og:image:height\" content=\"512\" \/>\n\t<meta property=\"og:image:type\" content=\"image\/jpeg\" \/>\n<meta name=\"author\" content=\"admin\" \/>\n<meta name=\"twitter:card\" content=\"summary_large_image\" \/>\n<meta name=\"twitter:creator\" content=\"@ferabrajan1\" \/>\n<meta name=\"twitter:site\" content=\"@ferabrajan1\" \/>\n<meta name=\"twitter:label1\" content=\"Escrito por\" \/>\n\t<meta name=\"twitter:data1\" content=\"admin\" \/>\n\t<meta name=\"twitter:label2\" content=\"Tiempo de lectura\" \/>\n\t<meta name=\"twitter:data2\" content=\"4 minutos\" \/>\n<script type=\"application\/ld+json\" class=\"yoast-schema-graph\">{\"@context\":\"https:\\\/\\\/schema.org\",\"@graph\":[{\"@type\":\"Article\",\"@id\":\"https:\\\/\\\/ferabrajan.com\\\/portal\\\/2026\\\/01\\\/26\\\/tormenta-invernal-en-estados-unidos-deja-dos-muertos-por-hipotermia-y-mas-de-700-mil-hogares-sin-luz\\\/#article\",\"isPartOf\":{\"@id\":\"https:\\\/\\\/ferabrajan.com\\\/portal\\\/2026\\\/01\\\/26\\\/tormenta-invernal-en-estados-unidos-deja-dos-muertos-por-hipotermia-y-mas-de-700-mil-hogares-sin-luz\\\/\"},\"author\":{\"name\":\"admin\",\"@id\":\"https:\\\/\\\/ferabrajan.com\\\/portal\\\/#\\\/schema\\\/person\\\/f6113b3cb1e036d5c6a9505685b257ba\"},\"headline\":\"Tormenta invernal en Estados Unidos deja dos muertos por hipotermia y m\u00e1s de 700 mil hogares sin luz\",\"datePublished\":\"2026-01-26T16:19:13+00:00\",\"mainEntityOfPage\":{\"@id\":\"https:\\\/\\\/ferabrajan.com\\\/portal\\\/2026\\\/01\\\/26\\\/tormenta-invernal-en-estados-unidos-deja-dos-muertos-por-hipotermia-y-mas-de-700-mil-hogares-sin-luz\\\/\"},\"wordCount\":579,\"publisher\":{\"@id\":\"https:\\\/\\\/ferabrajan.com\\\/portal\\\/#organization\"},\"image\":{\"@id\":\"https:\\\/\\\/ferabrajan.com\\\/portal\\\/2026\\\/01\\\/26\\\/tormenta-invernal-en-estados-unidos-deja-dos-muertos-por-hipotermia-y-mas-de-700-mil-hogares-sin-luz\\\/#primaryimage\"},\"thumbnailUrl\":\"https:\\\/\\\/ferabrajan.com\\\/portal\\\/wp-content\\\/uploads\\\/2026\\\/01\\\/AA1QX1xt.jpg\",\"keywords\":[\"estados unidos\",\"Louisiana\",\"Tormenta Invernal\"],\"articleSection\":[\"El Mundo\",\"Principal\"],\"inLanguage\":\"es\"},{\"@type\":\"WebPage\",\"@id\":\"https:\\\/\\\/ferabrajan.com\\\/portal\\\/2026\\\/01\\\/26\\\/tormenta-invernal-en-estados-unidos-deja-dos-muertos-por-hipotermia-y-mas-de-700-mil-hogares-sin-luz\\\/\",\"url\":\"https:\\\/\\\/ferabrajan.com\\\/portal\\\/2026\\\/01\\\/26\\\/tormenta-invernal-en-estados-unidos-deja-dos-muertos-por-hipotermia-y-mas-de-700-mil-hogares-sin-luz\\\/\",\"name\":\"Tormenta invernal en Estados Unidos deja dos muertos por hipotermia y m\u00e1s de 700 mil hogares sin luz - Fer Abrajan\",\"isPartOf\":{\"@id\":\"https:\\\/\\\/ferabrajan.com\\\/portal\\\/#website\"},\"primaryImageOfPage\":{\"@id\":\"https:\\\/\\\/ferabrajan.com\\\/portal\\\/2026\\\/01\\\/26\\\/tormenta-invernal-en-estados-unidos-deja-dos-muertos-por-hipotermia-y-mas-de-700-mil-hogares-sin-luz\\\/#primaryimage\"},\"image\":{\"@id\":\"https:\\\/\\\/ferabrajan.com\\\/portal\\\/2026\\\/01\\\/26\\\/tormenta-invernal-en-estados-unidos-deja-dos-muertos-por-hipotermia-y-mas-de-700-mil-hogares-sin-luz\\\/#primaryimage\"},\"thumbnailUrl\":\"https:\\\/\\\/ferabrajan.com\\\/portal\\\/wp-content\\\/uploads\\\/2026\\\/01\\\/AA1QX1xt.jpg\",\"datePublished\":\"2026-01-26T16:19:13+00:00\",\"breadcrumb\":{\"@id\":\"https:\\\/\\\/ferabrajan.com\\\/portal\\\/2026\\\/01\\\/26\\\/tormenta-invernal-en-estados-unidos-deja-dos-muertos-por-hipotermia-y-mas-de-700-mil-hogares-sin-luz\\\/#breadcrumb\"},\"inLanguage\":\"es\",\"potentialAction\":[{\"@type\":\"ReadAction\",\"target\":[\"https:\\\/\\\/ferabrajan.com\\\/portal\\\/2026\\\/01\\\/26\\\/tormenta-invernal-en-estados-unidos-deja-dos-muertos-por-hipotermia-y-mas-de-700-mil-hogares-sin-luz\\\/\"]}]},{\"@type\":\"ImageObject\",\"inLanguage\":\"es\",\"@id\":\"https:\\\/\\\/ferabrajan.com\\\/portal\\\/2026\\\/01\\\/26\\\/tormenta-invernal-en-estados-unidos-deja-dos-muertos-por-hipotermia-y-mas-de-700-mil-hogares-sin-luz\\\/#primaryimage\",\"url\":\"https:\\\/\\\/ferabrajan.com\\\/portal\\\/wp-content\\\/uploads\\\/2026\\\/01\\\/AA1QX1xt.jpg\",\"contentUrl\":\"https:\\\/\\\/ferabrajan.com\\\/portal\\\/wp-content\\\/uploads\\\/2026\\\/01\\\/AA1QX1xt.jpg\",\"width\":768,\"height\":512},{\"@type\":\"BreadcrumbList\",\"@id\":\"https:\\\/\\\/ferabrajan.com\\\/portal\\\/2026\\\/01\\\/26\\\/tormenta-invernal-en-estados-unidos-deja-dos-muertos-por-hipotermia-y-mas-de-700-mil-hogares-sin-luz\\\/#breadcrumb\",\"itemListElement\":[{\"@type\":\"ListItem\",\"position\":1,\"name\":\"Portada\",\"item\":\"https:\\\/\\\/ferabrajan.com\\\/portal\\\/\"},{\"@type\":\"ListItem\",\"position\":2,\"name\":\"Tormenta invernal en Estados Unidos deja dos muertos por hipotermia y m\u00e1s de 700 mil hogares sin luz\"}]},{\"@type\":\"WebSite\",\"@id\":\"https:\\\/\\\/ferabrajan.com\\\/portal\\\/#website\",\"url\":\"https:\\\/\\\/ferabrajan.com\\\/portal\\\/\",\"name\":\"Fer Abrajan\",\"description\":\"Noticias de Puebla, opini\u00f3n y radio en vivo\",\"publisher\":{\"@id\":\"https:\\\/\\\/ferabrajan.com\\\/portal\\\/#organization\"},\"potentialAction\":[{\"@type\":\"SearchAction\",\"target\":{\"@type\":\"EntryPoint\",\"urlTemplate\":\"https:\\\/\\\/ferabrajan.com\\\/portal\\\/?s={search_term_string}\"},\"query-input\":{\"@type\":\"PropertyValueSpecification\",\"valueRequired\":true,\"valueName\":\"search_term_string\"}}],\"inLanguage\":\"es\"},{\"@type\":\"Organization\",\"@id\":\"https:\\\/\\\/ferabrajan.com\\\/portal\\\/#organization\",\"name\":\"Fer Abrajan\",\"url\":\"https:\\\/\\\/ferabrajan.com\\\/portal\\\/\",\"logo\":{\"@type\":\"ImageObject\",\"inLanguage\":\"es\",\"@id\":\"https:\\\/\\\/ferabrajan.com\\\/portal\\\/#\\\/schema\\\/logo\\\/image\\\/\",\"url\":\"https:\\\/\\\/ferabrajan.com\\\/portal\\\/wp-content\\\/uploads\\\/2024\\\/10\\\/cropped-logo.jpeg\",\"contentUrl\":\"https:\\\/\\\/ferabrajan.com\\\/portal\\\/wp-content\\\/uploads\\\/2024\\\/10\\\/cropped-logo.jpeg\",\"width\":500,\"height\":250,\"caption\":\"Fer Abrajan\"},\"image\":{\"@id\":\"https:\\\/\\\/ferabrajan.com\\\/portal\\\/#\\\/schema\\\/logo\\\/image\\\/\"},\"sameAs\":[\"https:\\\/\\\/www.facebook.com\\\/NoticiasconFerAbrajan\\\/\",\"https:\\\/\\\/x.com\\\/ferabrajan1\"]},{\"@type\":\"Person\",\"@id\":\"https:\\\/\\\/ferabrajan.com\\\/portal\\\/#\\\/schema\\\/person\\\/f6113b3cb1e036d5c6a9505685b257ba\",\"name\":\"admin\",\"image\":{\"@type\":\"ImageObject\",\"inLanguage\":\"es\",\"@id\":\"https:\\\/\\\/secure.gravatar.com\\\/avatar\\\/072baa72775aad53c748dfc5d3048578e01b6c087eef335459ebfa04344e2d18?s=96&d=mm&r=g\",\"url\":\"https:\\\/\\\/secure.gravatar.com\\\/avatar\\\/072baa72775aad53c748dfc5d3048578e01b6c087eef335459ebfa04344e2d18?s=96&d=mm&r=g\",\"contentUrl\":\"https:\\\/\\\/secure.gravatar.com\\\/avatar\\\/072baa72775aad53c748dfc5d3048578e01b6c087eef335459ebfa04344e2d18?s=96&d=mm&r=g\",\"caption\":\"admin\"},\"sameAs\":[\"https:\\\/\\\/ferabrajan.com\\\/portal\"],\"url\":\"https:\\\/\\\/ferabrajan.com\\\/portal\\\/author\\\/admin\\\/\"}]}<\/script>\n<!-- \/ Yoast SEO plugin. -->","yoast_head_json":{"title":"Tormenta invernal en Estados Unidos deja dos muertos por hipotermia y m\u00e1s de 700 mil hogares sin luz - Fer Abrajan","robots":{"index":"index","follow":"follow","max-snippet":"max-snippet:-1","max-image-preview":"max-image-preview:large","max-video-preview":"max-video-preview:-1"},"canonical":"https:\/\/ferabrajan.com\/portal\/2026\/01\/26\/tormenta-invernal-en-estados-unidos-deja-dos-muertos-por-hipotermia-y-mas-de-700-mil-hogares-sin-luz\/","og_locale":"es_ES","og_type":"article","og_title":"Tormenta invernal en Estados Unidos deja dos muertos por hipotermia y m\u00e1s de 700 mil hogares sin luz - Fer Abrajan","og_description":"Ante la magnitud del fen\u00f3meno, la\u00a0secretaria de Seguridad Nacional, Kristi Noem, pidi\u00f3 a la poblaci\u00f3n de los\u00a0m\u00e1s de 20 estados que activaron protocolos de emergencia\u00a0que\u00a0evite salir de casa.","og_url":"https:\/\/ferabrajan.com\/portal\/2026\/01\/26\/tormenta-invernal-en-estados-unidos-deja-dos-muertos-por-hipotermia-y-mas-de-700-mil-hogares-sin-luz\/","og_site_name":"Fer Abrajan","article_publisher":"https:\/\/www.facebook.com\/NoticiasconFerAbrajan\/","article_published_time":"2026-01-26T16:19:13+00:00","og_image":[{"width":768,"height":512,"url":"https:\/\/ferabrajan.com\/portal\/wp-content\/uploads\/2026\/01\/AA1QX1xt.jpg","type":"image\/jpeg"}],"author":"admin","twitter_card":"summary_large_image","twitter_creator":"@ferabrajan1","twitter_site":"@ferabrajan1","twitter_misc":{"Escrito por":"admin","Tiempo de lectura":"4 minutos"},"schema":{"@context":"https:\/\/schema.org","@graph":[{"@type":"Article","@id":"https:\/\/ferabrajan.com\/portal\/2026\/01\/26\/tormenta-invernal-en-estados-unidos-deja-dos-muertos-por-hipotermia-y-mas-de-700-mil-hogares-sin-luz\/#article","isPartOf":{"@id":"https:\/\/ferabrajan.com\/portal\/2026\/01\/26\/tormenta-invernal-en-estados-unidos-deja-dos-muertos-por-hipotermia-y-mas-de-700-mil-hogares-sin-luz\/"},"author":{"name":"admin","@id":"https:\/\/ferabrajan.com\/portal\/#\/schema\/person\/f6113b3cb1e036d5c6a9505685b257ba"},"headline":"Tormenta invernal en Estados Unidos deja dos muertos por hipotermia y m\u00e1s de 700 mil hogares sin luz","datePublished":"2026-01-26T16:19:13+00:00","mainEntityOfPage":{"@id":"https:\/\/ferabrajan.com\/portal\/2026\/01\/26\/tormenta-invernal-en-estados-unidos-deja-dos-muertos-por-hipotermia-y-mas-de-700-mil-hogares-sin-luz\/"},"wordCount":579,"publisher":{"@id":"https:\/\/ferabrajan.com\/portal\/#organization"},"image":{"@id":"https:\/\/ferabrajan.com\/portal\/2026\/01\/26\/tormenta-invernal-en-estados-unidos-deja-dos-muertos-por-hipotermia-y-mas-de-700-mil-hogares-sin-luz\/#primaryimage"},"thumbnailUrl":"https:\/\/ferabrajan.com\/portal\/wp-content\/uploads\/2026\/01\/AA1QX1xt.jpg","keywords":["estados unidos","Louisiana","Tormenta Invernal"],"articleSection":["El Mundo","Principal"],"inLanguage":"es"},{"@type":"WebPage","@id":"https:\/\/ferabrajan.com\/portal\/2026\/01\/26\/tormenta-invernal-en-estados-unidos-deja-dos-muertos-por-hipotermia-y-mas-de-700-mil-hogares-sin-luz\/","url":"https:\/\/ferabrajan.com\/portal\/2026\/01\/26\/tormenta-invernal-en-estados-unidos-deja-dos-muertos-por-hipotermia-y-mas-de-700-mil-hogares-sin-luz\/","name":"Tormenta invernal en Estados Unidos deja dos muertos por hipotermia y m\u00e1s de 700 mil hogares sin luz - Fer Abrajan","isPartOf":{"@id":"https:\/\/ferabrajan.com\/portal\/#website"},"primaryImageOfPage":{"@id":"https:\/\/ferabrajan.com\/portal\/2026\/01\/26\/tormenta-invernal-en-estados-unidos-deja-dos-muertos-por-hipotermia-y-mas-de-700-mil-hogares-sin-luz\/#primaryimage"},"image":{"@id":"https:\/\/ferabrajan.com\/portal\/2026\/01\/26\/tormenta-invernal-en-estados-unidos-deja-dos-muertos-por-hipotermia-y-mas-de-700-mil-hogares-sin-luz\/#primaryimage"},"thumbnailUrl":"https:\/\/ferabrajan.com\/portal\/wp-content\/uploads\/2026\/01\/AA1QX1xt.jpg","datePublished":"2026-01-26T16:19:13+00:00","breadcrumb":{"@id":"https:\/\/ferabrajan.com\/portal\/2026\/01\/26\/tormenta-invernal-en-estados-unidos-deja-dos-muertos-por-hipotermia-y-mas-de-700-mil-hogares-sin-luz\/#breadcrumb"},"inLanguage":"es","potentialAction":[{"@type":"ReadAction","target":["https:\/\/ferabrajan.com\/portal\/2026\/01\/26\/tormenta-invernal-en-estados-unidos-deja-dos-muertos-por-hipotermia-y-mas-de-700-mil-hogares-sin-luz\/"]}]},{"@type":"ImageObject","inLanguage":"es","@id":"https:\/\/ferabrajan.com\/portal\/2026\/01\/26\/tormenta-invernal-en-estados-unidos-deja-dos-muertos-por-hipotermia-y-mas-de-700-mil-hogares-sin-luz\/#primaryimage","url":"https:\/\/ferabrajan.com\/portal\/wp-content\/uploads\/2026\/01\/AA1QX1xt.jpg","contentUrl":"https:\/\/ferabrajan.com\/portal\/wp-content\/uploads\/2026\/01\/AA1QX1xt.jpg","width":768,"height":512},{"@type":"BreadcrumbList","@id":"https:\/\/ferabrajan.com\/portal\/2026\/01\/26\/tormenta-invernal-en-estados-unidos-deja-dos-muertos-por-hipotermia-y-mas-de-700-mil-hogares-sin-luz\/#breadcrumb","itemListElement":[{"@type":"ListItem","position":1,"name":"Portada","item":"https:\/\/ferabrajan.com\/portal\/"},{"@type":"ListItem","position":2,"name":"Tormenta invernal en Estados Unidos deja dos muertos por hipotermia y m\u00e1s de 700 mil hogares sin luz"}]},{"@type":"WebSite","@id":"https:\/\/ferabrajan.com\/portal\/#website","url":"https:\/\/ferabrajan.com\/portal\/","name":"Fer Abrajan","description":"Noticias de Puebla, opini\u00f3n y radio en vivo","publisher":{"@id":"https:\/\/ferabrajan.com\/portal\/#organization"},"potentialAction":[{"@type":"SearchAction","target":{"@type":"EntryPoint","urlTemplate":"https:\/\/ferabrajan.com\/portal\/?s={search_term_string}"},"query-input":{"@type":"PropertyValueSpecification","valueRequired":true,"valueName":"search_term_string"}}],"inLanguage":"es"},{"@type":"Organization","@id":"https:\/\/ferabrajan.com\/portal\/#organization","name":"Fer Abrajan","url":"https:\/\/ferabrajan.com\/portal\/","logo":{"@type":"ImageObject","inLanguage":"es","@id":"https:\/\/ferabrajan.com\/portal\/#\/schema\/logo\/image\/","url":"https:\/\/ferabrajan.com\/portal\/wp-content\/uploads\/2024\/10\/cropped-logo.jpeg","contentUrl":"https:\/\/ferabrajan.com\/portal\/wp-content\/uploads\/2024\/10\/cropped-logo.jpeg","width":500,"height":250,"caption":"Fer Abrajan"},"image":{"@id":"https:\/\/ferabrajan.com\/portal\/#\/schema\/logo\/image\/"},"sameAs":["https:\/\/www.facebook.com\/NoticiasconFerAbrajan\/","https:\/\/x.com\/ferabrajan1"]},{"@type":"Person","@id":"https:\/\/ferabrajan.com\/portal\/#\/schema\/person\/f6113b3cb1e036d5c6a9505685b257ba","name":"admin","image":{"@type":"ImageObject","inLanguage":"es","@id":"https:\/\/secure.gravatar.com\/avatar\/072baa72775aad53c748dfc5d3048578e01b6c087eef335459ebfa04344e2d18?s=96&d=mm&r=g","url":"https:\/\/secure.gravatar.com\/avatar\/072baa72775aad53c748dfc5d3048578e01b6c087eef335459ebfa04344e2d18?s=96&d=mm&r=g","contentUrl":"https:\/\/secure.gravatar.com\/avatar\/072baa72775aad53c748dfc5d3048578e01b6c087eef335459ebfa04344e2d18?s=96&d=mm&r=g","caption":"admin"},"sameAs":["https:\/\/ferabrajan.com\/portal"],"url":"https:\/\/ferabrajan.com\/portal\/author\/admin\/"}]}},"_links":{"self":[{"href":"https:\/\/ferabrajan.com\/portal\/wp-json\/wp\/v2\/posts\/79320","targetHints":{"allow":["GET"]}}],"collection":[{"href":"https:\/\/ferabrajan.com\/portal\/wp-json\/wp\/v2\/posts"}],"about":[{"href":"https:\/\/ferabrajan.com\/portal\/wp-json\/wp\/v2\/types\/post"}],"author":[{"embeddable":true,"href":"https:\/\/ferabrajan.com\/portal\/wp-json\/wp\/v2\/users\/1"}],"replies":[{"embeddable":true,"href":"https:\/\/ferabrajan.com\/portal\/wp-json\/wp\/v2\/comments?post=79320"}],"version-history":[{"count":1,"href":"https:\/\/ferabrajan.com\/portal\/wp-json\/wp\/v2\/posts\/79320\/revisions"}],"predecessor-version":[{"id":79322,"href":"https:\/\/ferabrajan.com\/portal\/wp-json\/wp\/v2\/posts\/79320\/revisions\/79322"}],"wp:featuredmedia":[{"embeddable":true,"href":"https:\/\/ferabrajan.com\/portal\/wp-json\/wp\/v2\/media\/79321"}],"wp:attachment":[{"href":"https:\/\/ferabrajan.com\/portal\/wp-json\/wp\/v2\/media?parent=79320"}],"wp:term":[{"taxonomy":"category","embeddable":true,"href":"https:\/\/ferabrajan.com\/portal\/wp-json\/wp\/v2\/categories?post=79320"},{"taxonomy":"post_tag","embeddable":true,"href":"https:\/\/ferabrajan.com\/portal\/wp-json\/wp\/v2\/tags?post=79320"}],"curies":[{"name":"wp","href":"https:\/\/api.w.org\/{rel}","templated":true}]}}