{"id":79055,"date":"2026-01-14T15:59:01","date_gmt":"2026-01-14T15:59:01","guid":{"rendered":"https:\/\/ferabrajan.com\/portal\/?p=79055"},"modified":"2026-01-14T15:59:01","modified_gmt":"2026-01-14T15:59:01","slug":"puebla-acelera-rumbo-al-silicon-valley-mexicano-con-auto-olinia-y-laboratorios-de-ia","status":"publish","type":"post","link":"https:\/\/ferabrajan.com\/portal\/2026\/01\/14\/puebla-acelera-rumbo-al-silicon-valley-mexicano-con-auto-olinia-y-laboratorios-de-ia\/","title":{"rendered":"Puebla acelera rumbo al Silicon Valley mexicano con auto Olinia y laboratorios de IA"},"content":{"rendered":"<p data-start=\"298\" data-end=\"543\">Puebla avanza con paso firme en la construcci\u00f3n de un ecosistema tecnol\u00f3gico de alto nivel, con proyectos estrat\u00e9gicos que buscan posicionar al estado como referente nacional en innovaci\u00f3n, electromovilidad e inteligencia artificial.<\/p>\n<p data-start=\"545\" data-end=\"931\">En entrevista con <strong data-start=\"563\" data-end=\"578\">Fer Abraj\u00e1n<\/strong>, en el <strong data-start=\"586\" data-end=\"623\">Informativo NTR de W Radio Puebla<\/strong>, la secretaria de Ciencia, Humanidades, Tecnolog\u00eda e Innovaci\u00f3n, <strong data-start=\"689\" data-end=\"711\">Celina Pe\u00f1a Guzm\u00e1n<\/strong>, revel\u00f3 que ya se cuenta con el <strong data-start=\"744\" data-end=\"782\">prototipo del auto mexicano Olinia<\/strong>, cuya l\u00ednea de producci\u00f3n est\u00e1 proyectada para <strong data-start=\"830\" data-end=\"838\">2027<\/strong>, y actualmente se trabaja en la fase de preparaci\u00f3n para responder a la demanda del mercado.<\/p>\n<p data-start=\"933\" data-end=\"1262\">La funcionaria explic\u00f3 que el ecosistema tecnol\u00f3gico en Puebla se encuentra en proceso de consolidaci\u00f3n, con el desarrollo de una <strong data-start=\"1063\" data-end=\"1090\">casa de semiconductores<\/strong>, as\u00ed como la construcci\u00f3n de un <strong data-start=\"1123\" data-end=\"1165\">laboratorio de Inteligencia Artificial<\/strong>, en coordinaci\u00f3n con el Gobierno de Sonora, como parte de una estrategia nacional de innovaci\u00f3n.<\/p>\n<p data-start=\"933\" data-end=\"1262\"><img fetchpriority=\"high\" decoding=\"async\" class=\"alignnone size-medium wp-image-79056\" src=\"https:\/\/ferabrajan.com\/portal\/wp-content\/uploads\/2026\/01\/b92571cd-693b-42ca-bec6-cb947855483b-300x171.jpg\" alt=\"\" width=\"300\" height=\"171\" srcset=\"https:\/\/ferabrajan.com\/portal\/wp-content\/uploads\/2026\/01\/b92571cd-693b-42ca-bec6-cb947855483b-300x171.jpg 300w, https:\/\/ferabrajan.com\/portal\/wp-content\/uploads\/2026\/01\/b92571cd-693b-42ca-bec6-cb947855483b-1024x584.jpg 1024w, https:\/\/ferabrajan.com\/portal\/wp-content\/uploads\/2026\/01\/b92571cd-693b-42ca-bec6-cb947855483b-768x438.jpg 768w, https:\/\/ferabrajan.com\/portal\/wp-content\/uploads\/2026\/01\/b92571cd-693b-42ca-bec6-cb947855483b-1536x876.jpg 1536w, https:\/\/ferabrajan.com\/portal\/wp-content\/uploads\/2026\/01\/b92571cd-693b-42ca-bec6-cb947855483b.jpg 1600w\" sizes=\"(max-width: 300px) 100vw, 300px\" \/><\/p>\n<p data-start=\"1264\" data-end=\"1649\">Pe\u00f1a Guzm\u00e1n subray\u00f3 que para que Puebla se convierta en el <strong data-start=\"1323\" data-end=\"1350\">Silicon Valley del pa\u00eds<\/strong>, es indispensable fortalecer el <strong data-start=\"1383\" data-end=\"1409\">SEDAN II de tecnolog\u00eda<\/strong>, un esquema que permitir\u00e1 integrar a las nuevas generaciones al desarrollo cient\u00edfico y tecnol\u00f3gico, con una oferta educativa respaldada por <strong data-start=\"1551\" data-end=\"1584\">alrededor de 25 universidades<\/strong>, que trabajan de manera coordinada en beneficio de la comunidad.<\/p>\n<p data-start=\"1651\" data-end=\"1948\">Finalmente, destac\u00f3 que estos esfuerzos tienen como objetivo avanzar hacia una <strong data-start=\"1730\" data-end=\"1755\">soberan\u00eda tecnol\u00f3gica<\/strong>, reorientar el rumbo del pa\u00eds y generar oportunidades para que las y los j\u00f3venes participen activamente en proyectos de alto impacto que fortalezcan el desarrollo econ\u00f3mico y social de M\u00e9xico.<\/p>\n","protected":false},"excerpt":{"rendered":"<p>Pe\u00f1a Guzm\u00e1n subray\u00f3 que para que Puebla se convierta en el Silicon Valley del pa\u00eds, es indispensable fortalecer el SEDAN II de tecnolog\u00eda,<\/p>\n","protected":false},"author":1,"featured_media":79057,"comment_status":"closed","ping_status":"closed","sticky":false,"template":"","format":"standard","meta":{"_monsterinsights_skip_tracking":false,"_uf_show_specific_survey":0,"_uf_disable_surveys":false,"footnotes":""},"categories":[585,34],"tags":[3353,3876,3877],"class_list":["post-79055","post","type-post","status-publish","format-standard","has-post-thumbnail","hentry","category-principal","category-puebla","tag-celina-pena-guzman","tag-recnologia","tag-soberania-tecnologica"],"yoast_head":"<!-- This site is optimized with the Yoast SEO plugin v27.5 - https:\/\/yoast.com\/product\/yoast-seo-wordpress\/ -->\n<title>Puebla acelera rumbo al Silicon Valley mexicano con auto Olinia y laboratorios de IA - Fer Abrajan<\/title>\n<meta name=\"robots\" content=\"index, follow, max-snippet:-1, max-image-preview:large, max-video-preview:-1\" \/>\n<link rel=\"canonical\" href=\"https:\/\/ferabrajan.com\/portal\/2026\/01\/14\/puebla-acelera-rumbo-al-silicon-valley-mexicano-con-auto-olinia-y-laboratorios-de-ia\/\" \/>\n<meta property=\"og:locale\" content=\"es_ES\" \/>\n<meta property=\"og:type\" content=\"article\" \/>\n<meta property=\"og:title\" content=\"Puebla acelera rumbo al Silicon Valley mexicano con auto Olinia y laboratorios de IA - Fer Abrajan\" \/>\n<meta property=\"og:description\" content=\"Pe\u00f1a Guzm\u00e1n subray\u00f3 que para que Puebla se convierta en el Silicon Valley del pa\u00eds, es indispensable fortalecer el SEDAN II de tecnolog\u00eda,\" \/>\n<meta property=\"og:url\" content=\"https:\/\/ferabrajan.com\/portal\/2026\/01\/14\/puebla-acelera-rumbo-al-silicon-valley-mexicano-con-auto-olinia-y-laboratorios-de-ia\/\" \/>\n<meta property=\"og:site_name\" content=\"Fer Abrajan\" \/>\n<meta property=\"article:publisher\" content=\"https:\/\/www.facebook.com\/NoticiasconFerAbrajan\/\" \/>\n<meta property=\"article:published_time\" content=\"2026-01-14T15:59:01+00:00\" \/>\n<meta property=\"og:image\" content=\"https:\/\/ferabrajan.com\/portal\/wp-content\/uploads\/2026\/01\/WhatsApp-Image-2026-01-14-at-9.46.31-AM.jpeg\" \/>\n\t<meta property=\"og:image:width\" content=\"1280\" \/>\n\t<meta property=\"og:image:height\" content=\"720\" \/>\n\t<meta property=\"og:image:type\" content=\"image\/jpeg\" \/>\n<meta name=\"author\" content=\"admin\" \/>\n<meta name=\"twitter:card\" content=\"summary_large_image\" \/>\n<meta name=\"twitter:creator\" content=\"@ferabrajan1\" \/>\n<meta name=\"twitter:site\" content=\"@ferabrajan1\" \/>\n<meta name=\"twitter:label1\" content=\"Escrito por\" \/>\n\t<meta name=\"twitter:data1\" content=\"admin\" \/>\n\t<meta name=\"twitter:label2\" content=\"Tiempo de lectura\" \/>\n\t<meta name=\"twitter:data2\" content=\"2 minutos\" \/>\n<script type=\"application\/ld+json\" class=\"yoast-schema-graph\">{\"@context\":\"https:\\\/\\\/schema.org\",\"@graph\":[{\"@type\":\"Article\",\"@id\":\"https:\\\/\\\/ferabrajan.com\\\/portal\\\/2026\\\/01\\\/14\\\/puebla-acelera-rumbo-al-silicon-valley-mexicano-con-auto-olinia-y-laboratorios-de-ia\\\/#article\",\"isPartOf\":{\"@id\":\"https:\\\/\\\/ferabrajan.com\\\/portal\\\/2026\\\/01\\\/14\\\/puebla-acelera-rumbo-al-silicon-valley-mexicano-con-auto-olinia-y-laboratorios-de-ia\\\/\"},\"author\":{\"name\":\"admin\",\"@id\":\"https:\\\/\\\/ferabrajan.com\\\/portal\\\/#\\\/schema\\\/person\\\/f6113b3cb1e036d5c6a9505685b257ba\"},\"headline\":\"Puebla acelera rumbo al Silicon Valley mexicano con auto Olinia y laboratorios de IA\",\"datePublished\":\"2026-01-14T15:59:01+00:00\",\"mainEntityOfPage\":{\"@id\":\"https:\\\/\\\/ferabrajan.com\\\/portal\\\/2026\\\/01\\\/14\\\/puebla-acelera-rumbo-al-silicon-valley-mexicano-con-auto-olinia-y-laboratorios-de-ia\\\/\"},\"wordCount\":281,\"publisher\":{\"@id\":\"https:\\\/\\\/ferabrajan.com\\\/portal\\\/#organization\"},\"image\":{\"@id\":\"https:\\\/\\\/ferabrajan.com\\\/portal\\\/2026\\\/01\\\/14\\\/puebla-acelera-rumbo-al-silicon-valley-mexicano-con-auto-olinia-y-laboratorios-de-ia\\\/#primaryimage\"},\"thumbnailUrl\":\"https:\\\/\\\/ferabrajan.com\\\/portal\\\/wp-content\\\/uploads\\\/2026\\\/01\\\/WhatsApp-Image-2026-01-14-at-9.46.31-AM.jpeg\",\"keywords\":[\"Celina Pe\u00f1a Guzm\u00e1n\",\"Recnolog\u00eda\",\"soberan\u00eda tecnol\u00f3gica\"],\"articleSection\":[\"Principal\",\"Puebla\"],\"inLanguage\":\"es\"},{\"@type\":\"WebPage\",\"@id\":\"https:\\\/\\\/ferabrajan.com\\\/portal\\\/2026\\\/01\\\/14\\\/puebla-acelera-rumbo-al-silicon-valley-mexicano-con-auto-olinia-y-laboratorios-de-ia\\\/\",\"url\":\"https:\\\/\\\/ferabrajan.com\\\/portal\\\/2026\\\/01\\\/14\\\/puebla-acelera-rumbo-al-silicon-valley-mexicano-con-auto-olinia-y-laboratorios-de-ia\\\/\",\"name\":\"Puebla acelera rumbo al Silicon Valley mexicano con auto Olinia y laboratorios de IA - Fer Abrajan\",\"isPartOf\":{\"@id\":\"https:\\\/\\\/ferabrajan.com\\\/portal\\\/#website\"},\"primaryImageOfPage\":{\"@id\":\"https:\\\/\\\/ferabrajan.com\\\/portal\\\/2026\\\/01\\\/14\\\/puebla-acelera-rumbo-al-silicon-valley-mexicano-con-auto-olinia-y-laboratorios-de-ia\\\/#primaryimage\"},\"image\":{\"@id\":\"https:\\\/\\\/ferabrajan.com\\\/portal\\\/2026\\\/01\\\/14\\\/puebla-acelera-rumbo-al-silicon-valley-mexicano-con-auto-olinia-y-laboratorios-de-ia\\\/#primaryimage\"},\"thumbnailUrl\":\"https:\\\/\\\/ferabrajan.com\\\/portal\\\/wp-content\\\/uploads\\\/2026\\\/01\\\/WhatsApp-Image-2026-01-14-at-9.46.31-AM.jpeg\",\"datePublished\":\"2026-01-14T15:59:01+00:00\",\"breadcrumb\":{\"@id\":\"https:\\\/\\\/ferabrajan.com\\\/portal\\\/2026\\\/01\\\/14\\\/puebla-acelera-rumbo-al-silicon-valley-mexicano-con-auto-olinia-y-laboratorios-de-ia\\\/#breadcrumb\"},\"inLanguage\":\"es\",\"potentialAction\":[{\"@type\":\"ReadAction\",\"target\":[\"https:\\\/\\\/ferabrajan.com\\\/portal\\\/2026\\\/01\\\/14\\\/puebla-acelera-rumbo-al-silicon-valley-mexicano-con-auto-olinia-y-laboratorios-de-ia\\\/\"]}]},{\"@type\":\"ImageObject\",\"inLanguage\":\"es\",\"@id\":\"https:\\\/\\\/ferabrajan.com\\\/portal\\\/2026\\\/01\\\/14\\\/puebla-acelera-rumbo-al-silicon-valley-mexicano-con-auto-olinia-y-laboratorios-de-ia\\\/#primaryimage\",\"url\":\"https:\\\/\\\/ferabrajan.com\\\/portal\\\/wp-content\\\/uploads\\\/2026\\\/01\\\/WhatsApp-Image-2026-01-14-at-9.46.31-AM.jpeg\",\"contentUrl\":\"https:\\\/\\\/ferabrajan.com\\\/portal\\\/wp-content\\\/uploads\\\/2026\\\/01\\\/WhatsApp-Image-2026-01-14-at-9.46.31-AM.jpeg\",\"width\":1280,\"height\":720},{\"@type\":\"BreadcrumbList\",\"@id\":\"https:\\\/\\\/ferabrajan.com\\\/portal\\\/2026\\\/01\\\/14\\\/puebla-acelera-rumbo-al-silicon-valley-mexicano-con-auto-olinia-y-laboratorios-de-ia\\\/#breadcrumb\",\"itemListElement\":[{\"@type\":\"ListItem\",\"position\":1,\"name\":\"Portada\",\"item\":\"https:\\\/\\\/ferabrajan.com\\\/portal\\\/\"},{\"@type\":\"ListItem\",\"position\":2,\"name\":\"Puebla acelera rumbo al Silicon Valley mexicano con auto Olinia y laboratorios de IA\"}]},{\"@type\":\"WebSite\",\"@id\":\"https:\\\/\\\/ferabrajan.com\\\/portal\\\/#website\",\"url\":\"https:\\\/\\\/ferabrajan.com\\\/portal\\\/\",\"name\":\"Fer Abrajan\",\"description\":\"Noticias de Puebla, opini\u00f3n y radio en vivo\",\"publisher\":{\"@id\":\"https:\\\/\\\/ferabrajan.com\\\/portal\\\/#organization\"},\"potentialAction\":[{\"@type\":\"SearchAction\",\"target\":{\"@type\":\"EntryPoint\",\"urlTemplate\":\"https:\\\/\\\/ferabrajan.com\\\/portal\\\/?s={search_term_string}\"},\"query-input\":{\"@type\":\"PropertyValueSpecification\",\"valueRequired\":true,\"valueName\":\"search_term_string\"}}],\"inLanguage\":\"es\"},{\"@type\":\"Organization\",\"@id\":\"https:\\\/\\\/ferabrajan.com\\\/portal\\\/#organization\",\"name\":\"Fer Abrajan\",\"url\":\"https:\\\/\\\/ferabrajan.com\\\/portal\\\/\",\"logo\":{\"@type\":\"ImageObject\",\"inLanguage\":\"es\",\"@id\":\"https:\\\/\\\/ferabrajan.com\\\/portal\\\/#\\\/schema\\\/logo\\\/image\\\/\",\"url\":\"https:\\\/\\\/ferabrajan.com\\\/portal\\\/wp-content\\\/uploads\\\/2024\\\/10\\\/cropped-logo.jpeg\",\"contentUrl\":\"https:\\\/\\\/ferabrajan.com\\\/portal\\\/wp-content\\\/uploads\\\/2024\\\/10\\\/cropped-logo.jpeg\",\"width\":500,\"height\":250,\"caption\":\"Fer Abrajan\"},\"image\":{\"@id\":\"https:\\\/\\\/ferabrajan.com\\\/portal\\\/#\\\/schema\\\/logo\\\/image\\\/\"},\"sameAs\":[\"https:\\\/\\\/www.facebook.com\\\/NoticiasconFerAbrajan\\\/\",\"https:\\\/\\\/x.com\\\/ferabrajan1\"]},{\"@type\":\"Person\",\"@id\":\"https:\\\/\\\/ferabrajan.com\\\/portal\\\/#\\\/schema\\\/person\\\/f6113b3cb1e036d5c6a9505685b257ba\",\"name\":\"admin\",\"image\":{\"@type\":\"ImageObject\",\"inLanguage\":\"es\",\"@id\":\"https:\\\/\\\/secure.gravatar.com\\\/avatar\\\/072baa72775aad53c748dfc5d3048578e01b6c087eef335459ebfa04344e2d18?s=96&d=mm&r=g\",\"url\":\"https:\\\/\\\/secure.gravatar.com\\\/avatar\\\/072baa72775aad53c748dfc5d3048578e01b6c087eef335459ebfa04344e2d18?s=96&d=mm&r=g\",\"contentUrl\":\"https:\\\/\\\/secure.gravatar.com\\\/avatar\\\/072baa72775aad53c748dfc5d3048578e01b6c087eef335459ebfa04344e2d18?s=96&d=mm&r=g\",\"caption\":\"admin\"},\"sameAs\":[\"https:\\\/\\\/ferabrajan.com\\\/portal\"],\"url\":\"https:\\\/\\\/ferabrajan.com\\\/portal\\\/author\\\/admin\\\/\"}]}<\/script>\n<!-- \/ Yoast SEO plugin. -->","yoast_head_json":{"title":"Puebla acelera rumbo al Silicon Valley mexicano con auto Olinia y laboratorios de IA - Fer Abrajan","robots":{"index":"index","follow":"follow","max-snippet":"max-snippet:-1","max-image-preview":"max-image-preview:large","max-video-preview":"max-video-preview:-1"},"canonical":"https:\/\/ferabrajan.com\/portal\/2026\/01\/14\/puebla-acelera-rumbo-al-silicon-valley-mexicano-con-auto-olinia-y-laboratorios-de-ia\/","og_locale":"es_ES","og_type":"article","og_title":"Puebla acelera rumbo al Silicon Valley mexicano con auto Olinia y laboratorios de IA - Fer Abrajan","og_description":"Pe\u00f1a Guzm\u00e1n subray\u00f3 que para que Puebla se convierta en el Silicon Valley del pa\u00eds, es indispensable fortalecer el SEDAN II de tecnolog\u00eda,","og_url":"https:\/\/ferabrajan.com\/portal\/2026\/01\/14\/puebla-acelera-rumbo-al-silicon-valley-mexicano-con-auto-olinia-y-laboratorios-de-ia\/","og_site_name":"Fer Abrajan","article_publisher":"https:\/\/www.facebook.com\/NoticiasconFerAbrajan\/","article_published_time":"2026-01-14T15:59:01+00:00","og_image":[{"width":1280,"height":720,"url":"https:\/\/ferabrajan.com\/portal\/wp-content\/uploads\/2026\/01\/WhatsApp-Image-2026-01-14-at-9.46.31-AM.jpeg","type":"image\/jpeg"}],"author":"admin","twitter_card":"summary_large_image","twitter_creator":"@ferabrajan1","twitter_site":"@ferabrajan1","twitter_misc":{"Escrito por":"admin","Tiempo de lectura":"2 minutos"},"schema":{"@context":"https:\/\/schema.org","@graph":[{"@type":"Article","@id":"https:\/\/ferabrajan.com\/portal\/2026\/01\/14\/puebla-acelera-rumbo-al-silicon-valley-mexicano-con-auto-olinia-y-laboratorios-de-ia\/#article","isPartOf":{"@id":"https:\/\/ferabrajan.com\/portal\/2026\/01\/14\/puebla-acelera-rumbo-al-silicon-valley-mexicano-con-auto-olinia-y-laboratorios-de-ia\/"},"author":{"name":"admin","@id":"https:\/\/ferabrajan.com\/portal\/#\/schema\/person\/f6113b3cb1e036d5c6a9505685b257ba"},"headline":"Puebla acelera rumbo al Silicon Valley mexicano con auto Olinia y laboratorios de IA","datePublished":"2026-01-14T15:59:01+00:00","mainEntityOfPage":{"@id":"https:\/\/ferabrajan.com\/portal\/2026\/01\/14\/puebla-acelera-rumbo-al-silicon-valley-mexicano-con-auto-olinia-y-laboratorios-de-ia\/"},"wordCount":281,"publisher":{"@id":"https:\/\/ferabrajan.com\/portal\/#organization"},"image":{"@id":"https:\/\/ferabrajan.com\/portal\/2026\/01\/14\/puebla-acelera-rumbo-al-silicon-valley-mexicano-con-auto-olinia-y-laboratorios-de-ia\/#primaryimage"},"thumbnailUrl":"https:\/\/ferabrajan.com\/portal\/wp-content\/uploads\/2026\/01\/WhatsApp-Image-2026-01-14-at-9.46.31-AM.jpeg","keywords":["Celina Pe\u00f1a Guzm\u00e1n","Recnolog\u00eda","soberan\u00eda tecnol\u00f3gica"],"articleSection":["Principal","Puebla"],"inLanguage":"es"},{"@type":"WebPage","@id":"https:\/\/ferabrajan.com\/portal\/2026\/01\/14\/puebla-acelera-rumbo-al-silicon-valley-mexicano-con-auto-olinia-y-laboratorios-de-ia\/","url":"https:\/\/ferabrajan.com\/portal\/2026\/01\/14\/puebla-acelera-rumbo-al-silicon-valley-mexicano-con-auto-olinia-y-laboratorios-de-ia\/","name":"Puebla acelera rumbo al Silicon Valley mexicano con auto Olinia y laboratorios de IA - Fer Abrajan","isPartOf":{"@id":"https:\/\/ferabrajan.com\/portal\/#website"},"primaryImageOfPage":{"@id":"https:\/\/ferabrajan.com\/portal\/2026\/01\/14\/puebla-acelera-rumbo-al-silicon-valley-mexicano-con-auto-olinia-y-laboratorios-de-ia\/#primaryimage"},"image":{"@id":"https:\/\/ferabrajan.com\/portal\/2026\/01\/14\/puebla-acelera-rumbo-al-silicon-valley-mexicano-con-auto-olinia-y-laboratorios-de-ia\/#primaryimage"},"thumbnailUrl":"https:\/\/ferabrajan.com\/portal\/wp-content\/uploads\/2026\/01\/WhatsApp-Image-2026-01-14-at-9.46.31-AM.jpeg","datePublished":"2026-01-14T15:59:01+00:00","breadcrumb":{"@id":"https:\/\/ferabrajan.com\/portal\/2026\/01\/14\/puebla-acelera-rumbo-al-silicon-valley-mexicano-con-auto-olinia-y-laboratorios-de-ia\/#breadcrumb"},"inLanguage":"es","potentialAction":[{"@type":"ReadAction","target":["https:\/\/ferabrajan.com\/portal\/2026\/01\/14\/puebla-acelera-rumbo-al-silicon-valley-mexicano-con-auto-olinia-y-laboratorios-de-ia\/"]}]},{"@type":"ImageObject","inLanguage":"es","@id":"https:\/\/ferabrajan.com\/portal\/2026\/01\/14\/puebla-acelera-rumbo-al-silicon-valley-mexicano-con-auto-olinia-y-laboratorios-de-ia\/#primaryimage","url":"https:\/\/ferabrajan.com\/portal\/wp-content\/uploads\/2026\/01\/WhatsApp-Image-2026-01-14-at-9.46.31-AM.jpeg","contentUrl":"https:\/\/ferabrajan.com\/portal\/wp-content\/uploads\/2026\/01\/WhatsApp-Image-2026-01-14-at-9.46.31-AM.jpeg","width":1280,"height":720},{"@type":"BreadcrumbList","@id":"https:\/\/ferabrajan.com\/portal\/2026\/01\/14\/puebla-acelera-rumbo-al-silicon-valley-mexicano-con-auto-olinia-y-laboratorios-de-ia\/#breadcrumb","itemListElement":[{"@type":"ListItem","position":1,"name":"Portada","item":"https:\/\/ferabrajan.com\/portal\/"},{"@type":"ListItem","position":2,"name":"Puebla acelera rumbo al Silicon Valley mexicano con auto Olinia y laboratorios de IA"}]},{"@type":"WebSite","@id":"https:\/\/ferabrajan.com\/portal\/#website","url":"https:\/\/ferabrajan.com\/portal\/","name":"Fer Abrajan","description":"Noticias de Puebla, opini\u00f3n y radio en vivo","publisher":{"@id":"https:\/\/ferabrajan.com\/portal\/#organization"},"potentialAction":[{"@type":"SearchAction","target":{"@type":"EntryPoint","urlTemplate":"https:\/\/ferabrajan.com\/portal\/?s={search_term_string}"},"query-input":{"@type":"PropertyValueSpecification","valueRequired":true,"valueName":"search_term_string"}}],"inLanguage":"es"},{"@type":"Organization","@id":"https:\/\/ferabrajan.com\/portal\/#organization","name":"Fer Abrajan","url":"https:\/\/ferabrajan.com\/portal\/","logo":{"@type":"ImageObject","inLanguage":"es","@id":"https:\/\/ferabrajan.com\/portal\/#\/schema\/logo\/image\/","url":"https:\/\/ferabrajan.com\/portal\/wp-content\/uploads\/2024\/10\/cropped-logo.jpeg","contentUrl":"https:\/\/ferabrajan.com\/portal\/wp-content\/uploads\/2024\/10\/cropped-logo.jpeg","width":500,"height":250,"caption":"Fer Abrajan"},"image":{"@id":"https:\/\/ferabrajan.com\/portal\/#\/schema\/logo\/image\/"},"sameAs":["https:\/\/www.facebook.com\/NoticiasconFerAbrajan\/","https:\/\/x.com\/ferabrajan1"]},{"@type":"Person","@id":"https:\/\/ferabrajan.com\/portal\/#\/schema\/person\/f6113b3cb1e036d5c6a9505685b257ba","name":"admin","image":{"@type":"ImageObject","inLanguage":"es","@id":"https:\/\/secure.gravatar.com\/avatar\/072baa72775aad53c748dfc5d3048578e01b6c087eef335459ebfa04344e2d18?s=96&d=mm&r=g","url":"https:\/\/secure.gravatar.com\/avatar\/072baa72775aad53c748dfc5d3048578e01b6c087eef335459ebfa04344e2d18?s=96&d=mm&r=g","contentUrl":"https:\/\/secure.gravatar.com\/avatar\/072baa72775aad53c748dfc5d3048578e01b6c087eef335459ebfa04344e2d18?s=96&d=mm&r=g","caption":"admin"},"sameAs":["https:\/\/ferabrajan.com\/portal"],"url":"https:\/\/ferabrajan.com\/portal\/author\/admin\/"}]}},"_links":{"self":[{"href":"https:\/\/ferabrajan.com\/portal\/wp-json\/wp\/v2\/posts\/79055","targetHints":{"allow":["GET"]}}],"collection":[{"href":"https:\/\/ferabrajan.com\/portal\/wp-json\/wp\/v2\/posts"}],"about":[{"href":"https:\/\/ferabrajan.com\/portal\/wp-json\/wp\/v2\/types\/post"}],"author":[{"embeddable":true,"href":"https:\/\/ferabrajan.com\/portal\/wp-json\/wp\/v2\/users\/1"}],"replies":[{"embeddable":true,"href":"https:\/\/ferabrajan.com\/portal\/wp-json\/wp\/v2\/comments?post=79055"}],"version-history":[{"count":1,"href":"https:\/\/ferabrajan.com\/portal\/wp-json\/wp\/v2\/posts\/79055\/revisions"}],"predecessor-version":[{"id":79058,"href":"https:\/\/ferabrajan.com\/portal\/wp-json\/wp\/v2\/posts\/79055\/revisions\/79058"}],"wp:featuredmedia":[{"embeddable":true,"href":"https:\/\/ferabrajan.com\/portal\/wp-json\/wp\/v2\/media\/79057"}],"wp:attachment":[{"href":"https:\/\/ferabrajan.com\/portal\/wp-json\/wp\/v2\/media?parent=79055"}],"wp:term":[{"taxonomy":"category","embeddable":true,"href":"https:\/\/ferabrajan.com\/portal\/wp-json\/wp\/v2\/categories?post=79055"},{"taxonomy":"post_tag","embeddable":true,"href":"https:\/\/ferabrajan.com\/portal\/wp-json\/wp\/v2\/tags?post=79055"}],"curies":[{"name":"wp","href":"https:\/\/api.w.org\/{rel}","templated":true}]}}