{"id":79052,"date":"2026-01-14T15:52:13","date_gmt":"2026-01-14T15:52:13","guid":{"rendered":"https:\/\/ferabrajan.com\/portal\/?p=79052"},"modified":"2026-01-14T15:52:13","modified_gmt":"2026-01-14T15:52:13","slug":"macron-advierte-de-repercusiones-sin-precedentes-si-la-soberania-de-un-aliado-se-ve-afectada","status":"publish","type":"post","link":"https:\/\/ferabrajan.com\/portal\/2026\/01\/14\/macron-advierte-de-repercusiones-sin-precedentes-si-la-soberania-de-un-aliado-se-ve-afectada\/","title":{"rendered":"Macron advierte de repercusiones sin precedentes si la soberan\u00eda de un aliado se ve afectada"},"content":{"rendered":"<p>PAR\u00cdS, 14 ene (Reuters) &#8211; Si la soberan\u00eda de un pa\u00eds europeo y aliado se viera afectada, los efectos en cadena no tendr\u00edan precedentes, dijo el mi\u00e9rcoles el presidente franc\u00e9s, Emmanuel Macron, durante una reuni\u00f3n de gabinete, en referencia a la presi\u00f3n del mandatario estadounidense, Donald Trump, para tomar el control del territorio \u00e1rtico.<\/p>\n<p data-t=\"{&quot;n&quot;:&quot;blueLinks&quot;,&quot;t&quot;:13,&quot;a&quot;:&quot;click&quot;,&quot;b&quot;:76}\">\u00abNo subestimamos las declaraciones sobre Groenlandia\u00bb, dijo Macron, citado por la portavoz del Gobierno franc\u00e9s, Maud Bregeon.<\/p>\n<p data-t=\"{&quot;n&quot;:&quot;blueLinks&quot;,&quot;t&quot;:13,&quot;a&quot;:&quot;click&quot;,&quot;b&quot;:76}\">\u00abSi la soberan\u00eda de un pa\u00eds europeo y aliado se viera afectada, los efectos en cadena no tendr\u00edan precedentes. Francia sigue muy de cerca la situaci\u00f3n y actuar\u00e1 en plena solidaridad con Dinamarca y su soberan\u00eda\u00bb, a\u00f1adi\u00f3.<\/p>\n<p class=\"continue-read-break\" data-t=\"{&quot;n&quot;:&quot;blueLinks&quot;,&quot;t&quot;:13,&quot;a&quot;:&quot;click&quot;,&quot;b&quot;:76}\">Por su parte, la presidenta de la Comisi\u00f3n Europea, Ursula von der Leyen, afirm\u00f3 que existe una s\u00f3lida relaci\u00f3n entre la Uni\u00f3n Europea y Groenlandia y que los groenlandeses pueden contar con el apoyo del bloque.<\/p>\n<p data-t=\"{&quot;n&quot;:&quot;blueLinks&quot;,&quot;t&quot;:13,&quot;a&quot;:&quot;click&quot;,&quot;b&quot;:76}\">Los ministros de Relaciones Exteriores de Dinamarca y Groenlandia se reunir\u00e1n con el vicepresidente de Estados Unidos, JD Vance, en la Casa Blanca m\u00e1s tarde en el d\u00eda, tras semanas de amenazas de Trump\u00a0a Groenlandia, territorio aut\u00f3nomo de Dinamarca.<\/p>\n<p data-t=\"{&quot;n&quot;:&quot;blueLinks&quot;,&quot;t&quot;:13,&quot;a&quot;:&quot;click&quot;,&quot;b&quot;:76}\">(Reporte de Elizabeth Pineau y Louise Rasmussen; editado en espa\u00f1ol por Carlos Serrano)<\/p>\n<p data-t=\"{&quot;n&quot;:&quot;blueLinks&quot;,&quot;t&quot;:13,&quot;a&quot;:&quot;click&quot;,&quot;b&quot;:76}\">Con Informaci\u00f3n de: <a href=\"https:\/\/www.msn.com\/es-mx\/noticias\/mundo\/macron-advierte-de-repercusiones-sin-precedentes-si-la-soberan%C3%ADa-de-un-aliado-se-ve-afectada\/ar-AA1Uc76K?ocid=msedgntp&amp;pc=HCTS&amp;cvid=6967b8671b644a27ad00ccdf94fa1d11&amp;ei=49\">Macron advierte de repercusiones sin precedentes si la soberan\u00eda de un aliado se ve afectada<\/a><\/p>\n","protected":false},"excerpt":{"rendered":"<p>PAR\u00cdS, 14 ene (Reuters) &#8211; Si la soberan\u00eda de un pa\u00eds europeo y aliado se viera afectada, los efectos en cadena no tendr\u00edan precedentes, dijo el mi\u00e9rcoles el presidente franc\u00e9s, Emmanuel Macron, durante una reuni\u00f3n de gabinete, en referencia a la presi\u00f3n del mandatario estadounidense, Donald Trump, para tomar el control del territorio \u00e1rtico. \u00abNo subestimamos las declaraciones sobre Groenlandia\u00bb, dijo Macron, citado por la portavoz del Gobierno franc\u00e9s, Maud Bregeon. \u00abSi la soberan\u00eda de un pa\u00eds europeo y aliado se viera afectada, los efectos en cadena no tendr\u00edan precedentes. Francia sigue muy de cerca la situaci\u00f3n y actuar\u00e1 en plena solidaridad con Dinamarca y su soberan\u00eda\u00bb, a\u00f1adi\u00f3. Por su parte, la presidenta de la Comisi\u00f3n Europea, Ursula von der Leyen, afirm\u00f3 que existe una s\u00f3lida relaci\u00f3n entre la Uni\u00f3n Europea y Groenlandia y que los groenlandeses pueden contar con el apoyo del bloque. Los ministros de Relaciones Exteriores de Dinamarca y Groenlandia se reunir\u00e1n con el vicepresidente de Estados Unidos, JD Vance, en la Casa Blanca m\u00e1s tarde en el d\u00eda, tras semanas de amenazas de Trump\u00a0a Groenlandia, territorio aut\u00f3nomo de Dinamarca. (Reporte de Elizabeth Pineau y Louise Rasmussen; editado en espa\u00f1ol por Carlos Serrano) Con Informaci\u00f3n de: Macron advierte de repercusiones sin precedentes si la soberan\u00eda de un aliado se ve afectada<\/p>\n","protected":false},"author":1,"featured_media":79053,"comment_status":"closed","ping_status":"closed","sticky":false,"template":"","format":"standard","meta":{"_monsterinsights_skip_tracking":false,"_uf_show_specific_survey":0,"_uf_disable_surveys":false,"footnotes":""},"categories":[36,585],"tags":[1142,2411],"class_list":["post-79052","post","type-post","status-publish","format-standard","has-post-thumbnail","hentry","category-el-mundo","category-principal","tag-donald-trump","tag-emmanuel-macron"],"yoast_head":"<!-- This site is optimized with the Yoast SEO plugin v27.5 - https:\/\/yoast.com\/product\/yoast-seo-wordpress\/ -->\n<title>Macron advierte de repercusiones sin precedentes si la soberan\u00eda de un aliado se ve afectada - Fer Abrajan<\/title>\n<meta name=\"robots\" content=\"index, follow, max-snippet:-1, max-image-preview:large, max-video-preview:-1\" \/>\n<link rel=\"canonical\" href=\"https:\/\/ferabrajan.com\/portal\/2026\/01\/14\/macron-advierte-de-repercusiones-sin-precedentes-si-la-soberania-de-un-aliado-se-ve-afectada\/\" \/>\n<meta property=\"og:locale\" content=\"es_ES\" \/>\n<meta property=\"og:type\" content=\"article\" \/>\n<meta property=\"og:title\" content=\"Macron advierte de repercusiones sin precedentes si la soberan\u00eda de un aliado se ve afectada - Fer Abrajan\" \/>\n<meta property=\"og:description\" content=\"PAR\u00cdS, 14 ene (Reuters) &#8211; Si la soberan\u00eda de un pa\u00eds europeo y aliado se viera afectada, los efectos en cadena no tendr\u00edan precedentes, dijo el mi\u00e9rcoles el presidente franc\u00e9s, Emmanuel Macron, durante una reuni\u00f3n de gabinete, en referencia a la presi\u00f3n del mandatario estadounidense, Donald Trump, para tomar el control del territorio \u00e1rtico. \u00abNo subestimamos las declaraciones sobre Groenlandia\u00bb, dijo Macron, citado por la portavoz del Gobierno franc\u00e9s, Maud Bregeon. \u00abSi la soberan\u00eda de un pa\u00eds europeo y aliado se viera afectada, los efectos en cadena no tendr\u00edan precedentes. Francia sigue muy de cerca la situaci\u00f3n y actuar\u00e1 en plena solidaridad con Dinamarca y su soberan\u00eda\u00bb, a\u00f1adi\u00f3. Por su parte, la presidenta de la Comisi\u00f3n Europea, Ursula von der Leyen, afirm\u00f3 que existe una s\u00f3lida relaci\u00f3n entre la Uni\u00f3n Europea y Groenlandia y que los groenlandeses pueden contar con el apoyo del bloque. Los ministros de Relaciones Exteriores de Dinamarca y Groenlandia se reunir\u00e1n con el vicepresidente de Estados Unidos, JD Vance, en la Casa Blanca m\u00e1s tarde en el d\u00eda, tras semanas de amenazas de Trump\u00a0a Groenlandia, territorio aut\u00f3nomo de Dinamarca. (Reporte de Elizabeth Pineau y Louise Rasmussen; editado en espa\u00f1ol por Carlos Serrano) Con Informaci\u00f3n de: Macron advierte de repercusiones sin precedentes si la soberan\u00eda de un aliado se ve afectada\" \/>\n<meta property=\"og:url\" content=\"https:\/\/ferabrajan.com\/portal\/2026\/01\/14\/macron-advierte-de-repercusiones-sin-precedentes-si-la-soberania-de-un-aliado-se-ve-afectada\/\" \/>\n<meta property=\"og:site_name\" content=\"Fer Abrajan\" \/>\n<meta property=\"article:publisher\" content=\"https:\/\/www.facebook.com\/NoticiasconFerAbrajan\/\" \/>\n<meta property=\"article:published_time\" content=\"2026-01-14T15:52:13+00:00\" \/>\n<meta property=\"og:image\" content=\"https:\/\/ferabrajan.com\/portal\/wp-content\/uploads\/2026\/01\/Captura-de-pantalla_14-1-2026_9415_www.msn_.com_.jpeg\" \/>\n\t<meta property=\"og:image:width\" content=\"758\" \/>\n\t<meta property=\"og:image:height\" content=\"499\" \/>\n\t<meta property=\"og:image:type\" content=\"image\/jpeg\" \/>\n<meta name=\"author\" content=\"admin\" \/>\n<meta name=\"twitter:card\" content=\"summary_large_image\" \/>\n<meta name=\"twitter:creator\" content=\"@ferabrajan1\" \/>\n<meta name=\"twitter:site\" content=\"@ferabrajan1\" \/>\n<meta name=\"twitter:label1\" content=\"Escrito por\" \/>\n\t<meta name=\"twitter:data1\" content=\"admin\" \/>\n\t<meta name=\"twitter:label2\" content=\"Tiempo de lectura\" \/>\n\t<meta name=\"twitter:data2\" content=\"2 minutos\" \/>\n<script type=\"application\/ld+json\" class=\"yoast-schema-graph\">{\"@context\":\"https:\\\/\\\/schema.org\",\"@graph\":[{\"@type\":\"Article\",\"@id\":\"https:\\\/\\\/ferabrajan.com\\\/portal\\\/2026\\\/01\\\/14\\\/macron-advierte-de-repercusiones-sin-precedentes-si-la-soberania-de-un-aliado-se-ve-afectada\\\/#article\",\"isPartOf\":{\"@id\":\"https:\\\/\\\/ferabrajan.com\\\/portal\\\/2026\\\/01\\\/14\\\/macron-advierte-de-repercusiones-sin-precedentes-si-la-soberania-de-un-aliado-se-ve-afectada\\\/\"},\"author\":{\"name\":\"admin\",\"@id\":\"https:\\\/\\\/ferabrajan.com\\\/portal\\\/#\\\/schema\\\/person\\\/f6113b3cb1e036d5c6a9505685b257ba\"},\"headline\":\"Macron advierte de repercusiones sin precedentes si la soberan\u00eda de un aliado se ve afectada\",\"datePublished\":\"2026-01-14T15:52:13+00:00\",\"mainEntityOfPage\":{\"@id\":\"https:\\\/\\\/ferabrajan.com\\\/portal\\\/2026\\\/01\\\/14\\\/macron-advierte-de-repercusiones-sin-precedentes-si-la-soberania-de-un-aliado-se-ve-afectada\\\/\"},\"wordCount\":256,\"publisher\":{\"@id\":\"https:\\\/\\\/ferabrajan.com\\\/portal\\\/#organization\"},\"image\":{\"@id\":\"https:\\\/\\\/ferabrajan.com\\\/portal\\\/2026\\\/01\\\/14\\\/macron-advierte-de-repercusiones-sin-precedentes-si-la-soberania-de-un-aliado-se-ve-afectada\\\/#primaryimage\"},\"thumbnailUrl\":\"https:\\\/\\\/ferabrajan.com\\\/portal\\\/wp-content\\\/uploads\\\/2026\\\/01\\\/Captura-de-pantalla_14-1-2026_9415_www.msn_.com_.jpeg\",\"keywords\":[\"Donald Trump\",\"Emmanuel Macron\"],\"articleSection\":[\"El Mundo\",\"Principal\"],\"inLanguage\":\"es\"},{\"@type\":\"WebPage\",\"@id\":\"https:\\\/\\\/ferabrajan.com\\\/portal\\\/2026\\\/01\\\/14\\\/macron-advierte-de-repercusiones-sin-precedentes-si-la-soberania-de-un-aliado-se-ve-afectada\\\/\",\"url\":\"https:\\\/\\\/ferabrajan.com\\\/portal\\\/2026\\\/01\\\/14\\\/macron-advierte-de-repercusiones-sin-precedentes-si-la-soberania-de-un-aliado-se-ve-afectada\\\/\",\"name\":\"Macron advierte de repercusiones sin precedentes si la soberan\u00eda de un aliado se ve afectada - Fer Abrajan\",\"isPartOf\":{\"@id\":\"https:\\\/\\\/ferabrajan.com\\\/portal\\\/#website\"},\"primaryImageOfPage\":{\"@id\":\"https:\\\/\\\/ferabrajan.com\\\/portal\\\/2026\\\/01\\\/14\\\/macron-advierte-de-repercusiones-sin-precedentes-si-la-soberania-de-un-aliado-se-ve-afectada\\\/#primaryimage\"},\"image\":{\"@id\":\"https:\\\/\\\/ferabrajan.com\\\/portal\\\/2026\\\/01\\\/14\\\/macron-advierte-de-repercusiones-sin-precedentes-si-la-soberania-de-un-aliado-se-ve-afectada\\\/#primaryimage\"},\"thumbnailUrl\":\"https:\\\/\\\/ferabrajan.com\\\/portal\\\/wp-content\\\/uploads\\\/2026\\\/01\\\/Captura-de-pantalla_14-1-2026_9415_www.msn_.com_.jpeg\",\"datePublished\":\"2026-01-14T15:52:13+00:00\",\"breadcrumb\":{\"@id\":\"https:\\\/\\\/ferabrajan.com\\\/portal\\\/2026\\\/01\\\/14\\\/macron-advierte-de-repercusiones-sin-precedentes-si-la-soberania-de-un-aliado-se-ve-afectada\\\/#breadcrumb\"},\"inLanguage\":\"es\",\"potentialAction\":[{\"@type\":\"ReadAction\",\"target\":[\"https:\\\/\\\/ferabrajan.com\\\/portal\\\/2026\\\/01\\\/14\\\/macron-advierte-de-repercusiones-sin-precedentes-si-la-soberania-de-un-aliado-se-ve-afectada\\\/\"]}]},{\"@type\":\"ImageObject\",\"inLanguage\":\"es\",\"@id\":\"https:\\\/\\\/ferabrajan.com\\\/portal\\\/2026\\\/01\\\/14\\\/macron-advierte-de-repercusiones-sin-precedentes-si-la-soberania-de-un-aliado-se-ve-afectada\\\/#primaryimage\",\"url\":\"https:\\\/\\\/ferabrajan.com\\\/portal\\\/wp-content\\\/uploads\\\/2026\\\/01\\\/Captura-de-pantalla_14-1-2026_9415_www.msn_.com_.jpeg\",\"contentUrl\":\"https:\\\/\\\/ferabrajan.com\\\/portal\\\/wp-content\\\/uploads\\\/2026\\\/01\\\/Captura-de-pantalla_14-1-2026_9415_www.msn_.com_.jpeg\",\"width\":758,\"height\":499},{\"@type\":\"BreadcrumbList\",\"@id\":\"https:\\\/\\\/ferabrajan.com\\\/portal\\\/2026\\\/01\\\/14\\\/macron-advierte-de-repercusiones-sin-precedentes-si-la-soberania-de-un-aliado-se-ve-afectada\\\/#breadcrumb\",\"itemListElement\":[{\"@type\":\"ListItem\",\"position\":1,\"name\":\"Portada\",\"item\":\"https:\\\/\\\/ferabrajan.com\\\/portal\\\/\"},{\"@type\":\"ListItem\",\"position\":2,\"name\":\"Macron advierte de repercusiones sin precedentes si la soberan\u00eda de un aliado se ve afectada\"}]},{\"@type\":\"WebSite\",\"@id\":\"https:\\\/\\\/ferabrajan.com\\\/portal\\\/#website\",\"url\":\"https:\\\/\\\/ferabrajan.com\\\/portal\\\/\",\"name\":\"Fer Abrajan\",\"description\":\"Noticias de Puebla, opini\u00f3n y radio en vivo\",\"publisher\":{\"@id\":\"https:\\\/\\\/ferabrajan.com\\\/portal\\\/#organization\"},\"potentialAction\":[{\"@type\":\"SearchAction\",\"target\":{\"@type\":\"EntryPoint\",\"urlTemplate\":\"https:\\\/\\\/ferabrajan.com\\\/portal\\\/?s={search_term_string}\"},\"query-input\":{\"@type\":\"PropertyValueSpecification\",\"valueRequired\":true,\"valueName\":\"search_term_string\"}}],\"inLanguage\":\"es\"},{\"@type\":\"Organization\",\"@id\":\"https:\\\/\\\/ferabrajan.com\\\/portal\\\/#organization\",\"name\":\"Fer Abrajan\",\"url\":\"https:\\\/\\\/ferabrajan.com\\\/portal\\\/\",\"logo\":{\"@type\":\"ImageObject\",\"inLanguage\":\"es\",\"@id\":\"https:\\\/\\\/ferabrajan.com\\\/portal\\\/#\\\/schema\\\/logo\\\/image\\\/\",\"url\":\"https:\\\/\\\/ferabrajan.com\\\/portal\\\/wp-content\\\/uploads\\\/2024\\\/10\\\/cropped-logo.jpeg\",\"contentUrl\":\"https:\\\/\\\/ferabrajan.com\\\/portal\\\/wp-content\\\/uploads\\\/2024\\\/10\\\/cropped-logo.jpeg\",\"width\":500,\"height\":250,\"caption\":\"Fer Abrajan\"},\"image\":{\"@id\":\"https:\\\/\\\/ferabrajan.com\\\/portal\\\/#\\\/schema\\\/logo\\\/image\\\/\"},\"sameAs\":[\"https:\\\/\\\/www.facebook.com\\\/NoticiasconFerAbrajan\\\/\",\"https:\\\/\\\/x.com\\\/ferabrajan1\"]},{\"@type\":\"Person\",\"@id\":\"https:\\\/\\\/ferabrajan.com\\\/portal\\\/#\\\/schema\\\/person\\\/f6113b3cb1e036d5c6a9505685b257ba\",\"name\":\"admin\",\"image\":{\"@type\":\"ImageObject\",\"inLanguage\":\"es\",\"@id\":\"https:\\\/\\\/secure.gravatar.com\\\/avatar\\\/072baa72775aad53c748dfc5d3048578e01b6c087eef335459ebfa04344e2d18?s=96&d=mm&r=g\",\"url\":\"https:\\\/\\\/secure.gravatar.com\\\/avatar\\\/072baa72775aad53c748dfc5d3048578e01b6c087eef335459ebfa04344e2d18?s=96&d=mm&r=g\",\"contentUrl\":\"https:\\\/\\\/secure.gravatar.com\\\/avatar\\\/072baa72775aad53c748dfc5d3048578e01b6c087eef335459ebfa04344e2d18?s=96&d=mm&r=g\",\"caption\":\"admin\"},\"sameAs\":[\"https:\\\/\\\/ferabrajan.com\\\/portal\"],\"url\":\"https:\\\/\\\/ferabrajan.com\\\/portal\\\/author\\\/admin\\\/\"}]}<\/script>\n<!-- \/ Yoast SEO plugin. -->","yoast_head_json":{"title":"Macron advierte de repercusiones sin precedentes si la soberan\u00eda de un aliado se ve afectada - Fer Abrajan","robots":{"index":"index","follow":"follow","max-snippet":"max-snippet:-1","max-image-preview":"max-image-preview:large","max-video-preview":"max-video-preview:-1"},"canonical":"https:\/\/ferabrajan.com\/portal\/2026\/01\/14\/macron-advierte-de-repercusiones-sin-precedentes-si-la-soberania-de-un-aliado-se-ve-afectada\/","og_locale":"es_ES","og_type":"article","og_title":"Macron advierte de repercusiones sin precedentes si la soberan\u00eda de un aliado se ve afectada - Fer Abrajan","og_description":"PAR\u00cdS, 14 ene (Reuters) &#8211; Si la soberan\u00eda de un pa\u00eds europeo y aliado se viera afectada, los efectos en cadena no tendr\u00edan precedentes, dijo el mi\u00e9rcoles el presidente franc\u00e9s, Emmanuel Macron, durante una reuni\u00f3n de gabinete, en referencia a la presi\u00f3n del mandatario estadounidense, Donald Trump, para tomar el control del territorio \u00e1rtico. \u00abNo subestimamos las declaraciones sobre Groenlandia\u00bb, dijo Macron, citado por la portavoz del Gobierno franc\u00e9s, Maud Bregeon. \u00abSi la soberan\u00eda de un pa\u00eds europeo y aliado se viera afectada, los efectos en cadena no tendr\u00edan precedentes. Francia sigue muy de cerca la situaci\u00f3n y actuar\u00e1 en plena solidaridad con Dinamarca y su soberan\u00eda\u00bb, a\u00f1adi\u00f3. Por su parte, la presidenta de la Comisi\u00f3n Europea, Ursula von der Leyen, afirm\u00f3 que existe una s\u00f3lida relaci\u00f3n entre la Uni\u00f3n Europea y Groenlandia y que los groenlandeses pueden contar con el apoyo del bloque. Los ministros de Relaciones Exteriores de Dinamarca y Groenlandia se reunir\u00e1n con el vicepresidente de Estados Unidos, JD Vance, en la Casa Blanca m\u00e1s tarde en el d\u00eda, tras semanas de amenazas de Trump\u00a0a Groenlandia, territorio aut\u00f3nomo de Dinamarca. (Reporte de Elizabeth Pineau y Louise Rasmussen; editado en espa\u00f1ol por Carlos Serrano) Con Informaci\u00f3n de: Macron advierte de repercusiones sin precedentes si la soberan\u00eda de un aliado se ve afectada","og_url":"https:\/\/ferabrajan.com\/portal\/2026\/01\/14\/macron-advierte-de-repercusiones-sin-precedentes-si-la-soberania-de-un-aliado-se-ve-afectada\/","og_site_name":"Fer Abrajan","article_publisher":"https:\/\/www.facebook.com\/NoticiasconFerAbrajan\/","article_published_time":"2026-01-14T15:52:13+00:00","og_image":[{"width":758,"height":499,"url":"https:\/\/ferabrajan.com\/portal\/wp-content\/uploads\/2026\/01\/Captura-de-pantalla_14-1-2026_9415_www.msn_.com_.jpeg","type":"image\/jpeg"}],"author":"admin","twitter_card":"summary_large_image","twitter_creator":"@ferabrajan1","twitter_site":"@ferabrajan1","twitter_misc":{"Escrito por":"admin","Tiempo de lectura":"2 minutos"},"schema":{"@context":"https:\/\/schema.org","@graph":[{"@type":"Article","@id":"https:\/\/ferabrajan.com\/portal\/2026\/01\/14\/macron-advierte-de-repercusiones-sin-precedentes-si-la-soberania-de-un-aliado-se-ve-afectada\/#article","isPartOf":{"@id":"https:\/\/ferabrajan.com\/portal\/2026\/01\/14\/macron-advierte-de-repercusiones-sin-precedentes-si-la-soberania-de-un-aliado-se-ve-afectada\/"},"author":{"name":"admin","@id":"https:\/\/ferabrajan.com\/portal\/#\/schema\/person\/f6113b3cb1e036d5c6a9505685b257ba"},"headline":"Macron advierte de repercusiones sin precedentes si la soberan\u00eda de un aliado se ve afectada","datePublished":"2026-01-14T15:52:13+00:00","mainEntityOfPage":{"@id":"https:\/\/ferabrajan.com\/portal\/2026\/01\/14\/macron-advierte-de-repercusiones-sin-precedentes-si-la-soberania-de-un-aliado-se-ve-afectada\/"},"wordCount":256,"publisher":{"@id":"https:\/\/ferabrajan.com\/portal\/#organization"},"image":{"@id":"https:\/\/ferabrajan.com\/portal\/2026\/01\/14\/macron-advierte-de-repercusiones-sin-precedentes-si-la-soberania-de-un-aliado-se-ve-afectada\/#primaryimage"},"thumbnailUrl":"https:\/\/ferabrajan.com\/portal\/wp-content\/uploads\/2026\/01\/Captura-de-pantalla_14-1-2026_9415_www.msn_.com_.jpeg","keywords":["Donald Trump","Emmanuel Macron"],"articleSection":["El Mundo","Principal"],"inLanguage":"es"},{"@type":"WebPage","@id":"https:\/\/ferabrajan.com\/portal\/2026\/01\/14\/macron-advierte-de-repercusiones-sin-precedentes-si-la-soberania-de-un-aliado-se-ve-afectada\/","url":"https:\/\/ferabrajan.com\/portal\/2026\/01\/14\/macron-advierte-de-repercusiones-sin-precedentes-si-la-soberania-de-un-aliado-se-ve-afectada\/","name":"Macron advierte de repercusiones sin precedentes si la soberan\u00eda de un aliado se ve afectada - Fer Abrajan","isPartOf":{"@id":"https:\/\/ferabrajan.com\/portal\/#website"},"primaryImageOfPage":{"@id":"https:\/\/ferabrajan.com\/portal\/2026\/01\/14\/macron-advierte-de-repercusiones-sin-precedentes-si-la-soberania-de-un-aliado-se-ve-afectada\/#primaryimage"},"image":{"@id":"https:\/\/ferabrajan.com\/portal\/2026\/01\/14\/macron-advierte-de-repercusiones-sin-precedentes-si-la-soberania-de-un-aliado-se-ve-afectada\/#primaryimage"},"thumbnailUrl":"https:\/\/ferabrajan.com\/portal\/wp-content\/uploads\/2026\/01\/Captura-de-pantalla_14-1-2026_9415_www.msn_.com_.jpeg","datePublished":"2026-01-14T15:52:13+00:00","breadcrumb":{"@id":"https:\/\/ferabrajan.com\/portal\/2026\/01\/14\/macron-advierte-de-repercusiones-sin-precedentes-si-la-soberania-de-un-aliado-se-ve-afectada\/#breadcrumb"},"inLanguage":"es","potentialAction":[{"@type":"ReadAction","target":["https:\/\/ferabrajan.com\/portal\/2026\/01\/14\/macron-advierte-de-repercusiones-sin-precedentes-si-la-soberania-de-un-aliado-se-ve-afectada\/"]}]},{"@type":"ImageObject","inLanguage":"es","@id":"https:\/\/ferabrajan.com\/portal\/2026\/01\/14\/macron-advierte-de-repercusiones-sin-precedentes-si-la-soberania-de-un-aliado-se-ve-afectada\/#primaryimage","url":"https:\/\/ferabrajan.com\/portal\/wp-content\/uploads\/2026\/01\/Captura-de-pantalla_14-1-2026_9415_www.msn_.com_.jpeg","contentUrl":"https:\/\/ferabrajan.com\/portal\/wp-content\/uploads\/2026\/01\/Captura-de-pantalla_14-1-2026_9415_www.msn_.com_.jpeg","width":758,"height":499},{"@type":"BreadcrumbList","@id":"https:\/\/ferabrajan.com\/portal\/2026\/01\/14\/macron-advierte-de-repercusiones-sin-precedentes-si-la-soberania-de-un-aliado-se-ve-afectada\/#breadcrumb","itemListElement":[{"@type":"ListItem","position":1,"name":"Portada","item":"https:\/\/ferabrajan.com\/portal\/"},{"@type":"ListItem","position":2,"name":"Macron advierte de repercusiones sin precedentes si la soberan\u00eda de un aliado se ve afectada"}]},{"@type":"WebSite","@id":"https:\/\/ferabrajan.com\/portal\/#website","url":"https:\/\/ferabrajan.com\/portal\/","name":"Fer Abrajan","description":"Noticias de Puebla, opini\u00f3n y radio en vivo","publisher":{"@id":"https:\/\/ferabrajan.com\/portal\/#organization"},"potentialAction":[{"@type":"SearchAction","target":{"@type":"EntryPoint","urlTemplate":"https:\/\/ferabrajan.com\/portal\/?s={search_term_string}"},"query-input":{"@type":"PropertyValueSpecification","valueRequired":true,"valueName":"search_term_string"}}],"inLanguage":"es"},{"@type":"Organization","@id":"https:\/\/ferabrajan.com\/portal\/#organization","name":"Fer Abrajan","url":"https:\/\/ferabrajan.com\/portal\/","logo":{"@type":"ImageObject","inLanguage":"es","@id":"https:\/\/ferabrajan.com\/portal\/#\/schema\/logo\/image\/","url":"https:\/\/ferabrajan.com\/portal\/wp-content\/uploads\/2024\/10\/cropped-logo.jpeg","contentUrl":"https:\/\/ferabrajan.com\/portal\/wp-content\/uploads\/2024\/10\/cropped-logo.jpeg","width":500,"height":250,"caption":"Fer Abrajan"},"image":{"@id":"https:\/\/ferabrajan.com\/portal\/#\/schema\/logo\/image\/"},"sameAs":["https:\/\/www.facebook.com\/NoticiasconFerAbrajan\/","https:\/\/x.com\/ferabrajan1"]},{"@type":"Person","@id":"https:\/\/ferabrajan.com\/portal\/#\/schema\/person\/f6113b3cb1e036d5c6a9505685b257ba","name":"admin","image":{"@type":"ImageObject","inLanguage":"es","@id":"https:\/\/secure.gravatar.com\/avatar\/072baa72775aad53c748dfc5d3048578e01b6c087eef335459ebfa04344e2d18?s=96&d=mm&r=g","url":"https:\/\/secure.gravatar.com\/avatar\/072baa72775aad53c748dfc5d3048578e01b6c087eef335459ebfa04344e2d18?s=96&d=mm&r=g","contentUrl":"https:\/\/secure.gravatar.com\/avatar\/072baa72775aad53c748dfc5d3048578e01b6c087eef335459ebfa04344e2d18?s=96&d=mm&r=g","caption":"admin"},"sameAs":["https:\/\/ferabrajan.com\/portal"],"url":"https:\/\/ferabrajan.com\/portal\/author\/admin\/"}]}},"_links":{"self":[{"href":"https:\/\/ferabrajan.com\/portal\/wp-json\/wp\/v2\/posts\/79052","targetHints":{"allow":["GET"]}}],"collection":[{"href":"https:\/\/ferabrajan.com\/portal\/wp-json\/wp\/v2\/posts"}],"about":[{"href":"https:\/\/ferabrajan.com\/portal\/wp-json\/wp\/v2\/types\/post"}],"author":[{"embeddable":true,"href":"https:\/\/ferabrajan.com\/portal\/wp-json\/wp\/v2\/users\/1"}],"replies":[{"embeddable":true,"href":"https:\/\/ferabrajan.com\/portal\/wp-json\/wp\/v2\/comments?post=79052"}],"version-history":[{"count":1,"href":"https:\/\/ferabrajan.com\/portal\/wp-json\/wp\/v2\/posts\/79052\/revisions"}],"predecessor-version":[{"id":79054,"href":"https:\/\/ferabrajan.com\/portal\/wp-json\/wp\/v2\/posts\/79052\/revisions\/79054"}],"wp:featuredmedia":[{"embeddable":true,"href":"https:\/\/ferabrajan.com\/portal\/wp-json\/wp\/v2\/media\/79053"}],"wp:attachment":[{"href":"https:\/\/ferabrajan.com\/portal\/wp-json\/wp\/v2\/media?parent=79052"}],"wp:term":[{"taxonomy":"category","embeddable":true,"href":"https:\/\/ferabrajan.com\/portal\/wp-json\/wp\/v2\/categories?post=79052"},{"taxonomy":"post_tag","embeddable":true,"href":"https:\/\/ferabrajan.com\/portal\/wp-json\/wp\/v2\/tags?post=79052"}],"curies":[{"name":"wp","href":"https:\/\/api.w.org\/{rel}","templated":true}]}}