{"id":79044,"date":"2026-01-14T15:18:48","date_gmt":"2026-01-14T15:18:48","guid":{"rendered":"https:\/\/ferabrajan.com\/portal\/?p=79044"},"modified":"2026-01-14T15:18:48","modified_gmt":"2026-01-14T15:18:48","slug":"puebla-se-consolida-como-iman-de-inversion-extranjera-y-apuesta-por-talento-tecnologico","status":"publish","type":"post","link":"https:\/\/ferabrajan.com\/portal\/2026\/01\/14\/puebla-se-consolida-como-iman-de-inversion-extranjera-y-apuesta-por-talento-tecnologico\/","title":{"rendered":"Puebla se consolida como im\u00e1n de inversi\u00f3n extranjera y apuesta por talento tecnol\u00f3gico"},"content":{"rendered":"<p data-start=\"279\" data-end=\"533\">Puebla se posicion\u00f3 como el principal destino de Inversi\u00f3n Extranjera Directa en el pa\u00eds, al concentrar m\u00e1s del 21 por ciento del total nacional, resultado que refuerza su papel estrat\u00e9gico en el desarrollo industrial y tecnol\u00f3gico de M\u00e9xico.<\/p>\n<p data-start=\"535\" data-end=\"866\">De acuerdo con el director general de la Industria Nacional de Autopartes, Gabriel Padilla, la entidad capt\u00f3 413 millones de d\u00f3lares en inversi\u00f3n, liderazgo que exige fortalecer la formaci\u00f3n de capital humano especializado y una mayor vinculaci\u00f3n entre universidades e industria para responder a las demandas del sector productivo.<\/p>\n<p data-start=\"535\" data-end=\"866\"><img fetchpriority=\"high\" decoding=\"async\" class=\"alignnone size-medium wp-image-79045\" src=\"https:\/\/ferabrajan.com\/portal\/wp-content\/uploads\/2026\/01\/AA_1301_3_1-300x212.jpeg\" alt=\"\" width=\"300\" height=\"212\" srcset=\"https:\/\/ferabrajan.com\/portal\/wp-content\/uploads\/2026\/01\/AA_1301_3_1-300x212.jpeg 300w, https:\/\/ferabrajan.com\/portal\/wp-content\/uploads\/2026\/01\/AA_1301_3_1-1024x723.jpeg 1024w, https:\/\/ferabrajan.com\/portal\/wp-content\/uploads\/2026\/01\/AA_1301_3_1-768x542.jpeg 768w, https:\/\/ferabrajan.com\/portal\/wp-content\/uploads\/2026\/01\/AA_1301_3_1-1536x1085.jpeg 1536w, https:\/\/ferabrajan.com\/portal\/wp-content\/uploads\/2026\/01\/AA_1301_3_1.jpeg 1600w\" sizes=\"(max-width: 300px) 100vw, 300px\" \/><\/p>\n<p data-start=\"868\" data-end=\"1157\">En este contexto, el gobernador Alejandro Armenta se\u00f1al\u00f3 que su administraci\u00f3n impulsa una estrategia de desarrollo regional basada en las vocaciones productivas, en coordinaci\u00f3n con instituciones educativas, con el objetivo de preparar a j\u00f3venes talentos para sectores de alta tecnolog\u00eda.<\/p>\n<p data-start=\"1159\" data-end=\"1512\">Como parte de esta visi\u00f3n, anunci\u00f3 la construcci\u00f3n de dos nuevos Centros de Especializaci\u00f3n de Recursos Humanos de Alto Nivel (CERHAN) en 2026, uno en la zona industrial de Volkswagen, al norte de la capital, y otro en Tehuac\u00e1n, con lo que se fortalecer\u00e1 la competitividad de la industria local y nacional mediante personal t\u00e9cnico altamente capacitado.<\/p>\n","protected":false},"excerpt":{"rendered":"<p>El gobernador Alejandro Armenta destac\u00f3 que se construir\u00e1n dos CERHAN m\u00e1s para fortalecer la industria local y nacional con recurso humano especializado.<\/p>\n","protected":false},"author":3,"featured_media":79046,"comment_status":"closed","ping_status":"closed","sticky":false,"template":"","format":"standard","meta":{"_monsterinsights_skip_tracking":false,"_uf_show_specific_survey":0,"_uf_disable_surveys":false,"footnotes":""},"categories":[585,34],"tags":[106,3873,3872],"class_list":["post-79044","post","type-post","status-publish","format-standard","has-post-thumbnail","hentry","category-principal","category-puebla","tag-alejandro-armenta","tag-industria-nacional-de-autopartes","tag-inversion-extranjera"],"yoast_head":"<!-- This site is optimized with the Yoast SEO plugin v27.5 - https:\/\/yoast.com\/product\/yoast-seo-wordpress\/ -->\n<title>Puebla se consolida como im\u00e1n de inversi\u00f3n extranjera y apuesta por talento tecnol\u00f3gico - Fer Abrajan<\/title>\n<meta name=\"robots\" content=\"index, follow, max-snippet:-1, max-image-preview:large, max-video-preview:-1\" \/>\n<link rel=\"canonical\" href=\"https:\/\/ferabrajan.com\/portal\/2026\/01\/14\/puebla-se-consolida-como-iman-de-inversion-extranjera-y-apuesta-por-talento-tecnologico\/\" \/>\n<meta property=\"og:locale\" content=\"es_ES\" \/>\n<meta property=\"og:type\" content=\"article\" \/>\n<meta property=\"og:title\" content=\"Puebla se consolida como im\u00e1n de inversi\u00f3n extranjera y apuesta por talento tecnol\u00f3gico - Fer Abrajan\" \/>\n<meta property=\"og:description\" content=\"El gobernador Alejandro Armenta destac\u00f3 que se construir\u00e1n dos CERHAN m\u00e1s para fortalecer la industria local y nacional con recurso humano especializado.\" \/>\n<meta property=\"og:url\" content=\"https:\/\/ferabrajan.com\/portal\/2026\/01\/14\/puebla-se-consolida-como-iman-de-inversion-extranjera-y-apuesta-por-talento-tecnologico\/\" \/>\n<meta property=\"og:site_name\" content=\"Fer Abrajan\" \/>\n<meta property=\"article:publisher\" content=\"https:\/\/www.facebook.com\/NoticiasconFerAbrajan\/\" \/>\n<meta property=\"article:published_time\" content=\"2026-01-14T15:18:48+00:00\" \/>\n<meta property=\"og:image\" content=\"https:\/\/ferabrajan.com\/portal\/wp-content\/uploads\/2026\/01\/AA_1301_3_3.jpeg\" \/>\n\t<meta property=\"og:image:width\" content=\"1600\" \/>\n\t<meta property=\"og:image:height\" content=\"1084\" \/>\n\t<meta property=\"og:image:type\" content=\"image\/jpeg\" \/>\n<meta name=\"author\" content=\"Rebeca N\u00fa\u00f1ez\" \/>\n<meta name=\"twitter:card\" content=\"summary_large_image\" \/>\n<meta name=\"twitter:creator\" content=\"@ferabrajan1\" \/>\n<meta name=\"twitter:site\" content=\"@ferabrajan1\" \/>\n<meta name=\"twitter:label1\" content=\"Escrito por\" \/>\n\t<meta name=\"twitter:data1\" content=\"Rebeca N\u00fa\u00f1ez\" \/>\n\t<meta name=\"twitter:label2\" content=\"Tiempo de lectura\" \/>\n\t<meta name=\"twitter:data2\" content=\"2 minutos\" \/>\n<script type=\"application\/ld+json\" class=\"yoast-schema-graph\">{\"@context\":\"https:\\\/\\\/schema.org\",\"@graph\":[{\"@type\":\"Article\",\"@id\":\"https:\\\/\\\/ferabrajan.com\\\/portal\\\/2026\\\/01\\\/14\\\/puebla-se-consolida-como-iman-de-inversion-extranjera-y-apuesta-por-talento-tecnologico\\\/#article\",\"isPartOf\":{\"@id\":\"https:\\\/\\\/ferabrajan.com\\\/portal\\\/2026\\\/01\\\/14\\\/puebla-se-consolida-como-iman-de-inversion-extranjera-y-apuesta-por-talento-tecnologico\\\/\"},\"author\":{\"name\":\"Rebeca N\u00fa\u00f1ez\",\"@id\":\"https:\\\/\\\/ferabrajan.com\\\/portal\\\/#\\\/schema\\\/person\\\/a79364e0091921e733584c4833bc7a50\"},\"headline\":\"Puebla se consolida como im\u00e1n de inversi\u00f3n extranjera y apuesta por talento tecnol\u00f3gico\",\"datePublished\":\"2026-01-14T15:18:48+00:00\",\"mainEntityOfPage\":{\"@id\":\"https:\\\/\\\/ferabrajan.com\\\/portal\\\/2026\\\/01\\\/14\\\/puebla-se-consolida-como-iman-de-inversion-extranjera-y-apuesta-por-talento-tecnologico\\\/\"},\"wordCount\":217,\"publisher\":{\"@id\":\"https:\\\/\\\/ferabrajan.com\\\/portal\\\/#organization\"},\"image\":{\"@id\":\"https:\\\/\\\/ferabrajan.com\\\/portal\\\/2026\\\/01\\\/14\\\/puebla-se-consolida-como-iman-de-inversion-extranjera-y-apuesta-por-talento-tecnologico\\\/#primaryimage\"},\"thumbnailUrl\":\"https:\\\/\\\/ferabrajan.com\\\/portal\\\/wp-content\\\/uploads\\\/2026\\\/01\\\/AA_1301_3_3.jpeg\",\"keywords\":[\"Alejandro Armenta\",\"Industria Nacional de Autopartes\",\"Inversi\u00f3n Extranjera\"],\"articleSection\":[\"Principal\",\"Puebla\"],\"inLanguage\":\"es\"},{\"@type\":\"WebPage\",\"@id\":\"https:\\\/\\\/ferabrajan.com\\\/portal\\\/2026\\\/01\\\/14\\\/puebla-se-consolida-como-iman-de-inversion-extranjera-y-apuesta-por-talento-tecnologico\\\/\",\"url\":\"https:\\\/\\\/ferabrajan.com\\\/portal\\\/2026\\\/01\\\/14\\\/puebla-se-consolida-como-iman-de-inversion-extranjera-y-apuesta-por-talento-tecnologico\\\/\",\"name\":\"Puebla se consolida como im\u00e1n de inversi\u00f3n extranjera y apuesta por talento tecnol\u00f3gico - Fer Abrajan\",\"isPartOf\":{\"@id\":\"https:\\\/\\\/ferabrajan.com\\\/portal\\\/#website\"},\"primaryImageOfPage\":{\"@id\":\"https:\\\/\\\/ferabrajan.com\\\/portal\\\/2026\\\/01\\\/14\\\/puebla-se-consolida-como-iman-de-inversion-extranjera-y-apuesta-por-talento-tecnologico\\\/#primaryimage\"},\"image\":{\"@id\":\"https:\\\/\\\/ferabrajan.com\\\/portal\\\/2026\\\/01\\\/14\\\/puebla-se-consolida-como-iman-de-inversion-extranjera-y-apuesta-por-talento-tecnologico\\\/#primaryimage\"},\"thumbnailUrl\":\"https:\\\/\\\/ferabrajan.com\\\/portal\\\/wp-content\\\/uploads\\\/2026\\\/01\\\/AA_1301_3_3.jpeg\",\"datePublished\":\"2026-01-14T15:18:48+00:00\",\"breadcrumb\":{\"@id\":\"https:\\\/\\\/ferabrajan.com\\\/portal\\\/2026\\\/01\\\/14\\\/puebla-se-consolida-como-iman-de-inversion-extranjera-y-apuesta-por-talento-tecnologico\\\/#breadcrumb\"},\"inLanguage\":\"es\",\"potentialAction\":[{\"@type\":\"ReadAction\",\"target\":[\"https:\\\/\\\/ferabrajan.com\\\/portal\\\/2026\\\/01\\\/14\\\/puebla-se-consolida-como-iman-de-inversion-extranjera-y-apuesta-por-talento-tecnologico\\\/\"]}]},{\"@type\":\"ImageObject\",\"inLanguage\":\"es\",\"@id\":\"https:\\\/\\\/ferabrajan.com\\\/portal\\\/2026\\\/01\\\/14\\\/puebla-se-consolida-como-iman-de-inversion-extranjera-y-apuesta-por-talento-tecnologico\\\/#primaryimage\",\"url\":\"https:\\\/\\\/ferabrajan.com\\\/portal\\\/wp-content\\\/uploads\\\/2026\\\/01\\\/AA_1301_3_3.jpeg\",\"contentUrl\":\"https:\\\/\\\/ferabrajan.com\\\/portal\\\/wp-content\\\/uploads\\\/2026\\\/01\\\/AA_1301_3_3.jpeg\",\"width\":1600,\"height\":1084},{\"@type\":\"BreadcrumbList\",\"@id\":\"https:\\\/\\\/ferabrajan.com\\\/portal\\\/2026\\\/01\\\/14\\\/puebla-se-consolida-como-iman-de-inversion-extranjera-y-apuesta-por-talento-tecnologico\\\/#breadcrumb\",\"itemListElement\":[{\"@type\":\"ListItem\",\"position\":1,\"name\":\"Portada\",\"item\":\"https:\\\/\\\/ferabrajan.com\\\/portal\\\/\"},{\"@type\":\"ListItem\",\"position\":2,\"name\":\"Puebla se consolida como im\u00e1n de inversi\u00f3n extranjera y apuesta por talento tecnol\u00f3gico\"}]},{\"@type\":\"WebSite\",\"@id\":\"https:\\\/\\\/ferabrajan.com\\\/portal\\\/#website\",\"url\":\"https:\\\/\\\/ferabrajan.com\\\/portal\\\/\",\"name\":\"Fer Abrajan\",\"description\":\"Noticias de Puebla, opini\u00f3n y radio en vivo\",\"publisher\":{\"@id\":\"https:\\\/\\\/ferabrajan.com\\\/portal\\\/#organization\"},\"potentialAction\":[{\"@type\":\"SearchAction\",\"target\":{\"@type\":\"EntryPoint\",\"urlTemplate\":\"https:\\\/\\\/ferabrajan.com\\\/portal\\\/?s={search_term_string}\"},\"query-input\":{\"@type\":\"PropertyValueSpecification\",\"valueRequired\":true,\"valueName\":\"search_term_string\"}}],\"inLanguage\":\"es\"},{\"@type\":\"Organization\",\"@id\":\"https:\\\/\\\/ferabrajan.com\\\/portal\\\/#organization\",\"name\":\"Fer Abrajan\",\"url\":\"https:\\\/\\\/ferabrajan.com\\\/portal\\\/\",\"logo\":{\"@type\":\"ImageObject\",\"inLanguage\":\"es\",\"@id\":\"https:\\\/\\\/ferabrajan.com\\\/portal\\\/#\\\/schema\\\/logo\\\/image\\\/\",\"url\":\"https:\\\/\\\/ferabrajan.com\\\/portal\\\/wp-content\\\/uploads\\\/2024\\\/10\\\/cropped-logo.jpeg\",\"contentUrl\":\"https:\\\/\\\/ferabrajan.com\\\/portal\\\/wp-content\\\/uploads\\\/2024\\\/10\\\/cropped-logo.jpeg\",\"width\":500,\"height\":250,\"caption\":\"Fer Abrajan\"},\"image\":{\"@id\":\"https:\\\/\\\/ferabrajan.com\\\/portal\\\/#\\\/schema\\\/logo\\\/image\\\/\"},\"sameAs\":[\"https:\\\/\\\/www.facebook.com\\\/NoticiasconFerAbrajan\\\/\",\"https:\\\/\\\/x.com\\\/ferabrajan1\"]},{\"@type\":\"Person\",\"@id\":\"https:\\\/\\\/ferabrajan.com\\\/portal\\\/#\\\/schema\\\/person\\\/a79364e0091921e733584c4833bc7a50\",\"name\":\"Rebeca N\u00fa\u00f1ez\",\"image\":{\"@type\":\"ImageObject\",\"inLanguage\":\"es\",\"@id\":\"https:\\\/\\\/secure.gravatar.com\\\/avatar\\\/c9cbf721287e849268cd37eca93cf4be51b2eed9e71c8d0c6825bd912000b74e?s=96&d=mm&r=g\",\"url\":\"https:\\\/\\\/secure.gravatar.com\\\/avatar\\\/c9cbf721287e849268cd37eca93cf4be51b2eed9e71c8d0c6825bd912000b74e?s=96&d=mm&r=g\",\"contentUrl\":\"https:\\\/\\\/secure.gravatar.com\\\/avatar\\\/c9cbf721287e849268cd37eca93cf4be51b2eed9e71c8d0c6825bd912000b74e?s=96&d=mm&r=g\",\"caption\":\"Rebeca N\u00fa\u00f1ez\"},\"url\":\"https:\\\/\\\/ferabrajan.com\\\/portal\\\/author\\\/rebeca\\\/\"}]}<\/script>\n<!-- \/ Yoast SEO plugin. -->","yoast_head_json":{"title":"Puebla se consolida como im\u00e1n de inversi\u00f3n extranjera y apuesta por talento tecnol\u00f3gico - Fer Abrajan","robots":{"index":"index","follow":"follow","max-snippet":"max-snippet:-1","max-image-preview":"max-image-preview:large","max-video-preview":"max-video-preview:-1"},"canonical":"https:\/\/ferabrajan.com\/portal\/2026\/01\/14\/puebla-se-consolida-como-iman-de-inversion-extranjera-y-apuesta-por-talento-tecnologico\/","og_locale":"es_ES","og_type":"article","og_title":"Puebla se consolida como im\u00e1n de inversi\u00f3n extranjera y apuesta por talento tecnol\u00f3gico - Fer Abrajan","og_description":"El gobernador Alejandro Armenta destac\u00f3 que se construir\u00e1n dos CERHAN m\u00e1s para fortalecer la industria local y nacional con recurso humano especializado.","og_url":"https:\/\/ferabrajan.com\/portal\/2026\/01\/14\/puebla-se-consolida-como-iman-de-inversion-extranjera-y-apuesta-por-talento-tecnologico\/","og_site_name":"Fer Abrajan","article_publisher":"https:\/\/www.facebook.com\/NoticiasconFerAbrajan\/","article_published_time":"2026-01-14T15:18:48+00:00","og_image":[{"width":1600,"height":1084,"url":"https:\/\/ferabrajan.com\/portal\/wp-content\/uploads\/2026\/01\/AA_1301_3_3.jpeg","type":"image\/jpeg"}],"author":"Rebeca N\u00fa\u00f1ez","twitter_card":"summary_large_image","twitter_creator":"@ferabrajan1","twitter_site":"@ferabrajan1","twitter_misc":{"Escrito por":"Rebeca N\u00fa\u00f1ez","Tiempo de lectura":"2 minutos"},"schema":{"@context":"https:\/\/schema.org","@graph":[{"@type":"Article","@id":"https:\/\/ferabrajan.com\/portal\/2026\/01\/14\/puebla-se-consolida-como-iman-de-inversion-extranjera-y-apuesta-por-talento-tecnologico\/#article","isPartOf":{"@id":"https:\/\/ferabrajan.com\/portal\/2026\/01\/14\/puebla-se-consolida-como-iman-de-inversion-extranjera-y-apuesta-por-talento-tecnologico\/"},"author":{"name":"Rebeca N\u00fa\u00f1ez","@id":"https:\/\/ferabrajan.com\/portal\/#\/schema\/person\/a79364e0091921e733584c4833bc7a50"},"headline":"Puebla se consolida como im\u00e1n de inversi\u00f3n extranjera y apuesta por talento tecnol\u00f3gico","datePublished":"2026-01-14T15:18:48+00:00","mainEntityOfPage":{"@id":"https:\/\/ferabrajan.com\/portal\/2026\/01\/14\/puebla-se-consolida-como-iman-de-inversion-extranjera-y-apuesta-por-talento-tecnologico\/"},"wordCount":217,"publisher":{"@id":"https:\/\/ferabrajan.com\/portal\/#organization"},"image":{"@id":"https:\/\/ferabrajan.com\/portal\/2026\/01\/14\/puebla-se-consolida-como-iman-de-inversion-extranjera-y-apuesta-por-talento-tecnologico\/#primaryimage"},"thumbnailUrl":"https:\/\/ferabrajan.com\/portal\/wp-content\/uploads\/2026\/01\/AA_1301_3_3.jpeg","keywords":["Alejandro Armenta","Industria Nacional de Autopartes","Inversi\u00f3n Extranjera"],"articleSection":["Principal","Puebla"],"inLanguage":"es"},{"@type":"WebPage","@id":"https:\/\/ferabrajan.com\/portal\/2026\/01\/14\/puebla-se-consolida-como-iman-de-inversion-extranjera-y-apuesta-por-talento-tecnologico\/","url":"https:\/\/ferabrajan.com\/portal\/2026\/01\/14\/puebla-se-consolida-como-iman-de-inversion-extranjera-y-apuesta-por-talento-tecnologico\/","name":"Puebla se consolida como im\u00e1n de inversi\u00f3n extranjera y apuesta por talento tecnol\u00f3gico - Fer Abrajan","isPartOf":{"@id":"https:\/\/ferabrajan.com\/portal\/#website"},"primaryImageOfPage":{"@id":"https:\/\/ferabrajan.com\/portal\/2026\/01\/14\/puebla-se-consolida-como-iman-de-inversion-extranjera-y-apuesta-por-talento-tecnologico\/#primaryimage"},"image":{"@id":"https:\/\/ferabrajan.com\/portal\/2026\/01\/14\/puebla-se-consolida-como-iman-de-inversion-extranjera-y-apuesta-por-talento-tecnologico\/#primaryimage"},"thumbnailUrl":"https:\/\/ferabrajan.com\/portal\/wp-content\/uploads\/2026\/01\/AA_1301_3_3.jpeg","datePublished":"2026-01-14T15:18:48+00:00","breadcrumb":{"@id":"https:\/\/ferabrajan.com\/portal\/2026\/01\/14\/puebla-se-consolida-como-iman-de-inversion-extranjera-y-apuesta-por-talento-tecnologico\/#breadcrumb"},"inLanguage":"es","potentialAction":[{"@type":"ReadAction","target":["https:\/\/ferabrajan.com\/portal\/2026\/01\/14\/puebla-se-consolida-como-iman-de-inversion-extranjera-y-apuesta-por-talento-tecnologico\/"]}]},{"@type":"ImageObject","inLanguage":"es","@id":"https:\/\/ferabrajan.com\/portal\/2026\/01\/14\/puebla-se-consolida-como-iman-de-inversion-extranjera-y-apuesta-por-talento-tecnologico\/#primaryimage","url":"https:\/\/ferabrajan.com\/portal\/wp-content\/uploads\/2026\/01\/AA_1301_3_3.jpeg","contentUrl":"https:\/\/ferabrajan.com\/portal\/wp-content\/uploads\/2026\/01\/AA_1301_3_3.jpeg","width":1600,"height":1084},{"@type":"BreadcrumbList","@id":"https:\/\/ferabrajan.com\/portal\/2026\/01\/14\/puebla-se-consolida-como-iman-de-inversion-extranjera-y-apuesta-por-talento-tecnologico\/#breadcrumb","itemListElement":[{"@type":"ListItem","position":1,"name":"Portada","item":"https:\/\/ferabrajan.com\/portal\/"},{"@type":"ListItem","position":2,"name":"Puebla se consolida como im\u00e1n de inversi\u00f3n extranjera y apuesta por talento tecnol\u00f3gico"}]},{"@type":"WebSite","@id":"https:\/\/ferabrajan.com\/portal\/#website","url":"https:\/\/ferabrajan.com\/portal\/","name":"Fer Abrajan","description":"Noticias de Puebla, opini\u00f3n y radio en vivo","publisher":{"@id":"https:\/\/ferabrajan.com\/portal\/#organization"},"potentialAction":[{"@type":"SearchAction","target":{"@type":"EntryPoint","urlTemplate":"https:\/\/ferabrajan.com\/portal\/?s={search_term_string}"},"query-input":{"@type":"PropertyValueSpecification","valueRequired":true,"valueName":"search_term_string"}}],"inLanguage":"es"},{"@type":"Organization","@id":"https:\/\/ferabrajan.com\/portal\/#organization","name":"Fer Abrajan","url":"https:\/\/ferabrajan.com\/portal\/","logo":{"@type":"ImageObject","inLanguage":"es","@id":"https:\/\/ferabrajan.com\/portal\/#\/schema\/logo\/image\/","url":"https:\/\/ferabrajan.com\/portal\/wp-content\/uploads\/2024\/10\/cropped-logo.jpeg","contentUrl":"https:\/\/ferabrajan.com\/portal\/wp-content\/uploads\/2024\/10\/cropped-logo.jpeg","width":500,"height":250,"caption":"Fer Abrajan"},"image":{"@id":"https:\/\/ferabrajan.com\/portal\/#\/schema\/logo\/image\/"},"sameAs":["https:\/\/www.facebook.com\/NoticiasconFerAbrajan\/","https:\/\/x.com\/ferabrajan1"]},{"@type":"Person","@id":"https:\/\/ferabrajan.com\/portal\/#\/schema\/person\/a79364e0091921e733584c4833bc7a50","name":"Rebeca N\u00fa\u00f1ez","image":{"@type":"ImageObject","inLanguage":"es","@id":"https:\/\/secure.gravatar.com\/avatar\/c9cbf721287e849268cd37eca93cf4be51b2eed9e71c8d0c6825bd912000b74e?s=96&d=mm&r=g","url":"https:\/\/secure.gravatar.com\/avatar\/c9cbf721287e849268cd37eca93cf4be51b2eed9e71c8d0c6825bd912000b74e?s=96&d=mm&r=g","contentUrl":"https:\/\/secure.gravatar.com\/avatar\/c9cbf721287e849268cd37eca93cf4be51b2eed9e71c8d0c6825bd912000b74e?s=96&d=mm&r=g","caption":"Rebeca N\u00fa\u00f1ez"},"url":"https:\/\/ferabrajan.com\/portal\/author\/rebeca\/"}]}},"_links":{"self":[{"href":"https:\/\/ferabrajan.com\/portal\/wp-json\/wp\/v2\/posts\/79044","targetHints":{"allow":["GET"]}}],"collection":[{"href":"https:\/\/ferabrajan.com\/portal\/wp-json\/wp\/v2\/posts"}],"about":[{"href":"https:\/\/ferabrajan.com\/portal\/wp-json\/wp\/v2\/types\/post"}],"author":[{"embeddable":true,"href":"https:\/\/ferabrajan.com\/portal\/wp-json\/wp\/v2\/users\/3"}],"replies":[{"embeddable":true,"href":"https:\/\/ferabrajan.com\/portal\/wp-json\/wp\/v2\/comments?post=79044"}],"version-history":[{"count":1,"href":"https:\/\/ferabrajan.com\/portal\/wp-json\/wp\/v2\/posts\/79044\/revisions"}],"predecessor-version":[{"id":79047,"href":"https:\/\/ferabrajan.com\/portal\/wp-json\/wp\/v2\/posts\/79044\/revisions\/79047"}],"wp:featuredmedia":[{"embeddable":true,"href":"https:\/\/ferabrajan.com\/portal\/wp-json\/wp\/v2\/media\/79046"}],"wp:attachment":[{"href":"https:\/\/ferabrajan.com\/portal\/wp-json\/wp\/v2\/media?parent=79044"}],"wp:term":[{"taxonomy":"category","embeddable":true,"href":"https:\/\/ferabrajan.com\/portal\/wp-json\/wp\/v2\/categories?post=79044"},{"taxonomy":"post_tag","embeddable":true,"href":"https:\/\/ferabrajan.com\/portal\/wp-json\/wp\/v2\/tags?post=79044"}],"curies":[{"name":"wp","href":"https:\/\/api.w.org\/{rel}","templated":true}]}}