{"id":79036,"date":"2026-01-14T14:52:18","date_gmt":"2026-01-14T14:52:18","guid":{"rendered":"https:\/\/ferabrajan.com\/portal\/?p=79036"},"modified":"2026-01-14T14:53:48","modified_gmt":"2026-01-14T14:53:48","slug":"traiciona-la-confianza-cae-vigilante-por-robo-en-fraccionamiento-de-cholula","status":"publish","type":"post","link":"https:\/\/ferabrajan.com\/portal\/2026\/01\/14\/traiciona-la-confianza-cae-vigilante-por-robo-en-fraccionamiento-de-cholula\/","title":{"rendered":"Traiciona la confianza: cae vigilante por robo en fraccionamiento de San Pedro Cholula"},"content":{"rendered":"<p data-start=\"230\" data-end=\"623\">San Pedro Cholula, Pue.- Elementos de la Secretar\u00eda de Seguridad Ciudadana de San Pedro Cholula (SSC Cholula) detuvieron a Juli\u00e1n \u201cN\u201d, de 56 a\u00f1os de edad, por su probable participaci\u00f3n en el delito de robo a casa habitaci\u00f3n, ocurrido en un inmueble ubicado sobre la carretera estatal a Coronango, dentro del Fraccionamiento San Joaqu\u00edn, conocido como San Diego Los Sauces.<\/p>\n<p data-start=\"625\" data-end=\"1075\">Los oficiales atendieron el reporte de una persona que habr\u00eda ingresado sin autorizaci\u00f3n al domicilio y causado da\u00f1os en las ventanas. Al arribar al lugar, localizaron al presunto responsable al interior del inmueble, quien se identific\u00f3 como vigilante del fraccionamiento, informaci\u00f3n que fue confirmada posteriormente por la propietaria de la vivienda. Tras la revisi\u00f3n del domicilio, la parte afectada report\u00f3 la sustracci\u00f3n de dinero en efectivo.<\/p>\n<p data-start=\"1077\" data-end=\"1300\">Ante estos hechos, Juli\u00e1n \u201cN\u201d fue detenido y puesto a disposici\u00f3n de la Fiscal\u00eda General del Estado, instancia que dar\u00e1 seguimiento a las investigaciones correspondientes y determinar\u00e1 su situaci\u00f3n legal conforme a derecho.<\/p>\n<p data-start=\"1302\" data-end=\"1558\">El Gobierno Municipal de San Pedro Cholula, encabezado por la presidenta municipal Tonantzin Fern\u00e1ndez, refrenda su compromiso de actuar con firmeza y fortalecer la respuesta inmediata para proteger el patrimonio y la tranquilidad de las y los cholultecas.<\/p>\n<p data-start=\"1302\" data-end=\"1558\"><img fetchpriority=\"high\" decoding=\"async\" class=\"alignnone size-medium wp-image-79037\" src=\"https:\/\/ferabrajan.com\/portal\/wp-content\/uploads\/2026\/01\/Captura-de-pantalla_14-1-2026_84616_web.whatsapp.com_-289x300.jpeg\" alt=\"\" width=\"289\" height=\"300\" srcset=\"https:\/\/ferabrajan.com\/portal\/wp-content\/uploads\/2026\/01\/Captura-de-pantalla_14-1-2026_84616_web.whatsapp.com_-289x300.jpeg 289w, https:\/\/ferabrajan.com\/portal\/wp-content\/uploads\/2026\/01\/Captura-de-pantalla_14-1-2026_84616_web.whatsapp.com_.jpeg 463w\" sizes=\"(max-width: 289px) 100vw, 289px\" \/><\/p>\n","protected":false},"excerpt":{"rendered":"<p>La parte afectada report\u00f3 la sustracci\u00f3n de dinero en efectivo, por lo que los elementos policiales procedieron a la detenci\u00f3n de Juli\u00e1n \u201cN\u201d, por su probable participaci\u00f3n en hechos constitutivos de delito.<\/p>\n","protected":false},"author":3,"featured_media":79038,"comment_status":"closed","ping_status":"closed","sticky":false,"template":"","format":"standard","meta":{"_monsterinsights_skip_tracking":false,"_uf_show_specific_survey":0,"_uf_disable_surveys":false,"footnotes":""},"categories":[585,34],"tags":[29,3870],"class_list":["post-79036","post","type-post","status-publish","format-standard","has-post-thumbnail","hentry","category-principal","category-puebla","tag-san-pedro-cholula","tag-ssc-cholula"],"yoast_head":"<!-- This site is optimized with the Yoast SEO plugin v27.5 - https:\/\/yoast.com\/product\/yoast-seo-wordpress\/ -->\n<title>Traiciona la confianza: cae vigilante por robo en fraccionamiento de San Pedro Cholula - Fer Abrajan<\/title>\n<meta name=\"robots\" content=\"index, follow, max-snippet:-1, max-image-preview:large, max-video-preview:-1\" \/>\n<link rel=\"canonical\" href=\"https:\/\/ferabrajan.com\/portal\/2026\/01\/14\/traiciona-la-confianza-cae-vigilante-por-robo-en-fraccionamiento-de-cholula\/\" \/>\n<meta property=\"og:locale\" content=\"es_ES\" \/>\n<meta property=\"og:type\" content=\"article\" \/>\n<meta property=\"og:title\" content=\"Traiciona la confianza: cae vigilante por robo en fraccionamiento de San Pedro Cholula - Fer Abrajan\" \/>\n<meta property=\"og:description\" content=\"La parte afectada report\u00f3 la sustracci\u00f3n de dinero en efectivo, por lo que los elementos policiales procedieron a la detenci\u00f3n de Juli\u00e1n \u201cN\u201d, por su probable participaci\u00f3n en hechos constitutivos de delito.\" \/>\n<meta property=\"og:url\" content=\"https:\/\/ferabrajan.com\/portal\/2026\/01\/14\/traiciona-la-confianza-cae-vigilante-por-robo-en-fraccionamiento-de-cholula\/\" \/>\n<meta property=\"og:site_name\" content=\"Fer Abrajan\" \/>\n<meta property=\"article:publisher\" content=\"https:\/\/www.facebook.com\/NoticiasconFerAbrajan\/\" \/>\n<meta property=\"article:published_time\" content=\"2026-01-14T14:52:18+00:00\" \/>\n<meta property=\"article:modified_time\" content=\"2026-01-14T14:53:48+00:00\" \/>\n<meta property=\"og:image\" content=\"https:\/\/ferabrajan.com\/portal\/wp-content\/uploads\/2026\/01\/cholula.jpg\" \/>\n\t<meta property=\"og:image:width\" content=\"1040\" \/>\n\t<meta property=\"og:image:height\" content=\"640\" \/>\n\t<meta property=\"og:image:type\" content=\"image\/jpeg\" \/>\n<meta name=\"author\" content=\"Rebeca N\u00fa\u00f1ez\" \/>\n<meta name=\"twitter:card\" content=\"summary_large_image\" \/>\n<meta name=\"twitter:creator\" content=\"@ferabrajan1\" \/>\n<meta name=\"twitter:site\" content=\"@ferabrajan1\" \/>\n<meta name=\"twitter:label1\" content=\"Escrito por\" \/>\n\t<meta name=\"twitter:data1\" content=\"Rebeca N\u00fa\u00f1ez\" \/>\n\t<meta name=\"twitter:label2\" content=\"Tiempo de lectura\" \/>\n\t<meta name=\"twitter:data2\" content=\"2 minutos\" \/>\n<script type=\"application\/ld+json\" class=\"yoast-schema-graph\">{\"@context\":\"https:\\\/\\\/schema.org\",\"@graph\":[{\"@type\":\"Article\",\"@id\":\"https:\\\/\\\/ferabrajan.com\\\/portal\\\/2026\\\/01\\\/14\\\/traiciona-la-confianza-cae-vigilante-por-robo-en-fraccionamiento-de-cholula\\\/#article\",\"isPartOf\":{\"@id\":\"https:\\\/\\\/ferabrajan.com\\\/portal\\\/2026\\\/01\\\/14\\\/traiciona-la-confianza-cae-vigilante-por-robo-en-fraccionamiento-de-cholula\\\/\"},\"author\":{\"name\":\"Rebeca N\u00fa\u00f1ez\",\"@id\":\"https:\\\/\\\/ferabrajan.com\\\/portal\\\/#\\\/schema\\\/person\\\/a79364e0091921e733584c4833bc7a50\"},\"headline\":\"Traiciona la confianza: cae vigilante por robo en fraccionamiento de San Pedro Cholula\",\"datePublished\":\"2026-01-14T14:52:18+00:00\",\"dateModified\":\"2026-01-14T14:53:48+00:00\",\"mainEntityOfPage\":{\"@id\":\"https:\\\/\\\/ferabrajan.com\\\/portal\\\/2026\\\/01\\\/14\\\/traiciona-la-confianza-cae-vigilante-por-robo-en-fraccionamiento-de-cholula\\\/\"},\"wordCount\":227,\"publisher\":{\"@id\":\"https:\\\/\\\/ferabrajan.com\\\/portal\\\/#organization\"},\"image\":{\"@id\":\"https:\\\/\\\/ferabrajan.com\\\/portal\\\/2026\\\/01\\\/14\\\/traiciona-la-confianza-cae-vigilante-por-robo-en-fraccionamiento-de-cholula\\\/#primaryimage\"},\"thumbnailUrl\":\"https:\\\/\\\/ferabrajan.com\\\/portal\\\/wp-content\\\/uploads\\\/2026\\\/01\\\/cholula.jpg\",\"keywords\":[\"San Pedro Cholula\",\"SSC Cholula\"],\"articleSection\":[\"Principal\",\"Puebla\"],\"inLanguage\":\"es\"},{\"@type\":\"WebPage\",\"@id\":\"https:\\\/\\\/ferabrajan.com\\\/portal\\\/2026\\\/01\\\/14\\\/traiciona-la-confianza-cae-vigilante-por-robo-en-fraccionamiento-de-cholula\\\/\",\"url\":\"https:\\\/\\\/ferabrajan.com\\\/portal\\\/2026\\\/01\\\/14\\\/traiciona-la-confianza-cae-vigilante-por-robo-en-fraccionamiento-de-cholula\\\/\",\"name\":\"Traiciona la confianza: cae vigilante por robo en fraccionamiento de San Pedro Cholula - Fer Abrajan\",\"isPartOf\":{\"@id\":\"https:\\\/\\\/ferabrajan.com\\\/portal\\\/#website\"},\"primaryImageOfPage\":{\"@id\":\"https:\\\/\\\/ferabrajan.com\\\/portal\\\/2026\\\/01\\\/14\\\/traiciona-la-confianza-cae-vigilante-por-robo-en-fraccionamiento-de-cholula\\\/#primaryimage\"},\"image\":{\"@id\":\"https:\\\/\\\/ferabrajan.com\\\/portal\\\/2026\\\/01\\\/14\\\/traiciona-la-confianza-cae-vigilante-por-robo-en-fraccionamiento-de-cholula\\\/#primaryimage\"},\"thumbnailUrl\":\"https:\\\/\\\/ferabrajan.com\\\/portal\\\/wp-content\\\/uploads\\\/2026\\\/01\\\/cholula.jpg\",\"datePublished\":\"2026-01-14T14:52:18+00:00\",\"dateModified\":\"2026-01-14T14:53:48+00:00\",\"breadcrumb\":{\"@id\":\"https:\\\/\\\/ferabrajan.com\\\/portal\\\/2026\\\/01\\\/14\\\/traiciona-la-confianza-cae-vigilante-por-robo-en-fraccionamiento-de-cholula\\\/#breadcrumb\"},\"inLanguage\":\"es\",\"potentialAction\":[{\"@type\":\"ReadAction\",\"target\":[\"https:\\\/\\\/ferabrajan.com\\\/portal\\\/2026\\\/01\\\/14\\\/traiciona-la-confianza-cae-vigilante-por-robo-en-fraccionamiento-de-cholula\\\/\"]}]},{\"@type\":\"ImageObject\",\"inLanguage\":\"es\",\"@id\":\"https:\\\/\\\/ferabrajan.com\\\/portal\\\/2026\\\/01\\\/14\\\/traiciona-la-confianza-cae-vigilante-por-robo-en-fraccionamiento-de-cholula\\\/#primaryimage\",\"url\":\"https:\\\/\\\/ferabrajan.com\\\/portal\\\/wp-content\\\/uploads\\\/2026\\\/01\\\/cholula.jpg\",\"contentUrl\":\"https:\\\/\\\/ferabrajan.com\\\/portal\\\/wp-content\\\/uploads\\\/2026\\\/01\\\/cholula.jpg\",\"width\":1040,\"height\":640},{\"@type\":\"BreadcrumbList\",\"@id\":\"https:\\\/\\\/ferabrajan.com\\\/portal\\\/2026\\\/01\\\/14\\\/traiciona-la-confianza-cae-vigilante-por-robo-en-fraccionamiento-de-cholula\\\/#breadcrumb\",\"itemListElement\":[{\"@type\":\"ListItem\",\"position\":1,\"name\":\"Portada\",\"item\":\"https:\\\/\\\/ferabrajan.com\\\/portal\\\/\"},{\"@type\":\"ListItem\",\"position\":2,\"name\":\"Traiciona la confianza: cae vigilante por robo en fraccionamiento de San Pedro Cholula\"}]},{\"@type\":\"WebSite\",\"@id\":\"https:\\\/\\\/ferabrajan.com\\\/portal\\\/#website\",\"url\":\"https:\\\/\\\/ferabrajan.com\\\/portal\\\/\",\"name\":\"Fer Abrajan\",\"description\":\"Noticias de Puebla, opini\u00f3n y radio en vivo\",\"publisher\":{\"@id\":\"https:\\\/\\\/ferabrajan.com\\\/portal\\\/#organization\"},\"potentialAction\":[{\"@type\":\"SearchAction\",\"target\":{\"@type\":\"EntryPoint\",\"urlTemplate\":\"https:\\\/\\\/ferabrajan.com\\\/portal\\\/?s={search_term_string}\"},\"query-input\":{\"@type\":\"PropertyValueSpecification\",\"valueRequired\":true,\"valueName\":\"search_term_string\"}}],\"inLanguage\":\"es\"},{\"@type\":\"Organization\",\"@id\":\"https:\\\/\\\/ferabrajan.com\\\/portal\\\/#organization\",\"name\":\"Fer Abrajan\",\"url\":\"https:\\\/\\\/ferabrajan.com\\\/portal\\\/\",\"logo\":{\"@type\":\"ImageObject\",\"inLanguage\":\"es\",\"@id\":\"https:\\\/\\\/ferabrajan.com\\\/portal\\\/#\\\/schema\\\/logo\\\/image\\\/\",\"url\":\"https:\\\/\\\/ferabrajan.com\\\/portal\\\/wp-content\\\/uploads\\\/2024\\\/10\\\/cropped-logo.jpeg\",\"contentUrl\":\"https:\\\/\\\/ferabrajan.com\\\/portal\\\/wp-content\\\/uploads\\\/2024\\\/10\\\/cropped-logo.jpeg\",\"width\":500,\"height\":250,\"caption\":\"Fer Abrajan\"},\"image\":{\"@id\":\"https:\\\/\\\/ferabrajan.com\\\/portal\\\/#\\\/schema\\\/logo\\\/image\\\/\"},\"sameAs\":[\"https:\\\/\\\/www.facebook.com\\\/NoticiasconFerAbrajan\\\/\",\"https:\\\/\\\/x.com\\\/ferabrajan1\"]},{\"@type\":\"Person\",\"@id\":\"https:\\\/\\\/ferabrajan.com\\\/portal\\\/#\\\/schema\\\/person\\\/a79364e0091921e733584c4833bc7a50\",\"name\":\"Rebeca N\u00fa\u00f1ez\",\"image\":{\"@type\":\"ImageObject\",\"inLanguage\":\"es\",\"@id\":\"https:\\\/\\\/secure.gravatar.com\\\/avatar\\\/c9cbf721287e849268cd37eca93cf4be51b2eed9e71c8d0c6825bd912000b74e?s=96&d=mm&r=g\",\"url\":\"https:\\\/\\\/secure.gravatar.com\\\/avatar\\\/c9cbf721287e849268cd37eca93cf4be51b2eed9e71c8d0c6825bd912000b74e?s=96&d=mm&r=g\",\"contentUrl\":\"https:\\\/\\\/secure.gravatar.com\\\/avatar\\\/c9cbf721287e849268cd37eca93cf4be51b2eed9e71c8d0c6825bd912000b74e?s=96&d=mm&r=g\",\"caption\":\"Rebeca N\u00fa\u00f1ez\"},\"url\":\"https:\\\/\\\/ferabrajan.com\\\/portal\\\/author\\\/rebeca\\\/\"}]}<\/script>\n<!-- \/ Yoast SEO plugin. -->","yoast_head_json":{"title":"Traiciona la confianza: cae vigilante por robo en fraccionamiento de San Pedro Cholula - Fer Abrajan","robots":{"index":"index","follow":"follow","max-snippet":"max-snippet:-1","max-image-preview":"max-image-preview:large","max-video-preview":"max-video-preview:-1"},"canonical":"https:\/\/ferabrajan.com\/portal\/2026\/01\/14\/traiciona-la-confianza-cae-vigilante-por-robo-en-fraccionamiento-de-cholula\/","og_locale":"es_ES","og_type":"article","og_title":"Traiciona la confianza: cae vigilante por robo en fraccionamiento de San Pedro Cholula - Fer Abrajan","og_description":"La parte afectada report\u00f3 la sustracci\u00f3n de dinero en efectivo, por lo que los elementos policiales procedieron a la detenci\u00f3n de Juli\u00e1n \u201cN\u201d, por su probable participaci\u00f3n en hechos constitutivos de delito.","og_url":"https:\/\/ferabrajan.com\/portal\/2026\/01\/14\/traiciona-la-confianza-cae-vigilante-por-robo-en-fraccionamiento-de-cholula\/","og_site_name":"Fer Abrajan","article_publisher":"https:\/\/www.facebook.com\/NoticiasconFerAbrajan\/","article_published_time":"2026-01-14T14:52:18+00:00","article_modified_time":"2026-01-14T14:53:48+00:00","og_image":[{"width":1040,"height":640,"url":"https:\/\/ferabrajan.com\/portal\/wp-content\/uploads\/2026\/01\/cholula.jpg","type":"image\/jpeg"}],"author":"Rebeca N\u00fa\u00f1ez","twitter_card":"summary_large_image","twitter_creator":"@ferabrajan1","twitter_site":"@ferabrajan1","twitter_misc":{"Escrito por":"Rebeca N\u00fa\u00f1ez","Tiempo de lectura":"2 minutos"},"schema":{"@context":"https:\/\/schema.org","@graph":[{"@type":"Article","@id":"https:\/\/ferabrajan.com\/portal\/2026\/01\/14\/traiciona-la-confianza-cae-vigilante-por-robo-en-fraccionamiento-de-cholula\/#article","isPartOf":{"@id":"https:\/\/ferabrajan.com\/portal\/2026\/01\/14\/traiciona-la-confianza-cae-vigilante-por-robo-en-fraccionamiento-de-cholula\/"},"author":{"name":"Rebeca N\u00fa\u00f1ez","@id":"https:\/\/ferabrajan.com\/portal\/#\/schema\/person\/a79364e0091921e733584c4833bc7a50"},"headline":"Traiciona la confianza: cae vigilante por robo en fraccionamiento de San Pedro Cholula","datePublished":"2026-01-14T14:52:18+00:00","dateModified":"2026-01-14T14:53:48+00:00","mainEntityOfPage":{"@id":"https:\/\/ferabrajan.com\/portal\/2026\/01\/14\/traiciona-la-confianza-cae-vigilante-por-robo-en-fraccionamiento-de-cholula\/"},"wordCount":227,"publisher":{"@id":"https:\/\/ferabrajan.com\/portal\/#organization"},"image":{"@id":"https:\/\/ferabrajan.com\/portal\/2026\/01\/14\/traiciona-la-confianza-cae-vigilante-por-robo-en-fraccionamiento-de-cholula\/#primaryimage"},"thumbnailUrl":"https:\/\/ferabrajan.com\/portal\/wp-content\/uploads\/2026\/01\/cholula.jpg","keywords":["San Pedro Cholula","SSC Cholula"],"articleSection":["Principal","Puebla"],"inLanguage":"es"},{"@type":"WebPage","@id":"https:\/\/ferabrajan.com\/portal\/2026\/01\/14\/traiciona-la-confianza-cae-vigilante-por-robo-en-fraccionamiento-de-cholula\/","url":"https:\/\/ferabrajan.com\/portal\/2026\/01\/14\/traiciona-la-confianza-cae-vigilante-por-robo-en-fraccionamiento-de-cholula\/","name":"Traiciona la confianza: cae vigilante por robo en fraccionamiento de San Pedro Cholula - Fer Abrajan","isPartOf":{"@id":"https:\/\/ferabrajan.com\/portal\/#website"},"primaryImageOfPage":{"@id":"https:\/\/ferabrajan.com\/portal\/2026\/01\/14\/traiciona-la-confianza-cae-vigilante-por-robo-en-fraccionamiento-de-cholula\/#primaryimage"},"image":{"@id":"https:\/\/ferabrajan.com\/portal\/2026\/01\/14\/traiciona-la-confianza-cae-vigilante-por-robo-en-fraccionamiento-de-cholula\/#primaryimage"},"thumbnailUrl":"https:\/\/ferabrajan.com\/portal\/wp-content\/uploads\/2026\/01\/cholula.jpg","datePublished":"2026-01-14T14:52:18+00:00","dateModified":"2026-01-14T14:53:48+00:00","breadcrumb":{"@id":"https:\/\/ferabrajan.com\/portal\/2026\/01\/14\/traiciona-la-confianza-cae-vigilante-por-robo-en-fraccionamiento-de-cholula\/#breadcrumb"},"inLanguage":"es","potentialAction":[{"@type":"ReadAction","target":["https:\/\/ferabrajan.com\/portal\/2026\/01\/14\/traiciona-la-confianza-cae-vigilante-por-robo-en-fraccionamiento-de-cholula\/"]}]},{"@type":"ImageObject","inLanguage":"es","@id":"https:\/\/ferabrajan.com\/portal\/2026\/01\/14\/traiciona-la-confianza-cae-vigilante-por-robo-en-fraccionamiento-de-cholula\/#primaryimage","url":"https:\/\/ferabrajan.com\/portal\/wp-content\/uploads\/2026\/01\/cholula.jpg","contentUrl":"https:\/\/ferabrajan.com\/portal\/wp-content\/uploads\/2026\/01\/cholula.jpg","width":1040,"height":640},{"@type":"BreadcrumbList","@id":"https:\/\/ferabrajan.com\/portal\/2026\/01\/14\/traiciona-la-confianza-cae-vigilante-por-robo-en-fraccionamiento-de-cholula\/#breadcrumb","itemListElement":[{"@type":"ListItem","position":1,"name":"Portada","item":"https:\/\/ferabrajan.com\/portal\/"},{"@type":"ListItem","position":2,"name":"Traiciona la confianza: cae vigilante por robo en fraccionamiento de San Pedro Cholula"}]},{"@type":"WebSite","@id":"https:\/\/ferabrajan.com\/portal\/#website","url":"https:\/\/ferabrajan.com\/portal\/","name":"Fer Abrajan","description":"Noticias de Puebla, opini\u00f3n y radio en vivo","publisher":{"@id":"https:\/\/ferabrajan.com\/portal\/#organization"},"potentialAction":[{"@type":"SearchAction","target":{"@type":"EntryPoint","urlTemplate":"https:\/\/ferabrajan.com\/portal\/?s={search_term_string}"},"query-input":{"@type":"PropertyValueSpecification","valueRequired":true,"valueName":"search_term_string"}}],"inLanguage":"es"},{"@type":"Organization","@id":"https:\/\/ferabrajan.com\/portal\/#organization","name":"Fer Abrajan","url":"https:\/\/ferabrajan.com\/portal\/","logo":{"@type":"ImageObject","inLanguage":"es","@id":"https:\/\/ferabrajan.com\/portal\/#\/schema\/logo\/image\/","url":"https:\/\/ferabrajan.com\/portal\/wp-content\/uploads\/2024\/10\/cropped-logo.jpeg","contentUrl":"https:\/\/ferabrajan.com\/portal\/wp-content\/uploads\/2024\/10\/cropped-logo.jpeg","width":500,"height":250,"caption":"Fer Abrajan"},"image":{"@id":"https:\/\/ferabrajan.com\/portal\/#\/schema\/logo\/image\/"},"sameAs":["https:\/\/www.facebook.com\/NoticiasconFerAbrajan\/","https:\/\/x.com\/ferabrajan1"]},{"@type":"Person","@id":"https:\/\/ferabrajan.com\/portal\/#\/schema\/person\/a79364e0091921e733584c4833bc7a50","name":"Rebeca N\u00fa\u00f1ez","image":{"@type":"ImageObject","inLanguage":"es","@id":"https:\/\/secure.gravatar.com\/avatar\/c9cbf721287e849268cd37eca93cf4be51b2eed9e71c8d0c6825bd912000b74e?s=96&d=mm&r=g","url":"https:\/\/secure.gravatar.com\/avatar\/c9cbf721287e849268cd37eca93cf4be51b2eed9e71c8d0c6825bd912000b74e?s=96&d=mm&r=g","contentUrl":"https:\/\/secure.gravatar.com\/avatar\/c9cbf721287e849268cd37eca93cf4be51b2eed9e71c8d0c6825bd912000b74e?s=96&d=mm&r=g","caption":"Rebeca N\u00fa\u00f1ez"},"url":"https:\/\/ferabrajan.com\/portal\/author\/rebeca\/"}]}},"_links":{"self":[{"href":"https:\/\/ferabrajan.com\/portal\/wp-json\/wp\/v2\/posts\/79036","targetHints":{"allow":["GET"]}}],"collection":[{"href":"https:\/\/ferabrajan.com\/portal\/wp-json\/wp\/v2\/posts"}],"about":[{"href":"https:\/\/ferabrajan.com\/portal\/wp-json\/wp\/v2\/types\/post"}],"author":[{"embeddable":true,"href":"https:\/\/ferabrajan.com\/portal\/wp-json\/wp\/v2\/users\/3"}],"replies":[{"embeddable":true,"href":"https:\/\/ferabrajan.com\/portal\/wp-json\/wp\/v2\/comments?post=79036"}],"version-history":[{"count":2,"href":"https:\/\/ferabrajan.com\/portal\/wp-json\/wp\/v2\/posts\/79036\/revisions"}],"predecessor-version":[{"id":79040,"href":"https:\/\/ferabrajan.com\/portal\/wp-json\/wp\/v2\/posts\/79036\/revisions\/79040"}],"wp:featuredmedia":[{"embeddable":true,"href":"https:\/\/ferabrajan.com\/portal\/wp-json\/wp\/v2\/media\/79038"}],"wp:attachment":[{"href":"https:\/\/ferabrajan.com\/portal\/wp-json\/wp\/v2\/media?parent=79036"}],"wp:term":[{"taxonomy":"category","embeddable":true,"href":"https:\/\/ferabrajan.com\/portal\/wp-json\/wp\/v2\/categories?post=79036"},{"taxonomy":"post_tag","embeddable":true,"href":"https:\/\/ferabrajan.com\/portal\/wp-json\/wp\/v2\/tags?post=79036"}],"curies":[{"name":"wp","href":"https:\/\/api.w.org\/{rel}","templated":true}]}}