{"id":78693,"date":"2025-12-28T15:26:46","date_gmt":"2025-12-28T15:26:46","guid":{"rendered":"https:\/\/ferabrajan.com\/portal\/?p=78693"},"modified":"2025-12-28T15:26:46","modified_gmt":"2025-12-28T15:26:46","slug":"tragedia-en-tenango-localizan-a-menor-en-presa-de-huauchinango","status":"publish","type":"post","link":"https:\/\/ferabrajan.com\/portal\/2025\/12\/28\/tragedia-en-tenango-localizan-a-menor-en-presa-de-huauchinango\/","title":{"rendered":"Tragedia en Tenango: localizan a menor en presa de Huauchinango"},"content":{"rendered":"<p data-start=\"246\" data-end=\"472\"><strong data-start=\"246\" data-end=\"316\">Un menor de 17 a\u00f1os fue localizado sin vida en la Presa de Tenango<\/strong>, en el paraje conocido como <em data-start=\"345\" data-end=\"356\">Los Pinos<\/em>, en el municipio de Huauchinango, tras un operativo coordinado entre cuerpos de emergencia estatales y municipales.<\/p>\n<p data-start=\"474\" data-end=\"739\">De acuerdo con la Coordinaci\u00f3n General de Protecci\u00f3n Civil y Gesti\u00f3n del Riesgo de Desastres, <strong data-start=\"568\" data-end=\"615\">el reporte fue recibido de manera inmediata<\/strong>, lo que permiti\u00f3 activar labores de b\u00fasqueda con apoyo de personal municipal, Seguridad P\u00fablica y Bomberos de Huauchinango.<\/p>\n<p data-start=\"741\" data-end=\"1052\">Seg\u00fan los primeros reportes, <strong data-start=\"770\" data-end=\"843\">el joven se encontraba jugando con una pelota a la orilla de la presa<\/strong>, cuando el bal\u00f3n cay\u00f3 al agua. Al intentar recuperarlo, ingres\u00f3 al cuerpo de agua y <strong data-start=\"928\" data-end=\"1001\">se sumergi\u00f3 en una zona con una profundidad aproximada de 2.50 metros<\/strong>. El cuerpo fue recuperado la tarde de este s\u00e1bado.<\/p>\n<p data-start=\"1054\" data-end=\"1319\">Las autoridades reiteraron el <strong data-start=\"1084\" data-end=\"1163\">llamado a la poblaci\u00f3n a no ingresar a presas, r\u00edos o pozos sin supervisi\u00f3n<\/strong>, respetar la se\u00f1alizaci\u00f3n de riesgo y <strong data-start=\"1202\" data-end=\"1273\">reforzar la cultura de la prevenci\u00f3n en ni\u00f1as, ni\u00f1os y adolescentes<\/strong>, especialmente durante periodos vacacionales.<\/p>\n<p data-start=\"1321\" data-end=\"1499\">La Coordinaci\u00f3n General de Protecci\u00f3n Civil subray\u00f3 la importancia de <strong data-start=\"1391\" data-end=\"1435\">extremar precauciones en cuerpos de agua<\/strong>, a fin de evitar tragedias que enlutan a las familias poblanas.<\/p>\n","protected":false},"excerpt":{"rendered":"<p>Protecci\u00f3n Civil exhorta a la poblaci\u00f3n a no meterse a nadar sin supervisi\u00f3n en presas, r\u00edos o pozos; a respetar las se\u00f1alizaciones de riesgo <\/p>\n","protected":false},"author":3,"featured_media":78694,"comment_status":"closed","ping_status":"closed","sticky":false,"template":"","format":"standard","meta":{"_monsterinsights_skip_tracking":false,"_uf_show_specific_survey":0,"_uf_disable_surveys":false,"footnotes":""},"categories":[585,34],"tags":[531],"class_list":["post-78693","post","type-post","status-publish","format-standard","has-post-thumbnail","hentry","category-principal","category-puebla","tag-proteccion-civil"],"yoast_head":"<!-- This site is optimized with the Yoast SEO plugin v27.5 - https:\/\/yoast.com\/product\/yoast-seo-wordpress\/ -->\n<title>Tragedia en Tenango: localizan a menor en presa de Huauchinango - Fer Abrajan<\/title>\n<meta name=\"robots\" content=\"index, follow, max-snippet:-1, max-image-preview:large, max-video-preview:-1\" \/>\n<link rel=\"canonical\" href=\"https:\/\/ferabrajan.com\/portal\/2025\/12\/28\/tragedia-en-tenango-localizan-a-menor-en-presa-de-huauchinango\/\" \/>\n<meta property=\"og:locale\" content=\"es_ES\" \/>\n<meta property=\"og:type\" content=\"article\" \/>\n<meta property=\"og:title\" content=\"Tragedia en Tenango: localizan a menor en presa de Huauchinango - Fer Abrajan\" \/>\n<meta property=\"og:description\" content=\"Protecci\u00f3n Civil exhorta a la poblaci\u00f3n a no meterse a nadar sin supervisi\u00f3n en presas, r\u00edos o pozos; a respetar las se\u00f1alizaciones de riesgo\" \/>\n<meta property=\"og:url\" content=\"https:\/\/ferabrajan.com\/portal\/2025\/12\/28\/tragedia-en-tenango-localizan-a-menor-en-presa-de-huauchinango\/\" \/>\n<meta property=\"og:site_name\" content=\"Fer Abrajan\" \/>\n<meta property=\"article:publisher\" content=\"https:\/\/www.facebook.com\/NoticiasconFerAbrajan\/\" \/>\n<meta property=\"article:published_time\" content=\"2025-12-28T15:26:46+00:00\" \/>\n<meta property=\"og:image\" content=\"https:\/\/ferabrajan.com\/portal\/wp-content\/uploads\/2025\/12\/PC_4_1.jpeg\" \/>\n\t<meta property=\"og:image:width\" content=\"1280\" \/>\n\t<meta property=\"og:image:height\" content=\"963\" \/>\n\t<meta property=\"og:image:type\" content=\"image\/jpeg\" \/>\n<meta name=\"author\" content=\"Rebeca N\u00fa\u00f1ez\" \/>\n<meta name=\"twitter:card\" content=\"summary_large_image\" \/>\n<meta name=\"twitter:creator\" content=\"@ferabrajan1\" \/>\n<meta name=\"twitter:site\" content=\"@ferabrajan1\" \/>\n<meta name=\"twitter:label1\" content=\"Escrito por\" \/>\n\t<meta name=\"twitter:data1\" content=\"Rebeca N\u00fa\u00f1ez\" \/>\n\t<meta name=\"twitter:label2\" content=\"Tiempo de lectura\" \/>\n\t<meta name=\"twitter:data2\" content=\"2 minutos\" \/>\n<script type=\"application\/ld+json\" class=\"yoast-schema-graph\">{\"@context\":\"https:\\\/\\\/schema.org\",\"@graph\":[{\"@type\":\"Article\",\"@id\":\"https:\\\/\\\/ferabrajan.com\\\/portal\\\/2025\\\/12\\\/28\\\/tragedia-en-tenango-localizan-a-menor-en-presa-de-huauchinango\\\/#article\",\"isPartOf\":{\"@id\":\"https:\\\/\\\/ferabrajan.com\\\/portal\\\/2025\\\/12\\\/28\\\/tragedia-en-tenango-localizan-a-menor-en-presa-de-huauchinango\\\/\"},\"author\":{\"name\":\"Rebeca N\u00fa\u00f1ez\",\"@id\":\"https:\\\/\\\/ferabrajan.com\\\/portal\\\/#\\\/schema\\\/person\\\/a79364e0091921e733584c4833bc7a50\"},\"headline\":\"Tragedia en Tenango: localizan a menor en presa de Huauchinango\",\"datePublished\":\"2025-12-28T15:26:46+00:00\",\"mainEntityOfPage\":{\"@id\":\"https:\\\/\\\/ferabrajan.com\\\/portal\\\/2025\\\/12\\\/28\\\/tragedia-en-tenango-localizan-a-menor-en-presa-de-huauchinango\\\/\"},\"wordCount\":224,\"publisher\":{\"@id\":\"https:\\\/\\\/ferabrajan.com\\\/portal\\\/#organization\"},\"image\":{\"@id\":\"https:\\\/\\\/ferabrajan.com\\\/portal\\\/2025\\\/12\\\/28\\\/tragedia-en-tenango-localizan-a-menor-en-presa-de-huauchinango\\\/#primaryimage\"},\"thumbnailUrl\":\"https:\\\/\\\/ferabrajan.com\\\/portal\\\/wp-content\\\/uploads\\\/2025\\\/12\\\/PC_4_1.jpeg\",\"keywords\":[\"Protecci\u00f3n Civil\"],\"articleSection\":[\"Principal\",\"Puebla\"],\"inLanguage\":\"es\"},{\"@type\":\"WebPage\",\"@id\":\"https:\\\/\\\/ferabrajan.com\\\/portal\\\/2025\\\/12\\\/28\\\/tragedia-en-tenango-localizan-a-menor-en-presa-de-huauchinango\\\/\",\"url\":\"https:\\\/\\\/ferabrajan.com\\\/portal\\\/2025\\\/12\\\/28\\\/tragedia-en-tenango-localizan-a-menor-en-presa-de-huauchinango\\\/\",\"name\":\"Tragedia en Tenango: localizan a menor en presa de Huauchinango - Fer Abrajan\",\"isPartOf\":{\"@id\":\"https:\\\/\\\/ferabrajan.com\\\/portal\\\/#website\"},\"primaryImageOfPage\":{\"@id\":\"https:\\\/\\\/ferabrajan.com\\\/portal\\\/2025\\\/12\\\/28\\\/tragedia-en-tenango-localizan-a-menor-en-presa-de-huauchinango\\\/#primaryimage\"},\"image\":{\"@id\":\"https:\\\/\\\/ferabrajan.com\\\/portal\\\/2025\\\/12\\\/28\\\/tragedia-en-tenango-localizan-a-menor-en-presa-de-huauchinango\\\/#primaryimage\"},\"thumbnailUrl\":\"https:\\\/\\\/ferabrajan.com\\\/portal\\\/wp-content\\\/uploads\\\/2025\\\/12\\\/PC_4_1.jpeg\",\"datePublished\":\"2025-12-28T15:26:46+00:00\",\"breadcrumb\":{\"@id\":\"https:\\\/\\\/ferabrajan.com\\\/portal\\\/2025\\\/12\\\/28\\\/tragedia-en-tenango-localizan-a-menor-en-presa-de-huauchinango\\\/#breadcrumb\"},\"inLanguage\":\"es\",\"potentialAction\":[{\"@type\":\"ReadAction\",\"target\":[\"https:\\\/\\\/ferabrajan.com\\\/portal\\\/2025\\\/12\\\/28\\\/tragedia-en-tenango-localizan-a-menor-en-presa-de-huauchinango\\\/\"]}]},{\"@type\":\"ImageObject\",\"inLanguage\":\"es\",\"@id\":\"https:\\\/\\\/ferabrajan.com\\\/portal\\\/2025\\\/12\\\/28\\\/tragedia-en-tenango-localizan-a-menor-en-presa-de-huauchinango\\\/#primaryimage\",\"url\":\"https:\\\/\\\/ferabrajan.com\\\/portal\\\/wp-content\\\/uploads\\\/2025\\\/12\\\/PC_4_1.jpeg\",\"contentUrl\":\"https:\\\/\\\/ferabrajan.com\\\/portal\\\/wp-content\\\/uploads\\\/2025\\\/12\\\/PC_4_1.jpeg\",\"width\":1280,\"height\":963},{\"@type\":\"BreadcrumbList\",\"@id\":\"https:\\\/\\\/ferabrajan.com\\\/portal\\\/2025\\\/12\\\/28\\\/tragedia-en-tenango-localizan-a-menor-en-presa-de-huauchinango\\\/#breadcrumb\",\"itemListElement\":[{\"@type\":\"ListItem\",\"position\":1,\"name\":\"Portada\",\"item\":\"https:\\\/\\\/ferabrajan.com\\\/portal\\\/\"},{\"@type\":\"ListItem\",\"position\":2,\"name\":\"Tragedia en Tenango: localizan a menor en presa de Huauchinango\"}]},{\"@type\":\"WebSite\",\"@id\":\"https:\\\/\\\/ferabrajan.com\\\/portal\\\/#website\",\"url\":\"https:\\\/\\\/ferabrajan.com\\\/portal\\\/\",\"name\":\"Fer Abrajan\",\"description\":\"Noticias de Puebla, opini\u00f3n y radio en vivo\",\"publisher\":{\"@id\":\"https:\\\/\\\/ferabrajan.com\\\/portal\\\/#organization\"},\"potentialAction\":[{\"@type\":\"SearchAction\",\"target\":{\"@type\":\"EntryPoint\",\"urlTemplate\":\"https:\\\/\\\/ferabrajan.com\\\/portal\\\/?s={search_term_string}\"},\"query-input\":{\"@type\":\"PropertyValueSpecification\",\"valueRequired\":true,\"valueName\":\"search_term_string\"}}],\"inLanguage\":\"es\"},{\"@type\":\"Organization\",\"@id\":\"https:\\\/\\\/ferabrajan.com\\\/portal\\\/#organization\",\"name\":\"Fer Abrajan\",\"url\":\"https:\\\/\\\/ferabrajan.com\\\/portal\\\/\",\"logo\":{\"@type\":\"ImageObject\",\"inLanguage\":\"es\",\"@id\":\"https:\\\/\\\/ferabrajan.com\\\/portal\\\/#\\\/schema\\\/logo\\\/image\\\/\",\"url\":\"https:\\\/\\\/ferabrajan.com\\\/portal\\\/wp-content\\\/uploads\\\/2024\\\/10\\\/cropped-logo.jpeg\",\"contentUrl\":\"https:\\\/\\\/ferabrajan.com\\\/portal\\\/wp-content\\\/uploads\\\/2024\\\/10\\\/cropped-logo.jpeg\",\"width\":500,\"height\":250,\"caption\":\"Fer Abrajan\"},\"image\":{\"@id\":\"https:\\\/\\\/ferabrajan.com\\\/portal\\\/#\\\/schema\\\/logo\\\/image\\\/\"},\"sameAs\":[\"https:\\\/\\\/www.facebook.com\\\/NoticiasconFerAbrajan\\\/\",\"https:\\\/\\\/x.com\\\/ferabrajan1\"]},{\"@type\":\"Person\",\"@id\":\"https:\\\/\\\/ferabrajan.com\\\/portal\\\/#\\\/schema\\\/person\\\/a79364e0091921e733584c4833bc7a50\",\"name\":\"Rebeca N\u00fa\u00f1ez\",\"image\":{\"@type\":\"ImageObject\",\"inLanguage\":\"es\",\"@id\":\"https:\\\/\\\/secure.gravatar.com\\\/avatar\\\/c9cbf721287e849268cd37eca93cf4be51b2eed9e71c8d0c6825bd912000b74e?s=96&d=mm&r=g\",\"url\":\"https:\\\/\\\/secure.gravatar.com\\\/avatar\\\/c9cbf721287e849268cd37eca93cf4be51b2eed9e71c8d0c6825bd912000b74e?s=96&d=mm&r=g\",\"contentUrl\":\"https:\\\/\\\/secure.gravatar.com\\\/avatar\\\/c9cbf721287e849268cd37eca93cf4be51b2eed9e71c8d0c6825bd912000b74e?s=96&d=mm&r=g\",\"caption\":\"Rebeca N\u00fa\u00f1ez\"},\"url\":\"https:\\\/\\\/ferabrajan.com\\\/portal\\\/author\\\/rebeca\\\/\"}]}<\/script>\n<!-- \/ Yoast SEO plugin. -->","yoast_head_json":{"title":"Tragedia en Tenango: localizan a menor en presa de Huauchinango - Fer Abrajan","robots":{"index":"index","follow":"follow","max-snippet":"max-snippet:-1","max-image-preview":"max-image-preview:large","max-video-preview":"max-video-preview:-1"},"canonical":"https:\/\/ferabrajan.com\/portal\/2025\/12\/28\/tragedia-en-tenango-localizan-a-menor-en-presa-de-huauchinango\/","og_locale":"es_ES","og_type":"article","og_title":"Tragedia en Tenango: localizan a menor en presa de Huauchinango - Fer Abrajan","og_description":"Protecci\u00f3n Civil exhorta a la poblaci\u00f3n a no meterse a nadar sin supervisi\u00f3n en presas, r\u00edos o pozos; a respetar las se\u00f1alizaciones de riesgo","og_url":"https:\/\/ferabrajan.com\/portal\/2025\/12\/28\/tragedia-en-tenango-localizan-a-menor-en-presa-de-huauchinango\/","og_site_name":"Fer Abrajan","article_publisher":"https:\/\/www.facebook.com\/NoticiasconFerAbrajan\/","article_published_time":"2025-12-28T15:26:46+00:00","og_image":[{"width":1280,"height":963,"url":"https:\/\/ferabrajan.com\/portal\/wp-content\/uploads\/2025\/12\/PC_4_1.jpeg","type":"image\/jpeg"}],"author":"Rebeca N\u00fa\u00f1ez","twitter_card":"summary_large_image","twitter_creator":"@ferabrajan1","twitter_site":"@ferabrajan1","twitter_misc":{"Escrito por":"Rebeca N\u00fa\u00f1ez","Tiempo de lectura":"2 minutos"},"schema":{"@context":"https:\/\/schema.org","@graph":[{"@type":"Article","@id":"https:\/\/ferabrajan.com\/portal\/2025\/12\/28\/tragedia-en-tenango-localizan-a-menor-en-presa-de-huauchinango\/#article","isPartOf":{"@id":"https:\/\/ferabrajan.com\/portal\/2025\/12\/28\/tragedia-en-tenango-localizan-a-menor-en-presa-de-huauchinango\/"},"author":{"name":"Rebeca N\u00fa\u00f1ez","@id":"https:\/\/ferabrajan.com\/portal\/#\/schema\/person\/a79364e0091921e733584c4833bc7a50"},"headline":"Tragedia en Tenango: localizan a menor en presa de Huauchinango","datePublished":"2025-12-28T15:26:46+00:00","mainEntityOfPage":{"@id":"https:\/\/ferabrajan.com\/portal\/2025\/12\/28\/tragedia-en-tenango-localizan-a-menor-en-presa-de-huauchinango\/"},"wordCount":224,"publisher":{"@id":"https:\/\/ferabrajan.com\/portal\/#organization"},"image":{"@id":"https:\/\/ferabrajan.com\/portal\/2025\/12\/28\/tragedia-en-tenango-localizan-a-menor-en-presa-de-huauchinango\/#primaryimage"},"thumbnailUrl":"https:\/\/ferabrajan.com\/portal\/wp-content\/uploads\/2025\/12\/PC_4_1.jpeg","keywords":["Protecci\u00f3n Civil"],"articleSection":["Principal","Puebla"],"inLanguage":"es"},{"@type":"WebPage","@id":"https:\/\/ferabrajan.com\/portal\/2025\/12\/28\/tragedia-en-tenango-localizan-a-menor-en-presa-de-huauchinango\/","url":"https:\/\/ferabrajan.com\/portal\/2025\/12\/28\/tragedia-en-tenango-localizan-a-menor-en-presa-de-huauchinango\/","name":"Tragedia en Tenango: localizan a menor en presa de Huauchinango - Fer Abrajan","isPartOf":{"@id":"https:\/\/ferabrajan.com\/portal\/#website"},"primaryImageOfPage":{"@id":"https:\/\/ferabrajan.com\/portal\/2025\/12\/28\/tragedia-en-tenango-localizan-a-menor-en-presa-de-huauchinango\/#primaryimage"},"image":{"@id":"https:\/\/ferabrajan.com\/portal\/2025\/12\/28\/tragedia-en-tenango-localizan-a-menor-en-presa-de-huauchinango\/#primaryimage"},"thumbnailUrl":"https:\/\/ferabrajan.com\/portal\/wp-content\/uploads\/2025\/12\/PC_4_1.jpeg","datePublished":"2025-12-28T15:26:46+00:00","breadcrumb":{"@id":"https:\/\/ferabrajan.com\/portal\/2025\/12\/28\/tragedia-en-tenango-localizan-a-menor-en-presa-de-huauchinango\/#breadcrumb"},"inLanguage":"es","potentialAction":[{"@type":"ReadAction","target":["https:\/\/ferabrajan.com\/portal\/2025\/12\/28\/tragedia-en-tenango-localizan-a-menor-en-presa-de-huauchinango\/"]}]},{"@type":"ImageObject","inLanguage":"es","@id":"https:\/\/ferabrajan.com\/portal\/2025\/12\/28\/tragedia-en-tenango-localizan-a-menor-en-presa-de-huauchinango\/#primaryimage","url":"https:\/\/ferabrajan.com\/portal\/wp-content\/uploads\/2025\/12\/PC_4_1.jpeg","contentUrl":"https:\/\/ferabrajan.com\/portal\/wp-content\/uploads\/2025\/12\/PC_4_1.jpeg","width":1280,"height":963},{"@type":"BreadcrumbList","@id":"https:\/\/ferabrajan.com\/portal\/2025\/12\/28\/tragedia-en-tenango-localizan-a-menor-en-presa-de-huauchinango\/#breadcrumb","itemListElement":[{"@type":"ListItem","position":1,"name":"Portada","item":"https:\/\/ferabrajan.com\/portal\/"},{"@type":"ListItem","position":2,"name":"Tragedia en Tenango: localizan a menor en presa de Huauchinango"}]},{"@type":"WebSite","@id":"https:\/\/ferabrajan.com\/portal\/#website","url":"https:\/\/ferabrajan.com\/portal\/","name":"Fer Abrajan","description":"Noticias de Puebla, opini\u00f3n y radio en vivo","publisher":{"@id":"https:\/\/ferabrajan.com\/portal\/#organization"},"potentialAction":[{"@type":"SearchAction","target":{"@type":"EntryPoint","urlTemplate":"https:\/\/ferabrajan.com\/portal\/?s={search_term_string}"},"query-input":{"@type":"PropertyValueSpecification","valueRequired":true,"valueName":"search_term_string"}}],"inLanguage":"es"},{"@type":"Organization","@id":"https:\/\/ferabrajan.com\/portal\/#organization","name":"Fer Abrajan","url":"https:\/\/ferabrajan.com\/portal\/","logo":{"@type":"ImageObject","inLanguage":"es","@id":"https:\/\/ferabrajan.com\/portal\/#\/schema\/logo\/image\/","url":"https:\/\/ferabrajan.com\/portal\/wp-content\/uploads\/2024\/10\/cropped-logo.jpeg","contentUrl":"https:\/\/ferabrajan.com\/portal\/wp-content\/uploads\/2024\/10\/cropped-logo.jpeg","width":500,"height":250,"caption":"Fer Abrajan"},"image":{"@id":"https:\/\/ferabrajan.com\/portal\/#\/schema\/logo\/image\/"},"sameAs":["https:\/\/www.facebook.com\/NoticiasconFerAbrajan\/","https:\/\/x.com\/ferabrajan1"]},{"@type":"Person","@id":"https:\/\/ferabrajan.com\/portal\/#\/schema\/person\/a79364e0091921e733584c4833bc7a50","name":"Rebeca N\u00fa\u00f1ez","image":{"@type":"ImageObject","inLanguage":"es","@id":"https:\/\/secure.gravatar.com\/avatar\/c9cbf721287e849268cd37eca93cf4be51b2eed9e71c8d0c6825bd912000b74e?s=96&d=mm&r=g","url":"https:\/\/secure.gravatar.com\/avatar\/c9cbf721287e849268cd37eca93cf4be51b2eed9e71c8d0c6825bd912000b74e?s=96&d=mm&r=g","contentUrl":"https:\/\/secure.gravatar.com\/avatar\/c9cbf721287e849268cd37eca93cf4be51b2eed9e71c8d0c6825bd912000b74e?s=96&d=mm&r=g","caption":"Rebeca N\u00fa\u00f1ez"},"url":"https:\/\/ferabrajan.com\/portal\/author\/rebeca\/"}]}},"_links":{"self":[{"href":"https:\/\/ferabrajan.com\/portal\/wp-json\/wp\/v2\/posts\/78693","targetHints":{"allow":["GET"]}}],"collection":[{"href":"https:\/\/ferabrajan.com\/portal\/wp-json\/wp\/v2\/posts"}],"about":[{"href":"https:\/\/ferabrajan.com\/portal\/wp-json\/wp\/v2\/types\/post"}],"author":[{"embeddable":true,"href":"https:\/\/ferabrajan.com\/portal\/wp-json\/wp\/v2\/users\/3"}],"replies":[{"embeddable":true,"href":"https:\/\/ferabrajan.com\/portal\/wp-json\/wp\/v2\/comments?post=78693"}],"version-history":[{"count":1,"href":"https:\/\/ferabrajan.com\/portal\/wp-json\/wp\/v2\/posts\/78693\/revisions"}],"predecessor-version":[{"id":78695,"href":"https:\/\/ferabrajan.com\/portal\/wp-json\/wp\/v2\/posts\/78693\/revisions\/78695"}],"wp:featuredmedia":[{"embeddable":true,"href":"https:\/\/ferabrajan.com\/portal\/wp-json\/wp\/v2\/media\/78694"}],"wp:attachment":[{"href":"https:\/\/ferabrajan.com\/portal\/wp-json\/wp\/v2\/media?parent=78693"}],"wp:term":[{"taxonomy":"category","embeddable":true,"href":"https:\/\/ferabrajan.com\/portal\/wp-json\/wp\/v2\/categories?post=78693"},{"taxonomy":"post_tag","embeddable":true,"href":"https:\/\/ferabrajan.com\/portal\/wp-json\/wp\/v2\/tags?post=78693"}],"curies":[{"name":"wp","href":"https:\/\/api.w.org\/{rel}","templated":true}]}}