{"id":78687,"date":"2025-12-26T17:36:39","date_gmt":"2025-12-26T17:36:39","guid":{"rendered":"https:\/\/ferabrajan.com\/portal\/?p=78687"},"modified":"2025-12-26T17:36:39","modified_gmt":"2025-12-26T17:36:39","slug":"una-navidad-compartida-puebla-abre-la-mesa-a-miles-de-familias","status":"publish","type":"post","link":"https:\/\/ferabrajan.com\/portal\/2025\/12\/26\/una-navidad-compartida-puebla-abre-la-mesa-a-miles-de-familias\/","title":{"rendered":"Una Navidad compartida: Puebla abre la mesa a miles de familias"},"content":{"rendered":"<p data-start=\"235\" data-end=\"484\"><strong data-start=\"235\" data-end=\"342\">M\u00e1s de 3 mil poblanas y poblanos celebraron la Nochebuena en un ambiente de uni\u00f3n, compa\u00f1\u00eda y esperanza<\/strong>, durante la Cena Navide\u00f1a organizada por el Gobierno del Estado en el Centro Expositor, como parte del Festival Navide\u00f1o <em data-start=\"464\" data-end=\"483\">Por Amor a Puebla<\/em>.<\/p>\n<p data-start=\"486\" data-end=\"782\">En representaci\u00f3n del gobernador <strong data-start=\"519\" data-end=\"540\">Alejandro Armenta<\/strong>, el coordinador de Gabinete, <strong data-start=\"570\" data-end=\"596\">Jos\u00e9 Luis Garc\u00eda Parra<\/strong>, envi\u00f3 un mensaje claro a las familias asistentes: <strong data-start=\"648\" data-end=\"781\">\u201cNo est\u00e1n solas ni solos; tienen un gobierno cercano que los escucha, les extiende la mano y trabaja incansablemente por ustedes\u201d<\/strong>.<\/p>\n<p data-start=\"784\" data-end=\"1024\">La velada se vivi\u00f3 en un ambiente c\u00e1lido y familiar, con <strong data-start=\"841\" data-end=\"897\">m\u00fasica en vivo, baile, regalos y una cena compartida<\/strong>, que por segundo a\u00f1o consecutivo reuni\u00f3 a miles de personas que encontraron en este espacio un lugar para convivir y celebrar.<\/p>\n<p data-start=\"784\" data-end=\"1024\"><img fetchpriority=\"high\" decoding=\"async\" class=\"alignnone size-medium wp-image-78689\" src=\"https:\/\/ferabrajan.com\/portal\/wp-content\/uploads\/2025\/12\/AA_25122_1_8-300x200.jpeg\" alt=\"\" width=\"300\" height=\"200\" srcset=\"https:\/\/ferabrajan.com\/portal\/wp-content\/uploads\/2025\/12\/AA_25122_1_8-300x200.jpeg 300w, https:\/\/ferabrajan.com\/portal\/wp-content\/uploads\/2025\/12\/AA_25122_1_8-1024x682.jpeg 1024w, https:\/\/ferabrajan.com\/portal\/wp-content\/uploads\/2025\/12\/AA_25122_1_8-768x512.jpeg 768w, https:\/\/ferabrajan.com\/portal\/wp-content\/uploads\/2025\/12\/AA_25122_1_8-1536x1023.jpeg 1536w, https:\/\/ferabrajan.com\/portal\/wp-content\/uploads\/2025\/12\/AA_25122_1_8.jpeg 1600w\" sizes=\"(max-width: 300px) 100vw, 300px\" \/> <img decoding=\"async\" class=\"alignnone size-medium wp-image-78690\" src=\"https:\/\/ferabrajan.com\/portal\/wp-content\/uploads\/2025\/12\/AA_25122_1_1-300x200.jpeg\" alt=\"\" width=\"300\" height=\"200\" srcset=\"https:\/\/ferabrajan.com\/portal\/wp-content\/uploads\/2025\/12\/AA_25122_1_1-300x200.jpeg 300w, https:\/\/ferabrajan.com\/portal\/wp-content\/uploads\/2025\/12\/AA_25122_1_1-1024x682.jpeg 1024w, https:\/\/ferabrajan.com\/portal\/wp-content\/uploads\/2025\/12\/AA_25122_1_1-768x512.jpeg 768w, https:\/\/ferabrajan.com\/portal\/wp-content\/uploads\/2025\/12\/AA_25122_1_1-1536x1023.jpeg 1536w, https:\/\/ferabrajan.com\/portal\/wp-content\/uploads\/2025\/12\/AA_25122_1_1.jpeg 1600w\" sizes=\"(max-width: 300px) 100vw, 300px\" \/><\/p>\n<p data-start=\"1026\" data-end=\"1301\">Entre las mesas, <strong data-start=\"1043\" data-end=\"1098\">historias de encuentro y compa\u00f1\u00eda marcaron la noche<\/strong>. Severiana Flores y Rosa Rosas llegaron solas, se conocieron ah\u00ed mismo y decidieron compartir la cena juntas. Ambas coincidieron en que la celebraci\u00f3n les permiti\u00f3 <strong data-start=\"1263\" data-end=\"1300\">no pasar la Nochebuena en soledad<\/strong>.<\/p>\n<p data-start=\"1303\" data-end=\"1518\">Desde Acajete, <strong data-start=\"1318\" data-end=\"1334\">Luis Vivanco<\/strong> viaj\u00f3 hasta la capital para sumarse a la cena y agradeci\u00f3 el esfuerzo del gobierno estatal. \u201cHay muchas familias que no siempre tienen para una cena, por eso esto se valora\u201d, expres\u00f3.<\/p>\n<p data-start=\"1520\" data-end=\"1859\">Tambi\u00e9n acudieron familias como la <strong data-start=\"1555\" data-end=\"1573\">Abrajam M\u00e9ndez<\/strong>, de la colonia Balcones del Sur, quienes destacaron el gesto como una oportunidad para vivir <strong data-start=\"1667\" data-end=\"1692\">una Navidad diferente<\/strong>, mientras que la <strong data-start=\"1710\" data-end=\"1728\">familia Franco<\/strong> asisti\u00f3 por segundo a\u00f1o consecutivo. \u201cGracias por incluir a quienes no tienen d\u00f3nde pasar la Navidad\u201d, comparti\u00f3 Ver\u00f3nica Aguilar.<\/p>\n<p data-start=\"1861\" data-end=\"2114\">Con estas acciones, el <strong data-start=\"1884\" data-end=\"1991\">Gobierno del Estado de Puebla reafirma su compromiso con el bienestar, la cercan\u00eda y la unidad familiar<\/strong>, impulsando celebraciones que fortalecen el tejido social y colocan a las personas en el centro de las pol\u00edticas p\u00fablicas.<\/p>\n","protected":false},"excerpt":{"rendered":"<p>M\u00e1s de 3 mil poblanas y poblanos celebraron la Nochebuena en un ambiente de uni\u00f3n, compa\u00f1\u00eda y esperanza, durante la Cena Navide\u00f1a organizada por el Gobierno del Estado en el Centro Expositor, como parte del Festival Navide\u00f1o Por Amor a Puebla. En representaci\u00f3n del gobernador Alejandro Armenta, el coordinador de Gabinete, Jos\u00e9 Luis Garc\u00eda Parra, envi\u00f3 un mensaje claro a las familias asistentes: \u201cNo est\u00e1n solas ni solos; tienen un gobierno cercano que los escucha, les extiende la mano y trabaja incansablemente por ustedes\u201d. La velada se vivi\u00f3 en un ambiente c\u00e1lido y familiar, con m\u00fasica en vivo, baile, regalos y una cena compartida, que por segundo a\u00f1o consecutivo reuni\u00f3 a miles de personas que encontraron en este espacio un lugar para convivir y celebrar. Entre las mesas, historias de encuentro y compa\u00f1\u00eda marcaron la noche. Severiana Flores y Rosa Rosas llegaron solas, se conocieron ah\u00ed mismo y decidieron compartir la cena juntas. Ambas coincidieron en que la celebraci\u00f3n les permiti\u00f3 no pasar la Nochebuena en soledad. Desde Acajete, Luis Vivanco viaj\u00f3 hasta la capital para sumarse a la cena y agradeci\u00f3 el esfuerzo del gobierno estatal. \u201cHay muchas familias que no siempre tienen para una cena, por eso esto se valora\u201d, expres\u00f3. Tambi\u00e9n acudieron familias como la Abrajam M\u00e9ndez, de la colonia Balcones del Sur, quienes destacaron el gesto como una oportunidad para vivir una Navidad diferente, mientras que la familia Franco asisti\u00f3 por segundo a\u00f1o consecutivo. \u201cGracias por incluir a quienes no tienen d\u00f3nde pasar la Navidad\u201d, comparti\u00f3 Ver\u00f3nica Aguilar. Con estas acciones, el Gobierno del Estado de Puebla reafirma su compromiso con el bienestar, la cercan\u00eda y la unidad familiar, impulsando celebraciones que fortalecen el tejido social y colocan a las personas en el centro de las pol\u00edticas p\u00fablicas.<\/p>\n","protected":false},"author":3,"featured_media":78688,"comment_status":"closed","ping_status":"closed","sticky":false,"template":"","format":"standard","meta":{"_monsterinsights_skip_tracking":false,"_uf_show_specific_survey":0,"_uf_disable_surveys":false,"footnotes":""},"categories":[585,34],"tags":[106,3290],"class_list":["post-78687","post","type-post","status-publish","format-standard","has-post-thumbnail","hentry","category-principal","category-puebla","tag-alejandro-armenta","tag-jose-luis-garcia-parra"],"yoast_head":"<!-- This site is optimized with the Yoast SEO plugin v27.5 - https:\/\/yoast.com\/product\/yoast-seo-wordpress\/ -->\n<title>Una Navidad compartida: Puebla abre la mesa a miles de familias - Fer Abrajan<\/title>\n<meta name=\"robots\" content=\"index, follow, max-snippet:-1, max-image-preview:large, max-video-preview:-1\" \/>\n<link rel=\"canonical\" href=\"https:\/\/ferabrajan.com\/portal\/2025\/12\/26\/una-navidad-compartida-puebla-abre-la-mesa-a-miles-de-familias\/\" \/>\n<meta property=\"og:locale\" content=\"es_ES\" \/>\n<meta property=\"og:type\" content=\"article\" \/>\n<meta property=\"og:title\" content=\"Una Navidad compartida: Puebla abre la mesa a miles de familias - Fer Abrajan\" \/>\n<meta property=\"og:description\" content=\"M\u00e1s de 3 mil poblanas y poblanos celebraron la Nochebuena en un ambiente de uni\u00f3n, compa\u00f1\u00eda y esperanza, durante la Cena Navide\u00f1a organizada por el Gobierno del Estado en el Centro Expositor, como parte del Festival Navide\u00f1o Por Amor a Puebla. En representaci\u00f3n del gobernador Alejandro Armenta, el coordinador de Gabinete, Jos\u00e9 Luis Garc\u00eda Parra, envi\u00f3 un mensaje claro a las familias asistentes: \u201cNo est\u00e1n solas ni solos; tienen un gobierno cercano que los escucha, les extiende la mano y trabaja incansablemente por ustedes\u201d. La velada se vivi\u00f3 en un ambiente c\u00e1lido y familiar, con m\u00fasica en vivo, baile, regalos y una cena compartida, que por segundo a\u00f1o consecutivo reuni\u00f3 a miles de personas que encontraron en este espacio un lugar para convivir y celebrar. Entre las mesas, historias de encuentro y compa\u00f1\u00eda marcaron la noche. Severiana Flores y Rosa Rosas llegaron solas, se conocieron ah\u00ed mismo y decidieron compartir la cena juntas. Ambas coincidieron en que la celebraci\u00f3n les permiti\u00f3 no pasar la Nochebuena en soledad. Desde Acajete, Luis Vivanco viaj\u00f3 hasta la capital para sumarse a la cena y agradeci\u00f3 el esfuerzo del gobierno estatal. \u201cHay muchas familias que no siempre tienen para una cena, por eso esto se valora\u201d, expres\u00f3. Tambi\u00e9n acudieron familias como la Abrajam M\u00e9ndez, de la colonia Balcones del Sur, quienes destacaron el gesto como una oportunidad para vivir una Navidad diferente, mientras que la familia Franco asisti\u00f3 por segundo a\u00f1o consecutivo. \u201cGracias por incluir a quienes no tienen d\u00f3nde pasar la Navidad\u201d, comparti\u00f3 Ver\u00f3nica Aguilar. Con estas acciones, el Gobierno del Estado de Puebla reafirma su compromiso con el bienestar, la cercan\u00eda y la unidad familiar, impulsando celebraciones que fortalecen el tejido social y colocan a las personas en el centro de las pol\u00edticas p\u00fablicas.\" \/>\n<meta property=\"og:url\" content=\"https:\/\/ferabrajan.com\/portal\/2025\/12\/26\/una-navidad-compartida-puebla-abre-la-mesa-a-miles-de-familias\/\" \/>\n<meta property=\"og:site_name\" content=\"Fer Abrajan\" \/>\n<meta property=\"article:publisher\" content=\"https:\/\/www.facebook.com\/NoticiasconFerAbrajan\/\" \/>\n<meta property=\"article:published_time\" content=\"2025-12-26T17:36:39+00:00\" \/>\n<meta property=\"og:image\" content=\"https:\/\/ferabrajan.com\/portal\/wp-content\/uploads\/2025\/12\/AA_25122_1_7.jpeg\" \/>\n\t<meta property=\"og:image:width\" content=\"1600\" \/>\n\t<meta property=\"og:image:height\" content=\"1066\" \/>\n\t<meta property=\"og:image:type\" content=\"image\/jpeg\" \/>\n<meta name=\"author\" content=\"Rebeca N\u00fa\u00f1ez\" \/>\n<meta name=\"twitter:card\" content=\"summary_large_image\" \/>\n<meta name=\"twitter:creator\" content=\"@ferabrajan1\" \/>\n<meta name=\"twitter:site\" content=\"@ferabrajan1\" \/>\n<meta name=\"twitter:label1\" content=\"Escrito por\" \/>\n\t<meta name=\"twitter:data1\" content=\"Rebeca N\u00fa\u00f1ez\" \/>\n\t<meta name=\"twitter:label2\" content=\"Tiempo de lectura\" \/>\n\t<meta name=\"twitter:data2\" content=\"2 minutos\" \/>\n<script type=\"application\/ld+json\" class=\"yoast-schema-graph\">{\"@context\":\"https:\\\/\\\/schema.org\",\"@graph\":[{\"@type\":\"Article\",\"@id\":\"https:\\\/\\\/ferabrajan.com\\\/portal\\\/2025\\\/12\\\/26\\\/una-navidad-compartida-puebla-abre-la-mesa-a-miles-de-familias\\\/#article\",\"isPartOf\":{\"@id\":\"https:\\\/\\\/ferabrajan.com\\\/portal\\\/2025\\\/12\\\/26\\\/una-navidad-compartida-puebla-abre-la-mesa-a-miles-de-familias\\\/\"},\"author\":{\"name\":\"Rebeca N\u00fa\u00f1ez\",\"@id\":\"https:\\\/\\\/ferabrajan.com\\\/portal\\\/#\\\/schema\\\/person\\\/a79364e0091921e733584c4833bc7a50\"},\"headline\":\"Una Navidad compartida: Puebla abre la mesa a miles de familias\",\"datePublished\":\"2025-12-26T17:36:39+00:00\",\"mainEntityOfPage\":{\"@id\":\"https:\\\/\\\/ferabrajan.com\\\/portal\\\/2025\\\/12\\\/26\\\/una-navidad-compartida-puebla-abre-la-mesa-a-miles-de-familias\\\/\"},\"wordCount\":323,\"publisher\":{\"@id\":\"https:\\\/\\\/ferabrajan.com\\\/portal\\\/#organization\"},\"image\":{\"@id\":\"https:\\\/\\\/ferabrajan.com\\\/portal\\\/2025\\\/12\\\/26\\\/una-navidad-compartida-puebla-abre-la-mesa-a-miles-de-familias\\\/#primaryimage\"},\"thumbnailUrl\":\"https:\\\/\\\/ferabrajan.com\\\/portal\\\/wp-content\\\/uploads\\\/2025\\\/12\\\/AA_25122_1_7.jpeg\",\"keywords\":[\"Alejandro Armenta\",\"Jos\u00e9 Luis Garc\u00eda Parra\"],\"articleSection\":[\"Principal\",\"Puebla\"],\"inLanguage\":\"es\"},{\"@type\":\"WebPage\",\"@id\":\"https:\\\/\\\/ferabrajan.com\\\/portal\\\/2025\\\/12\\\/26\\\/una-navidad-compartida-puebla-abre-la-mesa-a-miles-de-familias\\\/\",\"url\":\"https:\\\/\\\/ferabrajan.com\\\/portal\\\/2025\\\/12\\\/26\\\/una-navidad-compartida-puebla-abre-la-mesa-a-miles-de-familias\\\/\",\"name\":\"Una Navidad compartida: Puebla abre la mesa a miles de familias - Fer Abrajan\",\"isPartOf\":{\"@id\":\"https:\\\/\\\/ferabrajan.com\\\/portal\\\/#website\"},\"primaryImageOfPage\":{\"@id\":\"https:\\\/\\\/ferabrajan.com\\\/portal\\\/2025\\\/12\\\/26\\\/una-navidad-compartida-puebla-abre-la-mesa-a-miles-de-familias\\\/#primaryimage\"},\"image\":{\"@id\":\"https:\\\/\\\/ferabrajan.com\\\/portal\\\/2025\\\/12\\\/26\\\/una-navidad-compartida-puebla-abre-la-mesa-a-miles-de-familias\\\/#primaryimage\"},\"thumbnailUrl\":\"https:\\\/\\\/ferabrajan.com\\\/portal\\\/wp-content\\\/uploads\\\/2025\\\/12\\\/AA_25122_1_7.jpeg\",\"datePublished\":\"2025-12-26T17:36:39+00:00\",\"breadcrumb\":{\"@id\":\"https:\\\/\\\/ferabrajan.com\\\/portal\\\/2025\\\/12\\\/26\\\/una-navidad-compartida-puebla-abre-la-mesa-a-miles-de-familias\\\/#breadcrumb\"},\"inLanguage\":\"es\",\"potentialAction\":[{\"@type\":\"ReadAction\",\"target\":[\"https:\\\/\\\/ferabrajan.com\\\/portal\\\/2025\\\/12\\\/26\\\/una-navidad-compartida-puebla-abre-la-mesa-a-miles-de-familias\\\/\"]}]},{\"@type\":\"ImageObject\",\"inLanguage\":\"es\",\"@id\":\"https:\\\/\\\/ferabrajan.com\\\/portal\\\/2025\\\/12\\\/26\\\/una-navidad-compartida-puebla-abre-la-mesa-a-miles-de-familias\\\/#primaryimage\",\"url\":\"https:\\\/\\\/ferabrajan.com\\\/portal\\\/wp-content\\\/uploads\\\/2025\\\/12\\\/AA_25122_1_7.jpeg\",\"contentUrl\":\"https:\\\/\\\/ferabrajan.com\\\/portal\\\/wp-content\\\/uploads\\\/2025\\\/12\\\/AA_25122_1_7.jpeg\",\"width\":1600,\"height\":1066},{\"@type\":\"BreadcrumbList\",\"@id\":\"https:\\\/\\\/ferabrajan.com\\\/portal\\\/2025\\\/12\\\/26\\\/una-navidad-compartida-puebla-abre-la-mesa-a-miles-de-familias\\\/#breadcrumb\",\"itemListElement\":[{\"@type\":\"ListItem\",\"position\":1,\"name\":\"Portada\",\"item\":\"https:\\\/\\\/ferabrajan.com\\\/portal\\\/\"},{\"@type\":\"ListItem\",\"position\":2,\"name\":\"Una Navidad compartida: Puebla abre la mesa a miles de familias\"}]},{\"@type\":\"WebSite\",\"@id\":\"https:\\\/\\\/ferabrajan.com\\\/portal\\\/#website\",\"url\":\"https:\\\/\\\/ferabrajan.com\\\/portal\\\/\",\"name\":\"Fer Abrajan\",\"description\":\"Noticias de Puebla, opini\u00f3n y radio en vivo\",\"publisher\":{\"@id\":\"https:\\\/\\\/ferabrajan.com\\\/portal\\\/#organization\"},\"potentialAction\":[{\"@type\":\"SearchAction\",\"target\":{\"@type\":\"EntryPoint\",\"urlTemplate\":\"https:\\\/\\\/ferabrajan.com\\\/portal\\\/?s={search_term_string}\"},\"query-input\":{\"@type\":\"PropertyValueSpecification\",\"valueRequired\":true,\"valueName\":\"search_term_string\"}}],\"inLanguage\":\"es\"},{\"@type\":\"Organization\",\"@id\":\"https:\\\/\\\/ferabrajan.com\\\/portal\\\/#organization\",\"name\":\"Fer Abrajan\",\"url\":\"https:\\\/\\\/ferabrajan.com\\\/portal\\\/\",\"logo\":{\"@type\":\"ImageObject\",\"inLanguage\":\"es\",\"@id\":\"https:\\\/\\\/ferabrajan.com\\\/portal\\\/#\\\/schema\\\/logo\\\/image\\\/\",\"url\":\"https:\\\/\\\/ferabrajan.com\\\/portal\\\/wp-content\\\/uploads\\\/2024\\\/10\\\/cropped-logo.jpeg\",\"contentUrl\":\"https:\\\/\\\/ferabrajan.com\\\/portal\\\/wp-content\\\/uploads\\\/2024\\\/10\\\/cropped-logo.jpeg\",\"width\":500,\"height\":250,\"caption\":\"Fer Abrajan\"},\"image\":{\"@id\":\"https:\\\/\\\/ferabrajan.com\\\/portal\\\/#\\\/schema\\\/logo\\\/image\\\/\"},\"sameAs\":[\"https:\\\/\\\/www.facebook.com\\\/NoticiasconFerAbrajan\\\/\",\"https:\\\/\\\/x.com\\\/ferabrajan1\"]},{\"@type\":\"Person\",\"@id\":\"https:\\\/\\\/ferabrajan.com\\\/portal\\\/#\\\/schema\\\/person\\\/a79364e0091921e733584c4833bc7a50\",\"name\":\"Rebeca N\u00fa\u00f1ez\",\"image\":{\"@type\":\"ImageObject\",\"inLanguage\":\"es\",\"@id\":\"https:\\\/\\\/secure.gravatar.com\\\/avatar\\\/c9cbf721287e849268cd37eca93cf4be51b2eed9e71c8d0c6825bd912000b74e?s=96&d=mm&r=g\",\"url\":\"https:\\\/\\\/secure.gravatar.com\\\/avatar\\\/c9cbf721287e849268cd37eca93cf4be51b2eed9e71c8d0c6825bd912000b74e?s=96&d=mm&r=g\",\"contentUrl\":\"https:\\\/\\\/secure.gravatar.com\\\/avatar\\\/c9cbf721287e849268cd37eca93cf4be51b2eed9e71c8d0c6825bd912000b74e?s=96&d=mm&r=g\",\"caption\":\"Rebeca N\u00fa\u00f1ez\"},\"url\":\"https:\\\/\\\/ferabrajan.com\\\/portal\\\/author\\\/rebeca\\\/\"}]}<\/script>\n<!-- \/ Yoast SEO plugin. -->","yoast_head_json":{"title":"Una Navidad compartida: Puebla abre la mesa a miles de familias - Fer Abrajan","robots":{"index":"index","follow":"follow","max-snippet":"max-snippet:-1","max-image-preview":"max-image-preview:large","max-video-preview":"max-video-preview:-1"},"canonical":"https:\/\/ferabrajan.com\/portal\/2025\/12\/26\/una-navidad-compartida-puebla-abre-la-mesa-a-miles-de-familias\/","og_locale":"es_ES","og_type":"article","og_title":"Una Navidad compartida: Puebla abre la mesa a miles de familias - Fer Abrajan","og_description":"M\u00e1s de 3 mil poblanas y poblanos celebraron la Nochebuena en un ambiente de uni\u00f3n, compa\u00f1\u00eda y esperanza, durante la Cena Navide\u00f1a organizada por el Gobierno del Estado en el Centro Expositor, como parte del Festival Navide\u00f1o Por Amor a Puebla. En representaci\u00f3n del gobernador Alejandro Armenta, el coordinador de Gabinete, Jos\u00e9 Luis Garc\u00eda Parra, envi\u00f3 un mensaje claro a las familias asistentes: \u201cNo est\u00e1n solas ni solos; tienen un gobierno cercano que los escucha, les extiende la mano y trabaja incansablemente por ustedes\u201d. La velada se vivi\u00f3 en un ambiente c\u00e1lido y familiar, con m\u00fasica en vivo, baile, regalos y una cena compartida, que por segundo a\u00f1o consecutivo reuni\u00f3 a miles de personas que encontraron en este espacio un lugar para convivir y celebrar. Entre las mesas, historias de encuentro y compa\u00f1\u00eda marcaron la noche. Severiana Flores y Rosa Rosas llegaron solas, se conocieron ah\u00ed mismo y decidieron compartir la cena juntas. Ambas coincidieron en que la celebraci\u00f3n les permiti\u00f3 no pasar la Nochebuena en soledad. Desde Acajete, Luis Vivanco viaj\u00f3 hasta la capital para sumarse a la cena y agradeci\u00f3 el esfuerzo del gobierno estatal. \u201cHay muchas familias que no siempre tienen para una cena, por eso esto se valora\u201d, expres\u00f3. Tambi\u00e9n acudieron familias como la Abrajam M\u00e9ndez, de la colonia Balcones del Sur, quienes destacaron el gesto como una oportunidad para vivir una Navidad diferente, mientras que la familia Franco asisti\u00f3 por segundo a\u00f1o consecutivo. \u201cGracias por incluir a quienes no tienen d\u00f3nde pasar la Navidad\u201d, comparti\u00f3 Ver\u00f3nica Aguilar. Con estas acciones, el Gobierno del Estado de Puebla reafirma su compromiso con el bienestar, la cercan\u00eda y la unidad familiar, impulsando celebraciones que fortalecen el tejido social y colocan a las personas en el centro de las pol\u00edticas p\u00fablicas.","og_url":"https:\/\/ferabrajan.com\/portal\/2025\/12\/26\/una-navidad-compartida-puebla-abre-la-mesa-a-miles-de-familias\/","og_site_name":"Fer Abrajan","article_publisher":"https:\/\/www.facebook.com\/NoticiasconFerAbrajan\/","article_published_time":"2025-12-26T17:36:39+00:00","og_image":[{"width":1600,"height":1066,"url":"https:\/\/ferabrajan.com\/portal\/wp-content\/uploads\/2025\/12\/AA_25122_1_7.jpeg","type":"image\/jpeg"}],"author":"Rebeca N\u00fa\u00f1ez","twitter_card":"summary_large_image","twitter_creator":"@ferabrajan1","twitter_site":"@ferabrajan1","twitter_misc":{"Escrito por":"Rebeca N\u00fa\u00f1ez","Tiempo de lectura":"2 minutos"},"schema":{"@context":"https:\/\/schema.org","@graph":[{"@type":"Article","@id":"https:\/\/ferabrajan.com\/portal\/2025\/12\/26\/una-navidad-compartida-puebla-abre-la-mesa-a-miles-de-familias\/#article","isPartOf":{"@id":"https:\/\/ferabrajan.com\/portal\/2025\/12\/26\/una-navidad-compartida-puebla-abre-la-mesa-a-miles-de-familias\/"},"author":{"name":"Rebeca N\u00fa\u00f1ez","@id":"https:\/\/ferabrajan.com\/portal\/#\/schema\/person\/a79364e0091921e733584c4833bc7a50"},"headline":"Una Navidad compartida: Puebla abre la mesa a miles de familias","datePublished":"2025-12-26T17:36:39+00:00","mainEntityOfPage":{"@id":"https:\/\/ferabrajan.com\/portal\/2025\/12\/26\/una-navidad-compartida-puebla-abre-la-mesa-a-miles-de-familias\/"},"wordCount":323,"publisher":{"@id":"https:\/\/ferabrajan.com\/portal\/#organization"},"image":{"@id":"https:\/\/ferabrajan.com\/portal\/2025\/12\/26\/una-navidad-compartida-puebla-abre-la-mesa-a-miles-de-familias\/#primaryimage"},"thumbnailUrl":"https:\/\/ferabrajan.com\/portal\/wp-content\/uploads\/2025\/12\/AA_25122_1_7.jpeg","keywords":["Alejandro Armenta","Jos\u00e9 Luis Garc\u00eda Parra"],"articleSection":["Principal","Puebla"],"inLanguage":"es"},{"@type":"WebPage","@id":"https:\/\/ferabrajan.com\/portal\/2025\/12\/26\/una-navidad-compartida-puebla-abre-la-mesa-a-miles-de-familias\/","url":"https:\/\/ferabrajan.com\/portal\/2025\/12\/26\/una-navidad-compartida-puebla-abre-la-mesa-a-miles-de-familias\/","name":"Una Navidad compartida: Puebla abre la mesa a miles de familias - Fer Abrajan","isPartOf":{"@id":"https:\/\/ferabrajan.com\/portal\/#website"},"primaryImageOfPage":{"@id":"https:\/\/ferabrajan.com\/portal\/2025\/12\/26\/una-navidad-compartida-puebla-abre-la-mesa-a-miles-de-familias\/#primaryimage"},"image":{"@id":"https:\/\/ferabrajan.com\/portal\/2025\/12\/26\/una-navidad-compartida-puebla-abre-la-mesa-a-miles-de-familias\/#primaryimage"},"thumbnailUrl":"https:\/\/ferabrajan.com\/portal\/wp-content\/uploads\/2025\/12\/AA_25122_1_7.jpeg","datePublished":"2025-12-26T17:36:39+00:00","breadcrumb":{"@id":"https:\/\/ferabrajan.com\/portal\/2025\/12\/26\/una-navidad-compartida-puebla-abre-la-mesa-a-miles-de-familias\/#breadcrumb"},"inLanguage":"es","potentialAction":[{"@type":"ReadAction","target":["https:\/\/ferabrajan.com\/portal\/2025\/12\/26\/una-navidad-compartida-puebla-abre-la-mesa-a-miles-de-familias\/"]}]},{"@type":"ImageObject","inLanguage":"es","@id":"https:\/\/ferabrajan.com\/portal\/2025\/12\/26\/una-navidad-compartida-puebla-abre-la-mesa-a-miles-de-familias\/#primaryimage","url":"https:\/\/ferabrajan.com\/portal\/wp-content\/uploads\/2025\/12\/AA_25122_1_7.jpeg","contentUrl":"https:\/\/ferabrajan.com\/portal\/wp-content\/uploads\/2025\/12\/AA_25122_1_7.jpeg","width":1600,"height":1066},{"@type":"BreadcrumbList","@id":"https:\/\/ferabrajan.com\/portal\/2025\/12\/26\/una-navidad-compartida-puebla-abre-la-mesa-a-miles-de-familias\/#breadcrumb","itemListElement":[{"@type":"ListItem","position":1,"name":"Portada","item":"https:\/\/ferabrajan.com\/portal\/"},{"@type":"ListItem","position":2,"name":"Una Navidad compartida: Puebla abre la mesa a miles de familias"}]},{"@type":"WebSite","@id":"https:\/\/ferabrajan.com\/portal\/#website","url":"https:\/\/ferabrajan.com\/portal\/","name":"Fer Abrajan","description":"Noticias de Puebla, opini\u00f3n y radio en vivo","publisher":{"@id":"https:\/\/ferabrajan.com\/portal\/#organization"},"potentialAction":[{"@type":"SearchAction","target":{"@type":"EntryPoint","urlTemplate":"https:\/\/ferabrajan.com\/portal\/?s={search_term_string}"},"query-input":{"@type":"PropertyValueSpecification","valueRequired":true,"valueName":"search_term_string"}}],"inLanguage":"es"},{"@type":"Organization","@id":"https:\/\/ferabrajan.com\/portal\/#organization","name":"Fer Abrajan","url":"https:\/\/ferabrajan.com\/portal\/","logo":{"@type":"ImageObject","inLanguage":"es","@id":"https:\/\/ferabrajan.com\/portal\/#\/schema\/logo\/image\/","url":"https:\/\/ferabrajan.com\/portal\/wp-content\/uploads\/2024\/10\/cropped-logo.jpeg","contentUrl":"https:\/\/ferabrajan.com\/portal\/wp-content\/uploads\/2024\/10\/cropped-logo.jpeg","width":500,"height":250,"caption":"Fer Abrajan"},"image":{"@id":"https:\/\/ferabrajan.com\/portal\/#\/schema\/logo\/image\/"},"sameAs":["https:\/\/www.facebook.com\/NoticiasconFerAbrajan\/","https:\/\/x.com\/ferabrajan1"]},{"@type":"Person","@id":"https:\/\/ferabrajan.com\/portal\/#\/schema\/person\/a79364e0091921e733584c4833bc7a50","name":"Rebeca N\u00fa\u00f1ez","image":{"@type":"ImageObject","inLanguage":"es","@id":"https:\/\/secure.gravatar.com\/avatar\/c9cbf721287e849268cd37eca93cf4be51b2eed9e71c8d0c6825bd912000b74e?s=96&d=mm&r=g","url":"https:\/\/secure.gravatar.com\/avatar\/c9cbf721287e849268cd37eca93cf4be51b2eed9e71c8d0c6825bd912000b74e?s=96&d=mm&r=g","contentUrl":"https:\/\/secure.gravatar.com\/avatar\/c9cbf721287e849268cd37eca93cf4be51b2eed9e71c8d0c6825bd912000b74e?s=96&d=mm&r=g","caption":"Rebeca N\u00fa\u00f1ez"},"url":"https:\/\/ferabrajan.com\/portal\/author\/rebeca\/"}]}},"_links":{"self":[{"href":"https:\/\/ferabrajan.com\/portal\/wp-json\/wp\/v2\/posts\/78687","targetHints":{"allow":["GET"]}}],"collection":[{"href":"https:\/\/ferabrajan.com\/portal\/wp-json\/wp\/v2\/posts"}],"about":[{"href":"https:\/\/ferabrajan.com\/portal\/wp-json\/wp\/v2\/types\/post"}],"author":[{"embeddable":true,"href":"https:\/\/ferabrajan.com\/portal\/wp-json\/wp\/v2\/users\/3"}],"replies":[{"embeddable":true,"href":"https:\/\/ferabrajan.com\/portal\/wp-json\/wp\/v2\/comments?post=78687"}],"version-history":[{"count":1,"href":"https:\/\/ferabrajan.com\/portal\/wp-json\/wp\/v2\/posts\/78687\/revisions"}],"predecessor-version":[{"id":78691,"href":"https:\/\/ferabrajan.com\/portal\/wp-json\/wp\/v2\/posts\/78687\/revisions\/78691"}],"wp:featuredmedia":[{"embeddable":true,"href":"https:\/\/ferabrajan.com\/portal\/wp-json\/wp\/v2\/media\/78688"}],"wp:attachment":[{"href":"https:\/\/ferabrajan.com\/portal\/wp-json\/wp\/v2\/media?parent=78687"}],"wp:term":[{"taxonomy":"category","embeddable":true,"href":"https:\/\/ferabrajan.com\/portal\/wp-json\/wp\/v2\/categories?post=78687"},{"taxonomy":"post_tag","embeddable":true,"href":"https:\/\/ferabrajan.com\/portal\/wp-json\/wp\/v2\/tags?post=78687"}],"curies":[{"name":"wp","href":"https:\/\/api.w.org\/{rel}","templated":true}]}}