{"id":78684,"date":"2025-12-26T17:09:30","date_gmt":"2025-12-26T17:09:30","guid":{"rendered":"https:\/\/ferabrajan.com\/portal\/?p=78684"},"modified":"2025-12-26T17:09:30","modified_gmt":"2025-12-26T17:09:30","slug":"abrigo-y-resguardo-para-quienes-mas-lo-necesitan-en-las-noches-frias-de-puebla","status":"publish","type":"post","link":"https:\/\/ferabrajan.com\/portal\/2025\/12\/26\/abrigo-y-resguardo-para-quienes-mas-lo-necesitan-en-las-noches-frias-de-puebla\/","title":{"rendered":"Abrigo y resguardo para quienes m\u00e1s lo necesitan en las noches fr\u00edas de Puebla"},"content":{"rendered":"<p data-start=\"209\" data-end=\"498\"><strong data-start=\"209\" data-end=\"225\">Puebla, Pue.<\/strong> \u2014 <strong data-start=\"228\" data-end=\"410\">Ante las bajas temperaturas propias de la temporada invernal, el Gobierno del Estado mantiene acciones directas para proteger a personas y familias en situaci\u00f3n de vulnerabilidad<\/strong>, a trav\u00e9s de recorridos nocturnos y apoyos inmediatos coordinados por Protecci\u00f3n Civil.<\/p>\n<p data-start=\"500\" data-end=\"845\">Durante las \u00faltimas noches, brigadas estatales recorrieron <strong data-start=\"559\" data-end=\"688\">calles y zonas de afluencia en Zacatl\u00e1n, Chalchicomula de Sesma, Teotlalcingo, Puebla capital, San Andr\u00e9s y San Pedro Cholula<\/strong>, as\u00ed como en <strong data-start=\"702\" data-end=\"739\">Teziutl\u00e1n, Xochiapulco y Tehuac\u00e1n<\/strong>, donde se brind\u00f3 <strong data-start=\"757\" data-end=\"844\">abrigo, atenci\u00f3n y orientaci\u00f3n a quienes enfrentan el fr\u00edo en condiciones de riesgo<\/strong>.<\/p>\n<p data-start=\"847\" data-end=\"1132\">En estos recorridos, <strong data-start=\"868\" data-end=\"948\">se entregaron cobijas y colchonetas a personas que duermen en la v\u00eda p\u00fablica<\/strong>. En los casos donde se ofreci\u00f3 traslado a espacios seguros, algunas personas optaron por permanecer en el lugar, decisi\u00f3n que fue <strong data-start=\"1079\" data-end=\"1131\">respetada y registrada conforme a los protocolos<\/strong>.<\/p>\n<p data-start=\"1134\" data-end=\"1405\">Adem\u00e1s, en <strong data-start=\"1145\" data-end=\"1158\">Cuetzalan<\/strong>, Protecci\u00f3n Civil <strong data-start=\"1177\" data-end=\"1210\">habilit\u00f3 un Dormitorio Seguro<\/strong> en el Centro de Convenciones para <strong data-start=\"1245\" data-end=\"1293\">resguardar a una familia de seis integrantes<\/strong> que se encontraba sin alojamiento debido a la alta afluencia tur\u00edstica, garantizando un espacio c\u00e1lido y digno.<\/p>\n<p data-start=\"1407\" data-end=\"1699\">Estas acciones forman parte del compromiso del gobernador <strong data-start=\"1465\" data-end=\"1486\">Alejandro Armenta<\/strong> de <strong data-start=\"1490\" data-end=\"1527\">poner en el centro a las personas<\/strong>, especialmente durante la temporada invernal. <strong data-start=\"1574\" data-end=\"1623\">La vigilancia y el acompa\u00f1amiento continuar\u00e1n<\/strong> en todo el estado para reducir riesgos y cuidar a quienes m\u00e1s lo necesitan.<\/p>\n","protected":false},"excerpt":{"rendered":"<p>Apoyos directos y resguardo temporal priorizan a familias y personas en riesgo, con vigilancia permanente en todo el estado.<\/p>\n","protected":false},"author":3,"featured_media":78685,"comment_status":"closed","ping_status":"closed","sticky":false,"template":"","format":"standard","meta":{"_monsterinsights_skip_tracking":false,"_uf_show_specific_survey":0,"_uf_disable_surveys":false,"footnotes":""},"categories":[585,34],"tags":[531],"class_list":["post-78684","post","type-post","status-publish","format-standard","has-post-thumbnail","hentry","category-principal","category-puebla","tag-proteccion-civil"],"yoast_head":"<!-- This site is optimized with the Yoast SEO plugin v27.5 - https:\/\/yoast.com\/product\/yoast-seo-wordpress\/ -->\n<title>Abrigo y resguardo para quienes m\u00e1s lo necesitan en las noches fr\u00edas de Puebla - Fer Abrajan<\/title>\n<meta name=\"robots\" content=\"index, follow, max-snippet:-1, max-image-preview:large, max-video-preview:-1\" \/>\n<link rel=\"canonical\" href=\"https:\/\/ferabrajan.com\/portal\/2025\/12\/26\/abrigo-y-resguardo-para-quienes-mas-lo-necesitan-en-las-noches-frias-de-puebla\/\" \/>\n<meta property=\"og:locale\" content=\"es_ES\" \/>\n<meta property=\"og:type\" content=\"article\" \/>\n<meta property=\"og:title\" content=\"Abrigo y resguardo para quienes m\u00e1s lo necesitan en las noches fr\u00edas de Puebla - Fer Abrajan\" \/>\n<meta property=\"og:description\" content=\"Apoyos directos y resguardo temporal priorizan a familias y personas en riesgo, con vigilancia permanente en todo el estado.\" \/>\n<meta property=\"og:url\" content=\"https:\/\/ferabrajan.com\/portal\/2025\/12\/26\/abrigo-y-resguardo-para-quienes-mas-lo-necesitan-en-las-noches-frias-de-puebla\/\" \/>\n<meta property=\"og:site_name\" content=\"Fer Abrajan\" \/>\n<meta property=\"article:publisher\" content=\"https:\/\/www.facebook.com\/NoticiasconFerAbrajan\/\" \/>\n<meta property=\"article:published_time\" content=\"2025-12-26T17:09:30+00:00\" \/>\n<meta property=\"og:image\" content=\"https:\/\/ferabrajan.com\/portal\/wp-content\/uploads\/2025\/12\/AA_2512_2_5.jpeg\" \/>\n\t<meta property=\"og:image:width\" content=\"1200\" \/>\n\t<meta property=\"og:image:height\" content=\"924\" \/>\n\t<meta property=\"og:image:type\" content=\"image\/jpeg\" \/>\n<meta name=\"author\" content=\"Rebeca N\u00fa\u00f1ez\" \/>\n<meta name=\"twitter:card\" content=\"summary_large_image\" \/>\n<meta name=\"twitter:creator\" content=\"@ferabrajan1\" \/>\n<meta name=\"twitter:site\" content=\"@ferabrajan1\" \/>\n<meta name=\"twitter:label1\" content=\"Escrito por\" \/>\n\t<meta name=\"twitter:data1\" content=\"Rebeca N\u00fa\u00f1ez\" \/>\n\t<meta name=\"twitter:label2\" content=\"Tiempo de lectura\" \/>\n\t<meta name=\"twitter:data2\" content=\"2 minutos\" \/>\n<script type=\"application\/ld+json\" class=\"yoast-schema-graph\">{\"@context\":\"https:\\\/\\\/schema.org\",\"@graph\":[{\"@type\":\"Article\",\"@id\":\"https:\\\/\\\/ferabrajan.com\\\/portal\\\/2025\\\/12\\\/26\\\/abrigo-y-resguardo-para-quienes-mas-lo-necesitan-en-las-noches-frias-de-puebla\\\/#article\",\"isPartOf\":{\"@id\":\"https:\\\/\\\/ferabrajan.com\\\/portal\\\/2025\\\/12\\\/26\\\/abrigo-y-resguardo-para-quienes-mas-lo-necesitan-en-las-noches-frias-de-puebla\\\/\"},\"author\":{\"name\":\"Rebeca N\u00fa\u00f1ez\",\"@id\":\"https:\\\/\\\/ferabrajan.com\\\/portal\\\/#\\\/schema\\\/person\\\/a79364e0091921e733584c4833bc7a50\"},\"headline\":\"Abrigo y resguardo para quienes m\u00e1s lo necesitan en las noches fr\u00edas de Puebla\",\"datePublished\":\"2025-12-26T17:09:30+00:00\",\"mainEntityOfPage\":{\"@id\":\"https:\\\/\\\/ferabrajan.com\\\/portal\\\/2025\\\/12\\\/26\\\/abrigo-y-resguardo-para-quienes-mas-lo-necesitan-en-las-noches-frias-de-puebla\\\/\"},\"wordCount\":251,\"publisher\":{\"@id\":\"https:\\\/\\\/ferabrajan.com\\\/portal\\\/#organization\"},\"image\":{\"@id\":\"https:\\\/\\\/ferabrajan.com\\\/portal\\\/2025\\\/12\\\/26\\\/abrigo-y-resguardo-para-quienes-mas-lo-necesitan-en-las-noches-frias-de-puebla\\\/#primaryimage\"},\"thumbnailUrl\":\"https:\\\/\\\/ferabrajan.com\\\/portal\\\/wp-content\\\/uploads\\\/2025\\\/12\\\/AA_2512_2_5.jpeg\",\"keywords\":[\"Protecci\u00f3n Civil\"],\"articleSection\":[\"Principal\",\"Puebla\"],\"inLanguage\":\"es\"},{\"@type\":\"WebPage\",\"@id\":\"https:\\\/\\\/ferabrajan.com\\\/portal\\\/2025\\\/12\\\/26\\\/abrigo-y-resguardo-para-quienes-mas-lo-necesitan-en-las-noches-frias-de-puebla\\\/\",\"url\":\"https:\\\/\\\/ferabrajan.com\\\/portal\\\/2025\\\/12\\\/26\\\/abrigo-y-resguardo-para-quienes-mas-lo-necesitan-en-las-noches-frias-de-puebla\\\/\",\"name\":\"Abrigo y resguardo para quienes m\u00e1s lo necesitan en las noches fr\u00edas de Puebla - Fer Abrajan\",\"isPartOf\":{\"@id\":\"https:\\\/\\\/ferabrajan.com\\\/portal\\\/#website\"},\"primaryImageOfPage\":{\"@id\":\"https:\\\/\\\/ferabrajan.com\\\/portal\\\/2025\\\/12\\\/26\\\/abrigo-y-resguardo-para-quienes-mas-lo-necesitan-en-las-noches-frias-de-puebla\\\/#primaryimage\"},\"image\":{\"@id\":\"https:\\\/\\\/ferabrajan.com\\\/portal\\\/2025\\\/12\\\/26\\\/abrigo-y-resguardo-para-quienes-mas-lo-necesitan-en-las-noches-frias-de-puebla\\\/#primaryimage\"},\"thumbnailUrl\":\"https:\\\/\\\/ferabrajan.com\\\/portal\\\/wp-content\\\/uploads\\\/2025\\\/12\\\/AA_2512_2_5.jpeg\",\"datePublished\":\"2025-12-26T17:09:30+00:00\",\"breadcrumb\":{\"@id\":\"https:\\\/\\\/ferabrajan.com\\\/portal\\\/2025\\\/12\\\/26\\\/abrigo-y-resguardo-para-quienes-mas-lo-necesitan-en-las-noches-frias-de-puebla\\\/#breadcrumb\"},\"inLanguage\":\"es\",\"potentialAction\":[{\"@type\":\"ReadAction\",\"target\":[\"https:\\\/\\\/ferabrajan.com\\\/portal\\\/2025\\\/12\\\/26\\\/abrigo-y-resguardo-para-quienes-mas-lo-necesitan-en-las-noches-frias-de-puebla\\\/\"]}]},{\"@type\":\"ImageObject\",\"inLanguage\":\"es\",\"@id\":\"https:\\\/\\\/ferabrajan.com\\\/portal\\\/2025\\\/12\\\/26\\\/abrigo-y-resguardo-para-quienes-mas-lo-necesitan-en-las-noches-frias-de-puebla\\\/#primaryimage\",\"url\":\"https:\\\/\\\/ferabrajan.com\\\/portal\\\/wp-content\\\/uploads\\\/2025\\\/12\\\/AA_2512_2_5.jpeg\",\"contentUrl\":\"https:\\\/\\\/ferabrajan.com\\\/portal\\\/wp-content\\\/uploads\\\/2025\\\/12\\\/AA_2512_2_5.jpeg\",\"width\":1200,\"height\":924},{\"@type\":\"BreadcrumbList\",\"@id\":\"https:\\\/\\\/ferabrajan.com\\\/portal\\\/2025\\\/12\\\/26\\\/abrigo-y-resguardo-para-quienes-mas-lo-necesitan-en-las-noches-frias-de-puebla\\\/#breadcrumb\",\"itemListElement\":[{\"@type\":\"ListItem\",\"position\":1,\"name\":\"Portada\",\"item\":\"https:\\\/\\\/ferabrajan.com\\\/portal\\\/\"},{\"@type\":\"ListItem\",\"position\":2,\"name\":\"Abrigo y resguardo para quienes m\u00e1s lo necesitan en las noches fr\u00edas de Puebla\"}]},{\"@type\":\"WebSite\",\"@id\":\"https:\\\/\\\/ferabrajan.com\\\/portal\\\/#website\",\"url\":\"https:\\\/\\\/ferabrajan.com\\\/portal\\\/\",\"name\":\"Fer Abrajan\",\"description\":\"Noticias de Puebla, opini\u00f3n y radio en vivo\",\"publisher\":{\"@id\":\"https:\\\/\\\/ferabrajan.com\\\/portal\\\/#organization\"},\"potentialAction\":[{\"@type\":\"SearchAction\",\"target\":{\"@type\":\"EntryPoint\",\"urlTemplate\":\"https:\\\/\\\/ferabrajan.com\\\/portal\\\/?s={search_term_string}\"},\"query-input\":{\"@type\":\"PropertyValueSpecification\",\"valueRequired\":true,\"valueName\":\"search_term_string\"}}],\"inLanguage\":\"es\"},{\"@type\":\"Organization\",\"@id\":\"https:\\\/\\\/ferabrajan.com\\\/portal\\\/#organization\",\"name\":\"Fer Abrajan\",\"url\":\"https:\\\/\\\/ferabrajan.com\\\/portal\\\/\",\"logo\":{\"@type\":\"ImageObject\",\"inLanguage\":\"es\",\"@id\":\"https:\\\/\\\/ferabrajan.com\\\/portal\\\/#\\\/schema\\\/logo\\\/image\\\/\",\"url\":\"https:\\\/\\\/ferabrajan.com\\\/portal\\\/wp-content\\\/uploads\\\/2024\\\/10\\\/cropped-logo.jpeg\",\"contentUrl\":\"https:\\\/\\\/ferabrajan.com\\\/portal\\\/wp-content\\\/uploads\\\/2024\\\/10\\\/cropped-logo.jpeg\",\"width\":500,\"height\":250,\"caption\":\"Fer Abrajan\"},\"image\":{\"@id\":\"https:\\\/\\\/ferabrajan.com\\\/portal\\\/#\\\/schema\\\/logo\\\/image\\\/\"},\"sameAs\":[\"https:\\\/\\\/www.facebook.com\\\/NoticiasconFerAbrajan\\\/\",\"https:\\\/\\\/x.com\\\/ferabrajan1\"]},{\"@type\":\"Person\",\"@id\":\"https:\\\/\\\/ferabrajan.com\\\/portal\\\/#\\\/schema\\\/person\\\/a79364e0091921e733584c4833bc7a50\",\"name\":\"Rebeca N\u00fa\u00f1ez\",\"image\":{\"@type\":\"ImageObject\",\"inLanguage\":\"es\",\"@id\":\"https:\\\/\\\/secure.gravatar.com\\\/avatar\\\/c9cbf721287e849268cd37eca93cf4be51b2eed9e71c8d0c6825bd912000b74e?s=96&d=mm&r=g\",\"url\":\"https:\\\/\\\/secure.gravatar.com\\\/avatar\\\/c9cbf721287e849268cd37eca93cf4be51b2eed9e71c8d0c6825bd912000b74e?s=96&d=mm&r=g\",\"contentUrl\":\"https:\\\/\\\/secure.gravatar.com\\\/avatar\\\/c9cbf721287e849268cd37eca93cf4be51b2eed9e71c8d0c6825bd912000b74e?s=96&d=mm&r=g\",\"caption\":\"Rebeca N\u00fa\u00f1ez\"},\"url\":\"https:\\\/\\\/ferabrajan.com\\\/portal\\\/author\\\/rebeca\\\/\"}]}<\/script>\n<!-- \/ Yoast SEO plugin. -->","yoast_head_json":{"title":"Abrigo y resguardo para quienes m\u00e1s lo necesitan en las noches fr\u00edas de Puebla - Fer Abrajan","robots":{"index":"index","follow":"follow","max-snippet":"max-snippet:-1","max-image-preview":"max-image-preview:large","max-video-preview":"max-video-preview:-1"},"canonical":"https:\/\/ferabrajan.com\/portal\/2025\/12\/26\/abrigo-y-resguardo-para-quienes-mas-lo-necesitan-en-las-noches-frias-de-puebla\/","og_locale":"es_ES","og_type":"article","og_title":"Abrigo y resguardo para quienes m\u00e1s lo necesitan en las noches fr\u00edas de Puebla - Fer Abrajan","og_description":"Apoyos directos y resguardo temporal priorizan a familias y personas en riesgo, con vigilancia permanente en todo el estado.","og_url":"https:\/\/ferabrajan.com\/portal\/2025\/12\/26\/abrigo-y-resguardo-para-quienes-mas-lo-necesitan-en-las-noches-frias-de-puebla\/","og_site_name":"Fer Abrajan","article_publisher":"https:\/\/www.facebook.com\/NoticiasconFerAbrajan\/","article_published_time":"2025-12-26T17:09:30+00:00","og_image":[{"width":1200,"height":924,"url":"https:\/\/ferabrajan.com\/portal\/wp-content\/uploads\/2025\/12\/AA_2512_2_5.jpeg","type":"image\/jpeg"}],"author":"Rebeca N\u00fa\u00f1ez","twitter_card":"summary_large_image","twitter_creator":"@ferabrajan1","twitter_site":"@ferabrajan1","twitter_misc":{"Escrito por":"Rebeca N\u00fa\u00f1ez","Tiempo de lectura":"2 minutos"},"schema":{"@context":"https:\/\/schema.org","@graph":[{"@type":"Article","@id":"https:\/\/ferabrajan.com\/portal\/2025\/12\/26\/abrigo-y-resguardo-para-quienes-mas-lo-necesitan-en-las-noches-frias-de-puebla\/#article","isPartOf":{"@id":"https:\/\/ferabrajan.com\/portal\/2025\/12\/26\/abrigo-y-resguardo-para-quienes-mas-lo-necesitan-en-las-noches-frias-de-puebla\/"},"author":{"name":"Rebeca N\u00fa\u00f1ez","@id":"https:\/\/ferabrajan.com\/portal\/#\/schema\/person\/a79364e0091921e733584c4833bc7a50"},"headline":"Abrigo y resguardo para quienes m\u00e1s lo necesitan en las noches fr\u00edas de Puebla","datePublished":"2025-12-26T17:09:30+00:00","mainEntityOfPage":{"@id":"https:\/\/ferabrajan.com\/portal\/2025\/12\/26\/abrigo-y-resguardo-para-quienes-mas-lo-necesitan-en-las-noches-frias-de-puebla\/"},"wordCount":251,"publisher":{"@id":"https:\/\/ferabrajan.com\/portal\/#organization"},"image":{"@id":"https:\/\/ferabrajan.com\/portal\/2025\/12\/26\/abrigo-y-resguardo-para-quienes-mas-lo-necesitan-en-las-noches-frias-de-puebla\/#primaryimage"},"thumbnailUrl":"https:\/\/ferabrajan.com\/portal\/wp-content\/uploads\/2025\/12\/AA_2512_2_5.jpeg","keywords":["Protecci\u00f3n Civil"],"articleSection":["Principal","Puebla"],"inLanguage":"es"},{"@type":"WebPage","@id":"https:\/\/ferabrajan.com\/portal\/2025\/12\/26\/abrigo-y-resguardo-para-quienes-mas-lo-necesitan-en-las-noches-frias-de-puebla\/","url":"https:\/\/ferabrajan.com\/portal\/2025\/12\/26\/abrigo-y-resguardo-para-quienes-mas-lo-necesitan-en-las-noches-frias-de-puebla\/","name":"Abrigo y resguardo para quienes m\u00e1s lo necesitan en las noches fr\u00edas de Puebla - Fer Abrajan","isPartOf":{"@id":"https:\/\/ferabrajan.com\/portal\/#website"},"primaryImageOfPage":{"@id":"https:\/\/ferabrajan.com\/portal\/2025\/12\/26\/abrigo-y-resguardo-para-quienes-mas-lo-necesitan-en-las-noches-frias-de-puebla\/#primaryimage"},"image":{"@id":"https:\/\/ferabrajan.com\/portal\/2025\/12\/26\/abrigo-y-resguardo-para-quienes-mas-lo-necesitan-en-las-noches-frias-de-puebla\/#primaryimage"},"thumbnailUrl":"https:\/\/ferabrajan.com\/portal\/wp-content\/uploads\/2025\/12\/AA_2512_2_5.jpeg","datePublished":"2025-12-26T17:09:30+00:00","breadcrumb":{"@id":"https:\/\/ferabrajan.com\/portal\/2025\/12\/26\/abrigo-y-resguardo-para-quienes-mas-lo-necesitan-en-las-noches-frias-de-puebla\/#breadcrumb"},"inLanguage":"es","potentialAction":[{"@type":"ReadAction","target":["https:\/\/ferabrajan.com\/portal\/2025\/12\/26\/abrigo-y-resguardo-para-quienes-mas-lo-necesitan-en-las-noches-frias-de-puebla\/"]}]},{"@type":"ImageObject","inLanguage":"es","@id":"https:\/\/ferabrajan.com\/portal\/2025\/12\/26\/abrigo-y-resguardo-para-quienes-mas-lo-necesitan-en-las-noches-frias-de-puebla\/#primaryimage","url":"https:\/\/ferabrajan.com\/portal\/wp-content\/uploads\/2025\/12\/AA_2512_2_5.jpeg","contentUrl":"https:\/\/ferabrajan.com\/portal\/wp-content\/uploads\/2025\/12\/AA_2512_2_5.jpeg","width":1200,"height":924},{"@type":"BreadcrumbList","@id":"https:\/\/ferabrajan.com\/portal\/2025\/12\/26\/abrigo-y-resguardo-para-quienes-mas-lo-necesitan-en-las-noches-frias-de-puebla\/#breadcrumb","itemListElement":[{"@type":"ListItem","position":1,"name":"Portada","item":"https:\/\/ferabrajan.com\/portal\/"},{"@type":"ListItem","position":2,"name":"Abrigo y resguardo para quienes m\u00e1s lo necesitan en las noches fr\u00edas de Puebla"}]},{"@type":"WebSite","@id":"https:\/\/ferabrajan.com\/portal\/#website","url":"https:\/\/ferabrajan.com\/portal\/","name":"Fer Abrajan","description":"Noticias de Puebla, opini\u00f3n y radio en vivo","publisher":{"@id":"https:\/\/ferabrajan.com\/portal\/#organization"},"potentialAction":[{"@type":"SearchAction","target":{"@type":"EntryPoint","urlTemplate":"https:\/\/ferabrajan.com\/portal\/?s={search_term_string}"},"query-input":{"@type":"PropertyValueSpecification","valueRequired":true,"valueName":"search_term_string"}}],"inLanguage":"es"},{"@type":"Organization","@id":"https:\/\/ferabrajan.com\/portal\/#organization","name":"Fer Abrajan","url":"https:\/\/ferabrajan.com\/portal\/","logo":{"@type":"ImageObject","inLanguage":"es","@id":"https:\/\/ferabrajan.com\/portal\/#\/schema\/logo\/image\/","url":"https:\/\/ferabrajan.com\/portal\/wp-content\/uploads\/2024\/10\/cropped-logo.jpeg","contentUrl":"https:\/\/ferabrajan.com\/portal\/wp-content\/uploads\/2024\/10\/cropped-logo.jpeg","width":500,"height":250,"caption":"Fer Abrajan"},"image":{"@id":"https:\/\/ferabrajan.com\/portal\/#\/schema\/logo\/image\/"},"sameAs":["https:\/\/www.facebook.com\/NoticiasconFerAbrajan\/","https:\/\/x.com\/ferabrajan1"]},{"@type":"Person","@id":"https:\/\/ferabrajan.com\/portal\/#\/schema\/person\/a79364e0091921e733584c4833bc7a50","name":"Rebeca N\u00fa\u00f1ez","image":{"@type":"ImageObject","inLanguage":"es","@id":"https:\/\/secure.gravatar.com\/avatar\/c9cbf721287e849268cd37eca93cf4be51b2eed9e71c8d0c6825bd912000b74e?s=96&d=mm&r=g","url":"https:\/\/secure.gravatar.com\/avatar\/c9cbf721287e849268cd37eca93cf4be51b2eed9e71c8d0c6825bd912000b74e?s=96&d=mm&r=g","contentUrl":"https:\/\/secure.gravatar.com\/avatar\/c9cbf721287e849268cd37eca93cf4be51b2eed9e71c8d0c6825bd912000b74e?s=96&d=mm&r=g","caption":"Rebeca N\u00fa\u00f1ez"},"url":"https:\/\/ferabrajan.com\/portal\/author\/rebeca\/"}]}},"_links":{"self":[{"href":"https:\/\/ferabrajan.com\/portal\/wp-json\/wp\/v2\/posts\/78684","targetHints":{"allow":["GET"]}}],"collection":[{"href":"https:\/\/ferabrajan.com\/portal\/wp-json\/wp\/v2\/posts"}],"about":[{"href":"https:\/\/ferabrajan.com\/portal\/wp-json\/wp\/v2\/types\/post"}],"author":[{"embeddable":true,"href":"https:\/\/ferabrajan.com\/portal\/wp-json\/wp\/v2\/users\/3"}],"replies":[{"embeddable":true,"href":"https:\/\/ferabrajan.com\/portal\/wp-json\/wp\/v2\/comments?post=78684"}],"version-history":[{"count":1,"href":"https:\/\/ferabrajan.com\/portal\/wp-json\/wp\/v2\/posts\/78684\/revisions"}],"predecessor-version":[{"id":78686,"href":"https:\/\/ferabrajan.com\/portal\/wp-json\/wp\/v2\/posts\/78684\/revisions\/78686"}],"wp:featuredmedia":[{"embeddable":true,"href":"https:\/\/ferabrajan.com\/portal\/wp-json\/wp\/v2\/media\/78685"}],"wp:attachment":[{"href":"https:\/\/ferabrajan.com\/portal\/wp-json\/wp\/v2\/media?parent=78684"}],"wp:term":[{"taxonomy":"category","embeddable":true,"href":"https:\/\/ferabrajan.com\/portal\/wp-json\/wp\/v2\/categories?post=78684"},{"taxonomy":"post_tag","embeddable":true,"href":"https:\/\/ferabrajan.com\/portal\/wp-json\/wp\/v2\/tags?post=78684"}],"curies":[{"name":"wp","href":"https:\/\/api.w.org\/{rel}","templated":true}]}}