{"id":78178,"date":"2025-12-03T15:18:34","date_gmt":"2025-12-03T15:18:34","guid":{"rendered":"https:\/\/ferabrajan.com\/portal\/?p=78178"},"modified":"2025-12-03T15:18:34","modified_gmt":"2025-12-03T15:18:34","slug":"puebla-impulsa-un-nuevo-modelo-de-participacion-estudiantil-con-la-primera-alianza-universitaria-por-el-gobierno-abierto","status":"publish","type":"post","link":"https:\/\/ferabrajan.com\/portal\/2025\/12\/03\/puebla-impulsa-un-nuevo-modelo-de-participacion-estudiantil-con-la-primera-alianza-universitaria-por-el-gobierno-abierto\/","title":{"rendered":"Puebla impulsa un nuevo modelo de participaci\u00f3n estudiantil con la primera Alianza Universitaria por el Gobierno Abierto"},"content":{"rendered":"<p data-start=\"126\" data-end=\"519\">PUEBLA, Pue.\u2014 Con el objetivo de <strong data-start=\"159\" data-end=\"234\">fortalecer la transparencia, la colaboraci\u00f3n y la participaci\u00f3n juvenil<\/strong>, el presidente municipal <strong data-start=\"260\" data-end=\"283\">Pepe Chedraui Budib<\/strong> encabez\u00f3 la primera reuni\u00f3n de la <strong data-start=\"318\" data-end=\"367\">Alianza Universitaria por el Gobierno Abierto<\/strong>, un espacio que re\u00fane a instituciones como AUIEMSS, An\u00e1huac, IBERO Puebla, Escuela Libre de Derecho, Universidad IEU y Universidad del Valle de Puebla.<\/p>\n<p data-start=\"521\" data-end=\"988\">La jornada marc\u00f3 el inicio de una agenda conjunta entre el Gobierno Municipal y las universidades para <strong data-start=\"624\" data-end=\"727\">impulsar una comunidad estudiantil abierta, participativa y comprometida con los retos de la ciudad<\/strong>. Para Pepe Chedraui, este encuentro representa un paso decisivo: <strong data-start=\"793\" data-end=\"979\">\u201cQueremos que el conocimiento, la creatividad y el potencial de nuestras juventudes se traduzcan en soluciones innovadoras y concretas para los retos que enfrenta Puebla d\u00eda con d\u00eda\u201d<\/strong>, afirm\u00f3.<\/p>\n<p data-start=\"990\" data-end=\"1299\">Durante la reuni\u00f3n, la coordinadora general de Transparencia y Municipio Abierto, <strong data-start=\"1072\" data-end=\"1100\">Laura E. Garc\u00eda Gonz\u00e1lez<\/strong>, subray\u00f3 que esta alianza convierte a Puebla en <strong data-start=\"1149\" data-end=\"1207\">un referente nacional en pr\u00e1cticas de gobierno abierto<\/strong>, al fomentar <strong data-start=\"1221\" data-end=\"1298\">juventudes m\u00e1s informadas y vinculadas con la toma de decisiones p\u00fablicas<\/strong>.<\/p>\n<p data-start=\"1301\" data-end=\"1699\">Desde la perspectiva de igualdad de g\u00e9nero, la secretaria <strong data-start=\"1359\" data-end=\"1383\">Zaira Gonz\u00e1lez G\u00f3mez<\/strong> destac\u00f3 que este espacio fortalece los lazos entre academia e instituciones para avanzar hacia una ciudad m\u00e1s justa y participativa. Su mensaje reson\u00f3 entre los asistentes: <strong data-start=\"1557\" data-end=\"1698\">\u201cDonde hay una mujer, hay transformaci\u00f3n; donde hay colaboraci\u00f3n, hay futuro; y donde hay universidades dispuestas a abrirse, hay ciudad\u201d<\/strong>.<\/p>\n<p data-start=\"1701\" data-end=\"2049\">El encuentro incluy\u00f3 la conferencia <strong data-start=\"1737\" data-end=\"1827\">\u201cDel Estado Transparente al Estado Inteligente: Desaf\u00edos de la Apertura Institucional\u201d<\/strong>, impartida por <strong data-start=\"1843\" data-end=\"1874\">Jaime Abraham Cerdio Mois\u00e9s<\/strong>, director general de Nexus Anal\u00edtica, quien aport\u00f3 conceptos clave para <strong data-start=\"1947\" data-end=\"2048\">consolidar acciones conjuntas y reflexionar sobre los retos actuales de la apertura institucional<\/strong>.<\/p>\n<p data-start=\"2051\" data-end=\"2300\" data-is-last-node=\"\" data-is-only-node=\"\">Con esta primera reuni\u00f3n de la Alianza Universitaria, el Gobierno de la Ciudad <strong data-start=\"2130\" data-end=\"2214\">reafirma su compromiso con una Puebla m\u00e1s transparente, ordenada y participativa<\/strong>, donde las y los j\u00f3venes se convierten en protagonistas de la transformaci\u00f3n p\u00fablica.<\/p>\n","protected":false},"excerpt":{"rendered":"<p>La reuni\u00f3n tuvo como objetivo establecer la agenda de trabajo conjunto entre el Gobierno de la Ciudad y las universidades pertenecientes a la alianza<\/p>\n","protected":false},"author":4,"featured_media":78179,"comment_status":"closed","ping_status":"closed","sticky":false,"template":"","format":"standard","meta":{"_monsterinsights_skip_tracking":false,"_uf_show_specific_survey":0,"_uf_disable_surveys":false,"footnotes":""},"categories":[585,34],"tags":[3643,3640,1326,534,3641,592,3642],"class_list":["post-78178","post","type-post","status-publish","format-standard","has-post-thumbnail","hentry","category-principal","category-puebla","tag-alianza-universitaria-por-el-gobierno-abierto","tag-anahuac","tag-auiemss","tag-escuela-libre-de-derecho","tag-ibero-puebla","tag-pepe-chedraui","tag-universidad-ieu"],"yoast_head":"<!-- This site is optimized with the Yoast SEO plugin v27.5 - https:\/\/yoast.com\/product\/yoast-seo-wordpress\/ -->\n<title>Puebla impulsa un nuevo modelo de participaci\u00f3n estudiantil con la primera Alianza Universitaria por el Gobierno Abierto - Fer Abrajan<\/title>\n<meta name=\"robots\" content=\"index, follow, max-snippet:-1, max-image-preview:large, max-video-preview:-1\" \/>\n<link rel=\"canonical\" href=\"https:\/\/ferabrajan.com\/portal\/2025\/12\/03\/puebla-impulsa-un-nuevo-modelo-de-participacion-estudiantil-con-la-primera-alianza-universitaria-por-el-gobierno-abierto\/\" \/>\n<meta property=\"og:locale\" content=\"es_ES\" \/>\n<meta property=\"og:type\" content=\"article\" \/>\n<meta property=\"og:title\" content=\"Puebla impulsa un nuevo modelo de participaci\u00f3n estudiantil con la primera Alianza Universitaria por el Gobierno Abierto - Fer Abrajan\" \/>\n<meta property=\"og:description\" content=\"La reuni\u00f3n tuvo como objetivo establecer la agenda de trabajo conjunto entre el Gobierno de la Ciudad y las universidades pertenecientes a la alianza\" \/>\n<meta property=\"og:url\" content=\"https:\/\/ferabrajan.com\/portal\/2025\/12\/03\/puebla-impulsa-un-nuevo-modelo-de-participacion-estudiantil-con-la-primera-alianza-universitaria-por-el-gobierno-abierto\/\" \/>\n<meta property=\"og:site_name\" content=\"Fer Abrajan\" \/>\n<meta property=\"article:publisher\" content=\"https:\/\/www.facebook.com\/NoticiasconFerAbrajan\/\" \/>\n<meta property=\"article:published_time\" content=\"2025-12-03T15:18:34+00:00\" \/>\n<meta property=\"og:image\" content=\"https:\/\/ferabrajan.com\/portal\/wp-content\/uploads\/2025\/12\/ayto.jpeg\" \/>\n\t<meta property=\"og:image:width\" content=\"1280\" \/>\n\t<meta property=\"og:image:height\" content=\"853\" \/>\n\t<meta property=\"og:image:type\" content=\"image\/jpeg\" \/>\n<meta name=\"author\" content=\"Ismael Rojas\" \/>\n<meta name=\"twitter:card\" content=\"summary_large_image\" \/>\n<meta name=\"twitter:creator\" content=\"@ferabrajan1\" \/>\n<meta name=\"twitter:site\" content=\"@ferabrajan1\" \/>\n<meta name=\"twitter:label1\" content=\"Escrito por\" \/>\n\t<meta name=\"twitter:data1\" content=\"Ismael Rojas\" \/>\n\t<meta name=\"twitter:label2\" content=\"Tiempo de lectura\" \/>\n\t<meta name=\"twitter:data2\" content=\"2 minutos\" \/>\n<script type=\"application\/ld+json\" class=\"yoast-schema-graph\">{\"@context\":\"https:\\\/\\\/schema.org\",\"@graph\":[{\"@type\":\"Article\",\"@id\":\"https:\\\/\\\/ferabrajan.com\\\/portal\\\/2025\\\/12\\\/03\\\/puebla-impulsa-un-nuevo-modelo-de-participacion-estudiantil-con-la-primera-alianza-universitaria-por-el-gobierno-abierto\\\/#article\",\"isPartOf\":{\"@id\":\"https:\\\/\\\/ferabrajan.com\\\/portal\\\/2025\\\/12\\\/03\\\/puebla-impulsa-un-nuevo-modelo-de-participacion-estudiantil-con-la-primera-alianza-universitaria-por-el-gobierno-abierto\\\/\"},\"author\":{\"name\":\"Ismael Rojas\",\"@id\":\"https:\\\/\\\/ferabrajan.com\\\/portal\\\/#\\\/schema\\\/person\\\/83ed4fff5d7e4c8edf481fa39f71acb2\"},\"headline\":\"Puebla impulsa un nuevo modelo de participaci\u00f3n estudiantil con la primera Alianza Universitaria por el Gobierno Abierto\",\"datePublished\":\"2025-12-03T15:18:34+00:00\",\"mainEntityOfPage\":{\"@id\":\"https:\\\/\\\/ferabrajan.com\\\/portal\\\/2025\\\/12\\\/03\\\/puebla-impulsa-un-nuevo-modelo-de-participacion-estudiantil-con-la-primera-alianza-universitaria-por-el-gobierno-abierto\\\/\"},\"wordCount\":354,\"publisher\":{\"@id\":\"https:\\\/\\\/ferabrajan.com\\\/portal\\\/#organization\"},\"image\":{\"@id\":\"https:\\\/\\\/ferabrajan.com\\\/portal\\\/2025\\\/12\\\/03\\\/puebla-impulsa-un-nuevo-modelo-de-participacion-estudiantil-con-la-primera-alianza-universitaria-por-el-gobierno-abierto\\\/#primaryimage\"},\"thumbnailUrl\":\"https:\\\/\\\/ferabrajan.com\\\/portal\\\/wp-content\\\/uploads\\\/2025\\\/12\\\/ayto.jpeg\",\"keywords\":[\"Alianza Universitaria por el Gobierno Abierto\",\"An\u00e1huac\",\"AUIEMSS\",\"Escuela Libre de Derecho\",\"IBERO Puebla\",\"Pepe Chedraui\",\"Universidad IEU\"],\"articleSection\":[\"Principal\",\"Puebla\"],\"inLanguage\":\"es\"},{\"@type\":\"WebPage\",\"@id\":\"https:\\\/\\\/ferabrajan.com\\\/portal\\\/2025\\\/12\\\/03\\\/puebla-impulsa-un-nuevo-modelo-de-participacion-estudiantil-con-la-primera-alianza-universitaria-por-el-gobierno-abierto\\\/\",\"url\":\"https:\\\/\\\/ferabrajan.com\\\/portal\\\/2025\\\/12\\\/03\\\/puebla-impulsa-un-nuevo-modelo-de-participacion-estudiantil-con-la-primera-alianza-universitaria-por-el-gobierno-abierto\\\/\",\"name\":\"Puebla impulsa un nuevo modelo de participaci\u00f3n estudiantil con la primera Alianza Universitaria por el Gobierno Abierto - Fer Abrajan\",\"isPartOf\":{\"@id\":\"https:\\\/\\\/ferabrajan.com\\\/portal\\\/#website\"},\"primaryImageOfPage\":{\"@id\":\"https:\\\/\\\/ferabrajan.com\\\/portal\\\/2025\\\/12\\\/03\\\/puebla-impulsa-un-nuevo-modelo-de-participacion-estudiantil-con-la-primera-alianza-universitaria-por-el-gobierno-abierto\\\/#primaryimage\"},\"image\":{\"@id\":\"https:\\\/\\\/ferabrajan.com\\\/portal\\\/2025\\\/12\\\/03\\\/puebla-impulsa-un-nuevo-modelo-de-participacion-estudiantil-con-la-primera-alianza-universitaria-por-el-gobierno-abierto\\\/#primaryimage\"},\"thumbnailUrl\":\"https:\\\/\\\/ferabrajan.com\\\/portal\\\/wp-content\\\/uploads\\\/2025\\\/12\\\/ayto.jpeg\",\"datePublished\":\"2025-12-03T15:18:34+00:00\",\"breadcrumb\":{\"@id\":\"https:\\\/\\\/ferabrajan.com\\\/portal\\\/2025\\\/12\\\/03\\\/puebla-impulsa-un-nuevo-modelo-de-participacion-estudiantil-con-la-primera-alianza-universitaria-por-el-gobierno-abierto\\\/#breadcrumb\"},\"inLanguage\":\"es\",\"potentialAction\":[{\"@type\":\"ReadAction\",\"target\":[\"https:\\\/\\\/ferabrajan.com\\\/portal\\\/2025\\\/12\\\/03\\\/puebla-impulsa-un-nuevo-modelo-de-participacion-estudiantil-con-la-primera-alianza-universitaria-por-el-gobierno-abierto\\\/\"]}]},{\"@type\":\"ImageObject\",\"inLanguage\":\"es\",\"@id\":\"https:\\\/\\\/ferabrajan.com\\\/portal\\\/2025\\\/12\\\/03\\\/puebla-impulsa-un-nuevo-modelo-de-participacion-estudiantil-con-la-primera-alianza-universitaria-por-el-gobierno-abierto\\\/#primaryimage\",\"url\":\"https:\\\/\\\/ferabrajan.com\\\/portal\\\/wp-content\\\/uploads\\\/2025\\\/12\\\/ayto.jpeg\",\"contentUrl\":\"https:\\\/\\\/ferabrajan.com\\\/portal\\\/wp-content\\\/uploads\\\/2025\\\/12\\\/ayto.jpeg\",\"width\":1280,\"height\":853},{\"@type\":\"BreadcrumbList\",\"@id\":\"https:\\\/\\\/ferabrajan.com\\\/portal\\\/2025\\\/12\\\/03\\\/puebla-impulsa-un-nuevo-modelo-de-participacion-estudiantil-con-la-primera-alianza-universitaria-por-el-gobierno-abierto\\\/#breadcrumb\",\"itemListElement\":[{\"@type\":\"ListItem\",\"position\":1,\"name\":\"Portada\",\"item\":\"https:\\\/\\\/ferabrajan.com\\\/portal\\\/\"},{\"@type\":\"ListItem\",\"position\":2,\"name\":\"Puebla impulsa un nuevo modelo de participaci\u00f3n estudiantil con la primera Alianza Universitaria por el Gobierno Abierto\"}]},{\"@type\":\"WebSite\",\"@id\":\"https:\\\/\\\/ferabrajan.com\\\/portal\\\/#website\",\"url\":\"https:\\\/\\\/ferabrajan.com\\\/portal\\\/\",\"name\":\"Fer Abrajan\",\"description\":\"Noticias de Puebla, opini\u00f3n y radio en vivo\",\"publisher\":{\"@id\":\"https:\\\/\\\/ferabrajan.com\\\/portal\\\/#organization\"},\"potentialAction\":[{\"@type\":\"SearchAction\",\"target\":{\"@type\":\"EntryPoint\",\"urlTemplate\":\"https:\\\/\\\/ferabrajan.com\\\/portal\\\/?s={search_term_string}\"},\"query-input\":{\"@type\":\"PropertyValueSpecification\",\"valueRequired\":true,\"valueName\":\"search_term_string\"}}],\"inLanguage\":\"es\"},{\"@type\":\"Organization\",\"@id\":\"https:\\\/\\\/ferabrajan.com\\\/portal\\\/#organization\",\"name\":\"Fer Abrajan\",\"url\":\"https:\\\/\\\/ferabrajan.com\\\/portal\\\/\",\"logo\":{\"@type\":\"ImageObject\",\"inLanguage\":\"es\",\"@id\":\"https:\\\/\\\/ferabrajan.com\\\/portal\\\/#\\\/schema\\\/logo\\\/image\\\/\",\"url\":\"https:\\\/\\\/ferabrajan.com\\\/portal\\\/wp-content\\\/uploads\\\/2024\\\/10\\\/cropped-logo.jpeg\",\"contentUrl\":\"https:\\\/\\\/ferabrajan.com\\\/portal\\\/wp-content\\\/uploads\\\/2024\\\/10\\\/cropped-logo.jpeg\",\"width\":500,\"height\":250,\"caption\":\"Fer Abrajan\"},\"image\":{\"@id\":\"https:\\\/\\\/ferabrajan.com\\\/portal\\\/#\\\/schema\\\/logo\\\/image\\\/\"},\"sameAs\":[\"https:\\\/\\\/www.facebook.com\\\/NoticiasconFerAbrajan\\\/\",\"https:\\\/\\\/x.com\\\/ferabrajan1\"]},{\"@type\":\"Person\",\"@id\":\"https:\\\/\\\/ferabrajan.com\\\/portal\\\/#\\\/schema\\\/person\\\/83ed4fff5d7e4c8edf481fa39f71acb2\",\"name\":\"Ismael Rojas\",\"image\":{\"@type\":\"ImageObject\",\"inLanguage\":\"es\",\"@id\":\"https:\\\/\\\/secure.gravatar.com\\\/avatar\\\/e4a9cb58548fedeb6143fa536c79b44c34454539235177c55c5819d74963e9d6?s=96&d=mm&r=g\",\"url\":\"https:\\\/\\\/secure.gravatar.com\\\/avatar\\\/e4a9cb58548fedeb6143fa536c79b44c34454539235177c55c5819d74963e9d6?s=96&d=mm&r=g\",\"contentUrl\":\"https:\\\/\\\/secure.gravatar.com\\\/avatar\\\/e4a9cb58548fedeb6143fa536c79b44c34454539235177c55c5819d74963e9d6?s=96&d=mm&r=g\",\"caption\":\"Ismael Rojas\"},\"url\":\"https:\\\/\\\/ferabrajan.com\\\/portal\\\/author\\\/ismael\\\/\"}]}<\/script>\n<!-- \/ Yoast SEO plugin. -->","yoast_head_json":{"title":"Puebla impulsa un nuevo modelo de participaci\u00f3n estudiantil con la primera Alianza Universitaria por el Gobierno Abierto - Fer Abrajan","robots":{"index":"index","follow":"follow","max-snippet":"max-snippet:-1","max-image-preview":"max-image-preview:large","max-video-preview":"max-video-preview:-1"},"canonical":"https:\/\/ferabrajan.com\/portal\/2025\/12\/03\/puebla-impulsa-un-nuevo-modelo-de-participacion-estudiantil-con-la-primera-alianza-universitaria-por-el-gobierno-abierto\/","og_locale":"es_ES","og_type":"article","og_title":"Puebla impulsa un nuevo modelo de participaci\u00f3n estudiantil con la primera Alianza Universitaria por el Gobierno Abierto - Fer Abrajan","og_description":"La reuni\u00f3n tuvo como objetivo establecer la agenda de trabajo conjunto entre el Gobierno de la Ciudad y las universidades pertenecientes a la alianza","og_url":"https:\/\/ferabrajan.com\/portal\/2025\/12\/03\/puebla-impulsa-un-nuevo-modelo-de-participacion-estudiantil-con-la-primera-alianza-universitaria-por-el-gobierno-abierto\/","og_site_name":"Fer Abrajan","article_publisher":"https:\/\/www.facebook.com\/NoticiasconFerAbrajan\/","article_published_time":"2025-12-03T15:18:34+00:00","og_image":[{"width":1280,"height":853,"url":"https:\/\/ferabrajan.com\/portal\/wp-content\/uploads\/2025\/12\/ayto.jpeg","type":"image\/jpeg"}],"author":"Ismael Rojas","twitter_card":"summary_large_image","twitter_creator":"@ferabrajan1","twitter_site":"@ferabrajan1","twitter_misc":{"Escrito por":"Ismael Rojas","Tiempo de lectura":"2 minutos"},"schema":{"@context":"https:\/\/schema.org","@graph":[{"@type":"Article","@id":"https:\/\/ferabrajan.com\/portal\/2025\/12\/03\/puebla-impulsa-un-nuevo-modelo-de-participacion-estudiantil-con-la-primera-alianza-universitaria-por-el-gobierno-abierto\/#article","isPartOf":{"@id":"https:\/\/ferabrajan.com\/portal\/2025\/12\/03\/puebla-impulsa-un-nuevo-modelo-de-participacion-estudiantil-con-la-primera-alianza-universitaria-por-el-gobierno-abierto\/"},"author":{"name":"Ismael Rojas","@id":"https:\/\/ferabrajan.com\/portal\/#\/schema\/person\/83ed4fff5d7e4c8edf481fa39f71acb2"},"headline":"Puebla impulsa un nuevo modelo de participaci\u00f3n estudiantil con la primera Alianza Universitaria por el Gobierno Abierto","datePublished":"2025-12-03T15:18:34+00:00","mainEntityOfPage":{"@id":"https:\/\/ferabrajan.com\/portal\/2025\/12\/03\/puebla-impulsa-un-nuevo-modelo-de-participacion-estudiantil-con-la-primera-alianza-universitaria-por-el-gobierno-abierto\/"},"wordCount":354,"publisher":{"@id":"https:\/\/ferabrajan.com\/portal\/#organization"},"image":{"@id":"https:\/\/ferabrajan.com\/portal\/2025\/12\/03\/puebla-impulsa-un-nuevo-modelo-de-participacion-estudiantil-con-la-primera-alianza-universitaria-por-el-gobierno-abierto\/#primaryimage"},"thumbnailUrl":"https:\/\/ferabrajan.com\/portal\/wp-content\/uploads\/2025\/12\/ayto.jpeg","keywords":["Alianza Universitaria por el Gobierno Abierto","An\u00e1huac","AUIEMSS","Escuela Libre de Derecho","IBERO Puebla","Pepe Chedraui","Universidad IEU"],"articleSection":["Principal","Puebla"],"inLanguage":"es"},{"@type":"WebPage","@id":"https:\/\/ferabrajan.com\/portal\/2025\/12\/03\/puebla-impulsa-un-nuevo-modelo-de-participacion-estudiantil-con-la-primera-alianza-universitaria-por-el-gobierno-abierto\/","url":"https:\/\/ferabrajan.com\/portal\/2025\/12\/03\/puebla-impulsa-un-nuevo-modelo-de-participacion-estudiantil-con-la-primera-alianza-universitaria-por-el-gobierno-abierto\/","name":"Puebla impulsa un nuevo modelo de participaci\u00f3n estudiantil con la primera Alianza Universitaria por el Gobierno Abierto - Fer Abrajan","isPartOf":{"@id":"https:\/\/ferabrajan.com\/portal\/#website"},"primaryImageOfPage":{"@id":"https:\/\/ferabrajan.com\/portal\/2025\/12\/03\/puebla-impulsa-un-nuevo-modelo-de-participacion-estudiantil-con-la-primera-alianza-universitaria-por-el-gobierno-abierto\/#primaryimage"},"image":{"@id":"https:\/\/ferabrajan.com\/portal\/2025\/12\/03\/puebla-impulsa-un-nuevo-modelo-de-participacion-estudiantil-con-la-primera-alianza-universitaria-por-el-gobierno-abierto\/#primaryimage"},"thumbnailUrl":"https:\/\/ferabrajan.com\/portal\/wp-content\/uploads\/2025\/12\/ayto.jpeg","datePublished":"2025-12-03T15:18:34+00:00","breadcrumb":{"@id":"https:\/\/ferabrajan.com\/portal\/2025\/12\/03\/puebla-impulsa-un-nuevo-modelo-de-participacion-estudiantil-con-la-primera-alianza-universitaria-por-el-gobierno-abierto\/#breadcrumb"},"inLanguage":"es","potentialAction":[{"@type":"ReadAction","target":["https:\/\/ferabrajan.com\/portal\/2025\/12\/03\/puebla-impulsa-un-nuevo-modelo-de-participacion-estudiantil-con-la-primera-alianza-universitaria-por-el-gobierno-abierto\/"]}]},{"@type":"ImageObject","inLanguage":"es","@id":"https:\/\/ferabrajan.com\/portal\/2025\/12\/03\/puebla-impulsa-un-nuevo-modelo-de-participacion-estudiantil-con-la-primera-alianza-universitaria-por-el-gobierno-abierto\/#primaryimage","url":"https:\/\/ferabrajan.com\/portal\/wp-content\/uploads\/2025\/12\/ayto.jpeg","contentUrl":"https:\/\/ferabrajan.com\/portal\/wp-content\/uploads\/2025\/12\/ayto.jpeg","width":1280,"height":853},{"@type":"BreadcrumbList","@id":"https:\/\/ferabrajan.com\/portal\/2025\/12\/03\/puebla-impulsa-un-nuevo-modelo-de-participacion-estudiantil-con-la-primera-alianza-universitaria-por-el-gobierno-abierto\/#breadcrumb","itemListElement":[{"@type":"ListItem","position":1,"name":"Portada","item":"https:\/\/ferabrajan.com\/portal\/"},{"@type":"ListItem","position":2,"name":"Puebla impulsa un nuevo modelo de participaci\u00f3n estudiantil con la primera Alianza Universitaria por el Gobierno Abierto"}]},{"@type":"WebSite","@id":"https:\/\/ferabrajan.com\/portal\/#website","url":"https:\/\/ferabrajan.com\/portal\/","name":"Fer Abrajan","description":"Noticias de Puebla, opini\u00f3n y radio en vivo","publisher":{"@id":"https:\/\/ferabrajan.com\/portal\/#organization"},"potentialAction":[{"@type":"SearchAction","target":{"@type":"EntryPoint","urlTemplate":"https:\/\/ferabrajan.com\/portal\/?s={search_term_string}"},"query-input":{"@type":"PropertyValueSpecification","valueRequired":true,"valueName":"search_term_string"}}],"inLanguage":"es"},{"@type":"Organization","@id":"https:\/\/ferabrajan.com\/portal\/#organization","name":"Fer Abrajan","url":"https:\/\/ferabrajan.com\/portal\/","logo":{"@type":"ImageObject","inLanguage":"es","@id":"https:\/\/ferabrajan.com\/portal\/#\/schema\/logo\/image\/","url":"https:\/\/ferabrajan.com\/portal\/wp-content\/uploads\/2024\/10\/cropped-logo.jpeg","contentUrl":"https:\/\/ferabrajan.com\/portal\/wp-content\/uploads\/2024\/10\/cropped-logo.jpeg","width":500,"height":250,"caption":"Fer Abrajan"},"image":{"@id":"https:\/\/ferabrajan.com\/portal\/#\/schema\/logo\/image\/"},"sameAs":["https:\/\/www.facebook.com\/NoticiasconFerAbrajan\/","https:\/\/x.com\/ferabrajan1"]},{"@type":"Person","@id":"https:\/\/ferabrajan.com\/portal\/#\/schema\/person\/83ed4fff5d7e4c8edf481fa39f71acb2","name":"Ismael Rojas","image":{"@type":"ImageObject","inLanguage":"es","@id":"https:\/\/secure.gravatar.com\/avatar\/e4a9cb58548fedeb6143fa536c79b44c34454539235177c55c5819d74963e9d6?s=96&d=mm&r=g","url":"https:\/\/secure.gravatar.com\/avatar\/e4a9cb58548fedeb6143fa536c79b44c34454539235177c55c5819d74963e9d6?s=96&d=mm&r=g","contentUrl":"https:\/\/secure.gravatar.com\/avatar\/e4a9cb58548fedeb6143fa536c79b44c34454539235177c55c5819d74963e9d6?s=96&d=mm&r=g","caption":"Ismael Rojas"},"url":"https:\/\/ferabrajan.com\/portal\/author\/ismael\/"}]}},"_links":{"self":[{"href":"https:\/\/ferabrajan.com\/portal\/wp-json\/wp\/v2\/posts\/78178","targetHints":{"allow":["GET"]}}],"collection":[{"href":"https:\/\/ferabrajan.com\/portal\/wp-json\/wp\/v2\/posts"}],"about":[{"href":"https:\/\/ferabrajan.com\/portal\/wp-json\/wp\/v2\/types\/post"}],"author":[{"embeddable":true,"href":"https:\/\/ferabrajan.com\/portal\/wp-json\/wp\/v2\/users\/4"}],"replies":[{"embeddable":true,"href":"https:\/\/ferabrajan.com\/portal\/wp-json\/wp\/v2\/comments?post=78178"}],"version-history":[{"count":1,"href":"https:\/\/ferabrajan.com\/portal\/wp-json\/wp\/v2\/posts\/78178\/revisions"}],"predecessor-version":[{"id":78180,"href":"https:\/\/ferabrajan.com\/portal\/wp-json\/wp\/v2\/posts\/78178\/revisions\/78180"}],"wp:featuredmedia":[{"embeddable":true,"href":"https:\/\/ferabrajan.com\/portal\/wp-json\/wp\/v2\/media\/78179"}],"wp:attachment":[{"href":"https:\/\/ferabrajan.com\/portal\/wp-json\/wp\/v2\/media?parent=78178"}],"wp:term":[{"taxonomy":"category","embeddable":true,"href":"https:\/\/ferabrajan.com\/portal\/wp-json\/wp\/v2\/categories?post=78178"},{"taxonomy":"post_tag","embeddable":true,"href":"https:\/\/ferabrajan.com\/portal\/wp-json\/wp\/v2\/tags?post=78178"}],"curies":[{"name":"wp","href":"https:\/\/api.w.org\/{rel}","templated":true}]}}