{"id":78175,"date":"2025-12-03T15:13:33","date_gmt":"2025-12-03T15:13:33","guid":{"rendered":"https:\/\/ferabrajan.com\/portal\/?p=78175"},"modified":"2025-12-03T15:13:33","modified_gmt":"2025-12-03T15:13:33","slug":"puebla-enciende-la-magia-decembrina-con-un-festival-que-celebra-valores-y-tradicion","status":"publish","type":"post","link":"https:\/\/ferabrajan.com\/portal\/2025\/12\/03\/puebla-enciende-la-magia-decembrina-con-un-festival-que-celebra-valores-y-tradicion\/","title":{"rendered":"Puebla enciende la magia decembrina con un festival que celebra valores y tradici\u00f3n"},"content":{"rendered":"<p data-start=\"89\" data-end=\"624\">CIUDAD DE PUEBLA, Pue.\u2014 La Navidad lleg\u00f3 oficialmente a Puebla con el <strong data-start=\"159\" data-end=\"203\">Festival Navide\u00f1o Por Amor a Puebla 2025<\/strong>, una celebraci\u00f3n que combina <strong data-start=\"233\" data-end=\"300\">valores familiares, identidad cultural y experiencias gratuitas<\/strong> para que miles de familias vivan la temporada en un ambiente de magia y uni\u00f3n. Bajo la visi\u00f3n humanista del gobernador <strong data-start=\"420\" data-end=\"441\">Alejandro Armenta<\/strong> y el respaldo de la presidenta <strong data-start=\"473\" data-end=\"494\">Claudia Sheinbaum<\/strong>, este encuentro busca convertirse en una tradici\u00f3n anual que refleje el esp\u00edritu de una Navidad profundamente poblana y mexicana.<\/p>\n<p data-start=\"626\" data-end=\"1040\">La directora ejecutiva de Convenciones y Parques, <strong data-start=\"676\" data-end=\"697\">Michelle Talavera<\/strong>, detall\u00f3 que el festival se realizar\u00e1 del <strong data-start=\"740\" data-end=\"773\">20 de diciembre al 4 de enero<\/strong>, de martes a domingo, de <strong data-start=\"799\" data-end=\"833\">5 de la tarde a 11 de la noche<\/strong>, aprovechando <strong data-start=\"848\" data-end=\"896\">30 mil metros cuadrados del Centro Expositor<\/strong> para montar un recorrido iluminado que rinde homenaje a los s\u00edmbolos m\u00e1s queridos de la temporada: <strong data-start=\"996\" data-end=\"1039\">\u00e1ngeles, nochebuenas, pi\u00f1atas y esferas<\/strong>.<\/p>\n<p data-start=\"1042\" data-end=\"1345\">Con el concepto <strong data-start=\"1058\" data-end=\"1082\">\u201cIlumina tu coraz\u00f3n\u201d<\/strong>, cada instalaci\u00f3n de luz est\u00e1 asociada a un <strong data-start=\"1127\" data-end=\"1136\">valor<\/strong>, invitando a los visitantes a reflexionar sobre aquello que une y fortalece a las familias. El objetivo es ofrecer no solo un espect\u00e1culo visual, sino <strong data-start=\"1288\" data-end=\"1344\">un encuentro lleno de cultura, alegr\u00eda y significado<\/strong>.<\/p>\n<p data-start=\"1347\" data-end=\"1923\">Entre las atracciones gratuitas destacan un <strong data-start=\"1391\" data-end=\"1423\">recorrido navide\u00f1o inmersivo<\/strong>, una <strong data-start=\"1429\" data-end=\"1459\">pista de hielo en circuito<\/strong>, un <strong data-start=\"1464\" data-end=\"1480\">gran tobog\u00e1n<\/strong>, un <strong data-start=\"1485\" data-end=\"1502\">tren navide\u00f1o<\/strong>, una <strong data-start=\"1508\" data-end=\"1526\">zona inmersiva<\/strong> que enmarca al \u00e1rbol monumental y un <strong data-start=\"1564\" data-end=\"1584\">mercado navide\u00f1o<\/strong> para artesanos y productores locales. Este a\u00f1o se suma el <strong data-start=\"1643\" data-end=\"1664\">Foro Navide\u00f1o 360<\/strong>, que del 5 al 21 de diciembre presentar\u00e1 expresiones art\u00edsticas, as\u00ed como un <strong data-start=\"1742\" data-end=\"1765\">concurso de pi\u00f1atas<\/strong> que premiar\u00e1 la creatividad poblana. Tambi\u00e9n habr\u00e1 <strong data-start=\"1817\" data-end=\"1848\">juegos mec\u00e1nicos exteriores<\/strong> (con costo) y el <strong data-start=\"1866\" data-end=\"1888\">kiosko de talentos<\/strong>, un espacio para artistas locales.<\/p>\n<p data-start=\"1925\" data-end=\"2207\">Talavera se\u00f1al\u00f3 que el festival est\u00e1 respaldado por un esfuerzo conjunto de las Secretar\u00edas de <strong data-start=\"2020\" data-end=\"2044\">Desarrollo Tur\u00edstico<\/strong>, <strong data-start=\"2046\" data-end=\"2064\">Arte y Cultura<\/strong>, <strong data-start=\"2066\" data-end=\"2087\">Seguridad P\u00fablica<\/strong> y <strong data-start=\"2090\" data-end=\"2105\">Gobernaci\u00f3n<\/strong>, con el fin de garantizar una experiencia segura, ordenada y de alta calidad para todas las familias.<\/p>\n<p data-start=\"2209\" data-end=\"2564\" data-is-last-node=\"\" data-is-only-node=\"\">Con una <strong data-start=\"2217\" data-end=\"2268\">afluencia estimada en m\u00e1s de 400 mil visitantes<\/strong> y una <strong data-start=\"2275\" data-end=\"2331\">derrama econ\u00f3mica proyectada de 80 millones de pesos<\/strong>, el Festival Navide\u00f1o Por Amor a Puebla 2025 refrenda el compromiso del gobierno estatal con el <strong data-start=\"2428\" data-end=\"2515\">impulso econ\u00f3mico, la convivencia familiar y la celebraci\u00f3n de nuestras tradiciones<\/strong>, iluminando la Navidad con el coraz\u00f3n de Puebla.<\/p>\n","protected":false},"excerpt":{"rendered":"<p>Se espera una afluencia de m\u00e1s de 400 mil personas y una derrama econ\u00f3mica estimada en 80 millones de pesos.<\/p>\n","protected":false},"author":3,"featured_media":78176,"comment_status":"closed","ping_status":"closed","sticky":false,"template":"","format":"standard","meta":{"_monsterinsights_skip_tracking":false,"_uf_show_specific_survey":0,"_uf_disable_surveys":false,"footnotes":""},"categories":[585,34],"tags":[3639,3638,3568],"class_list":["post-78175","post","type-post","status-publish","format-standard","has-post-thumbnail","hentry","category-principal","category-puebla","tag-centro-expositor","tag-festival-navideno-por-amor-a-puebla-2025","tag-michelle-talavera"],"yoast_head":"<!-- This site is optimized with the Yoast SEO plugin v27.5 - https:\/\/yoast.com\/product\/yoast-seo-wordpress\/ -->\n<title>Puebla enciende la magia decembrina con un festival que celebra valores y tradici\u00f3n - Fer Abrajan<\/title>\n<meta name=\"robots\" content=\"index, follow, max-snippet:-1, max-image-preview:large, max-video-preview:-1\" \/>\n<link rel=\"canonical\" href=\"https:\/\/ferabrajan.com\/portal\/2025\/12\/03\/puebla-enciende-la-magia-decembrina-con-un-festival-que-celebra-valores-y-tradicion\/\" \/>\n<meta property=\"og:locale\" content=\"es_ES\" \/>\n<meta property=\"og:type\" content=\"article\" \/>\n<meta property=\"og:title\" content=\"Puebla enciende la magia decembrina con un festival que celebra valores y tradici\u00f3n - Fer Abrajan\" \/>\n<meta property=\"og:description\" content=\"Se espera una afluencia de m\u00e1s de 400 mil personas y una derrama econ\u00f3mica estimada en 80 millones de pesos.\" \/>\n<meta property=\"og:url\" content=\"https:\/\/ferabrajan.com\/portal\/2025\/12\/03\/puebla-enciende-la-magia-decembrina-con-un-festival-que-celebra-valores-y-tradicion\/\" \/>\n<meta property=\"og:site_name\" content=\"Fer Abrajan\" \/>\n<meta property=\"article:publisher\" content=\"https:\/\/www.facebook.com\/NoticiasconFerAbrajan\/\" \/>\n<meta property=\"article:published_time\" content=\"2025-12-03T15:13:33+00:00\" \/>\n<meta property=\"og:image\" content=\"https:\/\/ferabrajan.com\/portal\/wp-content\/uploads\/2025\/12\/PYC_0212_3.jpeg\" \/>\n\t<meta property=\"og:image:width\" content=\"2560\" \/>\n\t<meta property=\"og:image:height\" content=\"1706\" \/>\n\t<meta property=\"og:image:type\" content=\"image\/jpeg\" \/>\n<meta name=\"author\" content=\"Rebeca N\u00fa\u00f1ez\" \/>\n<meta name=\"twitter:card\" content=\"summary_large_image\" \/>\n<meta name=\"twitter:creator\" content=\"@ferabrajan1\" \/>\n<meta name=\"twitter:site\" content=\"@ferabrajan1\" \/>\n<meta name=\"twitter:label1\" content=\"Escrito por\" \/>\n\t<meta name=\"twitter:data1\" content=\"Rebeca N\u00fa\u00f1ez\" \/>\n\t<meta name=\"twitter:label2\" content=\"Tiempo de lectura\" \/>\n\t<meta name=\"twitter:data2\" content=\"2 minutos\" \/>\n<script type=\"application\/ld+json\" class=\"yoast-schema-graph\">{\"@context\":\"https:\\\/\\\/schema.org\",\"@graph\":[{\"@type\":\"Article\",\"@id\":\"https:\\\/\\\/ferabrajan.com\\\/portal\\\/2025\\\/12\\\/03\\\/puebla-enciende-la-magia-decembrina-con-un-festival-que-celebra-valores-y-tradicion\\\/#article\",\"isPartOf\":{\"@id\":\"https:\\\/\\\/ferabrajan.com\\\/portal\\\/2025\\\/12\\\/03\\\/puebla-enciende-la-magia-decembrina-con-un-festival-que-celebra-valores-y-tradicion\\\/\"},\"author\":{\"name\":\"Rebeca N\u00fa\u00f1ez\",\"@id\":\"https:\\\/\\\/ferabrajan.com\\\/portal\\\/#\\\/schema\\\/person\\\/a79364e0091921e733584c4833bc7a50\"},\"headline\":\"Puebla enciende la magia decembrina con un festival que celebra valores y tradici\u00f3n\",\"datePublished\":\"2025-12-03T15:13:33+00:00\",\"mainEntityOfPage\":{\"@id\":\"https:\\\/\\\/ferabrajan.com\\\/portal\\\/2025\\\/12\\\/03\\\/puebla-enciende-la-magia-decembrina-con-un-festival-que-celebra-valores-y-tradicion\\\/\"},\"wordCount\":410,\"publisher\":{\"@id\":\"https:\\\/\\\/ferabrajan.com\\\/portal\\\/#organization\"},\"image\":{\"@id\":\"https:\\\/\\\/ferabrajan.com\\\/portal\\\/2025\\\/12\\\/03\\\/puebla-enciende-la-magia-decembrina-con-un-festival-que-celebra-valores-y-tradicion\\\/#primaryimage\"},\"thumbnailUrl\":\"https:\\\/\\\/ferabrajan.com\\\/portal\\\/wp-content\\\/uploads\\\/2025\\\/12\\\/PYC_0212_3.jpeg\",\"keywords\":[\"Centro Expositor\",\"Festival Navide\u00f1o Por Amor a Puebla 2025\",\"Michelle Talavera\"],\"articleSection\":[\"Principal\",\"Puebla\"],\"inLanguage\":\"es\"},{\"@type\":\"WebPage\",\"@id\":\"https:\\\/\\\/ferabrajan.com\\\/portal\\\/2025\\\/12\\\/03\\\/puebla-enciende-la-magia-decembrina-con-un-festival-que-celebra-valores-y-tradicion\\\/\",\"url\":\"https:\\\/\\\/ferabrajan.com\\\/portal\\\/2025\\\/12\\\/03\\\/puebla-enciende-la-magia-decembrina-con-un-festival-que-celebra-valores-y-tradicion\\\/\",\"name\":\"Puebla enciende la magia decembrina con un festival que celebra valores y tradici\u00f3n - Fer Abrajan\",\"isPartOf\":{\"@id\":\"https:\\\/\\\/ferabrajan.com\\\/portal\\\/#website\"},\"primaryImageOfPage\":{\"@id\":\"https:\\\/\\\/ferabrajan.com\\\/portal\\\/2025\\\/12\\\/03\\\/puebla-enciende-la-magia-decembrina-con-un-festival-que-celebra-valores-y-tradicion\\\/#primaryimage\"},\"image\":{\"@id\":\"https:\\\/\\\/ferabrajan.com\\\/portal\\\/2025\\\/12\\\/03\\\/puebla-enciende-la-magia-decembrina-con-un-festival-que-celebra-valores-y-tradicion\\\/#primaryimage\"},\"thumbnailUrl\":\"https:\\\/\\\/ferabrajan.com\\\/portal\\\/wp-content\\\/uploads\\\/2025\\\/12\\\/PYC_0212_3.jpeg\",\"datePublished\":\"2025-12-03T15:13:33+00:00\",\"breadcrumb\":{\"@id\":\"https:\\\/\\\/ferabrajan.com\\\/portal\\\/2025\\\/12\\\/03\\\/puebla-enciende-la-magia-decembrina-con-un-festival-que-celebra-valores-y-tradicion\\\/#breadcrumb\"},\"inLanguage\":\"es\",\"potentialAction\":[{\"@type\":\"ReadAction\",\"target\":[\"https:\\\/\\\/ferabrajan.com\\\/portal\\\/2025\\\/12\\\/03\\\/puebla-enciende-la-magia-decembrina-con-un-festival-que-celebra-valores-y-tradicion\\\/\"]}]},{\"@type\":\"ImageObject\",\"inLanguage\":\"es\",\"@id\":\"https:\\\/\\\/ferabrajan.com\\\/portal\\\/2025\\\/12\\\/03\\\/puebla-enciende-la-magia-decembrina-con-un-festival-que-celebra-valores-y-tradicion\\\/#primaryimage\",\"url\":\"https:\\\/\\\/ferabrajan.com\\\/portal\\\/wp-content\\\/uploads\\\/2025\\\/12\\\/PYC_0212_3.jpeg\",\"contentUrl\":\"https:\\\/\\\/ferabrajan.com\\\/portal\\\/wp-content\\\/uploads\\\/2025\\\/12\\\/PYC_0212_3.jpeg\",\"width\":2560,\"height\":1706},{\"@type\":\"BreadcrumbList\",\"@id\":\"https:\\\/\\\/ferabrajan.com\\\/portal\\\/2025\\\/12\\\/03\\\/puebla-enciende-la-magia-decembrina-con-un-festival-que-celebra-valores-y-tradicion\\\/#breadcrumb\",\"itemListElement\":[{\"@type\":\"ListItem\",\"position\":1,\"name\":\"Portada\",\"item\":\"https:\\\/\\\/ferabrajan.com\\\/portal\\\/\"},{\"@type\":\"ListItem\",\"position\":2,\"name\":\"Puebla enciende la magia decembrina con un festival que celebra valores y tradici\u00f3n\"}]},{\"@type\":\"WebSite\",\"@id\":\"https:\\\/\\\/ferabrajan.com\\\/portal\\\/#website\",\"url\":\"https:\\\/\\\/ferabrajan.com\\\/portal\\\/\",\"name\":\"Fer Abrajan\",\"description\":\"Noticias de Puebla, opini\u00f3n y radio en vivo\",\"publisher\":{\"@id\":\"https:\\\/\\\/ferabrajan.com\\\/portal\\\/#organization\"},\"potentialAction\":[{\"@type\":\"SearchAction\",\"target\":{\"@type\":\"EntryPoint\",\"urlTemplate\":\"https:\\\/\\\/ferabrajan.com\\\/portal\\\/?s={search_term_string}\"},\"query-input\":{\"@type\":\"PropertyValueSpecification\",\"valueRequired\":true,\"valueName\":\"search_term_string\"}}],\"inLanguage\":\"es\"},{\"@type\":\"Organization\",\"@id\":\"https:\\\/\\\/ferabrajan.com\\\/portal\\\/#organization\",\"name\":\"Fer Abrajan\",\"url\":\"https:\\\/\\\/ferabrajan.com\\\/portal\\\/\",\"logo\":{\"@type\":\"ImageObject\",\"inLanguage\":\"es\",\"@id\":\"https:\\\/\\\/ferabrajan.com\\\/portal\\\/#\\\/schema\\\/logo\\\/image\\\/\",\"url\":\"https:\\\/\\\/ferabrajan.com\\\/portal\\\/wp-content\\\/uploads\\\/2024\\\/10\\\/cropped-logo.jpeg\",\"contentUrl\":\"https:\\\/\\\/ferabrajan.com\\\/portal\\\/wp-content\\\/uploads\\\/2024\\\/10\\\/cropped-logo.jpeg\",\"width\":500,\"height\":250,\"caption\":\"Fer Abrajan\"},\"image\":{\"@id\":\"https:\\\/\\\/ferabrajan.com\\\/portal\\\/#\\\/schema\\\/logo\\\/image\\\/\"},\"sameAs\":[\"https:\\\/\\\/www.facebook.com\\\/NoticiasconFerAbrajan\\\/\",\"https:\\\/\\\/x.com\\\/ferabrajan1\"]},{\"@type\":\"Person\",\"@id\":\"https:\\\/\\\/ferabrajan.com\\\/portal\\\/#\\\/schema\\\/person\\\/a79364e0091921e733584c4833bc7a50\",\"name\":\"Rebeca N\u00fa\u00f1ez\",\"image\":{\"@type\":\"ImageObject\",\"inLanguage\":\"es\",\"@id\":\"https:\\\/\\\/secure.gravatar.com\\\/avatar\\\/c9cbf721287e849268cd37eca93cf4be51b2eed9e71c8d0c6825bd912000b74e?s=96&d=mm&r=g\",\"url\":\"https:\\\/\\\/secure.gravatar.com\\\/avatar\\\/c9cbf721287e849268cd37eca93cf4be51b2eed9e71c8d0c6825bd912000b74e?s=96&d=mm&r=g\",\"contentUrl\":\"https:\\\/\\\/secure.gravatar.com\\\/avatar\\\/c9cbf721287e849268cd37eca93cf4be51b2eed9e71c8d0c6825bd912000b74e?s=96&d=mm&r=g\",\"caption\":\"Rebeca N\u00fa\u00f1ez\"},\"url\":\"https:\\\/\\\/ferabrajan.com\\\/portal\\\/author\\\/rebeca\\\/\"}]}<\/script>\n<!-- \/ Yoast SEO plugin. -->","yoast_head_json":{"title":"Puebla enciende la magia decembrina con un festival que celebra valores y tradici\u00f3n - Fer Abrajan","robots":{"index":"index","follow":"follow","max-snippet":"max-snippet:-1","max-image-preview":"max-image-preview:large","max-video-preview":"max-video-preview:-1"},"canonical":"https:\/\/ferabrajan.com\/portal\/2025\/12\/03\/puebla-enciende-la-magia-decembrina-con-un-festival-que-celebra-valores-y-tradicion\/","og_locale":"es_ES","og_type":"article","og_title":"Puebla enciende la magia decembrina con un festival que celebra valores y tradici\u00f3n - Fer Abrajan","og_description":"Se espera una afluencia de m\u00e1s de 400 mil personas y una derrama econ\u00f3mica estimada en 80 millones de pesos.","og_url":"https:\/\/ferabrajan.com\/portal\/2025\/12\/03\/puebla-enciende-la-magia-decembrina-con-un-festival-que-celebra-valores-y-tradicion\/","og_site_name":"Fer Abrajan","article_publisher":"https:\/\/www.facebook.com\/NoticiasconFerAbrajan\/","article_published_time":"2025-12-03T15:13:33+00:00","og_image":[{"width":2560,"height":1706,"url":"https:\/\/ferabrajan.com\/portal\/wp-content\/uploads\/2025\/12\/PYC_0212_3.jpeg","type":"image\/jpeg"}],"author":"Rebeca N\u00fa\u00f1ez","twitter_card":"summary_large_image","twitter_creator":"@ferabrajan1","twitter_site":"@ferabrajan1","twitter_misc":{"Escrito por":"Rebeca N\u00fa\u00f1ez","Tiempo de lectura":"2 minutos"},"schema":{"@context":"https:\/\/schema.org","@graph":[{"@type":"Article","@id":"https:\/\/ferabrajan.com\/portal\/2025\/12\/03\/puebla-enciende-la-magia-decembrina-con-un-festival-que-celebra-valores-y-tradicion\/#article","isPartOf":{"@id":"https:\/\/ferabrajan.com\/portal\/2025\/12\/03\/puebla-enciende-la-magia-decembrina-con-un-festival-que-celebra-valores-y-tradicion\/"},"author":{"name":"Rebeca N\u00fa\u00f1ez","@id":"https:\/\/ferabrajan.com\/portal\/#\/schema\/person\/a79364e0091921e733584c4833bc7a50"},"headline":"Puebla enciende la magia decembrina con un festival que celebra valores y tradici\u00f3n","datePublished":"2025-12-03T15:13:33+00:00","mainEntityOfPage":{"@id":"https:\/\/ferabrajan.com\/portal\/2025\/12\/03\/puebla-enciende-la-magia-decembrina-con-un-festival-que-celebra-valores-y-tradicion\/"},"wordCount":410,"publisher":{"@id":"https:\/\/ferabrajan.com\/portal\/#organization"},"image":{"@id":"https:\/\/ferabrajan.com\/portal\/2025\/12\/03\/puebla-enciende-la-magia-decembrina-con-un-festival-que-celebra-valores-y-tradicion\/#primaryimage"},"thumbnailUrl":"https:\/\/ferabrajan.com\/portal\/wp-content\/uploads\/2025\/12\/PYC_0212_3.jpeg","keywords":["Centro Expositor","Festival Navide\u00f1o Por Amor a Puebla 2025","Michelle Talavera"],"articleSection":["Principal","Puebla"],"inLanguage":"es"},{"@type":"WebPage","@id":"https:\/\/ferabrajan.com\/portal\/2025\/12\/03\/puebla-enciende-la-magia-decembrina-con-un-festival-que-celebra-valores-y-tradicion\/","url":"https:\/\/ferabrajan.com\/portal\/2025\/12\/03\/puebla-enciende-la-magia-decembrina-con-un-festival-que-celebra-valores-y-tradicion\/","name":"Puebla enciende la magia decembrina con un festival que celebra valores y tradici\u00f3n - Fer Abrajan","isPartOf":{"@id":"https:\/\/ferabrajan.com\/portal\/#website"},"primaryImageOfPage":{"@id":"https:\/\/ferabrajan.com\/portal\/2025\/12\/03\/puebla-enciende-la-magia-decembrina-con-un-festival-que-celebra-valores-y-tradicion\/#primaryimage"},"image":{"@id":"https:\/\/ferabrajan.com\/portal\/2025\/12\/03\/puebla-enciende-la-magia-decembrina-con-un-festival-que-celebra-valores-y-tradicion\/#primaryimage"},"thumbnailUrl":"https:\/\/ferabrajan.com\/portal\/wp-content\/uploads\/2025\/12\/PYC_0212_3.jpeg","datePublished":"2025-12-03T15:13:33+00:00","breadcrumb":{"@id":"https:\/\/ferabrajan.com\/portal\/2025\/12\/03\/puebla-enciende-la-magia-decembrina-con-un-festival-que-celebra-valores-y-tradicion\/#breadcrumb"},"inLanguage":"es","potentialAction":[{"@type":"ReadAction","target":["https:\/\/ferabrajan.com\/portal\/2025\/12\/03\/puebla-enciende-la-magia-decembrina-con-un-festival-que-celebra-valores-y-tradicion\/"]}]},{"@type":"ImageObject","inLanguage":"es","@id":"https:\/\/ferabrajan.com\/portal\/2025\/12\/03\/puebla-enciende-la-magia-decembrina-con-un-festival-que-celebra-valores-y-tradicion\/#primaryimage","url":"https:\/\/ferabrajan.com\/portal\/wp-content\/uploads\/2025\/12\/PYC_0212_3.jpeg","contentUrl":"https:\/\/ferabrajan.com\/portal\/wp-content\/uploads\/2025\/12\/PYC_0212_3.jpeg","width":2560,"height":1706},{"@type":"BreadcrumbList","@id":"https:\/\/ferabrajan.com\/portal\/2025\/12\/03\/puebla-enciende-la-magia-decembrina-con-un-festival-que-celebra-valores-y-tradicion\/#breadcrumb","itemListElement":[{"@type":"ListItem","position":1,"name":"Portada","item":"https:\/\/ferabrajan.com\/portal\/"},{"@type":"ListItem","position":2,"name":"Puebla enciende la magia decembrina con un festival que celebra valores y tradici\u00f3n"}]},{"@type":"WebSite","@id":"https:\/\/ferabrajan.com\/portal\/#website","url":"https:\/\/ferabrajan.com\/portal\/","name":"Fer Abrajan","description":"Noticias de Puebla, opini\u00f3n y radio en vivo","publisher":{"@id":"https:\/\/ferabrajan.com\/portal\/#organization"},"potentialAction":[{"@type":"SearchAction","target":{"@type":"EntryPoint","urlTemplate":"https:\/\/ferabrajan.com\/portal\/?s={search_term_string}"},"query-input":{"@type":"PropertyValueSpecification","valueRequired":true,"valueName":"search_term_string"}}],"inLanguage":"es"},{"@type":"Organization","@id":"https:\/\/ferabrajan.com\/portal\/#organization","name":"Fer Abrajan","url":"https:\/\/ferabrajan.com\/portal\/","logo":{"@type":"ImageObject","inLanguage":"es","@id":"https:\/\/ferabrajan.com\/portal\/#\/schema\/logo\/image\/","url":"https:\/\/ferabrajan.com\/portal\/wp-content\/uploads\/2024\/10\/cropped-logo.jpeg","contentUrl":"https:\/\/ferabrajan.com\/portal\/wp-content\/uploads\/2024\/10\/cropped-logo.jpeg","width":500,"height":250,"caption":"Fer Abrajan"},"image":{"@id":"https:\/\/ferabrajan.com\/portal\/#\/schema\/logo\/image\/"},"sameAs":["https:\/\/www.facebook.com\/NoticiasconFerAbrajan\/","https:\/\/x.com\/ferabrajan1"]},{"@type":"Person","@id":"https:\/\/ferabrajan.com\/portal\/#\/schema\/person\/a79364e0091921e733584c4833bc7a50","name":"Rebeca N\u00fa\u00f1ez","image":{"@type":"ImageObject","inLanguage":"es","@id":"https:\/\/secure.gravatar.com\/avatar\/c9cbf721287e849268cd37eca93cf4be51b2eed9e71c8d0c6825bd912000b74e?s=96&d=mm&r=g","url":"https:\/\/secure.gravatar.com\/avatar\/c9cbf721287e849268cd37eca93cf4be51b2eed9e71c8d0c6825bd912000b74e?s=96&d=mm&r=g","contentUrl":"https:\/\/secure.gravatar.com\/avatar\/c9cbf721287e849268cd37eca93cf4be51b2eed9e71c8d0c6825bd912000b74e?s=96&d=mm&r=g","caption":"Rebeca N\u00fa\u00f1ez"},"url":"https:\/\/ferabrajan.com\/portal\/author\/rebeca\/"}]}},"_links":{"self":[{"href":"https:\/\/ferabrajan.com\/portal\/wp-json\/wp\/v2\/posts\/78175","targetHints":{"allow":["GET"]}}],"collection":[{"href":"https:\/\/ferabrajan.com\/portal\/wp-json\/wp\/v2\/posts"}],"about":[{"href":"https:\/\/ferabrajan.com\/portal\/wp-json\/wp\/v2\/types\/post"}],"author":[{"embeddable":true,"href":"https:\/\/ferabrajan.com\/portal\/wp-json\/wp\/v2\/users\/3"}],"replies":[{"embeddable":true,"href":"https:\/\/ferabrajan.com\/portal\/wp-json\/wp\/v2\/comments?post=78175"}],"version-history":[{"count":1,"href":"https:\/\/ferabrajan.com\/portal\/wp-json\/wp\/v2\/posts\/78175\/revisions"}],"predecessor-version":[{"id":78177,"href":"https:\/\/ferabrajan.com\/portal\/wp-json\/wp\/v2\/posts\/78175\/revisions\/78177"}],"wp:featuredmedia":[{"embeddable":true,"href":"https:\/\/ferabrajan.com\/portal\/wp-json\/wp\/v2\/media\/78176"}],"wp:attachment":[{"href":"https:\/\/ferabrajan.com\/portal\/wp-json\/wp\/v2\/media?parent=78175"}],"wp:term":[{"taxonomy":"category","embeddable":true,"href":"https:\/\/ferabrajan.com\/portal\/wp-json\/wp\/v2\/categories?post=78175"},{"taxonomy":"post_tag","embeddable":true,"href":"https:\/\/ferabrajan.com\/portal\/wp-json\/wp\/v2\/tags?post=78175"}],"curies":[{"name":"wp","href":"https:\/\/api.w.org\/{rel}","templated":true}]}}