{"id":78017,"date":"2025-11-26T15:38:09","date_gmt":"2025-11-26T15:38:09","guid":{"rendered":"https:\/\/ferabrajan.com\/portal\/?p=78017"},"modified":"2025-11-26T15:38:09","modified_gmt":"2025-11-26T15:38:09","slug":"la-cuenta-regresiva-inicio-estas-seran-las-vacaciones-de-diciembre-2025-segun-la-sep","status":"publish","type":"post","link":"https:\/\/ferabrajan.com\/portal\/2025\/11\/26\/la-cuenta-regresiva-inicio-estas-seran-las-vacaciones-de-diciembre-2025-segun-la-sep\/","title":{"rendered":"La cuenta regresiva inici\u00f3: estas ser\u00e1n las vacaciones de diciembre 2025 seg\u00fan la SEP"},"content":{"rendered":"<p data-start=\"285\" data-end=\"615\">Con noviembre llegando a su fin, millones de estudiantes ya sienten el esp\u00edritu decembrino a la vuelta de la esquina. La <strong data-start=\"406\" data-end=\"447\">Secretar\u00eda de Educaci\u00f3n P\u00fablica (SEP)<\/strong> confirm\u00f3 las fechas oficiales del periodo vacacional de invierno para el ciclo escolar <strong data-start=\"535\" data-end=\"548\">2025-2026<\/strong>, y s\u00ed: el descanso ser\u00e1 m\u00e1s largo de lo habitual para el alumnado.<\/p>\n<p data-start=\"617\" data-end=\"989\">De acuerdo con el calendario escolar, las vacaciones de diciembre iniciar\u00e1n el <strong data-start=\"696\" data-end=\"715\">22 de diciembre<\/strong> y concluir\u00e1n el <strong data-start=\"732\" data-end=\"746\">6 de enero<\/strong>. Sin embargo, el regreso a clases no ser\u00e1 inmediato. Los d\u00edas <strong data-start=\"809\" data-end=\"830\">7, 8 y 9 de enero<\/strong> estar\u00e1n destinados a <strong data-start=\"852\" data-end=\"902\">talleres intensivos para docentes y directivos<\/strong>, por lo que las y los estudiantes volver\u00e1n a las aulas hasta el <strong data-start=\"967\" data-end=\"988\">lunes 12 de enero<\/strong>.<\/p>\n<p data-start=\"991\" data-end=\"1138\">Despu\u00e9s de este descanso extendido, el siguiente periodo vacacional llegar\u00e1 con la <strong data-start=\"1074\" data-end=\"1090\">Semana Santa<\/strong>, que en 2026 abarcar\u00e1 del <strong data-start=\"1117\" data-end=\"1137\">1 al 10 de abril<\/strong>.<\/p>\n<p data-start=\"1140\" data-end=\"1262\" data-is-last-node=\"\" data-is-only-node=\"\">Con fechas en mano, ahora s\u00ed empieza la cuenta regresiva para el cierre de a\u00f1o escolar y el esperado descanso de invierno.<\/p>\n<p data-start=\"1140\" data-end=\"1262\" data-is-last-node=\"\" data-is-only-node=\"\"><img decoding=\"async\" class=\"alignnone size-medium wp-image-78019\" src=\"https:\/\/ferabrajan.com\/portal\/wp-content\/uploads\/2025\/11\/AA1R8Er9-300x116.jpg\" alt=\"\" width=\"300\" height=\"116\" srcset=\"https:\/\/ferabrajan.com\/portal\/wp-content\/uploads\/2025\/11\/AA1R8Er9-300x116.jpg 300w, https:\/\/ferabrajan.com\/portal\/wp-content\/uploads\/2025\/11\/AA1R8Er9.jpg 768w\" sizes=\"(max-width: 300px) 100vw, 300px\" \/><\/p>\n","protected":false},"excerpt":{"rendered":"<p>Las vacaciones de diciembre iniciar\u00e1n el 22 de diciembre y concluir\u00e1n el 6 de enero<\/p>\n","protected":false},"author":1,"featured_media":78018,"comment_status":"closed","ping_status":"closed","sticky":false,"template":"","format":"standard","meta":{"_monsterinsights_skip_tracking":false,"_uf_show_specific_survey":0,"_uf_disable_surveys":false,"footnotes":""},"categories":[52,585],"tags":[3592,991],"class_list":["post-78017","post","type-post","status-publish","format-standard","has-post-thumbnail","hentry","category-nacional","category-principal","tag-secretaria-de-educacion-publica-sep","tag-vacaciones"],"yoast_head":"<!-- This site is optimized with the Yoast SEO plugin v27.5 - https:\/\/yoast.com\/product\/yoast-seo-wordpress\/ -->\n<title>La cuenta regresiva inici\u00f3: estas ser\u00e1n las vacaciones de diciembre 2025 seg\u00fan la SEP - Fer Abrajan<\/title>\n<meta name=\"description\" content=\"Las vacaciones de diciembre iniciar\u00e1n el 22 de diciembre y concluir\u00e1n el 6 de enero\" \/>\n<meta name=\"robots\" content=\"index, follow, max-snippet:-1, max-image-preview:large, max-video-preview:-1\" \/>\n<link rel=\"canonical\" href=\"https:\/\/ferabrajan.com\/portal\/2025\/11\/26\/la-cuenta-regresiva-inicio-estas-seran-las-vacaciones-de-diciembre-2025-segun-la-sep\/\" \/>\n<meta property=\"og:locale\" content=\"es_ES\" \/>\n<meta property=\"og:type\" content=\"article\" \/>\n<meta property=\"og:title\" content=\"La cuenta regresiva inici\u00f3: estas ser\u00e1n las vacaciones de diciembre 2025 seg\u00fan la SEP - Fer Abrajan\" \/>\n<meta property=\"og:description\" content=\"Las vacaciones de diciembre iniciar\u00e1n el 22 de diciembre y concluir\u00e1n el 6 de enero\" \/>\n<meta property=\"og:url\" content=\"https:\/\/ferabrajan.com\/portal\/2025\/11\/26\/la-cuenta-regresiva-inicio-estas-seran-las-vacaciones-de-diciembre-2025-segun-la-sep\/\" \/>\n<meta property=\"og:site_name\" content=\"Fer Abrajan\" \/>\n<meta property=\"article:publisher\" content=\"https:\/\/www.facebook.com\/NoticiasconFerAbrajan\/\" \/>\n<meta property=\"article:published_time\" content=\"2025-11-26T15:38:09+00:00\" \/>\n<meta property=\"og:image\" content=\"https:\/\/ferabrajan.com\/portal\/wp-content\/uploads\/2025\/11\/Captura-de-pantalla_26-11-2025_93447_www.canva_.com_.jpeg\" \/>\n\t<meta property=\"og:image:width\" content=\"1020\" \/>\n\t<meta property=\"og:image:height\" content=\"678\" \/>\n\t<meta property=\"og:image:type\" content=\"image\/jpeg\" \/>\n<meta name=\"author\" content=\"admin\" \/>\n<meta name=\"twitter:card\" content=\"summary_large_image\" \/>\n<meta name=\"twitter:creator\" content=\"@ferabrajan1\" \/>\n<meta name=\"twitter:site\" content=\"@ferabrajan1\" \/>\n<meta name=\"twitter:label1\" content=\"Escrito por\" \/>\n\t<meta name=\"twitter:data1\" content=\"admin\" \/>\n\t<meta name=\"twitter:label2\" content=\"Tiempo de lectura\" \/>\n\t<meta name=\"twitter:data2\" content=\"2 minutos\" \/>\n<script type=\"application\/ld+json\" class=\"yoast-schema-graph\">{\"@context\":\"https:\\\/\\\/schema.org\",\"@graph\":[{\"@type\":\"Article\",\"@id\":\"https:\\\/\\\/ferabrajan.com\\\/portal\\\/2025\\\/11\\\/26\\\/la-cuenta-regresiva-inicio-estas-seran-las-vacaciones-de-diciembre-2025-segun-la-sep\\\/#article\",\"isPartOf\":{\"@id\":\"https:\\\/\\\/ferabrajan.com\\\/portal\\\/2025\\\/11\\\/26\\\/la-cuenta-regresiva-inicio-estas-seran-las-vacaciones-de-diciembre-2025-segun-la-sep\\\/\"},\"author\":{\"name\":\"admin\",\"@id\":\"https:\\\/\\\/ferabrajan.com\\\/portal\\\/#\\\/schema\\\/person\\\/f6113b3cb1e036d5c6a9505685b257ba\"},\"headline\":\"La cuenta regresiva inici\u00f3: estas ser\u00e1n las vacaciones de diciembre 2025 seg\u00fan la SEP\",\"datePublished\":\"2025-11-26T15:38:09+00:00\",\"mainEntityOfPage\":{\"@id\":\"https:\\\/\\\/ferabrajan.com\\\/portal\\\/2025\\\/11\\\/26\\\/la-cuenta-regresiva-inicio-estas-seran-las-vacaciones-de-diciembre-2025-segun-la-sep\\\/\"},\"wordCount\":181,\"publisher\":{\"@id\":\"https:\\\/\\\/ferabrajan.com\\\/portal\\\/#organization\"},\"image\":{\"@id\":\"https:\\\/\\\/ferabrajan.com\\\/portal\\\/2025\\\/11\\\/26\\\/la-cuenta-regresiva-inicio-estas-seran-las-vacaciones-de-diciembre-2025-segun-la-sep\\\/#primaryimage\"},\"thumbnailUrl\":\"https:\\\/\\\/ferabrajan.com\\\/portal\\\/wp-content\\\/uploads\\\/2025\\\/11\\\/Captura-de-pantalla_26-11-2025_93447_www.canva_.com_.jpeg\",\"keywords\":[\"Secretar\u00eda de Educaci\u00f3n P\u00fablica (SEP)\",\"vacaciones\"],\"articleSection\":[\"Nacional\",\"Principal\"],\"inLanguage\":\"es\"},{\"@type\":\"WebPage\",\"@id\":\"https:\\\/\\\/ferabrajan.com\\\/portal\\\/2025\\\/11\\\/26\\\/la-cuenta-regresiva-inicio-estas-seran-las-vacaciones-de-diciembre-2025-segun-la-sep\\\/\",\"url\":\"https:\\\/\\\/ferabrajan.com\\\/portal\\\/2025\\\/11\\\/26\\\/la-cuenta-regresiva-inicio-estas-seran-las-vacaciones-de-diciembre-2025-segun-la-sep\\\/\",\"name\":\"La cuenta regresiva inici\u00f3: estas ser\u00e1n las vacaciones de diciembre 2025 seg\u00fan la SEP - Fer Abrajan\",\"isPartOf\":{\"@id\":\"https:\\\/\\\/ferabrajan.com\\\/portal\\\/#website\"},\"primaryImageOfPage\":{\"@id\":\"https:\\\/\\\/ferabrajan.com\\\/portal\\\/2025\\\/11\\\/26\\\/la-cuenta-regresiva-inicio-estas-seran-las-vacaciones-de-diciembre-2025-segun-la-sep\\\/#primaryimage\"},\"image\":{\"@id\":\"https:\\\/\\\/ferabrajan.com\\\/portal\\\/2025\\\/11\\\/26\\\/la-cuenta-regresiva-inicio-estas-seran-las-vacaciones-de-diciembre-2025-segun-la-sep\\\/#primaryimage\"},\"thumbnailUrl\":\"https:\\\/\\\/ferabrajan.com\\\/portal\\\/wp-content\\\/uploads\\\/2025\\\/11\\\/Captura-de-pantalla_26-11-2025_93447_www.canva_.com_.jpeg\",\"datePublished\":\"2025-11-26T15:38:09+00:00\",\"description\":\"Las vacaciones de diciembre iniciar\u00e1n el 22 de diciembre y concluir\u00e1n el 6 de enero\",\"breadcrumb\":{\"@id\":\"https:\\\/\\\/ferabrajan.com\\\/portal\\\/2025\\\/11\\\/26\\\/la-cuenta-regresiva-inicio-estas-seran-las-vacaciones-de-diciembre-2025-segun-la-sep\\\/#breadcrumb\"},\"inLanguage\":\"es\",\"potentialAction\":[{\"@type\":\"ReadAction\",\"target\":[\"https:\\\/\\\/ferabrajan.com\\\/portal\\\/2025\\\/11\\\/26\\\/la-cuenta-regresiva-inicio-estas-seran-las-vacaciones-de-diciembre-2025-segun-la-sep\\\/\"]}]},{\"@type\":\"ImageObject\",\"inLanguage\":\"es\",\"@id\":\"https:\\\/\\\/ferabrajan.com\\\/portal\\\/2025\\\/11\\\/26\\\/la-cuenta-regresiva-inicio-estas-seran-las-vacaciones-de-diciembre-2025-segun-la-sep\\\/#primaryimage\",\"url\":\"https:\\\/\\\/ferabrajan.com\\\/portal\\\/wp-content\\\/uploads\\\/2025\\\/11\\\/Captura-de-pantalla_26-11-2025_93447_www.canva_.com_.jpeg\",\"contentUrl\":\"https:\\\/\\\/ferabrajan.com\\\/portal\\\/wp-content\\\/uploads\\\/2025\\\/11\\\/Captura-de-pantalla_26-11-2025_93447_www.canva_.com_.jpeg\",\"width\":1020,\"height\":678},{\"@type\":\"BreadcrumbList\",\"@id\":\"https:\\\/\\\/ferabrajan.com\\\/portal\\\/2025\\\/11\\\/26\\\/la-cuenta-regresiva-inicio-estas-seran-las-vacaciones-de-diciembre-2025-segun-la-sep\\\/#breadcrumb\",\"itemListElement\":[{\"@type\":\"ListItem\",\"position\":1,\"name\":\"Portada\",\"item\":\"https:\\\/\\\/ferabrajan.com\\\/portal\\\/\"},{\"@type\":\"ListItem\",\"position\":2,\"name\":\"La cuenta regresiva inici\u00f3: estas ser\u00e1n las vacaciones de diciembre 2025 seg\u00fan la SEP\"}]},{\"@type\":\"WebSite\",\"@id\":\"https:\\\/\\\/ferabrajan.com\\\/portal\\\/#website\",\"url\":\"https:\\\/\\\/ferabrajan.com\\\/portal\\\/\",\"name\":\"Fer Abrajan\",\"description\":\"Noticias de Puebla, opini\u00f3n y radio en vivo\",\"publisher\":{\"@id\":\"https:\\\/\\\/ferabrajan.com\\\/portal\\\/#organization\"},\"potentialAction\":[{\"@type\":\"SearchAction\",\"target\":{\"@type\":\"EntryPoint\",\"urlTemplate\":\"https:\\\/\\\/ferabrajan.com\\\/portal\\\/?s={search_term_string}\"},\"query-input\":{\"@type\":\"PropertyValueSpecification\",\"valueRequired\":true,\"valueName\":\"search_term_string\"}}],\"inLanguage\":\"es\"},{\"@type\":\"Organization\",\"@id\":\"https:\\\/\\\/ferabrajan.com\\\/portal\\\/#organization\",\"name\":\"Fer Abrajan\",\"url\":\"https:\\\/\\\/ferabrajan.com\\\/portal\\\/\",\"logo\":{\"@type\":\"ImageObject\",\"inLanguage\":\"es\",\"@id\":\"https:\\\/\\\/ferabrajan.com\\\/portal\\\/#\\\/schema\\\/logo\\\/image\\\/\",\"url\":\"https:\\\/\\\/ferabrajan.com\\\/portal\\\/wp-content\\\/uploads\\\/2024\\\/10\\\/cropped-logo.jpeg\",\"contentUrl\":\"https:\\\/\\\/ferabrajan.com\\\/portal\\\/wp-content\\\/uploads\\\/2024\\\/10\\\/cropped-logo.jpeg\",\"width\":500,\"height\":250,\"caption\":\"Fer Abrajan\"},\"image\":{\"@id\":\"https:\\\/\\\/ferabrajan.com\\\/portal\\\/#\\\/schema\\\/logo\\\/image\\\/\"},\"sameAs\":[\"https:\\\/\\\/www.facebook.com\\\/NoticiasconFerAbrajan\\\/\",\"https:\\\/\\\/x.com\\\/ferabrajan1\"]},{\"@type\":\"Person\",\"@id\":\"https:\\\/\\\/ferabrajan.com\\\/portal\\\/#\\\/schema\\\/person\\\/f6113b3cb1e036d5c6a9505685b257ba\",\"name\":\"admin\",\"image\":{\"@type\":\"ImageObject\",\"inLanguage\":\"es\",\"@id\":\"https:\\\/\\\/secure.gravatar.com\\\/avatar\\\/072baa72775aad53c748dfc5d3048578e01b6c087eef335459ebfa04344e2d18?s=96&d=mm&r=g\",\"url\":\"https:\\\/\\\/secure.gravatar.com\\\/avatar\\\/072baa72775aad53c748dfc5d3048578e01b6c087eef335459ebfa04344e2d18?s=96&d=mm&r=g\",\"contentUrl\":\"https:\\\/\\\/secure.gravatar.com\\\/avatar\\\/072baa72775aad53c748dfc5d3048578e01b6c087eef335459ebfa04344e2d18?s=96&d=mm&r=g\",\"caption\":\"admin\"},\"sameAs\":[\"https:\\\/\\\/ferabrajan.com\\\/portal\"],\"url\":\"https:\\\/\\\/ferabrajan.com\\\/portal\\\/author\\\/admin\\\/\"}]}<\/script>\n<!-- \/ Yoast SEO plugin. -->","yoast_head_json":{"title":"La cuenta regresiva inici\u00f3: estas ser\u00e1n las vacaciones de diciembre 2025 seg\u00fan la SEP - Fer Abrajan","description":"Las vacaciones de diciembre iniciar\u00e1n el 22 de diciembre y concluir\u00e1n el 6 de enero","robots":{"index":"index","follow":"follow","max-snippet":"max-snippet:-1","max-image-preview":"max-image-preview:large","max-video-preview":"max-video-preview:-1"},"canonical":"https:\/\/ferabrajan.com\/portal\/2025\/11\/26\/la-cuenta-regresiva-inicio-estas-seran-las-vacaciones-de-diciembre-2025-segun-la-sep\/","og_locale":"es_ES","og_type":"article","og_title":"La cuenta regresiva inici\u00f3: estas ser\u00e1n las vacaciones de diciembre 2025 seg\u00fan la SEP - Fer Abrajan","og_description":"Las vacaciones de diciembre iniciar\u00e1n el 22 de diciembre y concluir\u00e1n el 6 de enero","og_url":"https:\/\/ferabrajan.com\/portal\/2025\/11\/26\/la-cuenta-regresiva-inicio-estas-seran-las-vacaciones-de-diciembre-2025-segun-la-sep\/","og_site_name":"Fer Abrajan","article_publisher":"https:\/\/www.facebook.com\/NoticiasconFerAbrajan\/","article_published_time":"2025-11-26T15:38:09+00:00","og_image":[{"width":1020,"height":678,"url":"https:\/\/ferabrajan.com\/portal\/wp-content\/uploads\/2025\/11\/Captura-de-pantalla_26-11-2025_93447_www.canva_.com_.jpeg","type":"image\/jpeg"}],"author":"admin","twitter_card":"summary_large_image","twitter_creator":"@ferabrajan1","twitter_site":"@ferabrajan1","twitter_misc":{"Escrito por":"admin","Tiempo de lectura":"2 minutos"},"schema":{"@context":"https:\/\/schema.org","@graph":[{"@type":"Article","@id":"https:\/\/ferabrajan.com\/portal\/2025\/11\/26\/la-cuenta-regresiva-inicio-estas-seran-las-vacaciones-de-diciembre-2025-segun-la-sep\/#article","isPartOf":{"@id":"https:\/\/ferabrajan.com\/portal\/2025\/11\/26\/la-cuenta-regresiva-inicio-estas-seran-las-vacaciones-de-diciembre-2025-segun-la-sep\/"},"author":{"name":"admin","@id":"https:\/\/ferabrajan.com\/portal\/#\/schema\/person\/f6113b3cb1e036d5c6a9505685b257ba"},"headline":"La cuenta regresiva inici\u00f3: estas ser\u00e1n las vacaciones de diciembre 2025 seg\u00fan la SEP","datePublished":"2025-11-26T15:38:09+00:00","mainEntityOfPage":{"@id":"https:\/\/ferabrajan.com\/portal\/2025\/11\/26\/la-cuenta-regresiva-inicio-estas-seran-las-vacaciones-de-diciembre-2025-segun-la-sep\/"},"wordCount":181,"publisher":{"@id":"https:\/\/ferabrajan.com\/portal\/#organization"},"image":{"@id":"https:\/\/ferabrajan.com\/portal\/2025\/11\/26\/la-cuenta-regresiva-inicio-estas-seran-las-vacaciones-de-diciembre-2025-segun-la-sep\/#primaryimage"},"thumbnailUrl":"https:\/\/ferabrajan.com\/portal\/wp-content\/uploads\/2025\/11\/Captura-de-pantalla_26-11-2025_93447_www.canva_.com_.jpeg","keywords":["Secretar\u00eda de Educaci\u00f3n P\u00fablica (SEP)","vacaciones"],"articleSection":["Nacional","Principal"],"inLanguage":"es"},{"@type":"WebPage","@id":"https:\/\/ferabrajan.com\/portal\/2025\/11\/26\/la-cuenta-regresiva-inicio-estas-seran-las-vacaciones-de-diciembre-2025-segun-la-sep\/","url":"https:\/\/ferabrajan.com\/portal\/2025\/11\/26\/la-cuenta-regresiva-inicio-estas-seran-las-vacaciones-de-diciembre-2025-segun-la-sep\/","name":"La cuenta regresiva inici\u00f3: estas ser\u00e1n las vacaciones de diciembre 2025 seg\u00fan la SEP - Fer Abrajan","isPartOf":{"@id":"https:\/\/ferabrajan.com\/portal\/#website"},"primaryImageOfPage":{"@id":"https:\/\/ferabrajan.com\/portal\/2025\/11\/26\/la-cuenta-regresiva-inicio-estas-seran-las-vacaciones-de-diciembre-2025-segun-la-sep\/#primaryimage"},"image":{"@id":"https:\/\/ferabrajan.com\/portal\/2025\/11\/26\/la-cuenta-regresiva-inicio-estas-seran-las-vacaciones-de-diciembre-2025-segun-la-sep\/#primaryimage"},"thumbnailUrl":"https:\/\/ferabrajan.com\/portal\/wp-content\/uploads\/2025\/11\/Captura-de-pantalla_26-11-2025_93447_www.canva_.com_.jpeg","datePublished":"2025-11-26T15:38:09+00:00","description":"Las vacaciones de diciembre iniciar\u00e1n el 22 de diciembre y concluir\u00e1n el 6 de enero","breadcrumb":{"@id":"https:\/\/ferabrajan.com\/portal\/2025\/11\/26\/la-cuenta-regresiva-inicio-estas-seran-las-vacaciones-de-diciembre-2025-segun-la-sep\/#breadcrumb"},"inLanguage":"es","potentialAction":[{"@type":"ReadAction","target":["https:\/\/ferabrajan.com\/portal\/2025\/11\/26\/la-cuenta-regresiva-inicio-estas-seran-las-vacaciones-de-diciembre-2025-segun-la-sep\/"]}]},{"@type":"ImageObject","inLanguage":"es","@id":"https:\/\/ferabrajan.com\/portal\/2025\/11\/26\/la-cuenta-regresiva-inicio-estas-seran-las-vacaciones-de-diciembre-2025-segun-la-sep\/#primaryimage","url":"https:\/\/ferabrajan.com\/portal\/wp-content\/uploads\/2025\/11\/Captura-de-pantalla_26-11-2025_93447_www.canva_.com_.jpeg","contentUrl":"https:\/\/ferabrajan.com\/portal\/wp-content\/uploads\/2025\/11\/Captura-de-pantalla_26-11-2025_93447_www.canva_.com_.jpeg","width":1020,"height":678},{"@type":"BreadcrumbList","@id":"https:\/\/ferabrajan.com\/portal\/2025\/11\/26\/la-cuenta-regresiva-inicio-estas-seran-las-vacaciones-de-diciembre-2025-segun-la-sep\/#breadcrumb","itemListElement":[{"@type":"ListItem","position":1,"name":"Portada","item":"https:\/\/ferabrajan.com\/portal\/"},{"@type":"ListItem","position":2,"name":"La cuenta regresiva inici\u00f3: estas ser\u00e1n las vacaciones de diciembre 2025 seg\u00fan la SEP"}]},{"@type":"WebSite","@id":"https:\/\/ferabrajan.com\/portal\/#website","url":"https:\/\/ferabrajan.com\/portal\/","name":"Fer Abrajan","description":"Noticias de Puebla, opini\u00f3n y radio en vivo","publisher":{"@id":"https:\/\/ferabrajan.com\/portal\/#organization"},"potentialAction":[{"@type":"SearchAction","target":{"@type":"EntryPoint","urlTemplate":"https:\/\/ferabrajan.com\/portal\/?s={search_term_string}"},"query-input":{"@type":"PropertyValueSpecification","valueRequired":true,"valueName":"search_term_string"}}],"inLanguage":"es"},{"@type":"Organization","@id":"https:\/\/ferabrajan.com\/portal\/#organization","name":"Fer Abrajan","url":"https:\/\/ferabrajan.com\/portal\/","logo":{"@type":"ImageObject","inLanguage":"es","@id":"https:\/\/ferabrajan.com\/portal\/#\/schema\/logo\/image\/","url":"https:\/\/ferabrajan.com\/portal\/wp-content\/uploads\/2024\/10\/cropped-logo.jpeg","contentUrl":"https:\/\/ferabrajan.com\/portal\/wp-content\/uploads\/2024\/10\/cropped-logo.jpeg","width":500,"height":250,"caption":"Fer Abrajan"},"image":{"@id":"https:\/\/ferabrajan.com\/portal\/#\/schema\/logo\/image\/"},"sameAs":["https:\/\/www.facebook.com\/NoticiasconFerAbrajan\/","https:\/\/x.com\/ferabrajan1"]},{"@type":"Person","@id":"https:\/\/ferabrajan.com\/portal\/#\/schema\/person\/f6113b3cb1e036d5c6a9505685b257ba","name":"admin","image":{"@type":"ImageObject","inLanguage":"es","@id":"https:\/\/secure.gravatar.com\/avatar\/072baa72775aad53c748dfc5d3048578e01b6c087eef335459ebfa04344e2d18?s=96&d=mm&r=g","url":"https:\/\/secure.gravatar.com\/avatar\/072baa72775aad53c748dfc5d3048578e01b6c087eef335459ebfa04344e2d18?s=96&d=mm&r=g","contentUrl":"https:\/\/secure.gravatar.com\/avatar\/072baa72775aad53c748dfc5d3048578e01b6c087eef335459ebfa04344e2d18?s=96&d=mm&r=g","caption":"admin"},"sameAs":["https:\/\/ferabrajan.com\/portal"],"url":"https:\/\/ferabrajan.com\/portal\/author\/admin\/"}]}},"_links":{"self":[{"href":"https:\/\/ferabrajan.com\/portal\/wp-json\/wp\/v2\/posts\/78017","targetHints":{"allow":["GET"]}}],"collection":[{"href":"https:\/\/ferabrajan.com\/portal\/wp-json\/wp\/v2\/posts"}],"about":[{"href":"https:\/\/ferabrajan.com\/portal\/wp-json\/wp\/v2\/types\/post"}],"author":[{"embeddable":true,"href":"https:\/\/ferabrajan.com\/portal\/wp-json\/wp\/v2\/users\/1"}],"replies":[{"embeddable":true,"href":"https:\/\/ferabrajan.com\/portal\/wp-json\/wp\/v2\/comments?post=78017"}],"version-history":[{"count":1,"href":"https:\/\/ferabrajan.com\/portal\/wp-json\/wp\/v2\/posts\/78017\/revisions"}],"predecessor-version":[{"id":78020,"href":"https:\/\/ferabrajan.com\/portal\/wp-json\/wp\/v2\/posts\/78017\/revisions\/78020"}],"wp:featuredmedia":[{"embeddable":true,"href":"https:\/\/ferabrajan.com\/portal\/wp-json\/wp\/v2\/media\/78018"}],"wp:attachment":[{"href":"https:\/\/ferabrajan.com\/portal\/wp-json\/wp\/v2\/media?parent=78017"}],"wp:term":[{"taxonomy":"category","embeddable":true,"href":"https:\/\/ferabrajan.com\/portal\/wp-json\/wp\/v2\/categories?post=78017"},{"taxonomy":"post_tag","embeddable":true,"href":"https:\/\/ferabrajan.com\/portal\/wp-json\/wp\/v2\/tags?post=78017"}],"curies":[{"name":"wp","href":"https:\/\/api.w.org\/{rel}","templated":true}]}}