{"id":77815,"date":"2025-11-18T16:07:24","date_gmt":"2025-11-18T16:07:24","guid":{"rendered":"https:\/\/ferabrajan.com\/portal\/?p=77815"},"modified":"2025-11-18T16:07:24","modified_gmt":"2025-11-18T16:07:24","slug":"vacaciones-de-invierno-sep-2025-duraran-mas-que-dias-no-habra-clases-y-cuando-inician","status":"publish","type":"post","link":"https:\/\/ferabrajan.com\/portal\/2025\/11\/18\/vacaciones-de-invierno-sep-2025-duraran-mas-que-dias-no-habra-clases-y-cuando-inician\/","title":{"rendered":"Vacaciones de invierno SEP 2025 durar\u00e1n m\u00e1s: Qu\u00e9 d\u00edas NO habr\u00e1 clases y cu\u00e1ndo inician"},"content":{"rendered":"<p data-t=\"{&quot;n&quot;:&quot;blueLinks&quot;,&quot;t&quot;:13,&quot;a&quot;:&quot;click&quot;,&quot;b&quot;:76}\">Las\u00a0<b>vacaciones<\/b>\u00a0<b>de<\/b>\u00a0<b>invierno<\/b>\u00a0para estudiantes de educaci\u00f3n b\u00e1sica contar\u00e1n\u00a0<b>con mayor duraci\u00f3n este a\u00f1o<\/b>, pues los estudiantes podr\u00e1n gozar de al menos\u00a0<b>tres<\/b>\u00a0<b>semanas<\/b>\u00a0<b>de<\/b>\u00a0<b>descanso<\/b>\u00a0antes de regresar a sus actividades en las aulas en 2026.<\/p>\n<p data-t=\"{&quot;n&quot;:&quot;blueLinks&quot;,&quot;t&quot;:13,&quot;a&quot;:&quot;click&quot;,&quot;b&quot;:76}\">Aqu\u00ed te compartimos toda la informaci\u00f3n sobre\u00a0<b>cu\u00e1ndo inician, cu\u00e1ntos d\u00edas durar\u00e1n, la fecha de regreso a clases y otros d\u00edas clave<\/b>\u00a0dentro del calendario escolar 2025-2026 para los alumnos de preescolar, primaria y secundaria.<\/p>\n<h2 class=\"article-sub-heading\">\u00bfCu\u00e1ndo inician las vacaciones de invierno para estudiantes?<\/h2>\n<p data-t=\"{&quot;n&quot;:&quot;blueLinks&quot;,&quot;t&quot;:13,&quot;a&quot;:&quot;click&quot;,&quot;b&quot;:76}\">Para fortuna de los\u00a0<b>estudiantes<\/b>\u00a0en M\u00e9xico, las vacaciones de invierno se encuentran muy cerca, teniendo como\u00a0<b>\u00faltimo<\/b>\u00a0<b>d\u00eda<\/b>\u00a0<b>de<\/b>\u00a0<b>clases<\/b>\u00a0del 2025 el pr\u00f3ximo\u00a0<b>19 de diciembre<\/b>, con lo cual dar\u00e1 inicio ese fin de semana a su descanso de fin de a\u00f1o. Ser\u00e1 a partir del pr\u00f3ximo\u00a0<b>lunes 22 de diciembre\u00a0<\/b>que los j\u00f3venes de preescolar, primaria y secundaria no deber\u00e1n asistir a clases, para comenzar a gozar del descanso de\u00a0<b>Navidad, A\u00f1o Nuevo<\/b>\u00a0e incluso el\u00a0<b>D\u00eda<\/b>\u00a0<b>de<\/b>\u00a0<b>Reyes<\/b>\u00a0<b>Magos<\/b>.<\/p>\n<p data-t=\"{&quot;n&quot;:&quot;blueLinks&quot;,&quot;t&quot;:13,&quot;a&quot;:&quot;click&quot;,&quot;b&quot;:76}\">Este a\u00f1o, los estudiantes contar\u00e1n con una\u00a0<b>ligera<\/b>\u00a0<b>extensi\u00f3n<\/b>\u00a0<b>de su descanso<\/b>\u00a0a comparaci\u00f3n de a\u00f1os anteriores, por lo que deber\u00e1n conocer a detalle\u00a0<b>cu\u00e1nto durar\u00e1n sus vacaciones<\/b>\u00a0para planificar sus viajes, visitas o actividades que deseen realizar durante el cierre de a\u00f1o y los primeros d\u00edas del 2026.<\/p>\n<h2 class=\"article-sub-heading\">\u00bfCu\u00e1nto durar\u00e1n las vacaciones diciembre 2025 seg\u00fan la SEP?<\/h2>\n<p class=\"continue-read-break\" data-t=\"{&quot;n&quot;:&quot;blueLinks&quot;,&quot;t&quot;:13,&quot;a&quot;:&quot;click&quot;,&quot;b&quot;:76}\">La salida de vacaciones de los ni\u00f1os se hace oficial a partir del\u00a0<b>viernes 19 de diciembre<\/b>, el cual ser\u00e1 su \u00faltimo d\u00eda de clases del 2025 y teniendo que regresar hasta el pr\u00f3ximo a\u00f1o para continuar con sus estudios. A partir de dicha fecha, los j\u00f3venes contar\u00e1n con\u00a0<b>23 d\u00edas continuos de descanso<\/b>, a comparaci\u00f3n de los\u00a0<b>21 d\u00edas<\/b>\u00a0que tuvieron<b>\u00a0el a\u00f1o pasado<\/b>, dando as\u00ed un par de d\u00edas seguidos m\u00e1s de goce antes de su retorno a las aulas.<\/p>\n<p data-t=\"{&quot;n&quot;:&quot;blueLinks&quot;,&quot;t&quot;:13,&quot;a&quot;:&quot;click&quot;,&quot;b&quot;:76}\">Dicho esto, el regreso a clases est\u00e1 programado para el pr\u00f3ximo\u00a0<b>lunes 12 de enero de 2026<\/b>, donde los\u00a0<b>alumnos<\/b>\u00a0deber\u00e1n regresar a sus actividades para afrontar el resto del ciclo escolar, aunque para 2026 todav\u00eda podr\u00e1n contar con\u00a0<b>algunos d\u00edas de descanso y periodos vacacionales.\u00a0<\/b><\/p>\n<p data-t=\"{&quot;n&quot;:&quot;blueLinks&quot;,&quot;t&quot;:13,&quot;a&quot;:&quot;click&quot;,&quot;b&quot;:76}\">De cualquier manera, los alumnos deben aprovechar su periodo de descanso invernal para tener un espacio de convivencia familiar y\u00a0<b>recuperarse de forma f\u00edsica y emocional.\u00a0<\/b><\/p>\n<p class=\"\" data-t=\"{&quot;n&quot;:&quot;blueLinks&quot;,&quot;t&quot;:13,&quot;a&quot;:&quot;click&quot;,&quot;b&quot;:76}\">Fechas clave del calendario escolar 2025-2026<\/p>\n<p data-t=\"{&quot;n&quot;:&quot;blueLinks&quot;,&quot;t&quot;:13,&quot;a&quot;:&quot;click&quot;,&quot;b&quot;:76}\">Adem\u00e1s de las vacaciones de invierno 2025, los estudiantes de nivel b\u00e1sico tendr\u00e1n\u00a0<b>m\u00e1s<\/b>\u00a0<b>d\u00edas<\/b>\u00a0<b>de<\/b>\u00a0<b>suspensi\u00f3n<\/b>\u00a0<b>de<\/b>\u00a0<b>clases<\/b>\u00a0a lo largo del ciclo escolar, siendo este el\u00a0<b>listado<\/b>\u00a0<b>oficial<\/b>\u00a0de d\u00edas y periodos en los que no habr\u00e1 clases para ellos:<\/p>\n<h3 class=\"article-sub-heading\">D\u00edas feriados oficiales<\/h3>\n<div class=\"article-list-slot\">\n<ul>\n<li data-t=\"{&quot;n&quot;:&quot;blueLinks&quot;,&quot;t&quot;:13,&quot;a&quot;:&quot;click&quot;,&quot;b&quot;:76}\">lunes 2 de febrero de 2026: D\u00eda de la Constituci\u00f3n<\/li>\n<li data-t=\"{&quot;n&quot;:&quot;blueLinks&quot;,&quot;t&quot;:13,&quot;a&quot;:&quot;click&quot;,&quot;b&quot;:76}\">lunes 16 de marzo de 2026: Natalicio de Benito Ju\u00e1rez<\/li>\n<li data-t=\"{&quot;n&quot;:&quot;blueLinks&quot;,&quot;t&quot;:13,&quot;a&quot;:&quot;click&quot;,&quot;b&quot;:76}\">viernes 1 de mayo de 2026: D\u00eda del Trabajo<\/li>\n<li data-t=\"{&quot;n&quot;:&quot;blueLinks&quot;,&quot;t&quot;:13,&quot;a&quot;:&quot;click&quot;,&quot;b&quot;:76}\">martes 5 de mayo de 2026: Batalla de Puebla<\/li>\n<li data-t=\"{&quot;n&quot;:&quot;blueLinks&quot;,&quot;t&quot;:13,&quot;a&quot;:&quot;click&quot;,&quot;b&quot;:76}\">viernes 15 de mayo de 2026: D\u00eda del Maestro<\/li>\n<\/ul>\n<\/div>\n<h3 class=\"article-sub-heading\">Sesiones del Consejo T\u00e9cnico<\/h3>\n<div class=\"article-list-slot\">\n<ul>\n<li data-t=\"{&quot;n&quot;:&quot;blueLinks&quot;,&quot;t&quot;:13,&quot;a&quot;:&quot;click&quot;,&quot;b&quot;:76}\">viernes 28 de noviembre de 2025<\/li>\n<li data-t=\"{&quot;n&quot;:&quot;blueLinks&quot;,&quot;t&quot;:13,&quot;a&quot;:&quot;click&quot;,&quot;b&quot;:76}\">viernes 30 de enero de 2026<\/li>\n<li data-t=\"{&quot;n&quot;:&quot;blueLinks&quot;,&quot;t&quot;:13,&quot;a&quot;:&quot;click&quot;,&quot;b&quot;:76}\">viernes 27 de febrero de 2026<\/li>\n<li data-t=\"{&quot;n&quot;:&quot;blueLinks&quot;,&quot;t&quot;:13,&quot;a&quot;:&quot;click&quot;,&quot;b&quot;:76}\">viernes 27 de marzo de 2026<\/li>\n<li data-t=\"{&quot;n&quot;:&quot;blueLinks&quot;,&quot;t&quot;:13,&quot;a&quot;:&quot;click&quot;,&quot;b&quot;:76}\">viernes 29 de mayo de 2026<\/li>\n<li data-t=\"{&quot;n&quot;:&quot;blueLinks&quot;,&quot;t&quot;:13,&quot;a&quot;:&quot;click&quot;,&quot;b&quot;:76}\">viernes 26 de junio de 2026<\/li>\n<\/ul>\n<\/div>\n<h3 class=\"article-sub-heading\">Fechas de descarga administrativa<\/h3>\n<div class=\"article-list-slot\">\n<ul>\n<li data-t=\"{&quot;n&quot;:&quot;blueLinks&quot;,&quot;t&quot;:13,&quot;a&quot;:&quot;click&quot;,&quot;b&quot;:76}\">viernes 13 de marzo de 2026<\/li>\n<li data-t=\"{&quot;n&quot;:&quot;blueLinks&quot;,&quot;t&quot;:13,&quot;a&quot;:&quot;click&quot;,&quot;b&quot;:76}\">viernes 3 de julio de 2026<\/li>\n<\/ul>\n<\/div>\n<h3 class=\"article-sub-heading\">Vacaciones de Semana Santa<\/h3>\n<div class=\"article-list-slot\">\n<ul>\n<li data-t=\"{&quot;n&quot;:&quot;blueLinks&quot;,&quot;t&quot;:13,&quot;a&quot;:&quot;click&quot;,&quot;b&quot;:76}\">Del 30 de marzo al 10 de abril de 2026<\/li>\n<\/ul>\n<p>Con Informaci\u00f3n de:\u00a0<a href=\"https:\/\/www.msn.com\/es-mx\/noticias\/other\/oficial-vacaciones-de-invierno-sep-2025-durar%C3%A1n-m%C3%A1s-qu%C3%A9-d%C3%ADas-no-habr%C3%A1-clases-y-cu%C3%A1ndo-inician\/ar-AA1QCBGE?ocid=msedgntp&amp;pc=HCTS&amp;cvid=691c98a5948d40c0b5400a4b612ec4d0&amp;ei=17\">https:\/\/www.msn.com\/es-mx\/noticias\/other\/oficial-vacaciones-de-invierno-sep-2025-durar%C3%A1n-m%C3%A1s-qu%C3%A9-d%C3%ADas-no-habr%C3%A1-clases-y-cu%C3%A1ndo-inician\/ar-AA1QCBGE?ocid=msedgntp&amp;pc=HCTS&amp;cvid=691c98a5948d40c0b5400a4b612ec4d0&amp;ei=17<\/a><\/p>\n<\/div>\n","protected":false},"excerpt":{"rendered":"<p>Las vacaciones de invierno se encuentran muy cerca, teniendo como\u00a0\u00faltimo\u00a0d\u00eda\u00a0de\u00a0clases\u00a0del 2025 el pr\u00f3ximo\u00a019 de diciembre<\/p>\n","protected":false},"author":1,"featured_media":77816,"comment_status":"closed","ping_status":"closed","sticky":false,"template":"","format":"standard","meta":{"_monsterinsights_skip_tracking":false,"_uf_show_specific_survey":0,"_uf_disable_surveys":false,"footnotes":""},"categories":[52,585],"tags":[94,991,3525],"class_list":["post-77815","post","type-post","status-publish","format-standard","has-post-thumbnail","hentry","category-nacional","category-principal","tag-sep","tag-vacaciones","tag-vacaciones-de-invierno-sep-2025"],"yoast_head":"<!-- This site is optimized with the Yoast SEO plugin v27.5 - https:\/\/yoast.com\/product\/yoast-seo-wordpress\/ -->\n<title>Vacaciones de invierno SEP 2025 durar\u00e1n m\u00e1s: Qu\u00e9 d\u00edas NO habr\u00e1 clases y cu\u00e1ndo inician - Fer Abrajan<\/title>\n<meta name=\"description\" content=\"Las vacaciones de invierno se encuentran muy cerca, teniendo como\u00a0\u00faltimo\u00a0d\u00eda\u00a0de\u00a0clases\u00a0del 2025 el pr\u00f3ximo\u00a019 de diciembre\" \/>\n<meta name=\"robots\" content=\"index, follow, max-snippet:-1, max-image-preview:large, max-video-preview:-1\" \/>\n<link rel=\"canonical\" href=\"https:\/\/ferabrajan.com\/portal\/2025\/11\/18\/vacaciones-de-invierno-sep-2025-duraran-mas-que-dias-no-habra-clases-y-cuando-inician\/\" \/>\n<meta property=\"og:locale\" content=\"es_ES\" \/>\n<meta property=\"og:type\" content=\"article\" \/>\n<meta property=\"og:title\" content=\"Vacaciones de invierno SEP 2025 durar\u00e1n m\u00e1s: Qu\u00e9 d\u00edas NO habr\u00e1 clases y cu\u00e1ndo inician - Fer Abrajan\" \/>\n<meta property=\"og:description\" content=\"Las vacaciones de invierno se encuentran muy cerca, teniendo como\u00a0\u00faltimo\u00a0d\u00eda\u00a0de\u00a0clases\u00a0del 2025 el pr\u00f3ximo\u00a019 de diciembre\" \/>\n<meta property=\"og:url\" content=\"https:\/\/ferabrajan.com\/portal\/2025\/11\/18\/vacaciones-de-invierno-sep-2025-duraran-mas-que-dias-no-habra-clases-y-cuando-inician\/\" \/>\n<meta property=\"og:site_name\" content=\"Fer Abrajan\" \/>\n<meta property=\"article:publisher\" content=\"https:\/\/www.facebook.com\/NoticiasconFerAbrajan\/\" \/>\n<meta property=\"article:published_time\" content=\"2025-11-18T16:07:24+00:00\" \/>\n<meta property=\"og:image\" content=\"https:\/\/ferabrajan.com\/portal\/wp-content\/uploads\/2025\/11\/AA1PX46v.jpg\" \/>\n\t<meta property=\"og:image:width\" content=\"768\" \/>\n\t<meta property=\"og:image:height\" content=\"434\" \/>\n\t<meta property=\"og:image:type\" content=\"image\/jpeg\" \/>\n<meta name=\"author\" content=\"admin\" \/>\n<meta name=\"twitter:card\" content=\"summary_large_image\" \/>\n<meta name=\"twitter:creator\" content=\"@ferabrajan1\" \/>\n<meta name=\"twitter:site\" content=\"@ferabrajan1\" \/>\n<meta name=\"twitter:label1\" content=\"Escrito por\" \/>\n\t<meta name=\"twitter:data1\" content=\"admin\" \/>\n\t<meta name=\"twitter:label2\" content=\"Tiempo de lectura\" \/>\n\t<meta name=\"twitter:data2\" content=\"3 minutos\" \/>\n<script type=\"application\/ld+json\" class=\"yoast-schema-graph\">{\"@context\":\"https:\\\/\\\/schema.org\",\"@graph\":[{\"@type\":\"Article\",\"@id\":\"https:\\\/\\\/ferabrajan.com\\\/portal\\\/2025\\\/11\\\/18\\\/vacaciones-de-invierno-sep-2025-duraran-mas-que-dias-no-habra-clases-y-cuando-inician\\\/#article\",\"isPartOf\":{\"@id\":\"https:\\\/\\\/ferabrajan.com\\\/portal\\\/2025\\\/11\\\/18\\\/vacaciones-de-invierno-sep-2025-duraran-mas-que-dias-no-habra-clases-y-cuando-inician\\\/\"},\"author\":{\"name\":\"admin\",\"@id\":\"https:\\\/\\\/ferabrajan.com\\\/portal\\\/#\\\/schema\\\/person\\\/f6113b3cb1e036d5c6a9505685b257ba\"},\"headline\":\"Vacaciones de invierno SEP 2025 durar\u00e1n m\u00e1s: Qu\u00e9 d\u00edas NO habr\u00e1 clases y cu\u00e1ndo inician\",\"datePublished\":\"2025-11-18T16:07:24+00:00\",\"mainEntityOfPage\":{\"@id\":\"https:\\\/\\\/ferabrajan.com\\\/portal\\\/2025\\\/11\\\/18\\\/vacaciones-de-invierno-sep-2025-duraran-mas-que-dias-no-habra-clases-y-cuando-inician\\\/\"},\"wordCount\":636,\"publisher\":{\"@id\":\"https:\\\/\\\/ferabrajan.com\\\/portal\\\/#organization\"},\"image\":{\"@id\":\"https:\\\/\\\/ferabrajan.com\\\/portal\\\/2025\\\/11\\\/18\\\/vacaciones-de-invierno-sep-2025-duraran-mas-que-dias-no-habra-clases-y-cuando-inician\\\/#primaryimage\"},\"thumbnailUrl\":\"https:\\\/\\\/ferabrajan.com\\\/portal\\\/wp-content\\\/uploads\\\/2025\\\/11\\\/AA1PX46v.jpg\",\"keywords\":[\"SEP\",\"vacaciones\",\"Vacaciones de invierno SEP 2025\"],\"articleSection\":[\"Nacional\",\"Principal\"],\"inLanguage\":\"es\"},{\"@type\":\"WebPage\",\"@id\":\"https:\\\/\\\/ferabrajan.com\\\/portal\\\/2025\\\/11\\\/18\\\/vacaciones-de-invierno-sep-2025-duraran-mas-que-dias-no-habra-clases-y-cuando-inician\\\/\",\"url\":\"https:\\\/\\\/ferabrajan.com\\\/portal\\\/2025\\\/11\\\/18\\\/vacaciones-de-invierno-sep-2025-duraran-mas-que-dias-no-habra-clases-y-cuando-inician\\\/\",\"name\":\"Vacaciones de invierno SEP 2025 durar\u00e1n m\u00e1s: Qu\u00e9 d\u00edas NO habr\u00e1 clases y cu\u00e1ndo inician - Fer Abrajan\",\"isPartOf\":{\"@id\":\"https:\\\/\\\/ferabrajan.com\\\/portal\\\/#website\"},\"primaryImageOfPage\":{\"@id\":\"https:\\\/\\\/ferabrajan.com\\\/portal\\\/2025\\\/11\\\/18\\\/vacaciones-de-invierno-sep-2025-duraran-mas-que-dias-no-habra-clases-y-cuando-inician\\\/#primaryimage\"},\"image\":{\"@id\":\"https:\\\/\\\/ferabrajan.com\\\/portal\\\/2025\\\/11\\\/18\\\/vacaciones-de-invierno-sep-2025-duraran-mas-que-dias-no-habra-clases-y-cuando-inician\\\/#primaryimage\"},\"thumbnailUrl\":\"https:\\\/\\\/ferabrajan.com\\\/portal\\\/wp-content\\\/uploads\\\/2025\\\/11\\\/AA1PX46v.jpg\",\"datePublished\":\"2025-11-18T16:07:24+00:00\",\"description\":\"Las vacaciones de invierno se encuentran muy cerca, teniendo como\u00a0\u00faltimo\u00a0d\u00eda\u00a0de\u00a0clases\u00a0del 2025 el pr\u00f3ximo\u00a019 de diciembre\",\"breadcrumb\":{\"@id\":\"https:\\\/\\\/ferabrajan.com\\\/portal\\\/2025\\\/11\\\/18\\\/vacaciones-de-invierno-sep-2025-duraran-mas-que-dias-no-habra-clases-y-cuando-inician\\\/#breadcrumb\"},\"inLanguage\":\"es\",\"potentialAction\":[{\"@type\":\"ReadAction\",\"target\":[\"https:\\\/\\\/ferabrajan.com\\\/portal\\\/2025\\\/11\\\/18\\\/vacaciones-de-invierno-sep-2025-duraran-mas-que-dias-no-habra-clases-y-cuando-inician\\\/\"]}]},{\"@type\":\"ImageObject\",\"inLanguage\":\"es\",\"@id\":\"https:\\\/\\\/ferabrajan.com\\\/portal\\\/2025\\\/11\\\/18\\\/vacaciones-de-invierno-sep-2025-duraran-mas-que-dias-no-habra-clases-y-cuando-inician\\\/#primaryimage\",\"url\":\"https:\\\/\\\/ferabrajan.com\\\/portal\\\/wp-content\\\/uploads\\\/2025\\\/11\\\/AA1PX46v.jpg\",\"contentUrl\":\"https:\\\/\\\/ferabrajan.com\\\/portal\\\/wp-content\\\/uploads\\\/2025\\\/11\\\/AA1PX46v.jpg\",\"width\":768,\"height\":434},{\"@type\":\"BreadcrumbList\",\"@id\":\"https:\\\/\\\/ferabrajan.com\\\/portal\\\/2025\\\/11\\\/18\\\/vacaciones-de-invierno-sep-2025-duraran-mas-que-dias-no-habra-clases-y-cuando-inician\\\/#breadcrumb\",\"itemListElement\":[{\"@type\":\"ListItem\",\"position\":1,\"name\":\"Portada\",\"item\":\"https:\\\/\\\/ferabrajan.com\\\/portal\\\/\"},{\"@type\":\"ListItem\",\"position\":2,\"name\":\"Vacaciones de invierno SEP 2025 durar\u00e1n m\u00e1s: Qu\u00e9 d\u00edas NO habr\u00e1 clases y cu\u00e1ndo inician\"}]},{\"@type\":\"WebSite\",\"@id\":\"https:\\\/\\\/ferabrajan.com\\\/portal\\\/#website\",\"url\":\"https:\\\/\\\/ferabrajan.com\\\/portal\\\/\",\"name\":\"Fer Abrajan\",\"description\":\"Noticias de Puebla, opini\u00f3n y radio en vivo\",\"publisher\":{\"@id\":\"https:\\\/\\\/ferabrajan.com\\\/portal\\\/#organization\"},\"potentialAction\":[{\"@type\":\"SearchAction\",\"target\":{\"@type\":\"EntryPoint\",\"urlTemplate\":\"https:\\\/\\\/ferabrajan.com\\\/portal\\\/?s={search_term_string}\"},\"query-input\":{\"@type\":\"PropertyValueSpecification\",\"valueRequired\":true,\"valueName\":\"search_term_string\"}}],\"inLanguage\":\"es\"},{\"@type\":\"Organization\",\"@id\":\"https:\\\/\\\/ferabrajan.com\\\/portal\\\/#organization\",\"name\":\"Fer Abrajan\",\"url\":\"https:\\\/\\\/ferabrajan.com\\\/portal\\\/\",\"logo\":{\"@type\":\"ImageObject\",\"inLanguage\":\"es\",\"@id\":\"https:\\\/\\\/ferabrajan.com\\\/portal\\\/#\\\/schema\\\/logo\\\/image\\\/\",\"url\":\"https:\\\/\\\/ferabrajan.com\\\/portal\\\/wp-content\\\/uploads\\\/2024\\\/10\\\/cropped-logo.jpeg\",\"contentUrl\":\"https:\\\/\\\/ferabrajan.com\\\/portal\\\/wp-content\\\/uploads\\\/2024\\\/10\\\/cropped-logo.jpeg\",\"width\":500,\"height\":250,\"caption\":\"Fer Abrajan\"},\"image\":{\"@id\":\"https:\\\/\\\/ferabrajan.com\\\/portal\\\/#\\\/schema\\\/logo\\\/image\\\/\"},\"sameAs\":[\"https:\\\/\\\/www.facebook.com\\\/NoticiasconFerAbrajan\\\/\",\"https:\\\/\\\/x.com\\\/ferabrajan1\"]},{\"@type\":\"Person\",\"@id\":\"https:\\\/\\\/ferabrajan.com\\\/portal\\\/#\\\/schema\\\/person\\\/f6113b3cb1e036d5c6a9505685b257ba\",\"name\":\"admin\",\"image\":{\"@type\":\"ImageObject\",\"inLanguage\":\"es\",\"@id\":\"https:\\\/\\\/secure.gravatar.com\\\/avatar\\\/072baa72775aad53c748dfc5d3048578e01b6c087eef335459ebfa04344e2d18?s=96&d=mm&r=g\",\"url\":\"https:\\\/\\\/secure.gravatar.com\\\/avatar\\\/072baa72775aad53c748dfc5d3048578e01b6c087eef335459ebfa04344e2d18?s=96&d=mm&r=g\",\"contentUrl\":\"https:\\\/\\\/secure.gravatar.com\\\/avatar\\\/072baa72775aad53c748dfc5d3048578e01b6c087eef335459ebfa04344e2d18?s=96&d=mm&r=g\",\"caption\":\"admin\"},\"sameAs\":[\"https:\\\/\\\/ferabrajan.com\\\/portal\"],\"url\":\"https:\\\/\\\/ferabrajan.com\\\/portal\\\/author\\\/admin\\\/\"}]}<\/script>\n<!-- \/ Yoast SEO plugin. -->","yoast_head_json":{"title":"Vacaciones de invierno SEP 2025 durar\u00e1n m\u00e1s: Qu\u00e9 d\u00edas NO habr\u00e1 clases y cu\u00e1ndo inician - Fer Abrajan","description":"Las vacaciones de invierno se encuentran muy cerca, teniendo como\u00a0\u00faltimo\u00a0d\u00eda\u00a0de\u00a0clases\u00a0del 2025 el pr\u00f3ximo\u00a019 de diciembre","robots":{"index":"index","follow":"follow","max-snippet":"max-snippet:-1","max-image-preview":"max-image-preview:large","max-video-preview":"max-video-preview:-1"},"canonical":"https:\/\/ferabrajan.com\/portal\/2025\/11\/18\/vacaciones-de-invierno-sep-2025-duraran-mas-que-dias-no-habra-clases-y-cuando-inician\/","og_locale":"es_ES","og_type":"article","og_title":"Vacaciones de invierno SEP 2025 durar\u00e1n m\u00e1s: Qu\u00e9 d\u00edas NO habr\u00e1 clases y cu\u00e1ndo inician - Fer Abrajan","og_description":"Las vacaciones de invierno se encuentran muy cerca, teniendo como\u00a0\u00faltimo\u00a0d\u00eda\u00a0de\u00a0clases\u00a0del 2025 el pr\u00f3ximo\u00a019 de diciembre","og_url":"https:\/\/ferabrajan.com\/portal\/2025\/11\/18\/vacaciones-de-invierno-sep-2025-duraran-mas-que-dias-no-habra-clases-y-cuando-inician\/","og_site_name":"Fer Abrajan","article_publisher":"https:\/\/www.facebook.com\/NoticiasconFerAbrajan\/","article_published_time":"2025-11-18T16:07:24+00:00","og_image":[{"width":768,"height":434,"url":"https:\/\/ferabrajan.com\/portal\/wp-content\/uploads\/2025\/11\/AA1PX46v.jpg","type":"image\/jpeg"}],"author":"admin","twitter_card":"summary_large_image","twitter_creator":"@ferabrajan1","twitter_site":"@ferabrajan1","twitter_misc":{"Escrito por":"admin","Tiempo de lectura":"3 minutos"},"schema":{"@context":"https:\/\/schema.org","@graph":[{"@type":"Article","@id":"https:\/\/ferabrajan.com\/portal\/2025\/11\/18\/vacaciones-de-invierno-sep-2025-duraran-mas-que-dias-no-habra-clases-y-cuando-inician\/#article","isPartOf":{"@id":"https:\/\/ferabrajan.com\/portal\/2025\/11\/18\/vacaciones-de-invierno-sep-2025-duraran-mas-que-dias-no-habra-clases-y-cuando-inician\/"},"author":{"name":"admin","@id":"https:\/\/ferabrajan.com\/portal\/#\/schema\/person\/f6113b3cb1e036d5c6a9505685b257ba"},"headline":"Vacaciones de invierno SEP 2025 durar\u00e1n m\u00e1s: Qu\u00e9 d\u00edas NO habr\u00e1 clases y cu\u00e1ndo inician","datePublished":"2025-11-18T16:07:24+00:00","mainEntityOfPage":{"@id":"https:\/\/ferabrajan.com\/portal\/2025\/11\/18\/vacaciones-de-invierno-sep-2025-duraran-mas-que-dias-no-habra-clases-y-cuando-inician\/"},"wordCount":636,"publisher":{"@id":"https:\/\/ferabrajan.com\/portal\/#organization"},"image":{"@id":"https:\/\/ferabrajan.com\/portal\/2025\/11\/18\/vacaciones-de-invierno-sep-2025-duraran-mas-que-dias-no-habra-clases-y-cuando-inician\/#primaryimage"},"thumbnailUrl":"https:\/\/ferabrajan.com\/portal\/wp-content\/uploads\/2025\/11\/AA1PX46v.jpg","keywords":["SEP","vacaciones","Vacaciones de invierno SEP 2025"],"articleSection":["Nacional","Principal"],"inLanguage":"es"},{"@type":"WebPage","@id":"https:\/\/ferabrajan.com\/portal\/2025\/11\/18\/vacaciones-de-invierno-sep-2025-duraran-mas-que-dias-no-habra-clases-y-cuando-inician\/","url":"https:\/\/ferabrajan.com\/portal\/2025\/11\/18\/vacaciones-de-invierno-sep-2025-duraran-mas-que-dias-no-habra-clases-y-cuando-inician\/","name":"Vacaciones de invierno SEP 2025 durar\u00e1n m\u00e1s: Qu\u00e9 d\u00edas NO habr\u00e1 clases y cu\u00e1ndo inician - Fer Abrajan","isPartOf":{"@id":"https:\/\/ferabrajan.com\/portal\/#website"},"primaryImageOfPage":{"@id":"https:\/\/ferabrajan.com\/portal\/2025\/11\/18\/vacaciones-de-invierno-sep-2025-duraran-mas-que-dias-no-habra-clases-y-cuando-inician\/#primaryimage"},"image":{"@id":"https:\/\/ferabrajan.com\/portal\/2025\/11\/18\/vacaciones-de-invierno-sep-2025-duraran-mas-que-dias-no-habra-clases-y-cuando-inician\/#primaryimage"},"thumbnailUrl":"https:\/\/ferabrajan.com\/portal\/wp-content\/uploads\/2025\/11\/AA1PX46v.jpg","datePublished":"2025-11-18T16:07:24+00:00","description":"Las vacaciones de invierno se encuentran muy cerca, teniendo como\u00a0\u00faltimo\u00a0d\u00eda\u00a0de\u00a0clases\u00a0del 2025 el pr\u00f3ximo\u00a019 de diciembre","breadcrumb":{"@id":"https:\/\/ferabrajan.com\/portal\/2025\/11\/18\/vacaciones-de-invierno-sep-2025-duraran-mas-que-dias-no-habra-clases-y-cuando-inician\/#breadcrumb"},"inLanguage":"es","potentialAction":[{"@type":"ReadAction","target":["https:\/\/ferabrajan.com\/portal\/2025\/11\/18\/vacaciones-de-invierno-sep-2025-duraran-mas-que-dias-no-habra-clases-y-cuando-inician\/"]}]},{"@type":"ImageObject","inLanguage":"es","@id":"https:\/\/ferabrajan.com\/portal\/2025\/11\/18\/vacaciones-de-invierno-sep-2025-duraran-mas-que-dias-no-habra-clases-y-cuando-inician\/#primaryimage","url":"https:\/\/ferabrajan.com\/portal\/wp-content\/uploads\/2025\/11\/AA1PX46v.jpg","contentUrl":"https:\/\/ferabrajan.com\/portal\/wp-content\/uploads\/2025\/11\/AA1PX46v.jpg","width":768,"height":434},{"@type":"BreadcrumbList","@id":"https:\/\/ferabrajan.com\/portal\/2025\/11\/18\/vacaciones-de-invierno-sep-2025-duraran-mas-que-dias-no-habra-clases-y-cuando-inician\/#breadcrumb","itemListElement":[{"@type":"ListItem","position":1,"name":"Portada","item":"https:\/\/ferabrajan.com\/portal\/"},{"@type":"ListItem","position":2,"name":"Vacaciones de invierno SEP 2025 durar\u00e1n m\u00e1s: Qu\u00e9 d\u00edas NO habr\u00e1 clases y cu\u00e1ndo inician"}]},{"@type":"WebSite","@id":"https:\/\/ferabrajan.com\/portal\/#website","url":"https:\/\/ferabrajan.com\/portal\/","name":"Fer Abrajan","description":"Noticias de Puebla, opini\u00f3n y radio en vivo","publisher":{"@id":"https:\/\/ferabrajan.com\/portal\/#organization"},"potentialAction":[{"@type":"SearchAction","target":{"@type":"EntryPoint","urlTemplate":"https:\/\/ferabrajan.com\/portal\/?s={search_term_string}"},"query-input":{"@type":"PropertyValueSpecification","valueRequired":true,"valueName":"search_term_string"}}],"inLanguage":"es"},{"@type":"Organization","@id":"https:\/\/ferabrajan.com\/portal\/#organization","name":"Fer Abrajan","url":"https:\/\/ferabrajan.com\/portal\/","logo":{"@type":"ImageObject","inLanguage":"es","@id":"https:\/\/ferabrajan.com\/portal\/#\/schema\/logo\/image\/","url":"https:\/\/ferabrajan.com\/portal\/wp-content\/uploads\/2024\/10\/cropped-logo.jpeg","contentUrl":"https:\/\/ferabrajan.com\/portal\/wp-content\/uploads\/2024\/10\/cropped-logo.jpeg","width":500,"height":250,"caption":"Fer Abrajan"},"image":{"@id":"https:\/\/ferabrajan.com\/portal\/#\/schema\/logo\/image\/"},"sameAs":["https:\/\/www.facebook.com\/NoticiasconFerAbrajan\/","https:\/\/x.com\/ferabrajan1"]},{"@type":"Person","@id":"https:\/\/ferabrajan.com\/portal\/#\/schema\/person\/f6113b3cb1e036d5c6a9505685b257ba","name":"admin","image":{"@type":"ImageObject","inLanguage":"es","@id":"https:\/\/secure.gravatar.com\/avatar\/072baa72775aad53c748dfc5d3048578e01b6c087eef335459ebfa04344e2d18?s=96&d=mm&r=g","url":"https:\/\/secure.gravatar.com\/avatar\/072baa72775aad53c748dfc5d3048578e01b6c087eef335459ebfa04344e2d18?s=96&d=mm&r=g","contentUrl":"https:\/\/secure.gravatar.com\/avatar\/072baa72775aad53c748dfc5d3048578e01b6c087eef335459ebfa04344e2d18?s=96&d=mm&r=g","caption":"admin"},"sameAs":["https:\/\/ferabrajan.com\/portal"],"url":"https:\/\/ferabrajan.com\/portal\/author\/admin\/"}]}},"_links":{"self":[{"href":"https:\/\/ferabrajan.com\/portal\/wp-json\/wp\/v2\/posts\/77815","targetHints":{"allow":["GET"]}}],"collection":[{"href":"https:\/\/ferabrajan.com\/portal\/wp-json\/wp\/v2\/posts"}],"about":[{"href":"https:\/\/ferabrajan.com\/portal\/wp-json\/wp\/v2\/types\/post"}],"author":[{"embeddable":true,"href":"https:\/\/ferabrajan.com\/portal\/wp-json\/wp\/v2\/users\/1"}],"replies":[{"embeddable":true,"href":"https:\/\/ferabrajan.com\/portal\/wp-json\/wp\/v2\/comments?post=77815"}],"version-history":[{"count":1,"href":"https:\/\/ferabrajan.com\/portal\/wp-json\/wp\/v2\/posts\/77815\/revisions"}],"predecessor-version":[{"id":77817,"href":"https:\/\/ferabrajan.com\/portal\/wp-json\/wp\/v2\/posts\/77815\/revisions\/77817"}],"wp:featuredmedia":[{"embeddable":true,"href":"https:\/\/ferabrajan.com\/portal\/wp-json\/wp\/v2\/media\/77816"}],"wp:attachment":[{"href":"https:\/\/ferabrajan.com\/portal\/wp-json\/wp\/v2\/media?parent=77815"}],"wp:term":[{"taxonomy":"category","embeddable":true,"href":"https:\/\/ferabrajan.com\/portal\/wp-json\/wp\/v2\/categories?post=77815"},{"taxonomy":"post_tag","embeddable":true,"href":"https:\/\/ferabrajan.com\/portal\/wp-json\/wp\/v2\/tags?post=77815"}],"curies":[{"name":"wp","href":"https:\/\/api.w.org\/{rel}","templated":true}]}}