{"id":76796,"date":"2025-10-08T15:57:28","date_gmt":"2025-10-08T15:57:28","guid":{"rendered":"https:\/\/ferabrajan.com\/portal\/?p=76796"},"modified":"2025-10-08T15:57:28","modified_gmt":"2025-10-08T15:57:28","slug":"fge-neutraliza-amenaza-de-masacre-escolar-contra-comunidad-buap","status":"publish","type":"post","link":"https:\/\/ferabrajan.com\/portal\/2025\/10\/08\/fge-neutraliza-amenaza-de-masacre-escolar-contra-comunidad-buap\/","title":{"rendered":"FGE neutraliza amenaza de \u201cmasacre escolar\u201d contra comunidad BUAP"},"content":{"rendered":"<p data-start=\"227\" data-end=\"481\"><strong data-start=\"227\" data-end=\"243\">Puebla, Pue.<\/strong>\u2013 La <strong data-start=\"248\" data-end=\"289\">Fiscal\u00eda General del Estado de Puebla<\/strong> desactiv\u00f3 una amenaza de posible \u201cmasacre escolar\u201d dirigida a la comunidad universitaria de la <strong data-start=\"385\" data-end=\"393\">BUAP<\/strong>, inspirada en ideolog\u00edas mis\u00f3ginas radicales y en atentados como el de <strong data-start=\"465\" data-end=\"478\">Columbine<\/strong>.<\/p>\n<p data-start=\"483\" data-end=\"711\">La fiscal general <strong data-start=\"501\" data-end=\"529\">Idamis Pastor Betancourt<\/strong> inform\u00f3 que, gracias a una acci\u00f3n inmediata y coordinada con la <strong data-start=\"594\" data-end=\"617\">Polic\u00eda Cibern\u00e9tica<\/strong>, se logr\u00f3 <strong data-start=\"628\" data-end=\"708\">neutralizar el riesgo y salvaguardar la integridad de estudiantes y docentes<\/strong>.<\/p>\n<p data-start=\"713\" data-end=\"1086\">De acuerdo con la <strong data-start=\"731\" data-end=\"810\">Fiscal\u00eda Especializada en Delitos de Violencia de G\u00e9nero contra las Mujeres<\/strong>, encabezada por <strong data-start=\"827\" data-end=\"859\">Karla Michelle Salas S\u00e1nchez<\/strong>, el presunto responsable fue identificado como <strong data-start=\"907\" data-end=\"921\">Brandon N.<\/strong>, quien operaba en redes sociales con un perfil ligado al t\u00e9rmino <strong data-start=\"987\" data-end=\"999\">\u201cincels\u201d<\/strong>, comunidades virtuales de hombres que promueven discursos de odio hacia las mujeres.<\/p>\n<p data-start=\"713\" data-end=\"1086\">\n<p data-start=\"1088\" data-end=\"1394\">Tras un <strong data-start=\"1096\" data-end=\"1142\">cateo autorizado por la autoridad judicial<\/strong>, las autoridades localizaron evidencia como <strong data-start=\"1187\" data-end=\"1283\">capturas de pantalla, notas informativas, im\u00e1genes bal\u00edsticas y objetos con frases violentas<\/strong>, que revelan que el individuo planeaba una presunta agresi\u00f3n denominada por \u00e9l mismo como \u201cmasacre escolar\u201d.<\/p>\n<p data-start=\"1396\" data-end=\"1553\">El sujeto fue <strong data-start=\"1410\" data-end=\"1459\">detenido en la colonia Jardines de San Manuel<\/strong>, portando un arma punzocortante, y actualmente enfrenta <strong data-start=\"1516\" data-end=\"1550\">prisi\u00f3n preventiva justificada<\/strong>.<\/p>\n<p data-start=\"1555\" data-end=\"1729\">La FGE destac\u00f3 que la acci\u00f3n conjunta permiti\u00f3 <strong data-start=\"1602\" data-end=\"1652\">evitar un hecho con consecuencias irreparables<\/strong> y reafirm\u00f3 su compromiso de atender con seriedad cada denuncia presentada.<\/p>\n","protected":false},"excerpt":{"rendered":"<p>Con su detenci\u00f3n y el aseguramiento de la evidencia, se corrobor\u00f3 la existencia de una amenaza potencial y su posible materializaci\u00f3n, logrando contener un hecho con consecuencias irreparables para la sociedad.<\/p>\n","protected":false},"author":3,"featured_media":76797,"comment_status":"closed","ping_status":"closed","sticky":false,"template":"","format":"standard","meta":{"_monsterinsights_skip_tracking":false,"_uf_show_specific_survey":0,"_uf_disable_surveys":false,"footnotes":""},"categories":[585,34],"tags":[3312,143,238,302],"class_list":["post-76796","post","type-post","status-publish","format-standard","has-post-thumbnail","hentry","category-principal","category-puebla","tag-atentado","tag-buap","tag-fge","tag-seguridad"],"yoast_head":"<!-- This site is optimized with the Yoast SEO plugin v27.5 - https:\/\/yoast.com\/product\/yoast-seo-wordpress\/ -->\n<title>FGE neutraliza amenaza de \u201cmasacre escolar\u201d contra comunidad BUAP - Fer Abrajan<\/title>\n<meta name=\"description\" content=\"Con su detenci\u00f3n y el aseguramiento de la evidencia, se corrobor\u00f3 la existencia de una amenaza potencial y su posible materializaci\u00f3n, logrando contener un hecho con consecuencias irreparables para la sociedad.\" \/>\n<meta name=\"robots\" content=\"index, follow, max-snippet:-1, max-image-preview:large, max-video-preview:-1\" \/>\n<link rel=\"canonical\" href=\"https:\/\/ferabrajan.com\/portal\/2025\/10\/08\/fge-neutraliza-amenaza-de-masacre-escolar-contra-comunidad-buap\/\" \/>\n<meta property=\"og:locale\" content=\"es_ES\" \/>\n<meta property=\"og:type\" content=\"article\" \/>\n<meta property=\"og:title\" content=\"FGE neutraliza amenaza de \u201cmasacre escolar\u201d contra comunidad BUAP - Fer Abrajan\" \/>\n<meta property=\"og:description\" content=\"Con su detenci\u00f3n y el aseguramiento de la evidencia, se corrobor\u00f3 la existencia de una amenaza potencial y su posible materializaci\u00f3n, logrando contener un hecho con consecuencias irreparables para la sociedad.\" \/>\n<meta property=\"og:url\" content=\"https:\/\/ferabrajan.com\/portal\/2025\/10\/08\/fge-neutraliza-amenaza-de-masacre-escolar-contra-comunidad-buap\/\" \/>\n<meta property=\"og:site_name\" content=\"Fer Abrajan\" \/>\n<meta property=\"article:publisher\" content=\"https:\/\/www.facebook.com\/NoticiasconFerAbrajan\/\" \/>\n<meta property=\"article:published_time\" content=\"2025-10-08T15:57:28+00:00\" \/>\n<meta property=\"og:image\" content=\"https:\/\/ferabrajan.com\/portal\/wp-content\/uploads\/2025\/10\/Imagen-de-WhatsApp-2025-10-07-a-las-21.22.13_cda5e337.jpg\" \/>\n\t<meta property=\"og:image:width\" content=\"1280\" \/>\n\t<meta property=\"og:image:height\" content=\"718\" \/>\n\t<meta property=\"og:image:type\" content=\"image\/jpeg\" \/>\n<meta name=\"author\" content=\"Rebeca N\u00fa\u00f1ez\" \/>\n<meta name=\"twitter:card\" content=\"summary_large_image\" \/>\n<meta name=\"twitter:creator\" content=\"@ferabrajan1\" \/>\n<meta name=\"twitter:site\" content=\"@ferabrajan1\" \/>\n<meta name=\"twitter:label1\" content=\"Escrito por\" \/>\n\t<meta name=\"twitter:data1\" content=\"Rebeca N\u00fa\u00f1ez\" \/>\n\t<meta name=\"twitter:label2\" content=\"Tiempo de lectura\" \/>\n\t<meta name=\"twitter:data2\" content=\"2 minutos\" \/>\n<script type=\"application\/ld+json\" class=\"yoast-schema-graph\">{\"@context\":\"https:\\\/\\\/schema.org\",\"@graph\":[{\"@type\":\"Article\",\"@id\":\"https:\\\/\\\/ferabrajan.com\\\/portal\\\/2025\\\/10\\\/08\\\/fge-neutraliza-amenaza-de-masacre-escolar-contra-comunidad-buap\\\/#article\",\"isPartOf\":{\"@id\":\"https:\\\/\\\/ferabrajan.com\\\/portal\\\/2025\\\/10\\\/08\\\/fge-neutraliza-amenaza-de-masacre-escolar-contra-comunidad-buap\\\/\"},\"author\":{\"name\":\"Rebeca N\u00fa\u00f1ez\",\"@id\":\"https:\\\/\\\/ferabrajan.com\\\/portal\\\/#\\\/schema\\\/person\\\/a79364e0091921e733584c4833bc7a50\"},\"headline\":\"FGE neutraliza amenaza de \u201cmasacre escolar\u201d contra comunidad BUAP\",\"datePublished\":\"2025-10-08T15:57:28+00:00\",\"mainEntityOfPage\":{\"@id\":\"https:\\\/\\\/ferabrajan.com\\\/portal\\\/2025\\\/10\\\/08\\\/fge-neutraliza-amenaza-de-masacre-escolar-contra-comunidad-buap\\\/\"},\"wordCount\":232,\"publisher\":{\"@id\":\"https:\\\/\\\/ferabrajan.com\\\/portal\\\/#organization\"},\"image\":{\"@id\":\"https:\\\/\\\/ferabrajan.com\\\/portal\\\/2025\\\/10\\\/08\\\/fge-neutraliza-amenaza-de-masacre-escolar-contra-comunidad-buap\\\/#primaryimage\"},\"thumbnailUrl\":\"https:\\\/\\\/ferabrajan.com\\\/portal\\\/wp-content\\\/uploads\\\/2025\\\/10\\\/Imagen-de-WhatsApp-2025-10-07-a-las-21.22.13_cda5e337.jpg\",\"keywords\":[\"Atentado\",\"BUAP\",\"FGE\",\"Seguridad\"],\"articleSection\":[\"Principal\",\"Puebla\"],\"inLanguage\":\"es\"},{\"@type\":\"WebPage\",\"@id\":\"https:\\\/\\\/ferabrajan.com\\\/portal\\\/2025\\\/10\\\/08\\\/fge-neutraliza-amenaza-de-masacre-escolar-contra-comunidad-buap\\\/\",\"url\":\"https:\\\/\\\/ferabrajan.com\\\/portal\\\/2025\\\/10\\\/08\\\/fge-neutraliza-amenaza-de-masacre-escolar-contra-comunidad-buap\\\/\",\"name\":\"FGE neutraliza amenaza de \u201cmasacre escolar\u201d contra comunidad BUAP - Fer Abrajan\",\"isPartOf\":{\"@id\":\"https:\\\/\\\/ferabrajan.com\\\/portal\\\/#website\"},\"primaryImageOfPage\":{\"@id\":\"https:\\\/\\\/ferabrajan.com\\\/portal\\\/2025\\\/10\\\/08\\\/fge-neutraliza-amenaza-de-masacre-escolar-contra-comunidad-buap\\\/#primaryimage\"},\"image\":{\"@id\":\"https:\\\/\\\/ferabrajan.com\\\/portal\\\/2025\\\/10\\\/08\\\/fge-neutraliza-amenaza-de-masacre-escolar-contra-comunidad-buap\\\/#primaryimage\"},\"thumbnailUrl\":\"https:\\\/\\\/ferabrajan.com\\\/portal\\\/wp-content\\\/uploads\\\/2025\\\/10\\\/Imagen-de-WhatsApp-2025-10-07-a-las-21.22.13_cda5e337.jpg\",\"datePublished\":\"2025-10-08T15:57:28+00:00\",\"description\":\"Con su detenci\u00f3n y el aseguramiento de la evidencia, se corrobor\u00f3 la existencia de una amenaza potencial y su posible materializaci\u00f3n, logrando contener un hecho con consecuencias irreparables para la sociedad.\",\"breadcrumb\":{\"@id\":\"https:\\\/\\\/ferabrajan.com\\\/portal\\\/2025\\\/10\\\/08\\\/fge-neutraliza-amenaza-de-masacre-escolar-contra-comunidad-buap\\\/#breadcrumb\"},\"inLanguage\":\"es\",\"potentialAction\":[{\"@type\":\"ReadAction\",\"target\":[\"https:\\\/\\\/ferabrajan.com\\\/portal\\\/2025\\\/10\\\/08\\\/fge-neutraliza-amenaza-de-masacre-escolar-contra-comunidad-buap\\\/\"]}]},{\"@type\":\"ImageObject\",\"inLanguage\":\"es\",\"@id\":\"https:\\\/\\\/ferabrajan.com\\\/portal\\\/2025\\\/10\\\/08\\\/fge-neutraliza-amenaza-de-masacre-escolar-contra-comunidad-buap\\\/#primaryimage\",\"url\":\"https:\\\/\\\/ferabrajan.com\\\/portal\\\/wp-content\\\/uploads\\\/2025\\\/10\\\/Imagen-de-WhatsApp-2025-10-07-a-las-21.22.13_cda5e337.jpg\",\"contentUrl\":\"https:\\\/\\\/ferabrajan.com\\\/portal\\\/wp-content\\\/uploads\\\/2025\\\/10\\\/Imagen-de-WhatsApp-2025-10-07-a-las-21.22.13_cda5e337.jpg\",\"width\":1280,\"height\":718},{\"@type\":\"BreadcrumbList\",\"@id\":\"https:\\\/\\\/ferabrajan.com\\\/portal\\\/2025\\\/10\\\/08\\\/fge-neutraliza-amenaza-de-masacre-escolar-contra-comunidad-buap\\\/#breadcrumb\",\"itemListElement\":[{\"@type\":\"ListItem\",\"position\":1,\"name\":\"Portada\",\"item\":\"https:\\\/\\\/ferabrajan.com\\\/portal\\\/\"},{\"@type\":\"ListItem\",\"position\":2,\"name\":\"FGE neutraliza amenaza de \u201cmasacre escolar\u201d contra comunidad BUAP\"}]},{\"@type\":\"WebSite\",\"@id\":\"https:\\\/\\\/ferabrajan.com\\\/portal\\\/#website\",\"url\":\"https:\\\/\\\/ferabrajan.com\\\/portal\\\/\",\"name\":\"Fer Abrajan\",\"description\":\"Noticias de Puebla, opini\u00f3n y radio en vivo\",\"publisher\":{\"@id\":\"https:\\\/\\\/ferabrajan.com\\\/portal\\\/#organization\"},\"potentialAction\":[{\"@type\":\"SearchAction\",\"target\":{\"@type\":\"EntryPoint\",\"urlTemplate\":\"https:\\\/\\\/ferabrajan.com\\\/portal\\\/?s={search_term_string}\"},\"query-input\":{\"@type\":\"PropertyValueSpecification\",\"valueRequired\":true,\"valueName\":\"search_term_string\"}}],\"inLanguage\":\"es\"},{\"@type\":\"Organization\",\"@id\":\"https:\\\/\\\/ferabrajan.com\\\/portal\\\/#organization\",\"name\":\"Fer Abrajan\",\"url\":\"https:\\\/\\\/ferabrajan.com\\\/portal\\\/\",\"logo\":{\"@type\":\"ImageObject\",\"inLanguage\":\"es\",\"@id\":\"https:\\\/\\\/ferabrajan.com\\\/portal\\\/#\\\/schema\\\/logo\\\/image\\\/\",\"url\":\"https:\\\/\\\/ferabrajan.com\\\/portal\\\/wp-content\\\/uploads\\\/2024\\\/10\\\/cropped-logo.jpeg\",\"contentUrl\":\"https:\\\/\\\/ferabrajan.com\\\/portal\\\/wp-content\\\/uploads\\\/2024\\\/10\\\/cropped-logo.jpeg\",\"width\":500,\"height\":250,\"caption\":\"Fer Abrajan\"},\"image\":{\"@id\":\"https:\\\/\\\/ferabrajan.com\\\/portal\\\/#\\\/schema\\\/logo\\\/image\\\/\"},\"sameAs\":[\"https:\\\/\\\/www.facebook.com\\\/NoticiasconFerAbrajan\\\/\",\"https:\\\/\\\/x.com\\\/ferabrajan1\"]},{\"@type\":\"Person\",\"@id\":\"https:\\\/\\\/ferabrajan.com\\\/portal\\\/#\\\/schema\\\/person\\\/a79364e0091921e733584c4833bc7a50\",\"name\":\"Rebeca N\u00fa\u00f1ez\",\"image\":{\"@type\":\"ImageObject\",\"inLanguage\":\"es\",\"@id\":\"https:\\\/\\\/secure.gravatar.com\\\/avatar\\\/c9cbf721287e849268cd37eca93cf4be51b2eed9e71c8d0c6825bd912000b74e?s=96&d=mm&r=g\",\"url\":\"https:\\\/\\\/secure.gravatar.com\\\/avatar\\\/c9cbf721287e849268cd37eca93cf4be51b2eed9e71c8d0c6825bd912000b74e?s=96&d=mm&r=g\",\"contentUrl\":\"https:\\\/\\\/secure.gravatar.com\\\/avatar\\\/c9cbf721287e849268cd37eca93cf4be51b2eed9e71c8d0c6825bd912000b74e?s=96&d=mm&r=g\",\"caption\":\"Rebeca N\u00fa\u00f1ez\"},\"url\":\"https:\\\/\\\/ferabrajan.com\\\/portal\\\/author\\\/rebeca\\\/\"}]}<\/script>\n<!-- \/ Yoast SEO plugin. -->","yoast_head_json":{"title":"FGE neutraliza amenaza de \u201cmasacre escolar\u201d contra comunidad BUAP - Fer Abrajan","description":"Con su detenci\u00f3n y el aseguramiento de la evidencia, se corrobor\u00f3 la existencia de una amenaza potencial y su posible materializaci\u00f3n, logrando contener un hecho con consecuencias irreparables para la sociedad.","robots":{"index":"index","follow":"follow","max-snippet":"max-snippet:-1","max-image-preview":"max-image-preview:large","max-video-preview":"max-video-preview:-1"},"canonical":"https:\/\/ferabrajan.com\/portal\/2025\/10\/08\/fge-neutraliza-amenaza-de-masacre-escolar-contra-comunidad-buap\/","og_locale":"es_ES","og_type":"article","og_title":"FGE neutraliza amenaza de \u201cmasacre escolar\u201d contra comunidad BUAP - Fer Abrajan","og_description":"Con su detenci\u00f3n y el aseguramiento de la evidencia, se corrobor\u00f3 la existencia de una amenaza potencial y su posible materializaci\u00f3n, logrando contener un hecho con consecuencias irreparables para la sociedad.","og_url":"https:\/\/ferabrajan.com\/portal\/2025\/10\/08\/fge-neutraliza-amenaza-de-masacre-escolar-contra-comunidad-buap\/","og_site_name":"Fer Abrajan","article_publisher":"https:\/\/www.facebook.com\/NoticiasconFerAbrajan\/","article_published_time":"2025-10-08T15:57:28+00:00","og_image":[{"width":1280,"height":718,"url":"https:\/\/ferabrajan.com\/portal\/wp-content\/uploads\/2025\/10\/Imagen-de-WhatsApp-2025-10-07-a-las-21.22.13_cda5e337.jpg","type":"image\/jpeg"}],"author":"Rebeca N\u00fa\u00f1ez","twitter_card":"summary_large_image","twitter_creator":"@ferabrajan1","twitter_site":"@ferabrajan1","twitter_misc":{"Escrito por":"Rebeca N\u00fa\u00f1ez","Tiempo de lectura":"2 minutos"},"schema":{"@context":"https:\/\/schema.org","@graph":[{"@type":"Article","@id":"https:\/\/ferabrajan.com\/portal\/2025\/10\/08\/fge-neutraliza-amenaza-de-masacre-escolar-contra-comunidad-buap\/#article","isPartOf":{"@id":"https:\/\/ferabrajan.com\/portal\/2025\/10\/08\/fge-neutraliza-amenaza-de-masacre-escolar-contra-comunidad-buap\/"},"author":{"name":"Rebeca N\u00fa\u00f1ez","@id":"https:\/\/ferabrajan.com\/portal\/#\/schema\/person\/a79364e0091921e733584c4833bc7a50"},"headline":"FGE neutraliza amenaza de \u201cmasacre escolar\u201d contra comunidad BUAP","datePublished":"2025-10-08T15:57:28+00:00","mainEntityOfPage":{"@id":"https:\/\/ferabrajan.com\/portal\/2025\/10\/08\/fge-neutraliza-amenaza-de-masacre-escolar-contra-comunidad-buap\/"},"wordCount":232,"publisher":{"@id":"https:\/\/ferabrajan.com\/portal\/#organization"},"image":{"@id":"https:\/\/ferabrajan.com\/portal\/2025\/10\/08\/fge-neutraliza-amenaza-de-masacre-escolar-contra-comunidad-buap\/#primaryimage"},"thumbnailUrl":"https:\/\/ferabrajan.com\/portal\/wp-content\/uploads\/2025\/10\/Imagen-de-WhatsApp-2025-10-07-a-las-21.22.13_cda5e337.jpg","keywords":["Atentado","BUAP","FGE","Seguridad"],"articleSection":["Principal","Puebla"],"inLanguage":"es"},{"@type":"WebPage","@id":"https:\/\/ferabrajan.com\/portal\/2025\/10\/08\/fge-neutraliza-amenaza-de-masacre-escolar-contra-comunidad-buap\/","url":"https:\/\/ferabrajan.com\/portal\/2025\/10\/08\/fge-neutraliza-amenaza-de-masacre-escolar-contra-comunidad-buap\/","name":"FGE neutraliza amenaza de \u201cmasacre escolar\u201d contra comunidad BUAP - Fer Abrajan","isPartOf":{"@id":"https:\/\/ferabrajan.com\/portal\/#website"},"primaryImageOfPage":{"@id":"https:\/\/ferabrajan.com\/portal\/2025\/10\/08\/fge-neutraliza-amenaza-de-masacre-escolar-contra-comunidad-buap\/#primaryimage"},"image":{"@id":"https:\/\/ferabrajan.com\/portal\/2025\/10\/08\/fge-neutraliza-amenaza-de-masacre-escolar-contra-comunidad-buap\/#primaryimage"},"thumbnailUrl":"https:\/\/ferabrajan.com\/portal\/wp-content\/uploads\/2025\/10\/Imagen-de-WhatsApp-2025-10-07-a-las-21.22.13_cda5e337.jpg","datePublished":"2025-10-08T15:57:28+00:00","description":"Con su detenci\u00f3n y el aseguramiento de la evidencia, se corrobor\u00f3 la existencia de una amenaza potencial y su posible materializaci\u00f3n, logrando contener un hecho con consecuencias irreparables para la sociedad.","breadcrumb":{"@id":"https:\/\/ferabrajan.com\/portal\/2025\/10\/08\/fge-neutraliza-amenaza-de-masacre-escolar-contra-comunidad-buap\/#breadcrumb"},"inLanguage":"es","potentialAction":[{"@type":"ReadAction","target":["https:\/\/ferabrajan.com\/portal\/2025\/10\/08\/fge-neutraliza-amenaza-de-masacre-escolar-contra-comunidad-buap\/"]}]},{"@type":"ImageObject","inLanguage":"es","@id":"https:\/\/ferabrajan.com\/portal\/2025\/10\/08\/fge-neutraliza-amenaza-de-masacre-escolar-contra-comunidad-buap\/#primaryimage","url":"https:\/\/ferabrajan.com\/portal\/wp-content\/uploads\/2025\/10\/Imagen-de-WhatsApp-2025-10-07-a-las-21.22.13_cda5e337.jpg","contentUrl":"https:\/\/ferabrajan.com\/portal\/wp-content\/uploads\/2025\/10\/Imagen-de-WhatsApp-2025-10-07-a-las-21.22.13_cda5e337.jpg","width":1280,"height":718},{"@type":"BreadcrumbList","@id":"https:\/\/ferabrajan.com\/portal\/2025\/10\/08\/fge-neutraliza-amenaza-de-masacre-escolar-contra-comunidad-buap\/#breadcrumb","itemListElement":[{"@type":"ListItem","position":1,"name":"Portada","item":"https:\/\/ferabrajan.com\/portal\/"},{"@type":"ListItem","position":2,"name":"FGE neutraliza amenaza de \u201cmasacre escolar\u201d contra comunidad BUAP"}]},{"@type":"WebSite","@id":"https:\/\/ferabrajan.com\/portal\/#website","url":"https:\/\/ferabrajan.com\/portal\/","name":"Fer Abrajan","description":"Noticias de Puebla, opini\u00f3n y radio en vivo","publisher":{"@id":"https:\/\/ferabrajan.com\/portal\/#organization"},"potentialAction":[{"@type":"SearchAction","target":{"@type":"EntryPoint","urlTemplate":"https:\/\/ferabrajan.com\/portal\/?s={search_term_string}"},"query-input":{"@type":"PropertyValueSpecification","valueRequired":true,"valueName":"search_term_string"}}],"inLanguage":"es"},{"@type":"Organization","@id":"https:\/\/ferabrajan.com\/portal\/#organization","name":"Fer Abrajan","url":"https:\/\/ferabrajan.com\/portal\/","logo":{"@type":"ImageObject","inLanguage":"es","@id":"https:\/\/ferabrajan.com\/portal\/#\/schema\/logo\/image\/","url":"https:\/\/ferabrajan.com\/portal\/wp-content\/uploads\/2024\/10\/cropped-logo.jpeg","contentUrl":"https:\/\/ferabrajan.com\/portal\/wp-content\/uploads\/2024\/10\/cropped-logo.jpeg","width":500,"height":250,"caption":"Fer Abrajan"},"image":{"@id":"https:\/\/ferabrajan.com\/portal\/#\/schema\/logo\/image\/"},"sameAs":["https:\/\/www.facebook.com\/NoticiasconFerAbrajan\/","https:\/\/x.com\/ferabrajan1"]},{"@type":"Person","@id":"https:\/\/ferabrajan.com\/portal\/#\/schema\/person\/a79364e0091921e733584c4833bc7a50","name":"Rebeca N\u00fa\u00f1ez","image":{"@type":"ImageObject","inLanguage":"es","@id":"https:\/\/secure.gravatar.com\/avatar\/c9cbf721287e849268cd37eca93cf4be51b2eed9e71c8d0c6825bd912000b74e?s=96&d=mm&r=g","url":"https:\/\/secure.gravatar.com\/avatar\/c9cbf721287e849268cd37eca93cf4be51b2eed9e71c8d0c6825bd912000b74e?s=96&d=mm&r=g","contentUrl":"https:\/\/secure.gravatar.com\/avatar\/c9cbf721287e849268cd37eca93cf4be51b2eed9e71c8d0c6825bd912000b74e?s=96&d=mm&r=g","caption":"Rebeca N\u00fa\u00f1ez"},"url":"https:\/\/ferabrajan.com\/portal\/author\/rebeca\/"}]}},"_links":{"self":[{"href":"https:\/\/ferabrajan.com\/portal\/wp-json\/wp\/v2\/posts\/76796","targetHints":{"allow":["GET"]}}],"collection":[{"href":"https:\/\/ferabrajan.com\/portal\/wp-json\/wp\/v2\/posts"}],"about":[{"href":"https:\/\/ferabrajan.com\/portal\/wp-json\/wp\/v2\/types\/post"}],"author":[{"embeddable":true,"href":"https:\/\/ferabrajan.com\/portal\/wp-json\/wp\/v2\/users\/3"}],"replies":[{"embeddable":true,"href":"https:\/\/ferabrajan.com\/portal\/wp-json\/wp\/v2\/comments?post=76796"}],"version-history":[{"count":1,"href":"https:\/\/ferabrajan.com\/portal\/wp-json\/wp\/v2\/posts\/76796\/revisions"}],"predecessor-version":[{"id":76798,"href":"https:\/\/ferabrajan.com\/portal\/wp-json\/wp\/v2\/posts\/76796\/revisions\/76798"}],"wp:featuredmedia":[{"embeddable":true,"href":"https:\/\/ferabrajan.com\/portal\/wp-json\/wp\/v2\/media\/76797"}],"wp:attachment":[{"href":"https:\/\/ferabrajan.com\/portal\/wp-json\/wp\/v2\/media?parent=76796"}],"wp:term":[{"taxonomy":"category","embeddable":true,"href":"https:\/\/ferabrajan.com\/portal\/wp-json\/wp\/v2\/categories?post=76796"},{"taxonomy":"post_tag","embeddable":true,"href":"https:\/\/ferabrajan.com\/portal\/wp-json\/wp\/v2\/tags?post=76796"}],"curies":[{"name":"wp","href":"https:\/\/api.w.org\/{rel}","templated":true}]}}