{"id":76789,"date":"2025-10-08T15:41:37","date_gmt":"2025-10-08T15:41:37","guid":{"rendered":"https:\/\/ferabrajan.com\/portal\/?p=76789"},"modified":"2025-10-08T15:42:17","modified_gmt":"2025-10-08T15:42:17","slug":"catrinerias-leyendas-arte-y-misterio-en-la-ex-hacienda-de-chautla","status":"publish","type":"post","link":"https:\/\/ferabrajan.com\/portal\/2025\/10\/08\/catrinerias-leyendas-arte-y-misterio-en-la-ex-hacienda-de-chautla\/","title":{"rendered":"\u201cCatriner\u00edas\u201d: leyendas, arte y misterio en la Ex Hacienda de Chautla"},"content":{"rendered":"<p data-start=\"327\" data-end=\"627\"><strong data-start=\"327\" data-end=\"344\">Puebla, Pue.\u2013<\/strong> Entre leyendas, trajineras y ofrendas monumentales, la <strong data-start=\"400\" data-end=\"426\">Ex Hacienda de Chautla<\/strong> se transformar\u00e1 en un escenario lleno de misticismo y tradici\u00f3n con el espect\u00e1culo <strong data-start=\"510\" data-end=\"561\">\u201cCatriner\u00edas: Un Espect\u00e1culo de D\u00eda de Muertos\u201d<\/strong>, que se llevar\u00e1 a cabo del <strong data-start=\"589\" data-end=\"624\">10 de octubre al 2 de noviembre<\/strong>.<\/p>\n<p data-start=\"629\" data-end=\"886\">La directora de Parques y Convenciones, <strong data-start=\"669\" data-end=\"690\">Michelle Talavera<\/strong>, inform\u00f3 que este evento forma parte del <strong data-start=\"732\" data-end=\"755\">Pasaporte Tur\u00edstico<\/strong>, iniciativa en la que el gobierno estatal invierte m\u00e1s de <strong data-start=\"814\" data-end=\"839\">170 millones de pesos<\/strong> para impulsar el turismo cultural en Puebla.<\/p>\n<p data-start=\"888\" data-end=\"1091\">\u201cCatriner\u00edas\u201d ofrecer\u00e1 una <strong data-start=\"915\" data-end=\"940\">experiencia inmersiva<\/strong> que mezcla la tradici\u00f3n del D\u00eda de Muertos con tecnolog\u00eda moderna, transportando al p\u00fablico en un viaje al <strong data-start=\"1048\" data-end=\"1059\">Mictl\u00e1n<\/strong>, el m\u00edtico inframundo mexica.<\/p>\n<p data-start=\"888\" data-end=\"1091\">\u00a0<img fetchpriority=\"high\" decoding=\"async\" class=\"alignnone size-medium wp-image-76791\" src=\"https:\/\/ferabrajan.com\/portal\/wp-content\/uploads\/2025\/10\/G2l1mfbXMAAnpeG-261x300.jpg\" alt=\"\" width=\"261\" height=\"300\" srcset=\"https:\/\/ferabrajan.com\/portal\/wp-content\/uploads\/2025\/10\/G2l1mfbXMAAnpeG-261x300.jpg 261w, https:\/\/ferabrajan.com\/portal\/wp-content\/uploads\/2025\/10\/G2l1mfbXMAAnpeG.jpg 592w\" sizes=\"(max-width: 261px) 100vw, 261px\" \/> <img decoding=\"async\" class=\"alignnone size-medium wp-image-76792\" src=\"https:\/\/ferabrajan.com\/portal\/wp-content\/uploads\/2025\/10\/G2l3FdOWMAAgjJy-261x300.jpg\" alt=\"\" width=\"261\" height=\"300\" srcset=\"https:\/\/ferabrajan.com\/portal\/wp-content\/uploads\/2025\/10\/G2l3FdOWMAAgjJy-261x300.jpg 261w, https:\/\/ferabrajan.com\/portal\/wp-content\/uploads\/2025\/10\/G2l3FdOWMAAgjJy.jpg 592w\" sizes=\"(max-width: 261px) 100vw, 261px\" \/> <img decoding=\"async\" class=\"alignnone size-medium wp-image-76793\" src=\"https:\/\/ferabrajan.com\/portal\/wp-content\/uploads\/2025\/10\/G2smd_MWwAAgdUz-300x300.jpg\" alt=\"\" width=\"300\" height=\"300\" srcset=\"https:\/\/ferabrajan.com\/portal\/wp-content\/uploads\/2025\/10\/G2smd_MWwAAgdUz-300x300.jpg 300w, https:\/\/ferabrajan.com\/portal\/wp-content\/uploads\/2025\/10\/G2smd_MWwAAgdUz-150x150.jpg 150w, https:\/\/ferabrajan.com\/portal\/wp-content\/uploads\/2025\/10\/G2smd_MWwAAgdUz-96x96.jpg 96w, https:\/\/ferabrajan.com\/portal\/wp-content\/uploads\/2025\/10\/G2smd_MWwAAgdUz.jpg 680w\" sizes=\"(max-width: 300px) 100vw, 300px\" \/><\/p>\n<p data-start=\"1093\" data-end=\"1360\">Durante el recorrido, los asistentes podr\u00e1n disfrutar de <strong data-start=\"1150\" data-end=\"1177\">seis leyendas vivientes<\/strong>, entre ellas <em data-start=\"1191\" data-end=\"1203\">La Llorona<\/em>, <em data-start=\"1205\" data-end=\"1223\">La Dama de Negro<\/em>, <em data-start=\"1225\" data-end=\"1257\">La Marquesa de la Selva Nevada<\/em> y <em data-start=\"1260\" data-end=\"1271\">El Nahual<\/em>, interpretadas por actores caracterizados que dar\u00e1n vida a los mitos m\u00e1s emblem\u00e1ticos.<\/p>\n<p data-start=\"1362\" data-end=\"1591\">El espect\u00e1culo tambi\u00e9n contar\u00e1 con <strong data-start=\"1397\" data-end=\"1422\">ofrendas monumentales<\/strong>, una de ellas <strong data-start=\"1437\" data-end=\"1469\">flotante sobre el lago menor<\/strong>, adem\u00e1s de <strong data-start=\"1481\" data-end=\"1528\">m\u00e1s de 15 esculturas de catrinas y catrines<\/strong> que llenar\u00e1n de color y arte los jardines de la ex hacienda.<\/p>\n<p data-start=\"1593\" data-end=\"1759\">Como parte de la experiencia, el p\u00fablico podr\u00e1 realizar un <strong data-start=\"1652\" data-end=\"1683\">paseo nocturno en trajinera<\/strong>, disfrutando de un entorno iluminado y ambientado con m\u00fasica y tradici\u00f3n.<\/p>\n<p data-start=\"1761\" data-end=\"2013\">Con una <strong data-start=\"1769\" data-end=\"1812\">afluencia esperada de 50 mil visitantes<\/strong> y una <strong data-start=\"1819\" data-end=\"1873\">derrama econ\u00f3mica estimada en 22 millones de pesos<\/strong>, \u201cCatriner\u00edas\u201d busca posicionar a Puebla como <strong data-start=\"1920\" data-end=\"1971\">un destino cultural y tur\u00edstico de primer nivel<\/strong> durante la temporada de D\u00eda de Muertos.<\/p>\n","protected":false},"excerpt":{"rendered":"<p>El espect\u00e1culo de D\u00eda de Muertos promete atraer a m\u00e1s de 50 mil visitantes y generar una derrama econ\u00f3mica de 22 millones de pesos.<\/p>\n","protected":false},"author":1,"featured_media":76790,"comment_status":"closed","ping_status":"closed","sticky":false,"template":"","format":"standard","meta":{"_monsterinsights_skip_tracking":false,"_uf_show_specific_survey":0,"_uf_disable_surveys":false,"footnotes":""},"categories":[585,34],"tags":[3310,3311,181],"class_list":["post-76789","post","type-post","status-publish","format-standard","has-post-thumbnail","hentry","category-principal","category-puebla","tag-catrinerias","tag-ex-hacienda-de-chiautla","tag-turismo"],"yoast_head":"<!-- This site is optimized with the Yoast SEO plugin v27.5 - https:\/\/yoast.com\/product\/yoast-seo-wordpress\/ -->\n<title>\u201cCatriner\u00edas\u201d: leyendas, arte y misterio en la Ex Hacienda de Chautla - Fer Abrajan<\/title>\n<meta name=\"description\" content=\"El espect\u00e1culo de D\u00eda de Muertos promete atraer a m\u00e1s de 50 mil visitantes y generar una derrama econ\u00f3mica de 22 millones de pesos.\" \/>\n<meta name=\"robots\" content=\"index, follow, max-snippet:-1, max-image-preview:large, max-video-preview:-1\" \/>\n<link rel=\"canonical\" href=\"https:\/\/ferabrajan.com\/portal\/2025\/10\/08\/catrinerias-leyendas-arte-y-misterio-en-la-ex-hacienda-de-chautla\/\" \/>\n<meta property=\"og:locale\" content=\"es_ES\" \/>\n<meta property=\"og:type\" content=\"article\" \/>\n<meta property=\"og:title\" content=\"\u201cCatriner\u00edas\u201d: leyendas, arte y misterio en la Ex Hacienda de Chautla - Fer Abrajan\" \/>\n<meta property=\"og:description\" content=\"El espect\u00e1culo de D\u00eda de Muertos promete atraer a m\u00e1s de 50 mil visitantes y generar una derrama econ\u00f3mica de 22 millones de pesos.\" \/>\n<meta property=\"og:url\" content=\"https:\/\/ferabrajan.com\/portal\/2025\/10\/08\/catrinerias-leyendas-arte-y-misterio-en-la-ex-hacienda-de-chautla\/\" \/>\n<meta property=\"og:site_name\" content=\"Fer Abrajan\" \/>\n<meta property=\"article:publisher\" content=\"https:\/\/www.facebook.com\/NoticiasconFerAbrajan\/\" \/>\n<meta property=\"article:published_time\" content=\"2025-10-08T15:41:37+00:00\" \/>\n<meta property=\"article:modified_time\" content=\"2025-10-08T15:42:17+00:00\" \/>\n<meta property=\"og:image\" content=\"https:\/\/ferabrajan.com\/portal\/wp-content\/uploads\/2025\/10\/WhatsApp-Image-2025-10-08-at-9.30.20-AM.jpeg\" \/>\n\t<meta property=\"og:image:width\" content=\"1599\" \/>\n\t<meta property=\"og:image:height\" content=\"899\" \/>\n\t<meta property=\"og:image:type\" content=\"image\/jpeg\" \/>\n<meta name=\"author\" content=\"admin\" \/>\n<meta name=\"twitter:card\" content=\"summary_large_image\" \/>\n<meta name=\"twitter:creator\" content=\"@ferabrajan1\" \/>\n<meta name=\"twitter:site\" content=\"@ferabrajan1\" \/>\n<meta name=\"twitter:label1\" content=\"Escrito por\" \/>\n\t<meta name=\"twitter:data1\" content=\"admin\" \/>\n\t<meta name=\"twitter:label2\" content=\"Tiempo de lectura\" \/>\n\t<meta name=\"twitter:data2\" content=\"2 minutos\" \/>\n<script type=\"application\/ld+json\" class=\"yoast-schema-graph\">{\"@context\":\"https:\\\/\\\/schema.org\",\"@graph\":[{\"@type\":\"Article\",\"@id\":\"https:\\\/\\\/ferabrajan.com\\\/portal\\\/2025\\\/10\\\/08\\\/catrinerias-leyendas-arte-y-misterio-en-la-ex-hacienda-de-chautla\\\/#article\",\"isPartOf\":{\"@id\":\"https:\\\/\\\/ferabrajan.com\\\/portal\\\/2025\\\/10\\\/08\\\/catrinerias-leyendas-arte-y-misterio-en-la-ex-hacienda-de-chautla\\\/\"},\"author\":{\"name\":\"admin\",\"@id\":\"https:\\\/\\\/ferabrajan.com\\\/portal\\\/#\\\/schema\\\/person\\\/f6113b3cb1e036d5c6a9505685b257ba\"},\"headline\":\"\u201cCatriner\u00edas\u201d: leyendas, arte y misterio en la Ex Hacienda de Chautla\",\"datePublished\":\"2025-10-08T15:41:37+00:00\",\"dateModified\":\"2025-10-08T15:42:17+00:00\",\"mainEntityOfPage\":{\"@id\":\"https:\\\/\\\/ferabrajan.com\\\/portal\\\/2025\\\/10\\\/08\\\/catrinerias-leyendas-arte-y-misterio-en-la-ex-hacienda-de-chautla\\\/\"},\"wordCount\":289,\"publisher\":{\"@id\":\"https:\\\/\\\/ferabrajan.com\\\/portal\\\/#organization\"},\"image\":{\"@id\":\"https:\\\/\\\/ferabrajan.com\\\/portal\\\/2025\\\/10\\\/08\\\/catrinerias-leyendas-arte-y-misterio-en-la-ex-hacienda-de-chautla\\\/#primaryimage\"},\"thumbnailUrl\":\"https:\\\/\\\/ferabrajan.com\\\/portal\\\/wp-content\\\/uploads\\\/2025\\\/10\\\/WhatsApp-Image-2025-10-08-at-9.30.20-AM.jpeg\",\"keywords\":[\"Catriner\u00edas\",\"Ex Hacienda de Chiautla\",\"Turismo\"],\"articleSection\":[\"Principal\",\"Puebla\"],\"inLanguage\":\"es\"},{\"@type\":\"WebPage\",\"@id\":\"https:\\\/\\\/ferabrajan.com\\\/portal\\\/2025\\\/10\\\/08\\\/catrinerias-leyendas-arte-y-misterio-en-la-ex-hacienda-de-chautla\\\/\",\"url\":\"https:\\\/\\\/ferabrajan.com\\\/portal\\\/2025\\\/10\\\/08\\\/catrinerias-leyendas-arte-y-misterio-en-la-ex-hacienda-de-chautla\\\/\",\"name\":\"\u201cCatriner\u00edas\u201d: leyendas, arte y misterio en la Ex Hacienda de Chautla - Fer Abrajan\",\"isPartOf\":{\"@id\":\"https:\\\/\\\/ferabrajan.com\\\/portal\\\/#website\"},\"primaryImageOfPage\":{\"@id\":\"https:\\\/\\\/ferabrajan.com\\\/portal\\\/2025\\\/10\\\/08\\\/catrinerias-leyendas-arte-y-misterio-en-la-ex-hacienda-de-chautla\\\/#primaryimage\"},\"image\":{\"@id\":\"https:\\\/\\\/ferabrajan.com\\\/portal\\\/2025\\\/10\\\/08\\\/catrinerias-leyendas-arte-y-misterio-en-la-ex-hacienda-de-chautla\\\/#primaryimage\"},\"thumbnailUrl\":\"https:\\\/\\\/ferabrajan.com\\\/portal\\\/wp-content\\\/uploads\\\/2025\\\/10\\\/WhatsApp-Image-2025-10-08-at-9.30.20-AM.jpeg\",\"datePublished\":\"2025-10-08T15:41:37+00:00\",\"dateModified\":\"2025-10-08T15:42:17+00:00\",\"description\":\"El espect\u00e1culo de D\u00eda de Muertos promete atraer a m\u00e1s de 50 mil visitantes y generar una derrama econ\u00f3mica de 22 millones de pesos.\",\"breadcrumb\":{\"@id\":\"https:\\\/\\\/ferabrajan.com\\\/portal\\\/2025\\\/10\\\/08\\\/catrinerias-leyendas-arte-y-misterio-en-la-ex-hacienda-de-chautla\\\/#breadcrumb\"},\"inLanguage\":\"es\",\"potentialAction\":[{\"@type\":\"ReadAction\",\"target\":[\"https:\\\/\\\/ferabrajan.com\\\/portal\\\/2025\\\/10\\\/08\\\/catrinerias-leyendas-arte-y-misterio-en-la-ex-hacienda-de-chautla\\\/\"]}]},{\"@type\":\"ImageObject\",\"inLanguage\":\"es\",\"@id\":\"https:\\\/\\\/ferabrajan.com\\\/portal\\\/2025\\\/10\\\/08\\\/catrinerias-leyendas-arte-y-misterio-en-la-ex-hacienda-de-chautla\\\/#primaryimage\",\"url\":\"https:\\\/\\\/ferabrajan.com\\\/portal\\\/wp-content\\\/uploads\\\/2025\\\/10\\\/WhatsApp-Image-2025-10-08-at-9.30.20-AM.jpeg\",\"contentUrl\":\"https:\\\/\\\/ferabrajan.com\\\/portal\\\/wp-content\\\/uploads\\\/2025\\\/10\\\/WhatsApp-Image-2025-10-08-at-9.30.20-AM.jpeg\",\"width\":1599,\"height\":899},{\"@type\":\"BreadcrumbList\",\"@id\":\"https:\\\/\\\/ferabrajan.com\\\/portal\\\/2025\\\/10\\\/08\\\/catrinerias-leyendas-arte-y-misterio-en-la-ex-hacienda-de-chautla\\\/#breadcrumb\",\"itemListElement\":[{\"@type\":\"ListItem\",\"position\":1,\"name\":\"Portada\",\"item\":\"https:\\\/\\\/ferabrajan.com\\\/portal\\\/\"},{\"@type\":\"ListItem\",\"position\":2,\"name\":\"\u201cCatriner\u00edas\u201d: leyendas, arte y misterio en la Ex Hacienda de Chautla\"}]},{\"@type\":\"WebSite\",\"@id\":\"https:\\\/\\\/ferabrajan.com\\\/portal\\\/#website\",\"url\":\"https:\\\/\\\/ferabrajan.com\\\/portal\\\/\",\"name\":\"Fer Abrajan\",\"description\":\"Noticias de Puebla, opini\u00f3n y radio en vivo\",\"publisher\":{\"@id\":\"https:\\\/\\\/ferabrajan.com\\\/portal\\\/#organization\"},\"potentialAction\":[{\"@type\":\"SearchAction\",\"target\":{\"@type\":\"EntryPoint\",\"urlTemplate\":\"https:\\\/\\\/ferabrajan.com\\\/portal\\\/?s={search_term_string}\"},\"query-input\":{\"@type\":\"PropertyValueSpecification\",\"valueRequired\":true,\"valueName\":\"search_term_string\"}}],\"inLanguage\":\"es\"},{\"@type\":\"Organization\",\"@id\":\"https:\\\/\\\/ferabrajan.com\\\/portal\\\/#organization\",\"name\":\"Fer Abrajan\",\"url\":\"https:\\\/\\\/ferabrajan.com\\\/portal\\\/\",\"logo\":{\"@type\":\"ImageObject\",\"inLanguage\":\"es\",\"@id\":\"https:\\\/\\\/ferabrajan.com\\\/portal\\\/#\\\/schema\\\/logo\\\/image\\\/\",\"url\":\"https:\\\/\\\/ferabrajan.com\\\/portal\\\/wp-content\\\/uploads\\\/2024\\\/10\\\/cropped-logo.jpeg\",\"contentUrl\":\"https:\\\/\\\/ferabrajan.com\\\/portal\\\/wp-content\\\/uploads\\\/2024\\\/10\\\/cropped-logo.jpeg\",\"width\":500,\"height\":250,\"caption\":\"Fer Abrajan\"},\"image\":{\"@id\":\"https:\\\/\\\/ferabrajan.com\\\/portal\\\/#\\\/schema\\\/logo\\\/image\\\/\"},\"sameAs\":[\"https:\\\/\\\/www.facebook.com\\\/NoticiasconFerAbrajan\\\/\",\"https:\\\/\\\/x.com\\\/ferabrajan1\"]},{\"@type\":\"Person\",\"@id\":\"https:\\\/\\\/ferabrajan.com\\\/portal\\\/#\\\/schema\\\/person\\\/f6113b3cb1e036d5c6a9505685b257ba\",\"name\":\"admin\",\"image\":{\"@type\":\"ImageObject\",\"inLanguage\":\"es\",\"@id\":\"https:\\\/\\\/secure.gravatar.com\\\/avatar\\\/072baa72775aad53c748dfc5d3048578e01b6c087eef335459ebfa04344e2d18?s=96&d=mm&r=g\",\"url\":\"https:\\\/\\\/secure.gravatar.com\\\/avatar\\\/072baa72775aad53c748dfc5d3048578e01b6c087eef335459ebfa04344e2d18?s=96&d=mm&r=g\",\"contentUrl\":\"https:\\\/\\\/secure.gravatar.com\\\/avatar\\\/072baa72775aad53c748dfc5d3048578e01b6c087eef335459ebfa04344e2d18?s=96&d=mm&r=g\",\"caption\":\"admin\"},\"sameAs\":[\"https:\\\/\\\/ferabrajan.com\\\/portal\"],\"url\":\"https:\\\/\\\/ferabrajan.com\\\/portal\\\/author\\\/admin\\\/\"}]}<\/script>\n<!-- \/ Yoast SEO plugin. -->","yoast_head_json":{"title":"\u201cCatriner\u00edas\u201d: leyendas, arte y misterio en la Ex Hacienda de Chautla - Fer Abrajan","description":"El espect\u00e1culo de D\u00eda de Muertos promete atraer a m\u00e1s de 50 mil visitantes y generar una derrama econ\u00f3mica de 22 millones de pesos.","robots":{"index":"index","follow":"follow","max-snippet":"max-snippet:-1","max-image-preview":"max-image-preview:large","max-video-preview":"max-video-preview:-1"},"canonical":"https:\/\/ferabrajan.com\/portal\/2025\/10\/08\/catrinerias-leyendas-arte-y-misterio-en-la-ex-hacienda-de-chautla\/","og_locale":"es_ES","og_type":"article","og_title":"\u201cCatriner\u00edas\u201d: leyendas, arte y misterio en la Ex Hacienda de Chautla - Fer Abrajan","og_description":"El espect\u00e1culo de D\u00eda de Muertos promete atraer a m\u00e1s de 50 mil visitantes y generar una derrama econ\u00f3mica de 22 millones de pesos.","og_url":"https:\/\/ferabrajan.com\/portal\/2025\/10\/08\/catrinerias-leyendas-arte-y-misterio-en-la-ex-hacienda-de-chautla\/","og_site_name":"Fer Abrajan","article_publisher":"https:\/\/www.facebook.com\/NoticiasconFerAbrajan\/","article_published_time":"2025-10-08T15:41:37+00:00","article_modified_time":"2025-10-08T15:42:17+00:00","og_image":[{"width":1599,"height":899,"url":"https:\/\/ferabrajan.com\/portal\/wp-content\/uploads\/2025\/10\/WhatsApp-Image-2025-10-08-at-9.30.20-AM.jpeg","type":"image\/jpeg"}],"author":"admin","twitter_card":"summary_large_image","twitter_creator":"@ferabrajan1","twitter_site":"@ferabrajan1","twitter_misc":{"Escrito por":"admin","Tiempo de lectura":"2 minutos"},"schema":{"@context":"https:\/\/schema.org","@graph":[{"@type":"Article","@id":"https:\/\/ferabrajan.com\/portal\/2025\/10\/08\/catrinerias-leyendas-arte-y-misterio-en-la-ex-hacienda-de-chautla\/#article","isPartOf":{"@id":"https:\/\/ferabrajan.com\/portal\/2025\/10\/08\/catrinerias-leyendas-arte-y-misterio-en-la-ex-hacienda-de-chautla\/"},"author":{"name":"admin","@id":"https:\/\/ferabrajan.com\/portal\/#\/schema\/person\/f6113b3cb1e036d5c6a9505685b257ba"},"headline":"\u201cCatriner\u00edas\u201d: leyendas, arte y misterio en la Ex Hacienda de Chautla","datePublished":"2025-10-08T15:41:37+00:00","dateModified":"2025-10-08T15:42:17+00:00","mainEntityOfPage":{"@id":"https:\/\/ferabrajan.com\/portal\/2025\/10\/08\/catrinerias-leyendas-arte-y-misterio-en-la-ex-hacienda-de-chautla\/"},"wordCount":289,"publisher":{"@id":"https:\/\/ferabrajan.com\/portal\/#organization"},"image":{"@id":"https:\/\/ferabrajan.com\/portal\/2025\/10\/08\/catrinerias-leyendas-arte-y-misterio-en-la-ex-hacienda-de-chautla\/#primaryimage"},"thumbnailUrl":"https:\/\/ferabrajan.com\/portal\/wp-content\/uploads\/2025\/10\/WhatsApp-Image-2025-10-08-at-9.30.20-AM.jpeg","keywords":["Catriner\u00edas","Ex Hacienda de Chiautla","Turismo"],"articleSection":["Principal","Puebla"],"inLanguage":"es"},{"@type":"WebPage","@id":"https:\/\/ferabrajan.com\/portal\/2025\/10\/08\/catrinerias-leyendas-arte-y-misterio-en-la-ex-hacienda-de-chautla\/","url":"https:\/\/ferabrajan.com\/portal\/2025\/10\/08\/catrinerias-leyendas-arte-y-misterio-en-la-ex-hacienda-de-chautla\/","name":"\u201cCatriner\u00edas\u201d: leyendas, arte y misterio en la Ex Hacienda de Chautla - Fer Abrajan","isPartOf":{"@id":"https:\/\/ferabrajan.com\/portal\/#website"},"primaryImageOfPage":{"@id":"https:\/\/ferabrajan.com\/portal\/2025\/10\/08\/catrinerias-leyendas-arte-y-misterio-en-la-ex-hacienda-de-chautla\/#primaryimage"},"image":{"@id":"https:\/\/ferabrajan.com\/portal\/2025\/10\/08\/catrinerias-leyendas-arte-y-misterio-en-la-ex-hacienda-de-chautla\/#primaryimage"},"thumbnailUrl":"https:\/\/ferabrajan.com\/portal\/wp-content\/uploads\/2025\/10\/WhatsApp-Image-2025-10-08-at-9.30.20-AM.jpeg","datePublished":"2025-10-08T15:41:37+00:00","dateModified":"2025-10-08T15:42:17+00:00","description":"El espect\u00e1culo de D\u00eda de Muertos promete atraer a m\u00e1s de 50 mil visitantes y generar una derrama econ\u00f3mica de 22 millones de pesos.","breadcrumb":{"@id":"https:\/\/ferabrajan.com\/portal\/2025\/10\/08\/catrinerias-leyendas-arte-y-misterio-en-la-ex-hacienda-de-chautla\/#breadcrumb"},"inLanguage":"es","potentialAction":[{"@type":"ReadAction","target":["https:\/\/ferabrajan.com\/portal\/2025\/10\/08\/catrinerias-leyendas-arte-y-misterio-en-la-ex-hacienda-de-chautla\/"]}]},{"@type":"ImageObject","inLanguage":"es","@id":"https:\/\/ferabrajan.com\/portal\/2025\/10\/08\/catrinerias-leyendas-arte-y-misterio-en-la-ex-hacienda-de-chautla\/#primaryimage","url":"https:\/\/ferabrajan.com\/portal\/wp-content\/uploads\/2025\/10\/WhatsApp-Image-2025-10-08-at-9.30.20-AM.jpeg","contentUrl":"https:\/\/ferabrajan.com\/portal\/wp-content\/uploads\/2025\/10\/WhatsApp-Image-2025-10-08-at-9.30.20-AM.jpeg","width":1599,"height":899},{"@type":"BreadcrumbList","@id":"https:\/\/ferabrajan.com\/portal\/2025\/10\/08\/catrinerias-leyendas-arte-y-misterio-en-la-ex-hacienda-de-chautla\/#breadcrumb","itemListElement":[{"@type":"ListItem","position":1,"name":"Portada","item":"https:\/\/ferabrajan.com\/portal\/"},{"@type":"ListItem","position":2,"name":"\u201cCatriner\u00edas\u201d: leyendas, arte y misterio en la Ex Hacienda de Chautla"}]},{"@type":"WebSite","@id":"https:\/\/ferabrajan.com\/portal\/#website","url":"https:\/\/ferabrajan.com\/portal\/","name":"Fer Abrajan","description":"Noticias de Puebla, opini\u00f3n y radio en vivo","publisher":{"@id":"https:\/\/ferabrajan.com\/portal\/#organization"},"potentialAction":[{"@type":"SearchAction","target":{"@type":"EntryPoint","urlTemplate":"https:\/\/ferabrajan.com\/portal\/?s={search_term_string}"},"query-input":{"@type":"PropertyValueSpecification","valueRequired":true,"valueName":"search_term_string"}}],"inLanguage":"es"},{"@type":"Organization","@id":"https:\/\/ferabrajan.com\/portal\/#organization","name":"Fer Abrajan","url":"https:\/\/ferabrajan.com\/portal\/","logo":{"@type":"ImageObject","inLanguage":"es","@id":"https:\/\/ferabrajan.com\/portal\/#\/schema\/logo\/image\/","url":"https:\/\/ferabrajan.com\/portal\/wp-content\/uploads\/2024\/10\/cropped-logo.jpeg","contentUrl":"https:\/\/ferabrajan.com\/portal\/wp-content\/uploads\/2024\/10\/cropped-logo.jpeg","width":500,"height":250,"caption":"Fer Abrajan"},"image":{"@id":"https:\/\/ferabrajan.com\/portal\/#\/schema\/logo\/image\/"},"sameAs":["https:\/\/www.facebook.com\/NoticiasconFerAbrajan\/","https:\/\/x.com\/ferabrajan1"]},{"@type":"Person","@id":"https:\/\/ferabrajan.com\/portal\/#\/schema\/person\/f6113b3cb1e036d5c6a9505685b257ba","name":"admin","image":{"@type":"ImageObject","inLanguage":"es","@id":"https:\/\/secure.gravatar.com\/avatar\/072baa72775aad53c748dfc5d3048578e01b6c087eef335459ebfa04344e2d18?s=96&d=mm&r=g","url":"https:\/\/secure.gravatar.com\/avatar\/072baa72775aad53c748dfc5d3048578e01b6c087eef335459ebfa04344e2d18?s=96&d=mm&r=g","contentUrl":"https:\/\/secure.gravatar.com\/avatar\/072baa72775aad53c748dfc5d3048578e01b6c087eef335459ebfa04344e2d18?s=96&d=mm&r=g","caption":"admin"},"sameAs":["https:\/\/ferabrajan.com\/portal"],"url":"https:\/\/ferabrajan.com\/portal\/author\/admin\/"}]}},"_links":{"self":[{"href":"https:\/\/ferabrajan.com\/portal\/wp-json\/wp\/v2\/posts\/76789","targetHints":{"allow":["GET"]}}],"collection":[{"href":"https:\/\/ferabrajan.com\/portal\/wp-json\/wp\/v2\/posts"}],"about":[{"href":"https:\/\/ferabrajan.com\/portal\/wp-json\/wp\/v2\/types\/post"}],"author":[{"embeddable":true,"href":"https:\/\/ferabrajan.com\/portal\/wp-json\/wp\/v2\/users\/1"}],"replies":[{"embeddable":true,"href":"https:\/\/ferabrajan.com\/portal\/wp-json\/wp\/v2\/comments?post=76789"}],"version-history":[{"count":2,"href":"https:\/\/ferabrajan.com\/portal\/wp-json\/wp\/v2\/posts\/76789\/revisions"}],"predecessor-version":[{"id":76795,"href":"https:\/\/ferabrajan.com\/portal\/wp-json\/wp\/v2\/posts\/76789\/revisions\/76795"}],"wp:featuredmedia":[{"embeddable":true,"href":"https:\/\/ferabrajan.com\/portal\/wp-json\/wp\/v2\/media\/76790"}],"wp:attachment":[{"href":"https:\/\/ferabrajan.com\/portal\/wp-json\/wp\/v2\/media?parent=76789"}],"wp:term":[{"taxonomy":"category","embeddable":true,"href":"https:\/\/ferabrajan.com\/portal\/wp-json\/wp\/v2\/categories?post=76789"},{"taxonomy":"post_tag","embeddable":true,"href":"https:\/\/ferabrajan.com\/portal\/wp-json\/wp\/v2\/tags?post=76789"}],"curies":[{"name":"wp","href":"https:\/\/api.w.org\/{rel}","templated":true}]}}