{"id":76713,"date":"2025-10-06T14:49:53","date_gmt":"2025-10-06T14:49:53","guid":{"rendered":"https:\/\/ferabrajan.com\/portal\/?p=76713"},"modified":"2025-10-06T14:49:53","modified_gmt":"2025-10-06T14:49:53","slug":"armenta-impulsa-el-saneamiento-del-agua-para-proteger-la-salud-de-las-familias","status":"publish","type":"post","link":"https:\/\/ferabrajan.com\/portal\/2025\/10\/06\/armenta-impulsa-el-saneamiento-del-agua-para-proteger-la-salud-de-las-familias\/","title":{"rendered":"Armenta impulsa el saneamiento del agua para proteger la salud de las familias"},"content":{"rendered":"<p data-start=\"85\" data-end=\"469\"><strong data-start=\"85\" data-end=\"115\">TEPEXI DE RODR\u00cdGUEZ, Pue.\u2014<\/strong> Con la convicci\u00f3n de que <strong data-start=\"141\" data-end=\"208\">el agua es vida y su saneamiento una responsabilidad compartida<\/strong>, el gobernador <strong data-start=\"224\" data-end=\"245\">Alejandro Armenta<\/strong> encabez\u00f3 la entrega de <strong data-start=\"269\" data-end=\"323\">35 sistemas de saneamiento a base de biodigestores<\/strong> en la localidad de <strong data-start=\"343\" data-end=\"368\">Las Yeguas San Isidro<\/strong>, con una inversi\u00f3n de <strong data-start=\"391\" data-end=\"416\">3.5 millones de pesos<\/strong> y <strong data-start=\"419\" data-end=\"466\">m\u00e1s de 200 poblanas y poblanos beneficiados<\/strong>.<\/p>\n<p data-start=\"471\" data-end=\"899\">Ante cientos de habitantes de la microrregi\u00f3n 25, Armenta subray\u00f3 que <strong data-start=\"541\" data-end=\"619\">el cuidado del agua y del medio ambiente es una prioridad para su gobierno<\/strong>, y destac\u00f3 la oportunidad hist\u00f3rica de contar con una presidenta comprometida con la ciencia y la sustentabilidad. \u201c<strong data-start=\"736\" data-end=\"887\">Ser\u00eda un error no aprovechar el sexenio de la presidenta Claudia Sheinbaum para recuperar el agua y mejorar el medio ambiente de Puebla y de M\u00e9xico<\/strong>\u201d, afirm\u00f3.<\/p>\n<p data-start=\"901\" data-end=\"1175\">El mandatario explic\u00f3 que, como parte del <strong data-start=\"943\" data-end=\"975\">Programa de Obra Comunitaria<\/strong>, su administraci\u00f3n impulsa proyectos de <strong data-start=\"1016\" data-end=\"1099\">captaci\u00f3n y aprovechamiento de agua, uso de energ\u00eda solar y tecnolog\u00edas limpias<\/strong>, con el prop\u00f3sito de <strong data-start=\"1121\" data-end=\"1172\">proteger la salud y generar riqueza comunitaria<\/strong>.<\/p>\n<p data-start=\"1177\" data-end=\"1607\">Por su parte, <strong data-start=\"1191\" data-end=\"1217\">Alberto Jim\u00e9nez Merino<\/strong>, director general de la <strong data-start=\"1242\" data-end=\"1294\">Comisi\u00f3n Estatal de Agua y Saneamiento (CEASPUE)<\/strong>, precis\u00f3 que los biodigestores instalados son <strong data-start=\"1341\" data-end=\"1404\">prefabricados, autolimpiables y con capacidad de 600 litros<\/strong>, una alternativa sustentable para comunidades que carecen de drenaje. \u201c<strong data-start=\"1476\" data-end=\"1595\">Estos sistemas evitar\u00e1n la contaminaci\u00f3n y el brote de enfermedades, adem\u00e1s de optimizar el uso del agua disponible<\/strong>\u201d, se\u00f1al\u00f3.<\/p>\n<p data-start=\"1609\" data-end=\"1825\">El presidente municipal, <strong data-start=\"1634\" data-end=\"1666\">Humberto Bola\u00f1os del Rosario<\/strong>, celebr\u00f3 el respaldo estatal y asegur\u00f3 que estas obras \u201c<strong data-start=\"1723\" data-end=\"1821\">no solo representan infraestructura, sino justicia social para las comunidades m\u00e1s necesitadas<\/strong>\u201d.<\/p>\n<p data-start=\"1827\" data-end=\"2200\">Durante su visita, el gobernador tambi\u00e9n entreg\u00f3 <strong data-start=\"1876\" data-end=\"1905\">120 Becas de Conectividad<\/strong> a estudiantes de la regi\u00f3n. El titular de la <strong data-start=\"1951\" data-end=\"1986\">Secretar\u00eda de Educaci\u00f3n P\u00fablica<\/strong>, <strong data-start=\"1988\" data-end=\"2014\">Manuel Viveros Narciso<\/strong>, destac\u00f3 que este apoyo permitir\u00e1 a las y los j\u00f3venes <strong data-start=\"2069\" data-end=\"2117\">acceder a internet y fortalecer sus estudios<\/strong>, reconociendo el compromiso del gobierno estatal con las comunidades marginadas.<\/p>\n<p data-start=\"2202\" data-end=\"2388\" data-is-last-node=\"\" data-is-only-node=\"\">Con acciones concretas, <strong data-start=\"2226\" data-end=\"2286\">el Gobierno de Puebla avanza hacia un modelo sustentable<\/strong>, donde el acceso al agua, la educaci\u00f3n y la tecnolog\u00eda se convierten en pilares del bienestar social.<\/p>\n","protected":false},"excerpt":{"rendered":"<p>El mandatario Alejandro Armenta presidi\u00f3 la entrega de 35 sistemas de saneamiento a base de biodigestores, con una inversi\u00f3n de 3.5 millones de pesos y m\u00e1s de 200 beneficiados.<\/p>\n","protected":false},"author":4,"featured_media":76714,"comment_status":"closed","ping_status":"closed","sticky":false,"template":"","format":"standard","meta":{"_monsterinsights_skip_tracking":false,"_uf_show_specific_survey":0,"_uf_disable_surveys":false,"footnotes":""},"categories":[585,34],"tags":[106,3294],"class_list":["post-76713","post","type-post","status-publish","format-standard","has-post-thumbnail","hentry","category-principal","category-puebla","tag-alejandro-armenta","tag-saneamiento-agua"],"yoast_head":"<!-- This site is optimized with the Yoast SEO plugin v27.5 - https:\/\/yoast.com\/product\/yoast-seo-wordpress\/ -->\n<title>Armenta impulsa el saneamiento del agua para proteger la salud de las familias - Fer Abrajan<\/title>\n<meta name=\"description\" content=\"El mandatario Alejandro Armenta presidi\u00f3 la entrega de 35 sistemas de saneamiento a base de biodigestores, con una inversi\u00f3n de 3.5 millones de pesos y m\u00e1s de 200 beneficiados.\" \/>\n<meta name=\"robots\" content=\"index, follow, max-snippet:-1, max-image-preview:large, max-video-preview:-1\" \/>\n<link rel=\"canonical\" href=\"https:\/\/ferabrajan.com\/portal\/2025\/10\/06\/armenta-impulsa-el-saneamiento-del-agua-para-proteger-la-salud-de-las-familias\/\" \/>\n<meta property=\"og:locale\" content=\"es_ES\" \/>\n<meta property=\"og:type\" content=\"article\" \/>\n<meta property=\"og:title\" content=\"Armenta impulsa el saneamiento del agua para proteger la salud de las familias - Fer Abrajan\" \/>\n<meta property=\"og:description\" content=\"El mandatario Alejandro Armenta presidi\u00f3 la entrega de 35 sistemas de saneamiento a base de biodigestores, con una inversi\u00f3n de 3.5 millones de pesos y m\u00e1s de 200 beneficiados.\" \/>\n<meta property=\"og:url\" content=\"https:\/\/ferabrajan.com\/portal\/2025\/10\/06\/armenta-impulsa-el-saneamiento-del-agua-para-proteger-la-salud-de-las-familias\/\" \/>\n<meta property=\"og:site_name\" content=\"Fer Abrajan\" \/>\n<meta property=\"article:publisher\" content=\"https:\/\/www.facebook.com\/NoticiasconFerAbrajan\/\" \/>\n<meta property=\"article:published_time\" content=\"2025-10-06T14:49:53+00:00\" \/>\n<meta property=\"og:image\" content=\"https:\/\/ferabrajan.com\/portal\/wp-content\/uploads\/2025\/10\/IMG_5836.jpeg\" \/>\n\t<meta property=\"og:image:width\" content=\"1280\" \/>\n\t<meta property=\"og:image:height\" content=\"854\" \/>\n\t<meta property=\"og:image:type\" content=\"image\/jpeg\" \/>\n<meta name=\"author\" content=\"Ismael Rojas\" \/>\n<meta name=\"twitter:card\" content=\"summary_large_image\" \/>\n<meta name=\"twitter:creator\" content=\"@ferabrajan1\" \/>\n<meta name=\"twitter:site\" content=\"@ferabrajan1\" \/>\n<meta name=\"twitter:label1\" content=\"Escrito por\" \/>\n\t<meta name=\"twitter:data1\" content=\"Ismael Rojas\" \/>\n\t<meta name=\"twitter:label2\" content=\"Tiempo de lectura\" \/>\n\t<meta name=\"twitter:data2\" content=\"2 minutos\" \/>\n<script type=\"application\/ld+json\" class=\"yoast-schema-graph\">{\"@context\":\"https:\\\/\\\/schema.org\",\"@graph\":[{\"@type\":\"Article\",\"@id\":\"https:\\\/\\\/ferabrajan.com\\\/portal\\\/2025\\\/10\\\/06\\\/armenta-impulsa-el-saneamiento-del-agua-para-proteger-la-salud-de-las-familias\\\/#article\",\"isPartOf\":{\"@id\":\"https:\\\/\\\/ferabrajan.com\\\/portal\\\/2025\\\/10\\\/06\\\/armenta-impulsa-el-saneamiento-del-agua-para-proteger-la-salud-de-las-familias\\\/\"},\"author\":{\"name\":\"Ismael Rojas\",\"@id\":\"https:\\\/\\\/ferabrajan.com\\\/portal\\\/#\\\/schema\\\/person\\\/83ed4fff5d7e4c8edf481fa39f71acb2\"},\"headline\":\"Armenta impulsa el saneamiento del agua para proteger la salud de las familias\",\"datePublished\":\"2025-10-06T14:49:53+00:00\",\"mainEntityOfPage\":{\"@id\":\"https:\\\/\\\/ferabrajan.com\\\/portal\\\/2025\\\/10\\\/06\\\/armenta-impulsa-el-saneamiento-del-agua-para-proteger-la-salud-de-las-familias\\\/\"},\"wordCount\":373,\"publisher\":{\"@id\":\"https:\\\/\\\/ferabrajan.com\\\/portal\\\/#organization\"},\"image\":{\"@id\":\"https:\\\/\\\/ferabrajan.com\\\/portal\\\/2025\\\/10\\\/06\\\/armenta-impulsa-el-saneamiento-del-agua-para-proteger-la-salud-de-las-familias\\\/#primaryimage\"},\"thumbnailUrl\":\"https:\\\/\\\/ferabrajan.com\\\/portal\\\/wp-content\\\/uploads\\\/2025\\\/10\\\/IMG_5836.jpeg\",\"keywords\":[\"Alejandro Armenta\",\"saneamiento agua\"],\"articleSection\":[\"Principal\",\"Puebla\"],\"inLanguage\":\"es\"},{\"@type\":\"WebPage\",\"@id\":\"https:\\\/\\\/ferabrajan.com\\\/portal\\\/2025\\\/10\\\/06\\\/armenta-impulsa-el-saneamiento-del-agua-para-proteger-la-salud-de-las-familias\\\/\",\"url\":\"https:\\\/\\\/ferabrajan.com\\\/portal\\\/2025\\\/10\\\/06\\\/armenta-impulsa-el-saneamiento-del-agua-para-proteger-la-salud-de-las-familias\\\/\",\"name\":\"Armenta impulsa el saneamiento del agua para proteger la salud de las familias - Fer Abrajan\",\"isPartOf\":{\"@id\":\"https:\\\/\\\/ferabrajan.com\\\/portal\\\/#website\"},\"primaryImageOfPage\":{\"@id\":\"https:\\\/\\\/ferabrajan.com\\\/portal\\\/2025\\\/10\\\/06\\\/armenta-impulsa-el-saneamiento-del-agua-para-proteger-la-salud-de-las-familias\\\/#primaryimage\"},\"image\":{\"@id\":\"https:\\\/\\\/ferabrajan.com\\\/portal\\\/2025\\\/10\\\/06\\\/armenta-impulsa-el-saneamiento-del-agua-para-proteger-la-salud-de-las-familias\\\/#primaryimage\"},\"thumbnailUrl\":\"https:\\\/\\\/ferabrajan.com\\\/portal\\\/wp-content\\\/uploads\\\/2025\\\/10\\\/IMG_5836.jpeg\",\"datePublished\":\"2025-10-06T14:49:53+00:00\",\"description\":\"El mandatario Alejandro Armenta presidi\u00f3 la entrega de 35 sistemas de saneamiento a base de biodigestores, con una inversi\u00f3n de 3.5 millones de pesos y m\u00e1s de 200 beneficiados.\",\"breadcrumb\":{\"@id\":\"https:\\\/\\\/ferabrajan.com\\\/portal\\\/2025\\\/10\\\/06\\\/armenta-impulsa-el-saneamiento-del-agua-para-proteger-la-salud-de-las-familias\\\/#breadcrumb\"},\"inLanguage\":\"es\",\"potentialAction\":[{\"@type\":\"ReadAction\",\"target\":[\"https:\\\/\\\/ferabrajan.com\\\/portal\\\/2025\\\/10\\\/06\\\/armenta-impulsa-el-saneamiento-del-agua-para-proteger-la-salud-de-las-familias\\\/\"]}]},{\"@type\":\"ImageObject\",\"inLanguage\":\"es\",\"@id\":\"https:\\\/\\\/ferabrajan.com\\\/portal\\\/2025\\\/10\\\/06\\\/armenta-impulsa-el-saneamiento-del-agua-para-proteger-la-salud-de-las-familias\\\/#primaryimage\",\"url\":\"https:\\\/\\\/ferabrajan.com\\\/portal\\\/wp-content\\\/uploads\\\/2025\\\/10\\\/IMG_5836.jpeg\",\"contentUrl\":\"https:\\\/\\\/ferabrajan.com\\\/portal\\\/wp-content\\\/uploads\\\/2025\\\/10\\\/IMG_5836.jpeg\",\"width\":1280,\"height\":854},{\"@type\":\"BreadcrumbList\",\"@id\":\"https:\\\/\\\/ferabrajan.com\\\/portal\\\/2025\\\/10\\\/06\\\/armenta-impulsa-el-saneamiento-del-agua-para-proteger-la-salud-de-las-familias\\\/#breadcrumb\",\"itemListElement\":[{\"@type\":\"ListItem\",\"position\":1,\"name\":\"Portada\",\"item\":\"https:\\\/\\\/ferabrajan.com\\\/portal\\\/\"},{\"@type\":\"ListItem\",\"position\":2,\"name\":\"Armenta impulsa el saneamiento del agua para proteger la salud de las familias\"}]},{\"@type\":\"WebSite\",\"@id\":\"https:\\\/\\\/ferabrajan.com\\\/portal\\\/#website\",\"url\":\"https:\\\/\\\/ferabrajan.com\\\/portal\\\/\",\"name\":\"Fer Abrajan\",\"description\":\"Noticias de Puebla, opini\u00f3n y radio en vivo\",\"publisher\":{\"@id\":\"https:\\\/\\\/ferabrajan.com\\\/portal\\\/#organization\"},\"potentialAction\":[{\"@type\":\"SearchAction\",\"target\":{\"@type\":\"EntryPoint\",\"urlTemplate\":\"https:\\\/\\\/ferabrajan.com\\\/portal\\\/?s={search_term_string}\"},\"query-input\":{\"@type\":\"PropertyValueSpecification\",\"valueRequired\":true,\"valueName\":\"search_term_string\"}}],\"inLanguage\":\"es\"},{\"@type\":\"Organization\",\"@id\":\"https:\\\/\\\/ferabrajan.com\\\/portal\\\/#organization\",\"name\":\"Fer Abrajan\",\"url\":\"https:\\\/\\\/ferabrajan.com\\\/portal\\\/\",\"logo\":{\"@type\":\"ImageObject\",\"inLanguage\":\"es\",\"@id\":\"https:\\\/\\\/ferabrajan.com\\\/portal\\\/#\\\/schema\\\/logo\\\/image\\\/\",\"url\":\"https:\\\/\\\/ferabrajan.com\\\/portal\\\/wp-content\\\/uploads\\\/2024\\\/10\\\/cropped-logo.jpeg\",\"contentUrl\":\"https:\\\/\\\/ferabrajan.com\\\/portal\\\/wp-content\\\/uploads\\\/2024\\\/10\\\/cropped-logo.jpeg\",\"width\":500,\"height\":250,\"caption\":\"Fer Abrajan\"},\"image\":{\"@id\":\"https:\\\/\\\/ferabrajan.com\\\/portal\\\/#\\\/schema\\\/logo\\\/image\\\/\"},\"sameAs\":[\"https:\\\/\\\/www.facebook.com\\\/NoticiasconFerAbrajan\\\/\",\"https:\\\/\\\/x.com\\\/ferabrajan1\"]},{\"@type\":\"Person\",\"@id\":\"https:\\\/\\\/ferabrajan.com\\\/portal\\\/#\\\/schema\\\/person\\\/83ed4fff5d7e4c8edf481fa39f71acb2\",\"name\":\"Ismael Rojas\",\"image\":{\"@type\":\"ImageObject\",\"inLanguage\":\"es\",\"@id\":\"https:\\\/\\\/secure.gravatar.com\\\/avatar\\\/e4a9cb58548fedeb6143fa536c79b44c34454539235177c55c5819d74963e9d6?s=96&d=mm&r=g\",\"url\":\"https:\\\/\\\/secure.gravatar.com\\\/avatar\\\/e4a9cb58548fedeb6143fa536c79b44c34454539235177c55c5819d74963e9d6?s=96&d=mm&r=g\",\"contentUrl\":\"https:\\\/\\\/secure.gravatar.com\\\/avatar\\\/e4a9cb58548fedeb6143fa536c79b44c34454539235177c55c5819d74963e9d6?s=96&d=mm&r=g\",\"caption\":\"Ismael Rojas\"},\"url\":\"https:\\\/\\\/ferabrajan.com\\\/portal\\\/author\\\/ismael\\\/\"}]}<\/script>\n<!-- \/ Yoast SEO plugin. -->","yoast_head_json":{"title":"Armenta impulsa el saneamiento del agua para proteger la salud de las familias - Fer Abrajan","description":"El mandatario Alejandro Armenta presidi\u00f3 la entrega de 35 sistemas de saneamiento a base de biodigestores, con una inversi\u00f3n de 3.5 millones de pesos y m\u00e1s de 200 beneficiados.","robots":{"index":"index","follow":"follow","max-snippet":"max-snippet:-1","max-image-preview":"max-image-preview:large","max-video-preview":"max-video-preview:-1"},"canonical":"https:\/\/ferabrajan.com\/portal\/2025\/10\/06\/armenta-impulsa-el-saneamiento-del-agua-para-proteger-la-salud-de-las-familias\/","og_locale":"es_ES","og_type":"article","og_title":"Armenta impulsa el saneamiento del agua para proteger la salud de las familias - Fer Abrajan","og_description":"El mandatario Alejandro Armenta presidi\u00f3 la entrega de 35 sistemas de saneamiento a base de biodigestores, con una inversi\u00f3n de 3.5 millones de pesos y m\u00e1s de 200 beneficiados.","og_url":"https:\/\/ferabrajan.com\/portal\/2025\/10\/06\/armenta-impulsa-el-saneamiento-del-agua-para-proteger-la-salud-de-las-familias\/","og_site_name":"Fer Abrajan","article_publisher":"https:\/\/www.facebook.com\/NoticiasconFerAbrajan\/","article_published_time":"2025-10-06T14:49:53+00:00","og_image":[{"width":1280,"height":854,"url":"https:\/\/ferabrajan.com\/portal\/wp-content\/uploads\/2025\/10\/IMG_5836.jpeg","type":"image\/jpeg"}],"author":"Ismael Rojas","twitter_card":"summary_large_image","twitter_creator":"@ferabrajan1","twitter_site":"@ferabrajan1","twitter_misc":{"Escrito por":"Ismael Rojas","Tiempo de lectura":"2 minutos"},"schema":{"@context":"https:\/\/schema.org","@graph":[{"@type":"Article","@id":"https:\/\/ferabrajan.com\/portal\/2025\/10\/06\/armenta-impulsa-el-saneamiento-del-agua-para-proteger-la-salud-de-las-familias\/#article","isPartOf":{"@id":"https:\/\/ferabrajan.com\/portal\/2025\/10\/06\/armenta-impulsa-el-saneamiento-del-agua-para-proteger-la-salud-de-las-familias\/"},"author":{"name":"Ismael Rojas","@id":"https:\/\/ferabrajan.com\/portal\/#\/schema\/person\/83ed4fff5d7e4c8edf481fa39f71acb2"},"headline":"Armenta impulsa el saneamiento del agua para proteger la salud de las familias","datePublished":"2025-10-06T14:49:53+00:00","mainEntityOfPage":{"@id":"https:\/\/ferabrajan.com\/portal\/2025\/10\/06\/armenta-impulsa-el-saneamiento-del-agua-para-proteger-la-salud-de-las-familias\/"},"wordCount":373,"publisher":{"@id":"https:\/\/ferabrajan.com\/portal\/#organization"},"image":{"@id":"https:\/\/ferabrajan.com\/portal\/2025\/10\/06\/armenta-impulsa-el-saneamiento-del-agua-para-proteger-la-salud-de-las-familias\/#primaryimage"},"thumbnailUrl":"https:\/\/ferabrajan.com\/portal\/wp-content\/uploads\/2025\/10\/IMG_5836.jpeg","keywords":["Alejandro Armenta","saneamiento agua"],"articleSection":["Principal","Puebla"],"inLanguage":"es"},{"@type":"WebPage","@id":"https:\/\/ferabrajan.com\/portal\/2025\/10\/06\/armenta-impulsa-el-saneamiento-del-agua-para-proteger-la-salud-de-las-familias\/","url":"https:\/\/ferabrajan.com\/portal\/2025\/10\/06\/armenta-impulsa-el-saneamiento-del-agua-para-proteger-la-salud-de-las-familias\/","name":"Armenta impulsa el saneamiento del agua para proteger la salud de las familias - Fer Abrajan","isPartOf":{"@id":"https:\/\/ferabrajan.com\/portal\/#website"},"primaryImageOfPage":{"@id":"https:\/\/ferabrajan.com\/portal\/2025\/10\/06\/armenta-impulsa-el-saneamiento-del-agua-para-proteger-la-salud-de-las-familias\/#primaryimage"},"image":{"@id":"https:\/\/ferabrajan.com\/portal\/2025\/10\/06\/armenta-impulsa-el-saneamiento-del-agua-para-proteger-la-salud-de-las-familias\/#primaryimage"},"thumbnailUrl":"https:\/\/ferabrajan.com\/portal\/wp-content\/uploads\/2025\/10\/IMG_5836.jpeg","datePublished":"2025-10-06T14:49:53+00:00","description":"El mandatario Alejandro Armenta presidi\u00f3 la entrega de 35 sistemas de saneamiento a base de biodigestores, con una inversi\u00f3n de 3.5 millones de pesos y m\u00e1s de 200 beneficiados.","breadcrumb":{"@id":"https:\/\/ferabrajan.com\/portal\/2025\/10\/06\/armenta-impulsa-el-saneamiento-del-agua-para-proteger-la-salud-de-las-familias\/#breadcrumb"},"inLanguage":"es","potentialAction":[{"@type":"ReadAction","target":["https:\/\/ferabrajan.com\/portal\/2025\/10\/06\/armenta-impulsa-el-saneamiento-del-agua-para-proteger-la-salud-de-las-familias\/"]}]},{"@type":"ImageObject","inLanguage":"es","@id":"https:\/\/ferabrajan.com\/portal\/2025\/10\/06\/armenta-impulsa-el-saneamiento-del-agua-para-proteger-la-salud-de-las-familias\/#primaryimage","url":"https:\/\/ferabrajan.com\/portal\/wp-content\/uploads\/2025\/10\/IMG_5836.jpeg","contentUrl":"https:\/\/ferabrajan.com\/portal\/wp-content\/uploads\/2025\/10\/IMG_5836.jpeg","width":1280,"height":854},{"@type":"BreadcrumbList","@id":"https:\/\/ferabrajan.com\/portal\/2025\/10\/06\/armenta-impulsa-el-saneamiento-del-agua-para-proteger-la-salud-de-las-familias\/#breadcrumb","itemListElement":[{"@type":"ListItem","position":1,"name":"Portada","item":"https:\/\/ferabrajan.com\/portal\/"},{"@type":"ListItem","position":2,"name":"Armenta impulsa el saneamiento del agua para proteger la salud de las familias"}]},{"@type":"WebSite","@id":"https:\/\/ferabrajan.com\/portal\/#website","url":"https:\/\/ferabrajan.com\/portal\/","name":"Fer Abrajan","description":"Noticias de Puebla, opini\u00f3n y radio en vivo","publisher":{"@id":"https:\/\/ferabrajan.com\/portal\/#organization"},"potentialAction":[{"@type":"SearchAction","target":{"@type":"EntryPoint","urlTemplate":"https:\/\/ferabrajan.com\/portal\/?s={search_term_string}"},"query-input":{"@type":"PropertyValueSpecification","valueRequired":true,"valueName":"search_term_string"}}],"inLanguage":"es"},{"@type":"Organization","@id":"https:\/\/ferabrajan.com\/portal\/#organization","name":"Fer Abrajan","url":"https:\/\/ferabrajan.com\/portal\/","logo":{"@type":"ImageObject","inLanguage":"es","@id":"https:\/\/ferabrajan.com\/portal\/#\/schema\/logo\/image\/","url":"https:\/\/ferabrajan.com\/portal\/wp-content\/uploads\/2024\/10\/cropped-logo.jpeg","contentUrl":"https:\/\/ferabrajan.com\/portal\/wp-content\/uploads\/2024\/10\/cropped-logo.jpeg","width":500,"height":250,"caption":"Fer Abrajan"},"image":{"@id":"https:\/\/ferabrajan.com\/portal\/#\/schema\/logo\/image\/"},"sameAs":["https:\/\/www.facebook.com\/NoticiasconFerAbrajan\/","https:\/\/x.com\/ferabrajan1"]},{"@type":"Person","@id":"https:\/\/ferabrajan.com\/portal\/#\/schema\/person\/83ed4fff5d7e4c8edf481fa39f71acb2","name":"Ismael Rojas","image":{"@type":"ImageObject","inLanguage":"es","@id":"https:\/\/secure.gravatar.com\/avatar\/e4a9cb58548fedeb6143fa536c79b44c34454539235177c55c5819d74963e9d6?s=96&d=mm&r=g","url":"https:\/\/secure.gravatar.com\/avatar\/e4a9cb58548fedeb6143fa536c79b44c34454539235177c55c5819d74963e9d6?s=96&d=mm&r=g","contentUrl":"https:\/\/secure.gravatar.com\/avatar\/e4a9cb58548fedeb6143fa536c79b44c34454539235177c55c5819d74963e9d6?s=96&d=mm&r=g","caption":"Ismael Rojas"},"url":"https:\/\/ferabrajan.com\/portal\/author\/ismael\/"}]}},"_links":{"self":[{"href":"https:\/\/ferabrajan.com\/portal\/wp-json\/wp\/v2\/posts\/76713","targetHints":{"allow":["GET"]}}],"collection":[{"href":"https:\/\/ferabrajan.com\/portal\/wp-json\/wp\/v2\/posts"}],"about":[{"href":"https:\/\/ferabrajan.com\/portal\/wp-json\/wp\/v2\/types\/post"}],"author":[{"embeddable":true,"href":"https:\/\/ferabrajan.com\/portal\/wp-json\/wp\/v2\/users\/4"}],"replies":[{"embeddable":true,"href":"https:\/\/ferabrajan.com\/portal\/wp-json\/wp\/v2\/comments?post=76713"}],"version-history":[{"count":1,"href":"https:\/\/ferabrajan.com\/portal\/wp-json\/wp\/v2\/posts\/76713\/revisions"}],"predecessor-version":[{"id":76715,"href":"https:\/\/ferabrajan.com\/portal\/wp-json\/wp\/v2\/posts\/76713\/revisions\/76715"}],"wp:featuredmedia":[{"embeddable":true,"href":"https:\/\/ferabrajan.com\/portal\/wp-json\/wp\/v2\/media\/76714"}],"wp:attachment":[{"href":"https:\/\/ferabrajan.com\/portal\/wp-json\/wp\/v2\/media?parent=76713"}],"wp:term":[{"taxonomy":"category","embeddable":true,"href":"https:\/\/ferabrajan.com\/portal\/wp-json\/wp\/v2\/categories?post=76713"},{"taxonomy":"post_tag","embeddable":true,"href":"https:\/\/ferabrajan.com\/portal\/wp-json\/wp\/v2\/tags?post=76713"}],"curies":[{"name":"wp","href":"https:\/\/api.w.org\/{rel}","templated":true}]}}