{"id":76708,"date":"2025-10-06T14:35:34","date_gmt":"2025-10-06T14:35:34","guid":{"rendered":"https:\/\/ferabrajan.com\/portal\/?p=76708"},"modified":"2025-10-06T14:35:34","modified_gmt":"2025-10-06T14:35:34","slug":"puebla-respalda-la-transformacion-de-mexico-junto-a-sheinbaum","status":"publish","type":"post","link":"https:\/\/ferabrajan.com\/portal\/2025\/10\/06\/puebla-respalda-la-transformacion-de-mexico-junto-a-sheinbaum\/","title":{"rendered":"Puebla respalda la transformaci\u00f3n de M\u00e9xico junto a Sheinbaum"},"content":{"rendered":"<p data-start=\"69\" data-end=\"343\"><strong data-start=\"69\" data-end=\"91\">CIUDAD DE M\u00c9XICO.\u2013<\/strong> En un Z\u00f3calo lleno de energ\u00eda y esperanza, <strong data-start=\"135\" data-end=\"170\">el gobernador Alejandro Armenta<\/strong> acompa\u00f1\u00f3 a la presidenta <strong data-start=\"196\" data-end=\"217\">Claudia Sheinbaum<\/strong> durante su <strong data-start=\"229\" data-end=\"259\">primer informe de gobierno<\/strong>, un acto que sell\u00f3 la cercan\u00eda y coordinaci\u00f3n entre los tres \u00f3rdenes de gobierno.<\/p>\n<p data-start=\"345\" data-end=\"633\">\u201c<strong data-start=\"346\" data-end=\"503\">No les voy a fallar, mi compromiso es con el pueblo y sigue siendo entregar mi alma, mi vida y lo mejor de m\u00ed misma por el bienestar del pueblo de M\u00e9xico<\/strong>\u201d, afirm\u00f3 Sheinbaum frente a miles de asistentes, en un mensaje que marc\u00f3 el cierre de su gira nacional de rendici\u00f3n de cuentas.<\/p>\n<p data-start=\"635\" data-end=\"967\">Durante su intervenci\u00f3n, la mandataria destac\u00f3 que <strong data-start=\"686\" data-end=\"759\">M\u00e9xico transita por un camino de justicia social, dignidad y derechos<\/strong>, con avances tangibles en seguridad, bienestar y desarrollo tecnol\u00f3gico. \u201c<strong data-start=\"834\" data-end=\"866\">Vivimos un momento hist\u00f3rico<\/strong>, un gobierno del pueblo, por el pueblo y para el pueblo\u201d, subray\u00f3 la primera presidenta de M\u00e9xico.<\/p>\n<p data-start=\"969\" data-end=\"1225\">Entre los logros expuestos, <strong data-start=\"997\" data-end=\"1086\">Puebla se posicion\u00f3 como uno de los estados con mayor reducci\u00f3n en homicidios dolosos<\/strong>, con una baja del <strong data-start=\"1105\" data-end=\"1122\">45 por ciento<\/strong>, resultado del trabajo coordinado en seguridad e inteligencia entre federaci\u00f3n, estado y municipios.<\/p>\n<p data-start=\"969\" data-end=\"1225\"><img fetchpriority=\"high\" decoding=\"async\" class=\"alignnone size-medium wp-image-76709\" src=\"https:\/\/ferabrajan.com\/portal\/wp-content\/uploads\/2025\/10\/IMG_5842-300x200.jpeg\" alt=\"\" width=\"300\" height=\"200\" srcset=\"https:\/\/ferabrajan.com\/portal\/wp-content\/uploads\/2025\/10\/IMG_5842-300x200.jpeg 300w, https:\/\/ferabrajan.com\/portal\/wp-content\/uploads\/2025\/10\/IMG_5842-1024x683.jpeg 1024w, https:\/\/ferabrajan.com\/portal\/wp-content\/uploads\/2025\/10\/IMG_5842-768x512.jpeg 768w, https:\/\/ferabrajan.com\/portal\/wp-content\/uploads\/2025\/10\/IMG_5842.jpeg 1280w\" sizes=\"(max-width: 300px) 100vw, 300px\" \/><\/p>\n<p data-start=\"1227\" data-end=\"1598\">Sheinbaum tambi\u00e9n reconoci\u00f3 el papel estrat\u00e9gico de la entidad en proyectos de innovaci\u00f3n y sostenibilidad. <strong data-start=\"1335\" data-end=\"1354\">San Jos\u00e9 Chiapa<\/strong> se consolida como <strong data-start=\"1373\" data-end=\"1418\">Capital de la Tecnolog\u00eda y Sostenibilidad<\/strong>, sede del dise\u00f1o del primer auto el\u00e9ctrico hecho en M\u00e9xico, <strong data-start=\"1479\" data-end=\"1491\">\u201cOlinia\u201d<\/strong>, y de la <strong data-start=\"1501\" data-end=\"1548\">Casa de Dise\u00f1o de Semiconductores \u201cKutsari\u201d<\/strong>, pilares del nuevo impulso industrial del pa\u00eds.<\/p>\n<p data-start=\"1600\" data-end=\"1959\">En materia ambiental, resalt\u00f3 la participaci\u00f3n poblana en el <strong data-start=\"1661\" data-end=\"1687\">rescate del R\u00edo Atoyac<\/strong>, dentro de los programas de agua potable y saneamiento. En educaci\u00f3n, anunci\u00f3 que Puebla contar\u00e1 con un <strong data-start=\"1792\" data-end=\"1840\">campus de la Universidad Rosario Castellanos<\/strong>, mientras que en salud, se prev\u00e9 la apertura del <strong data-start=\"1890\" data-end=\"1927\">Hospital General de San Alejandro<\/strong> antes de que finalice el a\u00f1o.<\/p>\n<p data-start=\"1961\" data-end=\"2244\">Con cifras que reflejan <strong data-start=\"1985\" data-end=\"2053\">crecimiento econ\u00f3mico, reducci\u00f3n de pobreza y estabilidad social<\/strong>, la presidenta asegur\u00f3 que <strong data-start=\"2081\" data-end=\"2136\">13.5 millones de mexicanos han salido de la pobreza<\/strong> en este primer a\u00f1o, gracias a la consolidaci\u00f3n de <strong data-start=\"2187\" data-end=\"2216\">19 reformas estructurales<\/strong> y programas de bienestar.<\/p>\n<p data-start=\"2246\" data-end=\"2426\">\u201c<strong data-start=\"2247\" data-end=\"2279\">Vamos por el camino correcto<\/strong>\u201d, concluy\u00f3 Sheinbaum. \u201c<strong data-start=\"2303\" data-end=\"2422\">Estamos de pie con la fuerza de nuestra historia, el orgullo de nuestro presente y la esperanza de nuestro porvenir<\/strong>.\u201d<\/p>\n","protected":false},"excerpt":{"rendered":"<p>El gobernador Alejandro Armenta, estuvo presente durante el primer informe de la mandataria en el Z\u00f3calo capitalino.<\/p>\n","protected":false},"author":3,"featured_media":76710,"comment_status":"closed","ping_status":"closed","sticky":false,"template":"","format":"standard","meta":{"_monsterinsights_skip_tracking":false,"_uf_show_specific_survey":0,"_uf_disable_surveys":false,"footnotes":""},"categories":[585,34],"tags":[106,601],"class_list":["post-76708","post","type-post","status-publish","format-standard","has-post-thumbnail","hentry","category-principal","category-puebla","tag-alejandro-armenta","tag-claudia-sheinbaum"],"yoast_head":"<!-- This site is optimized with the Yoast SEO plugin v27.5 - https:\/\/yoast.com\/product\/yoast-seo-wordpress\/ -->\n<title>Puebla respalda la transformaci\u00f3n de M\u00e9xico junto a Sheinbaum - Fer Abrajan<\/title>\n<meta name=\"description\" content=\"El gobernador Alejandro Armenta, estuvo presente durante el primer informe de la mandataria en el Z\u00f3calo capitalino.\" \/>\n<meta name=\"robots\" content=\"index, follow, max-snippet:-1, max-image-preview:large, max-video-preview:-1\" \/>\n<link rel=\"canonical\" href=\"https:\/\/ferabrajan.com\/portal\/2025\/10\/06\/puebla-respalda-la-transformacion-de-mexico-junto-a-sheinbaum\/\" \/>\n<meta property=\"og:locale\" content=\"es_ES\" \/>\n<meta property=\"og:type\" content=\"article\" \/>\n<meta property=\"og:title\" content=\"Puebla respalda la transformaci\u00f3n de M\u00e9xico junto a Sheinbaum - Fer Abrajan\" \/>\n<meta property=\"og:description\" content=\"El gobernador Alejandro Armenta, estuvo presente durante el primer informe de la mandataria en el Z\u00f3calo capitalino.\" \/>\n<meta property=\"og:url\" content=\"https:\/\/ferabrajan.com\/portal\/2025\/10\/06\/puebla-respalda-la-transformacion-de-mexico-junto-a-sheinbaum\/\" \/>\n<meta property=\"og:site_name\" content=\"Fer Abrajan\" \/>\n<meta property=\"article:publisher\" content=\"https:\/\/www.facebook.com\/NoticiasconFerAbrajan\/\" \/>\n<meta property=\"article:published_time\" content=\"2025-10-06T14:35:34+00:00\" \/>\n<meta property=\"og:image\" content=\"https:\/\/ferabrajan.com\/portal\/wp-content\/uploads\/2025\/10\/IMG_5839.jpeg\" \/>\n\t<meta property=\"og:image:width\" content=\"1600\" \/>\n\t<meta property=\"og:image:height\" content=\"1064\" \/>\n\t<meta property=\"og:image:type\" content=\"image\/jpeg\" \/>\n<meta name=\"author\" content=\"Rebeca N\u00fa\u00f1ez\" \/>\n<meta name=\"twitter:card\" content=\"summary_large_image\" \/>\n<meta name=\"twitter:creator\" content=\"@ferabrajan1\" \/>\n<meta name=\"twitter:site\" content=\"@ferabrajan1\" \/>\n<meta name=\"twitter:label1\" content=\"Escrito por\" \/>\n\t<meta name=\"twitter:data1\" content=\"Rebeca N\u00fa\u00f1ez\" \/>\n\t<meta name=\"twitter:label2\" content=\"Tiempo de lectura\" \/>\n\t<meta name=\"twitter:data2\" content=\"3 minutos\" \/>\n<script type=\"application\/ld+json\" class=\"yoast-schema-graph\">{\"@context\":\"https:\\\/\\\/schema.org\",\"@graph\":[{\"@type\":\"Article\",\"@id\":\"https:\\\/\\\/ferabrajan.com\\\/portal\\\/2025\\\/10\\\/06\\\/puebla-respalda-la-transformacion-de-mexico-junto-a-sheinbaum\\\/#article\",\"isPartOf\":{\"@id\":\"https:\\\/\\\/ferabrajan.com\\\/portal\\\/2025\\\/10\\\/06\\\/puebla-respalda-la-transformacion-de-mexico-junto-a-sheinbaum\\\/\"},\"author\":{\"name\":\"Rebeca N\u00fa\u00f1ez\",\"@id\":\"https:\\\/\\\/ferabrajan.com\\\/portal\\\/#\\\/schema\\\/person\\\/a79364e0091921e733584c4833bc7a50\"},\"headline\":\"Puebla respalda la transformaci\u00f3n de M\u00e9xico junto a Sheinbaum\",\"datePublished\":\"2025-10-06T14:35:34+00:00\",\"mainEntityOfPage\":{\"@id\":\"https:\\\/\\\/ferabrajan.com\\\/portal\\\/2025\\\/10\\\/06\\\/puebla-respalda-la-transformacion-de-mexico-junto-a-sheinbaum\\\/\"},\"wordCount\":398,\"publisher\":{\"@id\":\"https:\\\/\\\/ferabrajan.com\\\/portal\\\/#organization\"},\"image\":{\"@id\":\"https:\\\/\\\/ferabrajan.com\\\/portal\\\/2025\\\/10\\\/06\\\/puebla-respalda-la-transformacion-de-mexico-junto-a-sheinbaum\\\/#primaryimage\"},\"thumbnailUrl\":\"https:\\\/\\\/ferabrajan.com\\\/portal\\\/wp-content\\\/uploads\\\/2025\\\/10\\\/IMG_5839.jpeg\",\"keywords\":[\"Alejandro Armenta\",\"Claudia Sheinbaum\"],\"articleSection\":[\"Principal\",\"Puebla\"],\"inLanguage\":\"es\"},{\"@type\":\"WebPage\",\"@id\":\"https:\\\/\\\/ferabrajan.com\\\/portal\\\/2025\\\/10\\\/06\\\/puebla-respalda-la-transformacion-de-mexico-junto-a-sheinbaum\\\/\",\"url\":\"https:\\\/\\\/ferabrajan.com\\\/portal\\\/2025\\\/10\\\/06\\\/puebla-respalda-la-transformacion-de-mexico-junto-a-sheinbaum\\\/\",\"name\":\"Puebla respalda la transformaci\u00f3n de M\u00e9xico junto a Sheinbaum - Fer Abrajan\",\"isPartOf\":{\"@id\":\"https:\\\/\\\/ferabrajan.com\\\/portal\\\/#website\"},\"primaryImageOfPage\":{\"@id\":\"https:\\\/\\\/ferabrajan.com\\\/portal\\\/2025\\\/10\\\/06\\\/puebla-respalda-la-transformacion-de-mexico-junto-a-sheinbaum\\\/#primaryimage\"},\"image\":{\"@id\":\"https:\\\/\\\/ferabrajan.com\\\/portal\\\/2025\\\/10\\\/06\\\/puebla-respalda-la-transformacion-de-mexico-junto-a-sheinbaum\\\/#primaryimage\"},\"thumbnailUrl\":\"https:\\\/\\\/ferabrajan.com\\\/portal\\\/wp-content\\\/uploads\\\/2025\\\/10\\\/IMG_5839.jpeg\",\"datePublished\":\"2025-10-06T14:35:34+00:00\",\"description\":\"El gobernador Alejandro Armenta, estuvo presente durante el primer informe de la mandataria en el Z\u00f3calo capitalino.\",\"breadcrumb\":{\"@id\":\"https:\\\/\\\/ferabrajan.com\\\/portal\\\/2025\\\/10\\\/06\\\/puebla-respalda-la-transformacion-de-mexico-junto-a-sheinbaum\\\/#breadcrumb\"},\"inLanguage\":\"es\",\"potentialAction\":[{\"@type\":\"ReadAction\",\"target\":[\"https:\\\/\\\/ferabrajan.com\\\/portal\\\/2025\\\/10\\\/06\\\/puebla-respalda-la-transformacion-de-mexico-junto-a-sheinbaum\\\/\"]}]},{\"@type\":\"ImageObject\",\"inLanguage\":\"es\",\"@id\":\"https:\\\/\\\/ferabrajan.com\\\/portal\\\/2025\\\/10\\\/06\\\/puebla-respalda-la-transformacion-de-mexico-junto-a-sheinbaum\\\/#primaryimage\",\"url\":\"https:\\\/\\\/ferabrajan.com\\\/portal\\\/wp-content\\\/uploads\\\/2025\\\/10\\\/IMG_5839.jpeg\",\"contentUrl\":\"https:\\\/\\\/ferabrajan.com\\\/portal\\\/wp-content\\\/uploads\\\/2025\\\/10\\\/IMG_5839.jpeg\",\"width\":1600,\"height\":1064},{\"@type\":\"BreadcrumbList\",\"@id\":\"https:\\\/\\\/ferabrajan.com\\\/portal\\\/2025\\\/10\\\/06\\\/puebla-respalda-la-transformacion-de-mexico-junto-a-sheinbaum\\\/#breadcrumb\",\"itemListElement\":[{\"@type\":\"ListItem\",\"position\":1,\"name\":\"Portada\",\"item\":\"https:\\\/\\\/ferabrajan.com\\\/portal\\\/\"},{\"@type\":\"ListItem\",\"position\":2,\"name\":\"Puebla respalda la transformaci\u00f3n de M\u00e9xico junto a Sheinbaum\"}]},{\"@type\":\"WebSite\",\"@id\":\"https:\\\/\\\/ferabrajan.com\\\/portal\\\/#website\",\"url\":\"https:\\\/\\\/ferabrajan.com\\\/portal\\\/\",\"name\":\"Fer Abrajan\",\"description\":\"Noticias de Puebla, opini\u00f3n y radio en vivo\",\"publisher\":{\"@id\":\"https:\\\/\\\/ferabrajan.com\\\/portal\\\/#organization\"},\"potentialAction\":[{\"@type\":\"SearchAction\",\"target\":{\"@type\":\"EntryPoint\",\"urlTemplate\":\"https:\\\/\\\/ferabrajan.com\\\/portal\\\/?s={search_term_string}\"},\"query-input\":{\"@type\":\"PropertyValueSpecification\",\"valueRequired\":true,\"valueName\":\"search_term_string\"}}],\"inLanguage\":\"es\"},{\"@type\":\"Organization\",\"@id\":\"https:\\\/\\\/ferabrajan.com\\\/portal\\\/#organization\",\"name\":\"Fer Abrajan\",\"url\":\"https:\\\/\\\/ferabrajan.com\\\/portal\\\/\",\"logo\":{\"@type\":\"ImageObject\",\"inLanguage\":\"es\",\"@id\":\"https:\\\/\\\/ferabrajan.com\\\/portal\\\/#\\\/schema\\\/logo\\\/image\\\/\",\"url\":\"https:\\\/\\\/ferabrajan.com\\\/portal\\\/wp-content\\\/uploads\\\/2024\\\/10\\\/cropped-logo.jpeg\",\"contentUrl\":\"https:\\\/\\\/ferabrajan.com\\\/portal\\\/wp-content\\\/uploads\\\/2024\\\/10\\\/cropped-logo.jpeg\",\"width\":500,\"height\":250,\"caption\":\"Fer Abrajan\"},\"image\":{\"@id\":\"https:\\\/\\\/ferabrajan.com\\\/portal\\\/#\\\/schema\\\/logo\\\/image\\\/\"},\"sameAs\":[\"https:\\\/\\\/www.facebook.com\\\/NoticiasconFerAbrajan\\\/\",\"https:\\\/\\\/x.com\\\/ferabrajan1\"]},{\"@type\":\"Person\",\"@id\":\"https:\\\/\\\/ferabrajan.com\\\/portal\\\/#\\\/schema\\\/person\\\/a79364e0091921e733584c4833bc7a50\",\"name\":\"Rebeca N\u00fa\u00f1ez\",\"image\":{\"@type\":\"ImageObject\",\"inLanguage\":\"es\",\"@id\":\"https:\\\/\\\/secure.gravatar.com\\\/avatar\\\/c9cbf721287e849268cd37eca93cf4be51b2eed9e71c8d0c6825bd912000b74e?s=96&d=mm&r=g\",\"url\":\"https:\\\/\\\/secure.gravatar.com\\\/avatar\\\/c9cbf721287e849268cd37eca93cf4be51b2eed9e71c8d0c6825bd912000b74e?s=96&d=mm&r=g\",\"contentUrl\":\"https:\\\/\\\/secure.gravatar.com\\\/avatar\\\/c9cbf721287e849268cd37eca93cf4be51b2eed9e71c8d0c6825bd912000b74e?s=96&d=mm&r=g\",\"caption\":\"Rebeca N\u00fa\u00f1ez\"},\"url\":\"https:\\\/\\\/ferabrajan.com\\\/portal\\\/author\\\/rebeca\\\/\"}]}<\/script>\n<!-- \/ Yoast SEO plugin. -->","yoast_head_json":{"title":"Puebla respalda la transformaci\u00f3n de M\u00e9xico junto a Sheinbaum - Fer Abrajan","description":"El gobernador Alejandro Armenta, estuvo presente durante el primer informe de la mandataria en el Z\u00f3calo capitalino.","robots":{"index":"index","follow":"follow","max-snippet":"max-snippet:-1","max-image-preview":"max-image-preview:large","max-video-preview":"max-video-preview:-1"},"canonical":"https:\/\/ferabrajan.com\/portal\/2025\/10\/06\/puebla-respalda-la-transformacion-de-mexico-junto-a-sheinbaum\/","og_locale":"es_ES","og_type":"article","og_title":"Puebla respalda la transformaci\u00f3n de M\u00e9xico junto a Sheinbaum - Fer Abrajan","og_description":"El gobernador Alejandro Armenta, estuvo presente durante el primer informe de la mandataria en el Z\u00f3calo capitalino.","og_url":"https:\/\/ferabrajan.com\/portal\/2025\/10\/06\/puebla-respalda-la-transformacion-de-mexico-junto-a-sheinbaum\/","og_site_name":"Fer Abrajan","article_publisher":"https:\/\/www.facebook.com\/NoticiasconFerAbrajan\/","article_published_time":"2025-10-06T14:35:34+00:00","og_image":[{"width":1600,"height":1064,"url":"https:\/\/ferabrajan.com\/portal\/wp-content\/uploads\/2025\/10\/IMG_5839.jpeg","type":"image\/jpeg"}],"author":"Rebeca N\u00fa\u00f1ez","twitter_card":"summary_large_image","twitter_creator":"@ferabrajan1","twitter_site":"@ferabrajan1","twitter_misc":{"Escrito por":"Rebeca N\u00fa\u00f1ez","Tiempo de lectura":"3 minutos"},"schema":{"@context":"https:\/\/schema.org","@graph":[{"@type":"Article","@id":"https:\/\/ferabrajan.com\/portal\/2025\/10\/06\/puebla-respalda-la-transformacion-de-mexico-junto-a-sheinbaum\/#article","isPartOf":{"@id":"https:\/\/ferabrajan.com\/portal\/2025\/10\/06\/puebla-respalda-la-transformacion-de-mexico-junto-a-sheinbaum\/"},"author":{"name":"Rebeca N\u00fa\u00f1ez","@id":"https:\/\/ferabrajan.com\/portal\/#\/schema\/person\/a79364e0091921e733584c4833bc7a50"},"headline":"Puebla respalda la transformaci\u00f3n de M\u00e9xico junto a Sheinbaum","datePublished":"2025-10-06T14:35:34+00:00","mainEntityOfPage":{"@id":"https:\/\/ferabrajan.com\/portal\/2025\/10\/06\/puebla-respalda-la-transformacion-de-mexico-junto-a-sheinbaum\/"},"wordCount":398,"publisher":{"@id":"https:\/\/ferabrajan.com\/portal\/#organization"},"image":{"@id":"https:\/\/ferabrajan.com\/portal\/2025\/10\/06\/puebla-respalda-la-transformacion-de-mexico-junto-a-sheinbaum\/#primaryimage"},"thumbnailUrl":"https:\/\/ferabrajan.com\/portal\/wp-content\/uploads\/2025\/10\/IMG_5839.jpeg","keywords":["Alejandro Armenta","Claudia Sheinbaum"],"articleSection":["Principal","Puebla"],"inLanguage":"es"},{"@type":"WebPage","@id":"https:\/\/ferabrajan.com\/portal\/2025\/10\/06\/puebla-respalda-la-transformacion-de-mexico-junto-a-sheinbaum\/","url":"https:\/\/ferabrajan.com\/portal\/2025\/10\/06\/puebla-respalda-la-transformacion-de-mexico-junto-a-sheinbaum\/","name":"Puebla respalda la transformaci\u00f3n de M\u00e9xico junto a Sheinbaum - Fer Abrajan","isPartOf":{"@id":"https:\/\/ferabrajan.com\/portal\/#website"},"primaryImageOfPage":{"@id":"https:\/\/ferabrajan.com\/portal\/2025\/10\/06\/puebla-respalda-la-transformacion-de-mexico-junto-a-sheinbaum\/#primaryimage"},"image":{"@id":"https:\/\/ferabrajan.com\/portal\/2025\/10\/06\/puebla-respalda-la-transformacion-de-mexico-junto-a-sheinbaum\/#primaryimage"},"thumbnailUrl":"https:\/\/ferabrajan.com\/portal\/wp-content\/uploads\/2025\/10\/IMG_5839.jpeg","datePublished":"2025-10-06T14:35:34+00:00","description":"El gobernador Alejandro Armenta, estuvo presente durante el primer informe de la mandataria en el Z\u00f3calo capitalino.","breadcrumb":{"@id":"https:\/\/ferabrajan.com\/portal\/2025\/10\/06\/puebla-respalda-la-transformacion-de-mexico-junto-a-sheinbaum\/#breadcrumb"},"inLanguage":"es","potentialAction":[{"@type":"ReadAction","target":["https:\/\/ferabrajan.com\/portal\/2025\/10\/06\/puebla-respalda-la-transformacion-de-mexico-junto-a-sheinbaum\/"]}]},{"@type":"ImageObject","inLanguage":"es","@id":"https:\/\/ferabrajan.com\/portal\/2025\/10\/06\/puebla-respalda-la-transformacion-de-mexico-junto-a-sheinbaum\/#primaryimage","url":"https:\/\/ferabrajan.com\/portal\/wp-content\/uploads\/2025\/10\/IMG_5839.jpeg","contentUrl":"https:\/\/ferabrajan.com\/portal\/wp-content\/uploads\/2025\/10\/IMG_5839.jpeg","width":1600,"height":1064},{"@type":"BreadcrumbList","@id":"https:\/\/ferabrajan.com\/portal\/2025\/10\/06\/puebla-respalda-la-transformacion-de-mexico-junto-a-sheinbaum\/#breadcrumb","itemListElement":[{"@type":"ListItem","position":1,"name":"Portada","item":"https:\/\/ferabrajan.com\/portal\/"},{"@type":"ListItem","position":2,"name":"Puebla respalda la transformaci\u00f3n de M\u00e9xico junto a Sheinbaum"}]},{"@type":"WebSite","@id":"https:\/\/ferabrajan.com\/portal\/#website","url":"https:\/\/ferabrajan.com\/portal\/","name":"Fer Abrajan","description":"Noticias de Puebla, opini\u00f3n y radio en vivo","publisher":{"@id":"https:\/\/ferabrajan.com\/portal\/#organization"},"potentialAction":[{"@type":"SearchAction","target":{"@type":"EntryPoint","urlTemplate":"https:\/\/ferabrajan.com\/portal\/?s={search_term_string}"},"query-input":{"@type":"PropertyValueSpecification","valueRequired":true,"valueName":"search_term_string"}}],"inLanguage":"es"},{"@type":"Organization","@id":"https:\/\/ferabrajan.com\/portal\/#organization","name":"Fer Abrajan","url":"https:\/\/ferabrajan.com\/portal\/","logo":{"@type":"ImageObject","inLanguage":"es","@id":"https:\/\/ferabrajan.com\/portal\/#\/schema\/logo\/image\/","url":"https:\/\/ferabrajan.com\/portal\/wp-content\/uploads\/2024\/10\/cropped-logo.jpeg","contentUrl":"https:\/\/ferabrajan.com\/portal\/wp-content\/uploads\/2024\/10\/cropped-logo.jpeg","width":500,"height":250,"caption":"Fer Abrajan"},"image":{"@id":"https:\/\/ferabrajan.com\/portal\/#\/schema\/logo\/image\/"},"sameAs":["https:\/\/www.facebook.com\/NoticiasconFerAbrajan\/","https:\/\/x.com\/ferabrajan1"]},{"@type":"Person","@id":"https:\/\/ferabrajan.com\/portal\/#\/schema\/person\/a79364e0091921e733584c4833bc7a50","name":"Rebeca N\u00fa\u00f1ez","image":{"@type":"ImageObject","inLanguage":"es","@id":"https:\/\/secure.gravatar.com\/avatar\/c9cbf721287e849268cd37eca93cf4be51b2eed9e71c8d0c6825bd912000b74e?s=96&d=mm&r=g","url":"https:\/\/secure.gravatar.com\/avatar\/c9cbf721287e849268cd37eca93cf4be51b2eed9e71c8d0c6825bd912000b74e?s=96&d=mm&r=g","contentUrl":"https:\/\/secure.gravatar.com\/avatar\/c9cbf721287e849268cd37eca93cf4be51b2eed9e71c8d0c6825bd912000b74e?s=96&d=mm&r=g","caption":"Rebeca N\u00fa\u00f1ez"},"url":"https:\/\/ferabrajan.com\/portal\/author\/rebeca\/"}]}},"_links":{"self":[{"href":"https:\/\/ferabrajan.com\/portal\/wp-json\/wp\/v2\/posts\/76708","targetHints":{"allow":["GET"]}}],"collection":[{"href":"https:\/\/ferabrajan.com\/portal\/wp-json\/wp\/v2\/posts"}],"about":[{"href":"https:\/\/ferabrajan.com\/portal\/wp-json\/wp\/v2\/types\/post"}],"author":[{"embeddable":true,"href":"https:\/\/ferabrajan.com\/portal\/wp-json\/wp\/v2\/users\/3"}],"replies":[{"embeddable":true,"href":"https:\/\/ferabrajan.com\/portal\/wp-json\/wp\/v2\/comments?post=76708"}],"version-history":[{"count":2,"href":"https:\/\/ferabrajan.com\/portal\/wp-json\/wp\/v2\/posts\/76708\/revisions"}],"predecessor-version":[{"id":76712,"href":"https:\/\/ferabrajan.com\/portal\/wp-json\/wp\/v2\/posts\/76708\/revisions\/76712"}],"wp:featuredmedia":[{"embeddable":true,"href":"https:\/\/ferabrajan.com\/portal\/wp-json\/wp\/v2\/media\/76710"}],"wp:attachment":[{"href":"https:\/\/ferabrajan.com\/portal\/wp-json\/wp\/v2\/media?parent=76708"}],"wp:term":[{"taxonomy":"category","embeddable":true,"href":"https:\/\/ferabrajan.com\/portal\/wp-json\/wp\/v2\/categories?post=76708"},{"taxonomy":"post_tag","embeddable":true,"href":"https:\/\/ferabrajan.com\/portal\/wp-json\/wp\/v2\/tags?post=76708"}],"curies":[{"name":"wp","href":"https:\/\/api.w.org\/{rel}","templated":true}]}}