{"id":76698,"date":"2025-10-05T16:16:48","date_gmt":"2025-10-05T16:16:48","guid":{"rendered":"https:\/\/ferabrajan.com\/portal\/?p=76698"},"modified":"2025-10-05T16:30:00","modified_gmt":"2025-10-05T16:30:00","slug":"cholula-impulsa-participacion-ciudadana-con-nuevos-consejos-sectoriales","status":"publish","type":"post","link":"https:\/\/ferabrajan.com\/portal\/2025\/10\/05\/cholula-impulsa-participacion-ciudadana-con-nuevos-consejos-sectoriales\/","title":{"rendered":"San Pedro Cholula impulsa participaci\u00f3n ciudadana con nuevos consejos sectoriales"},"content":{"rendered":"<p data-start=\"300\" data-end=\"611\"><strong data-start=\"300\" data-end=\"327\">SAN PEDRO CHOLULA, Pue.<\/strong> \u2014 Con el prop\u00f3sito de fortalecer la voz ciudadana en las decisiones del gobierno, la presidenta municipal <strong data-start=\"434\" data-end=\"457\">Tonantzin Fern\u00e1ndez<\/strong> encabez\u00f3 la <strong data-start=\"470\" data-end=\"533\">toma de protesta de los Consejos de Participaci\u00f3n Ciudadana<\/strong>, integrados por representantes y especialistas de diversos sectores sociales.<\/p>\n<p data-start=\"613\" data-end=\"872\">Durante el acto, la alcaldesa subray\u00f3 que <strong data-start=\"655\" data-end=\"765\">la participaci\u00f3n activa de la gente es esencial para construir un gobierno cercano y con resultados reales<\/strong>.<br data-start=\"766\" data-end=\"769\" \/>\u201c<strong data-start=\"770\" data-end=\"861\">Escuchar a las y los ciudadanos es la base de una administraci\u00f3n que trabaja para todos<\/strong>\u201d, expres\u00f3.<\/p>\n<p data-start=\"874\" data-end=\"1222\">Acompa\u00f1ada por el titular de la Secretar\u00eda de Gobernaci\u00f3n municipal, <strong data-start=\"943\" data-end=\"962\">Carlos Carrillo<\/strong>, quien destac\u00f3 la importancia de este mecanismo para conocer las inquietudes de la poblaci\u00f3n, Fern\u00e1ndez agradeci\u00f3 la disposici\u00f3n de quienes integran los consejos y reafirm\u00f3 que <strong data-start=\"1140\" data-end=\"1221\">la colaboraci\u00f3n entre sociedad y gobierno se traduce en beneficios colectivos<\/strong>.<\/p>\n<p data-start=\"1224\" data-end=\"1457\">Los nuevos Consejos de Participaci\u00f3n Ciudadana quedaron conformados en \u00e1reas clave como <strong data-start=\"1312\" data-end=\"1456\">Educaci\u00f3n, Salud, Discapacidad, Agricultura y Ganader\u00eda, Ecolog\u00eda, Fomento al Empleo, Turismo, Desarrollo Ind\u00edgena e Impulso a los Artesanos<\/strong>.<\/p>\n<p data-start=\"1459\" data-end=\"1701\">Finalmente, la presidenta municipal destac\u00f3 que la experiencia de cada representante <strong data-start=\"1544\" data-end=\"1598\">permitir\u00e1 dise\u00f1ar pol\u00edticas p\u00fablicas m\u00e1s efectivas<\/strong>, que atiendan las necesidades reales de la ciudadan\u00eda y fortalezcan el desarrollo integral de Cholula.<\/p>\n","protected":false},"excerpt":{"rendered":"<p> La presidenta municipal subray\u00f3 la importancia de que las y los ciudadanos participen activamente en la vida p\u00fablica de Cholula.<\/p>\n","protected":false},"author":1,"featured_media":76699,"comment_status":"closed","ping_status":"closed","sticky":false,"template":"","format":"standard","meta":{"_monsterinsights_skip_tracking":false,"_uf_show_specific_survey":0,"_uf_disable_surveys":false,"footnotes":""},"categories":[585,34],"tags":[3291,29,1397],"class_list":["post-76698","post","type-post","status-publish","format-standard","has-post-thumbnail","hentry","category-principal","category-puebla","tag-consejos-sectoriales","tag-san-pedro-cholula","tag-tonantzin-fernandez"],"yoast_head":"<!-- This site is optimized with the Yoast SEO plugin v27.5 - https:\/\/yoast.com\/product\/yoast-seo-wordpress\/ -->\n<title>San Pedro Cholula impulsa participaci\u00f3n ciudadana con nuevos consejos sectoriales - Fer Abrajan<\/title>\n<meta name=\"description\" content=\"La presidenta municipal subray\u00f3 la importancia de que las y los ciudadanos participen activamente en la vida p\u00fablica de Cholula.\" \/>\n<meta name=\"robots\" content=\"index, follow, max-snippet:-1, max-image-preview:large, max-video-preview:-1\" \/>\n<link rel=\"canonical\" href=\"https:\/\/ferabrajan.com\/portal\/2025\/10\/05\/cholula-impulsa-participacion-ciudadana-con-nuevos-consejos-sectoriales\/\" \/>\n<meta property=\"og:locale\" content=\"es_ES\" \/>\n<meta property=\"og:type\" content=\"article\" \/>\n<meta property=\"og:title\" content=\"San Pedro Cholula impulsa participaci\u00f3n ciudadana con nuevos consejos sectoriales - Fer Abrajan\" \/>\n<meta property=\"og:description\" content=\"La presidenta municipal subray\u00f3 la importancia de que las y los ciudadanos participen activamente en la vida p\u00fablica de Cholula.\" \/>\n<meta property=\"og:url\" content=\"https:\/\/ferabrajan.com\/portal\/2025\/10\/05\/cholula-impulsa-participacion-ciudadana-con-nuevos-consejos-sectoriales\/\" \/>\n<meta property=\"og:site_name\" content=\"Fer Abrajan\" \/>\n<meta property=\"article:publisher\" content=\"https:\/\/www.facebook.com\/NoticiasconFerAbrajan\/\" \/>\n<meta property=\"article:published_time\" content=\"2025-10-05T16:16:48+00:00\" \/>\n<meta property=\"article:modified_time\" content=\"2025-10-05T16:30:00+00:00\" \/>\n<meta property=\"og:image\" content=\"https:\/\/ferabrajan.com\/portal\/wp-content\/uploads\/2025\/10\/feb40c69-a52d-43e1-92eb-829dbd49f367.jpg\" \/>\n\t<meta property=\"og:image:width\" content=\"1280\" \/>\n\t<meta property=\"og:image:height\" content=\"852\" \/>\n\t<meta property=\"og:image:type\" content=\"image\/jpeg\" \/>\n<meta name=\"author\" content=\"admin\" \/>\n<meta name=\"twitter:card\" content=\"summary_large_image\" \/>\n<meta name=\"twitter:creator\" content=\"@ferabrajan1\" \/>\n<meta name=\"twitter:site\" content=\"@ferabrajan1\" \/>\n<meta name=\"twitter:label1\" content=\"Escrito por\" \/>\n\t<meta name=\"twitter:data1\" content=\"admin\" \/>\n\t<meta name=\"twitter:label2\" content=\"Tiempo de lectura\" \/>\n\t<meta name=\"twitter:data2\" content=\"2 minutos\" \/>\n<script type=\"application\/ld+json\" class=\"yoast-schema-graph\">{\"@context\":\"https:\\\/\\\/schema.org\",\"@graph\":[{\"@type\":\"Article\",\"@id\":\"https:\\\/\\\/ferabrajan.com\\\/portal\\\/2025\\\/10\\\/05\\\/cholula-impulsa-participacion-ciudadana-con-nuevos-consejos-sectoriales\\\/#article\",\"isPartOf\":{\"@id\":\"https:\\\/\\\/ferabrajan.com\\\/portal\\\/2025\\\/10\\\/05\\\/cholula-impulsa-participacion-ciudadana-con-nuevos-consejos-sectoriales\\\/\"},\"author\":{\"name\":\"admin\",\"@id\":\"https:\\\/\\\/ferabrajan.com\\\/portal\\\/#\\\/schema\\\/person\\\/f6113b3cb1e036d5c6a9505685b257ba\"},\"headline\":\"San Pedro Cholula impulsa participaci\u00f3n ciudadana con nuevos consejos sectoriales\",\"datePublished\":\"2025-10-05T16:16:48+00:00\",\"dateModified\":\"2025-10-05T16:30:00+00:00\",\"mainEntityOfPage\":{\"@id\":\"https:\\\/\\\/ferabrajan.com\\\/portal\\\/2025\\\/10\\\/05\\\/cholula-impulsa-participacion-ciudadana-con-nuevos-consejos-sectoriales\\\/\"},\"wordCount\":227,\"publisher\":{\"@id\":\"https:\\\/\\\/ferabrajan.com\\\/portal\\\/#organization\"},\"image\":{\"@id\":\"https:\\\/\\\/ferabrajan.com\\\/portal\\\/2025\\\/10\\\/05\\\/cholula-impulsa-participacion-ciudadana-con-nuevos-consejos-sectoriales\\\/#primaryimage\"},\"thumbnailUrl\":\"https:\\\/\\\/ferabrajan.com\\\/portal\\\/wp-content\\\/uploads\\\/2025\\\/10\\\/feb40c69-a52d-43e1-92eb-829dbd49f367.jpg\",\"keywords\":[\"Consejos Sectoriales\",\"San Pedro Cholula\",\"Tonantzin Fern\u00e1ndez\"],\"articleSection\":[\"Principal\",\"Puebla\"],\"inLanguage\":\"es\"},{\"@type\":\"WebPage\",\"@id\":\"https:\\\/\\\/ferabrajan.com\\\/portal\\\/2025\\\/10\\\/05\\\/cholula-impulsa-participacion-ciudadana-con-nuevos-consejos-sectoriales\\\/\",\"url\":\"https:\\\/\\\/ferabrajan.com\\\/portal\\\/2025\\\/10\\\/05\\\/cholula-impulsa-participacion-ciudadana-con-nuevos-consejos-sectoriales\\\/\",\"name\":\"San Pedro Cholula impulsa participaci\u00f3n ciudadana con nuevos consejos sectoriales - Fer Abrajan\",\"isPartOf\":{\"@id\":\"https:\\\/\\\/ferabrajan.com\\\/portal\\\/#website\"},\"primaryImageOfPage\":{\"@id\":\"https:\\\/\\\/ferabrajan.com\\\/portal\\\/2025\\\/10\\\/05\\\/cholula-impulsa-participacion-ciudadana-con-nuevos-consejos-sectoriales\\\/#primaryimage\"},\"image\":{\"@id\":\"https:\\\/\\\/ferabrajan.com\\\/portal\\\/2025\\\/10\\\/05\\\/cholula-impulsa-participacion-ciudadana-con-nuevos-consejos-sectoriales\\\/#primaryimage\"},\"thumbnailUrl\":\"https:\\\/\\\/ferabrajan.com\\\/portal\\\/wp-content\\\/uploads\\\/2025\\\/10\\\/feb40c69-a52d-43e1-92eb-829dbd49f367.jpg\",\"datePublished\":\"2025-10-05T16:16:48+00:00\",\"dateModified\":\"2025-10-05T16:30:00+00:00\",\"description\":\"La presidenta municipal subray\u00f3 la importancia de que las y los ciudadanos participen activamente en la vida p\u00fablica de Cholula.\",\"breadcrumb\":{\"@id\":\"https:\\\/\\\/ferabrajan.com\\\/portal\\\/2025\\\/10\\\/05\\\/cholula-impulsa-participacion-ciudadana-con-nuevos-consejos-sectoriales\\\/#breadcrumb\"},\"inLanguage\":\"es\",\"potentialAction\":[{\"@type\":\"ReadAction\",\"target\":[\"https:\\\/\\\/ferabrajan.com\\\/portal\\\/2025\\\/10\\\/05\\\/cholula-impulsa-participacion-ciudadana-con-nuevos-consejos-sectoriales\\\/\"]}]},{\"@type\":\"ImageObject\",\"inLanguage\":\"es\",\"@id\":\"https:\\\/\\\/ferabrajan.com\\\/portal\\\/2025\\\/10\\\/05\\\/cholula-impulsa-participacion-ciudadana-con-nuevos-consejos-sectoriales\\\/#primaryimage\",\"url\":\"https:\\\/\\\/ferabrajan.com\\\/portal\\\/wp-content\\\/uploads\\\/2025\\\/10\\\/feb40c69-a52d-43e1-92eb-829dbd49f367.jpg\",\"contentUrl\":\"https:\\\/\\\/ferabrajan.com\\\/portal\\\/wp-content\\\/uploads\\\/2025\\\/10\\\/feb40c69-a52d-43e1-92eb-829dbd49f367.jpg\",\"width\":1280,\"height\":852},{\"@type\":\"BreadcrumbList\",\"@id\":\"https:\\\/\\\/ferabrajan.com\\\/portal\\\/2025\\\/10\\\/05\\\/cholula-impulsa-participacion-ciudadana-con-nuevos-consejos-sectoriales\\\/#breadcrumb\",\"itemListElement\":[{\"@type\":\"ListItem\",\"position\":1,\"name\":\"Portada\",\"item\":\"https:\\\/\\\/ferabrajan.com\\\/portal\\\/\"},{\"@type\":\"ListItem\",\"position\":2,\"name\":\"San Pedro Cholula impulsa participaci\u00f3n ciudadana con nuevos consejos sectoriales\"}]},{\"@type\":\"WebSite\",\"@id\":\"https:\\\/\\\/ferabrajan.com\\\/portal\\\/#website\",\"url\":\"https:\\\/\\\/ferabrajan.com\\\/portal\\\/\",\"name\":\"Fer Abrajan\",\"description\":\"Noticias de Puebla, opini\u00f3n y radio en vivo\",\"publisher\":{\"@id\":\"https:\\\/\\\/ferabrajan.com\\\/portal\\\/#organization\"},\"potentialAction\":[{\"@type\":\"SearchAction\",\"target\":{\"@type\":\"EntryPoint\",\"urlTemplate\":\"https:\\\/\\\/ferabrajan.com\\\/portal\\\/?s={search_term_string}\"},\"query-input\":{\"@type\":\"PropertyValueSpecification\",\"valueRequired\":true,\"valueName\":\"search_term_string\"}}],\"inLanguage\":\"es\"},{\"@type\":\"Organization\",\"@id\":\"https:\\\/\\\/ferabrajan.com\\\/portal\\\/#organization\",\"name\":\"Fer Abrajan\",\"url\":\"https:\\\/\\\/ferabrajan.com\\\/portal\\\/\",\"logo\":{\"@type\":\"ImageObject\",\"inLanguage\":\"es\",\"@id\":\"https:\\\/\\\/ferabrajan.com\\\/portal\\\/#\\\/schema\\\/logo\\\/image\\\/\",\"url\":\"https:\\\/\\\/ferabrajan.com\\\/portal\\\/wp-content\\\/uploads\\\/2024\\\/10\\\/cropped-logo.jpeg\",\"contentUrl\":\"https:\\\/\\\/ferabrajan.com\\\/portal\\\/wp-content\\\/uploads\\\/2024\\\/10\\\/cropped-logo.jpeg\",\"width\":500,\"height\":250,\"caption\":\"Fer Abrajan\"},\"image\":{\"@id\":\"https:\\\/\\\/ferabrajan.com\\\/portal\\\/#\\\/schema\\\/logo\\\/image\\\/\"},\"sameAs\":[\"https:\\\/\\\/www.facebook.com\\\/NoticiasconFerAbrajan\\\/\",\"https:\\\/\\\/x.com\\\/ferabrajan1\"]},{\"@type\":\"Person\",\"@id\":\"https:\\\/\\\/ferabrajan.com\\\/portal\\\/#\\\/schema\\\/person\\\/f6113b3cb1e036d5c6a9505685b257ba\",\"name\":\"admin\",\"image\":{\"@type\":\"ImageObject\",\"inLanguage\":\"es\",\"@id\":\"https:\\\/\\\/secure.gravatar.com\\\/avatar\\\/072baa72775aad53c748dfc5d3048578e01b6c087eef335459ebfa04344e2d18?s=96&d=mm&r=g\",\"url\":\"https:\\\/\\\/secure.gravatar.com\\\/avatar\\\/072baa72775aad53c748dfc5d3048578e01b6c087eef335459ebfa04344e2d18?s=96&d=mm&r=g\",\"contentUrl\":\"https:\\\/\\\/secure.gravatar.com\\\/avatar\\\/072baa72775aad53c748dfc5d3048578e01b6c087eef335459ebfa04344e2d18?s=96&d=mm&r=g\",\"caption\":\"admin\"},\"sameAs\":[\"https:\\\/\\\/ferabrajan.com\\\/portal\"],\"url\":\"https:\\\/\\\/ferabrajan.com\\\/portal\\\/author\\\/admin\\\/\"}]}<\/script>\n<!-- \/ Yoast SEO plugin. -->","yoast_head_json":{"title":"San Pedro Cholula impulsa participaci\u00f3n ciudadana con nuevos consejos sectoriales - Fer Abrajan","description":"La presidenta municipal subray\u00f3 la importancia de que las y los ciudadanos participen activamente en la vida p\u00fablica de Cholula.","robots":{"index":"index","follow":"follow","max-snippet":"max-snippet:-1","max-image-preview":"max-image-preview:large","max-video-preview":"max-video-preview:-1"},"canonical":"https:\/\/ferabrajan.com\/portal\/2025\/10\/05\/cholula-impulsa-participacion-ciudadana-con-nuevos-consejos-sectoriales\/","og_locale":"es_ES","og_type":"article","og_title":"San Pedro Cholula impulsa participaci\u00f3n ciudadana con nuevos consejos sectoriales - Fer Abrajan","og_description":"La presidenta municipal subray\u00f3 la importancia de que las y los ciudadanos participen activamente en la vida p\u00fablica de Cholula.","og_url":"https:\/\/ferabrajan.com\/portal\/2025\/10\/05\/cholula-impulsa-participacion-ciudadana-con-nuevos-consejos-sectoriales\/","og_site_name":"Fer Abrajan","article_publisher":"https:\/\/www.facebook.com\/NoticiasconFerAbrajan\/","article_published_time":"2025-10-05T16:16:48+00:00","article_modified_time":"2025-10-05T16:30:00+00:00","og_image":[{"width":1280,"height":852,"url":"https:\/\/ferabrajan.com\/portal\/wp-content\/uploads\/2025\/10\/feb40c69-a52d-43e1-92eb-829dbd49f367.jpg","type":"image\/jpeg"}],"author":"admin","twitter_card":"summary_large_image","twitter_creator":"@ferabrajan1","twitter_site":"@ferabrajan1","twitter_misc":{"Escrito por":"admin","Tiempo de lectura":"2 minutos"},"schema":{"@context":"https:\/\/schema.org","@graph":[{"@type":"Article","@id":"https:\/\/ferabrajan.com\/portal\/2025\/10\/05\/cholula-impulsa-participacion-ciudadana-con-nuevos-consejos-sectoriales\/#article","isPartOf":{"@id":"https:\/\/ferabrajan.com\/portal\/2025\/10\/05\/cholula-impulsa-participacion-ciudadana-con-nuevos-consejos-sectoriales\/"},"author":{"name":"admin","@id":"https:\/\/ferabrajan.com\/portal\/#\/schema\/person\/f6113b3cb1e036d5c6a9505685b257ba"},"headline":"San Pedro Cholula impulsa participaci\u00f3n ciudadana con nuevos consejos sectoriales","datePublished":"2025-10-05T16:16:48+00:00","dateModified":"2025-10-05T16:30:00+00:00","mainEntityOfPage":{"@id":"https:\/\/ferabrajan.com\/portal\/2025\/10\/05\/cholula-impulsa-participacion-ciudadana-con-nuevos-consejos-sectoriales\/"},"wordCount":227,"publisher":{"@id":"https:\/\/ferabrajan.com\/portal\/#organization"},"image":{"@id":"https:\/\/ferabrajan.com\/portal\/2025\/10\/05\/cholula-impulsa-participacion-ciudadana-con-nuevos-consejos-sectoriales\/#primaryimage"},"thumbnailUrl":"https:\/\/ferabrajan.com\/portal\/wp-content\/uploads\/2025\/10\/feb40c69-a52d-43e1-92eb-829dbd49f367.jpg","keywords":["Consejos Sectoriales","San Pedro Cholula","Tonantzin Fern\u00e1ndez"],"articleSection":["Principal","Puebla"],"inLanguage":"es"},{"@type":"WebPage","@id":"https:\/\/ferabrajan.com\/portal\/2025\/10\/05\/cholula-impulsa-participacion-ciudadana-con-nuevos-consejos-sectoriales\/","url":"https:\/\/ferabrajan.com\/portal\/2025\/10\/05\/cholula-impulsa-participacion-ciudadana-con-nuevos-consejos-sectoriales\/","name":"San Pedro Cholula impulsa participaci\u00f3n ciudadana con nuevos consejos sectoriales - Fer Abrajan","isPartOf":{"@id":"https:\/\/ferabrajan.com\/portal\/#website"},"primaryImageOfPage":{"@id":"https:\/\/ferabrajan.com\/portal\/2025\/10\/05\/cholula-impulsa-participacion-ciudadana-con-nuevos-consejos-sectoriales\/#primaryimage"},"image":{"@id":"https:\/\/ferabrajan.com\/portal\/2025\/10\/05\/cholula-impulsa-participacion-ciudadana-con-nuevos-consejos-sectoriales\/#primaryimage"},"thumbnailUrl":"https:\/\/ferabrajan.com\/portal\/wp-content\/uploads\/2025\/10\/feb40c69-a52d-43e1-92eb-829dbd49f367.jpg","datePublished":"2025-10-05T16:16:48+00:00","dateModified":"2025-10-05T16:30:00+00:00","description":"La presidenta municipal subray\u00f3 la importancia de que las y los ciudadanos participen activamente en la vida p\u00fablica de Cholula.","breadcrumb":{"@id":"https:\/\/ferabrajan.com\/portal\/2025\/10\/05\/cholula-impulsa-participacion-ciudadana-con-nuevos-consejos-sectoriales\/#breadcrumb"},"inLanguage":"es","potentialAction":[{"@type":"ReadAction","target":["https:\/\/ferabrajan.com\/portal\/2025\/10\/05\/cholula-impulsa-participacion-ciudadana-con-nuevos-consejos-sectoriales\/"]}]},{"@type":"ImageObject","inLanguage":"es","@id":"https:\/\/ferabrajan.com\/portal\/2025\/10\/05\/cholula-impulsa-participacion-ciudadana-con-nuevos-consejos-sectoriales\/#primaryimage","url":"https:\/\/ferabrajan.com\/portal\/wp-content\/uploads\/2025\/10\/feb40c69-a52d-43e1-92eb-829dbd49f367.jpg","contentUrl":"https:\/\/ferabrajan.com\/portal\/wp-content\/uploads\/2025\/10\/feb40c69-a52d-43e1-92eb-829dbd49f367.jpg","width":1280,"height":852},{"@type":"BreadcrumbList","@id":"https:\/\/ferabrajan.com\/portal\/2025\/10\/05\/cholula-impulsa-participacion-ciudadana-con-nuevos-consejos-sectoriales\/#breadcrumb","itemListElement":[{"@type":"ListItem","position":1,"name":"Portada","item":"https:\/\/ferabrajan.com\/portal\/"},{"@type":"ListItem","position":2,"name":"San Pedro Cholula impulsa participaci\u00f3n ciudadana con nuevos consejos sectoriales"}]},{"@type":"WebSite","@id":"https:\/\/ferabrajan.com\/portal\/#website","url":"https:\/\/ferabrajan.com\/portal\/","name":"Fer Abrajan","description":"Noticias de Puebla, opini\u00f3n y radio en vivo","publisher":{"@id":"https:\/\/ferabrajan.com\/portal\/#organization"},"potentialAction":[{"@type":"SearchAction","target":{"@type":"EntryPoint","urlTemplate":"https:\/\/ferabrajan.com\/portal\/?s={search_term_string}"},"query-input":{"@type":"PropertyValueSpecification","valueRequired":true,"valueName":"search_term_string"}}],"inLanguage":"es"},{"@type":"Organization","@id":"https:\/\/ferabrajan.com\/portal\/#organization","name":"Fer Abrajan","url":"https:\/\/ferabrajan.com\/portal\/","logo":{"@type":"ImageObject","inLanguage":"es","@id":"https:\/\/ferabrajan.com\/portal\/#\/schema\/logo\/image\/","url":"https:\/\/ferabrajan.com\/portal\/wp-content\/uploads\/2024\/10\/cropped-logo.jpeg","contentUrl":"https:\/\/ferabrajan.com\/portal\/wp-content\/uploads\/2024\/10\/cropped-logo.jpeg","width":500,"height":250,"caption":"Fer Abrajan"},"image":{"@id":"https:\/\/ferabrajan.com\/portal\/#\/schema\/logo\/image\/"},"sameAs":["https:\/\/www.facebook.com\/NoticiasconFerAbrajan\/","https:\/\/x.com\/ferabrajan1"]},{"@type":"Person","@id":"https:\/\/ferabrajan.com\/portal\/#\/schema\/person\/f6113b3cb1e036d5c6a9505685b257ba","name":"admin","image":{"@type":"ImageObject","inLanguage":"es","@id":"https:\/\/secure.gravatar.com\/avatar\/072baa72775aad53c748dfc5d3048578e01b6c087eef335459ebfa04344e2d18?s=96&d=mm&r=g","url":"https:\/\/secure.gravatar.com\/avatar\/072baa72775aad53c748dfc5d3048578e01b6c087eef335459ebfa04344e2d18?s=96&d=mm&r=g","contentUrl":"https:\/\/secure.gravatar.com\/avatar\/072baa72775aad53c748dfc5d3048578e01b6c087eef335459ebfa04344e2d18?s=96&d=mm&r=g","caption":"admin"},"sameAs":["https:\/\/ferabrajan.com\/portal"],"url":"https:\/\/ferabrajan.com\/portal\/author\/admin\/"}]}},"_links":{"self":[{"href":"https:\/\/ferabrajan.com\/portal\/wp-json\/wp\/v2\/posts\/76698","targetHints":{"allow":["GET"]}}],"collection":[{"href":"https:\/\/ferabrajan.com\/portal\/wp-json\/wp\/v2\/posts"}],"about":[{"href":"https:\/\/ferabrajan.com\/portal\/wp-json\/wp\/v2\/types\/post"}],"author":[{"embeddable":true,"href":"https:\/\/ferabrajan.com\/portal\/wp-json\/wp\/v2\/users\/1"}],"replies":[{"embeddable":true,"href":"https:\/\/ferabrajan.com\/portal\/wp-json\/wp\/v2\/comments?post=76698"}],"version-history":[{"count":2,"href":"https:\/\/ferabrajan.com\/portal\/wp-json\/wp\/v2\/posts\/76698\/revisions"}],"predecessor-version":[{"id":76706,"href":"https:\/\/ferabrajan.com\/portal\/wp-json\/wp\/v2\/posts\/76698\/revisions\/76706"}],"wp:featuredmedia":[{"embeddable":true,"href":"https:\/\/ferabrajan.com\/portal\/wp-json\/wp\/v2\/media\/76699"}],"wp:attachment":[{"href":"https:\/\/ferabrajan.com\/portal\/wp-json\/wp\/v2\/media?parent=76698"}],"wp:term":[{"taxonomy":"category","embeddable":true,"href":"https:\/\/ferabrajan.com\/portal\/wp-json\/wp\/v2\/categories?post=76698"},{"taxonomy":"post_tag","embeddable":true,"href":"https:\/\/ferabrajan.com\/portal\/wp-json\/wp\/v2\/tags?post=76698"}],"curies":[{"name":"wp","href":"https:\/\/api.w.org\/{rel}","templated":true}]}}