{"id":76693,"date":"2025-10-05T15:32:22","date_gmt":"2025-10-05T15:32:22","guid":{"rendered":"https:\/\/ferabrajan.com\/portal\/?p=76693"},"modified":"2025-10-05T15:32:22","modified_gmt":"2025-10-05T15:32:22","slug":"buap-y-gobierno-de-puebla-alianza-por-una-educacion-sin-rechazos","status":"publish","type":"post","link":"https:\/\/ferabrajan.com\/portal\/2025\/10\/05\/buap-y-gobierno-de-puebla-alianza-por-una-educacion-sin-rechazos\/","title":{"rendered":"BUAP y Gobierno de Puebla: alianza por una educaci\u00f3n sin rechazos"},"content":{"rendered":"<p data-start=\"295\" data-end=\"756\"><strong data-start=\"295\" data-end=\"311\">PUEBLA, Pue.<\/strong> \u2014 En un acto que reafirma la colaboraci\u00f3n entre el gobierno estatal y la m\u00e1xima casa de estudios, el coordinador de Gabinete, <strong data-start=\"438\" data-end=\"464\">Jos\u00e9 Luis Garc\u00eda Parra<\/strong>, acudi\u00f3 en representaci\u00f3n del gobernador <strong data-start=\"506\" data-end=\"527\">Alejandro Armenta<\/strong> al <strong data-start=\"531\" data-end=\"560\">Cuarto Informe de Labores<\/strong> y <strong data-start=\"563\" data-end=\"619\">toma de protesta de la rectora Lilia Cedillo Ram\u00edrez<\/strong> para el periodo 2025-2029, donde destac\u00f3 el liderazgo acad\u00e9mico de la universitaria y el respeto absoluto a la <strong data-start=\"731\" data-end=\"755\">autonom\u00eda de la BUAP<\/strong>.<\/p>\n<p data-start=\"758\" data-end=\"1124\">Durante su intervenci\u00f3n, Garc\u00eda Parra subray\u00f3 que <strong data-start=\"808\" data-end=\"870\">la educaci\u00f3n es un motor de justicia y desarrollo integral<\/strong>, y que la <strong data-start=\"881\" data-end=\"915\">BUAP es una aliada estrat\u00e9gica<\/strong> del gobierno para construir un futuro con m\u00e1s oportunidades.<br data-start=\"976\" data-end=\"979\" \/>\u201c<strong data-start=\"980\" data-end=\"1069\">Reconocemos su autonom\u00eda y valoramos su papel como aliada en el desarrollo del estado<\/strong>. La BUAP cuenta con el respaldo del gobierno\u201d, afirm\u00f3.<\/p>\n<p data-start=\"1126\" data-end=\"1391\">El funcionario record\u00f3 la <strong data-start=\"1152\" data-end=\"1201\">colaboraci\u00f3n en el Plan Estatal de Desarrollo<\/strong> y refrend\u00f3 el compromiso de apoyar <strong data-start=\"1237\" data-end=\"1281\">los proyectos cient\u00edficos y tecnol\u00f3gicos<\/strong> que impulsa la universidad, con el objetivo de que el conocimiento mejore la calidad de vida de la poblaci\u00f3n.<\/p>\n<p data-start=\"1126\" data-end=\"1391\"><img fetchpriority=\"high\" decoding=\"async\" class=\"alignnone size-medium wp-image-76694\" src=\"https:\/\/ferabrajan.com\/portal\/wp-content\/uploads\/2025\/10\/WhatsApp_Image_2025-10-04_at_2.05.34_PM-300x226.jpeg\" alt=\"\" width=\"300\" height=\"226\" srcset=\"https:\/\/ferabrajan.com\/portal\/wp-content\/uploads\/2025\/10\/WhatsApp_Image_2025-10-04_at_2.05.34_PM-300x226.jpeg 300w, https:\/\/ferabrajan.com\/portal\/wp-content\/uploads\/2025\/10\/WhatsApp_Image_2025-10-04_at_2.05.34_PM-1024x772.jpeg 1024w, https:\/\/ferabrajan.com\/portal\/wp-content\/uploads\/2025\/10\/WhatsApp_Image_2025-10-04_at_2.05.34_PM-768x579.jpeg 768w, https:\/\/ferabrajan.com\/portal\/wp-content\/uploads\/2025\/10\/WhatsApp_Image_2025-10-04_at_2.05.34_PM-1536x1158.jpeg 1536w, https:\/\/ferabrajan.com\/portal\/wp-content\/uploads\/2025\/10\/WhatsApp_Image_2025-10-04_at_2.05.34_PM-2048x1544.jpeg 2048w\" sizes=\"(max-width: 300px) 100vw, 300px\" \/><\/p>\n<p data-start=\"1393\" data-end=\"1514\">Asimismo, reiter\u00f3 la meta compartida con el gobernador Armenta: lograr el <strong data-start=\"1467\" data-end=\"1511\">cero por ciento de aspirantes rechazados<\/strong>.<\/p>\n<blockquote data-start=\"1515\" data-end=\"1647\">\n<p data-start=\"1517\" data-end=\"1647\">\u201cQue ning\u00fan poblano se quede sin la posibilidad de estudiar una licenciatura y salir adelante. Juntos lo vamos a lograr\u201d, expres\u00f3.<\/p>\n<\/blockquote>\n<p data-start=\"1649\" data-end=\"1927\">Por su parte, <strong data-start=\"1663\" data-end=\"1691\">la rectora Lilia Cedillo<\/strong> agradeci\u00f3 el respaldo del mandatario y confirm\u00f3 que trabajar\u00e1 <strong data-start=\"1754\" data-end=\"1792\">de la mano del Gobierno del Estado<\/strong> para avanzar hacia el <strong data-start=\"1815\" data-end=\"1831\">rechazo cero<\/strong> y fortalecer proyectos en beneficio de la salud, el medio ambiente y la innovaci\u00f3n tecnol\u00f3gica.<\/p>\n<p data-start=\"1929\" data-end=\"2211\">Cedillo tambi\u00e9n hizo un llamado a construir una <strong data-start=\"1977\" data-end=\"2021\">universidad con paz, respeto e inclusi\u00f3n<\/strong>, donde las y los j\u00f3venes sean escuchados a trav\u00e9s del di\u00e1logo y la participaci\u00f3n activa.<br data-start=\"2110\" data-end=\"2113\" \/>\u201cQueremos una BUAP libre de violencia, con valores de tolerancia y respeto por los dem\u00e1s\u201d, se\u00f1al\u00f3.<\/p>\n<p data-start=\"2213\" data-end=\"2460\">Finalmente, reconoci\u00f3 el apoyo del gobernador <strong data-start=\"2259\" data-end=\"2280\">Alejandro Armenta<\/strong> y de la <strong data-start=\"2289\" data-end=\"2321\">Fiscal General Idamis Pastor<\/strong> por su intervenci\u00f3n en favor de la <strong data-start=\"2357\" data-end=\"2415\">seguridad y tranquilidad de la comunidad universitaria<\/strong>, tras recientes hechos de violencia digital.<\/p>\n","protected":false},"excerpt":{"rendered":"<p>En representaci\u00f3n del gobernador Alejandro Armenta, el coordinador de gabinete, Jos\u00e9 Luis Garc\u00eda Parra, acudi\u00f3 al Cuarto Informe de Labores de la rectora de la Benem\u00e9rita Universidad Aut\u00f3noma de Puebla (BUAP), Lilia Cedillo Ram\u00edrez, donde reconoci\u00f3 su liderazgo<\/p>\n","protected":false},"author":4,"featured_media":76695,"comment_status":"closed","ping_status":"closed","sticky":false,"template":"","format":"standard","meta":{"_monsterinsights_skip_tracking":false,"_uf_show_specific_survey":0,"_uf_disable_surveys":false,"footnotes":""},"categories":[585,34],"tags":[143,176,3290,615,592],"class_list":["post-76693","post","type-post","status-publish","format-standard","has-post-thumbnail","hentry","category-principal","category-puebla","tag-buap","tag-gobierno-de-puebla","tag-jose-luis-garcia-parra","tag-lilia-cedillo","tag-pepe-chedraui"],"yoast_head":"<!-- This site is optimized with the Yoast SEO plugin v27.5 - https:\/\/yoast.com\/product\/yoast-seo-wordpress\/ -->\n<title>BUAP y Gobierno de Puebla: alianza por una educaci\u00f3n sin rechazos - Fer Abrajan<\/title>\n<meta name=\"description\" content=\"En representaci\u00f3n del gobernador Alejandro Armenta, el coordinador de gabinete, Jos\u00e9 Luis Garc\u00eda Parra, acudi\u00f3 al Cuarto Informe de Labores de la rectora de la Benem\u00e9rita Universidad Aut\u00f3noma de Puebla (BUAP), Lilia Cedillo Ram\u00edrez, donde reconoci\u00f3 su liderazgo\" \/>\n<meta name=\"robots\" content=\"index, follow, max-snippet:-1, max-image-preview:large, max-video-preview:-1\" \/>\n<link rel=\"canonical\" href=\"https:\/\/ferabrajan.com\/portal\/2025\/10\/05\/buap-y-gobierno-de-puebla-alianza-por-una-educacion-sin-rechazos\/\" \/>\n<meta property=\"og:locale\" content=\"es_ES\" \/>\n<meta property=\"og:type\" content=\"article\" \/>\n<meta property=\"og:title\" content=\"BUAP y Gobierno de Puebla: alianza por una educaci\u00f3n sin rechazos - Fer Abrajan\" \/>\n<meta property=\"og:description\" content=\"En representaci\u00f3n del gobernador Alejandro Armenta, el coordinador de gabinete, Jos\u00e9 Luis Garc\u00eda Parra, acudi\u00f3 al Cuarto Informe de Labores de la rectora de la Benem\u00e9rita Universidad Aut\u00f3noma de Puebla (BUAP), Lilia Cedillo Ram\u00edrez, donde reconoci\u00f3 su liderazgo\" \/>\n<meta property=\"og:url\" content=\"https:\/\/ferabrajan.com\/portal\/2025\/10\/05\/buap-y-gobierno-de-puebla-alianza-por-una-educacion-sin-rechazos\/\" \/>\n<meta property=\"og:site_name\" content=\"Fer Abrajan\" \/>\n<meta property=\"article:publisher\" content=\"https:\/\/www.facebook.com\/NoticiasconFerAbrajan\/\" \/>\n<meta property=\"article:published_time\" content=\"2025-10-05T15:32:22+00:00\" \/>\n<meta property=\"og:image\" content=\"https:\/\/ferabrajan.com\/portal\/wp-content\/uploads\/2025\/10\/WhatsApp_Image_2025-10-04_at_2.05.32_PM-scaled.jpeg\" \/>\n\t<meta property=\"og:image:width\" content=\"2560\" \/>\n\t<meta property=\"og:image:height\" content=\"1706\" \/>\n\t<meta property=\"og:image:type\" content=\"image\/jpeg\" \/>\n<meta name=\"author\" content=\"Ismael Rojas\" \/>\n<meta name=\"twitter:card\" content=\"summary_large_image\" \/>\n<meta name=\"twitter:creator\" content=\"@ferabrajan1\" \/>\n<meta name=\"twitter:site\" content=\"@ferabrajan1\" \/>\n<meta name=\"twitter:label1\" content=\"Escrito por\" \/>\n\t<meta name=\"twitter:data1\" content=\"Ismael Rojas\" \/>\n\t<meta name=\"twitter:label2\" content=\"Tiempo de lectura\" \/>\n\t<meta name=\"twitter:data2\" content=\"2 minutos\" \/>\n<script type=\"application\/ld+json\" class=\"yoast-schema-graph\">{\"@context\":\"https:\\\/\\\/schema.org\",\"@graph\":[{\"@type\":\"Article\",\"@id\":\"https:\\\/\\\/ferabrajan.com\\\/portal\\\/2025\\\/10\\\/05\\\/buap-y-gobierno-de-puebla-alianza-por-una-educacion-sin-rechazos\\\/#article\",\"isPartOf\":{\"@id\":\"https:\\\/\\\/ferabrajan.com\\\/portal\\\/2025\\\/10\\\/05\\\/buap-y-gobierno-de-puebla-alianza-por-una-educacion-sin-rechazos\\\/\"},\"author\":{\"name\":\"Ismael Rojas\",\"@id\":\"https:\\\/\\\/ferabrajan.com\\\/portal\\\/#\\\/schema\\\/person\\\/83ed4fff5d7e4c8edf481fa39f71acb2\"},\"headline\":\"BUAP y Gobierno de Puebla: alianza por una educaci\u00f3n sin rechazos\",\"datePublished\":\"2025-10-05T15:32:22+00:00\",\"mainEntityOfPage\":{\"@id\":\"https:\\\/\\\/ferabrajan.com\\\/portal\\\/2025\\\/10\\\/05\\\/buap-y-gobierno-de-puebla-alianza-por-una-educacion-sin-rechazos\\\/\"},\"wordCount\":372,\"publisher\":{\"@id\":\"https:\\\/\\\/ferabrajan.com\\\/portal\\\/#organization\"},\"image\":{\"@id\":\"https:\\\/\\\/ferabrajan.com\\\/portal\\\/2025\\\/10\\\/05\\\/buap-y-gobierno-de-puebla-alianza-por-una-educacion-sin-rechazos\\\/#primaryimage\"},\"thumbnailUrl\":\"https:\\\/\\\/ferabrajan.com\\\/portal\\\/wp-content\\\/uploads\\\/2025\\\/10\\\/WhatsApp_Image_2025-10-04_at_2.05.32_PM-scaled.jpeg\",\"keywords\":[\"BUAP\",\"Gobierno de Puebla\",\"Jos\u00e9 Luis Garc\u00eda Parra\",\"Lilia Cedillo\",\"Pepe Chedraui\"],\"articleSection\":[\"Principal\",\"Puebla\"],\"inLanguage\":\"es\"},{\"@type\":\"WebPage\",\"@id\":\"https:\\\/\\\/ferabrajan.com\\\/portal\\\/2025\\\/10\\\/05\\\/buap-y-gobierno-de-puebla-alianza-por-una-educacion-sin-rechazos\\\/\",\"url\":\"https:\\\/\\\/ferabrajan.com\\\/portal\\\/2025\\\/10\\\/05\\\/buap-y-gobierno-de-puebla-alianza-por-una-educacion-sin-rechazos\\\/\",\"name\":\"BUAP y Gobierno de Puebla: alianza por una educaci\u00f3n sin rechazos - Fer Abrajan\",\"isPartOf\":{\"@id\":\"https:\\\/\\\/ferabrajan.com\\\/portal\\\/#website\"},\"primaryImageOfPage\":{\"@id\":\"https:\\\/\\\/ferabrajan.com\\\/portal\\\/2025\\\/10\\\/05\\\/buap-y-gobierno-de-puebla-alianza-por-una-educacion-sin-rechazos\\\/#primaryimage\"},\"image\":{\"@id\":\"https:\\\/\\\/ferabrajan.com\\\/portal\\\/2025\\\/10\\\/05\\\/buap-y-gobierno-de-puebla-alianza-por-una-educacion-sin-rechazos\\\/#primaryimage\"},\"thumbnailUrl\":\"https:\\\/\\\/ferabrajan.com\\\/portal\\\/wp-content\\\/uploads\\\/2025\\\/10\\\/WhatsApp_Image_2025-10-04_at_2.05.32_PM-scaled.jpeg\",\"datePublished\":\"2025-10-05T15:32:22+00:00\",\"description\":\"En representaci\u00f3n del gobernador Alejandro Armenta, el coordinador de gabinete, Jos\u00e9 Luis Garc\u00eda Parra, acudi\u00f3 al Cuarto Informe de Labores de la rectora de la Benem\u00e9rita Universidad Aut\u00f3noma de Puebla (BUAP), Lilia Cedillo Ram\u00edrez, donde reconoci\u00f3 su liderazgo\",\"breadcrumb\":{\"@id\":\"https:\\\/\\\/ferabrajan.com\\\/portal\\\/2025\\\/10\\\/05\\\/buap-y-gobierno-de-puebla-alianza-por-una-educacion-sin-rechazos\\\/#breadcrumb\"},\"inLanguage\":\"es\",\"potentialAction\":[{\"@type\":\"ReadAction\",\"target\":[\"https:\\\/\\\/ferabrajan.com\\\/portal\\\/2025\\\/10\\\/05\\\/buap-y-gobierno-de-puebla-alianza-por-una-educacion-sin-rechazos\\\/\"]}]},{\"@type\":\"ImageObject\",\"inLanguage\":\"es\",\"@id\":\"https:\\\/\\\/ferabrajan.com\\\/portal\\\/2025\\\/10\\\/05\\\/buap-y-gobierno-de-puebla-alianza-por-una-educacion-sin-rechazos\\\/#primaryimage\",\"url\":\"https:\\\/\\\/ferabrajan.com\\\/portal\\\/wp-content\\\/uploads\\\/2025\\\/10\\\/WhatsApp_Image_2025-10-04_at_2.05.32_PM-scaled.jpeg\",\"contentUrl\":\"https:\\\/\\\/ferabrajan.com\\\/portal\\\/wp-content\\\/uploads\\\/2025\\\/10\\\/WhatsApp_Image_2025-10-04_at_2.05.32_PM-scaled.jpeg\",\"width\":2560,\"height\":1706},{\"@type\":\"BreadcrumbList\",\"@id\":\"https:\\\/\\\/ferabrajan.com\\\/portal\\\/2025\\\/10\\\/05\\\/buap-y-gobierno-de-puebla-alianza-por-una-educacion-sin-rechazos\\\/#breadcrumb\",\"itemListElement\":[{\"@type\":\"ListItem\",\"position\":1,\"name\":\"Portada\",\"item\":\"https:\\\/\\\/ferabrajan.com\\\/portal\\\/\"},{\"@type\":\"ListItem\",\"position\":2,\"name\":\"BUAP y Gobierno de Puebla: alianza por una educaci\u00f3n sin rechazos\"}]},{\"@type\":\"WebSite\",\"@id\":\"https:\\\/\\\/ferabrajan.com\\\/portal\\\/#website\",\"url\":\"https:\\\/\\\/ferabrajan.com\\\/portal\\\/\",\"name\":\"Fer Abrajan\",\"description\":\"Noticias de Puebla, opini\u00f3n y radio en vivo\",\"publisher\":{\"@id\":\"https:\\\/\\\/ferabrajan.com\\\/portal\\\/#organization\"},\"potentialAction\":[{\"@type\":\"SearchAction\",\"target\":{\"@type\":\"EntryPoint\",\"urlTemplate\":\"https:\\\/\\\/ferabrajan.com\\\/portal\\\/?s={search_term_string}\"},\"query-input\":{\"@type\":\"PropertyValueSpecification\",\"valueRequired\":true,\"valueName\":\"search_term_string\"}}],\"inLanguage\":\"es\"},{\"@type\":\"Organization\",\"@id\":\"https:\\\/\\\/ferabrajan.com\\\/portal\\\/#organization\",\"name\":\"Fer Abrajan\",\"url\":\"https:\\\/\\\/ferabrajan.com\\\/portal\\\/\",\"logo\":{\"@type\":\"ImageObject\",\"inLanguage\":\"es\",\"@id\":\"https:\\\/\\\/ferabrajan.com\\\/portal\\\/#\\\/schema\\\/logo\\\/image\\\/\",\"url\":\"https:\\\/\\\/ferabrajan.com\\\/portal\\\/wp-content\\\/uploads\\\/2024\\\/10\\\/cropped-logo.jpeg\",\"contentUrl\":\"https:\\\/\\\/ferabrajan.com\\\/portal\\\/wp-content\\\/uploads\\\/2024\\\/10\\\/cropped-logo.jpeg\",\"width\":500,\"height\":250,\"caption\":\"Fer Abrajan\"},\"image\":{\"@id\":\"https:\\\/\\\/ferabrajan.com\\\/portal\\\/#\\\/schema\\\/logo\\\/image\\\/\"},\"sameAs\":[\"https:\\\/\\\/www.facebook.com\\\/NoticiasconFerAbrajan\\\/\",\"https:\\\/\\\/x.com\\\/ferabrajan1\"]},{\"@type\":\"Person\",\"@id\":\"https:\\\/\\\/ferabrajan.com\\\/portal\\\/#\\\/schema\\\/person\\\/83ed4fff5d7e4c8edf481fa39f71acb2\",\"name\":\"Ismael Rojas\",\"image\":{\"@type\":\"ImageObject\",\"inLanguage\":\"es\",\"@id\":\"https:\\\/\\\/secure.gravatar.com\\\/avatar\\\/e4a9cb58548fedeb6143fa536c79b44c34454539235177c55c5819d74963e9d6?s=96&d=mm&r=g\",\"url\":\"https:\\\/\\\/secure.gravatar.com\\\/avatar\\\/e4a9cb58548fedeb6143fa536c79b44c34454539235177c55c5819d74963e9d6?s=96&d=mm&r=g\",\"contentUrl\":\"https:\\\/\\\/secure.gravatar.com\\\/avatar\\\/e4a9cb58548fedeb6143fa536c79b44c34454539235177c55c5819d74963e9d6?s=96&d=mm&r=g\",\"caption\":\"Ismael Rojas\"},\"url\":\"https:\\\/\\\/ferabrajan.com\\\/portal\\\/author\\\/ismael\\\/\"}]}<\/script>\n<!-- \/ Yoast SEO plugin. -->","yoast_head_json":{"title":"BUAP y Gobierno de Puebla: alianza por una educaci\u00f3n sin rechazos - Fer Abrajan","description":"En representaci\u00f3n del gobernador Alejandro Armenta, el coordinador de gabinete, Jos\u00e9 Luis Garc\u00eda Parra, acudi\u00f3 al Cuarto Informe de Labores de la rectora de la Benem\u00e9rita Universidad Aut\u00f3noma de Puebla (BUAP), Lilia Cedillo Ram\u00edrez, donde reconoci\u00f3 su liderazgo","robots":{"index":"index","follow":"follow","max-snippet":"max-snippet:-1","max-image-preview":"max-image-preview:large","max-video-preview":"max-video-preview:-1"},"canonical":"https:\/\/ferabrajan.com\/portal\/2025\/10\/05\/buap-y-gobierno-de-puebla-alianza-por-una-educacion-sin-rechazos\/","og_locale":"es_ES","og_type":"article","og_title":"BUAP y Gobierno de Puebla: alianza por una educaci\u00f3n sin rechazos - Fer Abrajan","og_description":"En representaci\u00f3n del gobernador Alejandro Armenta, el coordinador de gabinete, Jos\u00e9 Luis Garc\u00eda Parra, acudi\u00f3 al Cuarto Informe de Labores de la rectora de la Benem\u00e9rita Universidad Aut\u00f3noma de Puebla (BUAP), Lilia Cedillo Ram\u00edrez, donde reconoci\u00f3 su liderazgo","og_url":"https:\/\/ferabrajan.com\/portal\/2025\/10\/05\/buap-y-gobierno-de-puebla-alianza-por-una-educacion-sin-rechazos\/","og_site_name":"Fer Abrajan","article_publisher":"https:\/\/www.facebook.com\/NoticiasconFerAbrajan\/","article_published_time":"2025-10-05T15:32:22+00:00","og_image":[{"width":2560,"height":1706,"url":"https:\/\/ferabrajan.com\/portal\/wp-content\/uploads\/2025\/10\/WhatsApp_Image_2025-10-04_at_2.05.32_PM-scaled.jpeg","type":"image\/jpeg"}],"author":"Ismael Rojas","twitter_card":"summary_large_image","twitter_creator":"@ferabrajan1","twitter_site":"@ferabrajan1","twitter_misc":{"Escrito por":"Ismael Rojas","Tiempo de lectura":"2 minutos"},"schema":{"@context":"https:\/\/schema.org","@graph":[{"@type":"Article","@id":"https:\/\/ferabrajan.com\/portal\/2025\/10\/05\/buap-y-gobierno-de-puebla-alianza-por-una-educacion-sin-rechazos\/#article","isPartOf":{"@id":"https:\/\/ferabrajan.com\/portal\/2025\/10\/05\/buap-y-gobierno-de-puebla-alianza-por-una-educacion-sin-rechazos\/"},"author":{"name":"Ismael Rojas","@id":"https:\/\/ferabrajan.com\/portal\/#\/schema\/person\/83ed4fff5d7e4c8edf481fa39f71acb2"},"headline":"BUAP y Gobierno de Puebla: alianza por una educaci\u00f3n sin rechazos","datePublished":"2025-10-05T15:32:22+00:00","mainEntityOfPage":{"@id":"https:\/\/ferabrajan.com\/portal\/2025\/10\/05\/buap-y-gobierno-de-puebla-alianza-por-una-educacion-sin-rechazos\/"},"wordCount":372,"publisher":{"@id":"https:\/\/ferabrajan.com\/portal\/#organization"},"image":{"@id":"https:\/\/ferabrajan.com\/portal\/2025\/10\/05\/buap-y-gobierno-de-puebla-alianza-por-una-educacion-sin-rechazos\/#primaryimage"},"thumbnailUrl":"https:\/\/ferabrajan.com\/portal\/wp-content\/uploads\/2025\/10\/WhatsApp_Image_2025-10-04_at_2.05.32_PM-scaled.jpeg","keywords":["BUAP","Gobierno de Puebla","Jos\u00e9 Luis Garc\u00eda Parra","Lilia Cedillo","Pepe Chedraui"],"articleSection":["Principal","Puebla"],"inLanguage":"es"},{"@type":"WebPage","@id":"https:\/\/ferabrajan.com\/portal\/2025\/10\/05\/buap-y-gobierno-de-puebla-alianza-por-una-educacion-sin-rechazos\/","url":"https:\/\/ferabrajan.com\/portal\/2025\/10\/05\/buap-y-gobierno-de-puebla-alianza-por-una-educacion-sin-rechazos\/","name":"BUAP y Gobierno de Puebla: alianza por una educaci\u00f3n sin rechazos - Fer Abrajan","isPartOf":{"@id":"https:\/\/ferabrajan.com\/portal\/#website"},"primaryImageOfPage":{"@id":"https:\/\/ferabrajan.com\/portal\/2025\/10\/05\/buap-y-gobierno-de-puebla-alianza-por-una-educacion-sin-rechazos\/#primaryimage"},"image":{"@id":"https:\/\/ferabrajan.com\/portal\/2025\/10\/05\/buap-y-gobierno-de-puebla-alianza-por-una-educacion-sin-rechazos\/#primaryimage"},"thumbnailUrl":"https:\/\/ferabrajan.com\/portal\/wp-content\/uploads\/2025\/10\/WhatsApp_Image_2025-10-04_at_2.05.32_PM-scaled.jpeg","datePublished":"2025-10-05T15:32:22+00:00","description":"En representaci\u00f3n del gobernador Alejandro Armenta, el coordinador de gabinete, Jos\u00e9 Luis Garc\u00eda Parra, acudi\u00f3 al Cuarto Informe de Labores de la rectora de la Benem\u00e9rita Universidad Aut\u00f3noma de Puebla (BUAP), Lilia Cedillo Ram\u00edrez, donde reconoci\u00f3 su liderazgo","breadcrumb":{"@id":"https:\/\/ferabrajan.com\/portal\/2025\/10\/05\/buap-y-gobierno-de-puebla-alianza-por-una-educacion-sin-rechazos\/#breadcrumb"},"inLanguage":"es","potentialAction":[{"@type":"ReadAction","target":["https:\/\/ferabrajan.com\/portal\/2025\/10\/05\/buap-y-gobierno-de-puebla-alianza-por-una-educacion-sin-rechazos\/"]}]},{"@type":"ImageObject","inLanguage":"es","@id":"https:\/\/ferabrajan.com\/portal\/2025\/10\/05\/buap-y-gobierno-de-puebla-alianza-por-una-educacion-sin-rechazos\/#primaryimage","url":"https:\/\/ferabrajan.com\/portal\/wp-content\/uploads\/2025\/10\/WhatsApp_Image_2025-10-04_at_2.05.32_PM-scaled.jpeg","contentUrl":"https:\/\/ferabrajan.com\/portal\/wp-content\/uploads\/2025\/10\/WhatsApp_Image_2025-10-04_at_2.05.32_PM-scaled.jpeg","width":2560,"height":1706},{"@type":"BreadcrumbList","@id":"https:\/\/ferabrajan.com\/portal\/2025\/10\/05\/buap-y-gobierno-de-puebla-alianza-por-una-educacion-sin-rechazos\/#breadcrumb","itemListElement":[{"@type":"ListItem","position":1,"name":"Portada","item":"https:\/\/ferabrajan.com\/portal\/"},{"@type":"ListItem","position":2,"name":"BUAP y Gobierno de Puebla: alianza por una educaci\u00f3n sin rechazos"}]},{"@type":"WebSite","@id":"https:\/\/ferabrajan.com\/portal\/#website","url":"https:\/\/ferabrajan.com\/portal\/","name":"Fer Abrajan","description":"Noticias de Puebla, opini\u00f3n y radio en vivo","publisher":{"@id":"https:\/\/ferabrajan.com\/portal\/#organization"},"potentialAction":[{"@type":"SearchAction","target":{"@type":"EntryPoint","urlTemplate":"https:\/\/ferabrajan.com\/portal\/?s={search_term_string}"},"query-input":{"@type":"PropertyValueSpecification","valueRequired":true,"valueName":"search_term_string"}}],"inLanguage":"es"},{"@type":"Organization","@id":"https:\/\/ferabrajan.com\/portal\/#organization","name":"Fer Abrajan","url":"https:\/\/ferabrajan.com\/portal\/","logo":{"@type":"ImageObject","inLanguage":"es","@id":"https:\/\/ferabrajan.com\/portal\/#\/schema\/logo\/image\/","url":"https:\/\/ferabrajan.com\/portal\/wp-content\/uploads\/2024\/10\/cropped-logo.jpeg","contentUrl":"https:\/\/ferabrajan.com\/portal\/wp-content\/uploads\/2024\/10\/cropped-logo.jpeg","width":500,"height":250,"caption":"Fer Abrajan"},"image":{"@id":"https:\/\/ferabrajan.com\/portal\/#\/schema\/logo\/image\/"},"sameAs":["https:\/\/www.facebook.com\/NoticiasconFerAbrajan\/","https:\/\/x.com\/ferabrajan1"]},{"@type":"Person","@id":"https:\/\/ferabrajan.com\/portal\/#\/schema\/person\/83ed4fff5d7e4c8edf481fa39f71acb2","name":"Ismael Rojas","image":{"@type":"ImageObject","inLanguage":"es","@id":"https:\/\/secure.gravatar.com\/avatar\/e4a9cb58548fedeb6143fa536c79b44c34454539235177c55c5819d74963e9d6?s=96&d=mm&r=g","url":"https:\/\/secure.gravatar.com\/avatar\/e4a9cb58548fedeb6143fa536c79b44c34454539235177c55c5819d74963e9d6?s=96&d=mm&r=g","contentUrl":"https:\/\/secure.gravatar.com\/avatar\/e4a9cb58548fedeb6143fa536c79b44c34454539235177c55c5819d74963e9d6?s=96&d=mm&r=g","caption":"Ismael Rojas"},"url":"https:\/\/ferabrajan.com\/portal\/author\/ismael\/"}]}},"_links":{"self":[{"href":"https:\/\/ferabrajan.com\/portal\/wp-json\/wp\/v2\/posts\/76693","targetHints":{"allow":["GET"]}}],"collection":[{"href":"https:\/\/ferabrajan.com\/portal\/wp-json\/wp\/v2\/posts"}],"about":[{"href":"https:\/\/ferabrajan.com\/portal\/wp-json\/wp\/v2\/types\/post"}],"author":[{"embeddable":true,"href":"https:\/\/ferabrajan.com\/portal\/wp-json\/wp\/v2\/users\/4"}],"replies":[{"embeddable":true,"href":"https:\/\/ferabrajan.com\/portal\/wp-json\/wp\/v2\/comments?post=76693"}],"version-history":[{"count":1,"href":"https:\/\/ferabrajan.com\/portal\/wp-json\/wp\/v2\/posts\/76693\/revisions"}],"predecessor-version":[{"id":76696,"href":"https:\/\/ferabrajan.com\/portal\/wp-json\/wp\/v2\/posts\/76693\/revisions\/76696"}],"wp:featuredmedia":[{"embeddable":true,"href":"https:\/\/ferabrajan.com\/portal\/wp-json\/wp\/v2\/media\/76695"}],"wp:attachment":[{"href":"https:\/\/ferabrajan.com\/portal\/wp-json\/wp\/v2\/media?parent=76693"}],"wp:term":[{"taxonomy":"category","embeddable":true,"href":"https:\/\/ferabrajan.com\/portal\/wp-json\/wp\/v2\/categories?post=76693"},{"taxonomy":"post_tag","embeddable":true,"href":"https:\/\/ferabrajan.com\/portal\/wp-json\/wp\/v2\/tags?post=76693"}],"curies":[{"name":"wp","href":"https:\/\/api.w.org\/{rel}","templated":true}]}}