{"id":76037,"date":"2025-09-10T14:44:17","date_gmt":"2025-09-10T14:44:17","guid":{"rendered":"https:\/\/ferabrajan.com\/portal\/?p=76037"},"modified":"2025-09-10T14:46:00","modified_gmt":"2025-09-10T14:46:00","slug":"sedif-refuerza-acciones-para-prevenir-el-suicidio","status":"publish","type":"post","link":"https:\/\/ferabrajan.com\/portal\/2025\/09\/10\/sedif-refuerza-acciones-para-prevenir-el-suicidio\/","title":{"rendered":"SEDIF refuerza acciones para prevenir el suicidio"},"content":{"rendered":"\n<p class=\"wp-block-paragraph\">En el marco del <strong>D\u00eda Mundial para la Prevenci\u00f3n del Suicidio<\/strong>, el Sistema Estatal para el Desarrollo Integral de la Familia (SEDIF), que encabeza la presidenta del Patronato, <strong>Ceci Arellano<\/strong>, impulsa una estrategia integral para sensibilizar a estudiantes, docentes, madres, padres y adultos mayores sobre los factores de riesgo que afectan la salud mental y ponen en peligro la vida.<\/p>\n\n\n\n<p class=\"wp-block-paragraph\">De enero a la fecha, el \u00e1rea de Salud Mental del organismo ha brindado atenci\u00f3n a <strong>18 personas en crisis<\/strong>: 10 con ideas suicidas, seis con pensamientos recurrentes y dos que intentaron atentar contra su vida. El sector juvenil, de entre <strong>15 y 25 a\u00f1os<\/strong>, ha resultado el m\u00e1s vulnerable, aunque tambi\u00e9n se han registrado casos en personas de 26 a 35 a\u00f1os y en mayores de 36.<\/p>\n\n\n\n<p class=\"wp-block-paragraph\">Las pl\u00e1ticas, coordinadas por el \u00e1rea de Fortalecimiento a la Familia, se desarrollan en instituciones educativas y buscan fortalecer la convivencia en el hogar. Entre los temas que se abordan est\u00e1n la <strong>comunicaci\u00f3n asertiva, la crianza respetuosa, la prevenci\u00f3n de la violencia intrafamiliar y el uso responsable de redes sociales<\/strong>, adem\u00e1s de promover valores que refuercen la uni\u00f3n familiar.<\/p>\n\n\n\n<p class=\"wp-block-paragraph\">Estos encuentros tambi\u00e9n funcionan como un primer filtro para detectar a personas con pensamientos autodestructivos. En los casos identificados, los pacientes son canalizados al hospital <strong>\u201cRafael Serrano\u201d<\/strong>, donde reciben diagn\u00f3stico y tratamiento especializado para superar la crisis.<\/p>\n\n\n\n<p class=\"wp-block-paragraph\">El SEDIF reiter\u00f3 que cualquier escuela p\u00fablica o privada puede solicitar pl\u00e1ticas preventivas, capacitaciones o actividades l\u00fadicas como teatro gui\u00f1ol a trav\u00e9s del n\u00famero <strong>221 276 3692<\/strong> o directamente en sus oficinas ubicadas en la 4 Oriente 806, colonia Centro.<\/p>\n","protected":false},"excerpt":{"rendered":"<p>En el marco del D\u00eda Mundial para la Prevenci\u00f3n del Suicidio, el Sistema Estatal para el Desarrollo Integral de la Familia (SEDIF), que encabeza la presidenta del Patronato, Ceci Arellano, impulsa una estrategia integral para sensibilizar a estudiantes, docentes, madres, padres y adultos mayores sobre los factores de riesgo que afectan la salud mental y ponen en peligro la vida. De enero a la fecha, el \u00e1rea de Salud Mental del organismo ha brindado atenci\u00f3n a 18 personas en crisis: 10 con ideas suicidas, seis con pensamientos recurrentes y dos que intentaron atentar contra su vida. El sector juvenil, de entre 15 y 25 a\u00f1os, ha resultado el m\u00e1s vulnerable, aunque tambi\u00e9n se han registrado casos en personas de 26 a 35 a\u00f1os y en mayores de 36. Las pl\u00e1ticas, coordinadas por el \u00e1rea de Fortalecimiento a la Familia, se desarrollan en instituciones educativas y buscan fortalecer la convivencia en el hogar. Entre los temas que se abordan est\u00e1n la comunicaci\u00f3n asertiva, la crianza respetuosa, la prevenci\u00f3n de la violencia intrafamiliar y el uso responsable de redes sociales, adem\u00e1s de promover valores que refuercen la uni\u00f3n familiar. Estos encuentros tambi\u00e9n funcionan como un primer filtro para detectar a personas con pensamientos autodestructivos. En los casos identificados, los pacientes son canalizados al hospital \u201cRafael Serrano\u201d, donde reciben diagn\u00f3stico y tratamiento especializado para superar la crisis. El SEDIF reiter\u00f3 que cualquier escuela p\u00fablica o privada puede solicitar pl\u00e1ticas preventivas, capacitaciones o actividades l\u00fadicas como teatro gui\u00f1ol a trav\u00e9s del n\u00famero 221 276 3692 o directamente en sus oficinas ubicadas en la 4 Oriente 806, colonia Centro.<\/p>\n","protected":false},"author":3,"featured_media":76038,"comment_status":"closed","ping_status":"closed","sticky":false,"template":"","format":"standard","meta":{"_monsterinsights_skip_tracking":false,"_uf_show_specific_survey":0,"_uf_disable_surveys":false,"footnotes":""},"categories":[585,34],"tags":[723],"class_list":["post-76037","post","type-post","status-publish","format-standard","has-post-thumbnail","hentry","category-principal","category-puebla","tag-sedif"],"yoast_head":"<!-- This site is optimized with the Yoast SEO plugin v27.5 - https:\/\/yoast.com\/product\/yoast-seo-wordpress\/ -->\n<title>SEDIF refuerza acciones para prevenir el suicidio - Fer Abrajan<\/title>\n<meta name=\"description\" content=\"El SEDIF impulsa pl\u00e1ticas y atenci\u00f3n especializada para j\u00f3venes y familias, con el fin de reducir los riesgos psicosociales.\" \/>\n<meta name=\"robots\" content=\"index, follow, max-snippet:-1, max-image-preview:large, max-video-preview:-1\" \/>\n<link rel=\"canonical\" href=\"https:\/\/ferabrajan.com\/portal\/2025\/09\/10\/sedif-refuerza-acciones-para-prevenir-el-suicidio\/\" \/>\n<meta property=\"og:locale\" content=\"es_ES\" \/>\n<meta property=\"og:type\" content=\"article\" \/>\n<meta property=\"og:title\" content=\"SEDIF refuerza acciones para prevenir el suicidio - Fer Abrajan\" \/>\n<meta property=\"og:description\" content=\"El SEDIF impulsa pl\u00e1ticas y atenci\u00f3n especializada para j\u00f3venes y familias, con el fin de reducir los riesgos psicosociales.\" \/>\n<meta property=\"og:url\" content=\"https:\/\/ferabrajan.com\/portal\/2025\/09\/10\/sedif-refuerza-acciones-para-prevenir-el-suicidio\/\" \/>\n<meta property=\"og:site_name\" content=\"Fer Abrajan\" \/>\n<meta property=\"article:publisher\" content=\"https:\/\/www.facebook.com\/NoticiasconFerAbrajan\/\" \/>\n<meta property=\"article:published_time\" content=\"2025-09-10T14:44:17+00:00\" \/>\n<meta property=\"article:modified_time\" content=\"2025-09-10T14:46:00+00:00\" \/>\n<meta property=\"og:image\" content=\"https:\/\/ferabrajan.com\/portal\/wp-content\/uploads\/2025\/09\/42e8b6af-841a-4732-b1f5-5425d10aaf42.jpeg\" \/>\n\t<meta property=\"og:image:width\" content=\"1198\" \/>\n\t<meta property=\"og:image:height\" content=\"674\" \/>\n\t<meta property=\"og:image:type\" content=\"image\/jpeg\" \/>\n<meta name=\"author\" content=\"Rebeca N\u00fa\u00f1ez\" \/>\n<meta name=\"twitter:card\" content=\"summary_large_image\" \/>\n<meta name=\"twitter:creator\" content=\"@ferabrajan1\" \/>\n<meta name=\"twitter:site\" content=\"@ferabrajan1\" \/>\n<meta name=\"twitter:label1\" content=\"Escrito por\" \/>\n\t<meta name=\"twitter:data1\" content=\"Rebeca N\u00fa\u00f1ez\" \/>\n\t<meta name=\"twitter:label2\" content=\"Tiempo de lectura\" \/>\n\t<meta name=\"twitter:data2\" content=\"2 minutos\" \/>\n<script type=\"application\/ld+json\" class=\"yoast-schema-graph\">{\"@context\":\"https:\\\/\\\/schema.org\",\"@graph\":[{\"@type\":\"Article\",\"@id\":\"https:\\\/\\\/ferabrajan.com\\\/portal\\\/2025\\\/09\\\/10\\\/sedif-refuerza-acciones-para-prevenir-el-suicidio\\\/#article\",\"isPartOf\":{\"@id\":\"https:\\\/\\\/ferabrajan.com\\\/portal\\\/2025\\\/09\\\/10\\\/sedif-refuerza-acciones-para-prevenir-el-suicidio\\\/\"},\"author\":{\"name\":\"Rebeca N\u00fa\u00f1ez\",\"@id\":\"https:\\\/\\\/ferabrajan.com\\\/portal\\\/#\\\/schema\\\/person\\\/a79364e0091921e733584c4833bc7a50\"},\"headline\":\"SEDIF refuerza acciones para prevenir el suicidio\",\"datePublished\":\"2025-09-10T14:44:17+00:00\",\"dateModified\":\"2025-09-10T14:46:00+00:00\",\"mainEntityOfPage\":{\"@id\":\"https:\\\/\\\/ferabrajan.com\\\/portal\\\/2025\\\/09\\\/10\\\/sedif-refuerza-acciones-para-prevenir-el-suicidio\\\/\"},\"wordCount\":280,\"publisher\":{\"@id\":\"https:\\\/\\\/ferabrajan.com\\\/portal\\\/#organization\"},\"image\":{\"@id\":\"https:\\\/\\\/ferabrajan.com\\\/portal\\\/2025\\\/09\\\/10\\\/sedif-refuerza-acciones-para-prevenir-el-suicidio\\\/#primaryimage\"},\"thumbnailUrl\":\"https:\\\/\\\/ferabrajan.com\\\/portal\\\/wp-content\\\/uploads\\\/2025\\\/09\\\/42e8b6af-841a-4732-b1f5-5425d10aaf42.jpeg\",\"keywords\":[\"SEDIF\"],\"articleSection\":[\"Principal\",\"Puebla\"],\"inLanguage\":\"es\"},{\"@type\":\"WebPage\",\"@id\":\"https:\\\/\\\/ferabrajan.com\\\/portal\\\/2025\\\/09\\\/10\\\/sedif-refuerza-acciones-para-prevenir-el-suicidio\\\/\",\"url\":\"https:\\\/\\\/ferabrajan.com\\\/portal\\\/2025\\\/09\\\/10\\\/sedif-refuerza-acciones-para-prevenir-el-suicidio\\\/\",\"name\":\"SEDIF refuerza acciones para prevenir el suicidio - Fer Abrajan\",\"isPartOf\":{\"@id\":\"https:\\\/\\\/ferabrajan.com\\\/portal\\\/#website\"},\"primaryImageOfPage\":{\"@id\":\"https:\\\/\\\/ferabrajan.com\\\/portal\\\/2025\\\/09\\\/10\\\/sedif-refuerza-acciones-para-prevenir-el-suicidio\\\/#primaryimage\"},\"image\":{\"@id\":\"https:\\\/\\\/ferabrajan.com\\\/portal\\\/2025\\\/09\\\/10\\\/sedif-refuerza-acciones-para-prevenir-el-suicidio\\\/#primaryimage\"},\"thumbnailUrl\":\"https:\\\/\\\/ferabrajan.com\\\/portal\\\/wp-content\\\/uploads\\\/2025\\\/09\\\/42e8b6af-841a-4732-b1f5-5425d10aaf42.jpeg\",\"datePublished\":\"2025-09-10T14:44:17+00:00\",\"dateModified\":\"2025-09-10T14:46:00+00:00\",\"description\":\"El SEDIF impulsa pl\u00e1ticas y atenci\u00f3n especializada para j\u00f3venes y familias, con el fin de reducir los riesgos psicosociales.\",\"breadcrumb\":{\"@id\":\"https:\\\/\\\/ferabrajan.com\\\/portal\\\/2025\\\/09\\\/10\\\/sedif-refuerza-acciones-para-prevenir-el-suicidio\\\/#breadcrumb\"},\"inLanguage\":\"es\",\"potentialAction\":[{\"@type\":\"ReadAction\",\"target\":[\"https:\\\/\\\/ferabrajan.com\\\/portal\\\/2025\\\/09\\\/10\\\/sedif-refuerza-acciones-para-prevenir-el-suicidio\\\/\"]}]},{\"@type\":\"ImageObject\",\"inLanguage\":\"es\",\"@id\":\"https:\\\/\\\/ferabrajan.com\\\/portal\\\/2025\\\/09\\\/10\\\/sedif-refuerza-acciones-para-prevenir-el-suicidio\\\/#primaryimage\",\"url\":\"https:\\\/\\\/ferabrajan.com\\\/portal\\\/wp-content\\\/uploads\\\/2025\\\/09\\\/42e8b6af-841a-4732-b1f5-5425d10aaf42.jpeg\",\"contentUrl\":\"https:\\\/\\\/ferabrajan.com\\\/portal\\\/wp-content\\\/uploads\\\/2025\\\/09\\\/42e8b6af-841a-4732-b1f5-5425d10aaf42.jpeg\",\"width\":1198,\"height\":674},{\"@type\":\"BreadcrumbList\",\"@id\":\"https:\\\/\\\/ferabrajan.com\\\/portal\\\/2025\\\/09\\\/10\\\/sedif-refuerza-acciones-para-prevenir-el-suicidio\\\/#breadcrumb\",\"itemListElement\":[{\"@type\":\"ListItem\",\"position\":1,\"name\":\"Portada\",\"item\":\"https:\\\/\\\/ferabrajan.com\\\/portal\\\/\"},{\"@type\":\"ListItem\",\"position\":2,\"name\":\"SEDIF refuerza acciones para prevenir el suicidio\"}]},{\"@type\":\"WebSite\",\"@id\":\"https:\\\/\\\/ferabrajan.com\\\/portal\\\/#website\",\"url\":\"https:\\\/\\\/ferabrajan.com\\\/portal\\\/\",\"name\":\"Fer Abrajan\",\"description\":\"Noticias de Puebla, opini\u00f3n y radio en vivo\",\"publisher\":{\"@id\":\"https:\\\/\\\/ferabrajan.com\\\/portal\\\/#organization\"},\"potentialAction\":[{\"@type\":\"SearchAction\",\"target\":{\"@type\":\"EntryPoint\",\"urlTemplate\":\"https:\\\/\\\/ferabrajan.com\\\/portal\\\/?s={search_term_string}\"},\"query-input\":{\"@type\":\"PropertyValueSpecification\",\"valueRequired\":true,\"valueName\":\"search_term_string\"}}],\"inLanguage\":\"es\"},{\"@type\":\"Organization\",\"@id\":\"https:\\\/\\\/ferabrajan.com\\\/portal\\\/#organization\",\"name\":\"Fer Abrajan\",\"url\":\"https:\\\/\\\/ferabrajan.com\\\/portal\\\/\",\"logo\":{\"@type\":\"ImageObject\",\"inLanguage\":\"es\",\"@id\":\"https:\\\/\\\/ferabrajan.com\\\/portal\\\/#\\\/schema\\\/logo\\\/image\\\/\",\"url\":\"https:\\\/\\\/ferabrajan.com\\\/portal\\\/wp-content\\\/uploads\\\/2024\\\/10\\\/cropped-logo.jpeg\",\"contentUrl\":\"https:\\\/\\\/ferabrajan.com\\\/portal\\\/wp-content\\\/uploads\\\/2024\\\/10\\\/cropped-logo.jpeg\",\"width\":500,\"height\":250,\"caption\":\"Fer Abrajan\"},\"image\":{\"@id\":\"https:\\\/\\\/ferabrajan.com\\\/portal\\\/#\\\/schema\\\/logo\\\/image\\\/\"},\"sameAs\":[\"https:\\\/\\\/www.facebook.com\\\/NoticiasconFerAbrajan\\\/\",\"https:\\\/\\\/x.com\\\/ferabrajan1\"]},{\"@type\":\"Person\",\"@id\":\"https:\\\/\\\/ferabrajan.com\\\/portal\\\/#\\\/schema\\\/person\\\/a79364e0091921e733584c4833bc7a50\",\"name\":\"Rebeca N\u00fa\u00f1ez\",\"image\":{\"@type\":\"ImageObject\",\"inLanguage\":\"es\",\"@id\":\"https:\\\/\\\/secure.gravatar.com\\\/avatar\\\/c9cbf721287e849268cd37eca93cf4be51b2eed9e71c8d0c6825bd912000b74e?s=96&d=mm&r=g\",\"url\":\"https:\\\/\\\/secure.gravatar.com\\\/avatar\\\/c9cbf721287e849268cd37eca93cf4be51b2eed9e71c8d0c6825bd912000b74e?s=96&d=mm&r=g\",\"contentUrl\":\"https:\\\/\\\/secure.gravatar.com\\\/avatar\\\/c9cbf721287e849268cd37eca93cf4be51b2eed9e71c8d0c6825bd912000b74e?s=96&d=mm&r=g\",\"caption\":\"Rebeca N\u00fa\u00f1ez\"},\"url\":\"https:\\\/\\\/ferabrajan.com\\\/portal\\\/author\\\/rebeca\\\/\"}]}<\/script>\n<!-- \/ Yoast SEO plugin. -->","yoast_head_json":{"title":"SEDIF refuerza acciones para prevenir el suicidio - Fer Abrajan","description":"El SEDIF impulsa pl\u00e1ticas y atenci\u00f3n especializada para j\u00f3venes y familias, con el fin de reducir los riesgos psicosociales.","robots":{"index":"index","follow":"follow","max-snippet":"max-snippet:-1","max-image-preview":"max-image-preview:large","max-video-preview":"max-video-preview:-1"},"canonical":"https:\/\/ferabrajan.com\/portal\/2025\/09\/10\/sedif-refuerza-acciones-para-prevenir-el-suicidio\/","og_locale":"es_ES","og_type":"article","og_title":"SEDIF refuerza acciones para prevenir el suicidio - Fer Abrajan","og_description":"El SEDIF impulsa pl\u00e1ticas y atenci\u00f3n especializada para j\u00f3venes y familias, con el fin de reducir los riesgos psicosociales.","og_url":"https:\/\/ferabrajan.com\/portal\/2025\/09\/10\/sedif-refuerza-acciones-para-prevenir-el-suicidio\/","og_site_name":"Fer Abrajan","article_publisher":"https:\/\/www.facebook.com\/NoticiasconFerAbrajan\/","article_published_time":"2025-09-10T14:44:17+00:00","article_modified_time":"2025-09-10T14:46:00+00:00","og_image":[{"width":1198,"height":674,"url":"https:\/\/ferabrajan.com\/portal\/wp-content\/uploads\/2025\/09\/42e8b6af-841a-4732-b1f5-5425d10aaf42.jpeg","type":"image\/jpeg"}],"author":"Rebeca N\u00fa\u00f1ez","twitter_card":"summary_large_image","twitter_creator":"@ferabrajan1","twitter_site":"@ferabrajan1","twitter_misc":{"Escrito por":"Rebeca N\u00fa\u00f1ez","Tiempo de lectura":"2 minutos"},"schema":{"@context":"https:\/\/schema.org","@graph":[{"@type":"Article","@id":"https:\/\/ferabrajan.com\/portal\/2025\/09\/10\/sedif-refuerza-acciones-para-prevenir-el-suicidio\/#article","isPartOf":{"@id":"https:\/\/ferabrajan.com\/portal\/2025\/09\/10\/sedif-refuerza-acciones-para-prevenir-el-suicidio\/"},"author":{"name":"Rebeca N\u00fa\u00f1ez","@id":"https:\/\/ferabrajan.com\/portal\/#\/schema\/person\/a79364e0091921e733584c4833bc7a50"},"headline":"SEDIF refuerza acciones para prevenir el suicidio","datePublished":"2025-09-10T14:44:17+00:00","dateModified":"2025-09-10T14:46:00+00:00","mainEntityOfPage":{"@id":"https:\/\/ferabrajan.com\/portal\/2025\/09\/10\/sedif-refuerza-acciones-para-prevenir-el-suicidio\/"},"wordCount":280,"publisher":{"@id":"https:\/\/ferabrajan.com\/portal\/#organization"},"image":{"@id":"https:\/\/ferabrajan.com\/portal\/2025\/09\/10\/sedif-refuerza-acciones-para-prevenir-el-suicidio\/#primaryimage"},"thumbnailUrl":"https:\/\/ferabrajan.com\/portal\/wp-content\/uploads\/2025\/09\/42e8b6af-841a-4732-b1f5-5425d10aaf42.jpeg","keywords":["SEDIF"],"articleSection":["Principal","Puebla"],"inLanguage":"es"},{"@type":"WebPage","@id":"https:\/\/ferabrajan.com\/portal\/2025\/09\/10\/sedif-refuerza-acciones-para-prevenir-el-suicidio\/","url":"https:\/\/ferabrajan.com\/portal\/2025\/09\/10\/sedif-refuerza-acciones-para-prevenir-el-suicidio\/","name":"SEDIF refuerza acciones para prevenir el suicidio - Fer Abrajan","isPartOf":{"@id":"https:\/\/ferabrajan.com\/portal\/#website"},"primaryImageOfPage":{"@id":"https:\/\/ferabrajan.com\/portal\/2025\/09\/10\/sedif-refuerza-acciones-para-prevenir-el-suicidio\/#primaryimage"},"image":{"@id":"https:\/\/ferabrajan.com\/portal\/2025\/09\/10\/sedif-refuerza-acciones-para-prevenir-el-suicidio\/#primaryimage"},"thumbnailUrl":"https:\/\/ferabrajan.com\/portal\/wp-content\/uploads\/2025\/09\/42e8b6af-841a-4732-b1f5-5425d10aaf42.jpeg","datePublished":"2025-09-10T14:44:17+00:00","dateModified":"2025-09-10T14:46:00+00:00","description":"El SEDIF impulsa pl\u00e1ticas y atenci\u00f3n especializada para j\u00f3venes y familias, con el fin de reducir los riesgos psicosociales.","breadcrumb":{"@id":"https:\/\/ferabrajan.com\/portal\/2025\/09\/10\/sedif-refuerza-acciones-para-prevenir-el-suicidio\/#breadcrumb"},"inLanguage":"es","potentialAction":[{"@type":"ReadAction","target":["https:\/\/ferabrajan.com\/portal\/2025\/09\/10\/sedif-refuerza-acciones-para-prevenir-el-suicidio\/"]}]},{"@type":"ImageObject","inLanguage":"es","@id":"https:\/\/ferabrajan.com\/portal\/2025\/09\/10\/sedif-refuerza-acciones-para-prevenir-el-suicidio\/#primaryimage","url":"https:\/\/ferabrajan.com\/portal\/wp-content\/uploads\/2025\/09\/42e8b6af-841a-4732-b1f5-5425d10aaf42.jpeg","contentUrl":"https:\/\/ferabrajan.com\/portal\/wp-content\/uploads\/2025\/09\/42e8b6af-841a-4732-b1f5-5425d10aaf42.jpeg","width":1198,"height":674},{"@type":"BreadcrumbList","@id":"https:\/\/ferabrajan.com\/portal\/2025\/09\/10\/sedif-refuerza-acciones-para-prevenir-el-suicidio\/#breadcrumb","itemListElement":[{"@type":"ListItem","position":1,"name":"Portada","item":"https:\/\/ferabrajan.com\/portal\/"},{"@type":"ListItem","position":2,"name":"SEDIF refuerza acciones para prevenir el suicidio"}]},{"@type":"WebSite","@id":"https:\/\/ferabrajan.com\/portal\/#website","url":"https:\/\/ferabrajan.com\/portal\/","name":"Fer Abrajan","description":"Noticias de Puebla, opini\u00f3n y radio en vivo","publisher":{"@id":"https:\/\/ferabrajan.com\/portal\/#organization"},"potentialAction":[{"@type":"SearchAction","target":{"@type":"EntryPoint","urlTemplate":"https:\/\/ferabrajan.com\/portal\/?s={search_term_string}"},"query-input":{"@type":"PropertyValueSpecification","valueRequired":true,"valueName":"search_term_string"}}],"inLanguage":"es"},{"@type":"Organization","@id":"https:\/\/ferabrajan.com\/portal\/#organization","name":"Fer Abrajan","url":"https:\/\/ferabrajan.com\/portal\/","logo":{"@type":"ImageObject","inLanguage":"es","@id":"https:\/\/ferabrajan.com\/portal\/#\/schema\/logo\/image\/","url":"https:\/\/ferabrajan.com\/portal\/wp-content\/uploads\/2024\/10\/cropped-logo.jpeg","contentUrl":"https:\/\/ferabrajan.com\/portal\/wp-content\/uploads\/2024\/10\/cropped-logo.jpeg","width":500,"height":250,"caption":"Fer Abrajan"},"image":{"@id":"https:\/\/ferabrajan.com\/portal\/#\/schema\/logo\/image\/"},"sameAs":["https:\/\/www.facebook.com\/NoticiasconFerAbrajan\/","https:\/\/x.com\/ferabrajan1"]},{"@type":"Person","@id":"https:\/\/ferabrajan.com\/portal\/#\/schema\/person\/a79364e0091921e733584c4833bc7a50","name":"Rebeca N\u00fa\u00f1ez","image":{"@type":"ImageObject","inLanguage":"es","@id":"https:\/\/secure.gravatar.com\/avatar\/c9cbf721287e849268cd37eca93cf4be51b2eed9e71c8d0c6825bd912000b74e?s=96&d=mm&r=g","url":"https:\/\/secure.gravatar.com\/avatar\/c9cbf721287e849268cd37eca93cf4be51b2eed9e71c8d0c6825bd912000b74e?s=96&d=mm&r=g","contentUrl":"https:\/\/secure.gravatar.com\/avatar\/c9cbf721287e849268cd37eca93cf4be51b2eed9e71c8d0c6825bd912000b74e?s=96&d=mm&r=g","caption":"Rebeca N\u00fa\u00f1ez"},"url":"https:\/\/ferabrajan.com\/portal\/author\/rebeca\/"}]}},"_links":{"self":[{"href":"https:\/\/ferabrajan.com\/portal\/wp-json\/wp\/v2\/posts\/76037","targetHints":{"allow":["GET"]}}],"collection":[{"href":"https:\/\/ferabrajan.com\/portal\/wp-json\/wp\/v2\/posts"}],"about":[{"href":"https:\/\/ferabrajan.com\/portal\/wp-json\/wp\/v2\/types\/post"}],"author":[{"embeddable":true,"href":"https:\/\/ferabrajan.com\/portal\/wp-json\/wp\/v2\/users\/3"}],"replies":[{"embeddable":true,"href":"https:\/\/ferabrajan.com\/portal\/wp-json\/wp\/v2\/comments?post=76037"}],"version-history":[{"count":0,"href":"https:\/\/ferabrajan.com\/portal\/wp-json\/wp\/v2\/posts\/76037\/revisions"}],"wp:featuredmedia":[{"embeddable":true,"href":"https:\/\/ferabrajan.com\/portal\/wp-json\/wp\/v2\/media\/76038"}],"wp:attachment":[{"href":"https:\/\/ferabrajan.com\/portal\/wp-json\/wp\/v2\/media?parent=76037"}],"wp:term":[{"taxonomy":"category","embeddable":true,"href":"https:\/\/ferabrajan.com\/portal\/wp-json\/wp\/v2\/categories?post=76037"},{"taxonomy":"post_tag","embeddable":true,"href":"https:\/\/ferabrajan.com\/portal\/wp-json\/wp\/v2\/tags?post=76037"}],"curies":[{"name":"wp","href":"https:\/\/api.w.org\/{rel}","templated":true}]}}