{"id":76034,"date":"2025-09-09T16:13:08","date_gmt":"2025-09-09T16:13:08","guid":{"rendered":"https:\/\/ferabrajan.com\/portal\/?p=76034"},"modified":"2025-09-09T16:13:28","modified_gmt":"2025-09-09T16:13:28","slug":"adelantan-fecha-para-obtener-la-curp-biometrica-requisitos-actualizados","status":"publish","type":"post","link":"https:\/\/ferabrajan.com\/portal\/2025\/09\/09\/adelantan-fecha-para-obtener-la-curp-biometrica-requisitos-actualizados\/","title":{"rendered":"Adelantan fecha para obtener la CURP Biom\u00e9trica: requisitos actualizados"},"content":{"rendered":"\n<p class=\"wp-block-paragraph\"><strong>La nueva\u00a0CURP biom\u00e9trica<\/strong>\u00a0es una versi\u00f3n m\u00e1s actualizada de la\u00a0<strong>Clave \u00danica de Registro de Poblaci\u00f3n en M\u00e9xico<\/strong>, la cual servir\u00e1 como\u00a0<strong>una nueva forma de identificaci\u00f3n nacional<\/strong>, tal como funciona en otros pa\u00edses.\u00a0<\/p>\n\n\n\n<p class=\"wp-block-paragraph\">Debido a que este&nbsp;<strong>es un gran cambio para el pa\u00eds,<\/strong>&nbsp;se necesita tomar<strong>&nbsp;los datos biom\u00e9tricos de todos los mexicanos,<\/strong>&nbsp;por lo que comenzar\u00e1 a realizarse el registro&nbsp;<strong>de manera progresiva<\/strong>, para que&nbsp;<strong>en el 2026,<\/strong>&nbsp;la gran mayor\u00eda&nbsp;<strong>ya cuente con este documento.<\/strong><\/p>\n\n\n\n<p class=\"wp-block-paragraph\">En gran parte del territorio mexicano<strong>\u00a0esta opci\u00f3n se realizar\u00e1 a partir de octubre de 2025<\/strong>. Sin embargo, un estado ha adelantado el registro de la\u00a0<strong>nueva\u00a0CURP Biom\u00e9trica<\/strong>\u00a0y aqu\u00ed te decimos<strong>\u00a0la nueva fecha.\u00a0<\/strong><\/p>\n\n\n\n<h2 class=\"wp-block-heading\">\u00bfCu\u00e1l es la nueva fecha en a que podr\u00e1s tr\u00e1mitar la CURP Biom\u00e9trica?<\/h2>\n\n\n\n<p class=\"wp-block-paragraph\">Seg\u00fan lo mencionado por&nbsp;<strong>Miriam Torres Monroy,<\/strong>&nbsp;directora del&nbsp;<strong>Registro del Estado Familiar,&nbsp;<\/strong>inform\u00f3 que<strong>&nbsp;en el estado de Hidalgo,&nbsp;<\/strong>comenzar\u00e1n los tr\u00e1mites para obtener la CURP Biom\u00e9trica&nbsp;<strong>el pr\u00f3ximo 15 de septiembre.&nbsp;<\/strong><\/p>\n\n\n\n<p class=\"wp-block-paragraph\">La directora mencion\u00f3 en una conferencia de prensa que<strong>&nbsp;la primera etapa iniciar\u00e1 en septiembre<\/strong>&nbsp;para cumplir&nbsp;<strong>con el plazo establecido por la ley que exige su aplicaci\u00f3n 90 d\u00edas<\/strong>&nbsp;tras su publicaci\u00f3n en el&nbsp;<strong>Diario Oficial de la Federaci\u00f3n (DOF).&nbsp;<\/strong><\/p>\n\n\n\n<p class=\"wp-block-paragraph\">La funcionaria explic\u00f3 que&nbsp;<strong>en Hidalgo ser\u00e1 el Registro del Estado Familiar&nbsp;<\/strong>la instituci\u00f3n responsable de<strong>&nbsp;capturar todos los datos biom\u00e9tricos&nbsp;&nbsp;<\/strong>y actualmente&nbsp;<strong>est\u00e1n en capacitaci\u00f3n cinco personas para realizar el proceso.<\/strong><\/p>\n\n\n\n<blockquote class=\"wp-block-quote is-layout-flow wp-block-quote-is-layout-flow\">\n<p class=\"wp-block-paragraph\">\u201cTenemos que llegar a todo Hidalgo, ser\u00e1 de manera gradual y no va a ser obligatoria por el momento, ser\u00e1 un tr\u00e1mite voluntario\u201d, apunt\u00f3 la funcionaria estatal.<\/p>\n<\/blockquote>\n\n\n\n<p class=\"wp-block-paragraph\">Por el momento<strong>&nbsp;el tr\u00e1mite de la CURP se realizar\u00e1 en el<\/strong><strong>&nbsp;Registro del Estado Familiar&nbsp;<\/strong>y luego&nbsp;<strong>se extender\u00e1 a todo el territorio de Hidalgo con campa\u00f1as de atualizaci\u00f3n.&nbsp;<\/strong><\/p>\n\n\n\n<p class=\"wp-block-paragraph\">En la primera etapa, el registro&nbsp;<strong>ser\u00e1 obligatorio para trabajadores del gobierno estatal&nbsp;<\/strong>y de ayuntamientos,<strong>&nbsp;as\u00ed como de organismos aut\u00f3nomos.<\/strong><\/p>\n\n\n\n<h2 class=\"wp-block-heading\">\u00bfCu\u00e1les son los requisitos para obtenr la CURP Biom\u00e9trica?&nbsp;<\/h2>\n\n\n\n<p class=\"wp-block-paragraph\">Para tramitar la CURP biom\u00e9trica, los adultos deben presentar en original y copia:<\/p>\n\n\n\n<ul class=\"wp-block-list\">\n<li>Acta de nacimiento actualizada y certificada.<\/li>\n\n\n\n<li>Identificaci\u00f3n oficial vigente con fotograf\u00eda (INE, pasaporte, c\u00e9dula profesional, licencia de conducir, etc.).<\/li>\n\n\n\n<li>CURP tradicional validada por RENAPO.<\/li>\n\n\n\n<li>Comprobante de domicilio reciente (no mayor a 3 meses).<\/li>\n\n\n\n<li>Correo electr\u00f3nico personal y activo.<\/li>\n<\/ul>\n\n\n\n<p class=\"wp-block-paragraph\">En el caso de menores de edad, se requiere acudir con<strong>&nbsp;padre, madre o tutor legal<\/strong>, quienes deben&nbsp;<strong>presentar su propia identificaci\u00f3n oficial&nbsp;<\/strong>para acreditar&nbsp;<strong>parentesco, adem\u00e1s del correo electr\u00f3nico.<\/strong><\/p>\n\n\n\n<p class=\"wp-block-paragraph\">Con Informaci\u00f3n de: <a href=\"https:\/\/www.msn.com\/es-mx\/noticias\/other\/importante-adelantan-fecha-para-obtener-la-curp-biom%C3%A9trica-requisitos-actualizados\/ar-AA1M9db6?ocid=msedgntp&amp;pc=HCTS&amp;cvid=68c04e6466df46059f7a64de8a129db0&amp;ei=22\">https:\/\/www.msn.com\/es-mx\/noticias\/other\/importante-adelantan-fecha-para-obtener-la-curp-biom%C3%A9trica-requisitos-actualizados\/ar-AA1M9db6?ocid=msedgntp&amp;pc=HCTS&amp;cvid=68c04e6466df46059f7a64de8a129db0&amp;ei=22<\/a><\/p>\n","protected":false},"excerpt":{"rendered":"<p>En gran parte del territorio mexicano\u00a0esta opci\u00f3n se realizar\u00e1 a partir de octubre de 2025<\/p>\n","protected":false},"author":1,"featured_media":76035,"comment_status":"closed","ping_status":"closed","sticky":false,"template":"","format":"standard","meta":{"_monsterinsights_skip_tracking":false,"_uf_show_specific_survey":0,"_uf_disable_surveys":false,"footnotes":""},"categories":[52,585],"tags":[2866],"class_list":["post-76034","post","type-post","status-publish","format-standard","has-post-thumbnail","hentry","category-nacional","category-principal","tag-curp-biometrica"],"yoast_head":"<!-- This site is optimized with the Yoast SEO plugin v27.5 - https:\/\/yoast.com\/product\/yoast-seo-wordpress\/ -->\n<title>Adelantan fecha para obtener la CURP Biom\u00e9trica: requisitos actualizados - Fer Abrajan<\/title>\n<meta name=\"description\" content=\"En gran parte del territorio mexicano\u00a0esta opci\u00f3n se realizar\u00e1 a partir de octubre de 2025\" \/>\n<meta name=\"robots\" content=\"index, follow, max-snippet:-1, max-image-preview:large, max-video-preview:-1\" \/>\n<link rel=\"canonical\" href=\"https:\/\/ferabrajan.com\/portal\/2025\/09\/09\/adelantan-fecha-para-obtener-la-curp-biometrica-requisitos-actualizados\/\" \/>\n<meta property=\"og:locale\" content=\"es_ES\" \/>\n<meta property=\"og:type\" content=\"article\" \/>\n<meta property=\"og:title\" content=\"Adelantan fecha para obtener la CURP Biom\u00e9trica: requisitos actualizados - Fer Abrajan\" \/>\n<meta property=\"og:description\" content=\"En gran parte del territorio mexicano\u00a0esta opci\u00f3n se realizar\u00e1 a partir de octubre de 2025\" \/>\n<meta property=\"og:url\" content=\"https:\/\/ferabrajan.com\/portal\/2025\/09\/09\/adelantan-fecha-para-obtener-la-curp-biometrica-requisitos-actualizados\/\" \/>\n<meta property=\"og:site_name\" content=\"Fer Abrajan\" \/>\n<meta property=\"article:publisher\" content=\"https:\/\/www.facebook.com\/NoticiasconFerAbrajan\/\" \/>\n<meta property=\"article:published_time\" content=\"2025-09-09T16:13:08+00:00\" \/>\n<meta property=\"article:modified_time\" content=\"2025-09-09T16:13:28+00:00\" \/>\n<meta property=\"og:image\" content=\"https:\/\/ferabrajan.com\/portal\/wp-content\/uploads\/2025\/09\/curp.jpg\" \/>\n\t<meta property=\"og:image:width\" content=\"612\" \/>\n\t<meta property=\"og:image:height\" content=\"304\" \/>\n\t<meta property=\"og:image:type\" content=\"image\/jpeg\" \/>\n<meta name=\"author\" content=\"admin\" \/>\n<meta name=\"twitter:card\" content=\"summary_large_image\" \/>\n<meta name=\"twitter:creator\" content=\"@ferabrajan1\" \/>\n<meta name=\"twitter:site\" content=\"@ferabrajan1\" \/>\n<meta name=\"twitter:label1\" content=\"Escrito por\" \/>\n\t<meta name=\"twitter:data1\" content=\"admin\" \/>\n\t<meta name=\"twitter:label2\" content=\"Tiempo de lectura\" \/>\n\t<meta name=\"twitter:data2\" content=\"2 minutos\" \/>\n<script type=\"application\/ld+json\" class=\"yoast-schema-graph\">{\"@context\":\"https:\\\/\\\/schema.org\",\"@graph\":[{\"@type\":\"Article\",\"@id\":\"https:\\\/\\\/ferabrajan.com\\\/portal\\\/2025\\\/09\\\/09\\\/adelantan-fecha-para-obtener-la-curp-biometrica-requisitos-actualizados\\\/#article\",\"isPartOf\":{\"@id\":\"https:\\\/\\\/ferabrajan.com\\\/portal\\\/2025\\\/09\\\/09\\\/adelantan-fecha-para-obtener-la-curp-biometrica-requisitos-actualizados\\\/\"},\"author\":{\"name\":\"admin\",\"@id\":\"https:\\\/\\\/ferabrajan.com\\\/portal\\\/#\\\/schema\\\/person\\\/f6113b3cb1e036d5c6a9505685b257ba\"},\"headline\":\"Adelantan fecha para obtener la CURP Biom\u00e9trica: requisitos actualizados\",\"datePublished\":\"2025-09-09T16:13:08+00:00\",\"dateModified\":\"2025-09-09T16:13:28+00:00\",\"mainEntityOfPage\":{\"@id\":\"https:\\\/\\\/ferabrajan.com\\\/portal\\\/2025\\\/09\\\/09\\\/adelantan-fecha-para-obtener-la-curp-biometrica-requisitos-actualizados\\\/\"},\"wordCount\":528,\"publisher\":{\"@id\":\"https:\\\/\\\/ferabrajan.com\\\/portal\\\/#organization\"},\"image\":{\"@id\":\"https:\\\/\\\/ferabrajan.com\\\/portal\\\/2025\\\/09\\\/09\\\/adelantan-fecha-para-obtener-la-curp-biometrica-requisitos-actualizados\\\/#primaryimage\"},\"thumbnailUrl\":\"https:\\\/\\\/ferabrajan.com\\\/portal\\\/wp-content\\\/uploads\\\/2025\\\/09\\\/curp.jpg\",\"keywords\":[\"Curp Biom\u00e9trica\"],\"articleSection\":[\"Nacional\",\"Principal\"],\"inLanguage\":\"es\"},{\"@type\":\"WebPage\",\"@id\":\"https:\\\/\\\/ferabrajan.com\\\/portal\\\/2025\\\/09\\\/09\\\/adelantan-fecha-para-obtener-la-curp-biometrica-requisitos-actualizados\\\/\",\"url\":\"https:\\\/\\\/ferabrajan.com\\\/portal\\\/2025\\\/09\\\/09\\\/adelantan-fecha-para-obtener-la-curp-biometrica-requisitos-actualizados\\\/\",\"name\":\"Adelantan fecha para obtener la CURP Biom\u00e9trica: requisitos actualizados - Fer Abrajan\",\"isPartOf\":{\"@id\":\"https:\\\/\\\/ferabrajan.com\\\/portal\\\/#website\"},\"primaryImageOfPage\":{\"@id\":\"https:\\\/\\\/ferabrajan.com\\\/portal\\\/2025\\\/09\\\/09\\\/adelantan-fecha-para-obtener-la-curp-biometrica-requisitos-actualizados\\\/#primaryimage\"},\"image\":{\"@id\":\"https:\\\/\\\/ferabrajan.com\\\/portal\\\/2025\\\/09\\\/09\\\/adelantan-fecha-para-obtener-la-curp-biometrica-requisitos-actualizados\\\/#primaryimage\"},\"thumbnailUrl\":\"https:\\\/\\\/ferabrajan.com\\\/portal\\\/wp-content\\\/uploads\\\/2025\\\/09\\\/curp.jpg\",\"datePublished\":\"2025-09-09T16:13:08+00:00\",\"dateModified\":\"2025-09-09T16:13:28+00:00\",\"description\":\"En gran parte del territorio mexicano\u00a0esta opci\u00f3n se realizar\u00e1 a partir de octubre de 2025\",\"breadcrumb\":{\"@id\":\"https:\\\/\\\/ferabrajan.com\\\/portal\\\/2025\\\/09\\\/09\\\/adelantan-fecha-para-obtener-la-curp-biometrica-requisitos-actualizados\\\/#breadcrumb\"},\"inLanguage\":\"es\",\"potentialAction\":[{\"@type\":\"ReadAction\",\"target\":[\"https:\\\/\\\/ferabrajan.com\\\/portal\\\/2025\\\/09\\\/09\\\/adelantan-fecha-para-obtener-la-curp-biometrica-requisitos-actualizados\\\/\"]}]},{\"@type\":\"ImageObject\",\"inLanguage\":\"es\",\"@id\":\"https:\\\/\\\/ferabrajan.com\\\/portal\\\/2025\\\/09\\\/09\\\/adelantan-fecha-para-obtener-la-curp-biometrica-requisitos-actualizados\\\/#primaryimage\",\"url\":\"https:\\\/\\\/ferabrajan.com\\\/portal\\\/wp-content\\\/uploads\\\/2025\\\/09\\\/curp.jpg\",\"contentUrl\":\"https:\\\/\\\/ferabrajan.com\\\/portal\\\/wp-content\\\/uploads\\\/2025\\\/09\\\/curp.jpg\",\"width\":612,\"height\":304},{\"@type\":\"BreadcrumbList\",\"@id\":\"https:\\\/\\\/ferabrajan.com\\\/portal\\\/2025\\\/09\\\/09\\\/adelantan-fecha-para-obtener-la-curp-biometrica-requisitos-actualizados\\\/#breadcrumb\",\"itemListElement\":[{\"@type\":\"ListItem\",\"position\":1,\"name\":\"Portada\",\"item\":\"https:\\\/\\\/ferabrajan.com\\\/portal\\\/\"},{\"@type\":\"ListItem\",\"position\":2,\"name\":\"Adelantan fecha para obtener la CURP Biom\u00e9trica: requisitos actualizados\"}]},{\"@type\":\"WebSite\",\"@id\":\"https:\\\/\\\/ferabrajan.com\\\/portal\\\/#website\",\"url\":\"https:\\\/\\\/ferabrajan.com\\\/portal\\\/\",\"name\":\"Fer Abrajan\",\"description\":\"Noticias de Puebla, opini\u00f3n y radio en vivo\",\"publisher\":{\"@id\":\"https:\\\/\\\/ferabrajan.com\\\/portal\\\/#organization\"},\"potentialAction\":[{\"@type\":\"SearchAction\",\"target\":{\"@type\":\"EntryPoint\",\"urlTemplate\":\"https:\\\/\\\/ferabrajan.com\\\/portal\\\/?s={search_term_string}\"},\"query-input\":{\"@type\":\"PropertyValueSpecification\",\"valueRequired\":true,\"valueName\":\"search_term_string\"}}],\"inLanguage\":\"es\"},{\"@type\":\"Organization\",\"@id\":\"https:\\\/\\\/ferabrajan.com\\\/portal\\\/#organization\",\"name\":\"Fer Abrajan\",\"url\":\"https:\\\/\\\/ferabrajan.com\\\/portal\\\/\",\"logo\":{\"@type\":\"ImageObject\",\"inLanguage\":\"es\",\"@id\":\"https:\\\/\\\/ferabrajan.com\\\/portal\\\/#\\\/schema\\\/logo\\\/image\\\/\",\"url\":\"https:\\\/\\\/ferabrajan.com\\\/portal\\\/wp-content\\\/uploads\\\/2024\\\/10\\\/cropped-logo.jpeg\",\"contentUrl\":\"https:\\\/\\\/ferabrajan.com\\\/portal\\\/wp-content\\\/uploads\\\/2024\\\/10\\\/cropped-logo.jpeg\",\"width\":500,\"height\":250,\"caption\":\"Fer Abrajan\"},\"image\":{\"@id\":\"https:\\\/\\\/ferabrajan.com\\\/portal\\\/#\\\/schema\\\/logo\\\/image\\\/\"},\"sameAs\":[\"https:\\\/\\\/www.facebook.com\\\/NoticiasconFerAbrajan\\\/\",\"https:\\\/\\\/x.com\\\/ferabrajan1\"]},{\"@type\":\"Person\",\"@id\":\"https:\\\/\\\/ferabrajan.com\\\/portal\\\/#\\\/schema\\\/person\\\/f6113b3cb1e036d5c6a9505685b257ba\",\"name\":\"admin\",\"image\":{\"@type\":\"ImageObject\",\"inLanguage\":\"es\",\"@id\":\"https:\\\/\\\/secure.gravatar.com\\\/avatar\\\/072baa72775aad53c748dfc5d3048578e01b6c087eef335459ebfa04344e2d18?s=96&d=mm&r=g\",\"url\":\"https:\\\/\\\/secure.gravatar.com\\\/avatar\\\/072baa72775aad53c748dfc5d3048578e01b6c087eef335459ebfa04344e2d18?s=96&d=mm&r=g\",\"contentUrl\":\"https:\\\/\\\/secure.gravatar.com\\\/avatar\\\/072baa72775aad53c748dfc5d3048578e01b6c087eef335459ebfa04344e2d18?s=96&d=mm&r=g\",\"caption\":\"admin\"},\"sameAs\":[\"https:\\\/\\\/ferabrajan.com\\\/portal\"],\"url\":\"https:\\\/\\\/ferabrajan.com\\\/portal\\\/author\\\/admin\\\/\"}]}<\/script>\n<!-- \/ Yoast SEO plugin. -->","yoast_head_json":{"title":"Adelantan fecha para obtener la CURP Biom\u00e9trica: requisitos actualizados - Fer Abrajan","description":"En gran parte del territorio mexicano\u00a0esta opci\u00f3n se realizar\u00e1 a partir de octubre de 2025","robots":{"index":"index","follow":"follow","max-snippet":"max-snippet:-1","max-image-preview":"max-image-preview:large","max-video-preview":"max-video-preview:-1"},"canonical":"https:\/\/ferabrajan.com\/portal\/2025\/09\/09\/adelantan-fecha-para-obtener-la-curp-biometrica-requisitos-actualizados\/","og_locale":"es_ES","og_type":"article","og_title":"Adelantan fecha para obtener la CURP Biom\u00e9trica: requisitos actualizados - Fer Abrajan","og_description":"En gran parte del territorio mexicano\u00a0esta opci\u00f3n se realizar\u00e1 a partir de octubre de 2025","og_url":"https:\/\/ferabrajan.com\/portal\/2025\/09\/09\/adelantan-fecha-para-obtener-la-curp-biometrica-requisitos-actualizados\/","og_site_name":"Fer Abrajan","article_publisher":"https:\/\/www.facebook.com\/NoticiasconFerAbrajan\/","article_published_time":"2025-09-09T16:13:08+00:00","article_modified_time":"2025-09-09T16:13:28+00:00","og_image":[{"width":612,"height":304,"url":"https:\/\/ferabrajan.com\/portal\/wp-content\/uploads\/2025\/09\/curp.jpg","type":"image\/jpeg"}],"author":"admin","twitter_card":"summary_large_image","twitter_creator":"@ferabrajan1","twitter_site":"@ferabrajan1","twitter_misc":{"Escrito por":"admin","Tiempo de lectura":"2 minutos"},"schema":{"@context":"https:\/\/schema.org","@graph":[{"@type":"Article","@id":"https:\/\/ferabrajan.com\/portal\/2025\/09\/09\/adelantan-fecha-para-obtener-la-curp-biometrica-requisitos-actualizados\/#article","isPartOf":{"@id":"https:\/\/ferabrajan.com\/portal\/2025\/09\/09\/adelantan-fecha-para-obtener-la-curp-biometrica-requisitos-actualizados\/"},"author":{"name":"admin","@id":"https:\/\/ferabrajan.com\/portal\/#\/schema\/person\/f6113b3cb1e036d5c6a9505685b257ba"},"headline":"Adelantan fecha para obtener la CURP Biom\u00e9trica: requisitos actualizados","datePublished":"2025-09-09T16:13:08+00:00","dateModified":"2025-09-09T16:13:28+00:00","mainEntityOfPage":{"@id":"https:\/\/ferabrajan.com\/portal\/2025\/09\/09\/adelantan-fecha-para-obtener-la-curp-biometrica-requisitos-actualizados\/"},"wordCount":528,"publisher":{"@id":"https:\/\/ferabrajan.com\/portal\/#organization"},"image":{"@id":"https:\/\/ferabrajan.com\/portal\/2025\/09\/09\/adelantan-fecha-para-obtener-la-curp-biometrica-requisitos-actualizados\/#primaryimage"},"thumbnailUrl":"https:\/\/ferabrajan.com\/portal\/wp-content\/uploads\/2025\/09\/curp.jpg","keywords":["Curp Biom\u00e9trica"],"articleSection":["Nacional","Principal"],"inLanguage":"es"},{"@type":"WebPage","@id":"https:\/\/ferabrajan.com\/portal\/2025\/09\/09\/adelantan-fecha-para-obtener-la-curp-biometrica-requisitos-actualizados\/","url":"https:\/\/ferabrajan.com\/portal\/2025\/09\/09\/adelantan-fecha-para-obtener-la-curp-biometrica-requisitos-actualizados\/","name":"Adelantan fecha para obtener la CURP Biom\u00e9trica: requisitos actualizados - Fer Abrajan","isPartOf":{"@id":"https:\/\/ferabrajan.com\/portal\/#website"},"primaryImageOfPage":{"@id":"https:\/\/ferabrajan.com\/portal\/2025\/09\/09\/adelantan-fecha-para-obtener-la-curp-biometrica-requisitos-actualizados\/#primaryimage"},"image":{"@id":"https:\/\/ferabrajan.com\/portal\/2025\/09\/09\/adelantan-fecha-para-obtener-la-curp-biometrica-requisitos-actualizados\/#primaryimage"},"thumbnailUrl":"https:\/\/ferabrajan.com\/portal\/wp-content\/uploads\/2025\/09\/curp.jpg","datePublished":"2025-09-09T16:13:08+00:00","dateModified":"2025-09-09T16:13:28+00:00","description":"En gran parte del territorio mexicano\u00a0esta opci\u00f3n se realizar\u00e1 a partir de octubre de 2025","breadcrumb":{"@id":"https:\/\/ferabrajan.com\/portal\/2025\/09\/09\/adelantan-fecha-para-obtener-la-curp-biometrica-requisitos-actualizados\/#breadcrumb"},"inLanguage":"es","potentialAction":[{"@type":"ReadAction","target":["https:\/\/ferabrajan.com\/portal\/2025\/09\/09\/adelantan-fecha-para-obtener-la-curp-biometrica-requisitos-actualizados\/"]}]},{"@type":"ImageObject","inLanguage":"es","@id":"https:\/\/ferabrajan.com\/portal\/2025\/09\/09\/adelantan-fecha-para-obtener-la-curp-biometrica-requisitos-actualizados\/#primaryimage","url":"https:\/\/ferabrajan.com\/portal\/wp-content\/uploads\/2025\/09\/curp.jpg","contentUrl":"https:\/\/ferabrajan.com\/portal\/wp-content\/uploads\/2025\/09\/curp.jpg","width":612,"height":304},{"@type":"BreadcrumbList","@id":"https:\/\/ferabrajan.com\/portal\/2025\/09\/09\/adelantan-fecha-para-obtener-la-curp-biometrica-requisitos-actualizados\/#breadcrumb","itemListElement":[{"@type":"ListItem","position":1,"name":"Portada","item":"https:\/\/ferabrajan.com\/portal\/"},{"@type":"ListItem","position":2,"name":"Adelantan fecha para obtener la CURP Biom\u00e9trica: requisitos actualizados"}]},{"@type":"WebSite","@id":"https:\/\/ferabrajan.com\/portal\/#website","url":"https:\/\/ferabrajan.com\/portal\/","name":"Fer Abrajan","description":"Noticias de Puebla, opini\u00f3n y radio en vivo","publisher":{"@id":"https:\/\/ferabrajan.com\/portal\/#organization"},"potentialAction":[{"@type":"SearchAction","target":{"@type":"EntryPoint","urlTemplate":"https:\/\/ferabrajan.com\/portal\/?s={search_term_string}"},"query-input":{"@type":"PropertyValueSpecification","valueRequired":true,"valueName":"search_term_string"}}],"inLanguage":"es"},{"@type":"Organization","@id":"https:\/\/ferabrajan.com\/portal\/#organization","name":"Fer Abrajan","url":"https:\/\/ferabrajan.com\/portal\/","logo":{"@type":"ImageObject","inLanguage":"es","@id":"https:\/\/ferabrajan.com\/portal\/#\/schema\/logo\/image\/","url":"https:\/\/ferabrajan.com\/portal\/wp-content\/uploads\/2024\/10\/cropped-logo.jpeg","contentUrl":"https:\/\/ferabrajan.com\/portal\/wp-content\/uploads\/2024\/10\/cropped-logo.jpeg","width":500,"height":250,"caption":"Fer Abrajan"},"image":{"@id":"https:\/\/ferabrajan.com\/portal\/#\/schema\/logo\/image\/"},"sameAs":["https:\/\/www.facebook.com\/NoticiasconFerAbrajan\/","https:\/\/x.com\/ferabrajan1"]},{"@type":"Person","@id":"https:\/\/ferabrajan.com\/portal\/#\/schema\/person\/f6113b3cb1e036d5c6a9505685b257ba","name":"admin","image":{"@type":"ImageObject","inLanguage":"es","@id":"https:\/\/secure.gravatar.com\/avatar\/072baa72775aad53c748dfc5d3048578e01b6c087eef335459ebfa04344e2d18?s=96&d=mm&r=g","url":"https:\/\/secure.gravatar.com\/avatar\/072baa72775aad53c748dfc5d3048578e01b6c087eef335459ebfa04344e2d18?s=96&d=mm&r=g","contentUrl":"https:\/\/secure.gravatar.com\/avatar\/072baa72775aad53c748dfc5d3048578e01b6c087eef335459ebfa04344e2d18?s=96&d=mm&r=g","caption":"admin"},"sameAs":["https:\/\/ferabrajan.com\/portal"],"url":"https:\/\/ferabrajan.com\/portal\/author\/admin\/"}]}},"_links":{"self":[{"href":"https:\/\/ferabrajan.com\/portal\/wp-json\/wp\/v2\/posts\/76034","targetHints":{"allow":["GET"]}}],"collection":[{"href":"https:\/\/ferabrajan.com\/portal\/wp-json\/wp\/v2\/posts"}],"about":[{"href":"https:\/\/ferabrajan.com\/portal\/wp-json\/wp\/v2\/types\/post"}],"author":[{"embeddable":true,"href":"https:\/\/ferabrajan.com\/portal\/wp-json\/wp\/v2\/users\/1"}],"replies":[{"embeddable":true,"href":"https:\/\/ferabrajan.com\/portal\/wp-json\/wp\/v2\/comments?post=76034"}],"version-history":[{"count":0,"href":"https:\/\/ferabrajan.com\/portal\/wp-json\/wp\/v2\/posts\/76034\/revisions"}],"wp:featuredmedia":[{"embeddable":true,"href":"https:\/\/ferabrajan.com\/portal\/wp-json\/wp\/v2\/media\/76035"}],"wp:attachment":[{"href":"https:\/\/ferabrajan.com\/portal\/wp-json\/wp\/v2\/media?parent=76034"}],"wp:term":[{"taxonomy":"category","embeddable":true,"href":"https:\/\/ferabrajan.com\/portal\/wp-json\/wp\/v2\/categories?post=76034"},{"taxonomy":"post_tag","embeddable":true,"href":"https:\/\/ferabrajan.com\/portal\/wp-json\/wp\/v2\/tags?post=76034"}],"curies":[{"name":"wp","href":"https:\/\/api.w.org\/{rel}","templated":true}]}}