{"id":76030,"date":"2025-09-09T16:01:21","date_gmt":"2025-09-09T16:01:21","guid":{"rendered":"https:\/\/ferabrajan.com\/portal\/?p=76030"},"modified":"2025-09-09T16:01:34","modified_gmt":"2025-09-09T16:01:34","slug":"lluvias-intensas-en-puebla-calor-extremo-en-el-norte-del-pais","status":"publish","type":"post","link":"https:\/\/ferabrajan.com\/portal\/2025\/09\/09\/lluvias-intensas-en-puebla-calor-extremo-en-el-norte-del-pais\/","title":{"rendered":"Lluvias intensas en Puebla; calor extremo en el norte del pa\u00eds"},"content":{"rendered":"\n<p class=\"wp-block-paragraph\">CIUDAD DE M\u00c9XICO.\u2013 Para este martes se esperan <strong>lluvias intensas en Oaxaca y Chiapas<\/strong>, con acumulados de hasta <strong>150 mil\u00edmetros<\/strong>, adem\u00e1s de precipitaciones muy fuertes en entidades como <strong>Sinaloa, Jalisco, Colima, Michoac\u00e1n, Guerrero, Veracruz, Puebla y Yucat\u00e1n<\/strong>. Estas condiciones podr\u00edan provocar <strong>deslaves, inundaciones y crecidas de r\u00edos y arroyos<\/strong>, advirti\u00f3 el <strong>Servicio Meteorol\u00f3gico Nacional (SMN)<\/strong>.<\/p>\n\n\n\n<p class=\"wp-block-paragraph\">En paralelo, continuar\u00e1 el <strong>ambiente caluroso a muy caluroso en el norte, litoral del Pac\u00edfico, Golfo de M\u00e9xico y Pen\u00ednsula de Yucat\u00e1n<\/strong>, con temperaturas m\u00e1ximas de <strong>40 a 45 grados Celsius en Baja California y Sonora<\/strong>, as\u00ed como de <strong>35 a 40 grados<\/strong> en al menos 10 estados m\u00e1s. En contraste, por la ma\u00f1ana se esperan m\u00ednimas de <strong>0 a 5 grados<\/strong> en zonas monta\u00f1osas de <strong>Durango, Puebla y Estado de M\u00e9xico<\/strong>.<\/p>\n\n\n\n<p class=\"wp-block-paragraph\">El pron\u00f3stico tambi\u00e9n contempla <strong>rachas de viento de hasta 60 km\/h<\/strong> en Baja California, Baja California Sur, Coahuila, Nuevo Le\u00f3n, Tamaulipas, Puebla, Oaxaca y Chiapas, as\u00ed como <strong>oleaje de 1 a 2 metros<\/strong> en las costas de la pen\u00ednsula de Baja California, Oaxaca y Chiapas.<\/p>\n\n\n\n<p class=\"wp-block-paragraph\">El SMN exhort\u00f3 a la poblaci\u00f3n a <strong>mantenerse informada<\/strong>, seguir las recomendaciones de <strong>Protecci\u00f3n Civil<\/strong> y tomar precauciones como evitar la exposici\u00f3n solar prolongada, hidratarse constantemente y prestar especial atenci\u00f3n a <strong>ni\u00f1os, adultos mayores y personas con enfermedades cr\u00f3nicas<\/strong>.<\/p>\n","protected":false},"excerpt":{"rendered":"<p>El SMN pronostica precipitaciones de hasta 150 mm en el sureste, mientras que en el norte y costas del pa\u00eds se esperan temperaturas superiores a 40 grados.<\/p>\n","protected":false},"author":1,"featured_media":76031,"comment_status":"closed","ping_status":"closed","sticky":false,"template":"","format":"standard","meta":{"_monsterinsights_skip_tracking":false,"_uf_show_specific_survey":0,"_uf_disable_surveys":false,"footnotes":""},"categories":[52,585],"tags":[],"class_list":["post-76030","post","type-post","status-publish","format-standard","has-post-thumbnail","hentry","category-nacional","category-principal"],"yoast_head":"<!-- This site is optimized with the Yoast SEO plugin v27.5 - https:\/\/yoast.com\/product\/yoast-seo-wordpress\/ -->\n<title>Lluvias intensas en Puebla; calor extremo en el norte del pa\u00eds - Fer Abrajan<\/title>\n<meta name=\"description\" content=\"El SMN pronostica precipitaciones de hasta 150 mm en el sureste, mientras que en el norte y costas del pa\u00eds se esperan temperaturas superiores a 40 grados.\" \/>\n<meta name=\"robots\" content=\"index, follow, max-snippet:-1, max-image-preview:large, max-video-preview:-1\" \/>\n<link rel=\"canonical\" href=\"https:\/\/ferabrajan.com\/portal\/2025\/09\/09\/lluvias-intensas-en-puebla-calor-extremo-en-el-norte-del-pais\/\" \/>\n<meta property=\"og:locale\" content=\"es_ES\" \/>\n<meta property=\"og:type\" content=\"article\" \/>\n<meta property=\"og:title\" content=\"Lluvias intensas en Puebla; calor extremo en el norte del pa\u00eds - Fer Abrajan\" \/>\n<meta property=\"og:description\" content=\"El SMN pronostica precipitaciones de hasta 150 mm en el sureste, mientras que en el norte y costas del pa\u00eds se esperan temperaturas superiores a 40 grados.\" \/>\n<meta property=\"og:url\" content=\"https:\/\/ferabrajan.com\/portal\/2025\/09\/09\/lluvias-intensas-en-puebla-calor-extremo-en-el-norte-del-pais\/\" \/>\n<meta property=\"og:site_name\" content=\"Fer Abrajan\" \/>\n<meta property=\"article:publisher\" content=\"https:\/\/www.facebook.com\/NoticiasconFerAbrajan\/\" \/>\n<meta property=\"article:published_time\" content=\"2025-09-09T16:01:21+00:00\" \/>\n<meta property=\"article:modified_time\" content=\"2025-09-09T16:01:34+00:00\" \/>\n<meta property=\"og:image\" content=\"https:\/\/ferabrajan.com\/portal\/wp-content\/uploads\/2025\/09\/infografia_general.jpg\" \/>\n\t<meta property=\"og:image:width\" content=\"1920\" \/>\n\t<meta property=\"og:image:height\" content=\"1080\" \/>\n\t<meta property=\"og:image:type\" content=\"image\/jpeg\" \/>\n<meta name=\"author\" content=\"admin\" \/>\n<meta name=\"twitter:card\" content=\"summary_large_image\" \/>\n<meta name=\"twitter:creator\" content=\"@ferabrajan1\" \/>\n<meta name=\"twitter:site\" content=\"@ferabrajan1\" \/>\n<meta name=\"twitter:label1\" content=\"Escrito por\" \/>\n\t<meta name=\"twitter:data1\" content=\"admin\" \/>\n\t<meta name=\"twitter:label2\" content=\"Tiempo de lectura\" \/>\n\t<meta name=\"twitter:data2\" content=\"2 minutos\" \/>\n<script type=\"application\/ld+json\" class=\"yoast-schema-graph\">{\"@context\":\"https:\\\/\\\/schema.org\",\"@graph\":[{\"@type\":\"Article\",\"@id\":\"https:\\\/\\\/ferabrajan.com\\\/portal\\\/2025\\\/09\\\/09\\\/lluvias-intensas-en-puebla-calor-extremo-en-el-norte-del-pais\\\/#article\",\"isPartOf\":{\"@id\":\"https:\\\/\\\/ferabrajan.com\\\/portal\\\/2025\\\/09\\\/09\\\/lluvias-intensas-en-puebla-calor-extremo-en-el-norte-del-pais\\\/\"},\"author\":{\"name\":\"admin\",\"@id\":\"https:\\\/\\\/ferabrajan.com\\\/portal\\\/#\\\/schema\\\/person\\\/f6113b3cb1e036d5c6a9505685b257ba\"},\"headline\":\"Lluvias intensas en Puebla; calor extremo en el norte del pa\u00eds\",\"datePublished\":\"2025-09-09T16:01:21+00:00\",\"dateModified\":\"2025-09-09T16:01:34+00:00\",\"mainEntityOfPage\":{\"@id\":\"https:\\\/\\\/ferabrajan.com\\\/portal\\\/2025\\\/09\\\/09\\\/lluvias-intensas-en-puebla-calor-extremo-en-el-norte-del-pais\\\/\"},\"wordCount\":241,\"publisher\":{\"@id\":\"https:\\\/\\\/ferabrajan.com\\\/portal\\\/#organization\"},\"image\":{\"@id\":\"https:\\\/\\\/ferabrajan.com\\\/portal\\\/2025\\\/09\\\/09\\\/lluvias-intensas-en-puebla-calor-extremo-en-el-norte-del-pais\\\/#primaryimage\"},\"thumbnailUrl\":\"https:\\\/\\\/ferabrajan.com\\\/portal\\\/wp-content\\\/uploads\\\/2025\\\/09\\\/infografia_general.jpg\",\"articleSection\":[\"Nacional\",\"Principal\"],\"inLanguage\":\"es\"},{\"@type\":\"WebPage\",\"@id\":\"https:\\\/\\\/ferabrajan.com\\\/portal\\\/2025\\\/09\\\/09\\\/lluvias-intensas-en-puebla-calor-extremo-en-el-norte-del-pais\\\/\",\"url\":\"https:\\\/\\\/ferabrajan.com\\\/portal\\\/2025\\\/09\\\/09\\\/lluvias-intensas-en-puebla-calor-extremo-en-el-norte-del-pais\\\/\",\"name\":\"Lluvias intensas en Puebla; calor extremo en el norte del pa\u00eds - Fer Abrajan\",\"isPartOf\":{\"@id\":\"https:\\\/\\\/ferabrajan.com\\\/portal\\\/#website\"},\"primaryImageOfPage\":{\"@id\":\"https:\\\/\\\/ferabrajan.com\\\/portal\\\/2025\\\/09\\\/09\\\/lluvias-intensas-en-puebla-calor-extremo-en-el-norte-del-pais\\\/#primaryimage\"},\"image\":{\"@id\":\"https:\\\/\\\/ferabrajan.com\\\/portal\\\/2025\\\/09\\\/09\\\/lluvias-intensas-en-puebla-calor-extremo-en-el-norte-del-pais\\\/#primaryimage\"},\"thumbnailUrl\":\"https:\\\/\\\/ferabrajan.com\\\/portal\\\/wp-content\\\/uploads\\\/2025\\\/09\\\/infografia_general.jpg\",\"datePublished\":\"2025-09-09T16:01:21+00:00\",\"dateModified\":\"2025-09-09T16:01:34+00:00\",\"description\":\"El SMN pronostica precipitaciones de hasta 150 mm en el sureste, mientras que en el norte y costas del pa\u00eds se esperan temperaturas superiores a 40 grados.\",\"breadcrumb\":{\"@id\":\"https:\\\/\\\/ferabrajan.com\\\/portal\\\/2025\\\/09\\\/09\\\/lluvias-intensas-en-puebla-calor-extremo-en-el-norte-del-pais\\\/#breadcrumb\"},\"inLanguage\":\"es\",\"potentialAction\":[{\"@type\":\"ReadAction\",\"target\":[\"https:\\\/\\\/ferabrajan.com\\\/portal\\\/2025\\\/09\\\/09\\\/lluvias-intensas-en-puebla-calor-extremo-en-el-norte-del-pais\\\/\"]}]},{\"@type\":\"ImageObject\",\"inLanguage\":\"es\",\"@id\":\"https:\\\/\\\/ferabrajan.com\\\/portal\\\/2025\\\/09\\\/09\\\/lluvias-intensas-en-puebla-calor-extremo-en-el-norte-del-pais\\\/#primaryimage\",\"url\":\"https:\\\/\\\/ferabrajan.com\\\/portal\\\/wp-content\\\/uploads\\\/2025\\\/09\\\/infografia_general.jpg\",\"contentUrl\":\"https:\\\/\\\/ferabrajan.com\\\/portal\\\/wp-content\\\/uploads\\\/2025\\\/09\\\/infografia_general.jpg\",\"width\":1920,\"height\":1080},{\"@type\":\"BreadcrumbList\",\"@id\":\"https:\\\/\\\/ferabrajan.com\\\/portal\\\/2025\\\/09\\\/09\\\/lluvias-intensas-en-puebla-calor-extremo-en-el-norte-del-pais\\\/#breadcrumb\",\"itemListElement\":[{\"@type\":\"ListItem\",\"position\":1,\"name\":\"Portada\",\"item\":\"https:\\\/\\\/ferabrajan.com\\\/portal\\\/\"},{\"@type\":\"ListItem\",\"position\":2,\"name\":\"Lluvias intensas en Puebla; calor extremo en el norte del pa\u00eds\"}]},{\"@type\":\"WebSite\",\"@id\":\"https:\\\/\\\/ferabrajan.com\\\/portal\\\/#website\",\"url\":\"https:\\\/\\\/ferabrajan.com\\\/portal\\\/\",\"name\":\"Fer Abrajan\",\"description\":\"Noticias de Puebla, opini\u00f3n y radio en vivo\",\"publisher\":{\"@id\":\"https:\\\/\\\/ferabrajan.com\\\/portal\\\/#organization\"},\"potentialAction\":[{\"@type\":\"SearchAction\",\"target\":{\"@type\":\"EntryPoint\",\"urlTemplate\":\"https:\\\/\\\/ferabrajan.com\\\/portal\\\/?s={search_term_string}\"},\"query-input\":{\"@type\":\"PropertyValueSpecification\",\"valueRequired\":true,\"valueName\":\"search_term_string\"}}],\"inLanguage\":\"es\"},{\"@type\":\"Organization\",\"@id\":\"https:\\\/\\\/ferabrajan.com\\\/portal\\\/#organization\",\"name\":\"Fer Abrajan\",\"url\":\"https:\\\/\\\/ferabrajan.com\\\/portal\\\/\",\"logo\":{\"@type\":\"ImageObject\",\"inLanguage\":\"es\",\"@id\":\"https:\\\/\\\/ferabrajan.com\\\/portal\\\/#\\\/schema\\\/logo\\\/image\\\/\",\"url\":\"https:\\\/\\\/ferabrajan.com\\\/portal\\\/wp-content\\\/uploads\\\/2024\\\/10\\\/cropped-logo.jpeg\",\"contentUrl\":\"https:\\\/\\\/ferabrajan.com\\\/portal\\\/wp-content\\\/uploads\\\/2024\\\/10\\\/cropped-logo.jpeg\",\"width\":500,\"height\":250,\"caption\":\"Fer Abrajan\"},\"image\":{\"@id\":\"https:\\\/\\\/ferabrajan.com\\\/portal\\\/#\\\/schema\\\/logo\\\/image\\\/\"},\"sameAs\":[\"https:\\\/\\\/www.facebook.com\\\/NoticiasconFerAbrajan\\\/\",\"https:\\\/\\\/x.com\\\/ferabrajan1\"]},{\"@type\":\"Person\",\"@id\":\"https:\\\/\\\/ferabrajan.com\\\/portal\\\/#\\\/schema\\\/person\\\/f6113b3cb1e036d5c6a9505685b257ba\",\"name\":\"admin\",\"image\":{\"@type\":\"ImageObject\",\"inLanguage\":\"es\",\"@id\":\"https:\\\/\\\/secure.gravatar.com\\\/avatar\\\/072baa72775aad53c748dfc5d3048578e01b6c087eef335459ebfa04344e2d18?s=96&d=mm&r=g\",\"url\":\"https:\\\/\\\/secure.gravatar.com\\\/avatar\\\/072baa72775aad53c748dfc5d3048578e01b6c087eef335459ebfa04344e2d18?s=96&d=mm&r=g\",\"contentUrl\":\"https:\\\/\\\/secure.gravatar.com\\\/avatar\\\/072baa72775aad53c748dfc5d3048578e01b6c087eef335459ebfa04344e2d18?s=96&d=mm&r=g\",\"caption\":\"admin\"},\"sameAs\":[\"https:\\\/\\\/ferabrajan.com\\\/portal\"],\"url\":\"https:\\\/\\\/ferabrajan.com\\\/portal\\\/author\\\/admin\\\/\"}]}<\/script>\n<!-- \/ Yoast SEO plugin. -->","yoast_head_json":{"title":"Lluvias intensas en Puebla; calor extremo en el norte del pa\u00eds - Fer Abrajan","description":"El SMN pronostica precipitaciones de hasta 150 mm en el sureste, mientras que en el norte y costas del pa\u00eds se esperan temperaturas superiores a 40 grados.","robots":{"index":"index","follow":"follow","max-snippet":"max-snippet:-1","max-image-preview":"max-image-preview:large","max-video-preview":"max-video-preview:-1"},"canonical":"https:\/\/ferabrajan.com\/portal\/2025\/09\/09\/lluvias-intensas-en-puebla-calor-extremo-en-el-norte-del-pais\/","og_locale":"es_ES","og_type":"article","og_title":"Lluvias intensas en Puebla; calor extremo en el norte del pa\u00eds - Fer Abrajan","og_description":"El SMN pronostica precipitaciones de hasta 150 mm en el sureste, mientras que en el norte y costas del pa\u00eds se esperan temperaturas superiores a 40 grados.","og_url":"https:\/\/ferabrajan.com\/portal\/2025\/09\/09\/lluvias-intensas-en-puebla-calor-extremo-en-el-norte-del-pais\/","og_site_name":"Fer Abrajan","article_publisher":"https:\/\/www.facebook.com\/NoticiasconFerAbrajan\/","article_published_time":"2025-09-09T16:01:21+00:00","article_modified_time":"2025-09-09T16:01:34+00:00","og_image":[{"width":1920,"height":1080,"url":"https:\/\/ferabrajan.com\/portal\/wp-content\/uploads\/2025\/09\/infografia_general.jpg","type":"image\/jpeg"}],"author":"admin","twitter_card":"summary_large_image","twitter_creator":"@ferabrajan1","twitter_site":"@ferabrajan1","twitter_misc":{"Escrito por":"admin","Tiempo de lectura":"2 minutos"},"schema":{"@context":"https:\/\/schema.org","@graph":[{"@type":"Article","@id":"https:\/\/ferabrajan.com\/portal\/2025\/09\/09\/lluvias-intensas-en-puebla-calor-extremo-en-el-norte-del-pais\/#article","isPartOf":{"@id":"https:\/\/ferabrajan.com\/portal\/2025\/09\/09\/lluvias-intensas-en-puebla-calor-extremo-en-el-norte-del-pais\/"},"author":{"name":"admin","@id":"https:\/\/ferabrajan.com\/portal\/#\/schema\/person\/f6113b3cb1e036d5c6a9505685b257ba"},"headline":"Lluvias intensas en Puebla; calor extremo en el norte del pa\u00eds","datePublished":"2025-09-09T16:01:21+00:00","dateModified":"2025-09-09T16:01:34+00:00","mainEntityOfPage":{"@id":"https:\/\/ferabrajan.com\/portal\/2025\/09\/09\/lluvias-intensas-en-puebla-calor-extremo-en-el-norte-del-pais\/"},"wordCount":241,"publisher":{"@id":"https:\/\/ferabrajan.com\/portal\/#organization"},"image":{"@id":"https:\/\/ferabrajan.com\/portal\/2025\/09\/09\/lluvias-intensas-en-puebla-calor-extremo-en-el-norte-del-pais\/#primaryimage"},"thumbnailUrl":"https:\/\/ferabrajan.com\/portal\/wp-content\/uploads\/2025\/09\/infografia_general.jpg","articleSection":["Nacional","Principal"],"inLanguage":"es"},{"@type":"WebPage","@id":"https:\/\/ferabrajan.com\/portal\/2025\/09\/09\/lluvias-intensas-en-puebla-calor-extremo-en-el-norte-del-pais\/","url":"https:\/\/ferabrajan.com\/portal\/2025\/09\/09\/lluvias-intensas-en-puebla-calor-extremo-en-el-norte-del-pais\/","name":"Lluvias intensas en Puebla; calor extremo en el norte del pa\u00eds - Fer Abrajan","isPartOf":{"@id":"https:\/\/ferabrajan.com\/portal\/#website"},"primaryImageOfPage":{"@id":"https:\/\/ferabrajan.com\/portal\/2025\/09\/09\/lluvias-intensas-en-puebla-calor-extremo-en-el-norte-del-pais\/#primaryimage"},"image":{"@id":"https:\/\/ferabrajan.com\/portal\/2025\/09\/09\/lluvias-intensas-en-puebla-calor-extremo-en-el-norte-del-pais\/#primaryimage"},"thumbnailUrl":"https:\/\/ferabrajan.com\/portal\/wp-content\/uploads\/2025\/09\/infografia_general.jpg","datePublished":"2025-09-09T16:01:21+00:00","dateModified":"2025-09-09T16:01:34+00:00","description":"El SMN pronostica precipitaciones de hasta 150 mm en el sureste, mientras que en el norte y costas del pa\u00eds se esperan temperaturas superiores a 40 grados.","breadcrumb":{"@id":"https:\/\/ferabrajan.com\/portal\/2025\/09\/09\/lluvias-intensas-en-puebla-calor-extremo-en-el-norte-del-pais\/#breadcrumb"},"inLanguage":"es","potentialAction":[{"@type":"ReadAction","target":["https:\/\/ferabrajan.com\/portal\/2025\/09\/09\/lluvias-intensas-en-puebla-calor-extremo-en-el-norte-del-pais\/"]}]},{"@type":"ImageObject","inLanguage":"es","@id":"https:\/\/ferabrajan.com\/portal\/2025\/09\/09\/lluvias-intensas-en-puebla-calor-extremo-en-el-norte-del-pais\/#primaryimage","url":"https:\/\/ferabrajan.com\/portal\/wp-content\/uploads\/2025\/09\/infografia_general.jpg","contentUrl":"https:\/\/ferabrajan.com\/portal\/wp-content\/uploads\/2025\/09\/infografia_general.jpg","width":1920,"height":1080},{"@type":"BreadcrumbList","@id":"https:\/\/ferabrajan.com\/portal\/2025\/09\/09\/lluvias-intensas-en-puebla-calor-extremo-en-el-norte-del-pais\/#breadcrumb","itemListElement":[{"@type":"ListItem","position":1,"name":"Portada","item":"https:\/\/ferabrajan.com\/portal\/"},{"@type":"ListItem","position":2,"name":"Lluvias intensas en Puebla; calor extremo en el norte del pa\u00eds"}]},{"@type":"WebSite","@id":"https:\/\/ferabrajan.com\/portal\/#website","url":"https:\/\/ferabrajan.com\/portal\/","name":"Fer Abrajan","description":"Noticias de Puebla, opini\u00f3n y radio en vivo","publisher":{"@id":"https:\/\/ferabrajan.com\/portal\/#organization"},"potentialAction":[{"@type":"SearchAction","target":{"@type":"EntryPoint","urlTemplate":"https:\/\/ferabrajan.com\/portal\/?s={search_term_string}"},"query-input":{"@type":"PropertyValueSpecification","valueRequired":true,"valueName":"search_term_string"}}],"inLanguage":"es"},{"@type":"Organization","@id":"https:\/\/ferabrajan.com\/portal\/#organization","name":"Fer Abrajan","url":"https:\/\/ferabrajan.com\/portal\/","logo":{"@type":"ImageObject","inLanguage":"es","@id":"https:\/\/ferabrajan.com\/portal\/#\/schema\/logo\/image\/","url":"https:\/\/ferabrajan.com\/portal\/wp-content\/uploads\/2024\/10\/cropped-logo.jpeg","contentUrl":"https:\/\/ferabrajan.com\/portal\/wp-content\/uploads\/2024\/10\/cropped-logo.jpeg","width":500,"height":250,"caption":"Fer Abrajan"},"image":{"@id":"https:\/\/ferabrajan.com\/portal\/#\/schema\/logo\/image\/"},"sameAs":["https:\/\/www.facebook.com\/NoticiasconFerAbrajan\/","https:\/\/x.com\/ferabrajan1"]},{"@type":"Person","@id":"https:\/\/ferabrajan.com\/portal\/#\/schema\/person\/f6113b3cb1e036d5c6a9505685b257ba","name":"admin","image":{"@type":"ImageObject","inLanguage":"es","@id":"https:\/\/secure.gravatar.com\/avatar\/072baa72775aad53c748dfc5d3048578e01b6c087eef335459ebfa04344e2d18?s=96&d=mm&r=g","url":"https:\/\/secure.gravatar.com\/avatar\/072baa72775aad53c748dfc5d3048578e01b6c087eef335459ebfa04344e2d18?s=96&d=mm&r=g","contentUrl":"https:\/\/secure.gravatar.com\/avatar\/072baa72775aad53c748dfc5d3048578e01b6c087eef335459ebfa04344e2d18?s=96&d=mm&r=g","caption":"admin"},"sameAs":["https:\/\/ferabrajan.com\/portal"],"url":"https:\/\/ferabrajan.com\/portal\/author\/admin\/"}]}},"_links":{"self":[{"href":"https:\/\/ferabrajan.com\/portal\/wp-json\/wp\/v2\/posts\/76030","targetHints":{"allow":["GET"]}}],"collection":[{"href":"https:\/\/ferabrajan.com\/portal\/wp-json\/wp\/v2\/posts"}],"about":[{"href":"https:\/\/ferabrajan.com\/portal\/wp-json\/wp\/v2\/types\/post"}],"author":[{"embeddable":true,"href":"https:\/\/ferabrajan.com\/portal\/wp-json\/wp\/v2\/users\/1"}],"replies":[{"embeddable":true,"href":"https:\/\/ferabrajan.com\/portal\/wp-json\/wp\/v2\/comments?post=76030"}],"version-history":[{"count":0,"href":"https:\/\/ferabrajan.com\/portal\/wp-json\/wp\/v2\/posts\/76030\/revisions"}],"wp:featuredmedia":[{"embeddable":true,"href":"https:\/\/ferabrajan.com\/portal\/wp-json\/wp\/v2\/media\/76031"}],"wp:attachment":[{"href":"https:\/\/ferabrajan.com\/portal\/wp-json\/wp\/v2\/media?parent=76030"}],"wp:term":[{"taxonomy":"category","embeddable":true,"href":"https:\/\/ferabrajan.com\/portal\/wp-json\/wp\/v2\/categories?post=76030"},{"taxonomy":"post_tag","embeddable":true,"href":"https:\/\/ferabrajan.com\/portal\/wp-json\/wp\/v2\/tags?post=76030"}],"curies":[{"name":"wp","href":"https:\/\/api.w.org\/{rel}","templated":true}]}}