{"id":73468,"date":"2025-07-23T14:03:36","date_gmt":"2025-07-23T14:03:36","guid":{"rendered":"https:\/\/ferabrajan.com\/portal\/?p=73468"},"modified":"2025-07-23T14:03:48","modified_gmt":"2025-07-23T14:03:48","slug":"ya-es-oficial-mexico-arrancara-en-2026-su-transicion-a-la-jornada-laboral-de-40-horas","status":"publish","type":"post","link":"https:\/\/ferabrajan.com\/portal\/2025\/07\/23\/ya-es-oficial-mexico-arrancara-en-2026-su-transicion-a-la-jornada-laboral-de-40-horas\/","title":{"rendered":"Ya es oficial: M\u00e9xico arrancar\u00e1 en 2026 su transici\u00f3n a la jornada laboral de 40 horas"},"content":{"rendered":"\n<p class=\"wp-block-paragraph\">La\u00a0<strong>reducci\u00f3n de la\u00a0jornada laboral\u00a0en\u00a0M\u00e9xico<\/strong>\u00a0comenzar\u00e1 a partir de\u00a0<strong>2026<\/strong>, y ser\u00e1 un proceso\u00a0<strong>escalonado<\/strong>\u00a0que concluir\u00e1 en\u00a0<strong>enero de 2030<\/strong>,\u00a0<em>seg\u00fan confirm\u00f3 el secretario del Trabajo y Previsi\u00f3n Social,\u00a0<\/em><strong>Marath Bola\u00f1os L\u00f3pez<\/strong>. Esta transformaci\u00f3n hist\u00f3rica pretende revalorar el tiempo personal de los trabajadores\u00a0<strong>sin afectar sus ingresos ni derechos adquiridos<\/strong>.<\/p>\n\n\n\n<h2 class=\"wp-block-heading\">La aplicaci\u00f3n ser\u00e1 gradual: dos horas por a\u00f1o<\/h2>\n\n\n\n<p class=\"wp-block-paragraph\">Bola\u00f1os detall\u00f3 que el plan contempla reducir&nbsp;<strong>dos horas laborales por a\u00f1o<\/strong>, de manera que en cuatro a\u00f1os se llegue a una jornada de&nbsp;<strong>40 horas semanales<\/strong>. El cambio ser\u00e1 estructurado a trav\u00e9s de un esquema legislativo s\u00f3lido y sensible a las preocupaciones del sector empresarial.<img decoding=\"async\" src=\"https:\/\/img-s-msn-com.akamaized.net\/tenant\/amp\/entityid\/AA1GGgcP.img?w=768&amp;h=768&amp;m=6\" alt=\"Imagen ilustrativa hecha con IA (Chatgpt).\"><\/p>\n\n\n\n<p class=\"wp-block-paragraph\">Imagen ilustrativa hecha con IA (Chatgpt).<\/p>\n\n\n\n<p class=\"wp-block-paragraph\">En ese sentido, la presidenta&nbsp;<strong>Claudia Sheinbaum Pardo<\/strong>&nbsp;ha respaldado el proyecto, con la condici\u00f3n de que se base en una&nbsp;<strong>discusi\u00f3n nacional incluyente y ordenada<\/strong>.<\/p>\n\n\n\n<h2 class=\"wp-block-heading\">Foros de consulta abiertos a toda la sociedad<\/h2>\n\n\n\n<p class=\"wp-block-paragraph\">Del&nbsp;<strong>2 de junio al 7 de julio<\/strong>, la Secretar\u00eda del Trabajo organizar\u00e1&nbsp;<strong>foros nacionales de consulta<\/strong>, donde trabajadores, sindicatos, empresarios y especialistas podr\u00e1n participar. El objetivo es construir una iniciativa enriquecida con&nbsp;<strong>la visi\u00f3n de todos los sectores sociales<\/strong>, que d\u00e9 sustento pol\u00edtico y t\u00e9cnico a esta reforma.<\/p>\n\n\n\n<p class=\"wp-block-paragraph\">Actualmente, en la&nbsp;<strong>C\u00e1mara de Diputados<\/strong>&nbsp;se han presentado&nbsp;<strong>m\u00e1s de diez iniciativas<\/strong>&nbsp;relacionadas con la jornada laboral. Todas coinciden en que el proceso debe ser gradual y garantizar&nbsp;<strong>dos d\u00edas de descanso por cada cinco laborados<\/strong>.<\/p>\n\n\n\n<h2 class=\"wp-block-heading\">Una transformaci\u00f3n respaldada por estudios cient\u00edficos<\/h2>\n\n\n\n<p class=\"wp-block-paragraph\">El&nbsp;<strong>22 de julio de 2025<\/strong>, la revista&nbsp;<em>Nature Human Behaviour<\/em>&nbsp;public\u00f3 los resultados de un estudio internacional dirigido por investigadores de la&nbsp;<strong>Universidad de Boston<\/strong>, que evalu\u00f3 los efectos de una&nbsp;<strong>semana laboral de cuatro d\u00edas<\/strong>&nbsp;en seis pa\u00edses.<img decoding=\"async\" src=\"https:\/\/img-s-msn-com.akamaized.net\/tenant\/amp\/entityid\/AA1FEE3j.img?w=768&amp;h=512&amp;m=6\" alt=\"Imagen ilustrativa hecha con IA (Chatpgt).\"><\/p>\n\n\n\n<p class=\"wp-block-paragraph\">Imagen ilustrativa hecha con IA (Chatpgt).\u00a9&nbsp;archivo<\/p>\n\n\n\n<p class=\"wp-block-paragraph\">La conclusi\u00f3n fue clara:&nbsp;<strong>reducir las horas de trabajo sin recortar salarios mejora la salud f\u00edsica, reduce el agotamiento y aumenta la productividad<\/strong>, especialmente cuando se logra reducir ocho horas o m\u00e1s por semana.<\/p>\n\n\n\n<h2 class=\"wp-block-heading\">No solo es tiempo, es salud y bienestar<\/h2>\n\n\n\n<p class=\"wp-block-paragraph\">El estudio, que incluy\u00f3 a casi tres mil empleados de 141 empresas, revel\u00f3 que quienes m\u00e1s disminuyeron su jornada&nbsp;<strong>reportaron mejor sue\u00f1o, menos estr\u00e9s y mayor rendimiento<\/strong>. Estos resultados respaldan el objetivo central de la reforma mexicana: no se trata solo de trabajar menos, sino de&nbsp;<strong>vivir mejor<\/strong>.<\/p>\n\n\n\n<p class=\"wp-block-paragraph\"><\/p>\n\n\n\n<p class=\"wp-block-paragraph\">Con Informaci\u00f3n de:<a href=\"https:\/\/www.msn.com\/es-mx\/dinero\/noticias\/ya-es-oficial-m%C3%A9xico-arrancar%C3%A1-en-2026-su-transici%C3%B3n-a-la-jornada-laboral-de-40-horas-con-evidencia-cient%C3%ADfica-a-su-favor\/ar-AA1J6jzq?ocid=msedgntp&amp;pc=U531&amp;cvid=6880e9fbb3594e95951a982e39d3b0e0&amp;ei=68\">https:\/\/www.msn.com\/es-mx\/dinero\/noticias\/ya-es-oficial-m%C3%A9xico-arrancar%C3%A1-en-2026-su-transici%C3%B3n-a-la-jornada-laboral-de-40-horas-con-evidencia-cient%C3%ADfica-a-su-favor\/ar-AA1J6jzq?ocid=msedgntp&amp;pc=U531&amp;cvid=6880e9fbb3594e95951a982e39d3b0e0&amp;ei=68<\/a><\/p>\n","protected":false},"excerpt":{"rendered":"<p> El gobierno federal asegura que los salarios no ser\u00e1n tocados y que el proceso legislativo buscar\u00e1 el consenso y la participaci\u00f3n ciudadana.<\/p>\n","protected":false},"author":1,"featured_media":73469,"comment_status":"closed","ping_status":"closed","sticky":false,"template":"","format":"standard","meta":{"_monsterinsights_skip_tracking":false,"_uf_show_specific_survey":0,"_uf_disable_surveys":false,"footnotes":""},"categories":[52,585],"tags":[1017],"class_list":["post-73468","post","type-post","status-publish","format-standard","has-post-thumbnail","hentry","category-nacional","category-principal","tag-jornada-laboral"],"yoast_head":"<!-- This site is optimized with the Yoast SEO plugin v27.5 - https:\/\/yoast.com\/product\/yoast-seo-wordpress\/ -->\n<title>Ya es oficial: M\u00e9xico arrancar\u00e1 en 2026 su transici\u00f3n a la jornada laboral de 40 horas - Fer Abrajan<\/title>\n<meta name=\"description\" content=\"El gobierno federal asegura que los salarios no ser\u00e1n tocados y que el proceso legislativo buscar\u00e1 el consenso y la participaci\u00f3n ciudadana.\" \/>\n<meta name=\"robots\" content=\"index, follow, max-snippet:-1, max-image-preview:large, max-video-preview:-1\" \/>\n<link rel=\"canonical\" href=\"https:\/\/ferabrajan.com\/portal\/2025\/07\/23\/ya-es-oficial-mexico-arrancara-en-2026-su-transicion-a-la-jornada-laboral-de-40-horas\/\" \/>\n<meta property=\"og:locale\" content=\"es_ES\" \/>\n<meta property=\"og:type\" content=\"article\" \/>\n<meta property=\"og:title\" content=\"Ya es oficial: M\u00e9xico arrancar\u00e1 en 2026 su transici\u00f3n a la jornada laboral de 40 horas - Fer Abrajan\" \/>\n<meta property=\"og:description\" content=\"El gobierno federal asegura que los salarios no ser\u00e1n tocados y que el proceso legislativo buscar\u00e1 el consenso y la participaci\u00f3n ciudadana.\" \/>\n<meta property=\"og:url\" content=\"https:\/\/ferabrajan.com\/portal\/2025\/07\/23\/ya-es-oficial-mexico-arrancara-en-2026-su-transicion-a-la-jornada-laboral-de-40-horas\/\" \/>\n<meta property=\"og:site_name\" content=\"Fer Abrajan\" \/>\n<meta property=\"article:publisher\" content=\"https:\/\/www.facebook.com\/NoticiasconFerAbrajan\/\" \/>\n<meta property=\"article:published_time\" content=\"2025-07-23T14:03:36+00:00\" \/>\n<meta property=\"article:modified_time\" content=\"2025-07-23T14:03:48+00:00\" \/>\n<meta property=\"og:image\" content=\"https:\/\/ferabrajan.com\/portal\/wp-content\/uploads\/2025\/07\/th-3-1.jpg\" \/>\n\t<meta property=\"og:image:width\" content=\"612\" \/>\n\t<meta property=\"og:image:height\" content=\"304\" \/>\n\t<meta property=\"og:image:type\" content=\"image\/jpeg\" \/>\n<meta name=\"author\" content=\"admin\" \/>\n<meta name=\"twitter:card\" content=\"summary_large_image\" \/>\n<meta name=\"twitter:creator\" content=\"@ferabrajan1\" \/>\n<meta name=\"twitter:site\" content=\"@ferabrajan1\" \/>\n<meta name=\"twitter:label1\" content=\"Escrito por\" \/>\n\t<meta name=\"twitter:data1\" content=\"admin\" \/>\n\t<meta name=\"twitter:label2\" content=\"Tiempo de lectura\" \/>\n\t<meta name=\"twitter:data2\" content=\"3 minutos\" \/>\n<script type=\"application\/ld+json\" class=\"yoast-schema-graph\">{\"@context\":\"https:\\\/\\\/schema.org\",\"@graph\":[{\"@type\":\"Article\",\"@id\":\"https:\\\/\\\/ferabrajan.com\\\/portal\\\/2025\\\/07\\\/23\\\/ya-es-oficial-mexico-arrancara-en-2026-su-transicion-a-la-jornada-laboral-de-40-horas\\\/#article\",\"isPartOf\":{\"@id\":\"https:\\\/\\\/ferabrajan.com\\\/portal\\\/2025\\\/07\\\/23\\\/ya-es-oficial-mexico-arrancara-en-2026-su-transicion-a-la-jornada-laboral-de-40-horas\\\/\"},\"author\":{\"name\":\"admin\",\"@id\":\"https:\\\/\\\/ferabrajan.com\\\/portal\\\/#\\\/schema\\\/person\\\/f6113b3cb1e036d5c6a9505685b257ba\"},\"headline\":\"Ya es oficial: M\u00e9xico arrancar\u00e1 en 2026 su transici\u00f3n a la jornada laboral de 40 horas\",\"datePublished\":\"2025-07-23T14:03:36+00:00\",\"dateModified\":\"2025-07-23T14:03:48+00:00\",\"mainEntityOfPage\":{\"@id\":\"https:\\\/\\\/ferabrajan.com\\\/portal\\\/2025\\\/07\\\/23\\\/ya-es-oficial-mexico-arrancara-en-2026-su-transicion-a-la-jornada-laboral-de-40-horas\\\/\"},\"wordCount\":488,\"publisher\":{\"@id\":\"https:\\\/\\\/ferabrajan.com\\\/portal\\\/#organization\"},\"image\":{\"@id\":\"https:\\\/\\\/ferabrajan.com\\\/portal\\\/2025\\\/07\\\/23\\\/ya-es-oficial-mexico-arrancara-en-2026-su-transicion-a-la-jornada-laboral-de-40-horas\\\/#primaryimage\"},\"thumbnailUrl\":\"https:\\\/\\\/ferabrajan.com\\\/portal\\\/wp-content\\\/uploads\\\/2025\\\/07\\\/th-3-1.jpg\",\"keywords\":[\"jornada laboral\"],\"articleSection\":[\"Nacional\",\"Principal\"],\"inLanguage\":\"es\"},{\"@type\":\"WebPage\",\"@id\":\"https:\\\/\\\/ferabrajan.com\\\/portal\\\/2025\\\/07\\\/23\\\/ya-es-oficial-mexico-arrancara-en-2026-su-transicion-a-la-jornada-laboral-de-40-horas\\\/\",\"url\":\"https:\\\/\\\/ferabrajan.com\\\/portal\\\/2025\\\/07\\\/23\\\/ya-es-oficial-mexico-arrancara-en-2026-su-transicion-a-la-jornada-laboral-de-40-horas\\\/\",\"name\":\"Ya es oficial: M\u00e9xico arrancar\u00e1 en 2026 su transici\u00f3n a la jornada laboral de 40 horas - Fer Abrajan\",\"isPartOf\":{\"@id\":\"https:\\\/\\\/ferabrajan.com\\\/portal\\\/#website\"},\"primaryImageOfPage\":{\"@id\":\"https:\\\/\\\/ferabrajan.com\\\/portal\\\/2025\\\/07\\\/23\\\/ya-es-oficial-mexico-arrancara-en-2026-su-transicion-a-la-jornada-laboral-de-40-horas\\\/#primaryimage\"},\"image\":{\"@id\":\"https:\\\/\\\/ferabrajan.com\\\/portal\\\/2025\\\/07\\\/23\\\/ya-es-oficial-mexico-arrancara-en-2026-su-transicion-a-la-jornada-laboral-de-40-horas\\\/#primaryimage\"},\"thumbnailUrl\":\"https:\\\/\\\/ferabrajan.com\\\/portal\\\/wp-content\\\/uploads\\\/2025\\\/07\\\/th-3-1.jpg\",\"datePublished\":\"2025-07-23T14:03:36+00:00\",\"dateModified\":\"2025-07-23T14:03:48+00:00\",\"description\":\"El gobierno federal asegura que los salarios no ser\u00e1n tocados y que el proceso legislativo buscar\u00e1 el consenso y la participaci\u00f3n ciudadana.\",\"breadcrumb\":{\"@id\":\"https:\\\/\\\/ferabrajan.com\\\/portal\\\/2025\\\/07\\\/23\\\/ya-es-oficial-mexico-arrancara-en-2026-su-transicion-a-la-jornada-laboral-de-40-horas\\\/#breadcrumb\"},\"inLanguage\":\"es\",\"potentialAction\":[{\"@type\":\"ReadAction\",\"target\":[\"https:\\\/\\\/ferabrajan.com\\\/portal\\\/2025\\\/07\\\/23\\\/ya-es-oficial-mexico-arrancara-en-2026-su-transicion-a-la-jornada-laboral-de-40-horas\\\/\"]}]},{\"@type\":\"ImageObject\",\"inLanguage\":\"es\",\"@id\":\"https:\\\/\\\/ferabrajan.com\\\/portal\\\/2025\\\/07\\\/23\\\/ya-es-oficial-mexico-arrancara-en-2026-su-transicion-a-la-jornada-laboral-de-40-horas\\\/#primaryimage\",\"url\":\"https:\\\/\\\/ferabrajan.com\\\/portal\\\/wp-content\\\/uploads\\\/2025\\\/07\\\/th-3-1.jpg\",\"contentUrl\":\"https:\\\/\\\/ferabrajan.com\\\/portal\\\/wp-content\\\/uploads\\\/2025\\\/07\\\/th-3-1.jpg\",\"width\":612,\"height\":304},{\"@type\":\"BreadcrumbList\",\"@id\":\"https:\\\/\\\/ferabrajan.com\\\/portal\\\/2025\\\/07\\\/23\\\/ya-es-oficial-mexico-arrancara-en-2026-su-transicion-a-la-jornada-laboral-de-40-horas\\\/#breadcrumb\",\"itemListElement\":[{\"@type\":\"ListItem\",\"position\":1,\"name\":\"Portada\",\"item\":\"https:\\\/\\\/ferabrajan.com\\\/portal\\\/\"},{\"@type\":\"ListItem\",\"position\":2,\"name\":\"Ya es oficial: M\u00e9xico arrancar\u00e1 en 2026 su transici\u00f3n a la jornada laboral de 40 horas\"}]},{\"@type\":\"WebSite\",\"@id\":\"https:\\\/\\\/ferabrajan.com\\\/portal\\\/#website\",\"url\":\"https:\\\/\\\/ferabrajan.com\\\/portal\\\/\",\"name\":\"Fer Abrajan\",\"description\":\"Noticias de Puebla, opini\u00f3n y radio en vivo\",\"publisher\":{\"@id\":\"https:\\\/\\\/ferabrajan.com\\\/portal\\\/#organization\"},\"potentialAction\":[{\"@type\":\"SearchAction\",\"target\":{\"@type\":\"EntryPoint\",\"urlTemplate\":\"https:\\\/\\\/ferabrajan.com\\\/portal\\\/?s={search_term_string}\"},\"query-input\":{\"@type\":\"PropertyValueSpecification\",\"valueRequired\":true,\"valueName\":\"search_term_string\"}}],\"inLanguage\":\"es\"},{\"@type\":\"Organization\",\"@id\":\"https:\\\/\\\/ferabrajan.com\\\/portal\\\/#organization\",\"name\":\"Fer Abrajan\",\"url\":\"https:\\\/\\\/ferabrajan.com\\\/portal\\\/\",\"logo\":{\"@type\":\"ImageObject\",\"inLanguage\":\"es\",\"@id\":\"https:\\\/\\\/ferabrajan.com\\\/portal\\\/#\\\/schema\\\/logo\\\/image\\\/\",\"url\":\"https:\\\/\\\/ferabrajan.com\\\/portal\\\/wp-content\\\/uploads\\\/2024\\\/10\\\/cropped-logo.jpeg\",\"contentUrl\":\"https:\\\/\\\/ferabrajan.com\\\/portal\\\/wp-content\\\/uploads\\\/2024\\\/10\\\/cropped-logo.jpeg\",\"width\":500,\"height\":250,\"caption\":\"Fer Abrajan\"},\"image\":{\"@id\":\"https:\\\/\\\/ferabrajan.com\\\/portal\\\/#\\\/schema\\\/logo\\\/image\\\/\"},\"sameAs\":[\"https:\\\/\\\/www.facebook.com\\\/NoticiasconFerAbrajan\\\/\",\"https:\\\/\\\/x.com\\\/ferabrajan1\"]},{\"@type\":\"Person\",\"@id\":\"https:\\\/\\\/ferabrajan.com\\\/portal\\\/#\\\/schema\\\/person\\\/f6113b3cb1e036d5c6a9505685b257ba\",\"name\":\"admin\",\"image\":{\"@type\":\"ImageObject\",\"inLanguage\":\"es\",\"@id\":\"https:\\\/\\\/secure.gravatar.com\\\/avatar\\\/072baa72775aad53c748dfc5d3048578e01b6c087eef335459ebfa04344e2d18?s=96&d=mm&r=g\",\"url\":\"https:\\\/\\\/secure.gravatar.com\\\/avatar\\\/072baa72775aad53c748dfc5d3048578e01b6c087eef335459ebfa04344e2d18?s=96&d=mm&r=g\",\"contentUrl\":\"https:\\\/\\\/secure.gravatar.com\\\/avatar\\\/072baa72775aad53c748dfc5d3048578e01b6c087eef335459ebfa04344e2d18?s=96&d=mm&r=g\",\"caption\":\"admin\"},\"sameAs\":[\"https:\\\/\\\/ferabrajan.com\\\/portal\"],\"url\":\"https:\\\/\\\/ferabrajan.com\\\/portal\\\/author\\\/admin\\\/\"}]}<\/script>\n<!-- \/ Yoast SEO plugin. -->","yoast_head_json":{"title":"Ya es oficial: M\u00e9xico arrancar\u00e1 en 2026 su transici\u00f3n a la jornada laboral de 40 horas - Fer Abrajan","description":"El gobierno federal asegura que los salarios no ser\u00e1n tocados y que el proceso legislativo buscar\u00e1 el consenso y la participaci\u00f3n ciudadana.","robots":{"index":"index","follow":"follow","max-snippet":"max-snippet:-1","max-image-preview":"max-image-preview:large","max-video-preview":"max-video-preview:-1"},"canonical":"https:\/\/ferabrajan.com\/portal\/2025\/07\/23\/ya-es-oficial-mexico-arrancara-en-2026-su-transicion-a-la-jornada-laboral-de-40-horas\/","og_locale":"es_ES","og_type":"article","og_title":"Ya es oficial: M\u00e9xico arrancar\u00e1 en 2026 su transici\u00f3n a la jornada laboral de 40 horas - Fer Abrajan","og_description":"El gobierno federal asegura que los salarios no ser\u00e1n tocados y que el proceso legislativo buscar\u00e1 el consenso y la participaci\u00f3n ciudadana.","og_url":"https:\/\/ferabrajan.com\/portal\/2025\/07\/23\/ya-es-oficial-mexico-arrancara-en-2026-su-transicion-a-la-jornada-laboral-de-40-horas\/","og_site_name":"Fer Abrajan","article_publisher":"https:\/\/www.facebook.com\/NoticiasconFerAbrajan\/","article_published_time":"2025-07-23T14:03:36+00:00","article_modified_time":"2025-07-23T14:03:48+00:00","og_image":[{"width":612,"height":304,"url":"https:\/\/ferabrajan.com\/portal\/wp-content\/uploads\/2025\/07\/th-3-1.jpg","type":"image\/jpeg"}],"author":"admin","twitter_card":"summary_large_image","twitter_creator":"@ferabrajan1","twitter_site":"@ferabrajan1","twitter_misc":{"Escrito por":"admin","Tiempo de lectura":"3 minutos"},"schema":{"@context":"https:\/\/schema.org","@graph":[{"@type":"Article","@id":"https:\/\/ferabrajan.com\/portal\/2025\/07\/23\/ya-es-oficial-mexico-arrancara-en-2026-su-transicion-a-la-jornada-laboral-de-40-horas\/#article","isPartOf":{"@id":"https:\/\/ferabrajan.com\/portal\/2025\/07\/23\/ya-es-oficial-mexico-arrancara-en-2026-su-transicion-a-la-jornada-laboral-de-40-horas\/"},"author":{"name":"admin","@id":"https:\/\/ferabrajan.com\/portal\/#\/schema\/person\/f6113b3cb1e036d5c6a9505685b257ba"},"headline":"Ya es oficial: M\u00e9xico arrancar\u00e1 en 2026 su transici\u00f3n a la jornada laboral de 40 horas","datePublished":"2025-07-23T14:03:36+00:00","dateModified":"2025-07-23T14:03:48+00:00","mainEntityOfPage":{"@id":"https:\/\/ferabrajan.com\/portal\/2025\/07\/23\/ya-es-oficial-mexico-arrancara-en-2026-su-transicion-a-la-jornada-laboral-de-40-horas\/"},"wordCount":488,"publisher":{"@id":"https:\/\/ferabrajan.com\/portal\/#organization"},"image":{"@id":"https:\/\/ferabrajan.com\/portal\/2025\/07\/23\/ya-es-oficial-mexico-arrancara-en-2026-su-transicion-a-la-jornada-laboral-de-40-horas\/#primaryimage"},"thumbnailUrl":"https:\/\/ferabrajan.com\/portal\/wp-content\/uploads\/2025\/07\/th-3-1.jpg","keywords":["jornada laboral"],"articleSection":["Nacional","Principal"],"inLanguage":"es"},{"@type":"WebPage","@id":"https:\/\/ferabrajan.com\/portal\/2025\/07\/23\/ya-es-oficial-mexico-arrancara-en-2026-su-transicion-a-la-jornada-laboral-de-40-horas\/","url":"https:\/\/ferabrajan.com\/portal\/2025\/07\/23\/ya-es-oficial-mexico-arrancara-en-2026-su-transicion-a-la-jornada-laboral-de-40-horas\/","name":"Ya es oficial: M\u00e9xico arrancar\u00e1 en 2026 su transici\u00f3n a la jornada laboral de 40 horas - Fer Abrajan","isPartOf":{"@id":"https:\/\/ferabrajan.com\/portal\/#website"},"primaryImageOfPage":{"@id":"https:\/\/ferabrajan.com\/portal\/2025\/07\/23\/ya-es-oficial-mexico-arrancara-en-2026-su-transicion-a-la-jornada-laboral-de-40-horas\/#primaryimage"},"image":{"@id":"https:\/\/ferabrajan.com\/portal\/2025\/07\/23\/ya-es-oficial-mexico-arrancara-en-2026-su-transicion-a-la-jornada-laboral-de-40-horas\/#primaryimage"},"thumbnailUrl":"https:\/\/ferabrajan.com\/portal\/wp-content\/uploads\/2025\/07\/th-3-1.jpg","datePublished":"2025-07-23T14:03:36+00:00","dateModified":"2025-07-23T14:03:48+00:00","description":"El gobierno federal asegura que los salarios no ser\u00e1n tocados y que el proceso legislativo buscar\u00e1 el consenso y la participaci\u00f3n ciudadana.","breadcrumb":{"@id":"https:\/\/ferabrajan.com\/portal\/2025\/07\/23\/ya-es-oficial-mexico-arrancara-en-2026-su-transicion-a-la-jornada-laboral-de-40-horas\/#breadcrumb"},"inLanguage":"es","potentialAction":[{"@type":"ReadAction","target":["https:\/\/ferabrajan.com\/portal\/2025\/07\/23\/ya-es-oficial-mexico-arrancara-en-2026-su-transicion-a-la-jornada-laboral-de-40-horas\/"]}]},{"@type":"ImageObject","inLanguage":"es","@id":"https:\/\/ferabrajan.com\/portal\/2025\/07\/23\/ya-es-oficial-mexico-arrancara-en-2026-su-transicion-a-la-jornada-laboral-de-40-horas\/#primaryimage","url":"https:\/\/ferabrajan.com\/portal\/wp-content\/uploads\/2025\/07\/th-3-1.jpg","contentUrl":"https:\/\/ferabrajan.com\/portal\/wp-content\/uploads\/2025\/07\/th-3-1.jpg","width":612,"height":304},{"@type":"BreadcrumbList","@id":"https:\/\/ferabrajan.com\/portal\/2025\/07\/23\/ya-es-oficial-mexico-arrancara-en-2026-su-transicion-a-la-jornada-laboral-de-40-horas\/#breadcrumb","itemListElement":[{"@type":"ListItem","position":1,"name":"Portada","item":"https:\/\/ferabrajan.com\/portal\/"},{"@type":"ListItem","position":2,"name":"Ya es oficial: M\u00e9xico arrancar\u00e1 en 2026 su transici\u00f3n a la jornada laboral de 40 horas"}]},{"@type":"WebSite","@id":"https:\/\/ferabrajan.com\/portal\/#website","url":"https:\/\/ferabrajan.com\/portal\/","name":"Fer Abrajan","description":"Noticias de Puebla, opini\u00f3n y radio en vivo","publisher":{"@id":"https:\/\/ferabrajan.com\/portal\/#organization"},"potentialAction":[{"@type":"SearchAction","target":{"@type":"EntryPoint","urlTemplate":"https:\/\/ferabrajan.com\/portal\/?s={search_term_string}"},"query-input":{"@type":"PropertyValueSpecification","valueRequired":true,"valueName":"search_term_string"}}],"inLanguage":"es"},{"@type":"Organization","@id":"https:\/\/ferabrajan.com\/portal\/#organization","name":"Fer Abrajan","url":"https:\/\/ferabrajan.com\/portal\/","logo":{"@type":"ImageObject","inLanguage":"es","@id":"https:\/\/ferabrajan.com\/portal\/#\/schema\/logo\/image\/","url":"https:\/\/ferabrajan.com\/portal\/wp-content\/uploads\/2024\/10\/cropped-logo.jpeg","contentUrl":"https:\/\/ferabrajan.com\/portal\/wp-content\/uploads\/2024\/10\/cropped-logo.jpeg","width":500,"height":250,"caption":"Fer Abrajan"},"image":{"@id":"https:\/\/ferabrajan.com\/portal\/#\/schema\/logo\/image\/"},"sameAs":["https:\/\/www.facebook.com\/NoticiasconFerAbrajan\/","https:\/\/x.com\/ferabrajan1"]},{"@type":"Person","@id":"https:\/\/ferabrajan.com\/portal\/#\/schema\/person\/f6113b3cb1e036d5c6a9505685b257ba","name":"admin","image":{"@type":"ImageObject","inLanguage":"es","@id":"https:\/\/secure.gravatar.com\/avatar\/072baa72775aad53c748dfc5d3048578e01b6c087eef335459ebfa04344e2d18?s=96&d=mm&r=g","url":"https:\/\/secure.gravatar.com\/avatar\/072baa72775aad53c748dfc5d3048578e01b6c087eef335459ebfa04344e2d18?s=96&d=mm&r=g","contentUrl":"https:\/\/secure.gravatar.com\/avatar\/072baa72775aad53c748dfc5d3048578e01b6c087eef335459ebfa04344e2d18?s=96&d=mm&r=g","caption":"admin"},"sameAs":["https:\/\/ferabrajan.com\/portal"],"url":"https:\/\/ferabrajan.com\/portal\/author\/admin\/"}]}},"_links":{"self":[{"href":"https:\/\/ferabrajan.com\/portal\/wp-json\/wp\/v2\/posts\/73468","targetHints":{"allow":["GET"]}}],"collection":[{"href":"https:\/\/ferabrajan.com\/portal\/wp-json\/wp\/v2\/posts"}],"about":[{"href":"https:\/\/ferabrajan.com\/portal\/wp-json\/wp\/v2\/types\/post"}],"author":[{"embeddable":true,"href":"https:\/\/ferabrajan.com\/portal\/wp-json\/wp\/v2\/users\/1"}],"replies":[{"embeddable":true,"href":"https:\/\/ferabrajan.com\/portal\/wp-json\/wp\/v2\/comments?post=73468"}],"version-history":[{"count":0,"href":"https:\/\/ferabrajan.com\/portal\/wp-json\/wp\/v2\/posts\/73468\/revisions"}],"wp:featuredmedia":[{"embeddable":true,"href":"https:\/\/ferabrajan.com\/portal\/wp-json\/wp\/v2\/media\/73469"}],"wp:attachment":[{"href":"https:\/\/ferabrajan.com\/portal\/wp-json\/wp\/v2\/media?parent=73468"}],"wp:term":[{"taxonomy":"category","embeddable":true,"href":"https:\/\/ferabrajan.com\/portal\/wp-json\/wp\/v2\/categories?post=73468"},{"taxonomy":"post_tag","embeddable":true,"href":"https:\/\/ferabrajan.com\/portal\/wp-json\/wp\/v2\/tags?post=73468"}],"curies":[{"name":"wp","href":"https:\/\/api.w.org\/{rel}","templated":true}]}}