{"id":73459,"date":"2025-07-22T15:25:52","date_gmt":"2025-07-22T15:25:52","guid":{"rendered":"https:\/\/ferabrajan.com\/portal\/?p=73459"},"modified":"2025-07-22T15:26:07","modified_gmt":"2025-07-22T15:26:07","slug":"puebla-se-declara-listo-para-recibir-a-mas-de-2-millones-de-turistas-en-verano-2025","status":"publish","type":"post","link":"https:\/\/ferabrajan.com\/portal\/2025\/07\/22\/puebla-se-declara-listo-para-recibir-a-mas-de-2-millones-de-turistas-en-verano-2025\/","title":{"rendered":"Puebla se declara listo para recibir a m\u00e1s de 2 millones de turistas en verano 2025"},"content":{"rendered":"\n<p class=\"wp-block-paragraph\">Con el arranque del operativo <em>Vacaciones Seguras Verano 2025<\/em>, el gobernador <strong>Alejandro Armenta<\/strong> declar\u00f3 a Puebla como una <strong>potencia tur\u00edstica nacional<\/strong>, lista para recibir a m\u00e1s de <strong>2.2 millones de visitantes<\/strong>, con una <strong>derrama econ\u00f3mica estimada en m\u00e1s de 2 mil 500 millones de pesos<\/strong>.<\/p>\n\n\n\n<p class=\"wp-block-paragraph\">Acompa\u00f1ado por integrantes de su gabinete, autoridades municipales y diputados locales, el mandatario encabez\u00f3 el banderazo de inicio del operativo en la zona hist\u00f3rica de <strong>Los Fuertes<\/strong>, destacando que este despliegue busca garantizar una estancia segura y placentera para las y los visitantes. \u201cLa seguridad no es un discurso, es una obligaci\u00f3n\u201d, afirm\u00f3, al subrayar la disminuci\u00f3n de indicadores delictivos en el estado.<\/p>\n\n\n\n<p class=\"wp-block-paragraph\">La secretaria de Desarrollo Tur\u00edstico, <strong>Carla L\u00f3pez-Malo<\/strong>, inform\u00f3 que se prev\u00e9 un incremento del <strong>7.3 por ciento en la derrama econ\u00f3mica<\/strong> respecto al a\u00f1o anterior, y una ocupaci\u00f3n hotelera del <strong>64 por ciento en la capital<\/strong>, alcanzando el <strong>90 por ciento en Pueblos M\u00e1gicos<\/strong> durante fines de semana. Puebla ofrecer\u00e1 una agenda con <strong>m\u00e1s de 50 actividades culturales y tur\u00edsticas<\/strong>, y su patrimonio incluye <strong>12 Pueblos M\u00e1gicos<\/strong>, zonas arqueol\u00f3gicas y gastronom\u00eda reconocida a nivel mundial.<\/p>\n\n\n\n<figure class=\"wp-block-image size-large\"><img fetchpriority=\"high\" decoding=\"async\" width=\"1024\" height=\"683\" src=\"https:\/\/ferabrajan.com\/portal\/wp-content\/uploads\/2025\/07\/WhatsApp_Image_2025-07-21_at_5.11.23_PM-1024x683.jpeg\" alt=\"\" class=\"wp-image-73460\" srcset=\"https:\/\/ferabrajan.com\/portal\/wp-content\/uploads\/2025\/07\/WhatsApp_Image_2025-07-21_at_5.11.23_PM-1024x683.jpeg 1024w, https:\/\/ferabrajan.com\/portal\/wp-content\/uploads\/2025\/07\/WhatsApp_Image_2025-07-21_at_5.11.23_PM-300x200.jpeg 300w, https:\/\/ferabrajan.com\/portal\/wp-content\/uploads\/2025\/07\/WhatsApp_Image_2025-07-21_at_5.11.23_PM-768x512.jpeg 768w, https:\/\/ferabrajan.com\/portal\/wp-content\/uploads\/2025\/07\/WhatsApp_Image_2025-07-21_at_5.11.23_PM-1536x1024.jpeg 1536w, https:\/\/ferabrajan.com\/portal\/wp-content\/uploads\/2025\/07\/WhatsApp_Image_2025-07-21_at_5.11.23_PM-scaled.jpeg 2048w\" sizes=\"(max-width: 1024px) 100vw, 1024px\" \/><\/figure>\n\n\n\n<p class=\"wp-block-paragraph\">El titular de la Secretar\u00eda de Seguridad P\u00fablica, <strong>vicealmirante Francisco S\u00e1nchez Gonz\u00e1lez<\/strong>, anunci\u00f3 el despliegue de <strong>m\u00e1s de 4 mil elementos<\/strong> de los tres niveles de gobierno, patrullajes a\u00e9reos y terrestres, as\u00ed como vigilancia con <strong>13 torres m\u00f3viles de videovigilancia<\/strong>. Adem\u00e1s, los <strong>Centros Estrat\u00e9gicos de Seguridad y Atenci\u00f3n Tur\u00edstica (CESAT)<\/strong> en <strong>Puebla capital<\/strong> y <strong>San Mart\u00edn Texmelucan<\/strong> brindar\u00e1n orientaci\u00f3n a turistas.<\/p>\n\n\n\n<p class=\"wp-block-paragraph\">El presidente municipal <strong>Jos\u00e9 Chedraui<\/strong> sum\u00f3 <strong>mil elementos de la Polic\u00eda Municipal<\/strong> a este operativo, afirmando que Puebla capital y su zona metropolitana est\u00e1n listas para recibir con los brazos abiertos a visitantes de todo el pa\u00eds y del extranjero.<\/p>\n\n\n\n<p class=\"wp-block-paragraph\">Finalmente, la oficial <strong>Daniela Montes Mu\u00f1oz<\/strong>, de la Polic\u00eda Estatal Tur\u00edstica, reiter\u00f3 el compromiso de los cuerpos de seguridad para ofrecer una temporada vacacional segura, con paz y tranquilidad para todas y todos.<\/p>\n","protected":false},"excerpt":{"rendered":"<p>El gobernador del Estado, dio el banderazo de inicio al Operativo Vacaciones Seguras Verano 2025 en la zona hist\u00f3rica de Los Fuertes.<\/p>\n","protected":false},"author":3,"featured_media":73461,"comment_status":"closed","ping_status":"closed","sticky":false,"template":"","format":"standard","meta":{"_monsterinsights_skip_tracking":false,"_uf_show_specific_survey":0,"_uf_disable_surveys":false,"footnotes":""},"categories":[585,34],"tags":[302,2977],"class_list":["post-73459","post","type-post","status-publish","format-standard","has-post-thumbnail","hentry","category-principal","category-puebla","tag-seguridad","tag-vacaiones"],"yoast_head":"<!-- This site is optimized with the Yoast SEO plugin v27.5 - https:\/\/yoast.com\/product\/yoast-seo-wordpress\/ -->\n<title>Puebla se declara listo para recibir a m\u00e1s de 2 millones de turistas en verano 2025 - Fer Abrajan<\/title>\n<meta name=\"description\" content=\"El gobernador del Estado, dio el banderazo de inicio al Operativo Vacaciones Seguras Verano 2025 en la zona hist\u00f3rica de Los Fuertes.\" \/>\n<meta name=\"robots\" content=\"index, follow, max-snippet:-1, max-image-preview:large, max-video-preview:-1\" \/>\n<link rel=\"canonical\" href=\"https:\/\/ferabrajan.com\/portal\/2025\/07\/22\/puebla-se-declara-listo-para-recibir-a-mas-de-2-millones-de-turistas-en-verano-2025\/\" \/>\n<meta property=\"og:locale\" content=\"es_ES\" \/>\n<meta property=\"og:type\" content=\"article\" \/>\n<meta property=\"og:title\" content=\"Puebla se declara listo para recibir a m\u00e1s de 2 millones de turistas en verano 2025 - Fer Abrajan\" \/>\n<meta property=\"og:description\" content=\"El gobernador del Estado, dio el banderazo de inicio al Operativo Vacaciones Seguras Verano 2025 en la zona hist\u00f3rica de Los Fuertes.\" \/>\n<meta property=\"og:url\" content=\"https:\/\/ferabrajan.com\/portal\/2025\/07\/22\/puebla-se-declara-listo-para-recibir-a-mas-de-2-millones-de-turistas-en-verano-2025\/\" \/>\n<meta property=\"og:site_name\" content=\"Fer Abrajan\" \/>\n<meta property=\"article:publisher\" content=\"https:\/\/www.facebook.com\/NoticiasconFerAbrajan\/\" \/>\n<meta property=\"article:published_time\" content=\"2025-07-22T15:25:52+00:00\" \/>\n<meta property=\"article:modified_time\" content=\"2025-07-22T15:26:07+00:00\" \/>\n<meta property=\"og:image\" content=\"https:\/\/ferabrajan.com\/portal\/wp-content\/uploads\/2025\/07\/WhatsApp_Image_2025-07-21_at_5.11.23_PM_1-scaled.jpeg\" \/>\n\t<meta property=\"og:image:width\" content=\"2048\" \/>\n\t<meta property=\"og:image:height\" content=\"1366\" \/>\n\t<meta property=\"og:image:type\" content=\"image\/jpeg\" \/>\n<meta name=\"author\" content=\"Rebeca N\u00fa\u00f1ez\" \/>\n<meta name=\"twitter:card\" content=\"summary_large_image\" \/>\n<meta name=\"twitter:creator\" content=\"@ferabrajan1\" \/>\n<meta name=\"twitter:site\" content=\"@ferabrajan1\" \/>\n<meta name=\"twitter:label1\" content=\"Escrito por\" \/>\n\t<meta name=\"twitter:data1\" content=\"Rebeca N\u00fa\u00f1ez\" \/>\n\t<meta name=\"twitter:label2\" content=\"Tiempo de lectura\" \/>\n\t<meta name=\"twitter:data2\" content=\"2 minutos\" \/>\n<script type=\"application\/ld+json\" class=\"yoast-schema-graph\">{\"@context\":\"https:\\\/\\\/schema.org\",\"@graph\":[{\"@type\":\"Article\",\"@id\":\"https:\\\/\\\/ferabrajan.com\\\/portal\\\/2025\\\/07\\\/22\\\/puebla-se-declara-listo-para-recibir-a-mas-de-2-millones-de-turistas-en-verano-2025\\\/#article\",\"isPartOf\":{\"@id\":\"https:\\\/\\\/ferabrajan.com\\\/portal\\\/2025\\\/07\\\/22\\\/puebla-se-declara-listo-para-recibir-a-mas-de-2-millones-de-turistas-en-verano-2025\\\/\"},\"author\":{\"name\":\"Rebeca N\u00fa\u00f1ez\",\"@id\":\"https:\\\/\\\/ferabrajan.com\\\/portal\\\/#\\\/schema\\\/person\\\/a79364e0091921e733584c4833bc7a50\"},\"headline\":\"Puebla se declara listo para recibir a m\u00e1s de 2 millones de turistas en verano 2025\",\"datePublished\":\"2025-07-22T15:25:52+00:00\",\"dateModified\":\"2025-07-22T15:26:07+00:00\",\"mainEntityOfPage\":{\"@id\":\"https:\\\/\\\/ferabrajan.com\\\/portal\\\/2025\\\/07\\\/22\\\/puebla-se-declara-listo-para-recibir-a-mas-de-2-millones-de-turistas-en-verano-2025\\\/\"},\"wordCount\":360,\"publisher\":{\"@id\":\"https:\\\/\\\/ferabrajan.com\\\/portal\\\/#organization\"},\"image\":{\"@id\":\"https:\\\/\\\/ferabrajan.com\\\/portal\\\/2025\\\/07\\\/22\\\/puebla-se-declara-listo-para-recibir-a-mas-de-2-millones-de-turistas-en-verano-2025\\\/#primaryimage\"},\"thumbnailUrl\":\"https:\\\/\\\/ferabrajan.com\\\/portal\\\/wp-content\\\/uploads\\\/2025\\\/07\\\/WhatsApp_Image_2025-07-21_at_5.11.23_PM_1-scaled.jpeg\",\"keywords\":[\"Seguridad\",\"vacaiones\"],\"articleSection\":[\"Principal\",\"Puebla\"],\"inLanguage\":\"es\"},{\"@type\":\"WebPage\",\"@id\":\"https:\\\/\\\/ferabrajan.com\\\/portal\\\/2025\\\/07\\\/22\\\/puebla-se-declara-listo-para-recibir-a-mas-de-2-millones-de-turistas-en-verano-2025\\\/\",\"url\":\"https:\\\/\\\/ferabrajan.com\\\/portal\\\/2025\\\/07\\\/22\\\/puebla-se-declara-listo-para-recibir-a-mas-de-2-millones-de-turistas-en-verano-2025\\\/\",\"name\":\"Puebla se declara listo para recibir a m\u00e1s de 2 millones de turistas en verano 2025 - Fer Abrajan\",\"isPartOf\":{\"@id\":\"https:\\\/\\\/ferabrajan.com\\\/portal\\\/#website\"},\"primaryImageOfPage\":{\"@id\":\"https:\\\/\\\/ferabrajan.com\\\/portal\\\/2025\\\/07\\\/22\\\/puebla-se-declara-listo-para-recibir-a-mas-de-2-millones-de-turistas-en-verano-2025\\\/#primaryimage\"},\"image\":{\"@id\":\"https:\\\/\\\/ferabrajan.com\\\/portal\\\/2025\\\/07\\\/22\\\/puebla-se-declara-listo-para-recibir-a-mas-de-2-millones-de-turistas-en-verano-2025\\\/#primaryimage\"},\"thumbnailUrl\":\"https:\\\/\\\/ferabrajan.com\\\/portal\\\/wp-content\\\/uploads\\\/2025\\\/07\\\/WhatsApp_Image_2025-07-21_at_5.11.23_PM_1-scaled.jpeg\",\"datePublished\":\"2025-07-22T15:25:52+00:00\",\"dateModified\":\"2025-07-22T15:26:07+00:00\",\"description\":\"El gobernador del Estado, dio el banderazo de inicio al Operativo Vacaciones Seguras Verano 2025 en la zona hist\u00f3rica de Los Fuertes.\",\"breadcrumb\":{\"@id\":\"https:\\\/\\\/ferabrajan.com\\\/portal\\\/2025\\\/07\\\/22\\\/puebla-se-declara-listo-para-recibir-a-mas-de-2-millones-de-turistas-en-verano-2025\\\/#breadcrumb\"},\"inLanguage\":\"es\",\"potentialAction\":[{\"@type\":\"ReadAction\",\"target\":[\"https:\\\/\\\/ferabrajan.com\\\/portal\\\/2025\\\/07\\\/22\\\/puebla-se-declara-listo-para-recibir-a-mas-de-2-millones-de-turistas-en-verano-2025\\\/\"]}]},{\"@type\":\"ImageObject\",\"inLanguage\":\"es\",\"@id\":\"https:\\\/\\\/ferabrajan.com\\\/portal\\\/2025\\\/07\\\/22\\\/puebla-se-declara-listo-para-recibir-a-mas-de-2-millones-de-turistas-en-verano-2025\\\/#primaryimage\",\"url\":\"https:\\\/\\\/ferabrajan.com\\\/portal\\\/wp-content\\\/uploads\\\/2025\\\/07\\\/WhatsApp_Image_2025-07-21_at_5.11.23_PM_1-scaled.jpeg\",\"contentUrl\":\"https:\\\/\\\/ferabrajan.com\\\/portal\\\/wp-content\\\/uploads\\\/2025\\\/07\\\/WhatsApp_Image_2025-07-21_at_5.11.23_PM_1-scaled.jpeg\",\"width\":2048,\"height\":1366},{\"@type\":\"BreadcrumbList\",\"@id\":\"https:\\\/\\\/ferabrajan.com\\\/portal\\\/2025\\\/07\\\/22\\\/puebla-se-declara-listo-para-recibir-a-mas-de-2-millones-de-turistas-en-verano-2025\\\/#breadcrumb\",\"itemListElement\":[{\"@type\":\"ListItem\",\"position\":1,\"name\":\"Portada\",\"item\":\"https:\\\/\\\/ferabrajan.com\\\/portal\\\/\"},{\"@type\":\"ListItem\",\"position\":2,\"name\":\"Puebla se declara listo para recibir a m\u00e1s de 2 millones de turistas en verano 2025\"}]},{\"@type\":\"WebSite\",\"@id\":\"https:\\\/\\\/ferabrajan.com\\\/portal\\\/#website\",\"url\":\"https:\\\/\\\/ferabrajan.com\\\/portal\\\/\",\"name\":\"Fer Abrajan\",\"description\":\"Noticias de Puebla, opini\u00f3n y radio en vivo\",\"publisher\":{\"@id\":\"https:\\\/\\\/ferabrajan.com\\\/portal\\\/#organization\"},\"potentialAction\":[{\"@type\":\"SearchAction\",\"target\":{\"@type\":\"EntryPoint\",\"urlTemplate\":\"https:\\\/\\\/ferabrajan.com\\\/portal\\\/?s={search_term_string}\"},\"query-input\":{\"@type\":\"PropertyValueSpecification\",\"valueRequired\":true,\"valueName\":\"search_term_string\"}}],\"inLanguage\":\"es\"},{\"@type\":\"Organization\",\"@id\":\"https:\\\/\\\/ferabrajan.com\\\/portal\\\/#organization\",\"name\":\"Fer Abrajan\",\"url\":\"https:\\\/\\\/ferabrajan.com\\\/portal\\\/\",\"logo\":{\"@type\":\"ImageObject\",\"inLanguage\":\"es\",\"@id\":\"https:\\\/\\\/ferabrajan.com\\\/portal\\\/#\\\/schema\\\/logo\\\/image\\\/\",\"url\":\"https:\\\/\\\/ferabrajan.com\\\/portal\\\/wp-content\\\/uploads\\\/2024\\\/10\\\/cropped-logo.jpeg\",\"contentUrl\":\"https:\\\/\\\/ferabrajan.com\\\/portal\\\/wp-content\\\/uploads\\\/2024\\\/10\\\/cropped-logo.jpeg\",\"width\":500,\"height\":250,\"caption\":\"Fer Abrajan\"},\"image\":{\"@id\":\"https:\\\/\\\/ferabrajan.com\\\/portal\\\/#\\\/schema\\\/logo\\\/image\\\/\"},\"sameAs\":[\"https:\\\/\\\/www.facebook.com\\\/NoticiasconFerAbrajan\\\/\",\"https:\\\/\\\/x.com\\\/ferabrajan1\"]},{\"@type\":\"Person\",\"@id\":\"https:\\\/\\\/ferabrajan.com\\\/portal\\\/#\\\/schema\\\/person\\\/a79364e0091921e733584c4833bc7a50\",\"name\":\"Rebeca N\u00fa\u00f1ez\",\"image\":{\"@type\":\"ImageObject\",\"inLanguage\":\"es\",\"@id\":\"https:\\\/\\\/secure.gravatar.com\\\/avatar\\\/c9cbf721287e849268cd37eca93cf4be51b2eed9e71c8d0c6825bd912000b74e?s=96&d=mm&r=g\",\"url\":\"https:\\\/\\\/secure.gravatar.com\\\/avatar\\\/c9cbf721287e849268cd37eca93cf4be51b2eed9e71c8d0c6825bd912000b74e?s=96&d=mm&r=g\",\"contentUrl\":\"https:\\\/\\\/secure.gravatar.com\\\/avatar\\\/c9cbf721287e849268cd37eca93cf4be51b2eed9e71c8d0c6825bd912000b74e?s=96&d=mm&r=g\",\"caption\":\"Rebeca N\u00fa\u00f1ez\"},\"url\":\"https:\\\/\\\/ferabrajan.com\\\/portal\\\/author\\\/rebeca\\\/\"}]}<\/script>\n<!-- \/ Yoast SEO plugin. -->","yoast_head_json":{"title":"Puebla se declara listo para recibir a m\u00e1s de 2 millones de turistas en verano 2025 - Fer Abrajan","description":"El gobernador del Estado, dio el banderazo de inicio al Operativo Vacaciones Seguras Verano 2025 en la zona hist\u00f3rica de Los Fuertes.","robots":{"index":"index","follow":"follow","max-snippet":"max-snippet:-1","max-image-preview":"max-image-preview:large","max-video-preview":"max-video-preview:-1"},"canonical":"https:\/\/ferabrajan.com\/portal\/2025\/07\/22\/puebla-se-declara-listo-para-recibir-a-mas-de-2-millones-de-turistas-en-verano-2025\/","og_locale":"es_ES","og_type":"article","og_title":"Puebla se declara listo para recibir a m\u00e1s de 2 millones de turistas en verano 2025 - Fer Abrajan","og_description":"El gobernador del Estado, dio el banderazo de inicio al Operativo Vacaciones Seguras Verano 2025 en la zona hist\u00f3rica de Los Fuertes.","og_url":"https:\/\/ferabrajan.com\/portal\/2025\/07\/22\/puebla-se-declara-listo-para-recibir-a-mas-de-2-millones-de-turistas-en-verano-2025\/","og_site_name":"Fer Abrajan","article_publisher":"https:\/\/www.facebook.com\/NoticiasconFerAbrajan\/","article_published_time":"2025-07-22T15:25:52+00:00","article_modified_time":"2025-07-22T15:26:07+00:00","og_image":[{"width":2048,"height":1366,"url":"https:\/\/ferabrajan.com\/portal\/wp-content\/uploads\/2025\/07\/WhatsApp_Image_2025-07-21_at_5.11.23_PM_1-scaled.jpeg","type":"image\/jpeg"}],"author":"Rebeca N\u00fa\u00f1ez","twitter_card":"summary_large_image","twitter_creator":"@ferabrajan1","twitter_site":"@ferabrajan1","twitter_misc":{"Escrito por":"Rebeca N\u00fa\u00f1ez","Tiempo de lectura":"2 minutos"},"schema":{"@context":"https:\/\/schema.org","@graph":[{"@type":"Article","@id":"https:\/\/ferabrajan.com\/portal\/2025\/07\/22\/puebla-se-declara-listo-para-recibir-a-mas-de-2-millones-de-turistas-en-verano-2025\/#article","isPartOf":{"@id":"https:\/\/ferabrajan.com\/portal\/2025\/07\/22\/puebla-se-declara-listo-para-recibir-a-mas-de-2-millones-de-turistas-en-verano-2025\/"},"author":{"name":"Rebeca N\u00fa\u00f1ez","@id":"https:\/\/ferabrajan.com\/portal\/#\/schema\/person\/a79364e0091921e733584c4833bc7a50"},"headline":"Puebla se declara listo para recibir a m\u00e1s de 2 millones de turistas en verano 2025","datePublished":"2025-07-22T15:25:52+00:00","dateModified":"2025-07-22T15:26:07+00:00","mainEntityOfPage":{"@id":"https:\/\/ferabrajan.com\/portal\/2025\/07\/22\/puebla-se-declara-listo-para-recibir-a-mas-de-2-millones-de-turistas-en-verano-2025\/"},"wordCount":360,"publisher":{"@id":"https:\/\/ferabrajan.com\/portal\/#organization"},"image":{"@id":"https:\/\/ferabrajan.com\/portal\/2025\/07\/22\/puebla-se-declara-listo-para-recibir-a-mas-de-2-millones-de-turistas-en-verano-2025\/#primaryimage"},"thumbnailUrl":"https:\/\/ferabrajan.com\/portal\/wp-content\/uploads\/2025\/07\/WhatsApp_Image_2025-07-21_at_5.11.23_PM_1-scaled.jpeg","keywords":["Seguridad","vacaiones"],"articleSection":["Principal","Puebla"],"inLanguage":"es"},{"@type":"WebPage","@id":"https:\/\/ferabrajan.com\/portal\/2025\/07\/22\/puebla-se-declara-listo-para-recibir-a-mas-de-2-millones-de-turistas-en-verano-2025\/","url":"https:\/\/ferabrajan.com\/portal\/2025\/07\/22\/puebla-se-declara-listo-para-recibir-a-mas-de-2-millones-de-turistas-en-verano-2025\/","name":"Puebla se declara listo para recibir a m\u00e1s de 2 millones de turistas en verano 2025 - Fer Abrajan","isPartOf":{"@id":"https:\/\/ferabrajan.com\/portal\/#website"},"primaryImageOfPage":{"@id":"https:\/\/ferabrajan.com\/portal\/2025\/07\/22\/puebla-se-declara-listo-para-recibir-a-mas-de-2-millones-de-turistas-en-verano-2025\/#primaryimage"},"image":{"@id":"https:\/\/ferabrajan.com\/portal\/2025\/07\/22\/puebla-se-declara-listo-para-recibir-a-mas-de-2-millones-de-turistas-en-verano-2025\/#primaryimage"},"thumbnailUrl":"https:\/\/ferabrajan.com\/portal\/wp-content\/uploads\/2025\/07\/WhatsApp_Image_2025-07-21_at_5.11.23_PM_1-scaled.jpeg","datePublished":"2025-07-22T15:25:52+00:00","dateModified":"2025-07-22T15:26:07+00:00","description":"El gobernador del Estado, dio el banderazo de inicio al Operativo Vacaciones Seguras Verano 2025 en la zona hist\u00f3rica de Los Fuertes.","breadcrumb":{"@id":"https:\/\/ferabrajan.com\/portal\/2025\/07\/22\/puebla-se-declara-listo-para-recibir-a-mas-de-2-millones-de-turistas-en-verano-2025\/#breadcrumb"},"inLanguage":"es","potentialAction":[{"@type":"ReadAction","target":["https:\/\/ferabrajan.com\/portal\/2025\/07\/22\/puebla-se-declara-listo-para-recibir-a-mas-de-2-millones-de-turistas-en-verano-2025\/"]}]},{"@type":"ImageObject","inLanguage":"es","@id":"https:\/\/ferabrajan.com\/portal\/2025\/07\/22\/puebla-se-declara-listo-para-recibir-a-mas-de-2-millones-de-turistas-en-verano-2025\/#primaryimage","url":"https:\/\/ferabrajan.com\/portal\/wp-content\/uploads\/2025\/07\/WhatsApp_Image_2025-07-21_at_5.11.23_PM_1-scaled.jpeg","contentUrl":"https:\/\/ferabrajan.com\/portal\/wp-content\/uploads\/2025\/07\/WhatsApp_Image_2025-07-21_at_5.11.23_PM_1-scaled.jpeg","width":2048,"height":1366},{"@type":"BreadcrumbList","@id":"https:\/\/ferabrajan.com\/portal\/2025\/07\/22\/puebla-se-declara-listo-para-recibir-a-mas-de-2-millones-de-turistas-en-verano-2025\/#breadcrumb","itemListElement":[{"@type":"ListItem","position":1,"name":"Portada","item":"https:\/\/ferabrajan.com\/portal\/"},{"@type":"ListItem","position":2,"name":"Puebla se declara listo para recibir a m\u00e1s de 2 millones de turistas en verano 2025"}]},{"@type":"WebSite","@id":"https:\/\/ferabrajan.com\/portal\/#website","url":"https:\/\/ferabrajan.com\/portal\/","name":"Fer Abrajan","description":"Noticias de Puebla, opini\u00f3n y radio en vivo","publisher":{"@id":"https:\/\/ferabrajan.com\/portal\/#organization"},"potentialAction":[{"@type":"SearchAction","target":{"@type":"EntryPoint","urlTemplate":"https:\/\/ferabrajan.com\/portal\/?s={search_term_string}"},"query-input":{"@type":"PropertyValueSpecification","valueRequired":true,"valueName":"search_term_string"}}],"inLanguage":"es"},{"@type":"Organization","@id":"https:\/\/ferabrajan.com\/portal\/#organization","name":"Fer Abrajan","url":"https:\/\/ferabrajan.com\/portal\/","logo":{"@type":"ImageObject","inLanguage":"es","@id":"https:\/\/ferabrajan.com\/portal\/#\/schema\/logo\/image\/","url":"https:\/\/ferabrajan.com\/portal\/wp-content\/uploads\/2024\/10\/cropped-logo.jpeg","contentUrl":"https:\/\/ferabrajan.com\/portal\/wp-content\/uploads\/2024\/10\/cropped-logo.jpeg","width":500,"height":250,"caption":"Fer Abrajan"},"image":{"@id":"https:\/\/ferabrajan.com\/portal\/#\/schema\/logo\/image\/"},"sameAs":["https:\/\/www.facebook.com\/NoticiasconFerAbrajan\/","https:\/\/x.com\/ferabrajan1"]},{"@type":"Person","@id":"https:\/\/ferabrajan.com\/portal\/#\/schema\/person\/a79364e0091921e733584c4833bc7a50","name":"Rebeca N\u00fa\u00f1ez","image":{"@type":"ImageObject","inLanguage":"es","@id":"https:\/\/secure.gravatar.com\/avatar\/c9cbf721287e849268cd37eca93cf4be51b2eed9e71c8d0c6825bd912000b74e?s=96&d=mm&r=g","url":"https:\/\/secure.gravatar.com\/avatar\/c9cbf721287e849268cd37eca93cf4be51b2eed9e71c8d0c6825bd912000b74e?s=96&d=mm&r=g","contentUrl":"https:\/\/secure.gravatar.com\/avatar\/c9cbf721287e849268cd37eca93cf4be51b2eed9e71c8d0c6825bd912000b74e?s=96&d=mm&r=g","caption":"Rebeca N\u00fa\u00f1ez"},"url":"https:\/\/ferabrajan.com\/portal\/author\/rebeca\/"}]}},"_links":{"self":[{"href":"https:\/\/ferabrajan.com\/portal\/wp-json\/wp\/v2\/posts\/73459","targetHints":{"allow":["GET"]}}],"collection":[{"href":"https:\/\/ferabrajan.com\/portal\/wp-json\/wp\/v2\/posts"}],"about":[{"href":"https:\/\/ferabrajan.com\/portal\/wp-json\/wp\/v2\/types\/post"}],"author":[{"embeddable":true,"href":"https:\/\/ferabrajan.com\/portal\/wp-json\/wp\/v2\/users\/3"}],"replies":[{"embeddable":true,"href":"https:\/\/ferabrajan.com\/portal\/wp-json\/wp\/v2\/comments?post=73459"}],"version-history":[{"count":0,"href":"https:\/\/ferabrajan.com\/portal\/wp-json\/wp\/v2\/posts\/73459\/revisions"}],"wp:featuredmedia":[{"embeddable":true,"href":"https:\/\/ferabrajan.com\/portal\/wp-json\/wp\/v2\/media\/73461"}],"wp:attachment":[{"href":"https:\/\/ferabrajan.com\/portal\/wp-json\/wp\/v2\/media?parent=73459"}],"wp:term":[{"taxonomy":"category","embeddable":true,"href":"https:\/\/ferabrajan.com\/portal\/wp-json\/wp\/v2\/categories?post=73459"},{"taxonomy":"post_tag","embeddable":true,"href":"https:\/\/ferabrajan.com\/portal\/wp-json\/wp\/v2\/tags?post=73459"}],"curies":[{"name":"wp","href":"https:\/\/api.w.org\/{rel}","templated":true}]}}