{"id":73452,"date":"2025-07-22T15:13:20","date_gmt":"2025-07-22T15:13:20","guid":{"rendered":"https:\/\/ferabrajan.com\/portal\/?p=73452"},"modified":"2025-07-22T15:27:24","modified_gmt":"2025-07-22T15:27:24","slug":"lanzan-en-puebla-el-plan-becas-para-ampliar-acceso-a-la-educacion-superior","status":"publish","type":"post","link":"https:\/\/ferabrajan.com\/portal\/2025\/07\/22\/lanzan-en-puebla-el-plan-becas-para-ampliar-acceso-a-la-educacion-superior\/","title":{"rendered":"Lanzan en Puebla el Plan Becas para ampliar acceso a la educaci\u00f3n superior"},"content":{"rendered":"\n<p class=\"wp-block-paragraph\">Con el objetivo de garantizar un acceso equitativo a la educaci\u00f3n superior, la Secretar\u00eda de Educaci\u00f3n P\u00fablica del Estado de Puebla puso en marcha el <strong>Plan Becas<\/strong>, un proyecto que ofrece opciones acad\u00e9micas y apoyos econ\u00f3micos a estudiantes que no lograron ingresar a universidades p\u00fablicas, pese a su capacidad y vocaci\u00f3n.<\/p>\n\n\n\n<p class=\"wp-block-paragraph\">Durante la inauguraci\u00f3n de esta jornada educativa, que se extender\u00e1 por tres d\u00edas, el secretario de Educaci\u00f3n, <strong>Manuel Viveros Narciso<\/strong>, encabez\u00f3 el corte de list\u00f3n y destac\u00f3 que el programa permitir\u00e1 a miles de j\u00f3venes acceder a programas de calidad en <strong>44 instituciones incorporadas a la BUAP<\/strong> y <strong>Organismos P\u00fablicos Descentralizados (OPDs)<\/strong>, acompa\u00f1ados de becas y reducciones en los costos de inscripci\u00f3n y colegiatura.<\/p>\n\n\n\n<p class=\"wp-block-paragraph\">\u201cEl Plan Becas representa una respuesta concreta para miles de j\u00f3venes que enfrentan barreras econ\u00f3micas para continuar sus estudios. Este espacio es m\u00e1s que informativo: es una oportunidad real para cambiar vidas\u201d, afirm\u00f3 Viveros Narciso.<\/p>\n\n\n\n<p class=\"wp-block-paragraph\">Enmarcado en el eje estrat\u00e9gico de <strong>\u201cLa bio\u00e9tica social\u201d<\/strong>, el plan promueve una visi\u00f3n educativa centrada en el <strong>humanismo mexicano<\/strong>, la <strong>interculturalidad<\/strong>, el <strong>desarrollo del talento humano<\/strong> y la <strong>seguridad comunitaria<\/strong>, con el prop\u00f3sito de construir una sociedad m\u00e1s justa, con di\u00e1logo y sin violencia.<\/p>\n\n\n\n<p class=\"wp-block-paragraph\">Este esfuerzo se alinea con la visi\u00f3n del gobernador <strong>Alejandro Armenta<\/strong>, de asegurar que ning\u00fan joven quede fuera del sistema educativo por falta de recursos, y con la pol\u00edtica nacional encabezada por la presidenta <strong>Claudia Sheinbaum Pardo<\/strong>, que garantiza el derecho a la educaci\u00f3n para todas y todos.<\/p>\n","protected":false},"excerpt":{"rendered":"<p>Con este evento se impulsa el acceso equitativo a estudios superiores con enfoque humanista.<\/p>\n","protected":false},"author":3,"featured_media":73453,"comment_status":"closed","ping_status":"closed","sticky":false,"template":"","format":"standard","meta":{"_monsterinsights_skip_tracking":false,"_uf_show_specific_survey":0,"_uf_disable_surveys":false,"footnotes":""},"categories":[585,34],"tags":[1127,670],"class_list":["post-73452","post","type-post","status-publish","format-standard","has-post-thumbnail","hentry","category-principal","category-puebla","tag-becas","tag-universidades"],"yoast_head":"<!-- This site is optimized with the Yoast SEO plugin v27.5 - https:\/\/yoast.com\/product\/yoast-seo-wordpress\/ -->\n<title>Lanzan en Puebla el Plan Becas para ampliar acceso a la educaci\u00f3n superior - Fer Abrajan<\/title>\n<meta name=\"description\" content=\"Con este evento se impulsa el acceso equitativo a estudios superiores con enfoque humanista.\" \/>\n<meta name=\"robots\" content=\"index, follow, max-snippet:-1, max-image-preview:large, max-video-preview:-1\" \/>\n<link rel=\"canonical\" href=\"https:\/\/ferabrajan.com\/portal\/2025\/07\/22\/lanzan-en-puebla-el-plan-becas-para-ampliar-acceso-a-la-educacion-superior\/\" \/>\n<meta property=\"og:locale\" content=\"es_ES\" \/>\n<meta property=\"og:type\" content=\"article\" \/>\n<meta property=\"og:title\" content=\"Lanzan en Puebla el Plan Becas para ampliar acceso a la educaci\u00f3n superior - Fer Abrajan\" \/>\n<meta property=\"og:description\" content=\"Con este evento se impulsa el acceso equitativo a estudios superiores con enfoque humanista.\" \/>\n<meta property=\"og:url\" content=\"https:\/\/ferabrajan.com\/portal\/2025\/07\/22\/lanzan-en-puebla-el-plan-becas-para-ampliar-acceso-a-la-educacion-superior\/\" \/>\n<meta property=\"og:site_name\" content=\"Fer Abrajan\" \/>\n<meta property=\"article:publisher\" content=\"https:\/\/www.facebook.com\/NoticiasconFerAbrajan\/\" \/>\n<meta property=\"article:published_time\" content=\"2025-07-22T15:13:20+00:00\" \/>\n<meta property=\"article:modified_time\" content=\"2025-07-22T15:27:24+00:00\" \/>\n<meta property=\"og:image\" content=\"https:\/\/ferabrajan.com\/portal\/wp-content\/uploads\/2025\/07\/WhatsApp_Image_2025-07-21_at_5.12.12_PM_1.jpeg\" \/>\n\t<meta property=\"og:image:width\" content=\"1600\" \/>\n\t<meta property=\"og:image:height\" content=\"1066\" \/>\n\t<meta property=\"og:image:type\" content=\"image\/jpeg\" \/>\n<meta name=\"author\" content=\"Rebeca N\u00fa\u00f1ez\" \/>\n<meta name=\"twitter:card\" content=\"summary_large_image\" \/>\n<meta name=\"twitter:creator\" content=\"@ferabrajan1\" \/>\n<meta name=\"twitter:site\" content=\"@ferabrajan1\" \/>\n<meta name=\"twitter:label1\" content=\"Escrito por\" \/>\n\t<meta name=\"twitter:data1\" content=\"Rebeca N\u00fa\u00f1ez\" \/>\n\t<meta name=\"twitter:label2\" content=\"Tiempo de lectura\" \/>\n\t<meta name=\"twitter:data2\" content=\"2 minutos\" \/>\n<script type=\"application\/ld+json\" class=\"yoast-schema-graph\">{\"@context\":\"https:\\\/\\\/schema.org\",\"@graph\":[{\"@type\":\"Article\",\"@id\":\"https:\\\/\\\/ferabrajan.com\\\/portal\\\/2025\\\/07\\\/22\\\/lanzan-en-puebla-el-plan-becas-para-ampliar-acceso-a-la-educacion-superior\\\/#article\",\"isPartOf\":{\"@id\":\"https:\\\/\\\/ferabrajan.com\\\/portal\\\/2025\\\/07\\\/22\\\/lanzan-en-puebla-el-plan-becas-para-ampliar-acceso-a-la-educacion-superior\\\/\"},\"author\":{\"name\":\"Rebeca N\u00fa\u00f1ez\",\"@id\":\"https:\\\/\\\/ferabrajan.com\\\/portal\\\/#\\\/schema\\\/person\\\/a79364e0091921e733584c4833bc7a50\"},\"headline\":\"Lanzan en Puebla el Plan Becas para ampliar acceso a la educaci\u00f3n superior\",\"datePublished\":\"2025-07-22T15:13:20+00:00\",\"dateModified\":\"2025-07-22T15:27:24+00:00\",\"mainEntityOfPage\":{\"@id\":\"https:\\\/\\\/ferabrajan.com\\\/portal\\\/2025\\\/07\\\/22\\\/lanzan-en-puebla-el-plan-becas-para-ampliar-acceso-a-la-educacion-superior\\\/\"},\"wordCount\":285,\"publisher\":{\"@id\":\"https:\\\/\\\/ferabrajan.com\\\/portal\\\/#organization\"},\"image\":{\"@id\":\"https:\\\/\\\/ferabrajan.com\\\/portal\\\/2025\\\/07\\\/22\\\/lanzan-en-puebla-el-plan-becas-para-ampliar-acceso-a-la-educacion-superior\\\/#primaryimage\"},\"thumbnailUrl\":\"https:\\\/\\\/ferabrajan.com\\\/portal\\\/wp-content\\\/uploads\\\/2025\\\/07\\\/WhatsApp_Image_2025-07-21_at_5.12.12_PM_1.jpeg\",\"keywords\":[\"Becas\",\"universidades\"],\"articleSection\":[\"Principal\",\"Puebla\"],\"inLanguage\":\"es\"},{\"@type\":\"WebPage\",\"@id\":\"https:\\\/\\\/ferabrajan.com\\\/portal\\\/2025\\\/07\\\/22\\\/lanzan-en-puebla-el-plan-becas-para-ampliar-acceso-a-la-educacion-superior\\\/\",\"url\":\"https:\\\/\\\/ferabrajan.com\\\/portal\\\/2025\\\/07\\\/22\\\/lanzan-en-puebla-el-plan-becas-para-ampliar-acceso-a-la-educacion-superior\\\/\",\"name\":\"Lanzan en Puebla el Plan Becas para ampliar acceso a la educaci\u00f3n superior - Fer Abrajan\",\"isPartOf\":{\"@id\":\"https:\\\/\\\/ferabrajan.com\\\/portal\\\/#website\"},\"primaryImageOfPage\":{\"@id\":\"https:\\\/\\\/ferabrajan.com\\\/portal\\\/2025\\\/07\\\/22\\\/lanzan-en-puebla-el-plan-becas-para-ampliar-acceso-a-la-educacion-superior\\\/#primaryimage\"},\"image\":{\"@id\":\"https:\\\/\\\/ferabrajan.com\\\/portal\\\/2025\\\/07\\\/22\\\/lanzan-en-puebla-el-plan-becas-para-ampliar-acceso-a-la-educacion-superior\\\/#primaryimage\"},\"thumbnailUrl\":\"https:\\\/\\\/ferabrajan.com\\\/portal\\\/wp-content\\\/uploads\\\/2025\\\/07\\\/WhatsApp_Image_2025-07-21_at_5.12.12_PM_1.jpeg\",\"datePublished\":\"2025-07-22T15:13:20+00:00\",\"dateModified\":\"2025-07-22T15:27:24+00:00\",\"description\":\"Con este evento se impulsa el acceso equitativo a estudios superiores con enfoque humanista.\",\"breadcrumb\":{\"@id\":\"https:\\\/\\\/ferabrajan.com\\\/portal\\\/2025\\\/07\\\/22\\\/lanzan-en-puebla-el-plan-becas-para-ampliar-acceso-a-la-educacion-superior\\\/#breadcrumb\"},\"inLanguage\":\"es\",\"potentialAction\":[{\"@type\":\"ReadAction\",\"target\":[\"https:\\\/\\\/ferabrajan.com\\\/portal\\\/2025\\\/07\\\/22\\\/lanzan-en-puebla-el-plan-becas-para-ampliar-acceso-a-la-educacion-superior\\\/\"]}]},{\"@type\":\"ImageObject\",\"inLanguage\":\"es\",\"@id\":\"https:\\\/\\\/ferabrajan.com\\\/portal\\\/2025\\\/07\\\/22\\\/lanzan-en-puebla-el-plan-becas-para-ampliar-acceso-a-la-educacion-superior\\\/#primaryimage\",\"url\":\"https:\\\/\\\/ferabrajan.com\\\/portal\\\/wp-content\\\/uploads\\\/2025\\\/07\\\/WhatsApp_Image_2025-07-21_at_5.12.12_PM_1.jpeg\",\"contentUrl\":\"https:\\\/\\\/ferabrajan.com\\\/portal\\\/wp-content\\\/uploads\\\/2025\\\/07\\\/WhatsApp_Image_2025-07-21_at_5.12.12_PM_1.jpeg\",\"width\":1600,\"height\":1066},{\"@type\":\"BreadcrumbList\",\"@id\":\"https:\\\/\\\/ferabrajan.com\\\/portal\\\/2025\\\/07\\\/22\\\/lanzan-en-puebla-el-plan-becas-para-ampliar-acceso-a-la-educacion-superior\\\/#breadcrumb\",\"itemListElement\":[{\"@type\":\"ListItem\",\"position\":1,\"name\":\"Portada\",\"item\":\"https:\\\/\\\/ferabrajan.com\\\/portal\\\/\"},{\"@type\":\"ListItem\",\"position\":2,\"name\":\"Lanzan en Puebla el Plan Becas para ampliar acceso a la educaci\u00f3n superior\"}]},{\"@type\":\"WebSite\",\"@id\":\"https:\\\/\\\/ferabrajan.com\\\/portal\\\/#website\",\"url\":\"https:\\\/\\\/ferabrajan.com\\\/portal\\\/\",\"name\":\"Fer Abrajan\",\"description\":\"Noticias de Puebla, opini\u00f3n y radio en vivo\",\"publisher\":{\"@id\":\"https:\\\/\\\/ferabrajan.com\\\/portal\\\/#organization\"},\"potentialAction\":[{\"@type\":\"SearchAction\",\"target\":{\"@type\":\"EntryPoint\",\"urlTemplate\":\"https:\\\/\\\/ferabrajan.com\\\/portal\\\/?s={search_term_string}\"},\"query-input\":{\"@type\":\"PropertyValueSpecification\",\"valueRequired\":true,\"valueName\":\"search_term_string\"}}],\"inLanguage\":\"es\"},{\"@type\":\"Organization\",\"@id\":\"https:\\\/\\\/ferabrajan.com\\\/portal\\\/#organization\",\"name\":\"Fer Abrajan\",\"url\":\"https:\\\/\\\/ferabrajan.com\\\/portal\\\/\",\"logo\":{\"@type\":\"ImageObject\",\"inLanguage\":\"es\",\"@id\":\"https:\\\/\\\/ferabrajan.com\\\/portal\\\/#\\\/schema\\\/logo\\\/image\\\/\",\"url\":\"https:\\\/\\\/ferabrajan.com\\\/portal\\\/wp-content\\\/uploads\\\/2024\\\/10\\\/cropped-logo.jpeg\",\"contentUrl\":\"https:\\\/\\\/ferabrajan.com\\\/portal\\\/wp-content\\\/uploads\\\/2024\\\/10\\\/cropped-logo.jpeg\",\"width\":500,\"height\":250,\"caption\":\"Fer Abrajan\"},\"image\":{\"@id\":\"https:\\\/\\\/ferabrajan.com\\\/portal\\\/#\\\/schema\\\/logo\\\/image\\\/\"},\"sameAs\":[\"https:\\\/\\\/www.facebook.com\\\/NoticiasconFerAbrajan\\\/\",\"https:\\\/\\\/x.com\\\/ferabrajan1\"]},{\"@type\":\"Person\",\"@id\":\"https:\\\/\\\/ferabrajan.com\\\/portal\\\/#\\\/schema\\\/person\\\/a79364e0091921e733584c4833bc7a50\",\"name\":\"Rebeca N\u00fa\u00f1ez\",\"image\":{\"@type\":\"ImageObject\",\"inLanguage\":\"es\",\"@id\":\"https:\\\/\\\/secure.gravatar.com\\\/avatar\\\/c9cbf721287e849268cd37eca93cf4be51b2eed9e71c8d0c6825bd912000b74e?s=96&d=mm&r=g\",\"url\":\"https:\\\/\\\/secure.gravatar.com\\\/avatar\\\/c9cbf721287e849268cd37eca93cf4be51b2eed9e71c8d0c6825bd912000b74e?s=96&d=mm&r=g\",\"contentUrl\":\"https:\\\/\\\/secure.gravatar.com\\\/avatar\\\/c9cbf721287e849268cd37eca93cf4be51b2eed9e71c8d0c6825bd912000b74e?s=96&d=mm&r=g\",\"caption\":\"Rebeca N\u00fa\u00f1ez\"},\"url\":\"https:\\\/\\\/ferabrajan.com\\\/portal\\\/author\\\/rebeca\\\/\"}]}<\/script>\n<!-- \/ Yoast SEO plugin. -->","yoast_head_json":{"title":"Lanzan en Puebla el Plan Becas para ampliar acceso a la educaci\u00f3n superior - Fer Abrajan","description":"Con este evento se impulsa el acceso equitativo a estudios superiores con enfoque humanista.","robots":{"index":"index","follow":"follow","max-snippet":"max-snippet:-1","max-image-preview":"max-image-preview:large","max-video-preview":"max-video-preview:-1"},"canonical":"https:\/\/ferabrajan.com\/portal\/2025\/07\/22\/lanzan-en-puebla-el-plan-becas-para-ampliar-acceso-a-la-educacion-superior\/","og_locale":"es_ES","og_type":"article","og_title":"Lanzan en Puebla el Plan Becas para ampliar acceso a la educaci\u00f3n superior - Fer Abrajan","og_description":"Con este evento se impulsa el acceso equitativo a estudios superiores con enfoque humanista.","og_url":"https:\/\/ferabrajan.com\/portal\/2025\/07\/22\/lanzan-en-puebla-el-plan-becas-para-ampliar-acceso-a-la-educacion-superior\/","og_site_name":"Fer Abrajan","article_publisher":"https:\/\/www.facebook.com\/NoticiasconFerAbrajan\/","article_published_time":"2025-07-22T15:13:20+00:00","article_modified_time":"2025-07-22T15:27:24+00:00","og_image":[{"width":1600,"height":1066,"url":"https:\/\/ferabrajan.com\/portal\/wp-content\/uploads\/2025\/07\/WhatsApp_Image_2025-07-21_at_5.12.12_PM_1.jpeg","type":"image\/jpeg"}],"author":"Rebeca N\u00fa\u00f1ez","twitter_card":"summary_large_image","twitter_creator":"@ferabrajan1","twitter_site":"@ferabrajan1","twitter_misc":{"Escrito por":"Rebeca N\u00fa\u00f1ez","Tiempo de lectura":"2 minutos"},"schema":{"@context":"https:\/\/schema.org","@graph":[{"@type":"Article","@id":"https:\/\/ferabrajan.com\/portal\/2025\/07\/22\/lanzan-en-puebla-el-plan-becas-para-ampliar-acceso-a-la-educacion-superior\/#article","isPartOf":{"@id":"https:\/\/ferabrajan.com\/portal\/2025\/07\/22\/lanzan-en-puebla-el-plan-becas-para-ampliar-acceso-a-la-educacion-superior\/"},"author":{"name":"Rebeca N\u00fa\u00f1ez","@id":"https:\/\/ferabrajan.com\/portal\/#\/schema\/person\/a79364e0091921e733584c4833bc7a50"},"headline":"Lanzan en Puebla el Plan Becas para ampliar acceso a la educaci\u00f3n superior","datePublished":"2025-07-22T15:13:20+00:00","dateModified":"2025-07-22T15:27:24+00:00","mainEntityOfPage":{"@id":"https:\/\/ferabrajan.com\/portal\/2025\/07\/22\/lanzan-en-puebla-el-plan-becas-para-ampliar-acceso-a-la-educacion-superior\/"},"wordCount":285,"publisher":{"@id":"https:\/\/ferabrajan.com\/portal\/#organization"},"image":{"@id":"https:\/\/ferabrajan.com\/portal\/2025\/07\/22\/lanzan-en-puebla-el-plan-becas-para-ampliar-acceso-a-la-educacion-superior\/#primaryimage"},"thumbnailUrl":"https:\/\/ferabrajan.com\/portal\/wp-content\/uploads\/2025\/07\/WhatsApp_Image_2025-07-21_at_5.12.12_PM_1.jpeg","keywords":["Becas","universidades"],"articleSection":["Principal","Puebla"],"inLanguage":"es"},{"@type":"WebPage","@id":"https:\/\/ferabrajan.com\/portal\/2025\/07\/22\/lanzan-en-puebla-el-plan-becas-para-ampliar-acceso-a-la-educacion-superior\/","url":"https:\/\/ferabrajan.com\/portal\/2025\/07\/22\/lanzan-en-puebla-el-plan-becas-para-ampliar-acceso-a-la-educacion-superior\/","name":"Lanzan en Puebla el Plan Becas para ampliar acceso a la educaci\u00f3n superior - Fer Abrajan","isPartOf":{"@id":"https:\/\/ferabrajan.com\/portal\/#website"},"primaryImageOfPage":{"@id":"https:\/\/ferabrajan.com\/portal\/2025\/07\/22\/lanzan-en-puebla-el-plan-becas-para-ampliar-acceso-a-la-educacion-superior\/#primaryimage"},"image":{"@id":"https:\/\/ferabrajan.com\/portal\/2025\/07\/22\/lanzan-en-puebla-el-plan-becas-para-ampliar-acceso-a-la-educacion-superior\/#primaryimage"},"thumbnailUrl":"https:\/\/ferabrajan.com\/portal\/wp-content\/uploads\/2025\/07\/WhatsApp_Image_2025-07-21_at_5.12.12_PM_1.jpeg","datePublished":"2025-07-22T15:13:20+00:00","dateModified":"2025-07-22T15:27:24+00:00","description":"Con este evento se impulsa el acceso equitativo a estudios superiores con enfoque humanista.","breadcrumb":{"@id":"https:\/\/ferabrajan.com\/portal\/2025\/07\/22\/lanzan-en-puebla-el-plan-becas-para-ampliar-acceso-a-la-educacion-superior\/#breadcrumb"},"inLanguage":"es","potentialAction":[{"@type":"ReadAction","target":["https:\/\/ferabrajan.com\/portal\/2025\/07\/22\/lanzan-en-puebla-el-plan-becas-para-ampliar-acceso-a-la-educacion-superior\/"]}]},{"@type":"ImageObject","inLanguage":"es","@id":"https:\/\/ferabrajan.com\/portal\/2025\/07\/22\/lanzan-en-puebla-el-plan-becas-para-ampliar-acceso-a-la-educacion-superior\/#primaryimage","url":"https:\/\/ferabrajan.com\/portal\/wp-content\/uploads\/2025\/07\/WhatsApp_Image_2025-07-21_at_5.12.12_PM_1.jpeg","contentUrl":"https:\/\/ferabrajan.com\/portal\/wp-content\/uploads\/2025\/07\/WhatsApp_Image_2025-07-21_at_5.12.12_PM_1.jpeg","width":1600,"height":1066},{"@type":"BreadcrumbList","@id":"https:\/\/ferabrajan.com\/portal\/2025\/07\/22\/lanzan-en-puebla-el-plan-becas-para-ampliar-acceso-a-la-educacion-superior\/#breadcrumb","itemListElement":[{"@type":"ListItem","position":1,"name":"Portada","item":"https:\/\/ferabrajan.com\/portal\/"},{"@type":"ListItem","position":2,"name":"Lanzan en Puebla el Plan Becas para ampliar acceso a la educaci\u00f3n superior"}]},{"@type":"WebSite","@id":"https:\/\/ferabrajan.com\/portal\/#website","url":"https:\/\/ferabrajan.com\/portal\/","name":"Fer Abrajan","description":"Noticias de Puebla, opini\u00f3n y radio en vivo","publisher":{"@id":"https:\/\/ferabrajan.com\/portal\/#organization"},"potentialAction":[{"@type":"SearchAction","target":{"@type":"EntryPoint","urlTemplate":"https:\/\/ferabrajan.com\/portal\/?s={search_term_string}"},"query-input":{"@type":"PropertyValueSpecification","valueRequired":true,"valueName":"search_term_string"}}],"inLanguage":"es"},{"@type":"Organization","@id":"https:\/\/ferabrajan.com\/portal\/#organization","name":"Fer Abrajan","url":"https:\/\/ferabrajan.com\/portal\/","logo":{"@type":"ImageObject","inLanguage":"es","@id":"https:\/\/ferabrajan.com\/portal\/#\/schema\/logo\/image\/","url":"https:\/\/ferabrajan.com\/portal\/wp-content\/uploads\/2024\/10\/cropped-logo.jpeg","contentUrl":"https:\/\/ferabrajan.com\/portal\/wp-content\/uploads\/2024\/10\/cropped-logo.jpeg","width":500,"height":250,"caption":"Fer Abrajan"},"image":{"@id":"https:\/\/ferabrajan.com\/portal\/#\/schema\/logo\/image\/"},"sameAs":["https:\/\/www.facebook.com\/NoticiasconFerAbrajan\/","https:\/\/x.com\/ferabrajan1"]},{"@type":"Person","@id":"https:\/\/ferabrajan.com\/portal\/#\/schema\/person\/a79364e0091921e733584c4833bc7a50","name":"Rebeca N\u00fa\u00f1ez","image":{"@type":"ImageObject","inLanguage":"es","@id":"https:\/\/secure.gravatar.com\/avatar\/c9cbf721287e849268cd37eca93cf4be51b2eed9e71c8d0c6825bd912000b74e?s=96&d=mm&r=g","url":"https:\/\/secure.gravatar.com\/avatar\/c9cbf721287e849268cd37eca93cf4be51b2eed9e71c8d0c6825bd912000b74e?s=96&d=mm&r=g","contentUrl":"https:\/\/secure.gravatar.com\/avatar\/c9cbf721287e849268cd37eca93cf4be51b2eed9e71c8d0c6825bd912000b74e?s=96&d=mm&r=g","caption":"Rebeca N\u00fa\u00f1ez"},"url":"https:\/\/ferabrajan.com\/portal\/author\/rebeca\/"}]}},"_links":{"self":[{"href":"https:\/\/ferabrajan.com\/portal\/wp-json\/wp\/v2\/posts\/73452","targetHints":{"allow":["GET"]}}],"collection":[{"href":"https:\/\/ferabrajan.com\/portal\/wp-json\/wp\/v2\/posts"}],"about":[{"href":"https:\/\/ferabrajan.com\/portal\/wp-json\/wp\/v2\/types\/post"}],"author":[{"embeddable":true,"href":"https:\/\/ferabrajan.com\/portal\/wp-json\/wp\/v2\/users\/3"}],"replies":[{"embeddable":true,"href":"https:\/\/ferabrajan.com\/portal\/wp-json\/wp\/v2\/comments?post=73452"}],"version-history":[{"count":0,"href":"https:\/\/ferabrajan.com\/portal\/wp-json\/wp\/v2\/posts\/73452\/revisions"}],"wp:featuredmedia":[{"embeddable":true,"href":"https:\/\/ferabrajan.com\/portal\/wp-json\/wp\/v2\/media\/73453"}],"wp:attachment":[{"href":"https:\/\/ferabrajan.com\/portal\/wp-json\/wp\/v2\/media?parent=73452"}],"wp:term":[{"taxonomy":"category","embeddable":true,"href":"https:\/\/ferabrajan.com\/portal\/wp-json\/wp\/v2\/categories?post=73452"},{"taxonomy":"post_tag","embeddable":true,"href":"https:\/\/ferabrajan.com\/portal\/wp-json\/wp\/v2\/tags?post=73452"}],"curies":[{"name":"wp","href":"https:\/\/api.w.org\/{rel}","templated":true}]}}