{"id":72820,"date":"2025-06-30T14:15:06","date_gmt":"2025-06-30T14:15:06","guid":{"rendered":"https:\/\/ferabrajan.com\/portal\/?p=72820"},"modified":"2025-06-30T14:15:19","modified_gmt":"2025-06-30T14:15:19","slug":"poblanos-podran-regularizar-su-servicio-de-agua-con-descuentos-de-hasta-el-50-este-30-de-junio","status":"publish","type":"post","link":"https:\/\/ferabrajan.com\/portal\/2025\/06\/30\/poblanos-podran-regularizar-su-servicio-de-agua-con-descuentos-de-hasta-el-50-este-30-de-junio\/","title":{"rendered":"Poblanos podr\u00e1n regularizar su servicio de agua con descuentos de hasta el 50% este 30 de junio"},"content":{"rendered":"\n<p class=\"wp-block-paragraph\">Con el objetivo de apoyar la econom\u00eda familiar y mejorar el acceso al servicio de agua potable, drenaje y saneamiento, <em>Agua de Puebla<\/em> y <em>SOAPAP<\/em> lanzaron el programa <strong>Regular\u00edzate<\/strong>, que ofrece descuentos de hasta el 50% para usuarios de colonias populares y vulnerables con adeudos hist\u00f3ricos.<\/p>\n\n\n\n<p class=\"wp-block-paragraph\">La fecha l\u00edmite para aprovechar estos beneficios es <strong>este domingo 30 de junio<\/strong>, por lo que autoridades exhortan a la poblaci\u00f3n a acudir a cualquiera de las 11 sucursales de atenci\u00f3n, aprovechar los Acuam\u00f3viles o realizar el pago en l\u00ednea a trav\u00e9s de <a class=\"\" href=\"https:\/\/regularizate.aguapuebla.mx\">regularizate.aguapuebla.mx<\/a> o <a class=\"\" href=\"https:\/\/pagofacil.aguapuebla.mx\">pagofacil.aguapuebla.mx<\/a>.<\/p>\n\n\n\n<figure class=\"wp-block-gallery has-nested-images columns-default is-cropped wp-block-gallery-1 is-layout-flex wp-block-gallery-is-layout-flex\">\n<figure class=\"wp-block-image size-large\"><img fetchpriority=\"high\" decoding=\"async\" width=\"819\" height=\"1024\" data-id=\"72821\" src=\"https:\/\/ferabrajan.com\/portal\/wp-content\/uploads\/2025\/06\/0a647aa2-5621-4fef-acf8-f80f4e0a531e-819x1024.jpg\" alt=\"\" class=\"wp-image-72821\" srcset=\"https:\/\/ferabrajan.com\/portal\/wp-content\/uploads\/2025\/06\/0a647aa2-5621-4fef-acf8-f80f4e0a531e-819x1024.jpg 819w, https:\/\/ferabrajan.com\/portal\/wp-content\/uploads\/2025\/06\/0a647aa2-5621-4fef-acf8-f80f4e0a531e-240x300.jpg 240w, https:\/\/ferabrajan.com\/portal\/wp-content\/uploads\/2025\/06\/0a647aa2-5621-4fef-acf8-f80f4e0a531e-768x960.jpg 768w, https:\/\/ferabrajan.com\/portal\/wp-content\/uploads\/2025\/06\/0a647aa2-5621-4fef-acf8-f80f4e0a531e-1229x1536.jpg 1229w, https:\/\/ferabrajan.com\/portal\/wp-content\/uploads\/2025\/06\/0a647aa2-5621-4fef-acf8-f80f4e0a531e.jpg 1280w\" sizes=\"(max-width: 819px) 100vw, 819px\" \/><\/figure>\n<\/figure>\n\n\n\n<h3 class=\"wp-block-heading\">Principales beneficios del programa:<\/h3>\n\n\n\n<ul class=\"wp-block-list\">\n<li><strong>Usuarios dom\u00e9sticos en 108 colonias vulnerables<\/strong> pagar\u00e1n solo los \u00faltimos tres a\u00f1os (2023-2025), sin importar el adeudo previo, con tarifa \u00fanica de $5,550 por agua, drenaje y saneamiento, o $2,272 solo por drenaje y saneamiento.<\/li>\n\n\n\n<li><strong>Colonias populares de estratos 1 al 3<\/strong> recibir\u00e1n <strong>50% de descuento<\/strong> sobre su adeudo hist\u00f3rico hasta 2024, y deber\u00e1n cubrir 2025 con tarifa vigente, sin recargos.<\/li>\n\n\n\n<li><strong>Usuarios dom\u00e9sticos irregulares<\/strong> podr\u00e1n contratar el servicio con un pago \u00fanico de entre $2,474 y $4,809 seg\u00fan el estrato, y pagar su anualidad 2025 con tarifa actual.<\/li>\n\n\n\n<li><strong>Comercios peque\u00f1os (clasificaci\u00f3n I y II)<\/strong> podr\u00e1n regularizarse con pagos de $7,500 a $10,500, sin recargos y con descuentos del 50%.<\/li>\n\n\n\n<li><strong>Giros secos comerciales<\/strong> tambi\u00e9n acceder\u00e1n a estos beneficios.<\/li>\n\n\n\n<li><strong>Inmuebles abandonados o en ruinas<\/strong> podr\u00e1n ponerse al corriente con tarifas reducidas.<\/li>\n\n\n\n<li><strong>Adultos mayores, pensionados, viudas, personas con discapacidad o enfermedad terminal<\/strong> recibir\u00e1n tarifas especiales con descuentos retroactivos al cumplir 60 a\u00f1os.<\/li>\n<\/ul>\n\n\n\n<p class=\"wp-block-paragraph\">El programa tambi\u00e9n permite <strong>pagar a 12 meses sin intereses<\/strong> con tarjetas participantes y contar\u00e1 con <strong>Acuam\u00f3viles<\/strong> este 30 de junio en las colonias <em>Nuevo Plan de Ayala, Villa Frontera<\/em> e <em>Insurgentes Oriente<\/em> para facilitar el acceso a las zonas m\u00e1s alejadas.<\/p>\n\n\n\n<p class=\"wp-block-paragraph\">Con esta medida, Agua de Puebla y SOAPAP refuerzan su compromiso con los sectores m\u00e1s vulnerables, promoviendo una cultura de regularizaci\u00f3n y acceso equitativo a los servicios b\u00e1sicos en la capital poblana.<\/p>\n","protected":false},"excerpt":{"rendered":"<p>Paga este 30 de junio y liquida tu adeudo con grandes<\/p>\n","protected":false},"author":1,"featured_media":72822,"comment_status":"closed","ping_status":"closed","sticky":false,"template":"","format":"standard","meta":{"_monsterinsights_skip_tracking":false,"_uf_show_specific_survey":0,"_uf_disable_surveys":false,"footnotes":""},"categories":[53,585,34],"tags":[],"class_list":["post-72820","post","type-post","status-publish","format-standard","has-post-thumbnail","hentry","category-local","category-principal","category-puebla"],"yoast_head":"<!-- This site is optimized with the Yoast SEO plugin v27.5 - https:\/\/yoast.com\/product\/yoast-seo-wordpress\/ -->\n<title>Poblanos podr\u00e1n regularizar su servicio de agua con descuentos de hasta el 50% este 30 de junio - Fer Abrajan<\/title>\n<meta name=\"description\" content=\"Paga este 30 de junio y liquida tu adeudo con grandesbeneficios\" \/>\n<meta name=\"robots\" content=\"index, follow, max-snippet:-1, max-image-preview:large, max-video-preview:-1\" \/>\n<link rel=\"canonical\" href=\"https:\/\/ferabrajan.com\/portal\/2025\/06\/30\/poblanos-podran-regularizar-su-servicio-de-agua-con-descuentos-de-hasta-el-50-este-30-de-junio\/\" \/>\n<meta property=\"og:locale\" content=\"es_ES\" \/>\n<meta property=\"og:type\" content=\"article\" \/>\n<meta property=\"og:title\" content=\"Poblanos podr\u00e1n regularizar su servicio de agua con descuentos de hasta el 50% este 30 de junio - Fer Abrajan\" \/>\n<meta property=\"og:description\" content=\"Paga este 30 de junio y liquida tu adeudo con grandesbeneficios\" \/>\n<meta property=\"og:url\" content=\"https:\/\/ferabrajan.com\/portal\/2025\/06\/30\/poblanos-podran-regularizar-su-servicio-de-agua-con-descuentos-de-hasta-el-50-este-30-de-junio\/\" \/>\n<meta property=\"og:site_name\" content=\"Fer Abrajan\" \/>\n<meta property=\"article:publisher\" content=\"https:\/\/www.facebook.com\/NoticiasconFerAbrajan\/\" \/>\n<meta property=\"article:published_time\" content=\"2025-06-30T14:15:06+00:00\" \/>\n<meta property=\"article:modified_time\" content=\"2025-06-30T14:15:19+00:00\" \/>\n<meta property=\"og:image\" content=\"https:\/\/ferabrajan.com\/portal\/wp-content\/uploads\/2025\/06\/2bb74e55-771c-413e-ba9a-56a6ce1f873c.jpg\" \/>\n\t<meta property=\"og:image:width\" content=\"1331\" \/>\n\t<meta property=\"og:image:height\" content=\"798\" \/>\n\t<meta property=\"og:image:type\" content=\"image\/jpeg\" \/>\n<meta name=\"author\" content=\"admin\" \/>\n<meta name=\"twitter:card\" content=\"summary_large_image\" \/>\n<meta name=\"twitter:creator\" content=\"@ferabrajan1\" \/>\n<meta name=\"twitter:site\" content=\"@ferabrajan1\" \/>\n<meta name=\"twitter:label1\" content=\"Escrito por\" \/>\n\t<meta name=\"twitter:data1\" content=\"admin\" \/>\n\t<meta name=\"twitter:label2\" content=\"Tiempo de lectura\" \/>\n\t<meta name=\"twitter:data2\" content=\"2 minutos\" \/>\n<script type=\"application\/ld+json\" class=\"yoast-schema-graph\">{\"@context\":\"https:\\\/\\\/schema.org\",\"@graph\":[{\"@type\":\"Article\",\"@id\":\"https:\\\/\\\/ferabrajan.com\\\/portal\\\/2025\\\/06\\\/30\\\/poblanos-podran-regularizar-su-servicio-de-agua-con-descuentos-de-hasta-el-50-este-30-de-junio\\\/#article\",\"isPartOf\":{\"@id\":\"https:\\\/\\\/ferabrajan.com\\\/portal\\\/2025\\\/06\\\/30\\\/poblanos-podran-regularizar-su-servicio-de-agua-con-descuentos-de-hasta-el-50-este-30-de-junio\\\/\"},\"author\":{\"name\":\"admin\",\"@id\":\"https:\\\/\\\/ferabrajan.com\\\/portal\\\/#\\\/schema\\\/person\\\/f6113b3cb1e036d5c6a9505685b257ba\"},\"headline\":\"Poblanos podr\u00e1n regularizar su servicio de agua con descuentos de hasta el 50% este 30 de junio\",\"datePublished\":\"2025-06-30T14:15:06+00:00\",\"dateModified\":\"2025-06-30T14:15:19+00:00\",\"mainEntityOfPage\":{\"@id\":\"https:\\\/\\\/ferabrajan.com\\\/portal\\\/2025\\\/06\\\/30\\\/poblanos-podran-regularizar-su-servicio-de-agua-con-descuentos-de-hasta-el-50-este-30-de-junio\\\/\"},\"wordCount\":351,\"publisher\":{\"@id\":\"https:\\\/\\\/ferabrajan.com\\\/portal\\\/#organization\"},\"image\":{\"@id\":\"https:\\\/\\\/ferabrajan.com\\\/portal\\\/2025\\\/06\\\/30\\\/poblanos-podran-regularizar-su-servicio-de-agua-con-descuentos-de-hasta-el-50-este-30-de-junio\\\/#primaryimage\"},\"thumbnailUrl\":\"https:\\\/\\\/ferabrajan.com\\\/portal\\\/wp-content\\\/uploads\\\/2025\\\/06\\\/2bb74e55-771c-413e-ba9a-56a6ce1f873c.jpg\",\"articleSection\":[\"Local\",\"Principal\",\"Puebla\"],\"inLanguage\":\"es\"},{\"@type\":\"WebPage\",\"@id\":\"https:\\\/\\\/ferabrajan.com\\\/portal\\\/2025\\\/06\\\/30\\\/poblanos-podran-regularizar-su-servicio-de-agua-con-descuentos-de-hasta-el-50-este-30-de-junio\\\/\",\"url\":\"https:\\\/\\\/ferabrajan.com\\\/portal\\\/2025\\\/06\\\/30\\\/poblanos-podran-regularizar-su-servicio-de-agua-con-descuentos-de-hasta-el-50-este-30-de-junio\\\/\",\"name\":\"Poblanos podr\u00e1n regularizar su servicio de agua con descuentos de hasta el 50% este 30 de junio - Fer Abrajan\",\"isPartOf\":{\"@id\":\"https:\\\/\\\/ferabrajan.com\\\/portal\\\/#website\"},\"primaryImageOfPage\":{\"@id\":\"https:\\\/\\\/ferabrajan.com\\\/portal\\\/2025\\\/06\\\/30\\\/poblanos-podran-regularizar-su-servicio-de-agua-con-descuentos-de-hasta-el-50-este-30-de-junio\\\/#primaryimage\"},\"image\":{\"@id\":\"https:\\\/\\\/ferabrajan.com\\\/portal\\\/2025\\\/06\\\/30\\\/poblanos-podran-regularizar-su-servicio-de-agua-con-descuentos-de-hasta-el-50-este-30-de-junio\\\/#primaryimage\"},\"thumbnailUrl\":\"https:\\\/\\\/ferabrajan.com\\\/portal\\\/wp-content\\\/uploads\\\/2025\\\/06\\\/2bb74e55-771c-413e-ba9a-56a6ce1f873c.jpg\",\"datePublished\":\"2025-06-30T14:15:06+00:00\",\"dateModified\":\"2025-06-30T14:15:19+00:00\",\"description\":\"Paga este 30 de junio y liquida tu adeudo con grandesbeneficios\",\"breadcrumb\":{\"@id\":\"https:\\\/\\\/ferabrajan.com\\\/portal\\\/2025\\\/06\\\/30\\\/poblanos-podran-regularizar-su-servicio-de-agua-con-descuentos-de-hasta-el-50-este-30-de-junio\\\/#breadcrumb\"},\"inLanguage\":\"es\",\"potentialAction\":[{\"@type\":\"ReadAction\",\"target\":[\"https:\\\/\\\/ferabrajan.com\\\/portal\\\/2025\\\/06\\\/30\\\/poblanos-podran-regularizar-su-servicio-de-agua-con-descuentos-de-hasta-el-50-este-30-de-junio\\\/\"]}]},{\"@type\":\"ImageObject\",\"inLanguage\":\"es\",\"@id\":\"https:\\\/\\\/ferabrajan.com\\\/portal\\\/2025\\\/06\\\/30\\\/poblanos-podran-regularizar-su-servicio-de-agua-con-descuentos-de-hasta-el-50-este-30-de-junio\\\/#primaryimage\",\"url\":\"https:\\\/\\\/ferabrajan.com\\\/portal\\\/wp-content\\\/uploads\\\/2025\\\/06\\\/2bb74e55-771c-413e-ba9a-56a6ce1f873c.jpg\",\"contentUrl\":\"https:\\\/\\\/ferabrajan.com\\\/portal\\\/wp-content\\\/uploads\\\/2025\\\/06\\\/2bb74e55-771c-413e-ba9a-56a6ce1f873c.jpg\",\"width\":1331,\"height\":798},{\"@type\":\"BreadcrumbList\",\"@id\":\"https:\\\/\\\/ferabrajan.com\\\/portal\\\/2025\\\/06\\\/30\\\/poblanos-podran-regularizar-su-servicio-de-agua-con-descuentos-de-hasta-el-50-este-30-de-junio\\\/#breadcrumb\",\"itemListElement\":[{\"@type\":\"ListItem\",\"position\":1,\"name\":\"Portada\",\"item\":\"https:\\\/\\\/ferabrajan.com\\\/portal\\\/\"},{\"@type\":\"ListItem\",\"position\":2,\"name\":\"Poblanos podr\u00e1n regularizar su servicio de agua con descuentos de hasta el 50% este 30 de junio\"}]},{\"@type\":\"WebSite\",\"@id\":\"https:\\\/\\\/ferabrajan.com\\\/portal\\\/#website\",\"url\":\"https:\\\/\\\/ferabrajan.com\\\/portal\\\/\",\"name\":\"Fer Abrajan\",\"description\":\"Noticias de Puebla, opini\u00f3n y radio en vivo\",\"publisher\":{\"@id\":\"https:\\\/\\\/ferabrajan.com\\\/portal\\\/#organization\"},\"potentialAction\":[{\"@type\":\"SearchAction\",\"target\":{\"@type\":\"EntryPoint\",\"urlTemplate\":\"https:\\\/\\\/ferabrajan.com\\\/portal\\\/?s={search_term_string}\"},\"query-input\":{\"@type\":\"PropertyValueSpecification\",\"valueRequired\":true,\"valueName\":\"search_term_string\"}}],\"inLanguage\":\"es\"},{\"@type\":\"Organization\",\"@id\":\"https:\\\/\\\/ferabrajan.com\\\/portal\\\/#organization\",\"name\":\"Fer Abrajan\",\"url\":\"https:\\\/\\\/ferabrajan.com\\\/portal\\\/\",\"logo\":{\"@type\":\"ImageObject\",\"inLanguage\":\"es\",\"@id\":\"https:\\\/\\\/ferabrajan.com\\\/portal\\\/#\\\/schema\\\/logo\\\/image\\\/\",\"url\":\"https:\\\/\\\/ferabrajan.com\\\/portal\\\/wp-content\\\/uploads\\\/2024\\\/10\\\/cropped-logo.jpeg\",\"contentUrl\":\"https:\\\/\\\/ferabrajan.com\\\/portal\\\/wp-content\\\/uploads\\\/2024\\\/10\\\/cropped-logo.jpeg\",\"width\":500,\"height\":250,\"caption\":\"Fer Abrajan\"},\"image\":{\"@id\":\"https:\\\/\\\/ferabrajan.com\\\/portal\\\/#\\\/schema\\\/logo\\\/image\\\/\"},\"sameAs\":[\"https:\\\/\\\/www.facebook.com\\\/NoticiasconFerAbrajan\\\/\",\"https:\\\/\\\/x.com\\\/ferabrajan1\"]},{\"@type\":\"Person\",\"@id\":\"https:\\\/\\\/ferabrajan.com\\\/portal\\\/#\\\/schema\\\/person\\\/f6113b3cb1e036d5c6a9505685b257ba\",\"name\":\"admin\",\"image\":{\"@type\":\"ImageObject\",\"inLanguage\":\"es\",\"@id\":\"https:\\\/\\\/secure.gravatar.com\\\/avatar\\\/072baa72775aad53c748dfc5d3048578e01b6c087eef335459ebfa04344e2d18?s=96&d=mm&r=g\",\"url\":\"https:\\\/\\\/secure.gravatar.com\\\/avatar\\\/072baa72775aad53c748dfc5d3048578e01b6c087eef335459ebfa04344e2d18?s=96&d=mm&r=g\",\"contentUrl\":\"https:\\\/\\\/secure.gravatar.com\\\/avatar\\\/072baa72775aad53c748dfc5d3048578e01b6c087eef335459ebfa04344e2d18?s=96&d=mm&r=g\",\"caption\":\"admin\"},\"sameAs\":[\"https:\\\/\\\/ferabrajan.com\\\/portal\"],\"url\":\"https:\\\/\\\/ferabrajan.com\\\/portal\\\/author\\\/admin\\\/\"}]}<\/script>\n<!-- \/ Yoast SEO plugin. -->","yoast_head_json":{"title":"Poblanos podr\u00e1n regularizar su servicio de agua con descuentos de hasta el 50% este 30 de junio - Fer Abrajan","description":"Paga este 30 de junio y liquida tu adeudo con grandesbeneficios","robots":{"index":"index","follow":"follow","max-snippet":"max-snippet:-1","max-image-preview":"max-image-preview:large","max-video-preview":"max-video-preview:-1"},"canonical":"https:\/\/ferabrajan.com\/portal\/2025\/06\/30\/poblanos-podran-regularizar-su-servicio-de-agua-con-descuentos-de-hasta-el-50-este-30-de-junio\/","og_locale":"es_ES","og_type":"article","og_title":"Poblanos podr\u00e1n regularizar su servicio de agua con descuentos de hasta el 50% este 30 de junio - Fer Abrajan","og_description":"Paga este 30 de junio y liquida tu adeudo con grandesbeneficios","og_url":"https:\/\/ferabrajan.com\/portal\/2025\/06\/30\/poblanos-podran-regularizar-su-servicio-de-agua-con-descuentos-de-hasta-el-50-este-30-de-junio\/","og_site_name":"Fer Abrajan","article_publisher":"https:\/\/www.facebook.com\/NoticiasconFerAbrajan\/","article_published_time":"2025-06-30T14:15:06+00:00","article_modified_time":"2025-06-30T14:15:19+00:00","og_image":[{"width":1331,"height":798,"url":"https:\/\/ferabrajan.com\/portal\/wp-content\/uploads\/2025\/06\/2bb74e55-771c-413e-ba9a-56a6ce1f873c.jpg","type":"image\/jpeg"}],"author":"admin","twitter_card":"summary_large_image","twitter_creator":"@ferabrajan1","twitter_site":"@ferabrajan1","twitter_misc":{"Escrito por":"admin","Tiempo de lectura":"2 minutos"},"schema":{"@context":"https:\/\/schema.org","@graph":[{"@type":"Article","@id":"https:\/\/ferabrajan.com\/portal\/2025\/06\/30\/poblanos-podran-regularizar-su-servicio-de-agua-con-descuentos-de-hasta-el-50-este-30-de-junio\/#article","isPartOf":{"@id":"https:\/\/ferabrajan.com\/portal\/2025\/06\/30\/poblanos-podran-regularizar-su-servicio-de-agua-con-descuentos-de-hasta-el-50-este-30-de-junio\/"},"author":{"name":"admin","@id":"https:\/\/ferabrajan.com\/portal\/#\/schema\/person\/f6113b3cb1e036d5c6a9505685b257ba"},"headline":"Poblanos podr\u00e1n regularizar su servicio de agua con descuentos de hasta el 50% este 30 de junio","datePublished":"2025-06-30T14:15:06+00:00","dateModified":"2025-06-30T14:15:19+00:00","mainEntityOfPage":{"@id":"https:\/\/ferabrajan.com\/portal\/2025\/06\/30\/poblanos-podran-regularizar-su-servicio-de-agua-con-descuentos-de-hasta-el-50-este-30-de-junio\/"},"wordCount":351,"publisher":{"@id":"https:\/\/ferabrajan.com\/portal\/#organization"},"image":{"@id":"https:\/\/ferabrajan.com\/portal\/2025\/06\/30\/poblanos-podran-regularizar-su-servicio-de-agua-con-descuentos-de-hasta-el-50-este-30-de-junio\/#primaryimage"},"thumbnailUrl":"https:\/\/ferabrajan.com\/portal\/wp-content\/uploads\/2025\/06\/2bb74e55-771c-413e-ba9a-56a6ce1f873c.jpg","articleSection":["Local","Principal","Puebla"],"inLanguage":"es"},{"@type":"WebPage","@id":"https:\/\/ferabrajan.com\/portal\/2025\/06\/30\/poblanos-podran-regularizar-su-servicio-de-agua-con-descuentos-de-hasta-el-50-este-30-de-junio\/","url":"https:\/\/ferabrajan.com\/portal\/2025\/06\/30\/poblanos-podran-regularizar-su-servicio-de-agua-con-descuentos-de-hasta-el-50-este-30-de-junio\/","name":"Poblanos podr\u00e1n regularizar su servicio de agua con descuentos de hasta el 50% este 30 de junio - Fer Abrajan","isPartOf":{"@id":"https:\/\/ferabrajan.com\/portal\/#website"},"primaryImageOfPage":{"@id":"https:\/\/ferabrajan.com\/portal\/2025\/06\/30\/poblanos-podran-regularizar-su-servicio-de-agua-con-descuentos-de-hasta-el-50-este-30-de-junio\/#primaryimage"},"image":{"@id":"https:\/\/ferabrajan.com\/portal\/2025\/06\/30\/poblanos-podran-regularizar-su-servicio-de-agua-con-descuentos-de-hasta-el-50-este-30-de-junio\/#primaryimage"},"thumbnailUrl":"https:\/\/ferabrajan.com\/portal\/wp-content\/uploads\/2025\/06\/2bb74e55-771c-413e-ba9a-56a6ce1f873c.jpg","datePublished":"2025-06-30T14:15:06+00:00","dateModified":"2025-06-30T14:15:19+00:00","description":"Paga este 30 de junio y liquida tu adeudo con grandesbeneficios","breadcrumb":{"@id":"https:\/\/ferabrajan.com\/portal\/2025\/06\/30\/poblanos-podran-regularizar-su-servicio-de-agua-con-descuentos-de-hasta-el-50-este-30-de-junio\/#breadcrumb"},"inLanguage":"es","potentialAction":[{"@type":"ReadAction","target":["https:\/\/ferabrajan.com\/portal\/2025\/06\/30\/poblanos-podran-regularizar-su-servicio-de-agua-con-descuentos-de-hasta-el-50-este-30-de-junio\/"]}]},{"@type":"ImageObject","inLanguage":"es","@id":"https:\/\/ferabrajan.com\/portal\/2025\/06\/30\/poblanos-podran-regularizar-su-servicio-de-agua-con-descuentos-de-hasta-el-50-este-30-de-junio\/#primaryimage","url":"https:\/\/ferabrajan.com\/portal\/wp-content\/uploads\/2025\/06\/2bb74e55-771c-413e-ba9a-56a6ce1f873c.jpg","contentUrl":"https:\/\/ferabrajan.com\/portal\/wp-content\/uploads\/2025\/06\/2bb74e55-771c-413e-ba9a-56a6ce1f873c.jpg","width":1331,"height":798},{"@type":"BreadcrumbList","@id":"https:\/\/ferabrajan.com\/portal\/2025\/06\/30\/poblanos-podran-regularizar-su-servicio-de-agua-con-descuentos-de-hasta-el-50-este-30-de-junio\/#breadcrumb","itemListElement":[{"@type":"ListItem","position":1,"name":"Portada","item":"https:\/\/ferabrajan.com\/portal\/"},{"@type":"ListItem","position":2,"name":"Poblanos podr\u00e1n regularizar su servicio de agua con descuentos de hasta el 50% este 30 de junio"}]},{"@type":"WebSite","@id":"https:\/\/ferabrajan.com\/portal\/#website","url":"https:\/\/ferabrajan.com\/portal\/","name":"Fer Abrajan","description":"Noticias de Puebla, opini\u00f3n y radio en vivo","publisher":{"@id":"https:\/\/ferabrajan.com\/portal\/#organization"},"potentialAction":[{"@type":"SearchAction","target":{"@type":"EntryPoint","urlTemplate":"https:\/\/ferabrajan.com\/portal\/?s={search_term_string}"},"query-input":{"@type":"PropertyValueSpecification","valueRequired":true,"valueName":"search_term_string"}}],"inLanguage":"es"},{"@type":"Organization","@id":"https:\/\/ferabrajan.com\/portal\/#organization","name":"Fer Abrajan","url":"https:\/\/ferabrajan.com\/portal\/","logo":{"@type":"ImageObject","inLanguage":"es","@id":"https:\/\/ferabrajan.com\/portal\/#\/schema\/logo\/image\/","url":"https:\/\/ferabrajan.com\/portal\/wp-content\/uploads\/2024\/10\/cropped-logo.jpeg","contentUrl":"https:\/\/ferabrajan.com\/portal\/wp-content\/uploads\/2024\/10\/cropped-logo.jpeg","width":500,"height":250,"caption":"Fer Abrajan"},"image":{"@id":"https:\/\/ferabrajan.com\/portal\/#\/schema\/logo\/image\/"},"sameAs":["https:\/\/www.facebook.com\/NoticiasconFerAbrajan\/","https:\/\/x.com\/ferabrajan1"]},{"@type":"Person","@id":"https:\/\/ferabrajan.com\/portal\/#\/schema\/person\/f6113b3cb1e036d5c6a9505685b257ba","name":"admin","image":{"@type":"ImageObject","inLanguage":"es","@id":"https:\/\/secure.gravatar.com\/avatar\/072baa72775aad53c748dfc5d3048578e01b6c087eef335459ebfa04344e2d18?s=96&d=mm&r=g","url":"https:\/\/secure.gravatar.com\/avatar\/072baa72775aad53c748dfc5d3048578e01b6c087eef335459ebfa04344e2d18?s=96&d=mm&r=g","contentUrl":"https:\/\/secure.gravatar.com\/avatar\/072baa72775aad53c748dfc5d3048578e01b6c087eef335459ebfa04344e2d18?s=96&d=mm&r=g","caption":"admin"},"sameAs":["https:\/\/ferabrajan.com\/portal"],"url":"https:\/\/ferabrajan.com\/portal\/author\/admin\/"}]}},"_links":{"self":[{"href":"https:\/\/ferabrajan.com\/portal\/wp-json\/wp\/v2\/posts\/72820","targetHints":{"allow":["GET"]}}],"collection":[{"href":"https:\/\/ferabrajan.com\/portal\/wp-json\/wp\/v2\/posts"}],"about":[{"href":"https:\/\/ferabrajan.com\/portal\/wp-json\/wp\/v2\/types\/post"}],"author":[{"embeddable":true,"href":"https:\/\/ferabrajan.com\/portal\/wp-json\/wp\/v2\/users\/1"}],"replies":[{"embeddable":true,"href":"https:\/\/ferabrajan.com\/portal\/wp-json\/wp\/v2\/comments?post=72820"}],"version-history":[{"count":0,"href":"https:\/\/ferabrajan.com\/portal\/wp-json\/wp\/v2\/posts\/72820\/revisions"}],"wp:featuredmedia":[{"embeddable":true,"href":"https:\/\/ferabrajan.com\/portal\/wp-json\/wp\/v2\/media\/72822"}],"wp:attachment":[{"href":"https:\/\/ferabrajan.com\/portal\/wp-json\/wp\/v2\/media?parent=72820"}],"wp:term":[{"taxonomy":"category","embeddable":true,"href":"https:\/\/ferabrajan.com\/portal\/wp-json\/wp\/v2\/categories?post=72820"},{"taxonomy":"post_tag","embeddable":true,"href":"https:\/\/ferabrajan.com\/portal\/wp-json\/wp\/v2\/tags?post=72820"}],"curies":[{"name":"wp","href":"https:\/\/api.w.org\/{rel}","templated":true}]}}