{"id":72813,"date":"2025-06-30T13:48:05","date_gmt":"2025-06-30T13:48:05","guid":{"rendered":"https:\/\/ferabrajan.com\/portal\/?p=72813"},"modified":"2025-06-30T13:48:35","modified_gmt":"2025-06-30T13:48:35","slug":"corre-y-comparte-hambre-cero-2025-une-deporte-y-solidaridad-en-puebla","status":"publish","type":"post","link":"https:\/\/ferabrajan.com\/portal\/2025\/06\/30\/corre-y-comparte-hambre-cero-2025-une-deporte-y-solidaridad-en-puebla\/","title":{"rendered":"\u201cCorre y Comparte: Hambre Cero 2025\u201d une deporte y solidaridad en Puebla"},"content":{"rendered":"\n<p class=\"wp-block-paragraph\">Con el objetivo de combatir la inseguridad alimentaria y promover la solidaridad entre las y los poblanos, se llev\u00f3 a cabo la carrera con causa <strong>\u201cCorre y Comparte: Hambre Cero Puebla 2025\u201d<\/strong>, encabezada por la presidenta del Patronato del DIF Municipal, <strong>MariElise Budib<\/strong>.<\/p>\n\n\n\n<p class=\"wp-block-paragraph\">Desde el Paseo Bravo, punto de partida y meta del evento, cientos de corredoras y corredores se dieron cita para sumarse a esta jornada deportiva con sentido social. Durante el evento, Budib entreg\u00f3 un cheque representativo por <strong>10 mil kilos de arroz y frijol<\/strong> al Banco de Alimentos C\u00e1ritas Puebla, recolectados gracias al apoyo ciudadano.<\/p>\n\n\n\n<p class=\"wp-block-paragraph\">\u201cGracias por apoyar esta gran causa y sumar sus pasos a favor de quienes m\u00e1s lo necesitan\u201d, expres\u00f3 la presidenta del Patronato, quien destac\u00f3 la colaboraci\u00f3n con el Banco de Alimentos para llevar productos b\u00e1sicos a las mesas de las familias m\u00e1s vulnerables.<\/p>\n\n\n\n<p class=\"wp-block-paragraph\">La carrera se dividi\u00f3 en dos categor\u00edas: 5 y 10 kil\u00f3metros. Las y los participantes recorrieron avenidas emblem\u00e1ticas como la Ju\u00e1rez, Teziutl\u00e1n Sur y la Recta a Cholula. Uno de los corredores, <strong>Orlando Mart\u00ednez<\/strong>, segundo lugar en la categor\u00eda de 10 km, destac\u00f3 el ambiente y la importancia de ayudar a combatir el hambre a trav\u00e9s del deporte.<\/p>\n\n\n\n<p class=\"wp-block-paragraph\"><strong>Jos\u00e9 de Jes\u00fas Denetro Garc\u00eda<\/strong>, presidente del Banco de Alimentos C\u00e1ritas Puebla, agradeci\u00f3 el respaldo del SMDIF y subray\u00f3 la relevancia de combinar el ejercicio con acciones solidarias.<\/p>\n\n\n\n<p class=\"wp-block-paragraph\">Los primeros tres lugares de cada categor\u00eda y rama recibieron premios como una pantalla de 40 pulgadas, una freidora de aire y una bocina. Los ganadores en la categor\u00eda de 10 km fueron:<\/p>\n\n\n\n<ul class=\"wp-block-list\">\n<li><strong>1\u00b0 lugar:<\/strong> Jhovany Hern\u00e1ndez Ju\u00e1rez y Nadia Salda\u00f1a Vicente<\/li>\n\n\n\n<li><strong>2\u00b0 lugar:<\/strong> Pablo Cano Conde y Jessica Cruz Lara<\/li>\n\n\n\n<li><strong>3\u00b0 lugar:<\/strong> Daniel Calixto Gonz\u00e1lez y Kimberly Fern\u00e1ndez Garc\u00eda<\/li>\n<\/ul>\n\n\n\n<p class=\"wp-block-paragraph\">En la categor\u00eda de 5 km:<\/p>\n\n\n\n<ul class=\"wp-block-list\">\n<li><strong>1\u00b0 lugar:<\/strong> Edgardo \u00c1lvarez Garc\u00eda y Mar\u00eda Elena Alarc\u00f3n Santillana<\/li>\n\n\n\n<li><strong>2\u00b0 lugar:<\/strong> Orlando Mart\u00ednez Zamora y Annel Hern\u00e1ndez Sol\u00eds<\/li>\n\n\n\n<li><strong>3\u00b0 lugar:<\/strong> Emilio Ram\u00edrez L\u00f3pez y Alison Vidal Delgado<\/li>\n<\/ul>\n\n\n\n<p class=\"wp-block-paragraph\">Con esta iniciativa, el Ayuntamiento de Puebla, encabezado por <strong>Pepe Chedraui<\/strong>, y el Sistema Municipal DIF reafirman su compromiso con los grupos de atenci\u00f3n prioritaria, al tiempo que fortalecen alianzas con el sector social para garantizar el acceso a alimentos b\u00e1sicos a quienes m\u00e1s lo necesitan.<\/p>\n\n\n\n<p class=\"wp-block-paragraph\"><\/p>\n","protected":false},"excerpt":{"rendered":"<p>Se hizo entrega de un cheque representativo con valor de 10 mil kilos de arroz y frijol para apoyar al Banco de Alimentos<\/p>\n","protected":false},"author":4,"featured_media":72815,"comment_status":"closed","ping_status":"closed","sticky":false,"template":"","format":"standard","meta":{"_monsterinsights_skip_tracking":false,"_uf_show_specific_survey":0,"_uf_disable_surveys":false,"footnotes":""},"categories":[585,34],"tags":[851,2186],"class_list":["post-72813","post","type-post","status-publish","format-standard","has-post-thumbnail","hentry","category-principal","category-puebla","tag-deporte","tag-solidaridad"],"yoast_head":"<!-- This site is optimized with the Yoast SEO plugin v27.5 - https:\/\/yoast.com\/product\/yoast-seo-wordpress\/ -->\n<title>\u201cCorre y Comparte: Hambre Cero 2025\u201d une deporte y solidaridad en Puebla - Fer Abrajan<\/title>\n<meta name=\"description\" content=\"Se hizo entrega de un cheque representativo con valor de 10 mil kilos de arroz y frijol para apoyar al Banco de Alimentos\" \/>\n<meta name=\"robots\" content=\"index, follow, max-snippet:-1, max-image-preview:large, max-video-preview:-1\" \/>\n<link rel=\"canonical\" href=\"https:\/\/ferabrajan.com\/portal\/2025\/06\/30\/corre-y-comparte-hambre-cero-2025-une-deporte-y-solidaridad-en-puebla\/\" \/>\n<meta property=\"og:locale\" content=\"es_ES\" \/>\n<meta property=\"og:type\" content=\"article\" \/>\n<meta property=\"og:title\" content=\"\u201cCorre y Comparte: Hambre Cero 2025\u201d une deporte y solidaridad en Puebla - Fer Abrajan\" \/>\n<meta property=\"og:description\" content=\"Se hizo entrega de un cheque representativo con valor de 10 mil kilos de arroz y frijol para apoyar al Banco de Alimentos\" \/>\n<meta property=\"og:url\" content=\"https:\/\/ferabrajan.com\/portal\/2025\/06\/30\/corre-y-comparte-hambre-cero-2025-une-deporte-y-solidaridad-en-puebla\/\" \/>\n<meta property=\"og:site_name\" content=\"Fer Abrajan\" \/>\n<meta property=\"article:publisher\" content=\"https:\/\/www.facebook.com\/NoticiasconFerAbrajan\/\" \/>\n<meta property=\"article:published_time\" content=\"2025-06-30T13:48:05+00:00\" \/>\n<meta property=\"article:modified_time\" content=\"2025-06-30T13:48:35+00:00\" \/>\n<meta property=\"og:image\" content=\"https:\/\/ferabrajan.com\/portal\/wp-content\/uploads\/2025\/06\/PHOTO-2025-06-29-11-15-38-scaled.jpeg\" \/>\n\t<meta property=\"og:image:width\" content=\"2048\" \/>\n\t<meta property=\"og:image:height\" content=\"1536\" \/>\n\t<meta property=\"og:image:type\" content=\"image\/jpeg\" \/>\n<meta name=\"author\" content=\"Ismael Rojas\" \/>\n<meta name=\"twitter:card\" content=\"summary_large_image\" \/>\n<meta name=\"twitter:creator\" content=\"@ferabrajan1\" \/>\n<meta name=\"twitter:site\" content=\"@ferabrajan1\" \/>\n<meta name=\"twitter:label1\" content=\"Escrito por\" \/>\n\t<meta name=\"twitter:data1\" content=\"Ismael Rojas\" \/>\n\t<meta name=\"twitter:label2\" content=\"Tiempo de lectura\" \/>\n\t<meta name=\"twitter:data2\" content=\"2 minutos\" \/>\n<script type=\"application\/ld+json\" class=\"yoast-schema-graph\">{\"@context\":\"https:\\\/\\\/schema.org\",\"@graph\":[{\"@type\":\"Article\",\"@id\":\"https:\\\/\\\/ferabrajan.com\\\/portal\\\/2025\\\/06\\\/30\\\/corre-y-comparte-hambre-cero-2025-une-deporte-y-solidaridad-en-puebla\\\/#article\",\"isPartOf\":{\"@id\":\"https:\\\/\\\/ferabrajan.com\\\/portal\\\/2025\\\/06\\\/30\\\/corre-y-comparte-hambre-cero-2025-une-deporte-y-solidaridad-en-puebla\\\/\"},\"author\":{\"name\":\"Ismael Rojas\",\"@id\":\"https:\\\/\\\/ferabrajan.com\\\/portal\\\/#\\\/schema\\\/person\\\/83ed4fff5d7e4c8edf481fa39f71acb2\"},\"headline\":\"\u201cCorre y Comparte: Hambre Cero 2025\u201d une deporte y solidaridad en Puebla\",\"datePublished\":\"2025-06-30T13:48:05+00:00\",\"dateModified\":\"2025-06-30T13:48:35+00:00\",\"mainEntityOfPage\":{\"@id\":\"https:\\\/\\\/ferabrajan.com\\\/portal\\\/2025\\\/06\\\/30\\\/corre-y-comparte-hambre-cero-2025-une-deporte-y-solidaridad-en-puebla\\\/\"},\"wordCount\":400,\"publisher\":{\"@id\":\"https:\\\/\\\/ferabrajan.com\\\/portal\\\/#organization\"},\"image\":{\"@id\":\"https:\\\/\\\/ferabrajan.com\\\/portal\\\/2025\\\/06\\\/30\\\/corre-y-comparte-hambre-cero-2025-une-deporte-y-solidaridad-en-puebla\\\/#primaryimage\"},\"thumbnailUrl\":\"https:\\\/\\\/ferabrajan.com\\\/portal\\\/wp-content\\\/uploads\\\/2025\\\/06\\\/PHOTO-2025-06-29-11-15-38-scaled.jpeg\",\"keywords\":[\"deporte\",\"Solidaridad\"],\"articleSection\":[\"Principal\",\"Puebla\"],\"inLanguage\":\"es\"},{\"@type\":\"WebPage\",\"@id\":\"https:\\\/\\\/ferabrajan.com\\\/portal\\\/2025\\\/06\\\/30\\\/corre-y-comparte-hambre-cero-2025-une-deporte-y-solidaridad-en-puebla\\\/\",\"url\":\"https:\\\/\\\/ferabrajan.com\\\/portal\\\/2025\\\/06\\\/30\\\/corre-y-comparte-hambre-cero-2025-une-deporte-y-solidaridad-en-puebla\\\/\",\"name\":\"\u201cCorre y Comparte: Hambre Cero 2025\u201d une deporte y solidaridad en Puebla - Fer Abrajan\",\"isPartOf\":{\"@id\":\"https:\\\/\\\/ferabrajan.com\\\/portal\\\/#website\"},\"primaryImageOfPage\":{\"@id\":\"https:\\\/\\\/ferabrajan.com\\\/portal\\\/2025\\\/06\\\/30\\\/corre-y-comparte-hambre-cero-2025-une-deporte-y-solidaridad-en-puebla\\\/#primaryimage\"},\"image\":{\"@id\":\"https:\\\/\\\/ferabrajan.com\\\/portal\\\/2025\\\/06\\\/30\\\/corre-y-comparte-hambre-cero-2025-une-deporte-y-solidaridad-en-puebla\\\/#primaryimage\"},\"thumbnailUrl\":\"https:\\\/\\\/ferabrajan.com\\\/portal\\\/wp-content\\\/uploads\\\/2025\\\/06\\\/PHOTO-2025-06-29-11-15-38-scaled.jpeg\",\"datePublished\":\"2025-06-30T13:48:05+00:00\",\"dateModified\":\"2025-06-30T13:48:35+00:00\",\"description\":\"Se hizo entrega de un cheque representativo con valor de 10 mil kilos de arroz y frijol para apoyar al Banco de Alimentos\",\"breadcrumb\":{\"@id\":\"https:\\\/\\\/ferabrajan.com\\\/portal\\\/2025\\\/06\\\/30\\\/corre-y-comparte-hambre-cero-2025-une-deporte-y-solidaridad-en-puebla\\\/#breadcrumb\"},\"inLanguage\":\"es\",\"potentialAction\":[{\"@type\":\"ReadAction\",\"target\":[\"https:\\\/\\\/ferabrajan.com\\\/portal\\\/2025\\\/06\\\/30\\\/corre-y-comparte-hambre-cero-2025-une-deporte-y-solidaridad-en-puebla\\\/\"]}]},{\"@type\":\"ImageObject\",\"inLanguage\":\"es\",\"@id\":\"https:\\\/\\\/ferabrajan.com\\\/portal\\\/2025\\\/06\\\/30\\\/corre-y-comparte-hambre-cero-2025-une-deporte-y-solidaridad-en-puebla\\\/#primaryimage\",\"url\":\"https:\\\/\\\/ferabrajan.com\\\/portal\\\/wp-content\\\/uploads\\\/2025\\\/06\\\/PHOTO-2025-06-29-11-15-38-scaled.jpeg\",\"contentUrl\":\"https:\\\/\\\/ferabrajan.com\\\/portal\\\/wp-content\\\/uploads\\\/2025\\\/06\\\/PHOTO-2025-06-29-11-15-38-scaled.jpeg\",\"width\":2048,\"height\":1536},{\"@type\":\"BreadcrumbList\",\"@id\":\"https:\\\/\\\/ferabrajan.com\\\/portal\\\/2025\\\/06\\\/30\\\/corre-y-comparte-hambre-cero-2025-une-deporte-y-solidaridad-en-puebla\\\/#breadcrumb\",\"itemListElement\":[{\"@type\":\"ListItem\",\"position\":1,\"name\":\"Portada\",\"item\":\"https:\\\/\\\/ferabrajan.com\\\/portal\\\/\"},{\"@type\":\"ListItem\",\"position\":2,\"name\":\"\u201cCorre y Comparte: Hambre Cero 2025\u201d une deporte y solidaridad en Puebla\"}]},{\"@type\":\"WebSite\",\"@id\":\"https:\\\/\\\/ferabrajan.com\\\/portal\\\/#website\",\"url\":\"https:\\\/\\\/ferabrajan.com\\\/portal\\\/\",\"name\":\"Fer Abrajan\",\"description\":\"Noticias de Puebla, opini\u00f3n y radio en vivo\",\"publisher\":{\"@id\":\"https:\\\/\\\/ferabrajan.com\\\/portal\\\/#organization\"},\"potentialAction\":[{\"@type\":\"SearchAction\",\"target\":{\"@type\":\"EntryPoint\",\"urlTemplate\":\"https:\\\/\\\/ferabrajan.com\\\/portal\\\/?s={search_term_string}\"},\"query-input\":{\"@type\":\"PropertyValueSpecification\",\"valueRequired\":true,\"valueName\":\"search_term_string\"}}],\"inLanguage\":\"es\"},{\"@type\":\"Organization\",\"@id\":\"https:\\\/\\\/ferabrajan.com\\\/portal\\\/#organization\",\"name\":\"Fer Abrajan\",\"url\":\"https:\\\/\\\/ferabrajan.com\\\/portal\\\/\",\"logo\":{\"@type\":\"ImageObject\",\"inLanguage\":\"es\",\"@id\":\"https:\\\/\\\/ferabrajan.com\\\/portal\\\/#\\\/schema\\\/logo\\\/image\\\/\",\"url\":\"https:\\\/\\\/ferabrajan.com\\\/portal\\\/wp-content\\\/uploads\\\/2024\\\/10\\\/cropped-logo.jpeg\",\"contentUrl\":\"https:\\\/\\\/ferabrajan.com\\\/portal\\\/wp-content\\\/uploads\\\/2024\\\/10\\\/cropped-logo.jpeg\",\"width\":500,\"height\":250,\"caption\":\"Fer Abrajan\"},\"image\":{\"@id\":\"https:\\\/\\\/ferabrajan.com\\\/portal\\\/#\\\/schema\\\/logo\\\/image\\\/\"},\"sameAs\":[\"https:\\\/\\\/www.facebook.com\\\/NoticiasconFerAbrajan\\\/\",\"https:\\\/\\\/x.com\\\/ferabrajan1\"]},{\"@type\":\"Person\",\"@id\":\"https:\\\/\\\/ferabrajan.com\\\/portal\\\/#\\\/schema\\\/person\\\/83ed4fff5d7e4c8edf481fa39f71acb2\",\"name\":\"Ismael Rojas\",\"image\":{\"@type\":\"ImageObject\",\"inLanguage\":\"es\",\"@id\":\"https:\\\/\\\/secure.gravatar.com\\\/avatar\\\/e4a9cb58548fedeb6143fa536c79b44c34454539235177c55c5819d74963e9d6?s=96&d=mm&r=g\",\"url\":\"https:\\\/\\\/secure.gravatar.com\\\/avatar\\\/e4a9cb58548fedeb6143fa536c79b44c34454539235177c55c5819d74963e9d6?s=96&d=mm&r=g\",\"contentUrl\":\"https:\\\/\\\/secure.gravatar.com\\\/avatar\\\/e4a9cb58548fedeb6143fa536c79b44c34454539235177c55c5819d74963e9d6?s=96&d=mm&r=g\",\"caption\":\"Ismael Rojas\"},\"url\":\"https:\\\/\\\/ferabrajan.com\\\/portal\\\/author\\\/ismael\\\/\"}]}<\/script>\n<!-- \/ Yoast SEO plugin. -->","yoast_head_json":{"title":"\u201cCorre y Comparte: Hambre Cero 2025\u201d une deporte y solidaridad en Puebla - Fer Abrajan","description":"Se hizo entrega de un cheque representativo con valor de 10 mil kilos de arroz y frijol para apoyar al Banco de Alimentos","robots":{"index":"index","follow":"follow","max-snippet":"max-snippet:-1","max-image-preview":"max-image-preview:large","max-video-preview":"max-video-preview:-1"},"canonical":"https:\/\/ferabrajan.com\/portal\/2025\/06\/30\/corre-y-comparte-hambre-cero-2025-une-deporte-y-solidaridad-en-puebla\/","og_locale":"es_ES","og_type":"article","og_title":"\u201cCorre y Comparte: Hambre Cero 2025\u201d une deporte y solidaridad en Puebla - Fer Abrajan","og_description":"Se hizo entrega de un cheque representativo con valor de 10 mil kilos de arroz y frijol para apoyar al Banco de Alimentos","og_url":"https:\/\/ferabrajan.com\/portal\/2025\/06\/30\/corre-y-comparte-hambre-cero-2025-une-deporte-y-solidaridad-en-puebla\/","og_site_name":"Fer Abrajan","article_publisher":"https:\/\/www.facebook.com\/NoticiasconFerAbrajan\/","article_published_time":"2025-06-30T13:48:05+00:00","article_modified_time":"2025-06-30T13:48:35+00:00","og_image":[{"width":2048,"height":1536,"url":"https:\/\/ferabrajan.com\/portal\/wp-content\/uploads\/2025\/06\/PHOTO-2025-06-29-11-15-38-scaled.jpeg","type":"image\/jpeg"}],"author":"Ismael Rojas","twitter_card":"summary_large_image","twitter_creator":"@ferabrajan1","twitter_site":"@ferabrajan1","twitter_misc":{"Escrito por":"Ismael Rojas","Tiempo de lectura":"2 minutos"},"schema":{"@context":"https:\/\/schema.org","@graph":[{"@type":"Article","@id":"https:\/\/ferabrajan.com\/portal\/2025\/06\/30\/corre-y-comparte-hambre-cero-2025-une-deporte-y-solidaridad-en-puebla\/#article","isPartOf":{"@id":"https:\/\/ferabrajan.com\/portal\/2025\/06\/30\/corre-y-comparte-hambre-cero-2025-une-deporte-y-solidaridad-en-puebla\/"},"author":{"name":"Ismael Rojas","@id":"https:\/\/ferabrajan.com\/portal\/#\/schema\/person\/83ed4fff5d7e4c8edf481fa39f71acb2"},"headline":"\u201cCorre y Comparte: Hambre Cero 2025\u201d une deporte y solidaridad en Puebla","datePublished":"2025-06-30T13:48:05+00:00","dateModified":"2025-06-30T13:48:35+00:00","mainEntityOfPage":{"@id":"https:\/\/ferabrajan.com\/portal\/2025\/06\/30\/corre-y-comparte-hambre-cero-2025-une-deporte-y-solidaridad-en-puebla\/"},"wordCount":400,"publisher":{"@id":"https:\/\/ferabrajan.com\/portal\/#organization"},"image":{"@id":"https:\/\/ferabrajan.com\/portal\/2025\/06\/30\/corre-y-comparte-hambre-cero-2025-une-deporte-y-solidaridad-en-puebla\/#primaryimage"},"thumbnailUrl":"https:\/\/ferabrajan.com\/portal\/wp-content\/uploads\/2025\/06\/PHOTO-2025-06-29-11-15-38-scaled.jpeg","keywords":["deporte","Solidaridad"],"articleSection":["Principal","Puebla"],"inLanguage":"es"},{"@type":"WebPage","@id":"https:\/\/ferabrajan.com\/portal\/2025\/06\/30\/corre-y-comparte-hambre-cero-2025-une-deporte-y-solidaridad-en-puebla\/","url":"https:\/\/ferabrajan.com\/portal\/2025\/06\/30\/corre-y-comparte-hambre-cero-2025-une-deporte-y-solidaridad-en-puebla\/","name":"\u201cCorre y Comparte: Hambre Cero 2025\u201d une deporte y solidaridad en Puebla - Fer Abrajan","isPartOf":{"@id":"https:\/\/ferabrajan.com\/portal\/#website"},"primaryImageOfPage":{"@id":"https:\/\/ferabrajan.com\/portal\/2025\/06\/30\/corre-y-comparte-hambre-cero-2025-une-deporte-y-solidaridad-en-puebla\/#primaryimage"},"image":{"@id":"https:\/\/ferabrajan.com\/portal\/2025\/06\/30\/corre-y-comparte-hambre-cero-2025-une-deporte-y-solidaridad-en-puebla\/#primaryimage"},"thumbnailUrl":"https:\/\/ferabrajan.com\/portal\/wp-content\/uploads\/2025\/06\/PHOTO-2025-06-29-11-15-38-scaled.jpeg","datePublished":"2025-06-30T13:48:05+00:00","dateModified":"2025-06-30T13:48:35+00:00","description":"Se hizo entrega de un cheque representativo con valor de 10 mil kilos de arroz y frijol para apoyar al Banco de Alimentos","breadcrumb":{"@id":"https:\/\/ferabrajan.com\/portal\/2025\/06\/30\/corre-y-comparte-hambre-cero-2025-une-deporte-y-solidaridad-en-puebla\/#breadcrumb"},"inLanguage":"es","potentialAction":[{"@type":"ReadAction","target":["https:\/\/ferabrajan.com\/portal\/2025\/06\/30\/corre-y-comparte-hambre-cero-2025-une-deporte-y-solidaridad-en-puebla\/"]}]},{"@type":"ImageObject","inLanguage":"es","@id":"https:\/\/ferabrajan.com\/portal\/2025\/06\/30\/corre-y-comparte-hambre-cero-2025-une-deporte-y-solidaridad-en-puebla\/#primaryimage","url":"https:\/\/ferabrajan.com\/portal\/wp-content\/uploads\/2025\/06\/PHOTO-2025-06-29-11-15-38-scaled.jpeg","contentUrl":"https:\/\/ferabrajan.com\/portal\/wp-content\/uploads\/2025\/06\/PHOTO-2025-06-29-11-15-38-scaled.jpeg","width":2048,"height":1536},{"@type":"BreadcrumbList","@id":"https:\/\/ferabrajan.com\/portal\/2025\/06\/30\/corre-y-comparte-hambre-cero-2025-une-deporte-y-solidaridad-en-puebla\/#breadcrumb","itemListElement":[{"@type":"ListItem","position":1,"name":"Portada","item":"https:\/\/ferabrajan.com\/portal\/"},{"@type":"ListItem","position":2,"name":"\u201cCorre y Comparte: Hambre Cero 2025\u201d une deporte y solidaridad en Puebla"}]},{"@type":"WebSite","@id":"https:\/\/ferabrajan.com\/portal\/#website","url":"https:\/\/ferabrajan.com\/portal\/","name":"Fer Abrajan","description":"Noticias de Puebla, opini\u00f3n y radio en vivo","publisher":{"@id":"https:\/\/ferabrajan.com\/portal\/#organization"},"potentialAction":[{"@type":"SearchAction","target":{"@type":"EntryPoint","urlTemplate":"https:\/\/ferabrajan.com\/portal\/?s={search_term_string}"},"query-input":{"@type":"PropertyValueSpecification","valueRequired":true,"valueName":"search_term_string"}}],"inLanguage":"es"},{"@type":"Organization","@id":"https:\/\/ferabrajan.com\/portal\/#organization","name":"Fer Abrajan","url":"https:\/\/ferabrajan.com\/portal\/","logo":{"@type":"ImageObject","inLanguage":"es","@id":"https:\/\/ferabrajan.com\/portal\/#\/schema\/logo\/image\/","url":"https:\/\/ferabrajan.com\/portal\/wp-content\/uploads\/2024\/10\/cropped-logo.jpeg","contentUrl":"https:\/\/ferabrajan.com\/portal\/wp-content\/uploads\/2024\/10\/cropped-logo.jpeg","width":500,"height":250,"caption":"Fer Abrajan"},"image":{"@id":"https:\/\/ferabrajan.com\/portal\/#\/schema\/logo\/image\/"},"sameAs":["https:\/\/www.facebook.com\/NoticiasconFerAbrajan\/","https:\/\/x.com\/ferabrajan1"]},{"@type":"Person","@id":"https:\/\/ferabrajan.com\/portal\/#\/schema\/person\/83ed4fff5d7e4c8edf481fa39f71acb2","name":"Ismael Rojas","image":{"@type":"ImageObject","inLanguage":"es","@id":"https:\/\/secure.gravatar.com\/avatar\/e4a9cb58548fedeb6143fa536c79b44c34454539235177c55c5819d74963e9d6?s=96&d=mm&r=g","url":"https:\/\/secure.gravatar.com\/avatar\/e4a9cb58548fedeb6143fa536c79b44c34454539235177c55c5819d74963e9d6?s=96&d=mm&r=g","contentUrl":"https:\/\/secure.gravatar.com\/avatar\/e4a9cb58548fedeb6143fa536c79b44c34454539235177c55c5819d74963e9d6?s=96&d=mm&r=g","caption":"Ismael Rojas"},"url":"https:\/\/ferabrajan.com\/portal\/author\/ismael\/"}]}},"_links":{"self":[{"href":"https:\/\/ferabrajan.com\/portal\/wp-json\/wp\/v2\/posts\/72813","targetHints":{"allow":["GET"]}}],"collection":[{"href":"https:\/\/ferabrajan.com\/portal\/wp-json\/wp\/v2\/posts"}],"about":[{"href":"https:\/\/ferabrajan.com\/portal\/wp-json\/wp\/v2\/types\/post"}],"author":[{"embeddable":true,"href":"https:\/\/ferabrajan.com\/portal\/wp-json\/wp\/v2\/users\/4"}],"replies":[{"embeddable":true,"href":"https:\/\/ferabrajan.com\/portal\/wp-json\/wp\/v2\/comments?post=72813"}],"version-history":[{"count":0,"href":"https:\/\/ferabrajan.com\/portal\/wp-json\/wp\/v2\/posts\/72813\/revisions"}],"wp:featuredmedia":[{"embeddable":true,"href":"https:\/\/ferabrajan.com\/portal\/wp-json\/wp\/v2\/media\/72815"}],"wp:attachment":[{"href":"https:\/\/ferabrajan.com\/portal\/wp-json\/wp\/v2\/media?parent=72813"}],"wp:term":[{"taxonomy":"category","embeddable":true,"href":"https:\/\/ferabrajan.com\/portal\/wp-json\/wp\/v2\/categories?post=72813"},{"taxonomy":"post_tag","embeddable":true,"href":"https:\/\/ferabrajan.com\/portal\/wp-json\/wp\/v2\/tags?post=72813"}],"curies":[{"name":"wp","href":"https:\/\/api.w.org\/{rel}","templated":true}]}}