{"id":72805,"date":"2025-06-30T13:37:40","date_gmt":"2025-06-30T13:37:40","guid":{"rendered":"https:\/\/ferabrajan.com\/portal\/?p=72805"},"modified":"2025-06-30T13:37:48","modified_gmt":"2025-06-30T13:37:48","slug":"spartan-2025-impulsa-turismo-y-deporte-en-puebla-con-mas-de-3-mil-atletas","status":"publish","type":"post","link":"https:\/\/ferabrajan.com\/portal\/2025\/06\/30\/spartan-2025-impulsa-turismo-y-deporte-en-puebla-con-mas-de-3-mil-atletas\/","title":{"rendered":"Spartan 2025 impulsa turismo y deporte en Puebla con m\u00e1s de 3 mil atletas"},"content":{"rendered":"\n<p class=\"wp-block-paragraph\">Con la participaci\u00f3n de m\u00e1s de 3 mil competidores nacionales e internacionales, el Gobierno del Estado de Puebla consolid\u00f3 la proyecci\u00f3n de la entidad como destino de turismo deportivo mediante la realizaci\u00f3n del <strong>Spartan National Series Puebla 2025<\/strong> en la zona de Piedras Encimadas.<\/p>\n\n\n\n<p class=\"wp-block-paragraph\">La competencia, respaldada por la Secretar\u00eda de Desarrollo Tur\u00edstico, no solo foment\u00f3 la actividad f\u00edsica de alto rendimiento, sino que tambi\u00e9n sirvi\u00f3 como una poderosa herramienta de promoci\u00f3n tur\u00edstica. De acuerdo con el comunicado oficial, 108 atletas resultaron ganadores tras enfrentar los desaf\u00edos naturales del terreno poblano, caracterizado por sus bosques y formaciones rocosas.<\/p>\n\n\n\n<p class=\"wp-block-paragraph\">El evento recibi\u00f3 a participantes de pa\u00edses como Alemania, Estados Unidos, Reino Unido, Brasil, Colombia y Per\u00fa, quienes recorrieron la regi\u00f3n serrana de Zacatl\u00e1n, lo que permiti\u00f3 mostrar al mundo la riqueza natural del estado y su potencial para el ecoturismo.<\/p>\n\n\n\n<p class=\"wp-block-paragraph\">La iniciativa forma parte de la estrategia impulsada por el gobernador <strong>Alejandro Armenta<\/strong>, enfocada en posicionar a Puebla como un referente nacional en turismo sostenible, cultural y de aventura. Esta acci\u00f3n tambi\u00e9n se alinea con los esfuerzos del gobierno federal, encabezado por la presidenta <strong>Claudia Sheinbaum<\/strong>, para ubicar a M\u00e9xico entre los cinco principales destinos tur\u00edsticos del mundo.<\/p>\n\n\n\n<p class=\"wp-block-paragraph\">Autoridades estatales y federales estuvieron presentes durante la jornada, entre ellas <strong>Mar\u00eda Fernanda Cruz<\/strong>, directora de Promoci\u00f3n y Relaciones P\u00fablicas de la Secretar\u00eda de Desarrollo Tur\u00edstico, quien asisti\u00f3 en representaci\u00f3n del encargado de despacho, Carlos M\u00e1rquez; la presidenta municipal de Zacatl\u00e1n, <strong>Bety S\u00e1nchez<\/strong>; el coordinador de Destinos del Sur de la Secretar\u00eda de Turismo federal, <strong>Carlos Alberto Presenda Jim\u00e9nez<\/strong>; y la secretaria de Deporte y Juventud del Estado, <strong>Gabriela \u201cLa Bonita\u201d S\u00e1nchez<\/strong>.<\/p>\n\n\n\n<p class=\"wp-block-paragraph\">Con acciones como esta, el Gobierno del Estado refrenda su compromiso con un modelo tur\u00edstico que genere beneficios econ\u00f3micos tangibles para las comunidades locales y fomente un desarrollo sustentable con base en el amor por Puebla.<\/p>\n","protected":false},"excerpt":{"rendered":"<p>M\u00e1s de 3 mil competidores participaron en la edici\u00f3n 2025 del Spartan National Series, realizada en Piedras Encimadas<\/p>\n","protected":false},"author":3,"featured_media":72806,"comment_status":"closed","ping_status":"closed","sticky":false,"template":"","format":"standard","meta":{"_monsterinsights_skip_tracking":false,"_uf_show_specific_survey":0,"_uf_disable_surveys":false,"footnotes":""},"categories":[585,34],"tags":[181],"class_list":["post-72805","post","type-post","status-publish","format-standard","has-post-thumbnail","hentry","category-principal","category-puebla","tag-turismo"],"yoast_head":"<!-- This site is optimized with the Yoast SEO plugin v27.5 - https:\/\/yoast.com\/product\/yoast-seo-wordpress\/ -->\n<title>Spartan 2025 impulsa turismo y deporte en Puebla con m\u00e1s de 3 mil atletas - Fer Abrajan<\/title>\n<meta name=\"description\" content=\"M\u00e1s de 3 mil competidores participaron en la edici\u00f3n 2025 del Spartan National Series, realizada en Piedras Encimadas\" \/>\n<meta name=\"robots\" content=\"index, follow, max-snippet:-1, max-image-preview:large, max-video-preview:-1\" \/>\n<link rel=\"canonical\" href=\"https:\/\/ferabrajan.com\/portal\/2025\/06\/30\/spartan-2025-impulsa-turismo-y-deporte-en-puebla-con-mas-de-3-mil-atletas\/\" \/>\n<meta property=\"og:locale\" content=\"es_ES\" \/>\n<meta property=\"og:type\" content=\"article\" \/>\n<meta property=\"og:title\" content=\"Spartan 2025 impulsa turismo y deporte en Puebla con m\u00e1s de 3 mil atletas - Fer Abrajan\" \/>\n<meta property=\"og:description\" content=\"M\u00e1s de 3 mil competidores participaron en la edici\u00f3n 2025 del Spartan National Series, realizada en Piedras Encimadas\" \/>\n<meta property=\"og:url\" content=\"https:\/\/ferabrajan.com\/portal\/2025\/06\/30\/spartan-2025-impulsa-turismo-y-deporte-en-puebla-con-mas-de-3-mil-atletas\/\" \/>\n<meta property=\"og:site_name\" content=\"Fer Abrajan\" \/>\n<meta property=\"article:publisher\" content=\"https:\/\/www.facebook.com\/NoticiasconFerAbrajan\/\" \/>\n<meta property=\"article:published_time\" content=\"2025-06-30T13:37:40+00:00\" \/>\n<meta property=\"article:modified_time\" content=\"2025-06-30T13:37:48+00:00\" \/>\n<meta property=\"og:image\" content=\"https:\/\/ferabrajan.com\/portal\/wp-content\/uploads\/2025\/06\/spartan_4.jpeg\" \/>\n\t<meta property=\"og:image:width\" content=\"1280\" \/>\n\t<meta property=\"og:image:height\" content=\"853\" \/>\n\t<meta property=\"og:image:type\" content=\"image\/jpeg\" \/>\n<meta name=\"author\" content=\"Rebeca N\u00fa\u00f1ez\" \/>\n<meta name=\"twitter:card\" content=\"summary_large_image\" \/>\n<meta name=\"twitter:creator\" content=\"@ferabrajan1\" \/>\n<meta name=\"twitter:site\" content=\"@ferabrajan1\" \/>\n<meta name=\"twitter:label1\" content=\"Escrito por\" \/>\n\t<meta name=\"twitter:data1\" content=\"Rebeca N\u00fa\u00f1ez\" \/>\n\t<meta name=\"twitter:label2\" content=\"Tiempo de lectura\" \/>\n\t<meta name=\"twitter:data2\" content=\"2 minutos\" \/>\n<script type=\"application\/ld+json\" class=\"yoast-schema-graph\">{\"@context\":\"https:\\\/\\\/schema.org\",\"@graph\":[{\"@type\":\"Article\",\"@id\":\"https:\\\/\\\/ferabrajan.com\\\/portal\\\/2025\\\/06\\\/30\\\/spartan-2025-impulsa-turismo-y-deporte-en-puebla-con-mas-de-3-mil-atletas\\\/#article\",\"isPartOf\":{\"@id\":\"https:\\\/\\\/ferabrajan.com\\\/portal\\\/2025\\\/06\\\/30\\\/spartan-2025-impulsa-turismo-y-deporte-en-puebla-con-mas-de-3-mil-atletas\\\/\"},\"author\":{\"name\":\"Rebeca N\u00fa\u00f1ez\",\"@id\":\"https:\\\/\\\/ferabrajan.com\\\/portal\\\/#\\\/schema\\\/person\\\/a79364e0091921e733584c4833bc7a50\"},\"headline\":\"Spartan 2025 impulsa turismo y deporte en Puebla con m\u00e1s de 3 mil atletas\",\"datePublished\":\"2025-06-30T13:37:40+00:00\",\"dateModified\":\"2025-06-30T13:37:48+00:00\",\"mainEntityOfPage\":{\"@id\":\"https:\\\/\\\/ferabrajan.com\\\/portal\\\/2025\\\/06\\\/30\\\/spartan-2025-impulsa-turismo-y-deporte-en-puebla-con-mas-de-3-mil-atletas\\\/\"},\"wordCount\":347,\"publisher\":{\"@id\":\"https:\\\/\\\/ferabrajan.com\\\/portal\\\/#organization\"},\"image\":{\"@id\":\"https:\\\/\\\/ferabrajan.com\\\/portal\\\/2025\\\/06\\\/30\\\/spartan-2025-impulsa-turismo-y-deporte-en-puebla-con-mas-de-3-mil-atletas\\\/#primaryimage\"},\"thumbnailUrl\":\"https:\\\/\\\/ferabrajan.com\\\/portal\\\/wp-content\\\/uploads\\\/2025\\\/06\\\/spartan_4.jpeg\",\"keywords\":[\"Turismo\"],\"articleSection\":[\"Principal\",\"Puebla\"],\"inLanguage\":\"es\"},{\"@type\":\"WebPage\",\"@id\":\"https:\\\/\\\/ferabrajan.com\\\/portal\\\/2025\\\/06\\\/30\\\/spartan-2025-impulsa-turismo-y-deporte-en-puebla-con-mas-de-3-mil-atletas\\\/\",\"url\":\"https:\\\/\\\/ferabrajan.com\\\/portal\\\/2025\\\/06\\\/30\\\/spartan-2025-impulsa-turismo-y-deporte-en-puebla-con-mas-de-3-mil-atletas\\\/\",\"name\":\"Spartan 2025 impulsa turismo y deporte en Puebla con m\u00e1s de 3 mil atletas - Fer Abrajan\",\"isPartOf\":{\"@id\":\"https:\\\/\\\/ferabrajan.com\\\/portal\\\/#website\"},\"primaryImageOfPage\":{\"@id\":\"https:\\\/\\\/ferabrajan.com\\\/portal\\\/2025\\\/06\\\/30\\\/spartan-2025-impulsa-turismo-y-deporte-en-puebla-con-mas-de-3-mil-atletas\\\/#primaryimage\"},\"image\":{\"@id\":\"https:\\\/\\\/ferabrajan.com\\\/portal\\\/2025\\\/06\\\/30\\\/spartan-2025-impulsa-turismo-y-deporte-en-puebla-con-mas-de-3-mil-atletas\\\/#primaryimage\"},\"thumbnailUrl\":\"https:\\\/\\\/ferabrajan.com\\\/portal\\\/wp-content\\\/uploads\\\/2025\\\/06\\\/spartan_4.jpeg\",\"datePublished\":\"2025-06-30T13:37:40+00:00\",\"dateModified\":\"2025-06-30T13:37:48+00:00\",\"description\":\"M\u00e1s de 3 mil competidores participaron en la edici\u00f3n 2025 del Spartan National Series, realizada en Piedras Encimadas\",\"breadcrumb\":{\"@id\":\"https:\\\/\\\/ferabrajan.com\\\/portal\\\/2025\\\/06\\\/30\\\/spartan-2025-impulsa-turismo-y-deporte-en-puebla-con-mas-de-3-mil-atletas\\\/#breadcrumb\"},\"inLanguage\":\"es\",\"potentialAction\":[{\"@type\":\"ReadAction\",\"target\":[\"https:\\\/\\\/ferabrajan.com\\\/portal\\\/2025\\\/06\\\/30\\\/spartan-2025-impulsa-turismo-y-deporte-en-puebla-con-mas-de-3-mil-atletas\\\/\"]}]},{\"@type\":\"ImageObject\",\"inLanguage\":\"es\",\"@id\":\"https:\\\/\\\/ferabrajan.com\\\/portal\\\/2025\\\/06\\\/30\\\/spartan-2025-impulsa-turismo-y-deporte-en-puebla-con-mas-de-3-mil-atletas\\\/#primaryimage\",\"url\":\"https:\\\/\\\/ferabrajan.com\\\/portal\\\/wp-content\\\/uploads\\\/2025\\\/06\\\/spartan_4.jpeg\",\"contentUrl\":\"https:\\\/\\\/ferabrajan.com\\\/portal\\\/wp-content\\\/uploads\\\/2025\\\/06\\\/spartan_4.jpeg\",\"width\":1280,\"height\":853},{\"@type\":\"BreadcrumbList\",\"@id\":\"https:\\\/\\\/ferabrajan.com\\\/portal\\\/2025\\\/06\\\/30\\\/spartan-2025-impulsa-turismo-y-deporte-en-puebla-con-mas-de-3-mil-atletas\\\/#breadcrumb\",\"itemListElement\":[{\"@type\":\"ListItem\",\"position\":1,\"name\":\"Portada\",\"item\":\"https:\\\/\\\/ferabrajan.com\\\/portal\\\/\"},{\"@type\":\"ListItem\",\"position\":2,\"name\":\"Spartan 2025 impulsa turismo y deporte en Puebla con m\u00e1s de 3 mil atletas\"}]},{\"@type\":\"WebSite\",\"@id\":\"https:\\\/\\\/ferabrajan.com\\\/portal\\\/#website\",\"url\":\"https:\\\/\\\/ferabrajan.com\\\/portal\\\/\",\"name\":\"Fer Abrajan\",\"description\":\"Noticias de Puebla, opini\u00f3n y radio en vivo\",\"publisher\":{\"@id\":\"https:\\\/\\\/ferabrajan.com\\\/portal\\\/#organization\"},\"potentialAction\":[{\"@type\":\"SearchAction\",\"target\":{\"@type\":\"EntryPoint\",\"urlTemplate\":\"https:\\\/\\\/ferabrajan.com\\\/portal\\\/?s={search_term_string}\"},\"query-input\":{\"@type\":\"PropertyValueSpecification\",\"valueRequired\":true,\"valueName\":\"search_term_string\"}}],\"inLanguage\":\"es\"},{\"@type\":\"Organization\",\"@id\":\"https:\\\/\\\/ferabrajan.com\\\/portal\\\/#organization\",\"name\":\"Fer Abrajan\",\"url\":\"https:\\\/\\\/ferabrajan.com\\\/portal\\\/\",\"logo\":{\"@type\":\"ImageObject\",\"inLanguage\":\"es\",\"@id\":\"https:\\\/\\\/ferabrajan.com\\\/portal\\\/#\\\/schema\\\/logo\\\/image\\\/\",\"url\":\"https:\\\/\\\/ferabrajan.com\\\/portal\\\/wp-content\\\/uploads\\\/2024\\\/10\\\/cropped-logo.jpeg\",\"contentUrl\":\"https:\\\/\\\/ferabrajan.com\\\/portal\\\/wp-content\\\/uploads\\\/2024\\\/10\\\/cropped-logo.jpeg\",\"width\":500,\"height\":250,\"caption\":\"Fer Abrajan\"},\"image\":{\"@id\":\"https:\\\/\\\/ferabrajan.com\\\/portal\\\/#\\\/schema\\\/logo\\\/image\\\/\"},\"sameAs\":[\"https:\\\/\\\/www.facebook.com\\\/NoticiasconFerAbrajan\\\/\",\"https:\\\/\\\/x.com\\\/ferabrajan1\"]},{\"@type\":\"Person\",\"@id\":\"https:\\\/\\\/ferabrajan.com\\\/portal\\\/#\\\/schema\\\/person\\\/a79364e0091921e733584c4833bc7a50\",\"name\":\"Rebeca N\u00fa\u00f1ez\",\"image\":{\"@type\":\"ImageObject\",\"inLanguage\":\"es\",\"@id\":\"https:\\\/\\\/secure.gravatar.com\\\/avatar\\\/c9cbf721287e849268cd37eca93cf4be51b2eed9e71c8d0c6825bd912000b74e?s=96&d=mm&r=g\",\"url\":\"https:\\\/\\\/secure.gravatar.com\\\/avatar\\\/c9cbf721287e849268cd37eca93cf4be51b2eed9e71c8d0c6825bd912000b74e?s=96&d=mm&r=g\",\"contentUrl\":\"https:\\\/\\\/secure.gravatar.com\\\/avatar\\\/c9cbf721287e849268cd37eca93cf4be51b2eed9e71c8d0c6825bd912000b74e?s=96&d=mm&r=g\",\"caption\":\"Rebeca N\u00fa\u00f1ez\"},\"url\":\"https:\\\/\\\/ferabrajan.com\\\/portal\\\/author\\\/rebeca\\\/\"}]}<\/script>\n<!-- \/ Yoast SEO plugin. -->","yoast_head_json":{"title":"Spartan 2025 impulsa turismo y deporte en Puebla con m\u00e1s de 3 mil atletas - Fer Abrajan","description":"M\u00e1s de 3 mil competidores participaron en la edici\u00f3n 2025 del Spartan National Series, realizada en Piedras Encimadas","robots":{"index":"index","follow":"follow","max-snippet":"max-snippet:-1","max-image-preview":"max-image-preview:large","max-video-preview":"max-video-preview:-1"},"canonical":"https:\/\/ferabrajan.com\/portal\/2025\/06\/30\/spartan-2025-impulsa-turismo-y-deporte-en-puebla-con-mas-de-3-mil-atletas\/","og_locale":"es_ES","og_type":"article","og_title":"Spartan 2025 impulsa turismo y deporte en Puebla con m\u00e1s de 3 mil atletas - Fer Abrajan","og_description":"M\u00e1s de 3 mil competidores participaron en la edici\u00f3n 2025 del Spartan National Series, realizada en Piedras Encimadas","og_url":"https:\/\/ferabrajan.com\/portal\/2025\/06\/30\/spartan-2025-impulsa-turismo-y-deporte-en-puebla-con-mas-de-3-mil-atletas\/","og_site_name":"Fer Abrajan","article_publisher":"https:\/\/www.facebook.com\/NoticiasconFerAbrajan\/","article_published_time":"2025-06-30T13:37:40+00:00","article_modified_time":"2025-06-30T13:37:48+00:00","og_image":[{"width":1280,"height":853,"url":"https:\/\/ferabrajan.com\/portal\/wp-content\/uploads\/2025\/06\/spartan_4.jpeg","type":"image\/jpeg"}],"author":"Rebeca N\u00fa\u00f1ez","twitter_card":"summary_large_image","twitter_creator":"@ferabrajan1","twitter_site":"@ferabrajan1","twitter_misc":{"Escrito por":"Rebeca N\u00fa\u00f1ez","Tiempo de lectura":"2 minutos"},"schema":{"@context":"https:\/\/schema.org","@graph":[{"@type":"Article","@id":"https:\/\/ferabrajan.com\/portal\/2025\/06\/30\/spartan-2025-impulsa-turismo-y-deporte-en-puebla-con-mas-de-3-mil-atletas\/#article","isPartOf":{"@id":"https:\/\/ferabrajan.com\/portal\/2025\/06\/30\/spartan-2025-impulsa-turismo-y-deporte-en-puebla-con-mas-de-3-mil-atletas\/"},"author":{"name":"Rebeca N\u00fa\u00f1ez","@id":"https:\/\/ferabrajan.com\/portal\/#\/schema\/person\/a79364e0091921e733584c4833bc7a50"},"headline":"Spartan 2025 impulsa turismo y deporte en Puebla con m\u00e1s de 3 mil atletas","datePublished":"2025-06-30T13:37:40+00:00","dateModified":"2025-06-30T13:37:48+00:00","mainEntityOfPage":{"@id":"https:\/\/ferabrajan.com\/portal\/2025\/06\/30\/spartan-2025-impulsa-turismo-y-deporte-en-puebla-con-mas-de-3-mil-atletas\/"},"wordCount":347,"publisher":{"@id":"https:\/\/ferabrajan.com\/portal\/#organization"},"image":{"@id":"https:\/\/ferabrajan.com\/portal\/2025\/06\/30\/spartan-2025-impulsa-turismo-y-deporte-en-puebla-con-mas-de-3-mil-atletas\/#primaryimage"},"thumbnailUrl":"https:\/\/ferabrajan.com\/portal\/wp-content\/uploads\/2025\/06\/spartan_4.jpeg","keywords":["Turismo"],"articleSection":["Principal","Puebla"],"inLanguage":"es"},{"@type":"WebPage","@id":"https:\/\/ferabrajan.com\/portal\/2025\/06\/30\/spartan-2025-impulsa-turismo-y-deporte-en-puebla-con-mas-de-3-mil-atletas\/","url":"https:\/\/ferabrajan.com\/portal\/2025\/06\/30\/spartan-2025-impulsa-turismo-y-deporte-en-puebla-con-mas-de-3-mil-atletas\/","name":"Spartan 2025 impulsa turismo y deporte en Puebla con m\u00e1s de 3 mil atletas - Fer Abrajan","isPartOf":{"@id":"https:\/\/ferabrajan.com\/portal\/#website"},"primaryImageOfPage":{"@id":"https:\/\/ferabrajan.com\/portal\/2025\/06\/30\/spartan-2025-impulsa-turismo-y-deporte-en-puebla-con-mas-de-3-mil-atletas\/#primaryimage"},"image":{"@id":"https:\/\/ferabrajan.com\/portal\/2025\/06\/30\/spartan-2025-impulsa-turismo-y-deporte-en-puebla-con-mas-de-3-mil-atletas\/#primaryimage"},"thumbnailUrl":"https:\/\/ferabrajan.com\/portal\/wp-content\/uploads\/2025\/06\/spartan_4.jpeg","datePublished":"2025-06-30T13:37:40+00:00","dateModified":"2025-06-30T13:37:48+00:00","description":"M\u00e1s de 3 mil competidores participaron en la edici\u00f3n 2025 del Spartan National Series, realizada en Piedras Encimadas","breadcrumb":{"@id":"https:\/\/ferabrajan.com\/portal\/2025\/06\/30\/spartan-2025-impulsa-turismo-y-deporte-en-puebla-con-mas-de-3-mil-atletas\/#breadcrumb"},"inLanguage":"es","potentialAction":[{"@type":"ReadAction","target":["https:\/\/ferabrajan.com\/portal\/2025\/06\/30\/spartan-2025-impulsa-turismo-y-deporte-en-puebla-con-mas-de-3-mil-atletas\/"]}]},{"@type":"ImageObject","inLanguage":"es","@id":"https:\/\/ferabrajan.com\/portal\/2025\/06\/30\/spartan-2025-impulsa-turismo-y-deporte-en-puebla-con-mas-de-3-mil-atletas\/#primaryimage","url":"https:\/\/ferabrajan.com\/portal\/wp-content\/uploads\/2025\/06\/spartan_4.jpeg","contentUrl":"https:\/\/ferabrajan.com\/portal\/wp-content\/uploads\/2025\/06\/spartan_4.jpeg","width":1280,"height":853},{"@type":"BreadcrumbList","@id":"https:\/\/ferabrajan.com\/portal\/2025\/06\/30\/spartan-2025-impulsa-turismo-y-deporte-en-puebla-con-mas-de-3-mil-atletas\/#breadcrumb","itemListElement":[{"@type":"ListItem","position":1,"name":"Portada","item":"https:\/\/ferabrajan.com\/portal\/"},{"@type":"ListItem","position":2,"name":"Spartan 2025 impulsa turismo y deporte en Puebla con m\u00e1s de 3 mil atletas"}]},{"@type":"WebSite","@id":"https:\/\/ferabrajan.com\/portal\/#website","url":"https:\/\/ferabrajan.com\/portal\/","name":"Fer Abrajan","description":"Noticias de Puebla, opini\u00f3n y radio en vivo","publisher":{"@id":"https:\/\/ferabrajan.com\/portal\/#organization"},"potentialAction":[{"@type":"SearchAction","target":{"@type":"EntryPoint","urlTemplate":"https:\/\/ferabrajan.com\/portal\/?s={search_term_string}"},"query-input":{"@type":"PropertyValueSpecification","valueRequired":true,"valueName":"search_term_string"}}],"inLanguage":"es"},{"@type":"Organization","@id":"https:\/\/ferabrajan.com\/portal\/#organization","name":"Fer Abrajan","url":"https:\/\/ferabrajan.com\/portal\/","logo":{"@type":"ImageObject","inLanguage":"es","@id":"https:\/\/ferabrajan.com\/portal\/#\/schema\/logo\/image\/","url":"https:\/\/ferabrajan.com\/portal\/wp-content\/uploads\/2024\/10\/cropped-logo.jpeg","contentUrl":"https:\/\/ferabrajan.com\/portal\/wp-content\/uploads\/2024\/10\/cropped-logo.jpeg","width":500,"height":250,"caption":"Fer Abrajan"},"image":{"@id":"https:\/\/ferabrajan.com\/portal\/#\/schema\/logo\/image\/"},"sameAs":["https:\/\/www.facebook.com\/NoticiasconFerAbrajan\/","https:\/\/x.com\/ferabrajan1"]},{"@type":"Person","@id":"https:\/\/ferabrajan.com\/portal\/#\/schema\/person\/a79364e0091921e733584c4833bc7a50","name":"Rebeca N\u00fa\u00f1ez","image":{"@type":"ImageObject","inLanguage":"es","@id":"https:\/\/secure.gravatar.com\/avatar\/c9cbf721287e849268cd37eca93cf4be51b2eed9e71c8d0c6825bd912000b74e?s=96&d=mm&r=g","url":"https:\/\/secure.gravatar.com\/avatar\/c9cbf721287e849268cd37eca93cf4be51b2eed9e71c8d0c6825bd912000b74e?s=96&d=mm&r=g","contentUrl":"https:\/\/secure.gravatar.com\/avatar\/c9cbf721287e849268cd37eca93cf4be51b2eed9e71c8d0c6825bd912000b74e?s=96&d=mm&r=g","caption":"Rebeca N\u00fa\u00f1ez"},"url":"https:\/\/ferabrajan.com\/portal\/author\/rebeca\/"}]}},"_links":{"self":[{"href":"https:\/\/ferabrajan.com\/portal\/wp-json\/wp\/v2\/posts\/72805","targetHints":{"allow":["GET"]}}],"collection":[{"href":"https:\/\/ferabrajan.com\/portal\/wp-json\/wp\/v2\/posts"}],"about":[{"href":"https:\/\/ferabrajan.com\/portal\/wp-json\/wp\/v2\/types\/post"}],"author":[{"embeddable":true,"href":"https:\/\/ferabrajan.com\/portal\/wp-json\/wp\/v2\/users\/3"}],"replies":[{"embeddable":true,"href":"https:\/\/ferabrajan.com\/portal\/wp-json\/wp\/v2\/comments?post=72805"}],"version-history":[{"count":0,"href":"https:\/\/ferabrajan.com\/portal\/wp-json\/wp\/v2\/posts\/72805\/revisions"}],"wp:featuredmedia":[{"embeddable":true,"href":"https:\/\/ferabrajan.com\/portal\/wp-json\/wp\/v2\/media\/72806"}],"wp:attachment":[{"href":"https:\/\/ferabrajan.com\/portal\/wp-json\/wp\/v2\/media?parent=72805"}],"wp:term":[{"taxonomy":"category","embeddable":true,"href":"https:\/\/ferabrajan.com\/portal\/wp-json\/wp\/v2\/categories?post=72805"},{"taxonomy":"post_tag","embeddable":true,"href":"https:\/\/ferabrajan.com\/portal\/wp-json\/wp\/v2\/tags?post=72805"}],"curies":[{"name":"wp","href":"https:\/\/api.w.org\/{rel}","templated":true}]}}