{"id":72799,"date":"2025-06-30T13:31:51","date_gmt":"2025-06-30T13:31:51","guid":{"rendered":"https:\/\/ferabrajan.com\/portal\/?p=72799"},"modified":"2025-06-30T13:32:23","modified_gmt":"2025-06-30T13:32:23","slug":"sedif-impulsa-terapias-y-talleres-para-adultos-mayores-en-puebla","status":"publish","type":"post","link":"https:\/\/ferabrajan.com\/portal\/2025\/06\/30\/sedif-impulsa-terapias-y-talleres-para-adultos-mayores-en-puebla\/","title":{"rendered":"SEDIF impulsa terapias y talleres para adultos mayores en Puebla"},"content":{"rendered":"\n<p class=\"wp-block-paragraph\">El Sistema Estatal para el Desarrollo Integral de la Familia (SEDIF) ofrece atenci\u00f3n gratuita y especializada a personas adultas mayores a trav\u00e9s del Centro de Gerontolog\u00eda \u00abCasa del Abue\u00bb, ubicado en la colonia Santa Anita de la capital poblana. El objetivo es mejorar su calidad de vida mediante servicios m\u00e9dicos y actividades de estimulaci\u00f3n f\u00edsica y mental.<\/p>\n\n\n\n<p class=\"wp-block-paragraph\">El m\u00e9dico general Carlos Tiro Hern\u00e1ndez inform\u00f3 que seis de cada diez personas que acuden al centro presentan osteoartritis, una condici\u00f3n degenerativa com\u00fan en la vejez que afecta principalmente las articulaciones de hombros, manos, cadera y rodillas. \u00abEste padecimiento es normal debido al envejecimiento y al desgaste de las articulaciones, pero puede ser atendido de forma oportuna para evitar complicaciones mayores\u00bb, explic\u00f3.<\/p>\n\n\n\n<p class=\"wp-block-paragraph\">El especialista subray\u00f3 que el centro brinda consultas generales, valoraciones con rayos X y, en caso necesario, canalizaci\u00f3n a terapia f\u00edsica o atenci\u00f3n con ortopedistas. Agreg\u00f3 que entre los padecimientos m\u00e1s frecuentes que presentan las y los usuarios se encuentran la diabetes mellitus, hipertensi\u00f3n arterial, problemas de tiroides, insuficiencia venosa, incontinencia urinaria y diversas discapacidades f\u00edsicas.<\/p>\n\n\n\n<p class=\"wp-block-paragraph\">Como parte de una estrategia integral, el SEDIF tambi\u00e9n promueve actividades como la gimnasia cerebral, a fin de reforzar la salud mental de las personas mayores. Esta terapia consiste en ejercicios realizados durante un periodo de dos meses para estimular la memoria, la atenci\u00f3n y otras funciones cognitivas. \u00abMuchas personas mayores olvidan objetos o actividades cotidianas, pero estos ejercicios ayudan a mantener su independencia y autoestima\u00bb, destac\u00f3 Tiro Hern\u00e1ndez.<\/p>\n\n\n\n<p class=\"wp-block-paragraph\">Ceci Arellano, presidenta del Patronato del SEDIF, reafirm\u00f3 su compromiso con el bienestar de las y los adultos mayores. \u00abNuestro enfoque es brindarles un trato digno, emp\u00e1tico y profesional, como parte del humanismo mexicano que impulsa este gobierno\u00bb, se\u00f1al\u00f3. Finalmente, invit\u00f3 a las personas interesadas a acercarse al centro, donde recibir\u00e1n atenci\u00f3n sin costo y con calidez humana.<\/p>\n","protected":false},"excerpt":{"rendered":"<p>La presidenta del Patronato, Ceci Arellano, refrenda su compromiso de mejorar la calidad de vida de las y los adultos mayores.<\/p>\n","protected":false},"author":4,"featured_media":72801,"comment_status":"closed","ping_status":"closed","sticky":false,"template":"","format":"standard","meta":{"_monsterinsights_skip_tracking":false,"_uf_show_specific_survey":0,"_uf_disable_surveys":false,"footnotes":""},"categories":[53,585,34],"tags":[611,723],"class_list":["post-72799","post","type-post","status-publish","format-standard","has-post-thumbnail","hentry","category-local","category-principal","category-puebla","tag-ceci-arellano","tag-sedif"],"yoast_head":"<!-- This site is optimized with the Yoast SEO plugin v27.5 - https:\/\/yoast.com\/product\/yoast-seo-wordpress\/ -->\n<title>SEDIF impulsa terapias y talleres para adultos mayores en Puebla - Fer Abrajan<\/title>\n<meta name=\"description\" content=\"La presidenta del Patronato, Ceci Arellano, refrenda su compromiso de mejorar la calidad de vida de las y los adultos mayores.\" \/>\n<meta name=\"robots\" content=\"index, follow, max-snippet:-1, max-image-preview:large, max-video-preview:-1\" \/>\n<link rel=\"canonical\" href=\"https:\/\/ferabrajan.com\/portal\/2025\/06\/30\/sedif-impulsa-terapias-y-talleres-para-adultos-mayores-en-puebla\/\" \/>\n<meta property=\"og:locale\" content=\"es_ES\" \/>\n<meta property=\"og:type\" content=\"article\" \/>\n<meta property=\"og:title\" content=\"SEDIF impulsa terapias y talleres para adultos mayores en Puebla - Fer Abrajan\" \/>\n<meta property=\"og:description\" content=\"La presidenta del Patronato, Ceci Arellano, refrenda su compromiso de mejorar la calidad de vida de las y los adultos mayores.\" \/>\n<meta property=\"og:url\" content=\"https:\/\/ferabrajan.com\/portal\/2025\/06\/30\/sedif-impulsa-terapias-y-talleres-para-adultos-mayores-en-puebla\/\" \/>\n<meta property=\"og:site_name\" content=\"Fer Abrajan\" \/>\n<meta property=\"article:publisher\" content=\"https:\/\/www.facebook.com\/NoticiasconFerAbrajan\/\" \/>\n<meta property=\"article:published_time\" content=\"2025-06-30T13:31:51+00:00\" \/>\n<meta property=\"article:modified_time\" content=\"2025-06-30T13:32:23+00:00\" \/>\n<meta property=\"og:image\" content=\"https:\/\/ferabrajan.com\/portal\/wp-content\/uploads\/2025\/06\/SEDIFTerapiasAdultosMayores_05-scaled.jpeg\" \/>\n\t<meta property=\"og:image:width\" content=\"2048\" \/>\n\t<meta property=\"og:image:height\" content=\"1149\" \/>\n\t<meta property=\"og:image:type\" content=\"image\/jpeg\" \/>\n<meta name=\"author\" content=\"Ismael Rojas\" \/>\n<meta name=\"twitter:card\" content=\"summary_large_image\" \/>\n<meta name=\"twitter:creator\" content=\"@ferabrajan1\" \/>\n<meta name=\"twitter:site\" content=\"@ferabrajan1\" \/>\n<meta name=\"twitter:label1\" content=\"Escrito por\" \/>\n\t<meta name=\"twitter:data1\" content=\"Ismael Rojas\" \/>\n\t<meta name=\"twitter:label2\" content=\"Tiempo de lectura\" \/>\n\t<meta name=\"twitter:data2\" content=\"2 minutos\" \/>\n<script type=\"application\/ld+json\" class=\"yoast-schema-graph\">{\"@context\":\"https:\\\/\\\/schema.org\",\"@graph\":[{\"@type\":\"Article\",\"@id\":\"https:\\\/\\\/ferabrajan.com\\\/portal\\\/2025\\\/06\\\/30\\\/sedif-impulsa-terapias-y-talleres-para-adultos-mayores-en-puebla\\\/#article\",\"isPartOf\":{\"@id\":\"https:\\\/\\\/ferabrajan.com\\\/portal\\\/2025\\\/06\\\/30\\\/sedif-impulsa-terapias-y-talleres-para-adultos-mayores-en-puebla\\\/\"},\"author\":{\"name\":\"Ismael Rojas\",\"@id\":\"https:\\\/\\\/ferabrajan.com\\\/portal\\\/#\\\/schema\\\/person\\\/83ed4fff5d7e4c8edf481fa39f71acb2\"},\"headline\":\"SEDIF impulsa terapias y talleres para adultos mayores en Puebla\",\"datePublished\":\"2025-06-30T13:31:51+00:00\",\"dateModified\":\"2025-06-30T13:32:23+00:00\",\"mainEntityOfPage\":{\"@id\":\"https:\\\/\\\/ferabrajan.com\\\/portal\\\/2025\\\/06\\\/30\\\/sedif-impulsa-terapias-y-talleres-para-adultos-mayores-en-puebla\\\/\"},\"wordCount\":335,\"publisher\":{\"@id\":\"https:\\\/\\\/ferabrajan.com\\\/portal\\\/#organization\"},\"image\":{\"@id\":\"https:\\\/\\\/ferabrajan.com\\\/portal\\\/2025\\\/06\\\/30\\\/sedif-impulsa-terapias-y-talleres-para-adultos-mayores-en-puebla\\\/#primaryimage\"},\"thumbnailUrl\":\"https:\\\/\\\/ferabrajan.com\\\/portal\\\/wp-content\\\/uploads\\\/2025\\\/06\\\/SEDIFTerapiasAdultosMayores_05-scaled.jpeg\",\"keywords\":[\"Ceci Arellano\",\"SEDIF\"],\"articleSection\":[\"Local\",\"Principal\",\"Puebla\"],\"inLanguage\":\"es\"},{\"@type\":\"WebPage\",\"@id\":\"https:\\\/\\\/ferabrajan.com\\\/portal\\\/2025\\\/06\\\/30\\\/sedif-impulsa-terapias-y-talleres-para-adultos-mayores-en-puebla\\\/\",\"url\":\"https:\\\/\\\/ferabrajan.com\\\/portal\\\/2025\\\/06\\\/30\\\/sedif-impulsa-terapias-y-talleres-para-adultos-mayores-en-puebla\\\/\",\"name\":\"SEDIF impulsa terapias y talleres para adultos mayores en Puebla - Fer Abrajan\",\"isPartOf\":{\"@id\":\"https:\\\/\\\/ferabrajan.com\\\/portal\\\/#website\"},\"primaryImageOfPage\":{\"@id\":\"https:\\\/\\\/ferabrajan.com\\\/portal\\\/2025\\\/06\\\/30\\\/sedif-impulsa-terapias-y-talleres-para-adultos-mayores-en-puebla\\\/#primaryimage\"},\"image\":{\"@id\":\"https:\\\/\\\/ferabrajan.com\\\/portal\\\/2025\\\/06\\\/30\\\/sedif-impulsa-terapias-y-talleres-para-adultos-mayores-en-puebla\\\/#primaryimage\"},\"thumbnailUrl\":\"https:\\\/\\\/ferabrajan.com\\\/portal\\\/wp-content\\\/uploads\\\/2025\\\/06\\\/SEDIFTerapiasAdultosMayores_05-scaled.jpeg\",\"datePublished\":\"2025-06-30T13:31:51+00:00\",\"dateModified\":\"2025-06-30T13:32:23+00:00\",\"description\":\"La presidenta del Patronato, Ceci Arellano, refrenda su compromiso de mejorar la calidad de vida de las y los adultos mayores.\",\"breadcrumb\":{\"@id\":\"https:\\\/\\\/ferabrajan.com\\\/portal\\\/2025\\\/06\\\/30\\\/sedif-impulsa-terapias-y-talleres-para-adultos-mayores-en-puebla\\\/#breadcrumb\"},\"inLanguage\":\"es\",\"potentialAction\":[{\"@type\":\"ReadAction\",\"target\":[\"https:\\\/\\\/ferabrajan.com\\\/portal\\\/2025\\\/06\\\/30\\\/sedif-impulsa-terapias-y-talleres-para-adultos-mayores-en-puebla\\\/\"]}]},{\"@type\":\"ImageObject\",\"inLanguage\":\"es\",\"@id\":\"https:\\\/\\\/ferabrajan.com\\\/portal\\\/2025\\\/06\\\/30\\\/sedif-impulsa-terapias-y-talleres-para-adultos-mayores-en-puebla\\\/#primaryimage\",\"url\":\"https:\\\/\\\/ferabrajan.com\\\/portal\\\/wp-content\\\/uploads\\\/2025\\\/06\\\/SEDIFTerapiasAdultosMayores_05-scaled.jpeg\",\"contentUrl\":\"https:\\\/\\\/ferabrajan.com\\\/portal\\\/wp-content\\\/uploads\\\/2025\\\/06\\\/SEDIFTerapiasAdultosMayores_05-scaled.jpeg\",\"width\":2048,\"height\":1149},{\"@type\":\"BreadcrumbList\",\"@id\":\"https:\\\/\\\/ferabrajan.com\\\/portal\\\/2025\\\/06\\\/30\\\/sedif-impulsa-terapias-y-talleres-para-adultos-mayores-en-puebla\\\/#breadcrumb\",\"itemListElement\":[{\"@type\":\"ListItem\",\"position\":1,\"name\":\"Portada\",\"item\":\"https:\\\/\\\/ferabrajan.com\\\/portal\\\/\"},{\"@type\":\"ListItem\",\"position\":2,\"name\":\"SEDIF impulsa terapias y talleres para adultos mayores en Puebla\"}]},{\"@type\":\"WebSite\",\"@id\":\"https:\\\/\\\/ferabrajan.com\\\/portal\\\/#website\",\"url\":\"https:\\\/\\\/ferabrajan.com\\\/portal\\\/\",\"name\":\"Fer Abrajan\",\"description\":\"Noticias de Puebla, opini\u00f3n y radio en vivo\",\"publisher\":{\"@id\":\"https:\\\/\\\/ferabrajan.com\\\/portal\\\/#organization\"},\"potentialAction\":[{\"@type\":\"SearchAction\",\"target\":{\"@type\":\"EntryPoint\",\"urlTemplate\":\"https:\\\/\\\/ferabrajan.com\\\/portal\\\/?s={search_term_string}\"},\"query-input\":{\"@type\":\"PropertyValueSpecification\",\"valueRequired\":true,\"valueName\":\"search_term_string\"}}],\"inLanguage\":\"es\"},{\"@type\":\"Organization\",\"@id\":\"https:\\\/\\\/ferabrajan.com\\\/portal\\\/#organization\",\"name\":\"Fer Abrajan\",\"url\":\"https:\\\/\\\/ferabrajan.com\\\/portal\\\/\",\"logo\":{\"@type\":\"ImageObject\",\"inLanguage\":\"es\",\"@id\":\"https:\\\/\\\/ferabrajan.com\\\/portal\\\/#\\\/schema\\\/logo\\\/image\\\/\",\"url\":\"https:\\\/\\\/ferabrajan.com\\\/portal\\\/wp-content\\\/uploads\\\/2024\\\/10\\\/cropped-logo.jpeg\",\"contentUrl\":\"https:\\\/\\\/ferabrajan.com\\\/portal\\\/wp-content\\\/uploads\\\/2024\\\/10\\\/cropped-logo.jpeg\",\"width\":500,\"height\":250,\"caption\":\"Fer Abrajan\"},\"image\":{\"@id\":\"https:\\\/\\\/ferabrajan.com\\\/portal\\\/#\\\/schema\\\/logo\\\/image\\\/\"},\"sameAs\":[\"https:\\\/\\\/www.facebook.com\\\/NoticiasconFerAbrajan\\\/\",\"https:\\\/\\\/x.com\\\/ferabrajan1\"]},{\"@type\":\"Person\",\"@id\":\"https:\\\/\\\/ferabrajan.com\\\/portal\\\/#\\\/schema\\\/person\\\/83ed4fff5d7e4c8edf481fa39f71acb2\",\"name\":\"Ismael Rojas\",\"image\":{\"@type\":\"ImageObject\",\"inLanguage\":\"es\",\"@id\":\"https:\\\/\\\/secure.gravatar.com\\\/avatar\\\/e4a9cb58548fedeb6143fa536c79b44c34454539235177c55c5819d74963e9d6?s=96&d=mm&r=g\",\"url\":\"https:\\\/\\\/secure.gravatar.com\\\/avatar\\\/e4a9cb58548fedeb6143fa536c79b44c34454539235177c55c5819d74963e9d6?s=96&d=mm&r=g\",\"contentUrl\":\"https:\\\/\\\/secure.gravatar.com\\\/avatar\\\/e4a9cb58548fedeb6143fa536c79b44c34454539235177c55c5819d74963e9d6?s=96&d=mm&r=g\",\"caption\":\"Ismael Rojas\"},\"url\":\"https:\\\/\\\/ferabrajan.com\\\/portal\\\/author\\\/ismael\\\/\"}]}<\/script>\n<!-- \/ Yoast SEO plugin. -->","yoast_head_json":{"title":"SEDIF impulsa terapias y talleres para adultos mayores en Puebla - Fer Abrajan","description":"La presidenta del Patronato, Ceci Arellano, refrenda su compromiso de mejorar la calidad de vida de las y los adultos mayores.","robots":{"index":"index","follow":"follow","max-snippet":"max-snippet:-1","max-image-preview":"max-image-preview:large","max-video-preview":"max-video-preview:-1"},"canonical":"https:\/\/ferabrajan.com\/portal\/2025\/06\/30\/sedif-impulsa-terapias-y-talleres-para-adultos-mayores-en-puebla\/","og_locale":"es_ES","og_type":"article","og_title":"SEDIF impulsa terapias y talleres para adultos mayores en Puebla - Fer Abrajan","og_description":"La presidenta del Patronato, Ceci Arellano, refrenda su compromiso de mejorar la calidad de vida de las y los adultos mayores.","og_url":"https:\/\/ferabrajan.com\/portal\/2025\/06\/30\/sedif-impulsa-terapias-y-talleres-para-adultos-mayores-en-puebla\/","og_site_name":"Fer Abrajan","article_publisher":"https:\/\/www.facebook.com\/NoticiasconFerAbrajan\/","article_published_time":"2025-06-30T13:31:51+00:00","article_modified_time":"2025-06-30T13:32:23+00:00","og_image":[{"width":2048,"height":1149,"url":"https:\/\/ferabrajan.com\/portal\/wp-content\/uploads\/2025\/06\/SEDIFTerapiasAdultosMayores_05-scaled.jpeg","type":"image\/jpeg"}],"author":"Ismael Rojas","twitter_card":"summary_large_image","twitter_creator":"@ferabrajan1","twitter_site":"@ferabrajan1","twitter_misc":{"Escrito por":"Ismael Rojas","Tiempo de lectura":"2 minutos"},"schema":{"@context":"https:\/\/schema.org","@graph":[{"@type":"Article","@id":"https:\/\/ferabrajan.com\/portal\/2025\/06\/30\/sedif-impulsa-terapias-y-talleres-para-adultos-mayores-en-puebla\/#article","isPartOf":{"@id":"https:\/\/ferabrajan.com\/portal\/2025\/06\/30\/sedif-impulsa-terapias-y-talleres-para-adultos-mayores-en-puebla\/"},"author":{"name":"Ismael Rojas","@id":"https:\/\/ferabrajan.com\/portal\/#\/schema\/person\/83ed4fff5d7e4c8edf481fa39f71acb2"},"headline":"SEDIF impulsa terapias y talleres para adultos mayores en Puebla","datePublished":"2025-06-30T13:31:51+00:00","dateModified":"2025-06-30T13:32:23+00:00","mainEntityOfPage":{"@id":"https:\/\/ferabrajan.com\/portal\/2025\/06\/30\/sedif-impulsa-terapias-y-talleres-para-adultos-mayores-en-puebla\/"},"wordCount":335,"publisher":{"@id":"https:\/\/ferabrajan.com\/portal\/#organization"},"image":{"@id":"https:\/\/ferabrajan.com\/portal\/2025\/06\/30\/sedif-impulsa-terapias-y-talleres-para-adultos-mayores-en-puebla\/#primaryimage"},"thumbnailUrl":"https:\/\/ferabrajan.com\/portal\/wp-content\/uploads\/2025\/06\/SEDIFTerapiasAdultosMayores_05-scaled.jpeg","keywords":["Ceci Arellano","SEDIF"],"articleSection":["Local","Principal","Puebla"],"inLanguage":"es"},{"@type":"WebPage","@id":"https:\/\/ferabrajan.com\/portal\/2025\/06\/30\/sedif-impulsa-terapias-y-talleres-para-adultos-mayores-en-puebla\/","url":"https:\/\/ferabrajan.com\/portal\/2025\/06\/30\/sedif-impulsa-terapias-y-talleres-para-adultos-mayores-en-puebla\/","name":"SEDIF impulsa terapias y talleres para adultos mayores en Puebla - Fer Abrajan","isPartOf":{"@id":"https:\/\/ferabrajan.com\/portal\/#website"},"primaryImageOfPage":{"@id":"https:\/\/ferabrajan.com\/portal\/2025\/06\/30\/sedif-impulsa-terapias-y-talleres-para-adultos-mayores-en-puebla\/#primaryimage"},"image":{"@id":"https:\/\/ferabrajan.com\/portal\/2025\/06\/30\/sedif-impulsa-terapias-y-talleres-para-adultos-mayores-en-puebla\/#primaryimage"},"thumbnailUrl":"https:\/\/ferabrajan.com\/portal\/wp-content\/uploads\/2025\/06\/SEDIFTerapiasAdultosMayores_05-scaled.jpeg","datePublished":"2025-06-30T13:31:51+00:00","dateModified":"2025-06-30T13:32:23+00:00","description":"La presidenta del Patronato, Ceci Arellano, refrenda su compromiso de mejorar la calidad de vida de las y los adultos mayores.","breadcrumb":{"@id":"https:\/\/ferabrajan.com\/portal\/2025\/06\/30\/sedif-impulsa-terapias-y-talleres-para-adultos-mayores-en-puebla\/#breadcrumb"},"inLanguage":"es","potentialAction":[{"@type":"ReadAction","target":["https:\/\/ferabrajan.com\/portal\/2025\/06\/30\/sedif-impulsa-terapias-y-talleres-para-adultos-mayores-en-puebla\/"]}]},{"@type":"ImageObject","inLanguage":"es","@id":"https:\/\/ferabrajan.com\/portal\/2025\/06\/30\/sedif-impulsa-terapias-y-talleres-para-adultos-mayores-en-puebla\/#primaryimage","url":"https:\/\/ferabrajan.com\/portal\/wp-content\/uploads\/2025\/06\/SEDIFTerapiasAdultosMayores_05-scaled.jpeg","contentUrl":"https:\/\/ferabrajan.com\/portal\/wp-content\/uploads\/2025\/06\/SEDIFTerapiasAdultosMayores_05-scaled.jpeg","width":2048,"height":1149},{"@type":"BreadcrumbList","@id":"https:\/\/ferabrajan.com\/portal\/2025\/06\/30\/sedif-impulsa-terapias-y-talleres-para-adultos-mayores-en-puebla\/#breadcrumb","itemListElement":[{"@type":"ListItem","position":1,"name":"Portada","item":"https:\/\/ferabrajan.com\/portal\/"},{"@type":"ListItem","position":2,"name":"SEDIF impulsa terapias y talleres para adultos mayores en Puebla"}]},{"@type":"WebSite","@id":"https:\/\/ferabrajan.com\/portal\/#website","url":"https:\/\/ferabrajan.com\/portal\/","name":"Fer Abrajan","description":"Noticias de Puebla, opini\u00f3n y radio en vivo","publisher":{"@id":"https:\/\/ferabrajan.com\/portal\/#organization"},"potentialAction":[{"@type":"SearchAction","target":{"@type":"EntryPoint","urlTemplate":"https:\/\/ferabrajan.com\/portal\/?s={search_term_string}"},"query-input":{"@type":"PropertyValueSpecification","valueRequired":true,"valueName":"search_term_string"}}],"inLanguage":"es"},{"@type":"Organization","@id":"https:\/\/ferabrajan.com\/portal\/#organization","name":"Fer Abrajan","url":"https:\/\/ferabrajan.com\/portal\/","logo":{"@type":"ImageObject","inLanguage":"es","@id":"https:\/\/ferabrajan.com\/portal\/#\/schema\/logo\/image\/","url":"https:\/\/ferabrajan.com\/portal\/wp-content\/uploads\/2024\/10\/cropped-logo.jpeg","contentUrl":"https:\/\/ferabrajan.com\/portal\/wp-content\/uploads\/2024\/10\/cropped-logo.jpeg","width":500,"height":250,"caption":"Fer Abrajan"},"image":{"@id":"https:\/\/ferabrajan.com\/portal\/#\/schema\/logo\/image\/"},"sameAs":["https:\/\/www.facebook.com\/NoticiasconFerAbrajan\/","https:\/\/x.com\/ferabrajan1"]},{"@type":"Person","@id":"https:\/\/ferabrajan.com\/portal\/#\/schema\/person\/83ed4fff5d7e4c8edf481fa39f71acb2","name":"Ismael Rojas","image":{"@type":"ImageObject","inLanguage":"es","@id":"https:\/\/secure.gravatar.com\/avatar\/e4a9cb58548fedeb6143fa536c79b44c34454539235177c55c5819d74963e9d6?s=96&d=mm&r=g","url":"https:\/\/secure.gravatar.com\/avatar\/e4a9cb58548fedeb6143fa536c79b44c34454539235177c55c5819d74963e9d6?s=96&d=mm&r=g","contentUrl":"https:\/\/secure.gravatar.com\/avatar\/e4a9cb58548fedeb6143fa536c79b44c34454539235177c55c5819d74963e9d6?s=96&d=mm&r=g","caption":"Ismael Rojas"},"url":"https:\/\/ferabrajan.com\/portal\/author\/ismael\/"}]}},"_links":{"self":[{"href":"https:\/\/ferabrajan.com\/portal\/wp-json\/wp\/v2\/posts\/72799","targetHints":{"allow":["GET"]}}],"collection":[{"href":"https:\/\/ferabrajan.com\/portal\/wp-json\/wp\/v2\/posts"}],"about":[{"href":"https:\/\/ferabrajan.com\/portal\/wp-json\/wp\/v2\/types\/post"}],"author":[{"embeddable":true,"href":"https:\/\/ferabrajan.com\/portal\/wp-json\/wp\/v2\/users\/4"}],"replies":[{"embeddable":true,"href":"https:\/\/ferabrajan.com\/portal\/wp-json\/wp\/v2\/comments?post=72799"}],"version-history":[{"count":0,"href":"https:\/\/ferabrajan.com\/portal\/wp-json\/wp\/v2\/posts\/72799\/revisions"}],"wp:featuredmedia":[{"embeddable":true,"href":"https:\/\/ferabrajan.com\/portal\/wp-json\/wp\/v2\/media\/72801"}],"wp:attachment":[{"href":"https:\/\/ferabrajan.com\/portal\/wp-json\/wp\/v2\/media?parent=72799"}],"wp:term":[{"taxonomy":"category","embeddable":true,"href":"https:\/\/ferabrajan.com\/portal\/wp-json\/wp\/v2\/categories?post=72799"},{"taxonomy":"post_tag","embeddable":true,"href":"https:\/\/ferabrajan.com\/portal\/wp-json\/wp\/v2\/tags?post=72799"}],"curies":[{"name":"wp","href":"https:\/\/api.w.org\/{rel}","templated":true}]}}