{"id":72795,"date":"2025-06-30T13:26:02","date_gmt":"2025-06-30T13:26:02","guid":{"rendered":"https:\/\/ferabrajan.com\/portal\/?p=72795"},"modified":"2025-06-30T13:26:22","modified_gmt":"2025-06-30T13:26:22","slug":"puebla-refrenda-seguridad-con-apoyo-de-la-guardia-nacional-y-fuerzas-armadas","status":"publish","type":"post","link":"https:\/\/ferabrajan.com\/portal\/2025\/06\/30\/puebla-refrenda-seguridad-con-apoyo-de-la-guardia-nacional-y-fuerzas-armadas\/","title":{"rendered":"Puebla refrenda seguridad con apoyo de la Guardia Nacional y Fuerzas Armadas"},"content":{"rendered":"\n<p class=\"wp-block-paragraph\">El gobernador Alejandro Armenta reafirm\u00f3 el compromiso de su gobierno con la estrategia de seguridad nacional de la presidenta Claudia Sheinbaum, durante el sexto aniversario de la Guardia Nacional.<\/p>\n\n\n\n<p class=\"wp-block-paragraph\">Armenta destac\u00f3 que Puebla es un estado seguro gracias al trabajo coordinado con la Guardia Nacional, la Marina y el Ej\u00e9rcito Mexicano. Subray\u00f3 que los indicadores delictivos, tanto del fuero federal como del com\u00fan, han disminuido en los primeros seis meses de su administraci\u00f3n.<\/p>\n\n\n\n<p class=\"wp-block-paragraph\">El mandatario record\u00f3 su apoyo desde el Senado para la creaci\u00f3n de la Guardia Nacional en 2019, reconociendo su papel fundamental en la protecci\u00f3n de las familias y empresas.<\/p>\n\n\n\n<p class=\"wp-block-paragraph\">Por su parte, el coordinador estatal de la Guardia Nacional, Vicente Javier Mandujano Acevedo, destac\u00f3 el compromiso de la instituci\u00f3n para salvaguardar la seguridad de las comunidades en coordinaci\u00f3n con las fuerzas federales y autoridades locales.<\/p>\n","protected":false},"excerpt":{"rendered":"<p>El gobernador de Puebla, Alejandro Armenta, asegur\u00f3 que su administraci\u00f3n se alinea con la estrategia de seguridad de la presidenta de M\u00e9xico, Claudia Sheinbaum.<\/p>\n","protected":false},"author":3,"featured_media":72796,"comment_status":"closed","ping_status":"closed","sticky":false,"template":"","format":"standard","meta":{"_monsterinsights_skip_tracking":false,"_uf_show_specific_survey":0,"_uf_disable_surveys":false,"footnotes":""},"categories":[585,34],"tags":[106,302],"class_list":["post-72795","post","type-post","status-publish","format-standard","has-post-thumbnail","hentry","category-principal","category-puebla","tag-alejandro-armenta","tag-seguridad"],"yoast_head":"<!-- This site is optimized with the Yoast SEO plugin v27.5 - https:\/\/yoast.com\/product\/yoast-seo-wordpress\/ -->\n<title>Puebla refrenda seguridad con apoyo de la Guardia Nacional y Fuerzas Armadas - Fer Abrajan<\/title>\n<meta name=\"description\" content=\"El gobernador de Puebla, Alejandro Armenta, asegur\u00f3 que su administraci\u00f3n se alinea con la estrategia de seguridad de la presidenta de M\u00e9xico, Claudia Sheinbaum.\" \/>\n<meta name=\"robots\" content=\"index, follow, max-snippet:-1, max-image-preview:large, max-video-preview:-1\" \/>\n<link rel=\"canonical\" href=\"https:\/\/ferabrajan.com\/portal\/2025\/06\/30\/puebla-refrenda-seguridad-con-apoyo-de-la-guardia-nacional-y-fuerzas-armadas\/\" \/>\n<meta property=\"og:locale\" content=\"es_ES\" \/>\n<meta property=\"og:type\" content=\"article\" \/>\n<meta property=\"og:title\" content=\"Puebla refrenda seguridad con apoyo de la Guardia Nacional y Fuerzas Armadas - Fer Abrajan\" \/>\n<meta property=\"og:description\" content=\"El gobernador de Puebla, Alejandro Armenta, asegur\u00f3 que su administraci\u00f3n se alinea con la estrategia de seguridad de la presidenta de M\u00e9xico, Claudia Sheinbaum.\" \/>\n<meta property=\"og:url\" content=\"https:\/\/ferabrajan.com\/portal\/2025\/06\/30\/puebla-refrenda-seguridad-con-apoyo-de-la-guardia-nacional-y-fuerzas-armadas\/\" \/>\n<meta property=\"og:site_name\" content=\"Fer Abrajan\" \/>\n<meta property=\"article:publisher\" content=\"https:\/\/www.facebook.com\/NoticiasconFerAbrajan\/\" \/>\n<meta property=\"article:published_time\" content=\"2025-06-30T13:26:02+00:00\" \/>\n<meta property=\"article:modified_time\" content=\"2025-06-30T13:26:22+00:00\" \/>\n<meta property=\"og:image\" content=\"https:\/\/ferabrajan.com\/portal\/wp-content\/uploads\/2025\/06\/PueSeguraMarinaGN_04-scaled.jpeg\" \/>\n\t<meta property=\"og:image:width\" content=\"2048\" \/>\n\t<meta property=\"og:image:height\" content=\"1505\" \/>\n\t<meta property=\"og:image:type\" content=\"image\/jpeg\" \/>\n<meta name=\"author\" content=\"Rebeca N\u00fa\u00f1ez\" \/>\n<meta name=\"twitter:card\" content=\"summary_large_image\" \/>\n<meta name=\"twitter:creator\" content=\"@ferabrajan1\" \/>\n<meta name=\"twitter:site\" content=\"@ferabrajan1\" \/>\n<meta name=\"twitter:label1\" content=\"Escrito por\" \/>\n\t<meta name=\"twitter:data1\" content=\"Rebeca N\u00fa\u00f1ez\" \/>\n\t<meta name=\"twitter:label2\" content=\"Tiempo de lectura\" \/>\n\t<meta name=\"twitter:data2\" content=\"1 minuto\" \/>\n<script type=\"application\/ld+json\" class=\"yoast-schema-graph\">{\"@context\":\"https:\\\/\\\/schema.org\",\"@graph\":[{\"@type\":\"Article\",\"@id\":\"https:\\\/\\\/ferabrajan.com\\\/portal\\\/2025\\\/06\\\/30\\\/puebla-refrenda-seguridad-con-apoyo-de-la-guardia-nacional-y-fuerzas-armadas\\\/#article\",\"isPartOf\":{\"@id\":\"https:\\\/\\\/ferabrajan.com\\\/portal\\\/2025\\\/06\\\/30\\\/puebla-refrenda-seguridad-con-apoyo-de-la-guardia-nacional-y-fuerzas-armadas\\\/\"},\"author\":{\"name\":\"Rebeca N\u00fa\u00f1ez\",\"@id\":\"https:\\\/\\\/ferabrajan.com\\\/portal\\\/#\\\/schema\\\/person\\\/a79364e0091921e733584c4833bc7a50\"},\"headline\":\"Puebla refrenda seguridad con apoyo de la Guardia Nacional y Fuerzas Armadas\",\"datePublished\":\"2025-06-30T13:26:02+00:00\",\"dateModified\":\"2025-06-30T13:26:22+00:00\",\"mainEntityOfPage\":{\"@id\":\"https:\\\/\\\/ferabrajan.com\\\/portal\\\/2025\\\/06\\\/30\\\/puebla-refrenda-seguridad-con-apoyo-de-la-guardia-nacional-y-fuerzas-armadas\\\/\"},\"wordCount\":156,\"publisher\":{\"@id\":\"https:\\\/\\\/ferabrajan.com\\\/portal\\\/#organization\"},\"image\":{\"@id\":\"https:\\\/\\\/ferabrajan.com\\\/portal\\\/2025\\\/06\\\/30\\\/puebla-refrenda-seguridad-con-apoyo-de-la-guardia-nacional-y-fuerzas-armadas\\\/#primaryimage\"},\"thumbnailUrl\":\"https:\\\/\\\/ferabrajan.com\\\/portal\\\/wp-content\\\/uploads\\\/2025\\\/06\\\/PueSeguraMarinaGN_04-scaled.jpeg\",\"keywords\":[\"Alejandro Armenta\",\"Seguridad\"],\"articleSection\":[\"Principal\",\"Puebla\"],\"inLanguage\":\"es\"},{\"@type\":\"WebPage\",\"@id\":\"https:\\\/\\\/ferabrajan.com\\\/portal\\\/2025\\\/06\\\/30\\\/puebla-refrenda-seguridad-con-apoyo-de-la-guardia-nacional-y-fuerzas-armadas\\\/\",\"url\":\"https:\\\/\\\/ferabrajan.com\\\/portal\\\/2025\\\/06\\\/30\\\/puebla-refrenda-seguridad-con-apoyo-de-la-guardia-nacional-y-fuerzas-armadas\\\/\",\"name\":\"Puebla refrenda seguridad con apoyo de la Guardia Nacional y Fuerzas Armadas - Fer Abrajan\",\"isPartOf\":{\"@id\":\"https:\\\/\\\/ferabrajan.com\\\/portal\\\/#website\"},\"primaryImageOfPage\":{\"@id\":\"https:\\\/\\\/ferabrajan.com\\\/portal\\\/2025\\\/06\\\/30\\\/puebla-refrenda-seguridad-con-apoyo-de-la-guardia-nacional-y-fuerzas-armadas\\\/#primaryimage\"},\"image\":{\"@id\":\"https:\\\/\\\/ferabrajan.com\\\/portal\\\/2025\\\/06\\\/30\\\/puebla-refrenda-seguridad-con-apoyo-de-la-guardia-nacional-y-fuerzas-armadas\\\/#primaryimage\"},\"thumbnailUrl\":\"https:\\\/\\\/ferabrajan.com\\\/portal\\\/wp-content\\\/uploads\\\/2025\\\/06\\\/PueSeguraMarinaGN_04-scaled.jpeg\",\"datePublished\":\"2025-06-30T13:26:02+00:00\",\"dateModified\":\"2025-06-30T13:26:22+00:00\",\"description\":\"El gobernador de Puebla, Alejandro Armenta, asegur\u00f3 que su administraci\u00f3n se alinea con la estrategia de seguridad de la presidenta de M\u00e9xico, Claudia Sheinbaum.\",\"breadcrumb\":{\"@id\":\"https:\\\/\\\/ferabrajan.com\\\/portal\\\/2025\\\/06\\\/30\\\/puebla-refrenda-seguridad-con-apoyo-de-la-guardia-nacional-y-fuerzas-armadas\\\/#breadcrumb\"},\"inLanguage\":\"es\",\"potentialAction\":[{\"@type\":\"ReadAction\",\"target\":[\"https:\\\/\\\/ferabrajan.com\\\/portal\\\/2025\\\/06\\\/30\\\/puebla-refrenda-seguridad-con-apoyo-de-la-guardia-nacional-y-fuerzas-armadas\\\/\"]}]},{\"@type\":\"ImageObject\",\"inLanguage\":\"es\",\"@id\":\"https:\\\/\\\/ferabrajan.com\\\/portal\\\/2025\\\/06\\\/30\\\/puebla-refrenda-seguridad-con-apoyo-de-la-guardia-nacional-y-fuerzas-armadas\\\/#primaryimage\",\"url\":\"https:\\\/\\\/ferabrajan.com\\\/portal\\\/wp-content\\\/uploads\\\/2025\\\/06\\\/PueSeguraMarinaGN_04-scaled.jpeg\",\"contentUrl\":\"https:\\\/\\\/ferabrajan.com\\\/portal\\\/wp-content\\\/uploads\\\/2025\\\/06\\\/PueSeguraMarinaGN_04-scaled.jpeg\",\"width\":2048,\"height\":1505},{\"@type\":\"BreadcrumbList\",\"@id\":\"https:\\\/\\\/ferabrajan.com\\\/portal\\\/2025\\\/06\\\/30\\\/puebla-refrenda-seguridad-con-apoyo-de-la-guardia-nacional-y-fuerzas-armadas\\\/#breadcrumb\",\"itemListElement\":[{\"@type\":\"ListItem\",\"position\":1,\"name\":\"Portada\",\"item\":\"https:\\\/\\\/ferabrajan.com\\\/portal\\\/\"},{\"@type\":\"ListItem\",\"position\":2,\"name\":\"Puebla refrenda seguridad con apoyo de la Guardia Nacional y Fuerzas Armadas\"}]},{\"@type\":\"WebSite\",\"@id\":\"https:\\\/\\\/ferabrajan.com\\\/portal\\\/#website\",\"url\":\"https:\\\/\\\/ferabrajan.com\\\/portal\\\/\",\"name\":\"Fer Abrajan\",\"description\":\"Noticias de Puebla, opini\u00f3n y radio en vivo\",\"publisher\":{\"@id\":\"https:\\\/\\\/ferabrajan.com\\\/portal\\\/#organization\"},\"potentialAction\":[{\"@type\":\"SearchAction\",\"target\":{\"@type\":\"EntryPoint\",\"urlTemplate\":\"https:\\\/\\\/ferabrajan.com\\\/portal\\\/?s={search_term_string}\"},\"query-input\":{\"@type\":\"PropertyValueSpecification\",\"valueRequired\":true,\"valueName\":\"search_term_string\"}}],\"inLanguage\":\"es\"},{\"@type\":\"Organization\",\"@id\":\"https:\\\/\\\/ferabrajan.com\\\/portal\\\/#organization\",\"name\":\"Fer Abrajan\",\"url\":\"https:\\\/\\\/ferabrajan.com\\\/portal\\\/\",\"logo\":{\"@type\":\"ImageObject\",\"inLanguage\":\"es\",\"@id\":\"https:\\\/\\\/ferabrajan.com\\\/portal\\\/#\\\/schema\\\/logo\\\/image\\\/\",\"url\":\"https:\\\/\\\/ferabrajan.com\\\/portal\\\/wp-content\\\/uploads\\\/2024\\\/10\\\/cropped-logo.jpeg\",\"contentUrl\":\"https:\\\/\\\/ferabrajan.com\\\/portal\\\/wp-content\\\/uploads\\\/2024\\\/10\\\/cropped-logo.jpeg\",\"width\":500,\"height\":250,\"caption\":\"Fer Abrajan\"},\"image\":{\"@id\":\"https:\\\/\\\/ferabrajan.com\\\/portal\\\/#\\\/schema\\\/logo\\\/image\\\/\"},\"sameAs\":[\"https:\\\/\\\/www.facebook.com\\\/NoticiasconFerAbrajan\\\/\",\"https:\\\/\\\/x.com\\\/ferabrajan1\"]},{\"@type\":\"Person\",\"@id\":\"https:\\\/\\\/ferabrajan.com\\\/portal\\\/#\\\/schema\\\/person\\\/a79364e0091921e733584c4833bc7a50\",\"name\":\"Rebeca N\u00fa\u00f1ez\",\"image\":{\"@type\":\"ImageObject\",\"inLanguage\":\"es\",\"@id\":\"https:\\\/\\\/secure.gravatar.com\\\/avatar\\\/c9cbf721287e849268cd37eca93cf4be51b2eed9e71c8d0c6825bd912000b74e?s=96&d=mm&r=g\",\"url\":\"https:\\\/\\\/secure.gravatar.com\\\/avatar\\\/c9cbf721287e849268cd37eca93cf4be51b2eed9e71c8d0c6825bd912000b74e?s=96&d=mm&r=g\",\"contentUrl\":\"https:\\\/\\\/secure.gravatar.com\\\/avatar\\\/c9cbf721287e849268cd37eca93cf4be51b2eed9e71c8d0c6825bd912000b74e?s=96&d=mm&r=g\",\"caption\":\"Rebeca N\u00fa\u00f1ez\"},\"url\":\"https:\\\/\\\/ferabrajan.com\\\/portal\\\/author\\\/rebeca\\\/\"}]}<\/script>\n<!-- \/ Yoast SEO plugin. -->","yoast_head_json":{"title":"Puebla refrenda seguridad con apoyo de la Guardia Nacional y Fuerzas Armadas - Fer Abrajan","description":"El gobernador de Puebla, Alejandro Armenta, asegur\u00f3 que su administraci\u00f3n se alinea con la estrategia de seguridad de la presidenta de M\u00e9xico, Claudia Sheinbaum.","robots":{"index":"index","follow":"follow","max-snippet":"max-snippet:-1","max-image-preview":"max-image-preview:large","max-video-preview":"max-video-preview:-1"},"canonical":"https:\/\/ferabrajan.com\/portal\/2025\/06\/30\/puebla-refrenda-seguridad-con-apoyo-de-la-guardia-nacional-y-fuerzas-armadas\/","og_locale":"es_ES","og_type":"article","og_title":"Puebla refrenda seguridad con apoyo de la Guardia Nacional y Fuerzas Armadas - Fer Abrajan","og_description":"El gobernador de Puebla, Alejandro Armenta, asegur\u00f3 que su administraci\u00f3n se alinea con la estrategia de seguridad de la presidenta de M\u00e9xico, Claudia Sheinbaum.","og_url":"https:\/\/ferabrajan.com\/portal\/2025\/06\/30\/puebla-refrenda-seguridad-con-apoyo-de-la-guardia-nacional-y-fuerzas-armadas\/","og_site_name":"Fer Abrajan","article_publisher":"https:\/\/www.facebook.com\/NoticiasconFerAbrajan\/","article_published_time":"2025-06-30T13:26:02+00:00","article_modified_time":"2025-06-30T13:26:22+00:00","og_image":[{"width":2048,"height":1505,"url":"https:\/\/ferabrajan.com\/portal\/wp-content\/uploads\/2025\/06\/PueSeguraMarinaGN_04-scaled.jpeg","type":"image\/jpeg"}],"author":"Rebeca N\u00fa\u00f1ez","twitter_card":"summary_large_image","twitter_creator":"@ferabrajan1","twitter_site":"@ferabrajan1","twitter_misc":{"Escrito por":"Rebeca N\u00fa\u00f1ez","Tiempo de lectura":"1 minuto"},"schema":{"@context":"https:\/\/schema.org","@graph":[{"@type":"Article","@id":"https:\/\/ferabrajan.com\/portal\/2025\/06\/30\/puebla-refrenda-seguridad-con-apoyo-de-la-guardia-nacional-y-fuerzas-armadas\/#article","isPartOf":{"@id":"https:\/\/ferabrajan.com\/portal\/2025\/06\/30\/puebla-refrenda-seguridad-con-apoyo-de-la-guardia-nacional-y-fuerzas-armadas\/"},"author":{"name":"Rebeca N\u00fa\u00f1ez","@id":"https:\/\/ferabrajan.com\/portal\/#\/schema\/person\/a79364e0091921e733584c4833bc7a50"},"headline":"Puebla refrenda seguridad con apoyo de la Guardia Nacional y Fuerzas Armadas","datePublished":"2025-06-30T13:26:02+00:00","dateModified":"2025-06-30T13:26:22+00:00","mainEntityOfPage":{"@id":"https:\/\/ferabrajan.com\/portal\/2025\/06\/30\/puebla-refrenda-seguridad-con-apoyo-de-la-guardia-nacional-y-fuerzas-armadas\/"},"wordCount":156,"publisher":{"@id":"https:\/\/ferabrajan.com\/portal\/#organization"},"image":{"@id":"https:\/\/ferabrajan.com\/portal\/2025\/06\/30\/puebla-refrenda-seguridad-con-apoyo-de-la-guardia-nacional-y-fuerzas-armadas\/#primaryimage"},"thumbnailUrl":"https:\/\/ferabrajan.com\/portal\/wp-content\/uploads\/2025\/06\/PueSeguraMarinaGN_04-scaled.jpeg","keywords":["Alejandro Armenta","Seguridad"],"articleSection":["Principal","Puebla"],"inLanguage":"es"},{"@type":"WebPage","@id":"https:\/\/ferabrajan.com\/portal\/2025\/06\/30\/puebla-refrenda-seguridad-con-apoyo-de-la-guardia-nacional-y-fuerzas-armadas\/","url":"https:\/\/ferabrajan.com\/portal\/2025\/06\/30\/puebla-refrenda-seguridad-con-apoyo-de-la-guardia-nacional-y-fuerzas-armadas\/","name":"Puebla refrenda seguridad con apoyo de la Guardia Nacional y Fuerzas Armadas - Fer Abrajan","isPartOf":{"@id":"https:\/\/ferabrajan.com\/portal\/#website"},"primaryImageOfPage":{"@id":"https:\/\/ferabrajan.com\/portal\/2025\/06\/30\/puebla-refrenda-seguridad-con-apoyo-de-la-guardia-nacional-y-fuerzas-armadas\/#primaryimage"},"image":{"@id":"https:\/\/ferabrajan.com\/portal\/2025\/06\/30\/puebla-refrenda-seguridad-con-apoyo-de-la-guardia-nacional-y-fuerzas-armadas\/#primaryimage"},"thumbnailUrl":"https:\/\/ferabrajan.com\/portal\/wp-content\/uploads\/2025\/06\/PueSeguraMarinaGN_04-scaled.jpeg","datePublished":"2025-06-30T13:26:02+00:00","dateModified":"2025-06-30T13:26:22+00:00","description":"El gobernador de Puebla, Alejandro Armenta, asegur\u00f3 que su administraci\u00f3n se alinea con la estrategia de seguridad de la presidenta de M\u00e9xico, Claudia Sheinbaum.","breadcrumb":{"@id":"https:\/\/ferabrajan.com\/portal\/2025\/06\/30\/puebla-refrenda-seguridad-con-apoyo-de-la-guardia-nacional-y-fuerzas-armadas\/#breadcrumb"},"inLanguage":"es","potentialAction":[{"@type":"ReadAction","target":["https:\/\/ferabrajan.com\/portal\/2025\/06\/30\/puebla-refrenda-seguridad-con-apoyo-de-la-guardia-nacional-y-fuerzas-armadas\/"]}]},{"@type":"ImageObject","inLanguage":"es","@id":"https:\/\/ferabrajan.com\/portal\/2025\/06\/30\/puebla-refrenda-seguridad-con-apoyo-de-la-guardia-nacional-y-fuerzas-armadas\/#primaryimage","url":"https:\/\/ferabrajan.com\/portal\/wp-content\/uploads\/2025\/06\/PueSeguraMarinaGN_04-scaled.jpeg","contentUrl":"https:\/\/ferabrajan.com\/portal\/wp-content\/uploads\/2025\/06\/PueSeguraMarinaGN_04-scaled.jpeg","width":2048,"height":1505},{"@type":"BreadcrumbList","@id":"https:\/\/ferabrajan.com\/portal\/2025\/06\/30\/puebla-refrenda-seguridad-con-apoyo-de-la-guardia-nacional-y-fuerzas-armadas\/#breadcrumb","itemListElement":[{"@type":"ListItem","position":1,"name":"Portada","item":"https:\/\/ferabrajan.com\/portal\/"},{"@type":"ListItem","position":2,"name":"Puebla refrenda seguridad con apoyo de la Guardia Nacional y Fuerzas Armadas"}]},{"@type":"WebSite","@id":"https:\/\/ferabrajan.com\/portal\/#website","url":"https:\/\/ferabrajan.com\/portal\/","name":"Fer Abrajan","description":"Noticias de Puebla, opini\u00f3n y radio en vivo","publisher":{"@id":"https:\/\/ferabrajan.com\/portal\/#organization"},"potentialAction":[{"@type":"SearchAction","target":{"@type":"EntryPoint","urlTemplate":"https:\/\/ferabrajan.com\/portal\/?s={search_term_string}"},"query-input":{"@type":"PropertyValueSpecification","valueRequired":true,"valueName":"search_term_string"}}],"inLanguage":"es"},{"@type":"Organization","@id":"https:\/\/ferabrajan.com\/portal\/#organization","name":"Fer Abrajan","url":"https:\/\/ferabrajan.com\/portal\/","logo":{"@type":"ImageObject","inLanguage":"es","@id":"https:\/\/ferabrajan.com\/portal\/#\/schema\/logo\/image\/","url":"https:\/\/ferabrajan.com\/portal\/wp-content\/uploads\/2024\/10\/cropped-logo.jpeg","contentUrl":"https:\/\/ferabrajan.com\/portal\/wp-content\/uploads\/2024\/10\/cropped-logo.jpeg","width":500,"height":250,"caption":"Fer Abrajan"},"image":{"@id":"https:\/\/ferabrajan.com\/portal\/#\/schema\/logo\/image\/"},"sameAs":["https:\/\/www.facebook.com\/NoticiasconFerAbrajan\/","https:\/\/x.com\/ferabrajan1"]},{"@type":"Person","@id":"https:\/\/ferabrajan.com\/portal\/#\/schema\/person\/a79364e0091921e733584c4833bc7a50","name":"Rebeca N\u00fa\u00f1ez","image":{"@type":"ImageObject","inLanguage":"es","@id":"https:\/\/secure.gravatar.com\/avatar\/c9cbf721287e849268cd37eca93cf4be51b2eed9e71c8d0c6825bd912000b74e?s=96&d=mm&r=g","url":"https:\/\/secure.gravatar.com\/avatar\/c9cbf721287e849268cd37eca93cf4be51b2eed9e71c8d0c6825bd912000b74e?s=96&d=mm&r=g","contentUrl":"https:\/\/secure.gravatar.com\/avatar\/c9cbf721287e849268cd37eca93cf4be51b2eed9e71c8d0c6825bd912000b74e?s=96&d=mm&r=g","caption":"Rebeca N\u00fa\u00f1ez"},"url":"https:\/\/ferabrajan.com\/portal\/author\/rebeca\/"}]}},"_links":{"self":[{"href":"https:\/\/ferabrajan.com\/portal\/wp-json\/wp\/v2\/posts\/72795","targetHints":{"allow":["GET"]}}],"collection":[{"href":"https:\/\/ferabrajan.com\/portal\/wp-json\/wp\/v2\/posts"}],"about":[{"href":"https:\/\/ferabrajan.com\/portal\/wp-json\/wp\/v2\/types\/post"}],"author":[{"embeddable":true,"href":"https:\/\/ferabrajan.com\/portal\/wp-json\/wp\/v2\/users\/3"}],"replies":[{"embeddable":true,"href":"https:\/\/ferabrajan.com\/portal\/wp-json\/wp\/v2\/comments?post=72795"}],"version-history":[{"count":0,"href":"https:\/\/ferabrajan.com\/portal\/wp-json\/wp\/v2\/posts\/72795\/revisions"}],"wp:featuredmedia":[{"embeddable":true,"href":"https:\/\/ferabrajan.com\/portal\/wp-json\/wp\/v2\/media\/72796"}],"wp:attachment":[{"href":"https:\/\/ferabrajan.com\/portal\/wp-json\/wp\/v2\/media?parent=72795"}],"wp:term":[{"taxonomy":"category","embeddable":true,"href":"https:\/\/ferabrajan.com\/portal\/wp-json\/wp\/v2\/categories?post=72795"},{"taxonomy":"post_tag","embeddable":true,"href":"https:\/\/ferabrajan.com\/portal\/wp-json\/wp\/v2\/tags?post=72795"}],"curies":[{"name":"wp","href":"https:\/\/api.w.org\/{rel}","templated":true}]}}