{"id":69755,"date":"2025-03-13T14:31:14","date_gmt":"2025-03-13T14:31:14","guid":{"rendered":"https:\/\/ferabrajan.com\/portal\/?p=69755"},"modified":"2025-03-13T14:31:23","modified_gmt":"2025-03-13T14:31:23","slug":"puebla-establece-acciones-para-la-prevencion-del-embarazo-adolescente","status":"publish","type":"post","link":"https:\/\/ferabrajan.com\/portal\/2025\/03\/13\/puebla-establece-acciones-para-la-prevencion-del-embarazo-adolescente\/","title":{"rendered":"Puebla establece acciones para la prevenci\u00f3n del embarazo adolescente"},"content":{"rendered":"\n<p class=\"wp-block-paragraph\"><strong>CIUDAD DE PUEBLA, Pue.<\/strong>&#8211; La Secretar\u00eda de las Mujeres, en coordinaci\u00f3n con la Secretar\u00eda de Gobernaci\u00f3n, llev\u00f3 a cabo la Primera Sesi\u00f3n Ordinaria del Grupo Estatal para la Prevenci\u00f3n del Embarazo Adolescente (GEPEA), a fin de dar cumplimiento a la Estrategia Nacional para la Prevenci\u00f3n del Embarazo en Adolescentes (ENAPEA).<\/p>\n\n\n\n<p class=\"wp-block-paragraph\">Durante la reuni\u00f3n, se presentaron datos estad\u00edsticos respecto a la situaci\u00f3n actual del embarazo adolescente en la entidad y se definieron estrategias para fortalecer la educaci\u00f3n integral en sexualidad. Se destac\u00f3 la importancia de brindar a ni\u00f1as, ni\u00f1os y adolescentes informaci\u00f3n clara y accesible sobre salud sexual y reproductiva, as\u00ed como promover relaciones interpersonales basadas en el respeto y la equidad de g\u00e9nero.<\/p>\n\n\n\n<p class=\"wp-block-paragraph\">Asimismo, se acord\u00f3 reforzar las acciones de promoci\u00f3n y acceso a servicios de salud especializados, con un enfoque preventivo que garantice la toma de decisiones informadas y responsables.<\/p>\n\n\n\n<p class=\"wp-block-paragraph\">Esta sesi\u00f3n cont\u00f3 con la participaci\u00f3n de representantes de las secretar\u00edas de Mujeres, Educaci\u00f3n, Salud, Deporte y Juventud, Bienestar y Trabajo. Tambi\u00e9n asisti\u00f3 personal del Sistema Estatal para el Desarrollo de la Familia (SEDIF), Fiscal\u00eda General del Estado, IMSS, ISSSTE, ISSSTEP, Instituto Poblano de los Pueblos Ind\u00edgenas, Instituto Estatal de Educaci\u00f3n para Adultos, Sistema de Protecci\u00f3n Integral a Ni\u00f1as, Ni\u00f1os y Adolescentes, Redefine, IMSS- Bienestar, Procuradur\u00eda de Protecci\u00f3n de los Derechos de Ni\u00f1as, Ni\u00f1os y Adolescentes, as\u00ed como del municipio Puebla, j\u00f3venes y la Comisi\u00f3n Estatal de Derechos Humanos (CEDH).<\/p>\n","protected":false},"excerpt":{"rendered":"<p>Se destac\u00f3 la importancia de brindar a ni\u00f1as, ni\u00f1os y adolescentes informaci\u00f3n clara y accesible sobre salud sexual y reproductiva<\/p>\n","protected":false},"author":4,"featured_media":69756,"comment_status":"closed","ping_status":"closed","sticky":false,"template":"","format":"standard","meta":{"_monsterinsights_skip_tracking":false,"_uf_show_specific_survey":0,"_uf_disable_surveys":false,"footnotes":""},"categories":[585,34],"tags":[2401,1334],"class_list":["post-69755","post","type-post","status-publish","format-standard","has-post-thumbnail","hentry","category-principal","category-puebla","tag-embarazo-adolescente","tag-secretaria-de-gobernacion"],"yoast_head":"<!-- This site is optimized with the Yoast SEO plugin v27.5 - https:\/\/yoast.com\/product\/yoast-seo-wordpress\/ -->\n<title>Puebla establece acciones para la prevenci\u00f3n del embarazo adolescente - Fer Abrajan<\/title>\n<meta name=\"description\" content=\"Se destac\u00f3 la importancia de brindar a ni\u00f1as, ni\u00f1os y adolescentes informaci\u00f3n clara y accesible sobre salud sexual y reproductiva\" \/>\n<meta name=\"robots\" content=\"index, follow, max-snippet:-1, max-image-preview:large, max-video-preview:-1\" \/>\n<link rel=\"canonical\" href=\"https:\/\/ferabrajan.com\/portal\/2025\/03\/13\/puebla-establece-acciones-para-la-prevencion-del-embarazo-adolescente\/\" \/>\n<meta property=\"og:locale\" content=\"es_ES\" \/>\n<meta property=\"og:type\" content=\"article\" \/>\n<meta property=\"og:title\" content=\"Puebla establece acciones para la prevenci\u00f3n del embarazo adolescente - Fer Abrajan\" \/>\n<meta property=\"og:description\" content=\"Se destac\u00f3 la importancia de brindar a ni\u00f1as, ni\u00f1os y adolescentes informaci\u00f3n clara y accesible sobre salud sexual y reproductiva\" \/>\n<meta property=\"og:url\" content=\"https:\/\/ferabrajan.com\/portal\/2025\/03\/13\/puebla-establece-acciones-para-la-prevencion-del-embarazo-adolescente\/\" \/>\n<meta property=\"og:site_name\" content=\"Fer Abrajan\" \/>\n<meta property=\"article:publisher\" content=\"https:\/\/www.facebook.com\/NoticiasconFerAbrajan\/\" \/>\n<meta property=\"article:published_time\" content=\"2025-03-13T14:31:14+00:00\" \/>\n<meta property=\"article:modified_time\" content=\"2025-03-13T14:31:23+00:00\" \/>\n<meta property=\"og:image\" content=\"https:\/\/ferabrajan.com\/portal\/wp-content\/uploads\/2025\/03\/WhatsApp_Image_2025-03-12_at_6.10.37_PM_2.jpeg\" \/>\n\t<meta property=\"og:image:width\" content=\"907\" \/>\n\t<meta property=\"og:image:height\" content=\"512\" \/>\n\t<meta property=\"og:image:type\" content=\"image\/jpeg\" \/>\n<meta name=\"author\" content=\"Ismael Rojas\" \/>\n<meta name=\"twitter:card\" content=\"summary_large_image\" \/>\n<meta name=\"twitter:creator\" content=\"@ferabrajan1\" \/>\n<meta name=\"twitter:site\" content=\"@ferabrajan1\" \/>\n<meta name=\"twitter:label1\" content=\"Escrito por\" \/>\n\t<meta name=\"twitter:data1\" content=\"Ismael Rojas\" \/>\n\t<meta name=\"twitter:label2\" content=\"Tiempo de lectura\" \/>\n\t<meta name=\"twitter:data2\" content=\"2 minutos\" \/>\n<script type=\"application\/ld+json\" class=\"yoast-schema-graph\">{\"@context\":\"https:\\\/\\\/schema.org\",\"@graph\":[{\"@type\":\"Article\",\"@id\":\"https:\\\/\\\/ferabrajan.com\\\/portal\\\/2025\\\/03\\\/13\\\/puebla-establece-acciones-para-la-prevencion-del-embarazo-adolescente\\\/#article\",\"isPartOf\":{\"@id\":\"https:\\\/\\\/ferabrajan.com\\\/portal\\\/2025\\\/03\\\/13\\\/puebla-establece-acciones-para-la-prevencion-del-embarazo-adolescente\\\/\"},\"author\":{\"name\":\"Ismael Rojas\",\"@id\":\"https:\\\/\\\/ferabrajan.com\\\/portal\\\/#\\\/schema\\\/person\\\/83ed4fff5d7e4c8edf481fa39f71acb2\"},\"headline\":\"Puebla establece acciones para la prevenci\u00f3n del embarazo adolescente\",\"datePublished\":\"2025-03-13T14:31:14+00:00\",\"dateModified\":\"2025-03-13T14:31:23+00:00\",\"mainEntityOfPage\":{\"@id\":\"https:\\\/\\\/ferabrajan.com\\\/portal\\\/2025\\\/03\\\/13\\\/puebla-establece-acciones-para-la-prevencion-del-embarazo-adolescente\\\/\"},\"wordCount\":275,\"publisher\":{\"@id\":\"https:\\\/\\\/ferabrajan.com\\\/portal\\\/#organization\"},\"image\":{\"@id\":\"https:\\\/\\\/ferabrajan.com\\\/portal\\\/2025\\\/03\\\/13\\\/puebla-establece-acciones-para-la-prevencion-del-embarazo-adolescente\\\/#primaryimage\"},\"thumbnailUrl\":\"https:\\\/\\\/ferabrajan.com\\\/portal\\\/wp-content\\\/uploads\\\/2025\\\/03\\\/WhatsApp_Image_2025-03-12_at_6.10.37_PM_2.jpeg\",\"keywords\":[\"Embarazo Adolescente\",\"Secretar\u00eda de Gobernaci\u00f3n\"],\"articleSection\":[\"Principal\",\"Puebla\"],\"inLanguage\":\"es\"},{\"@type\":\"WebPage\",\"@id\":\"https:\\\/\\\/ferabrajan.com\\\/portal\\\/2025\\\/03\\\/13\\\/puebla-establece-acciones-para-la-prevencion-del-embarazo-adolescente\\\/\",\"url\":\"https:\\\/\\\/ferabrajan.com\\\/portal\\\/2025\\\/03\\\/13\\\/puebla-establece-acciones-para-la-prevencion-del-embarazo-adolescente\\\/\",\"name\":\"Puebla establece acciones para la prevenci\u00f3n del embarazo adolescente - Fer Abrajan\",\"isPartOf\":{\"@id\":\"https:\\\/\\\/ferabrajan.com\\\/portal\\\/#website\"},\"primaryImageOfPage\":{\"@id\":\"https:\\\/\\\/ferabrajan.com\\\/portal\\\/2025\\\/03\\\/13\\\/puebla-establece-acciones-para-la-prevencion-del-embarazo-adolescente\\\/#primaryimage\"},\"image\":{\"@id\":\"https:\\\/\\\/ferabrajan.com\\\/portal\\\/2025\\\/03\\\/13\\\/puebla-establece-acciones-para-la-prevencion-del-embarazo-adolescente\\\/#primaryimage\"},\"thumbnailUrl\":\"https:\\\/\\\/ferabrajan.com\\\/portal\\\/wp-content\\\/uploads\\\/2025\\\/03\\\/WhatsApp_Image_2025-03-12_at_6.10.37_PM_2.jpeg\",\"datePublished\":\"2025-03-13T14:31:14+00:00\",\"dateModified\":\"2025-03-13T14:31:23+00:00\",\"description\":\"Se destac\u00f3 la importancia de brindar a ni\u00f1as, ni\u00f1os y adolescentes informaci\u00f3n clara y accesible sobre salud sexual y reproductiva\",\"breadcrumb\":{\"@id\":\"https:\\\/\\\/ferabrajan.com\\\/portal\\\/2025\\\/03\\\/13\\\/puebla-establece-acciones-para-la-prevencion-del-embarazo-adolescente\\\/#breadcrumb\"},\"inLanguage\":\"es\",\"potentialAction\":[{\"@type\":\"ReadAction\",\"target\":[\"https:\\\/\\\/ferabrajan.com\\\/portal\\\/2025\\\/03\\\/13\\\/puebla-establece-acciones-para-la-prevencion-del-embarazo-adolescente\\\/\"]}]},{\"@type\":\"ImageObject\",\"inLanguage\":\"es\",\"@id\":\"https:\\\/\\\/ferabrajan.com\\\/portal\\\/2025\\\/03\\\/13\\\/puebla-establece-acciones-para-la-prevencion-del-embarazo-adolescente\\\/#primaryimage\",\"url\":\"https:\\\/\\\/ferabrajan.com\\\/portal\\\/wp-content\\\/uploads\\\/2025\\\/03\\\/WhatsApp_Image_2025-03-12_at_6.10.37_PM_2.jpeg\",\"contentUrl\":\"https:\\\/\\\/ferabrajan.com\\\/portal\\\/wp-content\\\/uploads\\\/2025\\\/03\\\/WhatsApp_Image_2025-03-12_at_6.10.37_PM_2.jpeg\",\"width\":907,\"height\":512},{\"@type\":\"BreadcrumbList\",\"@id\":\"https:\\\/\\\/ferabrajan.com\\\/portal\\\/2025\\\/03\\\/13\\\/puebla-establece-acciones-para-la-prevencion-del-embarazo-adolescente\\\/#breadcrumb\",\"itemListElement\":[{\"@type\":\"ListItem\",\"position\":1,\"name\":\"Portada\",\"item\":\"https:\\\/\\\/ferabrajan.com\\\/portal\\\/\"},{\"@type\":\"ListItem\",\"position\":2,\"name\":\"Puebla establece acciones para la prevenci\u00f3n del embarazo adolescente\"}]},{\"@type\":\"WebSite\",\"@id\":\"https:\\\/\\\/ferabrajan.com\\\/portal\\\/#website\",\"url\":\"https:\\\/\\\/ferabrajan.com\\\/portal\\\/\",\"name\":\"Fer Abrajan\",\"description\":\"Noticias de Puebla, opini\u00f3n y radio en vivo\",\"publisher\":{\"@id\":\"https:\\\/\\\/ferabrajan.com\\\/portal\\\/#organization\"},\"potentialAction\":[{\"@type\":\"SearchAction\",\"target\":{\"@type\":\"EntryPoint\",\"urlTemplate\":\"https:\\\/\\\/ferabrajan.com\\\/portal\\\/?s={search_term_string}\"},\"query-input\":{\"@type\":\"PropertyValueSpecification\",\"valueRequired\":true,\"valueName\":\"search_term_string\"}}],\"inLanguage\":\"es\"},{\"@type\":\"Organization\",\"@id\":\"https:\\\/\\\/ferabrajan.com\\\/portal\\\/#organization\",\"name\":\"Fer Abrajan\",\"url\":\"https:\\\/\\\/ferabrajan.com\\\/portal\\\/\",\"logo\":{\"@type\":\"ImageObject\",\"inLanguage\":\"es\",\"@id\":\"https:\\\/\\\/ferabrajan.com\\\/portal\\\/#\\\/schema\\\/logo\\\/image\\\/\",\"url\":\"https:\\\/\\\/ferabrajan.com\\\/portal\\\/wp-content\\\/uploads\\\/2024\\\/10\\\/cropped-logo.jpeg\",\"contentUrl\":\"https:\\\/\\\/ferabrajan.com\\\/portal\\\/wp-content\\\/uploads\\\/2024\\\/10\\\/cropped-logo.jpeg\",\"width\":500,\"height\":250,\"caption\":\"Fer Abrajan\"},\"image\":{\"@id\":\"https:\\\/\\\/ferabrajan.com\\\/portal\\\/#\\\/schema\\\/logo\\\/image\\\/\"},\"sameAs\":[\"https:\\\/\\\/www.facebook.com\\\/NoticiasconFerAbrajan\\\/\",\"https:\\\/\\\/x.com\\\/ferabrajan1\"]},{\"@type\":\"Person\",\"@id\":\"https:\\\/\\\/ferabrajan.com\\\/portal\\\/#\\\/schema\\\/person\\\/83ed4fff5d7e4c8edf481fa39f71acb2\",\"name\":\"Ismael Rojas\",\"image\":{\"@type\":\"ImageObject\",\"inLanguage\":\"es\",\"@id\":\"https:\\\/\\\/secure.gravatar.com\\\/avatar\\\/e4a9cb58548fedeb6143fa536c79b44c34454539235177c55c5819d74963e9d6?s=96&d=mm&r=g\",\"url\":\"https:\\\/\\\/secure.gravatar.com\\\/avatar\\\/e4a9cb58548fedeb6143fa536c79b44c34454539235177c55c5819d74963e9d6?s=96&d=mm&r=g\",\"contentUrl\":\"https:\\\/\\\/secure.gravatar.com\\\/avatar\\\/e4a9cb58548fedeb6143fa536c79b44c34454539235177c55c5819d74963e9d6?s=96&d=mm&r=g\",\"caption\":\"Ismael Rojas\"},\"url\":\"https:\\\/\\\/ferabrajan.com\\\/portal\\\/author\\\/ismael\\\/\"}]}<\/script>\n<!-- \/ Yoast SEO plugin. -->","yoast_head_json":{"title":"Puebla establece acciones para la prevenci\u00f3n del embarazo adolescente - Fer Abrajan","description":"Se destac\u00f3 la importancia de brindar a ni\u00f1as, ni\u00f1os y adolescentes informaci\u00f3n clara y accesible sobre salud sexual y reproductiva","robots":{"index":"index","follow":"follow","max-snippet":"max-snippet:-1","max-image-preview":"max-image-preview:large","max-video-preview":"max-video-preview:-1"},"canonical":"https:\/\/ferabrajan.com\/portal\/2025\/03\/13\/puebla-establece-acciones-para-la-prevencion-del-embarazo-adolescente\/","og_locale":"es_ES","og_type":"article","og_title":"Puebla establece acciones para la prevenci\u00f3n del embarazo adolescente - Fer Abrajan","og_description":"Se destac\u00f3 la importancia de brindar a ni\u00f1as, ni\u00f1os y adolescentes informaci\u00f3n clara y accesible sobre salud sexual y reproductiva","og_url":"https:\/\/ferabrajan.com\/portal\/2025\/03\/13\/puebla-establece-acciones-para-la-prevencion-del-embarazo-adolescente\/","og_site_name":"Fer Abrajan","article_publisher":"https:\/\/www.facebook.com\/NoticiasconFerAbrajan\/","article_published_time":"2025-03-13T14:31:14+00:00","article_modified_time":"2025-03-13T14:31:23+00:00","og_image":[{"width":907,"height":512,"url":"https:\/\/ferabrajan.com\/portal\/wp-content\/uploads\/2025\/03\/WhatsApp_Image_2025-03-12_at_6.10.37_PM_2.jpeg","type":"image\/jpeg"}],"author":"Ismael Rojas","twitter_card":"summary_large_image","twitter_creator":"@ferabrajan1","twitter_site":"@ferabrajan1","twitter_misc":{"Escrito por":"Ismael Rojas","Tiempo de lectura":"2 minutos"},"schema":{"@context":"https:\/\/schema.org","@graph":[{"@type":"Article","@id":"https:\/\/ferabrajan.com\/portal\/2025\/03\/13\/puebla-establece-acciones-para-la-prevencion-del-embarazo-adolescente\/#article","isPartOf":{"@id":"https:\/\/ferabrajan.com\/portal\/2025\/03\/13\/puebla-establece-acciones-para-la-prevencion-del-embarazo-adolescente\/"},"author":{"name":"Ismael Rojas","@id":"https:\/\/ferabrajan.com\/portal\/#\/schema\/person\/83ed4fff5d7e4c8edf481fa39f71acb2"},"headline":"Puebla establece acciones para la prevenci\u00f3n del embarazo adolescente","datePublished":"2025-03-13T14:31:14+00:00","dateModified":"2025-03-13T14:31:23+00:00","mainEntityOfPage":{"@id":"https:\/\/ferabrajan.com\/portal\/2025\/03\/13\/puebla-establece-acciones-para-la-prevencion-del-embarazo-adolescente\/"},"wordCount":275,"publisher":{"@id":"https:\/\/ferabrajan.com\/portal\/#organization"},"image":{"@id":"https:\/\/ferabrajan.com\/portal\/2025\/03\/13\/puebla-establece-acciones-para-la-prevencion-del-embarazo-adolescente\/#primaryimage"},"thumbnailUrl":"https:\/\/ferabrajan.com\/portal\/wp-content\/uploads\/2025\/03\/WhatsApp_Image_2025-03-12_at_6.10.37_PM_2.jpeg","keywords":["Embarazo Adolescente","Secretar\u00eda de Gobernaci\u00f3n"],"articleSection":["Principal","Puebla"],"inLanguage":"es"},{"@type":"WebPage","@id":"https:\/\/ferabrajan.com\/portal\/2025\/03\/13\/puebla-establece-acciones-para-la-prevencion-del-embarazo-adolescente\/","url":"https:\/\/ferabrajan.com\/portal\/2025\/03\/13\/puebla-establece-acciones-para-la-prevencion-del-embarazo-adolescente\/","name":"Puebla establece acciones para la prevenci\u00f3n del embarazo adolescente - Fer Abrajan","isPartOf":{"@id":"https:\/\/ferabrajan.com\/portal\/#website"},"primaryImageOfPage":{"@id":"https:\/\/ferabrajan.com\/portal\/2025\/03\/13\/puebla-establece-acciones-para-la-prevencion-del-embarazo-adolescente\/#primaryimage"},"image":{"@id":"https:\/\/ferabrajan.com\/portal\/2025\/03\/13\/puebla-establece-acciones-para-la-prevencion-del-embarazo-adolescente\/#primaryimage"},"thumbnailUrl":"https:\/\/ferabrajan.com\/portal\/wp-content\/uploads\/2025\/03\/WhatsApp_Image_2025-03-12_at_6.10.37_PM_2.jpeg","datePublished":"2025-03-13T14:31:14+00:00","dateModified":"2025-03-13T14:31:23+00:00","description":"Se destac\u00f3 la importancia de brindar a ni\u00f1as, ni\u00f1os y adolescentes informaci\u00f3n clara y accesible sobre salud sexual y reproductiva","breadcrumb":{"@id":"https:\/\/ferabrajan.com\/portal\/2025\/03\/13\/puebla-establece-acciones-para-la-prevencion-del-embarazo-adolescente\/#breadcrumb"},"inLanguage":"es","potentialAction":[{"@type":"ReadAction","target":["https:\/\/ferabrajan.com\/portal\/2025\/03\/13\/puebla-establece-acciones-para-la-prevencion-del-embarazo-adolescente\/"]}]},{"@type":"ImageObject","inLanguage":"es","@id":"https:\/\/ferabrajan.com\/portal\/2025\/03\/13\/puebla-establece-acciones-para-la-prevencion-del-embarazo-adolescente\/#primaryimage","url":"https:\/\/ferabrajan.com\/portal\/wp-content\/uploads\/2025\/03\/WhatsApp_Image_2025-03-12_at_6.10.37_PM_2.jpeg","contentUrl":"https:\/\/ferabrajan.com\/portal\/wp-content\/uploads\/2025\/03\/WhatsApp_Image_2025-03-12_at_6.10.37_PM_2.jpeg","width":907,"height":512},{"@type":"BreadcrumbList","@id":"https:\/\/ferabrajan.com\/portal\/2025\/03\/13\/puebla-establece-acciones-para-la-prevencion-del-embarazo-adolescente\/#breadcrumb","itemListElement":[{"@type":"ListItem","position":1,"name":"Portada","item":"https:\/\/ferabrajan.com\/portal\/"},{"@type":"ListItem","position":2,"name":"Puebla establece acciones para la prevenci\u00f3n del embarazo adolescente"}]},{"@type":"WebSite","@id":"https:\/\/ferabrajan.com\/portal\/#website","url":"https:\/\/ferabrajan.com\/portal\/","name":"Fer Abrajan","description":"Noticias de Puebla, opini\u00f3n y radio en vivo","publisher":{"@id":"https:\/\/ferabrajan.com\/portal\/#organization"},"potentialAction":[{"@type":"SearchAction","target":{"@type":"EntryPoint","urlTemplate":"https:\/\/ferabrajan.com\/portal\/?s={search_term_string}"},"query-input":{"@type":"PropertyValueSpecification","valueRequired":true,"valueName":"search_term_string"}}],"inLanguage":"es"},{"@type":"Organization","@id":"https:\/\/ferabrajan.com\/portal\/#organization","name":"Fer Abrajan","url":"https:\/\/ferabrajan.com\/portal\/","logo":{"@type":"ImageObject","inLanguage":"es","@id":"https:\/\/ferabrajan.com\/portal\/#\/schema\/logo\/image\/","url":"https:\/\/ferabrajan.com\/portal\/wp-content\/uploads\/2024\/10\/cropped-logo.jpeg","contentUrl":"https:\/\/ferabrajan.com\/portal\/wp-content\/uploads\/2024\/10\/cropped-logo.jpeg","width":500,"height":250,"caption":"Fer Abrajan"},"image":{"@id":"https:\/\/ferabrajan.com\/portal\/#\/schema\/logo\/image\/"},"sameAs":["https:\/\/www.facebook.com\/NoticiasconFerAbrajan\/","https:\/\/x.com\/ferabrajan1"]},{"@type":"Person","@id":"https:\/\/ferabrajan.com\/portal\/#\/schema\/person\/83ed4fff5d7e4c8edf481fa39f71acb2","name":"Ismael Rojas","image":{"@type":"ImageObject","inLanguage":"es","@id":"https:\/\/secure.gravatar.com\/avatar\/e4a9cb58548fedeb6143fa536c79b44c34454539235177c55c5819d74963e9d6?s=96&d=mm&r=g","url":"https:\/\/secure.gravatar.com\/avatar\/e4a9cb58548fedeb6143fa536c79b44c34454539235177c55c5819d74963e9d6?s=96&d=mm&r=g","contentUrl":"https:\/\/secure.gravatar.com\/avatar\/e4a9cb58548fedeb6143fa536c79b44c34454539235177c55c5819d74963e9d6?s=96&d=mm&r=g","caption":"Ismael Rojas"},"url":"https:\/\/ferabrajan.com\/portal\/author\/ismael\/"}]}},"_links":{"self":[{"href":"https:\/\/ferabrajan.com\/portal\/wp-json\/wp\/v2\/posts\/69755","targetHints":{"allow":["GET"]}}],"collection":[{"href":"https:\/\/ferabrajan.com\/portal\/wp-json\/wp\/v2\/posts"}],"about":[{"href":"https:\/\/ferabrajan.com\/portal\/wp-json\/wp\/v2\/types\/post"}],"author":[{"embeddable":true,"href":"https:\/\/ferabrajan.com\/portal\/wp-json\/wp\/v2\/users\/4"}],"replies":[{"embeddable":true,"href":"https:\/\/ferabrajan.com\/portal\/wp-json\/wp\/v2\/comments?post=69755"}],"version-history":[{"count":0,"href":"https:\/\/ferabrajan.com\/portal\/wp-json\/wp\/v2\/posts\/69755\/revisions"}],"wp:featuredmedia":[{"embeddable":true,"href":"https:\/\/ferabrajan.com\/portal\/wp-json\/wp\/v2\/media\/69756"}],"wp:attachment":[{"href":"https:\/\/ferabrajan.com\/portal\/wp-json\/wp\/v2\/media?parent=69755"}],"wp:term":[{"taxonomy":"category","embeddable":true,"href":"https:\/\/ferabrajan.com\/portal\/wp-json\/wp\/v2\/categories?post=69755"},{"taxonomy":"post_tag","embeddable":true,"href":"https:\/\/ferabrajan.com\/portal\/wp-json\/wp\/v2\/tags?post=69755"}],"curies":[{"name":"wp","href":"https:\/\/api.w.org\/{rel}","templated":true}]}}