{"id":69748,"date":"2025-03-13T14:22:50","date_gmt":"2025-03-13T14:22:50","guid":{"rendered":"https:\/\/ferabrajan.com\/portal\/?p=69748"},"modified":"2025-03-13T14:23:00","modified_gmt":"2025-03-13T14:23:00","slug":"eu-congela-negociaciones-sobre-aranceles-con-canada-hasta-que-mark-carney-asuma-como-primer-ministro","status":"publish","type":"post","link":"https:\/\/ferabrajan.com\/portal\/2025\/03\/13\/eu-congela-negociaciones-sobre-aranceles-con-canada-hasta-que-mark-carney-asuma-como-primer-ministro\/","title":{"rendered":"EU congela negociaciones sobre aranceles con Canad\u00e1 hasta que Mark Carney asuma como primer ministro"},"content":{"rendered":"\n<p class=\"wp-block-paragraph\">El secretario de Comercio de Estados Unidos,&nbsp;<strong>Howard Lutnick<\/strong>, anunci\u00f3 este mi\u00e9rcoles que Washington no entablar\u00e1 negociaciones sobre aranceles con Canad\u00e1&nbsp;<strong>hasta que Mark Carney asuma oficialmente como primer ministro<\/strong>.&nbsp;<\/p>\n\n\n\n<p class=\"wp-block-paragraph\">En una entrevista con Fox Business,&nbsp;<strong>Lutnick explic\u00f3 que el gobierno de Donald Trump Biden esperar\u00e1 a tratar el tema con el nuevo liderazgo<\/strong>&nbsp;canadiense y que, por ahora,<strong>&nbsp;solo mantendr\u00e1 conversaciones preliminares con el gobernador de Ontario, Doug Ford<\/strong>, en un intento por reducir la tensi\u00f3n comercial entre ambos pa\u00edses.<\/p>\n\n\n\n<p class=\"wp-block-paragraph\">El encuentro entre&nbsp;<strong>Lutnick y Ford<\/strong>&nbsp;se produce en medio de un conflicto comercial creciente, luego de que el presidente Donald Trump amenazara con duplicar del 25 por ciento al 50 por ciento los aranceles al acero y aluminio canadienses.&nbsp;<\/p>\n\n\n\n<p class=\"wp-block-paragraph\">Esta advertencia surgi\u00f3 como respuesta a la decisi\u00f3n de\u00a0<strong>Ontario\u00a0<\/strong>de incrementar en un 25 por ciento el precio de la electricidad que exporta a Estados Unidos, una medida que gener\u00f3 reacciones inmediatas en Washington. Ante la presi\u00f3n, Ford anunci\u00f3 la suspensi\u00f3n temporal de la subida de tarifas el\u00e9ctricas y accedi\u00f3 a reunirse con Lutnick, lo que llev\u00f3 a la\u00a0Casa Blanca\u00a0a mantener por ahora los aranceles en el 25 por ciento.<\/p>\n\n\n\n<p class=\"wp-block-paragraph\">El panorama pol\u00edtico canadiense a\u00f1ade un nivel adicional de incertidumbre a las negociaciones. Mark Carney, elegido el 9 de marzo como nuevo l\u00edder del Partido Liberal, se espera que reemplace a Justin Trudeau en los pr\u00f3ximos d\u00edas.&nbsp;<\/p>\n\n\n\n<p class=\"wp-block-paragraph\">Sin embargo, Lutnick se\u00f1al\u00f3 que la d\u00e9bil posici\u00f3n parlamentaria del nuevo gobierno podr\u00eda precipitar elecciones anticipadas en las pr\u00f3ximas semanas, lo que retrasar\u00eda a\u00fan m\u00e1s las discusiones comerciales con Estados Unidos.<\/p>\n\n\n\n<p class=\"wp-block-paragraph\">Desde su regreso a la Casa Blanca el 20 de enero,&nbsp;<strong>Trump ha reforzado su pol\u00edtica de aranceles como herramienta para corregir lo que considera d\u00e9ficits comerciales injustos<\/strong>.&nbsp;<\/p>\n\n\n\n<p class=\"wp-block-paragraph\">Adem\u00e1s de su impacto econ\u00f3mico, estos grav\u00e1menes han sido utilizados como un mecanismo de presi\u00f3n&nbsp;<strong>contra M\u00e9xico, Canad\u00e1 y China<\/strong>, en un intento de frenar el flujo de fentanilo que cruza las fronteras estadounidenses.&nbsp;<\/p>\n\n\n\n<p class=\"wp-block-paragraph\">Con Informaci\u00f3n de: <a href=\"https:\/\/www.msn.com\/es-mx\/noticias\/mundo\/eu-congela-negociaciones-sobre-aranceles-con-canad%C3%A1-hasta-que-mark-carney-asuma-como-primer-ministro\/ar-AA1AMpfD?ocid=msedgntp&amp;pc=U531&amp;cvid=4d373ddeb54b4eecbdbe0f248f477423&amp;ei=46\">https:\/\/www.msn.com\/es-mx\/noticias\/mundo\/eu-congela-negociaciones-sobre-aranceles-con-canad%C3%A1-hasta-que-mark-carney-asuma-como-primer-ministro\/ar-AA1AMpfD?ocid=msedgntp&amp;pc=U531&amp;cvid=4d373ddeb54b4eecbdbe0f248f477423&amp;ei=46<\/a><\/p>\n","protected":false},"excerpt":{"rendered":"<p>El gobierno de Donald Trump Biden esperar\u00e1 a tratar el tema con el nuevo liderazgo canadiense<\/p>\n","protected":false},"author":1,"featured_media":69749,"comment_status":"closed","ping_status":"closed","sticky":false,"template":"","format":"standard","meta":{"_monsterinsights_skip_tracking":false,"_uf_show_specific_survey":0,"_uf_disable_surveys":false,"footnotes":""},"categories":[36],"tags":[1793],"class_list":["post-69748","post","type-post","status-publish","format-standard","has-post-thumbnail","hentry","category-el-mundo","tag-canada-2"],"yoast_head":"<!-- This site is optimized with the Yoast SEO plugin v27.5 - https:\/\/yoast.com\/product\/yoast-seo-wordpress\/ -->\n<title>EU congela negociaciones sobre aranceles con Canad\u00e1 hasta que Mark Carney asuma como primer ministro - Fer Abrajan<\/title>\n<meta name=\"description\" content=\"El gobierno de Donald Trump Biden esperar\u00e1 a tratar el tema con el nuevo liderazgo canadiense\" \/>\n<meta name=\"robots\" content=\"index, follow, max-snippet:-1, max-image-preview:large, max-video-preview:-1\" \/>\n<link rel=\"canonical\" href=\"https:\/\/ferabrajan.com\/portal\/2025\/03\/13\/eu-congela-negociaciones-sobre-aranceles-con-canada-hasta-que-mark-carney-asuma-como-primer-ministro\/\" \/>\n<meta property=\"og:locale\" content=\"es_ES\" \/>\n<meta property=\"og:type\" content=\"article\" \/>\n<meta property=\"og:title\" content=\"EU congela negociaciones sobre aranceles con Canad\u00e1 hasta que Mark Carney asuma como primer ministro - Fer Abrajan\" \/>\n<meta property=\"og:description\" content=\"El gobierno de Donald Trump Biden esperar\u00e1 a tratar el tema con el nuevo liderazgo canadiense\" \/>\n<meta property=\"og:url\" content=\"https:\/\/ferabrajan.com\/portal\/2025\/03\/13\/eu-congela-negociaciones-sobre-aranceles-con-canada-hasta-que-mark-carney-asuma-como-primer-ministro\/\" \/>\n<meta property=\"og:site_name\" content=\"Fer Abrajan\" \/>\n<meta property=\"article:publisher\" content=\"https:\/\/www.facebook.com\/NoticiasconFerAbrajan\/\" \/>\n<meta property=\"article:published_time\" content=\"2025-03-13T14:22:50+00:00\" \/>\n<meta property=\"article:modified_time\" content=\"2025-03-13T14:23:00+00:00\" \/>\n<meta property=\"og:image\" content=\"https:\/\/ferabrajan.com\/portal\/wp-content\/uploads\/2025\/03\/AA1AMqUy.jpg\" \/>\n\t<meta property=\"og:image:width\" content=\"612\" \/>\n\t<meta property=\"og:image:height\" content=\"304\" \/>\n\t<meta property=\"og:image:type\" content=\"image\/jpeg\" \/>\n<meta name=\"author\" content=\"admin\" \/>\n<meta name=\"twitter:card\" content=\"summary_large_image\" \/>\n<meta name=\"twitter:creator\" content=\"@ferabrajan1\" \/>\n<meta name=\"twitter:site\" content=\"@ferabrajan1\" \/>\n<meta name=\"twitter:label1\" content=\"Escrito por\" \/>\n\t<meta name=\"twitter:data1\" content=\"admin\" \/>\n\t<meta name=\"twitter:label2\" content=\"Tiempo de lectura\" \/>\n\t<meta name=\"twitter:data2\" content=\"2 minutos\" \/>\n<script type=\"application\/ld+json\" class=\"yoast-schema-graph\">{\"@context\":\"https:\\\/\\\/schema.org\",\"@graph\":[{\"@type\":\"Article\",\"@id\":\"https:\\\/\\\/ferabrajan.com\\\/portal\\\/2025\\\/03\\\/13\\\/eu-congela-negociaciones-sobre-aranceles-con-canada-hasta-que-mark-carney-asuma-como-primer-ministro\\\/#article\",\"isPartOf\":{\"@id\":\"https:\\\/\\\/ferabrajan.com\\\/portal\\\/2025\\\/03\\\/13\\\/eu-congela-negociaciones-sobre-aranceles-con-canada-hasta-que-mark-carney-asuma-como-primer-ministro\\\/\"},\"author\":{\"name\":\"admin\",\"@id\":\"https:\\\/\\\/ferabrajan.com\\\/portal\\\/#\\\/schema\\\/person\\\/f6113b3cb1e036d5c6a9505685b257ba\"},\"headline\":\"EU congela negociaciones sobre aranceles con Canad\u00e1 hasta que Mark Carney asuma como primer ministro\",\"datePublished\":\"2025-03-13T14:22:50+00:00\",\"dateModified\":\"2025-03-13T14:23:00+00:00\",\"mainEntityOfPage\":{\"@id\":\"https:\\\/\\\/ferabrajan.com\\\/portal\\\/2025\\\/03\\\/13\\\/eu-congela-negociaciones-sobre-aranceles-con-canada-hasta-que-mark-carney-asuma-como-primer-ministro\\\/\"},\"wordCount\":406,\"publisher\":{\"@id\":\"https:\\\/\\\/ferabrajan.com\\\/portal\\\/#organization\"},\"image\":{\"@id\":\"https:\\\/\\\/ferabrajan.com\\\/portal\\\/2025\\\/03\\\/13\\\/eu-congela-negociaciones-sobre-aranceles-con-canada-hasta-que-mark-carney-asuma-como-primer-ministro\\\/#primaryimage\"},\"thumbnailUrl\":\"https:\\\/\\\/ferabrajan.com\\\/portal\\\/wp-content\\\/uploads\\\/2025\\\/03\\\/AA1AMqUy.jpg\",\"keywords\":[\"Canad\u00e1\"],\"articleSection\":[\"El Mundo\"],\"inLanguage\":\"es\"},{\"@type\":\"WebPage\",\"@id\":\"https:\\\/\\\/ferabrajan.com\\\/portal\\\/2025\\\/03\\\/13\\\/eu-congela-negociaciones-sobre-aranceles-con-canada-hasta-que-mark-carney-asuma-como-primer-ministro\\\/\",\"url\":\"https:\\\/\\\/ferabrajan.com\\\/portal\\\/2025\\\/03\\\/13\\\/eu-congela-negociaciones-sobre-aranceles-con-canada-hasta-que-mark-carney-asuma-como-primer-ministro\\\/\",\"name\":\"EU congela negociaciones sobre aranceles con Canad\u00e1 hasta que Mark Carney asuma como primer ministro - Fer Abrajan\",\"isPartOf\":{\"@id\":\"https:\\\/\\\/ferabrajan.com\\\/portal\\\/#website\"},\"primaryImageOfPage\":{\"@id\":\"https:\\\/\\\/ferabrajan.com\\\/portal\\\/2025\\\/03\\\/13\\\/eu-congela-negociaciones-sobre-aranceles-con-canada-hasta-que-mark-carney-asuma-como-primer-ministro\\\/#primaryimage\"},\"image\":{\"@id\":\"https:\\\/\\\/ferabrajan.com\\\/portal\\\/2025\\\/03\\\/13\\\/eu-congela-negociaciones-sobre-aranceles-con-canada-hasta-que-mark-carney-asuma-como-primer-ministro\\\/#primaryimage\"},\"thumbnailUrl\":\"https:\\\/\\\/ferabrajan.com\\\/portal\\\/wp-content\\\/uploads\\\/2025\\\/03\\\/AA1AMqUy.jpg\",\"datePublished\":\"2025-03-13T14:22:50+00:00\",\"dateModified\":\"2025-03-13T14:23:00+00:00\",\"description\":\"El gobierno de Donald Trump Biden esperar\u00e1 a tratar el tema con el nuevo liderazgo canadiense\",\"breadcrumb\":{\"@id\":\"https:\\\/\\\/ferabrajan.com\\\/portal\\\/2025\\\/03\\\/13\\\/eu-congela-negociaciones-sobre-aranceles-con-canada-hasta-que-mark-carney-asuma-como-primer-ministro\\\/#breadcrumb\"},\"inLanguage\":\"es\",\"potentialAction\":[{\"@type\":\"ReadAction\",\"target\":[\"https:\\\/\\\/ferabrajan.com\\\/portal\\\/2025\\\/03\\\/13\\\/eu-congela-negociaciones-sobre-aranceles-con-canada-hasta-que-mark-carney-asuma-como-primer-ministro\\\/\"]}]},{\"@type\":\"ImageObject\",\"inLanguage\":\"es\",\"@id\":\"https:\\\/\\\/ferabrajan.com\\\/portal\\\/2025\\\/03\\\/13\\\/eu-congela-negociaciones-sobre-aranceles-con-canada-hasta-que-mark-carney-asuma-como-primer-ministro\\\/#primaryimage\",\"url\":\"https:\\\/\\\/ferabrajan.com\\\/portal\\\/wp-content\\\/uploads\\\/2025\\\/03\\\/AA1AMqUy.jpg\",\"contentUrl\":\"https:\\\/\\\/ferabrajan.com\\\/portal\\\/wp-content\\\/uploads\\\/2025\\\/03\\\/AA1AMqUy.jpg\",\"width\":612,\"height\":304},{\"@type\":\"BreadcrumbList\",\"@id\":\"https:\\\/\\\/ferabrajan.com\\\/portal\\\/2025\\\/03\\\/13\\\/eu-congela-negociaciones-sobre-aranceles-con-canada-hasta-que-mark-carney-asuma-como-primer-ministro\\\/#breadcrumb\",\"itemListElement\":[{\"@type\":\"ListItem\",\"position\":1,\"name\":\"Portada\",\"item\":\"https:\\\/\\\/ferabrajan.com\\\/portal\\\/\"},{\"@type\":\"ListItem\",\"position\":2,\"name\":\"EU congela negociaciones sobre aranceles con Canad\u00e1 hasta que Mark Carney asuma como primer ministro\"}]},{\"@type\":\"WebSite\",\"@id\":\"https:\\\/\\\/ferabrajan.com\\\/portal\\\/#website\",\"url\":\"https:\\\/\\\/ferabrajan.com\\\/portal\\\/\",\"name\":\"Fer Abrajan\",\"description\":\"Noticias de Puebla, opini\u00f3n y radio en vivo\",\"publisher\":{\"@id\":\"https:\\\/\\\/ferabrajan.com\\\/portal\\\/#organization\"},\"potentialAction\":[{\"@type\":\"SearchAction\",\"target\":{\"@type\":\"EntryPoint\",\"urlTemplate\":\"https:\\\/\\\/ferabrajan.com\\\/portal\\\/?s={search_term_string}\"},\"query-input\":{\"@type\":\"PropertyValueSpecification\",\"valueRequired\":true,\"valueName\":\"search_term_string\"}}],\"inLanguage\":\"es\"},{\"@type\":\"Organization\",\"@id\":\"https:\\\/\\\/ferabrajan.com\\\/portal\\\/#organization\",\"name\":\"Fer Abrajan\",\"url\":\"https:\\\/\\\/ferabrajan.com\\\/portal\\\/\",\"logo\":{\"@type\":\"ImageObject\",\"inLanguage\":\"es\",\"@id\":\"https:\\\/\\\/ferabrajan.com\\\/portal\\\/#\\\/schema\\\/logo\\\/image\\\/\",\"url\":\"https:\\\/\\\/ferabrajan.com\\\/portal\\\/wp-content\\\/uploads\\\/2024\\\/10\\\/cropped-logo.jpeg\",\"contentUrl\":\"https:\\\/\\\/ferabrajan.com\\\/portal\\\/wp-content\\\/uploads\\\/2024\\\/10\\\/cropped-logo.jpeg\",\"width\":500,\"height\":250,\"caption\":\"Fer Abrajan\"},\"image\":{\"@id\":\"https:\\\/\\\/ferabrajan.com\\\/portal\\\/#\\\/schema\\\/logo\\\/image\\\/\"},\"sameAs\":[\"https:\\\/\\\/www.facebook.com\\\/NoticiasconFerAbrajan\\\/\",\"https:\\\/\\\/x.com\\\/ferabrajan1\"]},{\"@type\":\"Person\",\"@id\":\"https:\\\/\\\/ferabrajan.com\\\/portal\\\/#\\\/schema\\\/person\\\/f6113b3cb1e036d5c6a9505685b257ba\",\"name\":\"admin\",\"image\":{\"@type\":\"ImageObject\",\"inLanguage\":\"es\",\"@id\":\"https:\\\/\\\/secure.gravatar.com\\\/avatar\\\/072baa72775aad53c748dfc5d3048578e01b6c087eef335459ebfa04344e2d18?s=96&d=mm&r=g\",\"url\":\"https:\\\/\\\/secure.gravatar.com\\\/avatar\\\/072baa72775aad53c748dfc5d3048578e01b6c087eef335459ebfa04344e2d18?s=96&d=mm&r=g\",\"contentUrl\":\"https:\\\/\\\/secure.gravatar.com\\\/avatar\\\/072baa72775aad53c748dfc5d3048578e01b6c087eef335459ebfa04344e2d18?s=96&d=mm&r=g\",\"caption\":\"admin\"},\"sameAs\":[\"https:\\\/\\\/ferabrajan.com\\\/portal\"],\"url\":\"https:\\\/\\\/ferabrajan.com\\\/portal\\\/author\\\/admin\\\/\"}]}<\/script>\n<!-- \/ Yoast SEO plugin. -->","yoast_head_json":{"title":"EU congela negociaciones sobre aranceles con Canad\u00e1 hasta que Mark Carney asuma como primer ministro - Fer Abrajan","description":"El gobierno de Donald Trump Biden esperar\u00e1 a tratar el tema con el nuevo liderazgo canadiense","robots":{"index":"index","follow":"follow","max-snippet":"max-snippet:-1","max-image-preview":"max-image-preview:large","max-video-preview":"max-video-preview:-1"},"canonical":"https:\/\/ferabrajan.com\/portal\/2025\/03\/13\/eu-congela-negociaciones-sobre-aranceles-con-canada-hasta-que-mark-carney-asuma-como-primer-ministro\/","og_locale":"es_ES","og_type":"article","og_title":"EU congela negociaciones sobre aranceles con Canad\u00e1 hasta que Mark Carney asuma como primer ministro - Fer Abrajan","og_description":"El gobierno de Donald Trump Biden esperar\u00e1 a tratar el tema con el nuevo liderazgo canadiense","og_url":"https:\/\/ferabrajan.com\/portal\/2025\/03\/13\/eu-congela-negociaciones-sobre-aranceles-con-canada-hasta-que-mark-carney-asuma-como-primer-ministro\/","og_site_name":"Fer Abrajan","article_publisher":"https:\/\/www.facebook.com\/NoticiasconFerAbrajan\/","article_published_time":"2025-03-13T14:22:50+00:00","article_modified_time":"2025-03-13T14:23:00+00:00","og_image":[{"width":612,"height":304,"url":"https:\/\/ferabrajan.com\/portal\/wp-content\/uploads\/2025\/03\/AA1AMqUy.jpg","type":"image\/jpeg"}],"author":"admin","twitter_card":"summary_large_image","twitter_creator":"@ferabrajan1","twitter_site":"@ferabrajan1","twitter_misc":{"Escrito por":"admin","Tiempo de lectura":"2 minutos"},"schema":{"@context":"https:\/\/schema.org","@graph":[{"@type":"Article","@id":"https:\/\/ferabrajan.com\/portal\/2025\/03\/13\/eu-congela-negociaciones-sobre-aranceles-con-canada-hasta-que-mark-carney-asuma-como-primer-ministro\/#article","isPartOf":{"@id":"https:\/\/ferabrajan.com\/portal\/2025\/03\/13\/eu-congela-negociaciones-sobre-aranceles-con-canada-hasta-que-mark-carney-asuma-como-primer-ministro\/"},"author":{"name":"admin","@id":"https:\/\/ferabrajan.com\/portal\/#\/schema\/person\/f6113b3cb1e036d5c6a9505685b257ba"},"headline":"EU congela negociaciones sobre aranceles con Canad\u00e1 hasta que Mark Carney asuma como primer ministro","datePublished":"2025-03-13T14:22:50+00:00","dateModified":"2025-03-13T14:23:00+00:00","mainEntityOfPage":{"@id":"https:\/\/ferabrajan.com\/portal\/2025\/03\/13\/eu-congela-negociaciones-sobre-aranceles-con-canada-hasta-que-mark-carney-asuma-como-primer-ministro\/"},"wordCount":406,"publisher":{"@id":"https:\/\/ferabrajan.com\/portal\/#organization"},"image":{"@id":"https:\/\/ferabrajan.com\/portal\/2025\/03\/13\/eu-congela-negociaciones-sobre-aranceles-con-canada-hasta-que-mark-carney-asuma-como-primer-ministro\/#primaryimage"},"thumbnailUrl":"https:\/\/ferabrajan.com\/portal\/wp-content\/uploads\/2025\/03\/AA1AMqUy.jpg","keywords":["Canad\u00e1"],"articleSection":["El Mundo"],"inLanguage":"es"},{"@type":"WebPage","@id":"https:\/\/ferabrajan.com\/portal\/2025\/03\/13\/eu-congela-negociaciones-sobre-aranceles-con-canada-hasta-que-mark-carney-asuma-como-primer-ministro\/","url":"https:\/\/ferabrajan.com\/portal\/2025\/03\/13\/eu-congela-negociaciones-sobre-aranceles-con-canada-hasta-que-mark-carney-asuma-como-primer-ministro\/","name":"EU congela negociaciones sobre aranceles con Canad\u00e1 hasta que Mark Carney asuma como primer ministro - Fer Abrajan","isPartOf":{"@id":"https:\/\/ferabrajan.com\/portal\/#website"},"primaryImageOfPage":{"@id":"https:\/\/ferabrajan.com\/portal\/2025\/03\/13\/eu-congela-negociaciones-sobre-aranceles-con-canada-hasta-que-mark-carney-asuma-como-primer-ministro\/#primaryimage"},"image":{"@id":"https:\/\/ferabrajan.com\/portal\/2025\/03\/13\/eu-congela-negociaciones-sobre-aranceles-con-canada-hasta-que-mark-carney-asuma-como-primer-ministro\/#primaryimage"},"thumbnailUrl":"https:\/\/ferabrajan.com\/portal\/wp-content\/uploads\/2025\/03\/AA1AMqUy.jpg","datePublished":"2025-03-13T14:22:50+00:00","dateModified":"2025-03-13T14:23:00+00:00","description":"El gobierno de Donald Trump Biden esperar\u00e1 a tratar el tema con el nuevo liderazgo canadiense","breadcrumb":{"@id":"https:\/\/ferabrajan.com\/portal\/2025\/03\/13\/eu-congela-negociaciones-sobre-aranceles-con-canada-hasta-que-mark-carney-asuma-como-primer-ministro\/#breadcrumb"},"inLanguage":"es","potentialAction":[{"@type":"ReadAction","target":["https:\/\/ferabrajan.com\/portal\/2025\/03\/13\/eu-congela-negociaciones-sobre-aranceles-con-canada-hasta-que-mark-carney-asuma-como-primer-ministro\/"]}]},{"@type":"ImageObject","inLanguage":"es","@id":"https:\/\/ferabrajan.com\/portal\/2025\/03\/13\/eu-congela-negociaciones-sobre-aranceles-con-canada-hasta-que-mark-carney-asuma-como-primer-ministro\/#primaryimage","url":"https:\/\/ferabrajan.com\/portal\/wp-content\/uploads\/2025\/03\/AA1AMqUy.jpg","contentUrl":"https:\/\/ferabrajan.com\/portal\/wp-content\/uploads\/2025\/03\/AA1AMqUy.jpg","width":612,"height":304},{"@type":"BreadcrumbList","@id":"https:\/\/ferabrajan.com\/portal\/2025\/03\/13\/eu-congela-negociaciones-sobre-aranceles-con-canada-hasta-que-mark-carney-asuma-como-primer-ministro\/#breadcrumb","itemListElement":[{"@type":"ListItem","position":1,"name":"Portada","item":"https:\/\/ferabrajan.com\/portal\/"},{"@type":"ListItem","position":2,"name":"EU congela negociaciones sobre aranceles con Canad\u00e1 hasta que Mark Carney asuma como primer ministro"}]},{"@type":"WebSite","@id":"https:\/\/ferabrajan.com\/portal\/#website","url":"https:\/\/ferabrajan.com\/portal\/","name":"Fer Abrajan","description":"Noticias de Puebla, opini\u00f3n y radio en vivo","publisher":{"@id":"https:\/\/ferabrajan.com\/portal\/#organization"},"potentialAction":[{"@type":"SearchAction","target":{"@type":"EntryPoint","urlTemplate":"https:\/\/ferabrajan.com\/portal\/?s={search_term_string}"},"query-input":{"@type":"PropertyValueSpecification","valueRequired":true,"valueName":"search_term_string"}}],"inLanguage":"es"},{"@type":"Organization","@id":"https:\/\/ferabrajan.com\/portal\/#organization","name":"Fer Abrajan","url":"https:\/\/ferabrajan.com\/portal\/","logo":{"@type":"ImageObject","inLanguage":"es","@id":"https:\/\/ferabrajan.com\/portal\/#\/schema\/logo\/image\/","url":"https:\/\/ferabrajan.com\/portal\/wp-content\/uploads\/2024\/10\/cropped-logo.jpeg","contentUrl":"https:\/\/ferabrajan.com\/portal\/wp-content\/uploads\/2024\/10\/cropped-logo.jpeg","width":500,"height":250,"caption":"Fer Abrajan"},"image":{"@id":"https:\/\/ferabrajan.com\/portal\/#\/schema\/logo\/image\/"},"sameAs":["https:\/\/www.facebook.com\/NoticiasconFerAbrajan\/","https:\/\/x.com\/ferabrajan1"]},{"@type":"Person","@id":"https:\/\/ferabrajan.com\/portal\/#\/schema\/person\/f6113b3cb1e036d5c6a9505685b257ba","name":"admin","image":{"@type":"ImageObject","inLanguage":"es","@id":"https:\/\/secure.gravatar.com\/avatar\/072baa72775aad53c748dfc5d3048578e01b6c087eef335459ebfa04344e2d18?s=96&d=mm&r=g","url":"https:\/\/secure.gravatar.com\/avatar\/072baa72775aad53c748dfc5d3048578e01b6c087eef335459ebfa04344e2d18?s=96&d=mm&r=g","contentUrl":"https:\/\/secure.gravatar.com\/avatar\/072baa72775aad53c748dfc5d3048578e01b6c087eef335459ebfa04344e2d18?s=96&d=mm&r=g","caption":"admin"},"sameAs":["https:\/\/ferabrajan.com\/portal"],"url":"https:\/\/ferabrajan.com\/portal\/author\/admin\/"}]}},"_links":{"self":[{"href":"https:\/\/ferabrajan.com\/portal\/wp-json\/wp\/v2\/posts\/69748","targetHints":{"allow":["GET"]}}],"collection":[{"href":"https:\/\/ferabrajan.com\/portal\/wp-json\/wp\/v2\/posts"}],"about":[{"href":"https:\/\/ferabrajan.com\/portal\/wp-json\/wp\/v2\/types\/post"}],"author":[{"embeddable":true,"href":"https:\/\/ferabrajan.com\/portal\/wp-json\/wp\/v2\/users\/1"}],"replies":[{"embeddable":true,"href":"https:\/\/ferabrajan.com\/portal\/wp-json\/wp\/v2\/comments?post=69748"}],"version-history":[{"count":0,"href":"https:\/\/ferabrajan.com\/portal\/wp-json\/wp\/v2\/posts\/69748\/revisions"}],"wp:featuredmedia":[{"embeddable":true,"href":"https:\/\/ferabrajan.com\/portal\/wp-json\/wp\/v2\/media\/69749"}],"wp:attachment":[{"href":"https:\/\/ferabrajan.com\/portal\/wp-json\/wp\/v2\/media?parent=69748"}],"wp:term":[{"taxonomy":"category","embeddable":true,"href":"https:\/\/ferabrajan.com\/portal\/wp-json\/wp\/v2\/categories?post=69748"},{"taxonomy":"post_tag","embeddable":true,"href":"https:\/\/ferabrajan.com\/portal\/wp-json\/wp\/v2\/tags?post=69748"}],"curies":[{"name":"wp","href":"https:\/\/api.w.org\/{rel}","templated":true}]}}