{"id":69232,"date":"2025-02-26T15:18:15","date_gmt":"2025-02-26T15:18:15","guid":{"rendered":"https:\/\/ferabrajan.com\/portal\/?p=69232"},"modified":"2025-02-26T15:18:23","modified_gmt":"2025-02-26T15:18:23","slug":"trump-vendera-permisos-de-residencia-dorados-por-5-millones-de-dolares-los-ricos-llegaran-dice","status":"publish","type":"post","link":"https:\/\/ferabrajan.com\/portal\/2025\/02\/26\/trump-vendera-permisos-de-residencia-dorados-por-5-millones-de-dolares-los-ricos-llegaran-dice\/","title":{"rendered":"Trump vender\u00e1 permisos de residencia \u00abdorados\u00bb por 5 millones de d\u00f3lares; \u00ablos ricos llegar\u00e1n\u00bb, dice"},"content":{"rendered":"\n<p class=\"wp-block-paragraph\">El presidente\u00a0<strong>Donald Trump<\/strong>\u00a0dijo el martes que\u00a0<strong>Estados Unidos<\/strong>\u00a0comenzar\u00e1 a vender un nuevo tipo de permiso de residencia llamado\u00a0<strong>\u00abtarjeta dorada\u00bb<\/strong>\u00a0por un precio de 5 millones de d\u00f3lares.<\/p>\n\n\n\n<p class=\"wp-block-paragraph\">\u00abVamos a vender una tarjeta dorada. Tienes una tarjeta verde, esta es una tarjeta dorada. Vamos a ponerle un precio (&#8230;) de unos 5 millones de d\u00f3lares\u00bb, declar\u00f3 Trump a periodistas en el despacho oval de la\u00a0<strong>Casa Blanca<\/strong>. Con ella \u00ablos ricos llegar\u00e1n\u00bb al pa\u00eds, \u00abtendr\u00e1n \u00e9xito, gastar\u00e1n mucho dinero, pagar\u00e1n muchos impuestos y emplear\u00e1n a mucha gente\u00bb, a\u00f1adi\u00f3.<\/p>\n\n\n\n<p class=\"wp-block-paragraph\">El mandatario se refiri\u00f3 a este nuevo permiso migratorio como la&nbsp;<em>\u00abtarjeta dorada Trump\u00bb,<\/em>&nbsp;sugiriendo que podr\u00eda llevar su propio nombre.<\/p>\n\n\n\n<p class=\"wp-block-paragraph\">\u00abEsto atraer\u00e1 a mucha gente a nuestro pa\u00eds, que ser\u00e1 rica y que han tenido mucho \u00e9xito y que gastar\u00e1n mucho dinero, pagar\u00e1n muchos impuestos y dar\u00e1n trabajo a muchas personas. Creemos que ser\u00e1 un gran \u00e9xito\u00bb, afirm\u00f3 el mandatario.<\/p>\n\n\n\n<p class=\"wp-block-paragraph\">El secretario de Comercio,&nbsp;<strong>Howard Lutnick<\/strong>, quien se encontraba con Trump en el Despacho Oval, a\u00f1adi\u00f3 que la medida entrar\u00e1 en vigor en unas dos semanas y servir\u00e1 para sustituir el Programa de Inmigraci\u00f3n para&nbsp;<strong>Inversores EB-5<\/strong>, que permite a inversores, junto con sus esposas e hijos menores de 21 a\u00f1os, obtener la residencia permanente en Estados Unidos.<\/p>\n\n\n\n<p class=\"wp-block-paragraph\">Lutnick afirm\u00f3, sin aportar pruebas, que el programa EB-5 era \u00abfraudulento\u00bb, raz\u00f3n por la cual ser\u00e1 sustituido.<\/p>\n\n\n\n<p class=\"wp-block-paragraph\">El visado EB-5 de Estados Unidos fue creado mediante la Ley de Inmigraci\u00f3n de 1990 y ofrec\u00eda a los inversores extranjeros la posibilidad de obtener la residencia permanente si realizaban una inversi\u00f3n sustancial en un negocio en Estados Unidos. y, a su vez, generaban al menos 10 empleos a tiempo completo para ciudadanos estadounidenses o inmigrantes con autorizaci\u00f3n de trabajo.<\/p>\n\n\n\n<p class=\"wp-block-paragraph\">A lo largo de los a\u00f1os, el Congreso ha modificado en varias ocasiones este programa y sus condiciones de acceso.<\/p>\n\n\n\n<p class=\"wp-block-paragraph\">Por ejemplo, en 2022 se estableci\u00f3 que la inversi\u00f3n m\u00ednima para calificar en el programa EB-5 ser\u00eda de un mill\u00f3n 050 mil d\u00f3lares, aunque se contemplaban algunas excepciones.<\/p>\n\n\n\n<p class=\"wp-block-paragraph\">Con Informaci\u00f3n de: <a href=\"https:\/\/www.msn.com\/es-mx\/noticias\/mundo\/trump-vender%C3%A1-permisos-de-residencia-dorados-por-5-millones-de-d%C3%B3lares-los-ricos-llegar%C3%A1n-dice\/ar-AA1zMK1J?ocid=msedgdhp&amp;pc=U531&amp;cvid=10b47ab8883543458f8bfd43309e1088&amp;ei=45\">https:\/\/www.msn.com\/es-mx\/noticias\/mundo\/trump-vender%C3%A1-permisos-de-residencia-dorados-por-5-millones-de-d%C3%B3lares-los-ricos-llegar%C3%A1n-dice\/ar-AA1zMK1J?ocid=msedgdhp&amp;pc=U531&amp;cvid=10b47ab8883543458f8bfd43309e1088&amp;ei=45<\/a><\/p>\n\n\n\n<p class=\"wp-block-paragraph\"><\/p>\n","protected":false},"excerpt":{"rendered":"<p>El secretario de Comercio, Howard Lutnick, quien se encontraba con Trump en el Despacho Oval, a\u00f1adi\u00f3 que la medida entrar\u00e1 en vigor en unas dos semanas <\/p>\n","protected":false},"author":1,"featured_media":69233,"comment_status":"closed","ping_status":"closed","sticky":false,"template":"","format":"standard","meta":{"_monsterinsights_skip_tracking":false,"_uf_show_specific_survey":0,"_uf_disable_surveys":false,"footnotes":""},"categories":[36],"tags":[1142],"class_list":["post-69232","post","type-post","status-publish","format-standard","has-post-thumbnail","hentry","category-el-mundo","tag-donald-trump"],"yoast_head":"<!-- This site is optimized with the Yoast SEO plugin v27.5 - https:\/\/yoast.com\/product\/yoast-seo-wordpress\/ -->\n<title>Trump vender\u00e1 permisos de residencia &quot;dorados&quot; por 5 millones de d\u00f3lares; &quot;los ricos llegar\u00e1n&quot;, dice - Fer Abrajan<\/title>\n<meta name=\"description\" content=\"El secretario de Comercio, Howard Lutnick, quien se encontraba con Trump en el Despacho Oval, a\u00f1adi\u00f3 que la medida entrar\u00e1 en vigor en unas dos semanas\" \/>\n<meta name=\"robots\" content=\"index, follow, max-snippet:-1, max-image-preview:large, max-video-preview:-1\" \/>\n<link rel=\"canonical\" href=\"https:\/\/ferabrajan.com\/portal\/2025\/02\/26\/trump-vendera-permisos-de-residencia-dorados-por-5-millones-de-dolares-los-ricos-llegaran-dice\/\" \/>\n<meta property=\"og:locale\" content=\"es_ES\" \/>\n<meta property=\"og:type\" content=\"article\" \/>\n<meta property=\"og:title\" content=\"Trump vender\u00e1 permisos de residencia &quot;dorados&quot; por 5 millones de d\u00f3lares; &quot;los ricos llegar\u00e1n&quot;, dice - Fer Abrajan\" \/>\n<meta property=\"og:description\" content=\"El secretario de Comercio, Howard Lutnick, quien se encontraba con Trump en el Despacho Oval, a\u00f1adi\u00f3 que la medida entrar\u00e1 en vigor en unas dos semanas\" \/>\n<meta property=\"og:url\" content=\"https:\/\/ferabrajan.com\/portal\/2025\/02\/26\/trump-vendera-permisos-de-residencia-dorados-por-5-millones-de-dolares-los-ricos-llegaran-dice\/\" \/>\n<meta property=\"og:site_name\" content=\"Fer Abrajan\" \/>\n<meta property=\"article:publisher\" content=\"https:\/\/www.facebook.com\/NoticiasconFerAbrajan\/\" \/>\n<meta property=\"article:published_time\" content=\"2025-02-26T15:18:15+00:00\" \/>\n<meta property=\"article:modified_time\" content=\"2025-02-26T15:18:23+00:00\" \/>\n<meta property=\"og:image\" content=\"https:\/\/ferabrajan.com\/portal\/wp-content\/uploads\/2025\/02\/AA1zMK1F.webp\" \/>\n\t<meta property=\"og:image:width\" content=\"612\" \/>\n\t<meta property=\"og:image:height\" content=\"304\" \/>\n\t<meta property=\"og:image:type\" content=\"image\/webp\" \/>\n<meta name=\"author\" content=\"admin\" \/>\n<meta name=\"twitter:card\" content=\"summary_large_image\" \/>\n<meta name=\"twitter:creator\" content=\"@ferabrajan1\" \/>\n<meta name=\"twitter:site\" content=\"@ferabrajan1\" \/>\n<meta name=\"twitter:label1\" content=\"Escrito por\" \/>\n\t<meta name=\"twitter:data1\" content=\"admin\" \/>\n\t<meta name=\"twitter:label2\" content=\"Tiempo de lectura\" \/>\n\t<meta name=\"twitter:data2\" content=\"2 minutos\" \/>\n<script type=\"application\/ld+json\" class=\"yoast-schema-graph\">{\"@context\":\"https:\\\/\\\/schema.org\",\"@graph\":[{\"@type\":\"Article\",\"@id\":\"https:\\\/\\\/ferabrajan.com\\\/portal\\\/2025\\\/02\\\/26\\\/trump-vendera-permisos-de-residencia-dorados-por-5-millones-de-dolares-los-ricos-llegaran-dice\\\/#article\",\"isPartOf\":{\"@id\":\"https:\\\/\\\/ferabrajan.com\\\/portal\\\/2025\\\/02\\\/26\\\/trump-vendera-permisos-de-residencia-dorados-por-5-millones-de-dolares-los-ricos-llegaran-dice\\\/\"},\"author\":{\"name\":\"admin\",\"@id\":\"https:\\\/\\\/ferabrajan.com\\\/portal\\\/#\\\/schema\\\/person\\\/f6113b3cb1e036d5c6a9505685b257ba\"},\"headline\":\"Trump vender\u00e1 permisos de residencia \u00abdorados\u00bb por 5 millones de d\u00f3lares; \u00ablos ricos llegar\u00e1n\u00bb, dice\",\"datePublished\":\"2025-02-26T15:18:15+00:00\",\"dateModified\":\"2025-02-26T15:18:23+00:00\",\"mainEntityOfPage\":{\"@id\":\"https:\\\/\\\/ferabrajan.com\\\/portal\\\/2025\\\/02\\\/26\\\/trump-vendera-permisos-de-residencia-dorados-por-5-millones-de-dolares-los-ricos-llegaran-dice\\\/\"},\"wordCount\":414,\"publisher\":{\"@id\":\"https:\\\/\\\/ferabrajan.com\\\/portal\\\/#organization\"},\"image\":{\"@id\":\"https:\\\/\\\/ferabrajan.com\\\/portal\\\/2025\\\/02\\\/26\\\/trump-vendera-permisos-de-residencia-dorados-por-5-millones-de-dolares-los-ricos-llegaran-dice\\\/#primaryimage\"},\"thumbnailUrl\":\"https:\\\/\\\/ferabrajan.com\\\/portal\\\/wp-content\\\/uploads\\\/2025\\\/02\\\/AA1zMK1F.webp\",\"keywords\":[\"Donald Trump\"],\"articleSection\":[\"El Mundo\"],\"inLanguage\":\"es\"},{\"@type\":\"WebPage\",\"@id\":\"https:\\\/\\\/ferabrajan.com\\\/portal\\\/2025\\\/02\\\/26\\\/trump-vendera-permisos-de-residencia-dorados-por-5-millones-de-dolares-los-ricos-llegaran-dice\\\/\",\"url\":\"https:\\\/\\\/ferabrajan.com\\\/portal\\\/2025\\\/02\\\/26\\\/trump-vendera-permisos-de-residencia-dorados-por-5-millones-de-dolares-los-ricos-llegaran-dice\\\/\",\"name\":\"Trump vender\u00e1 permisos de residencia \\\"dorados\\\" por 5 millones de d\u00f3lares; \\\"los ricos llegar\u00e1n\\\", dice - Fer Abrajan\",\"isPartOf\":{\"@id\":\"https:\\\/\\\/ferabrajan.com\\\/portal\\\/#website\"},\"primaryImageOfPage\":{\"@id\":\"https:\\\/\\\/ferabrajan.com\\\/portal\\\/2025\\\/02\\\/26\\\/trump-vendera-permisos-de-residencia-dorados-por-5-millones-de-dolares-los-ricos-llegaran-dice\\\/#primaryimage\"},\"image\":{\"@id\":\"https:\\\/\\\/ferabrajan.com\\\/portal\\\/2025\\\/02\\\/26\\\/trump-vendera-permisos-de-residencia-dorados-por-5-millones-de-dolares-los-ricos-llegaran-dice\\\/#primaryimage\"},\"thumbnailUrl\":\"https:\\\/\\\/ferabrajan.com\\\/portal\\\/wp-content\\\/uploads\\\/2025\\\/02\\\/AA1zMK1F.webp\",\"datePublished\":\"2025-02-26T15:18:15+00:00\",\"dateModified\":\"2025-02-26T15:18:23+00:00\",\"description\":\"El secretario de Comercio, Howard Lutnick, quien se encontraba con Trump en el Despacho Oval, a\u00f1adi\u00f3 que la medida entrar\u00e1 en vigor en unas dos semanas\",\"breadcrumb\":{\"@id\":\"https:\\\/\\\/ferabrajan.com\\\/portal\\\/2025\\\/02\\\/26\\\/trump-vendera-permisos-de-residencia-dorados-por-5-millones-de-dolares-los-ricos-llegaran-dice\\\/#breadcrumb\"},\"inLanguage\":\"es\",\"potentialAction\":[{\"@type\":\"ReadAction\",\"target\":[\"https:\\\/\\\/ferabrajan.com\\\/portal\\\/2025\\\/02\\\/26\\\/trump-vendera-permisos-de-residencia-dorados-por-5-millones-de-dolares-los-ricos-llegaran-dice\\\/\"]}]},{\"@type\":\"ImageObject\",\"inLanguage\":\"es\",\"@id\":\"https:\\\/\\\/ferabrajan.com\\\/portal\\\/2025\\\/02\\\/26\\\/trump-vendera-permisos-de-residencia-dorados-por-5-millones-de-dolares-los-ricos-llegaran-dice\\\/#primaryimage\",\"url\":\"https:\\\/\\\/ferabrajan.com\\\/portal\\\/wp-content\\\/uploads\\\/2025\\\/02\\\/AA1zMK1F.webp\",\"contentUrl\":\"https:\\\/\\\/ferabrajan.com\\\/portal\\\/wp-content\\\/uploads\\\/2025\\\/02\\\/AA1zMK1F.webp\",\"width\":612,\"height\":304},{\"@type\":\"BreadcrumbList\",\"@id\":\"https:\\\/\\\/ferabrajan.com\\\/portal\\\/2025\\\/02\\\/26\\\/trump-vendera-permisos-de-residencia-dorados-por-5-millones-de-dolares-los-ricos-llegaran-dice\\\/#breadcrumb\",\"itemListElement\":[{\"@type\":\"ListItem\",\"position\":1,\"name\":\"Portada\",\"item\":\"https:\\\/\\\/ferabrajan.com\\\/portal\\\/\"},{\"@type\":\"ListItem\",\"position\":2,\"name\":\"Trump vender\u00e1 permisos de residencia &#8220;dorados&#8221; por 5 millones de d\u00f3lares; &#8220;los ricos llegar\u00e1n&#8221;, dice\"}]},{\"@type\":\"WebSite\",\"@id\":\"https:\\\/\\\/ferabrajan.com\\\/portal\\\/#website\",\"url\":\"https:\\\/\\\/ferabrajan.com\\\/portal\\\/\",\"name\":\"Fer Abrajan\",\"description\":\"Noticias de Puebla, opini\u00f3n y radio en vivo\",\"publisher\":{\"@id\":\"https:\\\/\\\/ferabrajan.com\\\/portal\\\/#organization\"},\"potentialAction\":[{\"@type\":\"SearchAction\",\"target\":{\"@type\":\"EntryPoint\",\"urlTemplate\":\"https:\\\/\\\/ferabrajan.com\\\/portal\\\/?s={search_term_string}\"},\"query-input\":{\"@type\":\"PropertyValueSpecification\",\"valueRequired\":true,\"valueName\":\"search_term_string\"}}],\"inLanguage\":\"es\"},{\"@type\":\"Organization\",\"@id\":\"https:\\\/\\\/ferabrajan.com\\\/portal\\\/#organization\",\"name\":\"Fer Abrajan\",\"url\":\"https:\\\/\\\/ferabrajan.com\\\/portal\\\/\",\"logo\":{\"@type\":\"ImageObject\",\"inLanguage\":\"es\",\"@id\":\"https:\\\/\\\/ferabrajan.com\\\/portal\\\/#\\\/schema\\\/logo\\\/image\\\/\",\"url\":\"https:\\\/\\\/ferabrajan.com\\\/portal\\\/wp-content\\\/uploads\\\/2024\\\/10\\\/cropped-logo.jpeg\",\"contentUrl\":\"https:\\\/\\\/ferabrajan.com\\\/portal\\\/wp-content\\\/uploads\\\/2024\\\/10\\\/cropped-logo.jpeg\",\"width\":500,\"height\":250,\"caption\":\"Fer Abrajan\"},\"image\":{\"@id\":\"https:\\\/\\\/ferabrajan.com\\\/portal\\\/#\\\/schema\\\/logo\\\/image\\\/\"},\"sameAs\":[\"https:\\\/\\\/www.facebook.com\\\/NoticiasconFerAbrajan\\\/\",\"https:\\\/\\\/x.com\\\/ferabrajan1\"]},{\"@type\":\"Person\",\"@id\":\"https:\\\/\\\/ferabrajan.com\\\/portal\\\/#\\\/schema\\\/person\\\/f6113b3cb1e036d5c6a9505685b257ba\",\"name\":\"admin\",\"image\":{\"@type\":\"ImageObject\",\"inLanguage\":\"es\",\"@id\":\"https:\\\/\\\/secure.gravatar.com\\\/avatar\\\/072baa72775aad53c748dfc5d3048578e01b6c087eef335459ebfa04344e2d18?s=96&d=mm&r=g\",\"url\":\"https:\\\/\\\/secure.gravatar.com\\\/avatar\\\/072baa72775aad53c748dfc5d3048578e01b6c087eef335459ebfa04344e2d18?s=96&d=mm&r=g\",\"contentUrl\":\"https:\\\/\\\/secure.gravatar.com\\\/avatar\\\/072baa72775aad53c748dfc5d3048578e01b6c087eef335459ebfa04344e2d18?s=96&d=mm&r=g\",\"caption\":\"admin\"},\"sameAs\":[\"https:\\\/\\\/ferabrajan.com\\\/portal\"],\"url\":\"https:\\\/\\\/ferabrajan.com\\\/portal\\\/author\\\/admin\\\/\"}]}<\/script>\n<!-- \/ Yoast SEO plugin. -->","yoast_head_json":{"title":"Trump vender\u00e1 permisos de residencia \"dorados\" por 5 millones de d\u00f3lares; \"los ricos llegar\u00e1n\", dice - Fer Abrajan","description":"El secretario de Comercio, Howard Lutnick, quien se encontraba con Trump en el Despacho Oval, a\u00f1adi\u00f3 que la medida entrar\u00e1 en vigor en unas dos semanas","robots":{"index":"index","follow":"follow","max-snippet":"max-snippet:-1","max-image-preview":"max-image-preview:large","max-video-preview":"max-video-preview:-1"},"canonical":"https:\/\/ferabrajan.com\/portal\/2025\/02\/26\/trump-vendera-permisos-de-residencia-dorados-por-5-millones-de-dolares-los-ricos-llegaran-dice\/","og_locale":"es_ES","og_type":"article","og_title":"Trump vender\u00e1 permisos de residencia \"dorados\" por 5 millones de d\u00f3lares; \"los ricos llegar\u00e1n\", dice - Fer Abrajan","og_description":"El secretario de Comercio, Howard Lutnick, quien se encontraba con Trump en el Despacho Oval, a\u00f1adi\u00f3 que la medida entrar\u00e1 en vigor en unas dos semanas","og_url":"https:\/\/ferabrajan.com\/portal\/2025\/02\/26\/trump-vendera-permisos-de-residencia-dorados-por-5-millones-de-dolares-los-ricos-llegaran-dice\/","og_site_name":"Fer Abrajan","article_publisher":"https:\/\/www.facebook.com\/NoticiasconFerAbrajan\/","article_published_time":"2025-02-26T15:18:15+00:00","article_modified_time":"2025-02-26T15:18:23+00:00","og_image":[{"width":612,"height":304,"url":"https:\/\/ferabrajan.com\/portal\/wp-content\/uploads\/2025\/02\/AA1zMK1F.webp","type":"image\/webp"}],"author":"admin","twitter_card":"summary_large_image","twitter_creator":"@ferabrajan1","twitter_site":"@ferabrajan1","twitter_misc":{"Escrito por":"admin","Tiempo de lectura":"2 minutos"},"schema":{"@context":"https:\/\/schema.org","@graph":[{"@type":"Article","@id":"https:\/\/ferabrajan.com\/portal\/2025\/02\/26\/trump-vendera-permisos-de-residencia-dorados-por-5-millones-de-dolares-los-ricos-llegaran-dice\/#article","isPartOf":{"@id":"https:\/\/ferabrajan.com\/portal\/2025\/02\/26\/trump-vendera-permisos-de-residencia-dorados-por-5-millones-de-dolares-los-ricos-llegaran-dice\/"},"author":{"name":"admin","@id":"https:\/\/ferabrajan.com\/portal\/#\/schema\/person\/f6113b3cb1e036d5c6a9505685b257ba"},"headline":"Trump vender\u00e1 permisos de residencia \u00abdorados\u00bb por 5 millones de d\u00f3lares; \u00ablos ricos llegar\u00e1n\u00bb, dice","datePublished":"2025-02-26T15:18:15+00:00","dateModified":"2025-02-26T15:18:23+00:00","mainEntityOfPage":{"@id":"https:\/\/ferabrajan.com\/portal\/2025\/02\/26\/trump-vendera-permisos-de-residencia-dorados-por-5-millones-de-dolares-los-ricos-llegaran-dice\/"},"wordCount":414,"publisher":{"@id":"https:\/\/ferabrajan.com\/portal\/#organization"},"image":{"@id":"https:\/\/ferabrajan.com\/portal\/2025\/02\/26\/trump-vendera-permisos-de-residencia-dorados-por-5-millones-de-dolares-los-ricos-llegaran-dice\/#primaryimage"},"thumbnailUrl":"https:\/\/ferabrajan.com\/portal\/wp-content\/uploads\/2025\/02\/AA1zMK1F.webp","keywords":["Donald Trump"],"articleSection":["El Mundo"],"inLanguage":"es"},{"@type":"WebPage","@id":"https:\/\/ferabrajan.com\/portal\/2025\/02\/26\/trump-vendera-permisos-de-residencia-dorados-por-5-millones-de-dolares-los-ricos-llegaran-dice\/","url":"https:\/\/ferabrajan.com\/portal\/2025\/02\/26\/trump-vendera-permisos-de-residencia-dorados-por-5-millones-de-dolares-los-ricos-llegaran-dice\/","name":"Trump vender\u00e1 permisos de residencia \"dorados\" por 5 millones de d\u00f3lares; \"los ricos llegar\u00e1n\", dice - Fer Abrajan","isPartOf":{"@id":"https:\/\/ferabrajan.com\/portal\/#website"},"primaryImageOfPage":{"@id":"https:\/\/ferabrajan.com\/portal\/2025\/02\/26\/trump-vendera-permisos-de-residencia-dorados-por-5-millones-de-dolares-los-ricos-llegaran-dice\/#primaryimage"},"image":{"@id":"https:\/\/ferabrajan.com\/portal\/2025\/02\/26\/trump-vendera-permisos-de-residencia-dorados-por-5-millones-de-dolares-los-ricos-llegaran-dice\/#primaryimage"},"thumbnailUrl":"https:\/\/ferabrajan.com\/portal\/wp-content\/uploads\/2025\/02\/AA1zMK1F.webp","datePublished":"2025-02-26T15:18:15+00:00","dateModified":"2025-02-26T15:18:23+00:00","description":"El secretario de Comercio, Howard Lutnick, quien se encontraba con Trump en el Despacho Oval, a\u00f1adi\u00f3 que la medida entrar\u00e1 en vigor en unas dos semanas","breadcrumb":{"@id":"https:\/\/ferabrajan.com\/portal\/2025\/02\/26\/trump-vendera-permisos-de-residencia-dorados-por-5-millones-de-dolares-los-ricos-llegaran-dice\/#breadcrumb"},"inLanguage":"es","potentialAction":[{"@type":"ReadAction","target":["https:\/\/ferabrajan.com\/portal\/2025\/02\/26\/trump-vendera-permisos-de-residencia-dorados-por-5-millones-de-dolares-los-ricos-llegaran-dice\/"]}]},{"@type":"ImageObject","inLanguage":"es","@id":"https:\/\/ferabrajan.com\/portal\/2025\/02\/26\/trump-vendera-permisos-de-residencia-dorados-por-5-millones-de-dolares-los-ricos-llegaran-dice\/#primaryimage","url":"https:\/\/ferabrajan.com\/portal\/wp-content\/uploads\/2025\/02\/AA1zMK1F.webp","contentUrl":"https:\/\/ferabrajan.com\/portal\/wp-content\/uploads\/2025\/02\/AA1zMK1F.webp","width":612,"height":304},{"@type":"BreadcrumbList","@id":"https:\/\/ferabrajan.com\/portal\/2025\/02\/26\/trump-vendera-permisos-de-residencia-dorados-por-5-millones-de-dolares-los-ricos-llegaran-dice\/#breadcrumb","itemListElement":[{"@type":"ListItem","position":1,"name":"Portada","item":"https:\/\/ferabrajan.com\/portal\/"},{"@type":"ListItem","position":2,"name":"Trump vender\u00e1 permisos de residencia &#8220;dorados&#8221; por 5 millones de d\u00f3lares; &#8220;los ricos llegar\u00e1n&#8221;, dice"}]},{"@type":"WebSite","@id":"https:\/\/ferabrajan.com\/portal\/#website","url":"https:\/\/ferabrajan.com\/portal\/","name":"Fer Abrajan","description":"Noticias de Puebla, opini\u00f3n y radio en vivo","publisher":{"@id":"https:\/\/ferabrajan.com\/portal\/#organization"},"potentialAction":[{"@type":"SearchAction","target":{"@type":"EntryPoint","urlTemplate":"https:\/\/ferabrajan.com\/portal\/?s={search_term_string}"},"query-input":{"@type":"PropertyValueSpecification","valueRequired":true,"valueName":"search_term_string"}}],"inLanguage":"es"},{"@type":"Organization","@id":"https:\/\/ferabrajan.com\/portal\/#organization","name":"Fer Abrajan","url":"https:\/\/ferabrajan.com\/portal\/","logo":{"@type":"ImageObject","inLanguage":"es","@id":"https:\/\/ferabrajan.com\/portal\/#\/schema\/logo\/image\/","url":"https:\/\/ferabrajan.com\/portal\/wp-content\/uploads\/2024\/10\/cropped-logo.jpeg","contentUrl":"https:\/\/ferabrajan.com\/portal\/wp-content\/uploads\/2024\/10\/cropped-logo.jpeg","width":500,"height":250,"caption":"Fer Abrajan"},"image":{"@id":"https:\/\/ferabrajan.com\/portal\/#\/schema\/logo\/image\/"},"sameAs":["https:\/\/www.facebook.com\/NoticiasconFerAbrajan\/","https:\/\/x.com\/ferabrajan1"]},{"@type":"Person","@id":"https:\/\/ferabrajan.com\/portal\/#\/schema\/person\/f6113b3cb1e036d5c6a9505685b257ba","name":"admin","image":{"@type":"ImageObject","inLanguage":"es","@id":"https:\/\/secure.gravatar.com\/avatar\/072baa72775aad53c748dfc5d3048578e01b6c087eef335459ebfa04344e2d18?s=96&d=mm&r=g","url":"https:\/\/secure.gravatar.com\/avatar\/072baa72775aad53c748dfc5d3048578e01b6c087eef335459ebfa04344e2d18?s=96&d=mm&r=g","contentUrl":"https:\/\/secure.gravatar.com\/avatar\/072baa72775aad53c748dfc5d3048578e01b6c087eef335459ebfa04344e2d18?s=96&d=mm&r=g","caption":"admin"},"sameAs":["https:\/\/ferabrajan.com\/portal"],"url":"https:\/\/ferabrajan.com\/portal\/author\/admin\/"}]}},"_links":{"self":[{"href":"https:\/\/ferabrajan.com\/portal\/wp-json\/wp\/v2\/posts\/69232","targetHints":{"allow":["GET"]}}],"collection":[{"href":"https:\/\/ferabrajan.com\/portal\/wp-json\/wp\/v2\/posts"}],"about":[{"href":"https:\/\/ferabrajan.com\/portal\/wp-json\/wp\/v2\/types\/post"}],"author":[{"embeddable":true,"href":"https:\/\/ferabrajan.com\/portal\/wp-json\/wp\/v2\/users\/1"}],"replies":[{"embeddable":true,"href":"https:\/\/ferabrajan.com\/portal\/wp-json\/wp\/v2\/comments?post=69232"}],"version-history":[{"count":0,"href":"https:\/\/ferabrajan.com\/portal\/wp-json\/wp\/v2\/posts\/69232\/revisions"}],"wp:featuredmedia":[{"embeddable":true,"href":"https:\/\/ferabrajan.com\/portal\/wp-json\/wp\/v2\/media\/69233"}],"wp:attachment":[{"href":"https:\/\/ferabrajan.com\/portal\/wp-json\/wp\/v2\/media?parent=69232"}],"wp:term":[{"taxonomy":"category","embeddable":true,"href":"https:\/\/ferabrajan.com\/portal\/wp-json\/wp\/v2\/categories?post=69232"},{"taxonomy":"post_tag","embeddable":true,"href":"https:\/\/ferabrajan.com\/portal\/wp-json\/wp\/v2\/tags?post=69232"}],"curies":[{"name":"wp","href":"https:\/\/api.w.org\/{rel}","templated":true}]}}