{"id":69228,"date":"2025-02-26T15:01:13","date_gmt":"2025-02-26T15:01:13","guid":{"rendered":"https:\/\/ferabrajan.com\/portal\/?p=69228"},"modified":"2025-02-26T15:14:02","modified_gmt":"2025-02-26T15:14:02","slug":"consulado-en-ny-ha-respondido-en-tiempo-solicitud-de-el-mayo-zambada-sre-busca-seguir-su-proceso-en-mexico","status":"publish","type":"post","link":"https:\/\/ferabrajan.com\/portal\/2025\/02\/26\/consulado-en-ny-ha-respondido-en-tiempo-solicitud-de-el-mayo-zambada-sre-busca-seguir-su-proceso-en-mexico\/","title":{"rendered":"Consulado en NY ha respondido en tiempo solicitud de \u201cEl Mayo\u201d Zambada: SRE; busca seguir su proceso en M\u00e9xico"},"content":{"rendered":"\n<p class=\"wp-block-paragraph\">La Secretar\u00eda de Relaciones Exteriores (<strong>SRE<\/strong>) asegur\u00f3 que el\u00a0<strong>Consulado de M\u00e9xico<\/strong>\u00a0en Nueva York ha respondido \u00aben tiempo y forma\u00bb a la solicitud del narcotraficante\u00a0<strong>Ismael \u00abEl Mayo\u00bb Zambada<\/strong>, quien pidi\u00f3 ser repatriado para seguir su proceso en nuestro pa\u00eds.<\/p>\n\n\n\n<p class=\"wp-block-paragraph\">La SRE, a cargo del canciller<strong>&nbsp;Juan Ram\u00f3n de la Fuente<\/strong>, indic\u00f3 que ese Consulado ha respondido a la \u00absolicitud de asistencia consular\u00bb recibida el pasado 20 de febrero por&nbsp;<strong>Frank P\u00e9rez<\/strong>, abogado de \u00abEl Mayo\u00bb, \u00abla cual \u00e9l mismo hizo del conocimiento p\u00fablico\u00bb.<\/p>\n\n\n\n<p class=\"wp-block-paragraph\">Cabe se\u00f1alar que el pasado jueves, el abogado de Zambada entreg\u00f3 una solicitud a esa<strong>&nbsp;representaci\u00f3n diplom\u00e1tica&nbsp;<\/strong>en Estados Unidos en la que solicita que su cliente sea repatriado a M\u00e9xico.<\/p>\n\n\n\n<p class=\"wp-block-paragraph\">\u00abDe conformidad con la Convenci\u00f3n de Viena sobre Relaciones Consulares y la legislaci\u00f3n nacional aplicable, la SRE brinda asistencia consular a todas las personas mexicanas que as\u00ed lo soliciten y que se encuentren detenidas en el exterior\u00bb, se\u00f1al\u00f3 Relaciones Exteriores.<\/p>\n\n\n\n<p class=\"wp-block-paragraph\">En su conferencia&nbsp;<strong>ma\u00f1anera&nbsp;<\/strong>del viernes 21 de febrero en<strong>&nbsp;Palacio Nacional<\/strong>, la presidenta<strong>&nbsp;Claudia Sheinbaum Pardo<\/strong>&nbsp;confirm\u00f3 que esa solicitud fue recibida en el Consulado de M\u00e9xico en Nueva York.<\/p>\n\n\n\n<p class=\"wp-block-paragraph\">\u201cLo estamos planteando a la<strong>&nbsp;Fiscal\u00eda General de la Rep\u00fablica<\/strong>&nbsp;, ustedes saben que el fiscal (<strong>Alejandro Gertz Manero<\/strong>) ha estado trabajando mucho este tema, porque m\u00e1s all\u00e1 del personaje, de la persona que est\u00e1 solicitando, el tema que plantea en la carta, el asunto es c\u00f3mo se da esta detenci\u00f3n\u201d, dijo Sheinbaum.<\/p>\n\n\n\n<p class=\"wp-block-paragraph\">\u201cM\u00e1s all\u00e1 de esta persona y los delitos que haya cometido, el asunto<strong>&nbsp;es el derecho de un ciudadano mexicano&nbsp;<\/strong>frente a ser juzgado haya sin haber seguido todo el procedimiento\u201d, insisti\u00f3.<\/p>\n\n\n\n<p class=\"wp-block-paragraph\">Con Informaci\u00f3n de: <a href=\"https:\/\/www.msn.com\/es-mx\/noticias\/mundo\/consulado-en-nueva-york-ha-respondido-en-tiempo-y-forma-solicitud-de-el-mayo-zambada-sre-busca-seguir-su-proceso-en-m%C3%A9xico\/ar-AA1zNBRH?ocid=msedgntp&amp;pc=U531&amp;cvid=c45941d91ba54cd5a3ee9db2171e9440&amp;ei=50\">https:\/\/www.msn.com\/es-mx\/noticias\/mundo\/consulado-en-nueva-york-ha-respondido-en-tiempo-y-forma-solicitud-de-el-mayo-zambada-sre-busca-seguir-su-proceso-en-m%C3%A9xico\/ar-AA1zNBRH?ocid=msedgntp&amp;pc=U531&amp;cvid=c45941d91ba54cd5a3ee9db2171e9440&amp;ei=50<\/a><\/p>\n\n\n\n<p class=\"wp-block-paragraph\"><\/p>\n","protected":false},"excerpt":{"rendered":"<p>La SRE, a cargo del canciller\u00a0Juan Ram\u00f3n de la Fuente, indic\u00f3 que ese Consulado ha respondido a la \u00absolicitud de asistencia consular\u00bb<\/p>\n","protected":false},"author":1,"featured_media":69229,"comment_status":"closed","ping_status":"closed","sticky":false,"template":"","format":"standard","meta":{"_monsterinsights_skip_tracking":false,"_uf_show_specific_survey":0,"_uf_disable_surveys":false,"footnotes":""},"categories":[36,585],"tags":[1692],"class_list":["post-69228","post","type-post","status-publish","format-standard","has-post-thumbnail","hentry","category-el-mundo","category-principal","tag-mayo-zambada"],"yoast_head":"<!-- This site is optimized with the Yoast SEO plugin v27.5 - https:\/\/yoast.com\/product\/yoast-seo-wordpress\/ -->\n<title>Consulado en NY ha respondido en tiempo solicitud de \u201cEl Mayo\u201d Zambada: SRE; busca seguir su proceso en M\u00e9xico - Fer Abrajan<\/title>\n<meta name=\"description\" content=\"La SRE, a cargo del canciller\u00a0Juan Ram\u00f3n de la Fuente, indic\u00f3 que ese Consulado ha respondido a la &quot;solicitud de asistencia consular&quot;\" \/>\n<meta name=\"robots\" content=\"index, follow, max-snippet:-1, max-image-preview:large, max-video-preview:-1\" \/>\n<link rel=\"canonical\" href=\"https:\/\/ferabrajan.com\/portal\/2025\/02\/26\/consulado-en-ny-ha-respondido-en-tiempo-solicitud-de-el-mayo-zambada-sre-busca-seguir-su-proceso-en-mexico\/\" \/>\n<meta property=\"og:locale\" content=\"es_ES\" \/>\n<meta property=\"og:type\" content=\"article\" \/>\n<meta property=\"og:title\" content=\"Consulado en NY ha respondido en tiempo solicitud de \u201cEl Mayo\u201d Zambada: SRE; busca seguir su proceso en M\u00e9xico - Fer Abrajan\" \/>\n<meta property=\"og:description\" content=\"La SRE, a cargo del canciller\u00a0Juan Ram\u00f3n de la Fuente, indic\u00f3 que ese Consulado ha respondido a la &quot;solicitud de asistencia consular&quot;\" \/>\n<meta property=\"og:url\" content=\"https:\/\/ferabrajan.com\/portal\/2025\/02\/26\/consulado-en-ny-ha-respondido-en-tiempo-solicitud-de-el-mayo-zambada-sre-busca-seguir-su-proceso-en-mexico\/\" \/>\n<meta property=\"og:site_name\" content=\"Fer Abrajan\" \/>\n<meta property=\"article:publisher\" content=\"https:\/\/www.facebook.com\/NoticiasconFerAbrajan\/\" \/>\n<meta property=\"article:published_time\" content=\"2025-02-26T15:01:13+00:00\" \/>\n<meta property=\"article:modified_time\" content=\"2025-02-26T15:14:02+00:00\" \/>\n<meta property=\"og:image\" content=\"https:\/\/ferabrajan.com\/portal\/wp-content\/uploads\/2025\/02\/AA1zyhWg.webp\" \/>\n\t<meta property=\"og:image:width\" content=\"768\" \/>\n\t<meta property=\"og:image:height\" content=\"474\" \/>\n\t<meta property=\"og:image:type\" content=\"image\/webp\" \/>\n<meta name=\"author\" content=\"admin\" \/>\n<meta name=\"twitter:card\" content=\"summary_large_image\" \/>\n<meta name=\"twitter:creator\" content=\"@ferabrajan1\" \/>\n<meta name=\"twitter:site\" content=\"@ferabrajan1\" \/>\n<meta name=\"twitter:label1\" content=\"Escrito por\" \/>\n\t<meta name=\"twitter:data1\" content=\"admin\" \/>\n\t<meta name=\"twitter:label2\" content=\"Tiempo de lectura\" \/>\n\t<meta name=\"twitter:data2\" content=\"2 minutos\" \/>\n<script type=\"application\/ld+json\" class=\"yoast-schema-graph\">{\"@context\":\"https:\\\/\\\/schema.org\",\"@graph\":[{\"@type\":\"Article\",\"@id\":\"https:\\\/\\\/ferabrajan.com\\\/portal\\\/2025\\\/02\\\/26\\\/consulado-en-ny-ha-respondido-en-tiempo-solicitud-de-el-mayo-zambada-sre-busca-seguir-su-proceso-en-mexico\\\/#article\",\"isPartOf\":{\"@id\":\"https:\\\/\\\/ferabrajan.com\\\/portal\\\/2025\\\/02\\\/26\\\/consulado-en-ny-ha-respondido-en-tiempo-solicitud-de-el-mayo-zambada-sre-busca-seguir-su-proceso-en-mexico\\\/\"},\"author\":{\"name\":\"admin\",\"@id\":\"https:\\\/\\\/ferabrajan.com\\\/portal\\\/#\\\/schema\\\/person\\\/f6113b3cb1e036d5c6a9505685b257ba\"},\"headline\":\"Consulado en NY ha respondido en tiempo solicitud de \u201cEl Mayo\u201d Zambada: SRE; busca seguir su proceso en M\u00e9xico\",\"datePublished\":\"2025-02-26T15:01:13+00:00\",\"dateModified\":\"2025-02-26T15:14:02+00:00\",\"mainEntityOfPage\":{\"@id\":\"https:\\\/\\\/ferabrajan.com\\\/portal\\\/2025\\\/02\\\/26\\\/consulado-en-ny-ha-respondido-en-tiempo-solicitud-de-el-mayo-zambada-sre-busca-seguir-su-proceso-en-mexico\\\/\"},\"wordCount\":357,\"publisher\":{\"@id\":\"https:\\\/\\\/ferabrajan.com\\\/portal\\\/#organization\"},\"image\":{\"@id\":\"https:\\\/\\\/ferabrajan.com\\\/portal\\\/2025\\\/02\\\/26\\\/consulado-en-ny-ha-respondido-en-tiempo-solicitud-de-el-mayo-zambada-sre-busca-seguir-su-proceso-en-mexico\\\/#primaryimage\"},\"thumbnailUrl\":\"https:\\\/\\\/ferabrajan.com\\\/portal\\\/wp-content\\\/uploads\\\/2025\\\/02\\\/AA1zyhWg.webp\",\"keywords\":[\"Mayo Zambada\"],\"articleSection\":[\"El Mundo\",\"Principal\"],\"inLanguage\":\"es\"},{\"@type\":\"WebPage\",\"@id\":\"https:\\\/\\\/ferabrajan.com\\\/portal\\\/2025\\\/02\\\/26\\\/consulado-en-ny-ha-respondido-en-tiempo-solicitud-de-el-mayo-zambada-sre-busca-seguir-su-proceso-en-mexico\\\/\",\"url\":\"https:\\\/\\\/ferabrajan.com\\\/portal\\\/2025\\\/02\\\/26\\\/consulado-en-ny-ha-respondido-en-tiempo-solicitud-de-el-mayo-zambada-sre-busca-seguir-su-proceso-en-mexico\\\/\",\"name\":\"Consulado en NY ha respondido en tiempo solicitud de \u201cEl Mayo\u201d Zambada: SRE; busca seguir su proceso en M\u00e9xico - Fer Abrajan\",\"isPartOf\":{\"@id\":\"https:\\\/\\\/ferabrajan.com\\\/portal\\\/#website\"},\"primaryImageOfPage\":{\"@id\":\"https:\\\/\\\/ferabrajan.com\\\/portal\\\/2025\\\/02\\\/26\\\/consulado-en-ny-ha-respondido-en-tiempo-solicitud-de-el-mayo-zambada-sre-busca-seguir-su-proceso-en-mexico\\\/#primaryimage\"},\"image\":{\"@id\":\"https:\\\/\\\/ferabrajan.com\\\/portal\\\/2025\\\/02\\\/26\\\/consulado-en-ny-ha-respondido-en-tiempo-solicitud-de-el-mayo-zambada-sre-busca-seguir-su-proceso-en-mexico\\\/#primaryimage\"},\"thumbnailUrl\":\"https:\\\/\\\/ferabrajan.com\\\/portal\\\/wp-content\\\/uploads\\\/2025\\\/02\\\/AA1zyhWg.webp\",\"datePublished\":\"2025-02-26T15:01:13+00:00\",\"dateModified\":\"2025-02-26T15:14:02+00:00\",\"description\":\"La SRE, a cargo del canciller\u00a0Juan Ram\u00f3n de la Fuente, indic\u00f3 que ese Consulado ha respondido a la \\\"solicitud de asistencia consular\\\"\",\"breadcrumb\":{\"@id\":\"https:\\\/\\\/ferabrajan.com\\\/portal\\\/2025\\\/02\\\/26\\\/consulado-en-ny-ha-respondido-en-tiempo-solicitud-de-el-mayo-zambada-sre-busca-seguir-su-proceso-en-mexico\\\/#breadcrumb\"},\"inLanguage\":\"es\",\"potentialAction\":[{\"@type\":\"ReadAction\",\"target\":[\"https:\\\/\\\/ferabrajan.com\\\/portal\\\/2025\\\/02\\\/26\\\/consulado-en-ny-ha-respondido-en-tiempo-solicitud-de-el-mayo-zambada-sre-busca-seguir-su-proceso-en-mexico\\\/\"]}]},{\"@type\":\"ImageObject\",\"inLanguage\":\"es\",\"@id\":\"https:\\\/\\\/ferabrajan.com\\\/portal\\\/2025\\\/02\\\/26\\\/consulado-en-ny-ha-respondido-en-tiempo-solicitud-de-el-mayo-zambada-sre-busca-seguir-su-proceso-en-mexico\\\/#primaryimage\",\"url\":\"https:\\\/\\\/ferabrajan.com\\\/portal\\\/wp-content\\\/uploads\\\/2025\\\/02\\\/AA1zyhWg.webp\",\"contentUrl\":\"https:\\\/\\\/ferabrajan.com\\\/portal\\\/wp-content\\\/uploads\\\/2025\\\/02\\\/AA1zyhWg.webp\",\"width\":768,\"height\":474},{\"@type\":\"BreadcrumbList\",\"@id\":\"https:\\\/\\\/ferabrajan.com\\\/portal\\\/2025\\\/02\\\/26\\\/consulado-en-ny-ha-respondido-en-tiempo-solicitud-de-el-mayo-zambada-sre-busca-seguir-su-proceso-en-mexico\\\/#breadcrumb\",\"itemListElement\":[{\"@type\":\"ListItem\",\"position\":1,\"name\":\"Portada\",\"item\":\"https:\\\/\\\/ferabrajan.com\\\/portal\\\/\"},{\"@type\":\"ListItem\",\"position\":2,\"name\":\"Consulado en NY ha respondido en tiempo solicitud de \u201cEl Mayo\u201d Zambada: SRE; busca seguir su proceso en M\u00e9xico\"}]},{\"@type\":\"WebSite\",\"@id\":\"https:\\\/\\\/ferabrajan.com\\\/portal\\\/#website\",\"url\":\"https:\\\/\\\/ferabrajan.com\\\/portal\\\/\",\"name\":\"Fer Abrajan\",\"description\":\"Noticias de Puebla, opini\u00f3n y radio en vivo\",\"publisher\":{\"@id\":\"https:\\\/\\\/ferabrajan.com\\\/portal\\\/#organization\"},\"potentialAction\":[{\"@type\":\"SearchAction\",\"target\":{\"@type\":\"EntryPoint\",\"urlTemplate\":\"https:\\\/\\\/ferabrajan.com\\\/portal\\\/?s={search_term_string}\"},\"query-input\":{\"@type\":\"PropertyValueSpecification\",\"valueRequired\":true,\"valueName\":\"search_term_string\"}}],\"inLanguage\":\"es\"},{\"@type\":\"Organization\",\"@id\":\"https:\\\/\\\/ferabrajan.com\\\/portal\\\/#organization\",\"name\":\"Fer Abrajan\",\"url\":\"https:\\\/\\\/ferabrajan.com\\\/portal\\\/\",\"logo\":{\"@type\":\"ImageObject\",\"inLanguage\":\"es\",\"@id\":\"https:\\\/\\\/ferabrajan.com\\\/portal\\\/#\\\/schema\\\/logo\\\/image\\\/\",\"url\":\"https:\\\/\\\/ferabrajan.com\\\/portal\\\/wp-content\\\/uploads\\\/2024\\\/10\\\/cropped-logo.jpeg\",\"contentUrl\":\"https:\\\/\\\/ferabrajan.com\\\/portal\\\/wp-content\\\/uploads\\\/2024\\\/10\\\/cropped-logo.jpeg\",\"width\":500,\"height\":250,\"caption\":\"Fer Abrajan\"},\"image\":{\"@id\":\"https:\\\/\\\/ferabrajan.com\\\/portal\\\/#\\\/schema\\\/logo\\\/image\\\/\"},\"sameAs\":[\"https:\\\/\\\/www.facebook.com\\\/NoticiasconFerAbrajan\\\/\",\"https:\\\/\\\/x.com\\\/ferabrajan1\"]},{\"@type\":\"Person\",\"@id\":\"https:\\\/\\\/ferabrajan.com\\\/portal\\\/#\\\/schema\\\/person\\\/f6113b3cb1e036d5c6a9505685b257ba\",\"name\":\"admin\",\"image\":{\"@type\":\"ImageObject\",\"inLanguage\":\"es\",\"@id\":\"https:\\\/\\\/secure.gravatar.com\\\/avatar\\\/072baa72775aad53c748dfc5d3048578e01b6c087eef335459ebfa04344e2d18?s=96&d=mm&r=g\",\"url\":\"https:\\\/\\\/secure.gravatar.com\\\/avatar\\\/072baa72775aad53c748dfc5d3048578e01b6c087eef335459ebfa04344e2d18?s=96&d=mm&r=g\",\"contentUrl\":\"https:\\\/\\\/secure.gravatar.com\\\/avatar\\\/072baa72775aad53c748dfc5d3048578e01b6c087eef335459ebfa04344e2d18?s=96&d=mm&r=g\",\"caption\":\"admin\"},\"sameAs\":[\"https:\\\/\\\/ferabrajan.com\\\/portal\"],\"url\":\"https:\\\/\\\/ferabrajan.com\\\/portal\\\/author\\\/admin\\\/\"}]}<\/script>\n<!-- \/ Yoast SEO plugin. -->","yoast_head_json":{"title":"Consulado en NY ha respondido en tiempo solicitud de \u201cEl Mayo\u201d Zambada: SRE; busca seguir su proceso en M\u00e9xico - Fer Abrajan","description":"La SRE, a cargo del canciller\u00a0Juan Ram\u00f3n de la Fuente, indic\u00f3 que ese Consulado ha respondido a la \"solicitud de asistencia consular\"","robots":{"index":"index","follow":"follow","max-snippet":"max-snippet:-1","max-image-preview":"max-image-preview:large","max-video-preview":"max-video-preview:-1"},"canonical":"https:\/\/ferabrajan.com\/portal\/2025\/02\/26\/consulado-en-ny-ha-respondido-en-tiempo-solicitud-de-el-mayo-zambada-sre-busca-seguir-su-proceso-en-mexico\/","og_locale":"es_ES","og_type":"article","og_title":"Consulado en NY ha respondido en tiempo solicitud de \u201cEl Mayo\u201d Zambada: SRE; busca seguir su proceso en M\u00e9xico - Fer Abrajan","og_description":"La SRE, a cargo del canciller\u00a0Juan Ram\u00f3n de la Fuente, indic\u00f3 que ese Consulado ha respondido a la \"solicitud de asistencia consular\"","og_url":"https:\/\/ferabrajan.com\/portal\/2025\/02\/26\/consulado-en-ny-ha-respondido-en-tiempo-solicitud-de-el-mayo-zambada-sre-busca-seguir-su-proceso-en-mexico\/","og_site_name":"Fer Abrajan","article_publisher":"https:\/\/www.facebook.com\/NoticiasconFerAbrajan\/","article_published_time":"2025-02-26T15:01:13+00:00","article_modified_time":"2025-02-26T15:14:02+00:00","og_image":[{"width":768,"height":474,"url":"https:\/\/ferabrajan.com\/portal\/wp-content\/uploads\/2025\/02\/AA1zyhWg.webp","type":"image\/webp"}],"author":"admin","twitter_card":"summary_large_image","twitter_creator":"@ferabrajan1","twitter_site":"@ferabrajan1","twitter_misc":{"Escrito por":"admin","Tiempo de lectura":"2 minutos"},"schema":{"@context":"https:\/\/schema.org","@graph":[{"@type":"Article","@id":"https:\/\/ferabrajan.com\/portal\/2025\/02\/26\/consulado-en-ny-ha-respondido-en-tiempo-solicitud-de-el-mayo-zambada-sre-busca-seguir-su-proceso-en-mexico\/#article","isPartOf":{"@id":"https:\/\/ferabrajan.com\/portal\/2025\/02\/26\/consulado-en-ny-ha-respondido-en-tiempo-solicitud-de-el-mayo-zambada-sre-busca-seguir-su-proceso-en-mexico\/"},"author":{"name":"admin","@id":"https:\/\/ferabrajan.com\/portal\/#\/schema\/person\/f6113b3cb1e036d5c6a9505685b257ba"},"headline":"Consulado en NY ha respondido en tiempo solicitud de \u201cEl Mayo\u201d Zambada: SRE; busca seguir su proceso en M\u00e9xico","datePublished":"2025-02-26T15:01:13+00:00","dateModified":"2025-02-26T15:14:02+00:00","mainEntityOfPage":{"@id":"https:\/\/ferabrajan.com\/portal\/2025\/02\/26\/consulado-en-ny-ha-respondido-en-tiempo-solicitud-de-el-mayo-zambada-sre-busca-seguir-su-proceso-en-mexico\/"},"wordCount":357,"publisher":{"@id":"https:\/\/ferabrajan.com\/portal\/#organization"},"image":{"@id":"https:\/\/ferabrajan.com\/portal\/2025\/02\/26\/consulado-en-ny-ha-respondido-en-tiempo-solicitud-de-el-mayo-zambada-sre-busca-seguir-su-proceso-en-mexico\/#primaryimage"},"thumbnailUrl":"https:\/\/ferabrajan.com\/portal\/wp-content\/uploads\/2025\/02\/AA1zyhWg.webp","keywords":["Mayo Zambada"],"articleSection":["El Mundo","Principal"],"inLanguage":"es"},{"@type":"WebPage","@id":"https:\/\/ferabrajan.com\/portal\/2025\/02\/26\/consulado-en-ny-ha-respondido-en-tiempo-solicitud-de-el-mayo-zambada-sre-busca-seguir-su-proceso-en-mexico\/","url":"https:\/\/ferabrajan.com\/portal\/2025\/02\/26\/consulado-en-ny-ha-respondido-en-tiempo-solicitud-de-el-mayo-zambada-sre-busca-seguir-su-proceso-en-mexico\/","name":"Consulado en NY ha respondido en tiempo solicitud de \u201cEl Mayo\u201d Zambada: SRE; busca seguir su proceso en M\u00e9xico - Fer Abrajan","isPartOf":{"@id":"https:\/\/ferabrajan.com\/portal\/#website"},"primaryImageOfPage":{"@id":"https:\/\/ferabrajan.com\/portal\/2025\/02\/26\/consulado-en-ny-ha-respondido-en-tiempo-solicitud-de-el-mayo-zambada-sre-busca-seguir-su-proceso-en-mexico\/#primaryimage"},"image":{"@id":"https:\/\/ferabrajan.com\/portal\/2025\/02\/26\/consulado-en-ny-ha-respondido-en-tiempo-solicitud-de-el-mayo-zambada-sre-busca-seguir-su-proceso-en-mexico\/#primaryimage"},"thumbnailUrl":"https:\/\/ferabrajan.com\/portal\/wp-content\/uploads\/2025\/02\/AA1zyhWg.webp","datePublished":"2025-02-26T15:01:13+00:00","dateModified":"2025-02-26T15:14:02+00:00","description":"La SRE, a cargo del canciller\u00a0Juan Ram\u00f3n de la Fuente, indic\u00f3 que ese Consulado ha respondido a la \"solicitud de asistencia consular\"","breadcrumb":{"@id":"https:\/\/ferabrajan.com\/portal\/2025\/02\/26\/consulado-en-ny-ha-respondido-en-tiempo-solicitud-de-el-mayo-zambada-sre-busca-seguir-su-proceso-en-mexico\/#breadcrumb"},"inLanguage":"es","potentialAction":[{"@type":"ReadAction","target":["https:\/\/ferabrajan.com\/portal\/2025\/02\/26\/consulado-en-ny-ha-respondido-en-tiempo-solicitud-de-el-mayo-zambada-sre-busca-seguir-su-proceso-en-mexico\/"]}]},{"@type":"ImageObject","inLanguage":"es","@id":"https:\/\/ferabrajan.com\/portal\/2025\/02\/26\/consulado-en-ny-ha-respondido-en-tiempo-solicitud-de-el-mayo-zambada-sre-busca-seguir-su-proceso-en-mexico\/#primaryimage","url":"https:\/\/ferabrajan.com\/portal\/wp-content\/uploads\/2025\/02\/AA1zyhWg.webp","contentUrl":"https:\/\/ferabrajan.com\/portal\/wp-content\/uploads\/2025\/02\/AA1zyhWg.webp","width":768,"height":474},{"@type":"BreadcrumbList","@id":"https:\/\/ferabrajan.com\/portal\/2025\/02\/26\/consulado-en-ny-ha-respondido-en-tiempo-solicitud-de-el-mayo-zambada-sre-busca-seguir-su-proceso-en-mexico\/#breadcrumb","itemListElement":[{"@type":"ListItem","position":1,"name":"Portada","item":"https:\/\/ferabrajan.com\/portal\/"},{"@type":"ListItem","position":2,"name":"Consulado en NY ha respondido en tiempo solicitud de \u201cEl Mayo\u201d Zambada: SRE; busca seguir su proceso en M\u00e9xico"}]},{"@type":"WebSite","@id":"https:\/\/ferabrajan.com\/portal\/#website","url":"https:\/\/ferabrajan.com\/portal\/","name":"Fer Abrajan","description":"Noticias de Puebla, opini\u00f3n y radio en vivo","publisher":{"@id":"https:\/\/ferabrajan.com\/portal\/#organization"},"potentialAction":[{"@type":"SearchAction","target":{"@type":"EntryPoint","urlTemplate":"https:\/\/ferabrajan.com\/portal\/?s={search_term_string}"},"query-input":{"@type":"PropertyValueSpecification","valueRequired":true,"valueName":"search_term_string"}}],"inLanguage":"es"},{"@type":"Organization","@id":"https:\/\/ferabrajan.com\/portal\/#organization","name":"Fer Abrajan","url":"https:\/\/ferabrajan.com\/portal\/","logo":{"@type":"ImageObject","inLanguage":"es","@id":"https:\/\/ferabrajan.com\/portal\/#\/schema\/logo\/image\/","url":"https:\/\/ferabrajan.com\/portal\/wp-content\/uploads\/2024\/10\/cropped-logo.jpeg","contentUrl":"https:\/\/ferabrajan.com\/portal\/wp-content\/uploads\/2024\/10\/cropped-logo.jpeg","width":500,"height":250,"caption":"Fer Abrajan"},"image":{"@id":"https:\/\/ferabrajan.com\/portal\/#\/schema\/logo\/image\/"},"sameAs":["https:\/\/www.facebook.com\/NoticiasconFerAbrajan\/","https:\/\/x.com\/ferabrajan1"]},{"@type":"Person","@id":"https:\/\/ferabrajan.com\/portal\/#\/schema\/person\/f6113b3cb1e036d5c6a9505685b257ba","name":"admin","image":{"@type":"ImageObject","inLanguage":"es","@id":"https:\/\/secure.gravatar.com\/avatar\/072baa72775aad53c748dfc5d3048578e01b6c087eef335459ebfa04344e2d18?s=96&d=mm&r=g","url":"https:\/\/secure.gravatar.com\/avatar\/072baa72775aad53c748dfc5d3048578e01b6c087eef335459ebfa04344e2d18?s=96&d=mm&r=g","contentUrl":"https:\/\/secure.gravatar.com\/avatar\/072baa72775aad53c748dfc5d3048578e01b6c087eef335459ebfa04344e2d18?s=96&d=mm&r=g","caption":"admin"},"sameAs":["https:\/\/ferabrajan.com\/portal"],"url":"https:\/\/ferabrajan.com\/portal\/author\/admin\/"}]}},"_links":{"self":[{"href":"https:\/\/ferabrajan.com\/portal\/wp-json\/wp\/v2\/posts\/69228","targetHints":{"allow":["GET"]}}],"collection":[{"href":"https:\/\/ferabrajan.com\/portal\/wp-json\/wp\/v2\/posts"}],"about":[{"href":"https:\/\/ferabrajan.com\/portal\/wp-json\/wp\/v2\/types\/post"}],"author":[{"embeddable":true,"href":"https:\/\/ferabrajan.com\/portal\/wp-json\/wp\/v2\/users\/1"}],"replies":[{"embeddable":true,"href":"https:\/\/ferabrajan.com\/portal\/wp-json\/wp\/v2\/comments?post=69228"}],"version-history":[{"count":0,"href":"https:\/\/ferabrajan.com\/portal\/wp-json\/wp\/v2\/posts\/69228\/revisions"}],"wp:featuredmedia":[{"embeddable":true,"href":"https:\/\/ferabrajan.com\/portal\/wp-json\/wp\/v2\/media\/69229"}],"wp:attachment":[{"href":"https:\/\/ferabrajan.com\/portal\/wp-json\/wp\/v2\/media?parent=69228"}],"wp:term":[{"taxonomy":"category","embeddable":true,"href":"https:\/\/ferabrajan.com\/portal\/wp-json\/wp\/v2\/categories?post=69228"},{"taxonomy":"post_tag","embeddable":true,"href":"https:\/\/ferabrajan.com\/portal\/wp-json\/wp\/v2\/tags?post=69228"}],"curies":[{"name":"wp","href":"https:\/\/api.w.org\/{rel}","templated":true}]}}