{"id":68193,"date":"2025-01-24T20:08:18","date_gmt":"2025-01-24T20:08:18","guid":{"rendered":"https:\/\/ferabrajan.com\/portal\/?p=68193"},"modified":"2025-01-24T20:08:26","modified_gmt":"2025-01-24T20:08:26","slug":"puebla-se-afianza-como-destino-turistico-de-clase-mundial-en-la-fitur-2025","status":"publish","type":"post","link":"https:\/\/ferabrajan.com\/portal\/2025\/01\/24\/puebla-se-afianza-como-destino-turistico-de-clase-mundial-en-la-fitur-2025\/","title":{"rendered":"Puebla se afianza como destino tur\u00edstico de clase mundial en la FITUR 2025"},"content":{"rendered":"\n<p class=\"wp-block-paragraph\"><strong>MADRID, ESPA\u00d1A.-<\/strong>&nbsp;Por su historia, cultura, patrimonio, gastronom\u00eda, infraestructura hotelera y atractivos naturales, as\u00ed como por sus Pueblos M\u00e1gicos y Milenarios, 50 municipios con vocaci\u00f3n tur\u00edstica y la capital del estado, Puebla fue promocionada en la Feria Internacional de Turismo 2025 (FITUR) de Madrid, Espa\u00f1a, como un destino tur\u00edstico de clase mundial.<\/p>\n\n\n\n<p class=\"wp-block-paragraph\">En el segundo d\u00eda de actividades, la secretaria de Desarrollo Tur\u00edstico, Yadira Lira Navarro, a nombre del gobernador Alejandro Armenta, present\u00f3 a Puebla como uno de los mejores destinos de M\u00e9xico al sostener diversos encuentros con representantes de la Asociaci\u00f3n Internacional para la Cooperaci\u00f3n Tur\u00edstica (ASICOTUR), de la Organizaci\u00f3n de las Naciones Unidas-Turismo (UNT) y del Consejo Metropolitano.<\/p>\n\n\n\n<p class=\"wp-block-paragraph\">La funcionaria estatal refrend\u00f3 su compromiso de trabajar en conjunto y de replicar acciones que beneficien a las comunidades con vocaci\u00f3n tur\u00edstica de la entidad y as\u00ed \u201cPensar en Grande\u201d.<\/p>\n\n\n\n<p class=\"wp-block-paragraph\">Durante los encuentros que sostuvo con touroperadores, medios de comunicaci\u00f3n y expertos en turismo internacional, Lira Navarro, dej\u00f3 en claro que al mandatario Alejandro Armenta le interesa impulsar el turismo comunitario, siguiendo la directriz de la presidenta de M\u00e9xico, Claudia Sheinbaum y Por Amor a Puebla, a fin de que, con la llegada de m\u00e1s visitantes y turistas, se impulse el desarrollo econ\u00f3mico de la entidad.<\/p>\n\n\n\n<p class=\"wp-block-paragraph\">La titular de Turismo de Puebla, tambi\u00e9n estuvo presente durante el anuncio que hizo la secretaria de Turismo federal, Josefina Rodr\u00edguez Zamora, en el sentido de que M\u00e9xico ser\u00e1 Pa\u00eds Socio en la FITUR 2026, decisi\u00f3n que posicionar\u00e1 a\u00fan m\u00e1s al territorio mexicano, a nivel mundial.<\/p>\n\n\n\n<p class=\"wp-block-paragraph\">Es preciso comentar que la FITUR es una de las ferias m\u00e1s importantes a nivel internacional, donde participan m\u00e1s de 9 mil 500 empresas de 156 pa\u00edses y 884 expositores, en una extensi\u00f3n superior a los 69 mil metros cuadrados.<\/p>\n","protected":false},"excerpt":{"rendered":"<p>La secretaria de Desarrollo Tur\u00edstico, Yadira Lira Navarro, promociona a Puebla ante representantes de diversas organizaciones mundiales.<\/p>\n","protected":false},"author":3,"featured_media":68194,"comment_status":"closed","ping_status":"closed","sticky":false,"template":"","format":"standard","meta":{"_monsterinsights_skip_tracking":false,"_uf_show_specific_survey":0,"_uf_disable_surveys":false,"footnotes":""},"categories":[585,34],"tags":[],"class_list":["post-68193","post","type-post","status-publish","format-standard","has-post-thumbnail","hentry","category-principal","category-puebla"],"yoast_head":"<!-- This site is optimized with the Yoast SEO plugin v27.5 - https:\/\/yoast.com\/product\/yoast-seo-wordpress\/ -->\n<title>Puebla se afianza como destino tur\u00edstico de clase mundial en la FITUR 2025 - Fer Abrajan<\/title>\n<meta name=\"description\" content=\"La secretaria de Desarrollo Tur\u00edstico, Yadira Lira Navarro, promociona a Puebla ante representantes de diversas organizaciones mundiales.\" \/>\n<meta name=\"robots\" content=\"index, follow, max-snippet:-1, max-image-preview:large, max-video-preview:-1\" \/>\n<link rel=\"canonical\" href=\"https:\/\/ferabrajan.com\/portal\/2025\/01\/24\/puebla-se-afianza-como-destino-turistico-de-clase-mundial-en-la-fitur-2025\/\" \/>\n<meta property=\"og:locale\" content=\"es_ES\" \/>\n<meta property=\"og:type\" content=\"article\" \/>\n<meta property=\"og:title\" content=\"Puebla se afianza como destino tur\u00edstico de clase mundial en la FITUR 2025 - Fer Abrajan\" \/>\n<meta property=\"og:description\" content=\"La secretaria de Desarrollo Tur\u00edstico, Yadira Lira Navarro, promociona a Puebla ante representantes de diversas organizaciones mundiales.\" \/>\n<meta property=\"og:url\" content=\"https:\/\/ferabrajan.com\/portal\/2025\/01\/24\/puebla-se-afianza-como-destino-turistico-de-clase-mundial-en-la-fitur-2025\/\" \/>\n<meta property=\"og:site_name\" content=\"Fer Abrajan\" \/>\n<meta property=\"article:publisher\" content=\"https:\/\/www.facebook.com\/NoticiasconFerAbrajan\/\" \/>\n<meta property=\"article:published_time\" content=\"2025-01-24T20:08:18+00:00\" \/>\n<meta property=\"article:modified_time\" content=\"2025-01-24T20:08:26+00:00\" \/>\n<meta property=\"og:image\" content=\"https:\/\/ferabrajan.com\/portal\/wp-content\/uploads\/2025\/01\/0d0fe124-a660-43b1-a0ce-98b4c3888955.jpeg\" \/>\n\t<meta property=\"og:image:width\" content=\"1600\" \/>\n\t<meta property=\"og:image:height\" content=\"1066\" \/>\n\t<meta property=\"og:image:type\" content=\"image\/jpeg\" \/>\n<meta name=\"author\" content=\"Rebeca N\u00fa\u00f1ez\" \/>\n<meta name=\"twitter:card\" content=\"summary_large_image\" \/>\n<meta name=\"twitter:creator\" content=\"@ferabrajan1\" \/>\n<meta name=\"twitter:site\" content=\"@ferabrajan1\" \/>\n<meta name=\"twitter:label1\" content=\"Escrito por\" \/>\n\t<meta name=\"twitter:data1\" content=\"Rebeca N\u00fa\u00f1ez\" \/>\n\t<meta name=\"twitter:label2\" content=\"Tiempo de lectura\" \/>\n\t<meta name=\"twitter:data2\" content=\"2 minutos\" \/>\n<script type=\"application\/ld+json\" class=\"yoast-schema-graph\">{\"@context\":\"https:\\\/\\\/schema.org\",\"@graph\":[{\"@type\":\"Article\",\"@id\":\"https:\\\/\\\/ferabrajan.com\\\/portal\\\/2025\\\/01\\\/24\\\/puebla-se-afianza-como-destino-turistico-de-clase-mundial-en-la-fitur-2025\\\/#article\",\"isPartOf\":{\"@id\":\"https:\\\/\\\/ferabrajan.com\\\/portal\\\/2025\\\/01\\\/24\\\/puebla-se-afianza-como-destino-turistico-de-clase-mundial-en-la-fitur-2025\\\/\"},\"author\":{\"name\":\"Rebeca N\u00fa\u00f1ez\",\"@id\":\"https:\\\/\\\/ferabrajan.com\\\/portal\\\/#\\\/schema\\\/person\\\/a79364e0091921e733584c4833bc7a50\"},\"headline\":\"Puebla se afianza como destino tur\u00edstico de clase mundial en la FITUR 2025\",\"datePublished\":\"2025-01-24T20:08:18+00:00\",\"dateModified\":\"2025-01-24T20:08:26+00:00\",\"mainEntityOfPage\":{\"@id\":\"https:\\\/\\\/ferabrajan.com\\\/portal\\\/2025\\\/01\\\/24\\\/puebla-se-afianza-como-destino-turistico-de-clase-mundial-en-la-fitur-2025\\\/\"},\"wordCount\":330,\"publisher\":{\"@id\":\"https:\\\/\\\/ferabrajan.com\\\/portal\\\/#organization\"},\"image\":{\"@id\":\"https:\\\/\\\/ferabrajan.com\\\/portal\\\/2025\\\/01\\\/24\\\/puebla-se-afianza-como-destino-turistico-de-clase-mundial-en-la-fitur-2025\\\/#primaryimage\"},\"thumbnailUrl\":\"https:\\\/\\\/ferabrajan.com\\\/portal\\\/wp-content\\\/uploads\\\/2025\\\/01\\\/0d0fe124-a660-43b1-a0ce-98b4c3888955.jpeg\",\"articleSection\":[\"Principal\",\"Puebla\"],\"inLanguage\":\"es\"},{\"@type\":\"WebPage\",\"@id\":\"https:\\\/\\\/ferabrajan.com\\\/portal\\\/2025\\\/01\\\/24\\\/puebla-se-afianza-como-destino-turistico-de-clase-mundial-en-la-fitur-2025\\\/\",\"url\":\"https:\\\/\\\/ferabrajan.com\\\/portal\\\/2025\\\/01\\\/24\\\/puebla-se-afianza-como-destino-turistico-de-clase-mundial-en-la-fitur-2025\\\/\",\"name\":\"Puebla se afianza como destino tur\u00edstico de clase mundial en la FITUR 2025 - Fer Abrajan\",\"isPartOf\":{\"@id\":\"https:\\\/\\\/ferabrajan.com\\\/portal\\\/#website\"},\"primaryImageOfPage\":{\"@id\":\"https:\\\/\\\/ferabrajan.com\\\/portal\\\/2025\\\/01\\\/24\\\/puebla-se-afianza-como-destino-turistico-de-clase-mundial-en-la-fitur-2025\\\/#primaryimage\"},\"image\":{\"@id\":\"https:\\\/\\\/ferabrajan.com\\\/portal\\\/2025\\\/01\\\/24\\\/puebla-se-afianza-como-destino-turistico-de-clase-mundial-en-la-fitur-2025\\\/#primaryimage\"},\"thumbnailUrl\":\"https:\\\/\\\/ferabrajan.com\\\/portal\\\/wp-content\\\/uploads\\\/2025\\\/01\\\/0d0fe124-a660-43b1-a0ce-98b4c3888955.jpeg\",\"datePublished\":\"2025-01-24T20:08:18+00:00\",\"dateModified\":\"2025-01-24T20:08:26+00:00\",\"description\":\"La secretaria de Desarrollo Tur\u00edstico, Yadira Lira Navarro, promociona a Puebla ante representantes de diversas organizaciones mundiales.\",\"breadcrumb\":{\"@id\":\"https:\\\/\\\/ferabrajan.com\\\/portal\\\/2025\\\/01\\\/24\\\/puebla-se-afianza-como-destino-turistico-de-clase-mundial-en-la-fitur-2025\\\/#breadcrumb\"},\"inLanguage\":\"es\",\"potentialAction\":[{\"@type\":\"ReadAction\",\"target\":[\"https:\\\/\\\/ferabrajan.com\\\/portal\\\/2025\\\/01\\\/24\\\/puebla-se-afianza-como-destino-turistico-de-clase-mundial-en-la-fitur-2025\\\/\"]}]},{\"@type\":\"ImageObject\",\"inLanguage\":\"es\",\"@id\":\"https:\\\/\\\/ferabrajan.com\\\/portal\\\/2025\\\/01\\\/24\\\/puebla-se-afianza-como-destino-turistico-de-clase-mundial-en-la-fitur-2025\\\/#primaryimage\",\"url\":\"https:\\\/\\\/ferabrajan.com\\\/portal\\\/wp-content\\\/uploads\\\/2025\\\/01\\\/0d0fe124-a660-43b1-a0ce-98b4c3888955.jpeg\",\"contentUrl\":\"https:\\\/\\\/ferabrajan.com\\\/portal\\\/wp-content\\\/uploads\\\/2025\\\/01\\\/0d0fe124-a660-43b1-a0ce-98b4c3888955.jpeg\",\"width\":1600,\"height\":1066},{\"@type\":\"BreadcrumbList\",\"@id\":\"https:\\\/\\\/ferabrajan.com\\\/portal\\\/2025\\\/01\\\/24\\\/puebla-se-afianza-como-destino-turistico-de-clase-mundial-en-la-fitur-2025\\\/#breadcrumb\",\"itemListElement\":[{\"@type\":\"ListItem\",\"position\":1,\"name\":\"Portada\",\"item\":\"https:\\\/\\\/ferabrajan.com\\\/portal\\\/\"},{\"@type\":\"ListItem\",\"position\":2,\"name\":\"Puebla se afianza como destino tur\u00edstico de clase mundial en la FITUR 2025\"}]},{\"@type\":\"WebSite\",\"@id\":\"https:\\\/\\\/ferabrajan.com\\\/portal\\\/#website\",\"url\":\"https:\\\/\\\/ferabrajan.com\\\/portal\\\/\",\"name\":\"Fer Abrajan\",\"description\":\"Noticias de Puebla, opini\u00f3n y radio en vivo\",\"publisher\":{\"@id\":\"https:\\\/\\\/ferabrajan.com\\\/portal\\\/#organization\"},\"potentialAction\":[{\"@type\":\"SearchAction\",\"target\":{\"@type\":\"EntryPoint\",\"urlTemplate\":\"https:\\\/\\\/ferabrajan.com\\\/portal\\\/?s={search_term_string}\"},\"query-input\":{\"@type\":\"PropertyValueSpecification\",\"valueRequired\":true,\"valueName\":\"search_term_string\"}}],\"inLanguage\":\"es\"},{\"@type\":\"Organization\",\"@id\":\"https:\\\/\\\/ferabrajan.com\\\/portal\\\/#organization\",\"name\":\"Fer Abrajan\",\"url\":\"https:\\\/\\\/ferabrajan.com\\\/portal\\\/\",\"logo\":{\"@type\":\"ImageObject\",\"inLanguage\":\"es\",\"@id\":\"https:\\\/\\\/ferabrajan.com\\\/portal\\\/#\\\/schema\\\/logo\\\/image\\\/\",\"url\":\"https:\\\/\\\/ferabrajan.com\\\/portal\\\/wp-content\\\/uploads\\\/2024\\\/10\\\/cropped-logo.jpeg\",\"contentUrl\":\"https:\\\/\\\/ferabrajan.com\\\/portal\\\/wp-content\\\/uploads\\\/2024\\\/10\\\/cropped-logo.jpeg\",\"width\":500,\"height\":250,\"caption\":\"Fer Abrajan\"},\"image\":{\"@id\":\"https:\\\/\\\/ferabrajan.com\\\/portal\\\/#\\\/schema\\\/logo\\\/image\\\/\"},\"sameAs\":[\"https:\\\/\\\/www.facebook.com\\\/NoticiasconFerAbrajan\\\/\",\"https:\\\/\\\/x.com\\\/ferabrajan1\"]},{\"@type\":\"Person\",\"@id\":\"https:\\\/\\\/ferabrajan.com\\\/portal\\\/#\\\/schema\\\/person\\\/a79364e0091921e733584c4833bc7a50\",\"name\":\"Rebeca N\u00fa\u00f1ez\",\"image\":{\"@type\":\"ImageObject\",\"inLanguage\":\"es\",\"@id\":\"https:\\\/\\\/secure.gravatar.com\\\/avatar\\\/c9cbf721287e849268cd37eca93cf4be51b2eed9e71c8d0c6825bd912000b74e?s=96&d=mm&r=g\",\"url\":\"https:\\\/\\\/secure.gravatar.com\\\/avatar\\\/c9cbf721287e849268cd37eca93cf4be51b2eed9e71c8d0c6825bd912000b74e?s=96&d=mm&r=g\",\"contentUrl\":\"https:\\\/\\\/secure.gravatar.com\\\/avatar\\\/c9cbf721287e849268cd37eca93cf4be51b2eed9e71c8d0c6825bd912000b74e?s=96&d=mm&r=g\",\"caption\":\"Rebeca N\u00fa\u00f1ez\"},\"url\":\"https:\\\/\\\/ferabrajan.com\\\/portal\\\/author\\\/rebeca\\\/\"}]}<\/script>\n<!-- \/ Yoast SEO plugin. -->","yoast_head_json":{"title":"Puebla se afianza como destino tur\u00edstico de clase mundial en la FITUR 2025 - Fer Abrajan","description":"La secretaria de Desarrollo Tur\u00edstico, Yadira Lira Navarro, promociona a Puebla ante representantes de diversas organizaciones mundiales.","robots":{"index":"index","follow":"follow","max-snippet":"max-snippet:-1","max-image-preview":"max-image-preview:large","max-video-preview":"max-video-preview:-1"},"canonical":"https:\/\/ferabrajan.com\/portal\/2025\/01\/24\/puebla-se-afianza-como-destino-turistico-de-clase-mundial-en-la-fitur-2025\/","og_locale":"es_ES","og_type":"article","og_title":"Puebla se afianza como destino tur\u00edstico de clase mundial en la FITUR 2025 - Fer Abrajan","og_description":"La secretaria de Desarrollo Tur\u00edstico, Yadira Lira Navarro, promociona a Puebla ante representantes de diversas organizaciones mundiales.","og_url":"https:\/\/ferabrajan.com\/portal\/2025\/01\/24\/puebla-se-afianza-como-destino-turistico-de-clase-mundial-en-la-fitur-2025\/","og_site_name":"Fer Abrajan","article_publisher":"https:\/\/www.facebook.com\/NoticiasconFerAbrajan\/","article_published_time":"2025-01-24T20:08:18+00:00","article_modified_time":"2025-01-24T20:08:26+00:00","og_image":[{"width":1600,"height":1066,"url":"https:\/\/ferabrajan.com\/portal\/wp-content\/uploads\/2025\/01\/0d0fe124-a660-43b1-a0ce-98b4c3888955.jpeg","type":"image\/jpeg"}],"author":"Rebeca N\u00fa\u00f1ez","twitter_card":"summary_large_image","twitter_creator":"@ferabrajan1","twitter_site":"@ferabrajan1","twitter_misc":{"Escrito por":"Rebeca N\u00fa\u00f1ez","Tiempo de lectura":"2 minutos"},"schema":{"@context":"https:\/\/schema.org","@graph":[{"@type":"Article","@id":"https:\/\/ferabrajan.com\/portal\/2025\/01\/24\/puebla-se-afianza-como-destino-turistico-de-clase-mundial-en-la-fitur-2025\/#article","isPartOf":{"@id":"https:\/\/ferabrajan.com\/portal\/2025\/01\/24\/puebla-se-afianza-como-destino-turistico-de-clase-mundial-en-la-fitur-2025\/"},"author":{"name":"Rebeca N\u00fa\u00f1ez","@id":"https:\/\/ferabrajan.com\/portal\/#\/schema\/person\/a79364e0091921e733584c4833bc7a50"},"headline":"Puebla se afianza como destino tur\u00edstico de clase mundial en la FITUR 2025","datePublished":"2025-01-24T20:08:18+00:00","dateModified":"2025-01-24T20:08:26+00:00","mainEntityOfPage":{"@id":"https:\/\/ferabrajan.com\/portal\/2025\/01\/24\/puebla-se-afianza-como-destino-turistico-de-clase-mundial-en-la-fitur-2025\/"},"wordCount":330,"publisher":{"@id":"https:\/\/ferabrajan.com\/portal\/#organization"},"image":{"@id":"https:\/\/ferabrajan.com\/portal\/2025\/01\/24\/puebla-se-afianza-como-destino-turistico-de-clase-mundial-en-la-fitur-2025\/#primaryimage"},"thumbnailUrl":"https:\/\/ferabrajan.com\/portal\/wp-content\/uploads\/2025\/01\/0d0fe124-a660-43b1-a0ce-98b4c3888955.jpeg","articleSection":["Principal","Puebla"],"inLanguage":"es"},{"@type":"WebPage","@id":"https:\/\/ferabrajan.com\/portal\/2025\/01\/24\/puebla-se-afianza-como-destino-turistico-de-clase-mundial-en-la-fitur-2025\/","url":"https:\/\/ferabrajan.com\/portal\/2025\/01\/24\/puebla-se-afianza-como-destino-turistico-de-clase-mundial-en-la-fitur-2025\/","name":"Puebla se afianza como destino tur\u00edstico de clase mundial en la FITUR 2025 - Fer Abrajan","isPartOf":{"@id":"https:\/\/ferabrajan.com\/portal\/#website"},"primaryImageOfPage":{"@id":"https:\/\/ferabrajan.com\/portal\/2025\/01\/24\/puebla-se-afianza-como-destino-turistico-de-clase-mundial-en-la-fitur-2025\/#primaryimage"},"image":{"@id":"https:\/\/ferabrajan.com\/portal\/2025\/01\/24\/puebla-se-afianza-como-destino-turistico-de-clase-mundial-en-la-fitur-2025\/#primaryimage"},"thumbnailUrl":"https:\/\/ferabrajan.com\/portal\/wp-content\/uploads\/2025\/01\/0d0fe124-a660-43b1-a0ce-98b4c3888955.jpeg","datePublished":"2025-01-24T20:08:18+00:00","dateModified":"2025-01-24T20:08:26+00:00","description":"La secretaria de Desarrollo Tur\u00edstico, Yadira Lira Navarro, promociona a Puebla ante representantes de diversas organizaciones mundiales.","breadcrumb":{"@id":"https:\/\/ferabrajan.com\/portal\/2025\/01\/24\/puebla-se-afianza-como-destino-turistico-de-clase-mundial-en-la-fitur-2025\/#breadcrumb"},"inLanguage":"es","potentialAction":[{"@type":"ReadAction","target":["https:\/\/ferabrajan.com\/portal\/2025\/01\/24\/puebla-se-afianza-como-destino-turistico-de-clase-mundial-en-la-fitur-2025\/"]}]},{"@type":"ImageObject","inLanguage":"es","@id":"https:\/\/ferabrajan.com\/portal\/2025\/01\/24\/puebla-se-afianza-como-destino-turistico-de-clase-mundial-en-la-fitur-2025\/#primaryimage","url":"https:\/\/ferabrajan.com\/portal\/wp-content\/uploads\/2025\/01\/0d0fe124-a660-43b1-a0ce-98b4c3888955.jpeg","contentUrl":"https:\/\/ferabrajan.com\/portal\/wp-content\/uploads\/2025\/01\/0d0fe124-a660-43b1-a0ce-98b4c3888955.jpeg","width":1600,"height":1066},{"@type":"BreadcrumbList","@id":"https:\/\/ferabrajan.com\/portal\/2025\/01\/24\/puebla-se-afianza-como-destino-turistico-de-clase-mundial-en-la-fitur-2025\/#breadcrumb","itemListElement":[{"@type":"ListItem","position":1,"name":"Portada","item":"https:\/\/ferabrajan.com\/portal\/"},{"@type":"ListItem","position":2,"name":"Puebla se afianza como destino tur\u00edstico de clase mundial en la FITUR 2025"}]},{"@type":"WebSite","@id":"https:\/\/ferabrajan.com\/portal\/#website","url":"https:\/\/ferabrajan.com\/portal\/","name":"Fer Abrajan","description":"Noticias de Puebla, opini\u00f3n y radio en vivo","publisher":{"@id":"https:\/\/ferabrajan.com\/portal\/#organization"},"potentialAction":[{"@type":"SearchAction","target":{"@type":"EntryPoint","urlTemplate":"https:\/\/ferabrajan.com\/portal\/?s={search_term_string}"},"query-input":{"@type":"PropertyValueSpecification","valueRequired":true,"valueName":"search_term_string"}}],"inLanguage":"es"},{"@type":"Organization","@id":"https:\/\/ferabrajan.com\/portal\/#organization","name":"Fer Abrajan","url":"https:\/\/ferabrajan.com\/portal\/","logo":{"@type":"ImageObject","inLanguage":"es","@id":"https:\/\/ferabrajan.com\/portal\/#\/schema\/logo\/image\/","url":"https:\/\/ferabrajan.com\/portal\/wp-content\/uploads\/2024\/10\/cropped-logo.jpeg","contentUrl":"https:\/\/ferabrajan.com\/portal\/wp-content\/uploads\/2024\/10\/cropped-logo.jpeg","width":500,"height":250,"caption":"Fer Abrajan"},"image":{"@id":"https:\/\/ferabrajan.com\/portal\/#\/schema\/logo\/image\/"},"sameAs":["https:\/\/www.facebook.com\/NoticiasconFerAbrajan\/","https:\/\/x.com\/ferabrajan1"]},{"@type":"Person","@id":"https:\/\/ferabrajan.com\/portal\/#\/schema\/person\/a79364e0091921e733584c4833bc7a50","name":"Rebeca N\u00fa\u00f1ez","image":{"@type":"ImageObject","inLanguage":"es","@id":"https:\/\/secure.gravatar.com\/avatar\/c9cbf721287e849268cd37eca93cf4be51b2eed9e71c8d0c6825bd912000b74e?s=96&d=mm&r=g","url":"https:\/\/secure.gravatar.com\/avatar\/c9cbf721287e849268cd37eca93cf4be51b2eed9e71c8d0c6825bd912000b74e?s=96&d=mm&r=g","contentUrl":"https:\/\/secure.gravatar.com\/avatar\/c9cbf721287e849268cd37eca93cf4be51b2eed9e71c8d0c6825bd912000b74e?s=96&d=mm&r=g","caption":"Rebeca N\u00fa\u00f1ez"},"url":"https:\/\/ferabrajan.com\/portal\/author\/rebeca\/"}]}},"_links":{"self":[{"href":"https:\/\/ferabrajan.com\/portal\/wp-json\/wp\/v2\/posts\/68193","targetHints":{"allow":["GET"]}}],"collection":[{"href":"https:\/\/ferabrajan.com\/portal\/wp-json\/wp\/v2\/posts"}],"about":[{"href":"https:\/\/ferabrajan.com\/portal\/wp-json\/wp\/v2\/types\/post"}],"author":[{"embeddable":true,"href":"https:\/\/ferabrajan.com\/portal\/wp-json\/wp\/v2\/users\/3"}],"replies":[{"embeddable":true,"href":"https:\/\/ferabrajan.com\/portal\/wp-json\/wp\/v2\/comments?post=68193"}],"version-history":[{"count":0,"href":"https:\/\/ferabrajan.com\/portal\/wp-json\/wp\/v2\/posts\/68193\/revisions"}],"wp:featuredmedia":[{"embeddable":true,"href":"https:\/\/ferabrajan.com\/portal\/wp-json\/wp\/v2\/media\/68194"}],"wp:attachment":[{"href":"https:\/\/ferabrajan.com\/portal\/wp-json\/wp\/v2\/media?parent=68193"}],"wp:term":[{"taxonomy":"category","embeddable":true,"href":"https:\/\/ferabrajan.com\/portal\/wp-json\/wp\/v2\/categories?post=68193"},{"taxonomy":"post_tag","embeddable":true,"href":"https:\/\/ferabrajan.com\/portal\/wp-json\/wp\/v2\/tags?post=68193"}],"curies":[{"name":"wp","href":"https:\/\/api.w.org\/{rel}","templated":true}]}}