{"id":67791,"date":"2025-01-10T14:58:48","date_gmt":"2025-01-10T14:58:48","guid":{"rendered":"https:\/\/ferabrajan.com\/portal\/?p=67791"},"modified":"2025-01-10T14:59:04","modified_gmt":"2025-01-10T14:59:04","slug":"beca-rita-cetina-este-es-el-ultimo-dia-para-recoger-la-tarjeta-del-bienestar","status":"publish","type":"post","link":"https:\/\/ferabrajan.com\/portal\/2025\/01\/10\/beca-rita-cetina-este-es-el-ultimo-dia-para-recoger-la-tarjeta-del-bienestar\/","title":{"rendered":"Beca Rita Cetina: este es el \u00faltimo d\u00eda para recoger la tarjeta del Bienestar"},"content":{"rendered":"\n<p class=\"wp-block-paragraph\">Est\u00e1 pronosticado que\u00a0durante\u00a0la primera etapa del programa de\u00a0Becas\u00a0Rita Cetina, alrededor de 5.6 millones de estudiantes sean beneficiados con el\u00a0apoyo econ\u00f3mico de 1,900 pesos bimestrales. Pero, \u00bfcu\u00e1ndo es el \u00faltimo\u00a0para recoger la\u00a0<strong>tarjeta del Bienestar<\/strong>? Te contamos.<\/p>\n\n\n\n<p class=\"wp-block-paragraph\">S\u00f3lo que antes, es importante recordar que las entregas que se realizar\u00e1n a lo largo de el a\u00f1o&nbsp;<strong>2025&nbsp;<\/strong>\u00fanicamente est\u00e1n&nbsp;dirigidas a los alumnos que se encuentran cursando el nivel&nbsp;<strong>secundaria&nbsp;<\/strong>en alguna escuela p\u00fablica del pa\u00eds. En este sentido, ser\u00e1 hasta despu\u00e9s cuando el programa llegue a otros grados de educaci\u00f3n b\u00e1sica.&nbsp;<\/p>\n\n\n\n<p class=\"wp-block-paragraph\">Lo anterior tomando en cuenta que uno de los principales objetivos de esta\u00a0beca\u00a0es apoyar a las familias mexicanas que tengan en casa a\u00a0menores de edad estudiando tanto en preescolar, primaria y secundaria, as\u00ed que pr\u00f3ximamente podr\u00eda abrirse una nueva convocatoria.\u00a0<strong>Noticias Relacionadas<\/strong><\/p>\n\n\n\n<ul class=\"wp-block-list\">\n<li><img decoding=\"async\" src=\"https:\/\/img-s-msn-com.akamaized.net\/tenant\/amp\/entityid\/BB1rcabE.img?w=171&amp;h=96&amp;m=6\" alt=\"Foto ilustrativa de la nota titulada: Beca para bailarines: Secretar\u00eda de Cultura lanza convocatoria en la CDMX;\u00a0ofrece 6 mil pesos mensuales\"><\/li>\n\n\n\n<li>Foto ilustrativa de la nota titulada: Beca para bailarines: Secretar\u00eda de Cultura lanza convocatoria en la CDMX;\u00a0ofrece 6 mil pesos mensualesBeca para bailarines: Secretar\u00eda de Cultura lanza convocatoria en la CDMX;\u00a0ofrece 6 mil pesos mensuales<\/li>\n\n\n\n<li> Beca Benito Ju\u00e1rez: este es el incremento que recibir\u00e1n los alumnos de bachillerato en 2025Beca Benito Ju\u00e1rez: este es el incremento que recibir\u00e1n los alumnos de bachillerato en 2025<\/li>\n\n\n\n<li><img decoding=\"async\" src=\"https:\/\/img-s-msn-com.akamaized.net\/tenant\/amp\/entityid\/BB1rcf4R.img?w=171&amp;h=96&amp;m=6\" alt=\"Foto ilustrativa de la nota titulada: Mi Beca para Empezar 2025: \u00bfPor qu\u00e9 se suspendieron los pagos para los alumnos de secundaria?\"><\/li>\n\n\n\n<li>Foto ilustrativa de la nota titulada: Mi Beca para Empezar 2025: \u00bfPor qu\u00e9 se suspendieron los pagos para los alumnos de secundaria? Mi Beca para Empezar 2025: \u00bfPor qu\u00e9 se suspendieron los pagos para los alumnos de secundaria?<\/li>\n<\/ul>\n\n\n\n<p class=\"wp-block-paragraph\">Mientras tanto, hay que recordar que por ahora, el periodo de registro a la primera fase de la beca concluy\u00f3 el pasado el mi\u00e9rcoles 18 de diciembre de 2024 y que ahora las familias beneficias con este proyecto deber\u00e1n permanecer a los siguientes pasos del procedimiento.&nbsp;<\/p>\n\n\n\n<h2 class=\"wp-block-heading\">\u00bfCu\u00e1ndo es el \u00faltimo d\u00eda para&nbsp;recoger la tarjeta del Bienestar?<\/h2>\n\n\n\n<p class=\"wp-block-paragraph\">Julio Le\u00f3n, coordinador Nacional de Becas para el Bienestar Benito Ju\u00e1rez, ha dado a conocer que actualmente se est\u00e1n realizando las capacitaciones necesarias para la entrega de&nbsp;<strong>tarjetas del Bienestar&nbsp;<\/strong>en las distintas escuelas del pa\u00eds a quienes resultaron beneficiados con la<strong>&nbsp;Beca Rita Cetina<\/strong>. \u00bfCu\u00e1ndo se llevar\u00e1 a cabo?<\/p>\n\n\n\n<p class=\"wp-block-paragraph\">De acuerdo con la informaci\u00f3n oficial compartida hasta el momento, la repartici\u00f3n de pl\u00e1sticos a los estudiantes de M\u00e9xico dar\u00e1 inicio el mi\u00e9rcoles 5 de febrero y tendr\u00e1 como \u00faltimo d\u00eda de entrega el 28 de marzo de este a\u00f1o, es decir, cerca de dos meses despu\u00e9s.&nbsp;<\/p>\n\n\n\n<blockquote class=\"wp-block-quote is-layout-flow wp-block-quote-is-layout-flow\">\n<p class=\"wp-block-paragraph\">\u00abRecuerda que el periodo de entrega de tarjetas del Bienestar&nbsp; a familias beneficiarias de la Beca Rita Cetina ser\u00e1 del 05 de febrero al 28 de marzo de 2025\u00bb se lee en X.&nbsp;<\/p>\n<\/blockquote>\n\n\n\n<h2 class=\"wp-block-heading\">\u00bfC\u00f3mo se realizar\u00e1 la entrega de las tarjetas para la Beca Rita Cetina?<\/h2>\n\n\n\n<p class=\"wp-block-paragraph\">Con base en la informaci\u00f3n compartida de forma oficial, los operativos de entrega de&nbsp;<strong>tarjetas del Bienestar<\/strong>&nbsp;para la&nbsp;<strong>Beca Rita Cetina<\/strong>&nbsp;se realizar\u00e1 en las escuelas secundarias p\u00fablicas de todos los estados de la Rep\u00fablica Mexicana. Lo \u00fanico&nbsp;que deber\u00e1n presentar las madres, padres o&nbsp;tutores de los alumnos, es una identificaci\u00f3n oficial que est\u00e9 vigente y un comprobante de domicilio.&nbsp; No obstante, es conveniente aclarar que las familias beneficiadas deber\u00e1n acudir en el lugar y la fecha en las que se les design\u00f3, ya que en caso de no hacerlo, la entrega de su<strong>&nbsp;tarjeta del Bienestar&nbsp;<\/strong>deber\u00e1 ser reprogramada. \u00a1Mantente al tanto de cualquier aviso oficial!<\/p>\n\n\n\n<p class=\"wp-block-paragraph\">Con Informaci\u00f3n de: <a href=\"https:\/\/www.msn.com\/es-mx\/noticias\/mexico\/beca-rita-cetina-este-es-el-%C3%BAltimo-d%C3%ADa-para-recoger-la-tarjeta-del-bienestar\/ar-BB1rc30Z?ocid=msedgntp&amp;pc=U531&amp;cvid=75bd3310a4d24864862d2f343634a558&amp;ei=25\">https:\/\/www.msn.com\/es-mx\/noticias\/mexico\/beca-rita-cetina-este-es-el-%C3%BAltimo-d%C3%ADa-para-recoger-la-tarjeta-del-bienestar\/ar-BB1rc30Z?ocid=msedgntp&amp;pc=U531&amp;cvid=75bd3310a4d24864862d2f343634a558&amp;ei=25<\/a><\/p>\n","protected":false},"excerpt":{"rendered":"<p> Alrededor de 5.6 millones de estudiantes sean beneficiados con el\u00a0apoyo econ\u00f3mico de 1,900 pesos bimestrales<\/p>\n","protected":false},"author":1,"featured_media":67792,"comment_status":"closed","ping_status":"closed","sticky":false,"template":"","format":"standard","meta":{"_monsterinsights_skip_tracking":false,"_uf_show_specific_survey":0,"_uf_disable_surveys":false,"footnotes":""},"categories":[52,585],"tags":[1127,268,2186],"class_list":["post-67791","post","type-post","status-publish","format-standard","has-post-thumbnail","hentry","category-nacional","category-principal","tag-becas","tag-estudiantes","tag-solidaridad"],"yoast_head":"<!-- This site is optimized with the Yoast SEO plugin v27.5 - https:\/\/yoast.com\/product\/yoast-seo-wordpress\/ -->\n<title>Beca Rita Cetina: este es el \u00faltimo d\u00eda para recoger la tarjeta del Bienestar - Fer Abrajan<\/title>\n<meta name=\"description\" content=\"Alrededor de 5.6 millones de estudiantes sean beneficiados con el\u00a0apoyo econ\u00f3mico de 1,900 pesos bimestrales\" \/>\n<meta name=\"robots\" content=\"index, follow, max-snippet:-1, max-image-preview:large, max-video-preview:-1\" \/>\n<link rel=\"canonical\" href=\"https:\/\/ferabrajan.com\/portal\/2025\/01\/10\/beca-rita-cetina-este-es-el-ultimo-dia-para-recoger-la-tarjeta-del-bienestar\/\" \/>\n<meta property=\"og:locale\" content=\"es_ES\" \/>\n<meta property=\"og:type\" content=\"article\" \/>\n<meta property=\"og:title\" content=\"Beca Rita Cetina: este es el \u00faltimo d\u00eda para recoger la tarjeta del Bienestar - Fer Abrajan\" \/>\n<meta property=\"og:description\" content=\"Alrededor de 5.6 millones de estudiantes sean beneficiados con el\u00a0apoyo econ\u00f3mico de 1,900 pesos bimestrales\" \/>\n<meta property=\"og:url\" content=\"https:\/\/ferabrajan.com\/portal\/2025\/01\/10\/beca-rita-cetina-este-es-el-ultimo-dia-para-recoger-la-tarjeta-del-bienestar\/\" \/>\n<meta property=\"og:site_name\" content=\"Fer Abrajan\" \/>\n<meta property=\"article:publisher\" content=\"https:\/\/www.facebook.com\/NoticiasconFerAbrajan\/\" \/>\n<meta property=\"article:published_time\" content=\"2025-01-10T14:58:48+00:00\" \/>\n<meta property=\"article:modified_time\" content=\"2025-01-10T14:59:04+00:00\" \/>\n<meta property=\"og:image\" content=\"https:\/\/ferabrajan.com\/portal\/wp-content\/uploads\/2025\/01\/th-16.jpg\" \/>\n\t<meta property=\"og:image:width\" content=\"612\" \/>\n\t<meta property=\"og:image:height\" content=\"304\" \/>\n\t<meta property=\"og:image:type\" content=\"image\/jpeg\" \/>\n<meta name=\"author\" content=\"admin\" \/>\n<meta name=\"twitter:card\" content=\"summary_large_image\" \/>\n<meta name=\"twitter:creator\" content=\"@ferabrajan1\" \/>\n<meta name=\"twitter:site\" content=\"@ferabrajan1\" \/>\n<meta name=\"twitter:label1\" content=\"Escrito por\" \/>\n\t<meta name=\"twitter:data1\" content=\"admin\" \/>\n\t<meta name=\"twitter:label2\" content=\"Tiempo de lectura\" \/>\n\t<meta name=\"twitter:data2\" content=\"4 minutos\" \/>\n<script type=\"application\/ld+json\" class=\"yoast-schema-graph\">{\"@context\":\"https:\\\/\\\/schema.org\",\"@graph\":[{\"@type\":\"Article\",\"@id\":\"https:\\\/\\\/ferabrajan.com\\\/portal\\\/2025\\\/01\\\/10\\\/beca-rita-cetina-este-es-el-ultimo-dia-para-recoger-la-tarjeta-del-bienestar\\\/#article\",\"isPartOf\":{\"@id\":\"https:\\\/\\\/ferabrajan.com\\\/portal\\\/2025\\\/01\\\/10\\\/beca-rita-cetina-este-es-el-ultimo-dia-para-recoger-la-tarjeta-del-bienestar\\\/\"},\"author\":{\"name\":\"admin\",\"@id\":\"https:\\\/\\\/ferabrajan.com\\\/portal\\\/#\\\/schema\\\/person\\\/f6113b3cb1e036d5c6a9505685b257ba\"},\"headline\":\"Beca Rita Cetina: este es el \u00faltimo d\u00eda para recoger la tarjeta del Bienestar\",\"datePublished\":\"2025-01-10T14:58:48+00:00\",\"dateModified\":\"2025-01-10T14:59:04+00:00\",\"mainEntityOfPage\":{\"@id\":\"https:\\\/\\\/ferabrajan.com\\\/portal\\\/2025\\\/01\\\/10\\\/beca-rita-cetina-este-es-el-ultimo-dia-para-recoger-la-tarjeta-del-bienestar\\\/\"},\"wordCount\":654,\"publisher\":{\"@id\":\"https:\\\/\\\/ferabrajan.com\\\/portal\\\/#organization\"},\"image\":{\"@id\":\"https:\\\/\\\/ferabrajan.com\\\/portal\\\/2025\\\/01\\\/10\\\/beca-rita-cetina-este-es-el-ultimo-dia-para-recoger-la-tarjeta-del-bienestar\\\/#primaryimage\"},\"thumbnailUrl\":\"https:\\\/\\\/ferabrajan.com\\\/portal\\\/wp-content\\\/uploads\\\/2025\\\/01\\\/th-16.jpg\",\"keywords\":[\"Becas\",\"Estudiantes\",\"Solidaridad\"],\"articleSection\":[\"Nacional\",\"Principal\"],\"inLanguage\":\"es\"},{\"@type\":\"WebPage\",\"@id\":\"https:\\\/\\\/ferabrajan.com\\\/portal\\\/2025\\\/01\\\/10\\\/beca-rita-cetina-este-es-el-ultimo-dia-para-recoger-la-tarjeta-del-bienestar\\\/\",\"url\":\"https:\\\/\\\/ferabrajan.com\\\/portal\\\/2025\\\/01\\\/10\\\/beca-rita-cetina-este-es-el-ultimo-dia-para-recoger-la-tarjeta-del-bienestar\\\/\",\"name\":\"Beca Rita Cetina: este es el \u00faltimo d\u00eda para recoger la tarjeta del Bienestar - Fer Abrajan\",\"isPartOf\":{\"@id\":\"https:\\\/\\\/ferabrajan.com\\\/portal\\\/#website\"},\"primaryImageOfPage\":{\"@id\":\"https:\\\/\\\/ferabrajan.com\\\/portal\\\/2025\\\/01\\\/10\\\/beca-rita-cetina-este-es-el-ultimo-dia-para-recoger-la-tarjeta-del-bienestar\\\/#primaryimage\"},\"image\":{\"@id\":\"https:\\\/\\\/ferabrajan.com\\\/portal\\\/2025\\\/01\\\/10\\\/beca-rita-cetina-este-es-el-ultimo-dia-para-recoger-la-tarjeta-del-bienestar\\\/#primaryimage\"},\"thumbnailUrl\":\"https:\\\/\\\/ferabrajan.com\\\/portal\\\/wp-content\\\/uploads\\\/2025\\\/01\\\/th-16.jpg\",\"datePublished\":\"2025-01-10T14:58:48+00:00\",\"dateModified\":\"2025-01-10T14:59:04+00:00\",\"description\":\"Alrededor de 5.6 millones de estudiantes sean beneficiados con el\u00a0apoyo econ\u00f3mico de 1,900 pesos bimestrales\",\"breadcrumb\":{\"@id\":\"https:\\\/\\\/ferabrajan.com\\\/portal\\\/2025\\\/01\\\/10\\\/beca-rita-cetina-este-es-el-ultimo-dia-para-recoger-la-tarjeta-del-bienestar\\\/#breadcrumb\"},\"inLanguage\":\"es\",\"potentialAction\":[{\"@type\":\"ReadAction\",\"target\":[\"https:\\\/\\\/ferabrajan.com\\\/portal\\\/2025\\\/01\\\/10\\\/beca-rita-cetina-este-es-el-ultimo-dia-para-recoger-la-tarjeta-del-bienestar\\\/\"]}]},{\"@type\":\"ImageObject\",\"inLanguage\":\"es\",\"@id\":\"https:\\\/\\\/ferabrajan.com\\\/portal\\\/2025\\\/01\\\/10\\\/beca-rita-cetina-este-es-el-ultimo-dia-para-recoger-la-tarjeta-del-bienestar\\\/#primaryimage\",\"url\":\"https:\\\/\\\/ferabrajan.com\\\/portal\\\/wp-content\\\/uploads\\\/2025\\\/01\\\/th-16.jpg\",\"contentUrl\":\"https:\\\/\\\/ferabrajan.com\\\/portal\\\/wp-content\\\/uploads\\\/2025\\\/01\\\/th-16.jpg\",\"width\":612,\"height\":304},{\"@type\":\"BreadcrumbList\",\"@id\":\"https:\\\/\\\/ferabrajan.com\\\/portal\\\/2025\\\/01\\\/10\\\/beca-rita-cetina-este-es-el-ultimo-dia-para-recoger-la-tarjeta-del-bienestar\\\/#breadcrumb\",\"itemListElement\":[{\"@type\":\"ListItem\",\"position\":1,\"name\":\"Portada\",\"item\":\"https:\\\/\\\/ferabrajan.com\\\/portal\\\/\"},{\"@type\":\"ListItem\",\"position\":2,\"name\":\"Beca Rita Cetina: este es el \u00faltimo d\u00eda para recoger la tarjeta del Bienestar\"}]},{\"@type\":\"WebSite\",\"@id\":\"https:\\\/\\\/ferabrajan.com\\\/portal\\\/#website\",\"url\":\"https:\\\/\\\/ferabrajan.com\\\/portal\\\/\",\"name\":\"Fer Abrajan\",\"description\":\"Noticias de Puebla, opini\u00f3n y radio en vivo\",\"publisher\":{\"@id\":\"https:\\\/\\\/ferabrajan.com\\\/portal\\\/#organization\"},\"potentialAction\":[{\"@type\":\"SearchAction\",\"target\":{\"@type\":\"EntryPoint\",\"urlTemplate\":\"https:\\\/\\\/ferabrajan.com\\\/portal\\\/?s={search_term_string}\"},\"query-input\":{\"@type\":\"PropertyValueSpecification\",\"valueRequired\":true,\"valueName\":\"search_term_string\"}}],\"inLanguage\":\"es\"},{\"@type\":\"Organization\",\"@id\":\"https:\\\/\\\/ferabrajan.com\\\/portal\\\/#organization\",\"name\":\"Fer Abrajan\",\"url\":\"https:\\\/\\\/ferabrajan.com\\\/portal\\\/\",\"logo\":{\"@type\":\"ImageObject\",\"inLanguage\":\"es\",\"@id\":\"https:\\\/\\\/ferabrajan.com\\\/portal\\\/#\\\/schema\\\/logo\\\/image\\\/\",\"url\":\"https:\\\/\\\/ferabrajan.com\\\/portal\\\/wp-content\\\/uploads\\\/2024\\\/10\\\/cropped-logo.jpeg\",\"contentUrl\":\"https:\\\/\\\/ferabrajan.com\\\/portal\\\/wp-content\\\/uploads\\\/2024\\\/10\\\/cropped-logo.jpeg\",\"width\":500,\"height\":250,\"caption\":\"Fer Abrajan\"},\"image\":{\"@id\":\"https:\\\/\\\/ferabrajan.com\\\/portal\\\/#\\\/schema\\\/logo\\\/image\\\/\"},\"sameAs\":[\"https:\\\/\\\/www.facebook.com\\\/NoticiasconFerAbrajan\\\/\",\"https:\\\/\\\/x.com\\\/ferabrajan1\"]},{\"@type\":\"Person\",\"@id\":\"https:\\\/\\\/ferabrajan.com\\\/portal\\\/#\\\/schema\\\/person\\\/f6113b3cb1e036d5c6a9505685b257ba\",\"name\":\"admin\",\"image\":{\"@type\":\"ImageObject\",\"inLanguage\":\"es\",\"@id\":\"https:\\\/\\\/secure.gravatar.com\\\/avatar\\\/072baa72775aad53c748dfc5d3048578e01b6c087eef335459ebfa04344e2d18?s=96&d=mm&r=g\",\"url\":\"https:\\\/\\\/secure.gravatar.com\\\/avatar\\\/072baa72775aad53c748dfc5d3048578e01b6c087eef335459ebfa04344e2d18?s=96&d=mm&r=g\",\"contentUrl\":\"https:\\\/\\\/secure.gravatar.com\\\/avatar\\\/072baa72775aad53c748dfc5d3048578e01b6c087eef335459ebfa04344e2d18?s=96&d=mm&r=g\",\"caption\":\"admin\"},\"sameAs\":[\"https:\\\/\\\/ferabrajan.com\\\/portal\"],\"url\":\"https:\\\/\\\/ferabrajan.com\\\/portal\\\/author\\\/admin\\\/\"}]}<\/script>\n<!-- \/ Yoast SEO plugin. -->","yoast_head_json":{"title":"Beca Rita Cetina: este es el \u00faltimo d\u00eda para recoger la tarjeta del Bienestar - Fer Abrajan","description":"Alrededor de 5.6 millones de estudiantes sean beneficiados con el\u00a0apoyo econ\u00f3mico de 1,900 pesos bimestrales","robots":{"index":"index","follow":"follow","max-snippet":"max-snippet:-1","max-image-preview":"max-image-preview:large","max-video-preview":"max-video-preview:-1"},"canonical":"https:\/\/ferabrajan.com\/portal\/2025\/01\/10\/beca-rita-cetina-este-es-el-ultimo-dia-para-recoger-la-tarjeta-del-bienestar\/","og_locale":"es_ES","og_type":"article","og_title":"Beca Rita Cetina: este es el \u00faltimo d\u00eda para recoger la tarjeta del Bienestar - Fer Abrajan","og_description":"Alrededor de 5.6 millones de estudiantes sean beneficiados con el\u00a0apoyo econ\u00f3mico de 1,900 pesos bimestrales","og_url":"https:\/\/ferabrajan.com\/portal\/2025\/01\/10\/beca-rita-cetina-este-es-el-ultimo-dia-para-recoger-la-tarjeta-del-bienestar\/","og_site_name":"Fer Abrajan","article_publisher":"https:\/\/www.facebook.com\/NoticiasconFerAbrajan\/","article_published_time":"2025-01-10T14:58:48+00:00","article_modified_time":"2025-01-10T14:59:04+00:00","og_image":[{"width":612,"height":304,"url":"https:\/\/ferabrajan.com\/portal\/wp-content\/uploads\/2025\/01\/th-16.jpg","type":"image\/jpeg"}],"author":"admin","twitter_card":"summary_large_image","twitter_creator":"@ferabrajan1","twitter_site":"@ferabrajan1","twitter_misc":{"Escrito por":"admin","Tiempo de lectura":"4 minutos"},"schema":{"@context":"https:\/\/schema.org","@graph":[{"@type":"Article","@id":"https:\/\/ferabrajan.com\/portal\/2025\/01\/10\/beca-rita-cetina-este-es-el-ultimo-dia-para-recoger-la-tarjeta-del-bienestar\/#article","isPartOf":{"@id":"https:\/\/ferabrajan.com\/portal\/2025\/01\/10\/beca-rita-cetina-este-es-el-ultimo-dia-para-recoger-la-tarjeta-del-bienestar\/"},"author":{"name":"admin","@id":"https:\/\/ferabrajan.com\/portal\/#\/schema\/person\/f6113b3cb1e036d5c6a9505685b257ba"},"headline":"Beca Rita Cetina: este es el \u00faltimo d\u00eda para recoger la tarjeta del Bienestar","datePublished":"2025-01-10T14:58:48+00:00","dateModified":"2025-01-10T14:59:04+00:00","mainEntityOfPage":{"@id":"https:\/\/ferabrajan.com\/portal\/2025\/01\/10\/beca-rita-cetina-este-es-el-ultimo-dia-para-recoger-la-tarjeta-del-bienestar\/"},"wordCount":654,"publisher":{"@id":"https:\/\/ferabrajan.com\/portal\/#organization"},"image":{"@id":"https:\/\/ferabrajan.com\/portal\/2025\/01\/10\/beca-rita-cetina-este-es-el-ultimo-dia-para-recoger-la-tarjeta-del-bienestar\/#primaryimage"},"thumbnailUrl":"https:\/\/ferabrajan.com\/portal\/wp-content\/uploads\/2025\/01\/th-16.jpg","keywords":["Becas","Estudiantes","Solidaridad"],"articleSection":["Nacional","Principal"],"inLanguage":"es"},{"@type":"WebPage","@id":"https:\/\/ferabrajan.com\/portal\/2025\/01\/10\/beca-rita-cetina-este-es-el-ultimo-dia-para-recoger-la-tarjeta-del-bienestar\/","url":"https:\/\/ferabrajan.com\/portal\/2025\/01\/10\/beca-rita-cetina-este-es-el-ultimo-dia-para-recoger-la-tarjeta-del-bienestar\/","name":"Beca Rita Cetina: este es el \u00faltimo d\u00eda para recoger la tarjeta del Bienestar - Fer Abrajan","isPartOf":{"@id":"https:\/\/ferabrajan.com\/portal\/#website"},"primaryImageOfPage":{"@id":"https:\/\/ferabrajan.com\/portal\/2025\/01\/10\/beca-rita-cetina-este-es-el-ultimo-dia-para-recoger-la-tarjeta-del-bienestar\/#primaryimage"},"image":{"@id":"https:\/\/ferabrajan.com\/portal\/2025\/01\/10\/beca-rita-cetina-este-es-el-ultimo-dia-para-recoger-la-tarjeta-del-bienestar\/#primaryimage"},"thumbnailUrl":"https:\/\/ferabrajan.com\/portal\/wp-content\/uploads\/2025\/01\/th-16.jpg","datePublished":"2025-01-10T14:58:48+00:00","dateModified":"2025-01-10T14:59:04+00:00","description":"Alrededor de 5.6 millones de estudiantes sean beneficiados con el\u00a0apoyo econ\u00f3mico de 1,900 pesos bimestrales","breadcrumb":{"@id":"https:\/\/ferabrajan.com\/portal\/2025\/01\/10\/beca-rita-cetina-este-es-el-ultimo-dia-para-recoger-la-tarjeta-del-bienestar\/#breadcrumb"},"inLanguage":"es","potentialAction":[{"@type":"ReadAction","target":["https:\/\/ferabrajan.com\/portal\/2025\/01\/10\/beca-rita-cetina-este-es-el-ultimo-dia-para-recoger-la-tarjeta-del-bienestar\/"]}]},{"@type":"ImageObject","inLanguage":"es","@id":"https:\/\/ferabrajan.com\/portal\/2025\/01\/10\/beca-rita-cetina-este-es-el-ultimo-dia-para-recoger-la-tarjeta-del-bienestar\/#primaryimage","url":"https:\/\/ferabrajan.com\/portal\/wp-content\/uploads\/2025\/01\/th-16.jpg","contentUrl":"https:\/\/ferabrajan.com\/portal\/wp-content\/uploads\/2025\/01\/th-16.jpg","width":612,"height":304},{"@type":"BreadcrumbList","@id":"https:\/\/ferabrajan.com\/portal\/2025\/01\/10\/beca-rita-cetina-este-es-el-ultimo-dia-para-recoger-la-tarjeta-del-bienestar\/#breadcrumb","itemListElement":[{"@type":"ListItem","position":1,"name":"Portada","item":"https:\/\/ferabrajan.com\/portal\/"},{"@type":"ListItem","position":2,"name":"Beca Rita Cetina: este es el \u00faltimo d\u00eda para recoger la tarjeta del Bienestar"}]},{"@type":"WebSite","@id":"https:\/\/ferabrajan.com\/portal\/#website","url":"https:\/\/ferabrajan.com\/portal\/","name":"Fer Abrajan","description":"Noticias de Puebla, opini\u00f3n y radio en vivo","publisher":{"@id":"https:\/\/ferabrajan.com\/portal\/#organization"},"potentialAction":[{"@type":"SearchAction","target":{"@type":"EntryPoint","urlTemplate":"https:\/\/ferabrajan.com\/portal\/?s={search_term_string}"},"query-input":{"@type":"PropertyValueSpecification","valueRequired":true,"valueName":"search_term_string"}}],"inLanguage":"es"},{"@type":"Organization","@id":"https:\/\/ferabrajan.com\/portal\/#organization","name":"Fer Abrajan","url":"https:\/\/ferabrajan.com\/portal\/","logo":{"@type":"ImageObject","inLanguage":"es","@id":"https:\/\/ferabrajan.com\/portal\/#\/schema\/logo\/image\/","url":"https:\/\/ferabrajan.com\/portal\/wp-content\/uploads\/2024\/10\/cropped-logo.jpeg","contentUrl":"https:\/\/ferabrajan.com\/portal\/wp-content\/uploads\/2024\/10\/cropped-logo.jpeg","width":500,"height":250,"caption":"Fer Abrajan"},"image":{"@id":"https:\/\/ferabrajan.com\/portal\/#\/schema\/logo\/image\/"},"sameAs":["https:\/\/www.facebook.com\/NoticiasconFerAbrajan\/","https:\/\/x.com\/ferabrajan1"]},{"@type":"Person","@id":"https:\/\/ferabrajan.com\/portal\/#\/schema\/person\/f6113b3cb1e036d5c6a9505685b257ba","name":"admin","image":{"@type":"ImageObject","inLanguage":"es","@id":"https:\/\/secure.gravatar.com\/avatar\/072baa72775aad53c748dfc5d3048578e01b6c087eef335459ebfa04344e2d18?s=96&d=mm&r=g","url":"https:\/\/secure.gravatar.com\/avatar\/072baa72775aad53c748dfc5d3048578e01b6c087eef335459ebfa04344e2d18?s=96&d=mm&r=g","contentUrl":"https:\/\/secure.gravatar.com\/avatar\/072baa72775aad53c748dfc5d3048578e01b6c087eef335459ebfa04344e2d18?s=96&d=mm&r=g","caption":"admin"},"sameAs":["https:\/\/ferabrajan.com\/portal"],"url":"https:\/\/ferabrajan.com\/portal\/author\/admin\/"}]}},"_links":{"self":[{"href":"https:\/\/ferabrajan.com\/portal\/wp-json\/wp\/v2\/posts\/67791","targetHints":{"allow":["GET"]}}],"collection":[{"href":"https:\/\/ferabrajan.com\/portal\/wp-json\/wp\/v2\/posts"}],"about":[{"href":"https:\/\/ferabrajan.com\/portal\/wp-json\/wp\/v2\/types\/post"}],"author":[{"embeddable":true,"href":"https:\/\/ferabrajan.com\/portal\/wp-json\/wp\/v2\/users\/1"}],"replies":[{"embeddable":true,"href":"https:\/\/ferabrajan.com\/portal\/wp-json\/wp\/v2\/comments?post=67791"}],"version-history":[{"count":0,"href":"https:\/\/ferabrajan.com\/portal\/wp-json\/wp\/v2\/posts\/67791\/revisions"}],"wp:featuredmedia":[{"embeddable":true,"href":"https:\/\/ferabrajan.com\/portal\/wp-json\/wp\/v2\/media\/67792"}],"wp:attachment":[{"href":"https:\/\/ferabrajan.com\/portal\/wp-json\/wp\/v2\/media?parent=67791"}],"wp:term":[{"taxonomy":"category","embeddable":true,"href":"https:\/\/ferabrajan.com\/portal\/wp-json\/wp\/v2\/categories?post=67791"},{"taxonomy":"post_tag","embeddable":true,"href":"https:\/\/ferabrajan.com\/portal\/wp-json\/wp\/v2\/tags?post=67791"}],"curies":[{"name":"wp","href":"https:\/\/api.w.org\/{rel}","templated":true}]}}