{"id":67786,"date":"2025-01-10T14:45:32","date_gmt":"2025-01-10T14:45:32","guid":{"rendered":"https:\/\/ferabrajan.com\/portal\/?p=67786"},"modified":"2025-01-10T14:45:48","modified_gmt":"2025-01-10T14:45:48","slug":"en-respuesta-a-trump-migrantes-retiran-escombros-que-aviven-incendios-en-los-angeles","status":"publish","type":"post","link":"https:\/\/ferabrajan.com\/portal\/2025\/01\/10\/en-respuesta-a-trump-migrantes-retiran-escombros-que-aviven-incendios-en-los-angeles\/","title":{"rendered":"En respuesta a Trump, migrantes retiran escombros que aviven incendios en Los \u00c1ngeles"},"content":{"rendered":"\n<p class=\"wp-block-paragraph\">Decenas de\u00a0<strong>migrantes<\/strong>\u00a0se unieron voluntariamente en varias brigadas para remover \u00e1rboles ca\u00eddos y<strong>\u00a0escombros\u00a0<\/strong>en las zonas afectadas por los\u00a0<strong>fuertes vientos<\/strong>\u00a0y los mortales\u00a0<strong>incendios<\/strong>\u00a0en\u00a0<strong>Los \u00c1ngeles<\/strong>,\u00a0en un acto de \u00ab<strong>solidaridad<\/strong>\u00bb con la comunidad a la que pertenecen.<\/p>\n\n\n\n<figure class=\"wp-block-image size-full\"><img fetchpriority=\"high\" decoding=\"async\" width=\"768\" height=\"467\" src=\"https:\/\/ferabrajan.com\/portal\/wp-content\/uploads\/2025\/01\/BB1rb2Po.jpg\" alt=\"\" class=\"wp-image-67787\" srcset=\"https:\/\/ferabrajan.com\/portal\/wp-content\/uploads\/2025\/01\/BB1rb2Po.jpg 768w, https:\/\/ferabrajan.com\/portal\/wp-content\/uploads\/2025\/01\/BB1rb2Po-300x182.jpg 300w\" sizes=\"(max-width: 768px) 100vw, 768px\" \/><\/figure>\n\n\n\n<h2 class=\"wp-block-heading\">Migrantes responden a ret\u00f3rica de Donald Trump<\/h2>\n\n\n\n<p class=\"wp-block-paragraph\">Varios de estos migrantes, que tambi\u00e9n tuvieron que abandonar sus viviendas, se armaron con sierras el\u00e9ctricas, rastrillos y herramientas para ayudar, y dicen sentir \u00aborgullo\u00bb de poder hacerlo pese al miedo que les produce la ret\u00f3rica del Gobierno entrante de Donald Trump que ha prometido deportarlos.<\/p>\n\n\n\n<p class=\"wp-block-paragraph\"><img decoding=\"async\" src=\"https:\/\/img-s-msn-com.akamaized.net\/tenant\/amp\/entityid\/BB1rb9ig.img?w=768&amp;h=472&amp;m=6\" alt=\"Migrantes se unieron voluntariamente en varias brigadas para remover \u00e1rboles ca\u00eddos y escombros en las zonas afectadas por los fuertes vientos y los mortales incendios en Los \u00c1ngeles. Foto: EFE\"><\/p>\n\n\n\n<p class=\"wp-block-paragraph\"><em>Migrantes se unieron voluntariamente en varias brigadas para remover \u00e1rboles ca\u00eddos y escombros en las zonas afectadas por los fuertes vientos y los mortales incendios en Los \u00c1ngeles. Foto: EFE<\/em><\/p>\n\n\n\n<p class=\"wp-block-paragraph\">\u00abEste es un acto de solidaridad y la forma en la que estamos acostumbrados a responder cuando la comunidad enfrenta una tragedia\u00bb dijo a EFE Pablo Alvarado, codirector de la Red Nacional de Jornaleros (NDLON, en ingl\u00e9s), que impulsa este centro que agrupa a trabajadores inmigrantes, la mayor\u00eda dedicados a la construcci\u00f3n, jardiner\u00eda y limpieza.<img decoding=\"async\" src=\"https:\/\/img-s-msn-com.akamaized.net\/tenant\/amp\/entityid\/BB1rb2Pu.img?w=768&amp;h=477&amp;m=6\" alt=\"Migrantes se unieron voluntariamente en varias brigadas para remover \u00e1rboles ca\u00eddos y escombros en las zonas afectadas por los fuertes vientos y los mortales incendios en Los \u00c1ngeles. Foto: EFE\"><\/p>\n\n\n\n<p class=\"wp-block-paragraph\"><\/p>\n\n\n\n<p class=\"wp-block-paragraph\">Los vecinos de las ciudades donde se ha desatado el incendio Eaton en el Bosque de Los \u00c1ngeles han sido testigos de la ayuda de estas cuadrillas de jornaleros del Centro de Trabajadores de Pasadena.<\/p>\n\n\n\n<p class=\"wp-block-paragraph\"><img decoding=\"async\" src=\"https:\/\/img-s-msn-com.akamaized.net\/tenant\/amp\/entityid\/BB1raXPC.img?w=768&amp;h=475&amp;m=6\" alt=\"Migrantes se unieron voluntariamente en varias brigadas para remover \u00e1rboles ca\u00eddos y escombros en las zonas afectadas por los fuertes vientos y los mortales incendios en Los \u00c1ngeles. Foto: EFE\"><\/p>\n\n\n\n<p class=\"wp-block-paragraph\"><\/p>\n\n\n\n<p class=\"wp-block-paragraph\">Los migrantes est\u00e1n ayudando a cortar y remover los m\u00faltiples \u00e1rboles ca\u00eddos que bloquean las entradas de las casas y las v\u00edas de evacuaci\u00f3n, a causa de las conflagraciones que han tra\u00eddo la muerte de al menos cinco personas.<img decoding=\"async\" src=\"https:\/\/img-s-msn-com.akamaized.net\/tenant\/amp\/entityid\/BB1rb4Fp.img?w=768&amp;h=449&amp;m=6\" alt=\"Migrantes se unieron voluntariamente en varias brigadas para remover \u00e1rboles ca\u00eddos y escombros en las zonas afectadas por los fuertes vientos y los mortales incendios en Los \u00c1ngeles. Foto: EFE\"><\/p>\n\n\n\n<p class=\"wp-block-paragraph\"><\/p>\n\n\n\n<p class=\"wp-block-paragraph\">\u00abEste es un trabajo que hacemos de coraz\u00f3n y no esperamos nada a cambio. Tal vez la entrada o la calle que estemos limpiando sea la de una persona que se ha dejado contaminar por la ret\u00f3rica antiinmigrante de Donald Trump, pero eso no nos interesa porque un pa\u00eds se construye con actos de amor no con odio\u00bb, a\u00f1adi\u00f3 el activista, que tuvo que evacuar su vivienda.<img decoding=\"async\" src=\"https:\/\/img-s-msn-com.akamaized.net\/tenant\/amp\/entityid\/BB1rb4Ft.img?w=768&amp;h=469&amp;m=6\" alt=\"Migrantes se unieron voluntariamente en varias brigadas para remover \u00e1rboles ca\u00eddos y escombros en las zonas afectadas por los fuertes vientos y los mortales incendios en Los \u00c1ngeles. Foto: EFE\"><\/p>\n\n\n\n<p class=\"wp-block-paragraph\">Las ciudades de Pasadena y Altadena se han visto afectadas por los vientos de Santa Ana, que llegaron a tener velocidades m\u00e1ximas de hasta 160 kil\u00f3metros por hora la noche del martes y tumbaron \u00e1rboles y dejaron escombros que, en muchos casos, han servido de combustible para las llamas que hasta la noche del mi\u00e9rcoles hab\u00eda quemado cerca de 4.300 hect\u00e1reas (10.600 acres).<\/p>\n\n\n\n<p class=\"wp-block-paragraph\">Con Informaci\u00f3n de: <a href=\"https:\/\/www.msn.com\/es-mx\/noticias\/mundo\/fotos-en-respuesta-a-trump-migrantes-se-unen-para-retirar-escombros-que-pudieran-avivar-incendios-en-los-%C3%A1ngeles\/ar-BB1rb9it?ocid=msedgdhp&amp;pc=U531&amp;cvid=0d55522e459f432fa69c738957022c05&amp;ei=95\">https:\/\/www.msn.com\/es-mx\/noticias\/mundo\/fotos-en-respuesta-a-trump-migrantes-se-unen-para-retirar-escombros-que-pudieran-avivar-incendios-en-los-%C3%A1ngeles\/ar-BB1rb9it?ocid=msedgdhp&amp;pc=U531&amp;cvid=0d55522e459f432fa69c738957022c05&amp;ei=95<\/a><\/p>\n","protected":false},"excerpt":{"rendered":"<p>Migrantes se unieron voluntariamente en varias brigadas para remover \u00e1rboles ca\u00eddos y escombros en las zonas afectadas por los fuertes vientos y los mortales incendios en Los \u00c1ngeles<\/p>\n","protected":false},"author":1,"featured_media":67788,"comment_status":"closed","ping_status":"closed","sticky":false,"template":"","format":"standard","meta":{"_monsterinsights_skip_tracking":false,"_uf_show_specific_survey":0,"_uf_disable_surveys":false,"footnotes":""},"categories":[36,585],"tags":[2184],"class_list":["post-67786","post","type-post","status-publish","format-standard","has-post-thumbnail","hentry","category-el-mundo","category-principal","tag-migrantes-incendios"],"yoast_head":"<!-- This site is optimized with the Yoast SEO plugin v27.5 - https:\/\/yoast.com\/product\/yoast-seo-wordpress\/ -->\n<title>En respuesta a Trump, migrantes retiran escombros que aviven incendios en Los \u00c1ngeles - Fer Abrajan<\/title>\n<meta name=\"description\" content=\"Migrantes se unieron voluntariamente en varias brigadas para remover \u00e1rboles ca\u00eddos y escombros en las zonas afectadas por los fuertes vientos y los mortales incendios en Los \u00c1ngeles\" \/>\n<meta name=\"robots\" content=\"index, follow, max-snippet:-1, max-image-preview:large, max-video-preview:-1\" \/>\n<link rel=\"canonical\" href=\"https:\/\/ferabrajan.com\/portal\/2025\/01\/10\/en-respuesta-a-trump-migrantes-retiran-escombros-que-aviven-incendios-en-los-angeles\/\" \/>\n<meta property=\"og:locale\" content=\"es_ES\" \/>\n<meta property=\"og:type\" content=\"article\" \/>\n<meta property=\"og:title\" content=\"En respuesta a Trump, migrantes retiran escombros que aviven incendios en Los \u00c1ngeles - Fer Abrajan\" \/>\n<meta property=\"og:description\" content=\"Migrantes se unieron voluntariamente en varias brigadas para remover \u00e1rboles ca\u00eddos y escombros en las zonas afectadas por los fuertes vientos y los mortales incendios en Los \u00c1ngeles\" \/>\n<meta property=\"og:url\" content=\"https:\/\/ferabrajan.com\/portal\/2025\/01\/10\/en-respuesta-a-trump-migrantes-retiran-escombros-que-aviven-incendios-en-los-angeles\/\" \/>\n<meta property=\"og:site_name\" content=\"Fer Abrajan\" \/>\n<meta property=\"article:publisher\" content=\"https:\/\/www.facebook.com\/NoticiasconFerAbrajan\/\" \/>\n<meta property=\"article:published_time\" content=\"2025-01-10T14:45:32+00:00\" \/>\n<meta property=\"article:modified_time\" content=\"2025-01-10T14:45:48+00:00\" \/>\n<meta property=\"og:image\" content=\"https:\/\/ferabrajan.com\/portal\/wp-content\/uploads\/2025\/01\/BB1rb9ig.jpg\" \/>\n\t<meta property=\"og:image:width\" content=\"768\" \/>\n\t<meta property=\"og:image:height\" content=\"472\" \/>\n\t<meta property=\"og:image:type\" content=\"image\/jpeg\" \/>\n<meta name=\"author\" content=\"admin\" \/>\n<meta name=\"twitter:card\" content=\"summary_large_image\" \/>\n<meta name=\"twitter:creator\" content=\"@ferabrajan1\" \/>\n<meta name=\"twitter:site\" content=\"@ferabrajan1\" \/>\n<meta name=\"twitter:label1\" content=\"Escrito por\" \/>\n\t<meta name=\"twitter:data1\" content=\"admin\" \/>\n\t<meta name=\"twitter:label2\" content=\"Tiempo de lectura\" \/>\n\t<meta name=\"twitter:data2\" content=\"4 minutos\" \/>\n<script type=\"application\/ld+json\" class=\"yoast-schema-graph\">{\"@context\":\"https:\\\/\\\/schema.org\",\"@graph\":[{\"@type\":\"Article\",\"@id\":\"https:\\\/\\\/ferabrajan.com\\\/portal\\\/2025\\\/01\\\/10\\\/en-respuesta-a-trump-migrantes-retiran-escombros-que-aviven-incendios-en-los-angeles\\\/#article\",\"isPartOf\":{\"@id\":\"https:\\\/\\\/ferabrajan.com\\\/portal\\\/2025\\\/01\\\/10\\\/en-respuesta-a-trump-migrantes-retiran-escombros-que-aviven-incendios-en-los-angeles\\\/\"},\"author\":{\"name\":\"admin\",\"@id\":\"https:\\\/\\\/ferabrajan.com\\\/portal\\\/#\\\/schema\\\/person\\\/f6113b3cb1e036d5c6a9505685b257ba\"},\"headline\":\"En respuesta a Trump, migrantes retiran escombros que aviven incendios en Los \u00c1ngeles\",\"datePublished\":\"2025-01-10T14:45:32+00:00\",\"dateModified\":\"2025-01-10T14:45:48+00:00\",\"mainEntityOfPage\":{\"@id\":\"https:\\\/\\\/ferabrajan.com\\\/portal\\\/2025\\\/01\\\/10\\\/en-respuesta-a-trump-migrantes-retiran-escombros-que-aviven-incendios-en-los-angeles\\\/\"},\"wordCount\":452,\"publisher\":{\"@id\":\"https:\\\/\\\/ferabrajan.com\\\/portal\\\/#organization\"},\"image\":{\"@id\":\"https:\\\/\\\/ferabrajan.com\\\/portal\\\/2025\\\/01\\\/10\\\/en-respuesta-a-trump-migrantes-retiran-escombros-que-aviven-incendios-en-los-angeles\\\/#primaryimage\"},\"thumbnailUrl\":\"https:\\\/\\\/ferabrajan.com\\\/portal\\\/wp-content\\\/uploads\\\/2025\\\/01\\\/BB1rb9ig.jpg\",\"keywords\":[\"Migrantes. Incendios\"],\"articleSection\":[\"El Mundo\",\"Principal\"],\"inLanguage\":\"es\"},{\"@type\":\"WebPage\",\"@id\":\"https:\\\/\\\/ferabrajan.com\\\/portal\\\/2025\\\/01\\\/10\\\/en-respuesta-a-trump-migrantes-retiran-escombros-que-aviven-incendios-en-los-angeles\\\/\",\"url\":\"https:\\\/\\\/ferabrajan.com\\\/portal\\\/2025\\\/01\\\/10\\\/en-respuesta-a-trump-migrantes-retiran-escombros-que-aviven-incendios-en-los-angeles\\\/\",\"name\":\"En respuesta a Trump, migrantes retiran escombros que aviven incendios en Los \u00c1ngeles - Fer Abrajan\",\"isPartOf\":{\"@id\":\"https:\\\/\\\/ferabrajan.com\\\/portal\\\/#website\"},\"primaryImageOfPage\":{\"@id\":\"https:\\\/\\\/ferabrajan.com\\\/portal\\\/2025\\\/01\\\/10\\\/en-respuesta-a-trump-migrantes-retiran-escombros-que-aviven-incendios-en-los-angeles\\\/#primaryimage\"},\"image\":{\"@id\":\"https:\\\/\\\/ferabrajan.com\\\/portal\\\/2025\\\/01\\\/10\\\/en-respuesta-a-trump-migrantes-retiran-escombros-que-aviven-incendios-en-los-angeles\\\/#primaryimage\"},\"thumbnailUrl\":\"https:\\\/\\\/ferabrajan.com\\\/portal\\\/wp-content\\\/uploads\\\/2025\\\/01\\\/BB1rb9ig.jpg\",\"datePublished\":\"2025-01-10T14:45:32+00:00\",\"dateModified\":\"2025-01-10T14:45:48+00:00\",\"description\":\"Migrantes se unieron voluntariamente en varias brigadas para remover \u00e1rboles ca\u00eddos y escombros en las zonas afectadas por los fuertes vientos y los mortales incendios en Los \u00c1ngeles\",\"breadcrumb\":{\"@id\":\"https:\\\/\\\/ferabrajan.com\\\/portal\\\/2025\\\/01\\\/10\\\/en-respuesta-a-trump-migrantes-retiran-escombros-que-aviven-incendios-en-los-angeles\\\/#breadcrumb\"},\"inLanguage\":\"es\",\"potentialAction\":[{\"@type\":\"ReadAction\",\"target\":[\"https:\\\/\\\/ferabrajan.com\\\/portal\\\/2025\\\/01\\\/10\\\/en-respuesta-a-trump-migrantes-retiran-escombros-que-aviven-incendios-en-los-angeles\\\/\"]}]},{\"@type\":\"ImageObject\",\"inLanguage\":\"es\",\"@id\":\"https:\\\/\\\/ferabrajan.com\\\/portal\\\/2025\\\/01\\\/10\\\/en-respuesta-a-trump-migrantes-retiran-escombros-que-aviven-incendios-en-los-angeles\\\/#primaryimage\",\"url\":\"https:\\\/\\\/ferabrajan.com\\\/portal\\\/wp-content\\\/uploads\\\/2025\\\/01\\\/BB1rb9ig.jpg\",\"contentUrl\":\"https:\\\/\\\/ferabrajan.com\\\/portal\\\/wp-content\\\/uploads\\\/2025\\\/01\\\/BB1rb9ig.jpg\",\"width\":768,\"height\":472},{\"@type\":\"BreadcrumbList\",\"@id\":\"https:\\\/\\\/ferabrajan.com\\\/portal\\\/2025\\\/01\\\/10\\\/en-respuesta-a-trump-migrantes-retiran-escombros-que-aviven-incendios-en-los-angeles\\\/#breadcrumb\",\"itemListElement\":[{\"@type\":\"ListItem\",\"position\":1,\"name\":\"Portada\",\"item\":\"https:\\\/\\\/ferabrajan.com\\\/portal\\\/\"},{\"@type\":\"ListItem\",\"position\":2,\"name\":\"En respuesta a Trump, migrantes retiran escombros que aviven incendios en Los \u00c1ngeles\"}]},{\"@type\":\"WebSite\",\"@id\":\"https:\\\/\\\/ferabrajan.com\\\/portal\\\/#website\",\"url\":\"https:\\\/\\\/ferabrajan.com\\\/portal\\\/\",\"name\":\"Fer Abrajan\",\"description\":\"Noticias de Puebla, opini\u00f3n y radio en vivo\",\"publisher\":{\"@id\":\"https:\\\/\\\/ferabrajan.com\\\/portal\\\/#organization\"},\"potentialAction\":[{\"@type\":\"SearchAction\",\"target\":{\"@type\":\"EntryPoint\",\"urlTemplate\":\"https:\\\/\\\/ferabrajan.com\\\/portal\\\/?s={search_term_string}\"},\"query-input\":{\"@type\":\"PropertyValueSpecification\",\"valueRequired\":true,\"valueName\":\"search_term_string\"}}],\"inLanguage\":\"es\"},{\"@type\":\"Organization\",\"@id\":\"https:\\\/\\\/ferabrajan.com\\\/portal\\\/#organization\",\"name\":\"Fer Abrajan\",\"url\":\"https:\\\/\\\/ferabrajan.com\\\/portal\\\/\",\"logo\":{\"@type\":\"ImageObject\",\"inLanguage\":\"es\",\"@id\":\"https:\\\/\\\/ferabrajan.com\\\/portal\\\/#\\\/schema\\\/logo\\\/image\\\/\",\"url\":\"https:\\\/\\\/ferabrajan.com\\\/portal\\\/wp-content\\\/uploads\\\/2024\\\/10\\\/cropped-logo.jpeg\",\"contentUrl\":\"https:\\\/\\\/ferabrajan.com\\\/portal\\\/wp-content\\\/uploads\\\/2024\\\/10\\\/cropped-logo.jpeg\",\"width\":500,\"height\":250,\"caption\":\"Fer Abrajan\"},\"image\":{\"@id\":\"https:\\\/\\\/ferabrajan.com\\\/portal\\\/#\\\/schema\\\/logo\\\/image\\\/\"},\"sameAs\":[\"https:\\\/\\\/www.facebook.com\\\/NoticiasconFerAbrajan\\\/\",\"https:\\\/\\\/x.com\\\/ferabrajan1\"]},{\"@type\":\"Person\",\"@id\":\"https:\\\/\\\/ferabrajan.com\\\/portal\\\/#\\\/schema\\\/person\\\/f6113b3cb1e036d5c6a9505685b257ba\",\"name\":\"admin\",\"image\":{\"@type\":\"ImageObject\",\"inLanguage\":\"es\",\"@id\":\"https:\\\/\\\/secure.gravatar.com\\\/avatar\\\/072baa72775aad53c748dfc5d3048578e01b6c087eef335459ebfa04344e2d18?s=96&d=mm&r=g\",\"url\":\"https:\\\/\\\/secure.gravatar.com\\\/avatar\\\/072baa72775aad53c748dfc5d3048578e01b6c087eef335459ebfa04344e2d18?s=96&d=mm&r=g\",\"contentUrl\":\"https:\\\/\\\/secure.gravatar.com\\\/avatar\\\/072baa72775aad53c748dfc5d3048578e01b6c087eef335459ebfa04344e2d18?s=96&d=mm&r=g\",\"caption\":\"admin\"},\"sameAs\":[\"https:\\\/\\\/ferabrajan.com\\\/portal\"],\"url\":\"https:\\\/\\\/ferabrajan.com\\\/portal\\\/author\\\/admin\\\/\"}]}<\/script>\n<!-- \/ Yoast SEO plugin. -->","yoast_head_json":{"title":"En respuesta a Trump, migrantes retiran escombros que aviven incendios en Los \u00c1ngeles - Fer Abrajan","description":"Migrantes se unieron voluntariamente en varias brigadas para remover \u00e1rboles ca\u00eddos y escombros en las zonas afectadas por los fuertes vientos y los mortales incendios en Los \u00c1ngeles","robots":{"index":"index","follow":"follow","max-snippet":"max-snippet:-1","max-image-preview":"max-image-preview:large","max-video-preview":"max-video-preview:-1"},"canonical":"https:\/\/ferabrajan.com\/portal\/2025\/01\/10\/en-respuesta-a-trump-migrantes-retiran-escombros-que-aviven-incendios-en-los-angeles\/","og_locale":"es_ES","og_type":"article","og_title":"En respuesta a Trump, migrantes retiran escombros que aviven incendios en Los \u00c1ngeles - Fer Abrajan","og_description":"Migrantes se unieron voluntariamente en varias brigadas para remover \u00e1rboles ca\u00eddos y escombros en las zonas afectadas por los fuertes vientos y los mortales incendios en Los \u00c1ngeles","og_url":"https:\/\/ferabrajan.com\/portal\/2025\/01\/10\/en-respuesta-a-trump-migrantes-retiran-escombros-que-aviven-incendios-en-los-angeles\/","og_site_name":"Fer Abrajan","article_publisher":"https:\/\/www.facebook.com\/NoticiasconFerAbrajan\/","article_published_time":"2025-01-10T14:45:32+00:00","article_modified_time":"2025-01-10T14:45:48+00:00","og_image":[{"width":768,"height":472,"url":"https:\/\/ferabrajan.com\/portal\/wp-content\/uploads\/2025\/01\/BB1rb9ig.jpg","type":"image\/jpeg"}],"author":"admin","twitter_card":"summary_large_image","twitter_creator":"@ferabrajan1","twitter_site":"@ferabrajan1","twitter_misc":{"Escrito por":"admin","Tiempo de lectura":"4 minutos"},"schema":{"@context":"https:\/\/schema.org","@graph":[{"@type":"Article","@id":"https:\/\/ferabrajan.com\/portal\/2025\/01\/10\/en-respuesta-a-trump-migrantes-retiran-escombros-que-aviven-incendios-en-los-angeles\/#article","isPartOf":{"@id":"https:\/\/ferabrajan.com\/portal\/2025\/01\/10\/en-respuesta-a-trump-migrantes-retiran-escombros-que-aviven-incendios-en-los-angeles\/"},"author":{"name":"admin","@id":"https:\/\/ferabrajan.com\/portal\/#\/schema\/person\/f6113b3cb1e036d5c6a9505685b257ba"},"headline":"En respuesta a Trump, migrantes retiran escombros que aviven incendios en Los \u00c1ngeles","datePublished":"2025-01-10T14:45:32+00:00","dateModified":"2025-01-10T14:45:48+00:00","mainEntityOfPage":{"@id":"https:\/\/ferabrajan.com\/portal\/2025\/01\/10\/en-respuesta-a-trump-migrantes-retiran-escombros-que-aviven-incendios-en-los-angeles\/"},"wordCount":452,"publisher":{"@id":"https:\/\/ferabrajan.com\/portal\/#organization"},"image":{"@id":"https:\/\/ferabrajan.com\/portal\/2025\/01\/10\/en-respuesta-a-trump-migrantes-retiran-escombros-que-aviven-incendios-en-los-angeles\/#primaryimage"},"thumbnailUrl":"https:\/\/ferabrajan.com\/portal\/wp-content\/uploads\/2025\/01\/BB1rb9ig.jpg","keywords":["Migrantes. Incendios"],"articleSection":["El Mundo","Principal"],"inLanguage":"es"},{"@type":"WebPage","@id":"https:\/\/ferabrajan.com\/portal\/2025\/01\/10\/en-respuesta-a-trump-migrantes-retiran-escombros-que-aviven-incendios-en-los-angeles\/","url":"https:\/\/ferabrajan.com\/portal\/2025\/01\/10\/en-respuesta-a-trump-migrantes-retiran-escombros-que-aviven-incendios-en-los-angeles\/","name":"En respuesta a Trump, migrantes retiran escombros que aviven incendios en Los \u00c1ngeles - Fer Abrajan","isPartOf":{"@id":"https:\/\/ferabrajan.com\/portal\/#website"},"primaryImageOfPage":{"@id":"https:\/\/ferabrajan.com\/portal\/2025\/01\/10\/en-respuesta-a-trump-migrantes-retiran-escombros-que-aviven-incendios-en-los-angeles\/#primaryimage"},"image":{"@id":"https:\/\/ferabrajan.com\/portal\/2025\/01\/10\/en-respuesta-a-trump-migrantes-retiran-escombros-que-aviven-incendios-en-los-angeles\/#primaryimage"},"thumbnailUrl":"https:\/\/ferabrajan.com\/portal\/wp-content\/uploads\/2025\/01\/BB1rb9ig.jpg","datePublished":"2025-01-10T14:45:32+00:00","dateModified":"2025-01-10T14:45:48+00:00","description":"Migrantes se unieron voluntariamente en varias brigadas para remover \u00e1rboles ca\u00eddos y escombros en las zonas afectadas por los fuertes vientos y los mortales incendios en Los \u00c1ngeles","breadcrumb":{"@id":"https:\/\/ferabrajan.com\/portal\/2025\/01\/10\/en-respuesta-a-trump-migrantes-retiran-escombros-que-aviven-incendios-en-los-angeles\/#breadcrumb"},"inLanguage":"es","potentialAction":[{"@type":"ReadAction","target":["https:\/\/ferabrajan.com\/portal\/2025\/01\/10\/en-respuesta-a-trump-migrantes-retiran-escombros-que-aviven-incendios-en-los-angeles\/"]}]},{"@type":"ImageObject","inLanguage":"es","@id":"https:\/\/ferabrajan.com\/portal\/2025\/01\/10\/en-respuesta-a-trump-migrantes-retiran-escombros-que-aviven-incendios-en-los-angeles\/#primaryimage","url":"https:\/\/ferabrajan.com\/portal\/wp-content\/uploads\/2025\/01\/BB1rb9ig.jpg","contentUrl":"https:\/\/ferabrajan.com\/portal\/wp-content\/uploads\/2025\/01\/BB1rb9ig.jpg","width":768,"height":472},{"@type":"BreadcrumbList","@id":"https:\/\/ferabrajan.com\/portal\/2025\/01\/10\/en-respuesta-a-trump-migrantes-retiran-escombros-que-aviven-incendios-en-los-angeles\/#breadcrumb","itemListElement":[{"@type":"ListItem","position":1,"name":"Portada","item":"https:\/\/ferabrajan.com\/portal\/"},{"@type":"ListItem","position":2,"name":"En respuesta a Trump, migrantes retiran escombros que aviven incendios en Los \u00c1ngeles"}]},{"@type":"WebSite","@id":"https:\/\/ferabrajan.com\/portal\/#website","url":"https:\/\/ferabrajan.com\/portal\/","name":"Fer Abrajan","description":"Noticias de Puebla, opini\u00f3n y radio en vivo","publisher":{"@id":"https:\/\/ferabrajan.com\/portal\/#organization"},"potentialAction":[{"@type":"SearchAction","target":{"@type":"EntryPoint","urlTemplate":"https:\/\/ferabrajan.com\/portal\/?s={search_term_string}"},"query-input":{"@type":"PropertyValueSpecification","valueRequired":true,"valueName":"search_term_string"}}],"inLanguage":"es"},{"@type":"Organization","@id":"https:\/\/ferabrajan.com\/portal\/#organization","name":"Fer Abrajan","url":"https:\/\/ferabrajan.com\/portal\/","logo":{"@type":"ImageObject","inLanguage":"es","@id":"https:\/\/ferabrajan.com\/portal\/#\/schema\/logo\/image\/","url":"https:\/\/ferabrajan.com\/portal\/wp-content\/uploads\/2024\/10\/cropped-logo.jpeg","contentUrl":"https:\/\/ferabrajan.com\/portal\/wp-content\/uploads\/2024\/10\/cropped-logo.jpeg","width":500,"height":250,"caption":"Fer Abrajan"},"image":{"@id":"https:\/\/ferabrajan.com\/portal\/#\/schema\/logo\/image\/"},"sameAs":["https:\/\/www.facebook.com\/NoticiasconFerAbrajan\/","https:\/\/x.com\/ferabrajan1"]},{"@type":"Person","@id":"https:\/\/ferabrajan.com\/portal\/#\/schema\/person\/f6113b3cb1e036d5c6a9505685b257ba","name":"admin","image":{"@type":"ImageObject","inLanguage":"es","@id":"https:\/\/secure.gravatar.com\/avatar\/072baa72775aad53c748dfc5d3048578e01b6c087eef335459ebfa04344e2d18?s=96&d=mm&r=g","url":"https:\/\/secure.gravatar.com\/avatar\/072baa72775aad53c748dfc5d3048578e01b6c087eef335459ebfa04344e2d18?s=96&d=mm&r=g","contentUrl":"https:\/\/secure.gravatar.com\/avatar\/072baa72775aad53c748dfc5d3048578e01b6c087eef335459ebfa04344e2d18?s=96&d=mm&r=g","caption":"admin"},"sameAs":["https:\/\/ferabrajan.com\/portal"],"url":"https:\/\/ferabrajan.com\/portal\/author\/admin\/"}]}},"_links":{"self":[{"href":"https:\/\/ferabrajan.com\/portal\/wp-json\/wp\/v2\/posts\/67786","targetHints":{"allow":["GET"]}}],"collection":[{"href":"https:\/\/ferabrajan.com\/portal\/wp-json\/wp\/v2\/posts"}],"about":[{"href":"https:\/\/ferabrajan.com\/portal\/wp-json\/wp\/v2\/types\/post"}],"author":[{"embeddable":true,"href":"https:\/\/ferabrajan.com\/portal\/wp-json\/wp\/v2\/users\/1"}],"replies":[{"embeddable":true,"href":"https:\/\/ferabrajan.com\/portal\/wp-json\/wp\/v2\/comments?post=67786"}],"version-history":[{"count":0,"href":"https:\/\/ferabrajan.com\/portal\/wp-json\/wp\/v2\/posts\/67786\/revisions"}],"wp:featuredmedia":[{"embeddable":true,"href":"https:\/\/ferabrajan.com\/portal\/wp-json\/wp\/v2\/media\/67788"}],"wp:attachment":[{"href":"https:\/\/ferabrajan.com\/portal\/wp-json\/wp\/v2\/media?parent=67786"}],"wp:term":[{"taxonomy":"category","embeddable":true,"href":"https:\/\/ferabrajan.com\/portal\/wp-json\/wp\/v2\/categories?post=67786"},{"taxonomy":"post_tag","embeddable":true,"href":"https:\/\/ferabrajan.com\/portal\/wp-json\/wp\/v2\/tags?post=67786"}],"curies":[{"name":"wp","href":"https:\/\/api.w.org\/{rel}","templated":true}]}}