{"id":67779,"date":"2025-01-10T14:36:35","date_gmt":"2025-01-10T14:36:35","guid":{"rendered":"https:\/\/ferabrajan.com\/portal\/?p=67779"},"modified":"2025-01-10T14:36:50","modified_gmt":"2025-01-10T14:36:50","slug":"confirman-150-casos-de-metapneumovirus-en-sinaloa-hay-riesgos","status":"publish","type":"post","link":"https:\/\/ferabrajan.com\/portal\/2025\/01\/10\/confirman-150-casos-de-metapneumovirus-en-sinaloa-hay-riesgos\/","title":{"rendered":"Confirman 150 casos de Metapneumovirus en Sinaloa: \u00bfHay riesgos?"},"content":{"rendered":"\n<p class=\"wp-block-paragraph\">El secretario de Salud de\u00a0Sinaloa,\u00a0<strong>Cuitl\u00e1huac Gonz\u00e1lez Galindo<\/strong>, confirm\u00f3 que en la entidad se han registrado\u00a0<strong>150 casos de metapneumovirus<\/strong>, un virus respiratorio que, seg\u00fan las autoridades, no representa un peligro significativo para la poblaci\u00f3n.<\/p>\n\n\n\n<blockquote class=\"wp-block-quote is-layout-flow wp-block-quote-is-layout-flow\">\n<p class=\"wp-block-paragraph\">\u201cEn Sinaloa tenemos alrededor de 150 casos de este virus, pero no hay algo que nos alarme, no es un virus nuevo para M\u00e9xico, no es un virus nuevo para Sinaloa\u201d, asegur\u00f3 Gonz\u00e1lez Galindo, descartando cualquier riesgo inmediato.<\/p>\n<\/blockquote>\n\n\n\n<figure class=\"wp-block-image size-full\"><img fetchpriority=\"high\" decoding=\"async\" width=\"768\" height=\"473\" src=\"https:\/\/ferabrajan.com\/portal\/wp-content\/uploads\/2025\/01\/AA1wZRHa.jpg\" alt=\"\" class=\"wp-image-67781\" srcset=\"https:\/\/ferabrajan.com\/portal\/wp-content\/uploads\/2025\/01\/AA1wZRHa.jpg 768w, https:\/\/ferabrajan.com\/portal\/wp-content\/uploads\/2025\/01\/AA1wZRHa-300x185.jpg 300w\" sizes=\"(max-width: 768px) 100vw, 768px\" \/><\/figure>\n\n\n\n<h2 class=\"wp-block-heading\">\u00bfQu\u00e9 es el metapneumovirus?<\/h2>\n\n\n\n<p class=\"wp-block-paragraph\">El metapneumovirus es un agente viral conocido por provocar infecciones respiratorias, especialmente en temporadas de fr\u00edo.<\/p>\n\n\n\n<p class=\"wp-block-paragraph\"><strong>Sus s\u00edntomas suelen confundirse&nbsp;<\/strong>con otras enfermedades como gripe com\u00fan, resfriado o incluso&nbsp;<strong>Covid-19<\/strong>, raz\u00f3n por la cual los m\u00e9dicos deben realizar pruebas espec\u00edficas para identificarlo.<\/p>\n\n\n\n<h2 class=\"wp-block-heading\">Diagn\u00f3sticos distribuidos en todo el estado<\/h2>\n\n\n\n<p class=\"wp-block-paragraph\">Los casos reportados no se concentran en un solo municipio, sino que est\u00e1n&nbsp;<strong>distribuidos en diversas regiones de Sinaloa<\/strong>. Gonz\u00e1lez Galindo explic\u00f3 que los pacientes han sido atendidos adecuadamente y no se han registrado defunciones.<img decoding=\"async\" alt=\"Expand article logo\" src=\"https:\/\/assets.msn.com\/staticsb\/statics\/latest\/views\/icons\/textExpand_filled.svg\">&nbsp;&nbsp;Continuar leyendo<\/p>\n\n\n\n<p class=\"wp-block-paragraph\">Adem\u00e1s, enfatiz\u00f3 que las complicaciones graves est\u00e1n asociadas a la condici\u00f3n de salud individual de cada paciente, no al virus en s\u00ed.<\/p>\n\n\n\n<p class=\"wp-block-paragraph\">Destac\u00f3 que, en general, los pacientes con&nbsp;<strong>cuadros gripales o neumon\u00eda<\/strong>&nbsp;han sido atendidos en hospitales y se les han realizado pruebas de laboratorio para confirmar la causa de su enfermedad.<\/p>\n\n\n\n<figure class=\"wp-block-gallery has-nested-images columns-default is-cropped wp-block-gallery-1 is-layout-flex wp-block-gallery-is-layout-flex\">\n<figure class=\"wp-block-image size-large\"><img decoding=\"async\" width=\"768\" height=\"461\" data-id=\"67782\" src=\"https:\/\/ferabrajan.com\/portal\/wp-content\/uploads\/2025\/01\/virus.jpg\" alt=\"\" class=\"wp-image-67782\" srcset=\"https:\/\/ferabrajan.com\/portal\/wp-content\/uploads\/2025\/01\/virus.jpg 768w, https:\/\/ferabrajan.com\/portal\/wp-content\/uploads\/2025\/01\/virus-300x180.jpg 300w\" sizes=\"(max-width: 768px) 100vw, 768px\" \/><\/figure>\n<\/figure>\n\n\n\n<h2 class=\"wp-block-heading\">\u00bfHay riesgos de una nueva pandemia?<\/h2>\n\n\n\n<p class=\"wp-block-paragraph\"><strong>No se han reportado defunciones asociadas al virus<\/strong>, seg\u00fan el secretario de Salud.<\/p>\n\n\n\n<p class=\"wp-block-paragraph\">Gonz\u00e1lez Galindo destac\u00f3 que el metapneumovirus es un virus conocido en el pa\u00eds y que no representa un riesgo significativo para la poblaci\u00f3n. Aunque&nbsp;<strong>puede generar complicaciones en pacientes con condiciones preexistentes<\/strong>, las autoridades no han observado un aumento en los casos graves ni en las muertes.<\/p>\n\n\n\n<p class=\"wp-block-paragraph\">Aclar\u00f3 que las\u00a0<strong>alertas generadas en China<\/strong>\u00a0sobre este virus han creado\u00a0<strong>preocupaci\u00f3n innecesaria<\/strong>. El secretario enfatiz\u00f3 que no se trata de una enfermedad nueva ni peligrosa, y que debe ser tratada a tiempo para evitar complicaciones.<\/p>\n\n\n\n<h2 class=\"wp-block-heading\">\u00bfQu\u00e9 sucede en otros estados?<\/h2>\n\n\n\n<p class=\"wp-block-paragraph\">El metapneumovirus tambi\u00e9n ha sido identificado en otras regiones del pa\u00eds. En&nbsp;<a href=\"https:\/\/www.elimparcial.com\/mexico\/2025\/01\/08\/confirman-dos-casos-de-metapneumovirus-en-nuevo-leon-autoridades-descartan-alerta-sanitaria\/\" target=\"_blank\" rel=\"noreferrer noopener\"><strong>Nuevo Le\u00f3n<\/strong><\/a>, la secretaria de Salud Alma Rosa Marroqu\u00edn inform\u00f3 recientemente sobre dos casos.<\/p>\n\n\n\n<p class=\"wp-block-paragraph\">Ambos pacientes presentaron&nbsp;<strong>infecciones leves<\/strong>, fueron diagnosticados de manera ambulatoria y&nbsp;<strong>no requirieron hospitalizaci\u00f3n<\/strong>.<\/p>\n\n\n\n<blockquote class=\"wp-block-quote is-layout-flow wp-block-quote-is-layout-flow\">\n<p class=\"wp-block-paragraph\">\u201cLlegan, se diagnostican, se hace un panel donde se identifican esos virus y se van a la casa. No tenemos ning\u00fan paciente hospitalizado por metapneumovirus y en este momento, reitero, no hay situaci\u00f3n que nos tenga que alertar\u201d, asegur\u00f3 Marroqu\u00edn.<\/p>\n<\/blockquote>\n\n\n\n<p class=\"wp-block-paragraph\">Con Informaci\u00f3n de: <a href=\"https:\/\/www.msn.com\/es-mx\/salud\/other\/confirman-150-casos-de-metapneumovirus-en-sinaloa-hay-riesgos\/ar-BB1raR7v?ocid=msedgdhp&amp;pc=U531&amp;cvid=0d55522e459f432fa69c738957022c05&amp;ei=85\">https:\/\/www.msn.com\/es-mx\/salud\/other\/confirman-150-casos-de-metapneumovirus-en-sinaloa-hay-riesgos\/ar-BB1raR7v?ocid=msedgdhp&amp;pc=U531&amp;cvid=0d55522e459f432fa69c738957022c05&amp;ei=85<\/a><\/p>\n","protected":false},"excerpt":{"rendered":"<p>Sus s\u00edntomas suelen confundirse con otras enfermedades como gripe com\u00fan, resfriado o incluso Covid-19<\/p>\n","protected":false},"author":1,"featured_media":67783,"comment_status":"closed","ping_status":"closed","sticky":false,"template":"","format":"standard","meta":{"_monsterinsights_skip_tracking":false,"_uf_show_specific_survey":0,"_uf_disable_surveys":false,"footnotes":""},"categories":[52,585],"tags":[114],"class_list":["post-67779","post","type-post","status-publish","format-standard","has-post-thumbnail","hentry","category-nacional","category-principal","tag-salud"],"yoast_head":"<!-- This site is optimized with the Yoast SEO plugin v27.5 - https:\/\/yoast.com\/product\/yoast-seo-wordpress\/ -->\n<title>Confirman 150 casos de Metapneumovirus en Sinaloa: \u00bfHay riesgos? - Fer Abrajan<\/title>\n<meta name=\"description\" content=\"Sus s\u00edntomas suelen confundirse con otras enfermedades como gripe com\u00fan, resfriado o incluso Covid-19\" \/>\n<meta name=\"robots\" content=\"index, follow, max-snippet:-1, max-image-preview:large, max-video-preview:-1\" \/>\n<link rel=\"canonical\" href=\"https:\/\/ferabrajan.com\/portal\/2025\/01\/10\/confirman-150-casos-de-metapneumovirus-en-sinaloa-hay-riesgos\/\" \/>\n<meta property=\"og:locale\" content=\"es_ES\" \/>\n<meta property=\"og:type\" content=\"article\" \/>\n<meta property=\"og:title\" content=\"Confirman 150 casos de Metapneumovirus en Sinaloa: \u00bfHay riesgos? - Fer Abrajan\" \/>\n<meta property=\"og:description\" content=\"Sus s\u00edntomas suelen confundirse con otras enfermedades como gripe com\u00fan, resfriado o incluso Covid-19\" \/>\n<meta property=\"og:url\" content=\"https:\/\/ferabrajan.com\/portal\/2025\/01\/10\/confirman-150-casos-de-metapneumovirus-en-sinaloa-hay-riesgos\/\" \/>\n<meta property=\"og:site_name\" content=\"Fer Abrajan\" \/>\n<meta property=\"article:publisher\" content=\"https:\/\/www.facebook.com\/NoticiasconFerAbrajan\/\" \/>\n<meta property=\"article:published_time\" content=\"2025-01-10T14:36:35+00:00\" \/>\n<meta property=\"article:modified_time\" content=\"2025-01-10T14:36:50+00:00\" \/>\n<meta property=\"og:image\" content=\"https:\/\/ferabrajan.com\/portal\/wp-content\/uploads\/2025\/01\/BB1raOYb.jpg\" \/>\n\t<meta property=\"og:image:width\" content=\"768\" \/>\n\t<meta property=\"og:image:height\" content=\"432\" \/>\n\t<meta property=\"og:image:type\" content=\"image\/jpeg\" \/>\n<meta name=\"author\" content=\"admin\" \/>\n<meta name=\"twitter:card\" content=\"summary_large_image\" \/>\n<meta name=\"twitter:creator\" content=\"@ferabrajan1\" \/>\n<meta name=\"twitter:site\" content=\"@ferabrajan1\" \/>\n<meta name=\"twitter:label1\" content=\"Escrito por\" \/>\n\t<meta name=\"twitter:data1\" content=\"admin\" \/>\n\t<meta name=\"twitter:label2\" content=\"Tiempo de lectura\" \/>\n\t<meta name=\"twitter:data2\" content=\"3 minutos\" \/>\n<script type=\"application\/ld+json\" class=\"yoast-schema-graph\">{\"@context\":\"https:\\\/\\\/schema.org\",\"@graph\":[{\"@type\":\"Article\",\"@id\":\"https:\\\/\\\/ferabrajan.com\\\/portal\\\/2025\\\/01\\\/10\\\/confirman-150-casos-de-metapneumovirus-en-sinaloa-hay-riesgos\\\/#article\",\"isPartOf\":{\"@id\":\"https:\\\/\\\/ferabrajan.com\\\/portal\\\/2025\\\/01\\\/10\\\/confirman-150-casos-de-metapneumovirus-en-sinaloa-hay-riesgos\\\/\"},\"author\":{\"name\":\"admin\",\"@id\":\"https:\\\/\\\/ferabrajan.com\\\/portal\\\/#\\\/schema\\\/person\\\/f6113b3cb1e036d5c6a9505685b257ba\"},\"headline\":\"Confirman 150 casos de Metapneumovirus en Sinaloa: \u00bfHay riesgos?\",\"datePublished\":\"2025-01-10T14:36:35+00:00\",\"dateModified\":\"2025-01-10T14:36:50+00:00\",\"mainEntityOfPage\":{\"@id\":\"https:\\\/\\\/ferabrajan.com\\\/portal\\\/2025\\\/01\\\/10\\\/confirman-150-casos-de-metapneumovirus-en-sinaloa-hay-riesgos\\\/\"},\"wordCount\":484,\"publisher\":{\"@id\":\"https:\\\/\\\/ferabrajan.com\\\/portal\\\/#organization\"},\"image\":{\"@id\":\"https:\\\/\\\/ferabrajan.com\\\/portal\\\/2025\\\/01\\\/10\\\/confirman-150-casos-de-metapneumovirus-en-sinaloa-hay-riesgos\\\/#primaryimage\"},\"thumbnailUrl\":\"https:\\\/\\\/ferabrajan.com\\\/portal\\\/wp-content\\\/uploads\\\/2025\\\/01\\\/BB1raOYb.jpg\",\"keywords\":[\"Salud\"],\"articleSection\":[\"Nacional\",\"Principal\"],\"inLanguage\":\"es\"},{\"@type\":\"WebPage\",\"@id\":\"https:\\\/\\\/ferabrajan.com\\\/portal\\\/2025\\\/01\\\/10\\\/confirman-150-casos-de-metapneumovirus-en-sinaloa-hay-riesgos\\\/\",\"url\":\"https:\\\/\\\/ferabrajan.com\\\/portal\\\/2025\\\/01\\\/10\\\/confirman-150-casos-de-metapneumovirus-en-sinaloa-hay-riesgos\\\/\",\"name\":\"Confirman 150 casos de Metapneumovirus en Sinaloa: \u00bfHay riesgos? - Fer Abrajan\",\"isPartOf\":{\"@id\":\"https:\\\/\\\/ferabrajan.com\\\/portal\\\/#website\"},\"primaryImageOfPage\":{\"@id\":\"https:\\\/\\\/ferabrajan.com\\\/portal\\\/2025\\\/01\\\/10\\\/confirman-150-casos-de-metapneumovirus-en-sinaloa-hay-riesgos\\\/#primaryimage\"},\"image\":{\"@id\":\"https:\\\/\\\/ferabrajan.com\\\/portal\\\/2025\\\/01\\\/10\\\/confirman-150-casos-de-metapneumovirus-en-sinaloa-hay-riesgos\\\/#primaryimage\"},\"thumbnailUrl\":\"https:\\\/\\\/ferabrajan.com\\\/portal\\\/wp-content\\\/uploads\\\/2025\\\/01\\\/BB1raOYb.jpg\",\"datePublished\":\"2025-01-10T14:36:35+00:00\",\"dateModified\":\"2025-01-10T14:36:50+00:00\",\"description\":\"Sus s\u00edntomas suelen confundirse con otras enfermedades como gripe com\u00fan, resfriado o incluso Covid-19\",\"breadcrumb\":{\"@id\":\"https:\\\/\\\/ferabrajan.com\\\/portal\\\/2025\\\/01\\\/10\\\/confirman-150-casos-de-metapneumovirus-en-sinaloa-hay-riesgos\\\/#breadcrumb\"},\"inLanguage\":\"es\",\"potentialAction\":[{\"@type\":\"ReadAction\",\"target\":[\"https:\\\/\\\/ferabrajan.com\\\/portal\\\/2025\\\/01\\\/10\\\/confirman-150-casos-de-metapneumovirus-en-sinaloa-hay-riesgos\\\/\"]}]},{\"@type\":\"ImageObject\",\"inLanguage\":\"es\",\"@id\":\"https:\\\/\\\/ferabrajan.com\\\/portal\\\/2025\\\/01\\\/10\\\/confirman-150-casos-de-metapneumovirus-en-sinaloa-hay-riesgos\\\/#primaryimage\",\"url\":\"https:\\\/\\\/ferabrajan.com\\\/portal\\\/wp-content\\\/uploads\\\/2025\\\/01\\\/BB1raOYb.jpg\",\"contentUrl\":\"https:\\\/\\\/ferabrajan.com\\\/portal\\\/wp-content\\\/uploads\\\/2025\\\/01\\\/BB1raOYb.jpg\",\"width\":768,\"height\":432},{\"@type\":\"BreadcrumbList\",\"@id\":\"https:\\\/\\\/ferabrajan.com\\\/portal\\\/2025\\\/01\\\/10\\\/confirman-150-casos-de-metapneumovirus-en-sinaloa-hay-riesgos\\\/#breadcrumb\",\"itemListElement\":[{\"@type\":\"ListItem\",\"position\":1,\"name\":\"Portada\",\"item\":\"https:\\\/\\\/ferabrajan.com\\\/portal\\\/\"},{\"@type\":\"ListItem\",\"position\":2,\"name\":\"Confirman 150 casos de Metapneumovirus en Sinaloa: \u00bfHay riesgos?\"}]},{\"@type\":\"WebSite\",\"@id\":\"https:\\\/\\\/ferabrajan.com\\\/portal\\\/#website\",\"url\":\"https:\\\/\\\/ferabrajan.com\\\/portal\\\/\",\"name\":\"Fer Abrajan\",\"description\":\"Noticias de Puebla, opini\u00f3n y radio en vivo\",\"publisher\":{\"@id\":\"https:\\\/\\\/ferabrajan.com\\\/portal\\\/#organization\"},\"potentialAction\":[{\"@type\":\"SearchAction\",\"target\":{\"@type\":\"EntryPoint\",\"urlTemplate\":\"https:\\\/\\\/ferabrajan.com\\\/portal\\\/?s={search_term_string}\"},\"query-input\":{\"@type\":\"PropertyValueSpecification\",\"valueRequired\":true,\"valueName\":\"search_term_string\"}}],\"inLanguage\":\"es\"},{\"@type\":\"Organization\",\"@id\":\"https:\\\/\\\/ferabrajan.com\\\/portal\\\/#organization\",\"name\":\"Fer Abrajan\",\"url\":\"https:\\\/\\\/ferabrajan.com\\\/portal\\\/\",\"logo\":{\"@type\":\"ImageObject\",\"inLanguage\":\"es\",\"@id\":\"https:\\\/\\\/ferabrajan.com\\\/portal\\\/#\\\/schema\\\/logo\\\/image\\\/\",\"url\":\"https:\\\/\\\/ferabrajan.com\\\/portal\\\/wp-content\\\/uploads\\\/2024\\\/10\\\/cropped-logo.jpeg\",\"contentUrl\":\"https:\\\/\\\/ferabrajan.com\\\/portal\\\/wp-content\\\/uploads\\\/2024\\\/10\\\/cropped-logo.jpeg\",\"width\":500,\"height\":250,\"caption\":\"Fer Abrajan\"},\"image\":{\"@id\":\"https:\\\/\\\/ferabrajan.com\\\/portal\\\/#\\\/schema\\\/logo\\\/image\\\/\"},\"sameAs\":[\"https:\\\/\\\/www.facebook.com\\\/NoticiasconFerAbrajan\\\/\",\"https:\\\/\\\/x.com\\\/ferabrajan1\"]},{\"@type\":\"Person\",\"@id\":\"https:\\\/\\\/ferabrajan.com\\\/portal\\\/#\\\/schema\\\/person\\\/f6113b3cb1e036d5c6a9505685b257ba\",\"name\":\"admin\",\"image\":{\"@type\":\"ImageObject\",\"inLanguage\":\"es\",\"@id\":\"https:\\\/\\\/secure.gravatar.com\\\/avatar\\\/072baa72775aad53c748dfc5d3048578e01b6c087eef335459ebfa04344e2d18?s=96&d=mm&r=g\",\"url\":\"https:\\\/\\\/secure.gravatar.com\\\/avatar\\\/072baa72775aad53c748dfc5d3048578e01b6c087eef335459ebfa04344e2d18?s=96&d=mm&r=g\",\"contentUrl\":\"https:\\\/\\\/secure.gravatar.com\\\/avatar\\\/072baa72775aad53c748dfc5d3048578e01b6c087eef335459ebfa04344e2d18?s=96&d=mm&r=g\",\"caption\":\"admin\"},\"sameAs\":[\"https:\\\/\\\/ferabrajan.com\\\/portal\"],\"url\":\"https:\\\/\\\/ferabrajan.com\\\/portal\\\/author\\\/admin\\\/\"}]}<\/script>\n<!-- \/ Yoast SEO plugin. -->","yoast_head_json":{"title":"Confirman 150 casos de Metapneumovirus en Sinaloa: \u00bfHay riesgos? - Fer Abrajan","description":"Sus s\u00edntomas suelen confundirse con otras enfermedades como gripe com\u00fan, resfriado o incluso Covid-19","robots":{"index":"index","follow":"follow","max-snippet":"max-snippet:-1","max-image-preview":"max-image-preview:large","max-video-preview":"max-video-preview:-1"},"canonical":"https:\/\/ferabrajan.com\/portal\/2025\/01\/10\/confirman-150-casos-de-metapneumovirus-en-sinaloa-hay-riesgos\/","og_locale":"es_ES","og_type":"article","og_title":"Confirman 150 casos de Metapneumovirus en Sinaloa: \u00bfHay riesgos? - Fer Abrajan","og_description":"Sus s\u00edntomas suelen confundirse con otras enfermedades como gripe com\u00fan, resfriado o incluso Covid-19","og_url":"https:\/\/ferabrajan.com\/portal\/2025\/01\/10\/confirman-150-casos-de-metapneumovirus-en-sinaloa-hay-riesgos\/","og_site_name":"Fer Abrajan","article_publisher":"https:\/\/www.facebook.com\/NoticiasconFerAbrajan\/","article_published_time":"2025-01-10T14:36:35+00:00","article_modified_time":"2025-01-10T14:36:50+00:00","og_image":[{"width":768,"height":432,"url":"https:\/\/ferabrajan.com\/portal\/wp-content\/uploads\/2025\/01\/BB1raOYb.jpg","type":"image\/jpeg"}],"author":"admin","twitter_card":"summary_large_image","twitter_creator":"@ferabrajan1","twitter_site":"@ferabrajan1","twitter_misc":{"Escrito por":"admin","Tiempo de lectura":"3 minutos"},"schema":{"@context":"https:\/\/schema.org","@graph":[{"@type":"Article","@id":"https:\/\/ferabrajan.com\/portal\/2025\/01\/10\/confirman-150-casos-de-metapneumovirus-en-sinaloa-hay-riesgos\/#article","isPartOf":{"@id":"https:\/\/ferabrajan.com\/portal\/2025\/01\/10\/confirman-150-casos-de-metapneumovirus-en-sinaloa-hay-riesgos\/"},"author":{"name":"admin","@id":"https:\/\/ferabrajan.com\/portal\/#\/schema\/person\/f6113b3cb1e036d5c6a9505685b257ba"},"headline":"Confirman 150 casos de Metapneumovirus en Sinaloa: \u00bfHay riesgos?","datePublished":"2025-01-10T14:36:35+00:00","dateModified":"2025-01-10T14:36:50+00:00","mainEntityOfPage":{"@id":"https:\/\/ferabrajan.com\/portal\/2025\/01\/10\/confirman-150-casos-de-metapneumovirus-en-sinaloa-hay-riesgos\/"},"wordCount":484,"publisher":{"@id":"https:\/\/ferabrajan.com\/portal\/#organization"},"image":{"@id":"https:\/\/ferabrajan.com\/portal\/2025\/01\/10\/confirman-150-casos-de-metapneumovirus-en-sinaloa-hay-riesgos\/#primaryimage"},"thumbnailUrl":"https:\/\/ferabrajan.com\/portal\/wp-content\/uploads\/2025\/01\/BB1raOYb.jpg","keywords":["Salud"],"articleSection":["Nacional","Principal"],"inLanguage":"es"},{"@type":"WebPage","@id":"https:\/\/ferabrajan.com\/portal\/2025\/01\/10\/confirman-150-casos-de-metapneumovirus-en-sinaloa-hay-riesgos\/","url":"https:\/\/ferabrajan.com\/portal\/2025\/01\/10\/confirman-150-casos-de-metapneumovirus-en-sinaloa-hay-riesgos\/","name":"Confirman 150 casos de Metapneumovirus en Sinaloa: \u00bfHay riesgos? - Fer Abrajan","isPartOf":{"@id":"https:\/\/ferabrajan.com\/portal\/#website"},"primaryImageOfPage":{"@id":"https:\/\/ferabrajan.com\/portal\/2025\/01\/10\/confirman-150-casos-de-metapneumovirus-en-sinaloa-hay-riesgos\/#primaryimage"},"image":{"@id":"https:\/\/ferabrajan.com\/portal\/2025\/01\/10\/confirman-150-casos-de-metapneumovirus-en-sinaloa-hay-riesgos\/#primaryimage"},"thumbnailUrl":"https:\/\/ferabrajan.com\/portal\/wp-content\/uploads\/2025\/01\/BB1raOYb.jpg","datePublished":"2025-01-10T14:36:35+00:00","dateModified":"2025-01-10T14:36:50+00:00","description":"Sus s\u00edntomas suelen confundirse con otras enfermedades como gripe com\u00fan, resfriado o incluso Covid-19","breadcrumb":{"@id":"https:\/\/ferabrajan.com\/portal\/2025\/01\/10\/confirman-150-casos-de-metapneumovirus-en-sinaloa-hay-riesgos\/#breadcrumb"},"inLanguage":"es","potentialAction":[{"@type":"ReadAction","target":["https:\/\/ferabrajan.com\/portal\/2025\/01\/10\/confirman-150-casos-de-metapneumovirus-en-sinaloa-hay-riesgos\/"]}]},{"@type":"ImageObject","inLanguage":"es","@id":"https:\/\/ferabrajan.com\/portal\/2025\/01\/10\/confirman-150-casos-de-metapneumovirus-en-sinaloa-hay-riesgos\/#primaryimage","url":"https:\/\/ferabrajan.com\/portal\/wp-content\/uploads\/2025\/01\/BB1raOYb.jpg","contentUrl":"https:\/\/ferabrajan.com\/portal\/wp-content\/uploads\/2025\/01\/BB1raOYb.jpg","width":768,"height":432},{"@type":"BreadcrumbList","@id":"https:\/\/ferabrajan.com\/portal\/2025\/01\/10\/confirman-150-casos-de-metapneumovirus-en-sinaloa-hay-riesgos\/#breadcrumb","itemListElement":[{"@type":"ListItem","position":1,"name":"Portada","item":"https:\/\/ferabrajan.com\/portal\/"},{"@type":"ListItem","position":2,"name":"Confirman 150 casos de Metapneumovirus en Sinaloa: \u00bfHay riesgos?"}]},{"@type":"WebSite","@id":"https:\/\/ferabrajan.com\/portal\/#website","url":"https:\/\/ferabrajan.com\/portal\/","name":"Fer Abrajan","description":"Noticias de Puebla, opini\u00f3n y radio en vivo","publisher":{"@id":"https:\/\/ferabrajan.com\/portal\/#organization"},"potentialAction":[{"@type":"SearchAction","target":{"@type":"EntryPoint","urlTemplate":"https:\/\/ferabrajan.com\/portal\/?s={search_term_string}"},"query-input":{"@type":"PropertyValueSpecification","valueRequired":true,"valueName":"search_term_string"}}],"inLanguage":"es"},{"@type":"Organization","@id":"https:\/\/ferabrajan.com\/portal\/#organization","name":"Fer Abrajan","url":"https:\/\/ferabrajan.com\/portal\/","logo":{"@type":"ImageObject","inLanguage":"es","@id":"https:\/\/ferabrajan.com\/portal\/#\/schema\/logo\/image\/","url":"https:\/\/ferabrajan.com\/portal\/wp-content\/uploads\/2024\/10\/cropped-logo.jpeg","contentUrl":"https:\/\/ferabrajan.com\/portal\/wp-content\/uploads\/2024\/10\/cropped-logo.jpeg","width":500,"height":250,"caption":"Fer Abrajan"},"image":{"@id":"https:\/\/ferabrajan.com\/portal\/#\/schema\/logo\/image\/"},"sameAs":["https:\/\/www.facebook.com\/NoticiasconFerAbrajan\/","https:\/\/x.com\/ferabrajan1"]},{"@type":"Person","@id":"https:\/\/ferabrajan.com\/portal\/#\/schema\/person\/f6113b3cb1e036d5c6a9505685b257ba","name":"admin","image":{"@type":"ImageObject","inLanguage":"es","@id":"https:\/\/secure.gravatar.com\/avatar\/072baa72775aad53c748dfc5d3048578e01b6c087eef335459ebfa04344e2d18?s=96&d=mm&r=g","url":"https:\/\/secure.gravatar.com\/avatar\/072baa72775aad53c748dfc5d3048578e01b6c087eef335459ebfa04344e2d18?s=96&d=mm&r=g","contentUrl":"https:\/\/secure.gravatar.com\/avatar\/072baa72775aad53c748dfc5d3048578e01b6c087eef335459ebfa04344e2d18?s=96&d=mm&r=g","caption":"admin"},"sameAs":["https:\/\/ferabrajan.com\/portal"],"url":"https:\/\/ferabrajan.com\/portal\/author\/admin\/"}]}},"_links":{"self":[{"href":"https:\/\/ferabrajan.com\/portal\/wp-json\/wp\/v2\/posts\/67779","targetHints":{"allow":["GET"]}}],"collection":[{"href":"https:\/\/ferabrajan.com\/portal\/wp-json\/wp\/v2\/posts"}],"about":[{"href":"https:\/\/ferabrajan.com\/portal\/wp-json\/wp\/v2\/types\/post"}],"author":[{"embeddable":true,"href":"https:\/\/ferabrajan.com\/portal\/wp-json\/wp\/v2\/users\/1"}],"replies":[{"embeddable":true,"href":"https:\/\/ferabrajan.com\/portal\/wp-json\/wp\/v2\/comments?post=67779"}],"version-history":[{"count":0,"href":"https:\/\/ferabrajan.com\/portal\/wp-json\/wp\/v2\/posts\/67779\/revisions"}],"wp:featuredmedia":[{"embeddable":true,"href":"https:\/\/ferabrajan.com\/portal\/wp-json\/wp\/v2\/media\/67783"}],"wp:attachment":[{"href":"https:\/\/ferabrajan.com\/portal\/wp-json\/wp\/v2\/media?parent=67779"}],"wp:term":[{"taxonomy":"category","embeddable":true,"href":"https:\/\/ferabrajan.com\/portal\/wp-json\/wp\/v2\/categories?post=67779"},{"taxonomy":"post_tag","embeddable":true,"href":"https:\/\/ferabrajan.com\/portal\/wp-json\/wp\/v2\/tags?post=67779"}],"curies":[{"name":"wp","href":"https:\/\/api.w.org\/{rel}","templated":true}]}}