{"id":67764,"date":"2025-01-09T14:36:12","date_gmt":"2025-01-09T14:36:12","guid":{"rendered":"https:\/\/ferabrajan.com\/portal\/?p=67764"},"modified":"2025-01-09T14:36:23","modified_gmt":"2025-01-09T14:36:23","slug":"tormenta-invernal-y-corriente-en-chorro-polar-traen-consigo-temperaturas-severamente-frias","status":"publish","type":"post","link":"https:\/\/ferabrajan.com\/portal\/2025\/01\/09\/tormenta-invernal-y-corriente-en-chorro-polar-traen-consigo-temperaturas-severamente-frias\/","title":{"rendered":"Tormenta invernal y corriente en chorro polar,  traen consigo temperaturas severamente fr\u00edas"},"content":{"rendered":"\n<p class=\"wp-block-paragraph\">El Servicio Meteorol\u00f3gico Nacional (<strong>SMN<\/strong>) de la\u00a0<strong>Conagua<\/strong>\u00a0emiti\u00f3 un aviso con pron\u00f3sticos importantes para este 9 de enero de 2025.<\/p>\n\n\n\n<p class=\"wp-block-paragraph\">Las condiciones clim\u00e1ticas estar\u00e1n marcadas por<strong>&nbsp;lluvias intensas, fr\u00edo extremo, vientos fuertes<\/strong>&nbsp;y, en algunas regiones,<strong>&nbsp;nieve y aguanieve<\/strong>.<\/p>\n\n\n\n<p class=\"wp-block-paragraph\">A continuaci\u00f3n, los detalles.<\/p>\n\n\n\n<h2 class=\"wp-block-heading\">\u00bfD\u00f3nde se esperan lluvias m\u00e1s intensas?<\/h2>\n\n\n\n<ul class=\"wp-block-list\">\n<li>Las lluvias m\u00e1s fuertes se concentrar\u00e1n en las zonas de Durango, Sinaloa y Nayarit, con acumulaciones que pueden alcanzar entre 75 y 150 mil\u00edmetros.<\/li>\n\n\n\n<li>Tambi\u00e9n se prev\u00e9n lluvias puntuales muy fuertes en el norte de Zacatecas y Jalisco.<\/li>\n\n\n\n<li>Mientras tanto, en otros estados como Sonora, Chihuahua, Coahuila, Nuevo Le\u00f3n y Tamaulipas experimentar\u00e1n lluvias fuertes a intervalos.<\/li>\n\n\n\n<li>En el resto del pa\u00eds, habr\u00e1 intervalos de chubascos en estados como Veracruz, San Luis Potos\u00ed y Chiapas, y lluvias aisladas en entidades como Baja California Sur, Guerrero y Quintana Roo.<\/li>\n<\/ul>\n\n\n\n<p class=\"wp-block-paragraph\"><\/p>\n\n\n\n<h2 class=\"wp-block-heading\">Fr\u00edo extremo y ca\u00edda de nieve<\/h2>\n\n\n\n<p class=\"wp-block-paragraph\">La interacci\u00f3n de la&nbsp;<strong>segunda tormenta invernal&nbsp;<\/strong>con&nbsp;<strong>corrientes de aire polar<\/strong>&nbsp;provocar\u00e1 un&nbsp;<strong>ambiente muy fr\u00edo&nbsp;<\/strong>en el norte del pa\u00eds.<\/p>\n\n\n\n<p class=\"wp-block-paragraph\">Las temperaturas m\u00ednimas para esta madrugada ser\u00e1n de:<\/p>\n\n\n\n<ul class=\"wp-block-list\">\n<li><strong>Menores a -15 \u00b0C<\/strong>: Zonas monta\u00f1osas de Sonora y Chihuahua.<\/li>\n\n\n\n<li>De\u00a0<strong>-15 a -10 \u00b0C<\/strong>: Monta\u00f1as de Sinaloa y Durango.<\/li>\n\n\n\n<li>De<strong>\u00a0-10 a -5 \u00b0C<\/strong>: Regiones altas de Baja California y Coahuila.<\/li>\n\n\n\n<li>De<strong>\u00a0-5 a 0 \u00b0C<\/strong>: Estados como Nuevo Le\u00f3n, Zacatecas y el Estado de M\u00e9xico.<\/li>\n\n\n\n<li>De\u00a0<strong>0 a 5 \u00b0C<\/strong>: Ciudades como la Ciudad de M\u00e9xico y Quer\u00e9taro.<\/li>\n<\/ul>\n\n\n\n<p class=\"wp-block-paragraph\">En las sierras de Sonora, Sinaloa, Chihuahua, Durango y Coahuila, se pronostica la&nbsp;<strong>ca\u00edda de nieve o aguanieve<\/strong>, mientras que Zacatecas y Nuevo Le\u00f3n podr\u00edan enfrentar lluvia engelante.<img decoding=\"async\" src=\"https:\/\/img-s-msn-com.akamaized.net\/tenant\/amp\/entityid\/BB1r9S1V.img?w=768&amp;h=432&amp;m=6\" alt=\"Ca\u00edda de aguanieve en el tramo carretero Santa Ana-Trincheras.\"><\/p>\n\n\n\n<p class=\"wp-block-paragraph\">Ca\u00edda de aguanieve en el tramo carretero Santa Ana-Trincheras.<\/p>\n\n\n\n<h2 class=\"wp-block-heading\">Temperaturas c\u00e1lidas en el sur<\/h2>\n\n\n\n<p class=\"wp-block-paragraph\">En contraste, las temperaturas m\u00e1s altas se registrar\u00e1n en las costas de Colima, Michoac\u00e1n, Guerrero, Oaxaca y Chiapas, donde los term\u00f3metros podr\u00edan llegar&nbsp;<strong>hasta los 40 \u00b0C<\/strong>.<\/p>\n\n\n\n<h2 class=\"wp-block-heading\">Vientos y oleaje: zonas afectadas<\/h2>\n\n\n\n<p class=\"wp-block-paragraph\">Se esperan rachas de viento de hasta 100 km\/h en regiones como Chihuahua y Durango, mientras que estados como Baja California, Coahuila, Nuevo Le\u00f3n y San Luis Potos\u00ed tendr\u00e1n vientos de hasta 90 km\/h.<\/p>\n\n\n\n<p class=\"wp-block-paragraph\">Adem\u00e1s, el oleaje alcanzar\u00e1 alturas de 1 a 3 metros en costas del Golfo de California, Baja California y el Golfo de Tehuantepec.<\/p>\n\n\n\n<h2 class=\"wp-block-heading\">Advertencias para la poblaci\u00f3n<\/h2>\n\n\n\n<p class=\"wp-block-paragraph\">El SMN advierte sobre los riesgos que estas condiciones pueden ocasionar:<\/p>\n\n\n\n<ul class=\"wp-block-list\">\n<li><strong>Inundaciones y deslaves<\/strong>: Las lluvias intensas podr\u00edan provocar el incremento en niveles de r\u00edos y arroyos, as\u00ed como encharcamientos en zonas bajas.<\/li>\n\n\n\n<li><strong>Niebla y visibilidad reducida<\/strong>: Los bancos de niebla podr\u00edan afectar el tr\u00e1nsito vehicular.<\/li>\n\n\n\n<li><strong>Vientos fuertes<\/strong>: Existe el riesgo de ca\u00edda de \u00e1rboles y estructuras ligeras, como anuncios publicitarios.<\/li>\n<\/ul>\n\n\n\n<p class=\"wp-block-paragraph\"><img decoding=\"async\" src=\"https:\/\/img-s-msn-com.akamaized.net\/tenant\/amp\/entityid\/AA1vuLAk.img?w=768&amp;h=576&amp;m=6&amp;x=475&amp;y=300&amp;s=86&amp;d=86\" alt=\"La entrada de un nuevo frente fr\u00edo traer\u00e1 severas heladas e intensas lluvias a partir de esta fecha, advierte Conagua; estos estados de M\u00e9xico ser\u00e1n los m\u00e1s afectados\"><\/p>\n\n\n\n<p class=\"wp-block-paragraph\">La entrada de un nuevo frente fr\u00edo traer\u00e1 severas heladas e intensas lluvias a partir de esta fecha, advierte Conagua; estos estados de M\u00e9xico ser\u00e1n los m\u00e1s afectados<\/p>\n\n\n\n<h2 class=\"wp-block-heading\">\u00bfC\u00f3mo protegerse?<\/h2>\n\n\n\n<p class=\"wp-block-paragraph\">Ante estas condiciones, se recomienda:<\/p>\n\n\n\n<ul class=\"wp-block-list\">\n<li>Evitar cruzar r\u00edos o arroyos crecidos.<\/li>\n\n\n\n<li>Permanecer atento a las indicaciones de las autoridades locales.<\/li>\n\n\n\n<li>Protegerse del fr\u00edo con ropa adecuada y evitar cambios bruscos de temperatura.<\/li>\n\n\n\n<li>Revisar techos y estructuras para prevenir da\u00f1os por vientos fuertes.<\/li>\n<\/ul>\n\n\n\n<p class=\"wp-block-paragraph\">La informaci\u00f3n presentada es emitida por el\u00a0Servicio Meteorol\u00f3gico Nacional, la fuente oficial del Gobierno de M\u00e9xico. Para m\u00e1s actualizaciones, se invita a seguir los canales oficiales y consultar los reportes peri\u00f3dicos.<\/p>\n\n\n\n<p class=\"wp-block-paragraph\">Con Informaci\u00f3n de: <a href=\"https:\/\/www.msn.com\/es-mx\/noticias\/mexico\/tormenta-invernal-chocar%C3%A1-con-corriente-en-chorro-polar-dejando-temperaturas-severamente-fr%C3%ADas-lluvias-intensas-y-vientos-fuertes-en-estas-zonas-de-m%C3%A9xico-este-jueves-9-de-enero\/ar-BB1r9UmC?ocid=msedgntp&amp;pc=U531&amp;cvid=688360de3b8c4f7181842a0bf0e86e59&amp;ei=15\">https:\/\/www.msn.com\/es-mx\/noticias\/mexico\/tormenta-invernal-chocar%C3%A1-con-corriente-en-chorro-polar-dejando-temperaturas-severamente-fr%C3%ADas-lluvias-intensas-y-vientos-fuertes-en-estas-zonas-de-m%C3%A9xico-este-jueves-9-de-enero\/ar-BB1r9UmC?ocid=msedgntp&amp;pc=U531&amp;cvid=688360de3b8c4f7181842a0bf0e86e59&amp;ei=15<\/a><\/p>\n","protected":false},"excerpt":{"rendered":"<p>Las condiciones clim\u00e1ticas estar\u00e1n marcadas por\u00a0lluvias intensas, fr\u00edo extremo, vientos fuertes\u00a0y, en algunas regiones,\u00a0nieve y aguanieve.<\/p>\n","protected":false},"author":1,"featured_media":67768,"comment_status":"closed","ping_status":"closed","sticky":false,"template":"","format":"standard","meta":{"_monsterinsights_skip_tracking":false,"_uf_show_specific_survey":0,"_uf_disable_surveys":false,"footnotes":""},"categories":[52,585],"tags":[977,1923],"class_list":["post-67764","post","type-post","status-publish","format-standard","has-post-thumbnail","hentry","category-nacional","category-principal","tag-clima","tag-tormenta-invernal"],"yoast_head":"<!-- This site is optimized with the Yoast SEO plugin v27.5 - https:\/\/yoast.com\/product\/yoast-seo-wordpress\/ -->\n<title>Tormenta invernal y corriente en chorro polar, traen consigo temperaturas severamente fr\u00edas - Fer Abrajan<\/title>\n<meta name=\"description\" content=\"Las condiciones clim\u00e1ticas estar\u00e1n marcadas por\u00a0lluvias intensas, fr\u00edo extremo, vientos fuertes\u00a0y, en algunas regiones,\u00a0nieve y aguanieve.\" \/>\n<meta name=\"robots\" content=\"index, follow, max-snippet:-1, max-image-preview:large, max-video-preview:-1\" \/>\n<link rel=\"canonical\" href=\"https:\/\/ferabrajan.com\/portal\/2025\/01\/09\/tormenta-invernal-y-corriente-en-chorro-polar-traen-consigo-temperaturas-severamente-frias\/\" \/>\n<meta property=\"og:locale\" content=\"es_ES\" \/>\n<meta property=\"og:type\" content=\"article\" \/>\n<meta property=\"og:title\" content=\"Tormenta invernal y corriente en chorro polar, traen consigo temperaturas severamente fr\u00edas - Fer Abrajan\" \/>\n<meta property=\"og:description\" content=\"Las condiciones clim\u00e1ticas estar\u00e1n marcadas por\u00a0lluvias intensas, fr\u00edo extremo, vientos fuertes\u00a0y, en algunas regiones,\u00a0nieve y aguanieve.\" \/>\n<meta property=\"og:url\" content=\"https:\/\/ferabrajan.com\/portal\/2025\/01\/09\/tormenta-invernal-y-corriente-en-chorro-polar-traen-consigo-temperaturas-severamente-frias\/\" \/>\n<meta property=\"og:site_name\" content=\"Fer Abrajan\" \/>\n<meta property=\"article:publisher\" content=\"https:\/\/www.facebook.com\/NoticiasconFerAbrajan\/\" \/>\n<meta property=\"article:published_time\" content=\"2025-01-09T14:36:12+00:00\" \/>\n<meta property=\"article:modified_time\" content=\"2025-01-09T14:36:23+00:00\" \/>\n<meta property=\"og:image\" content=\"https:\/\/ferabrajan.com\/portal\/wp-content\/uploads\/2025\/01\/th-13.jpg\" \/>\n\t<meta property=\"og:image:width\" content=\"612\" \/>\n\t<meta property=\"og:image:height\" content=\"304\" \/>\n\t<meta property=\"og:image:type\" content=\"image\/jpeg\" \/>\n<meta name=\"author\" content=\"admin\" \/>\n<meta name=\"twitter:card\" content=\"summary_large_image\" \/>\n<meta name=\"twitter:creator\" content=\"@ferabrajan1\" \/>\n<meta name=\"twitter:site\" content=\"@ferabrajan1\" \/>\n<meta name=\"twitter:label1\" content=\"Escrito por\" \/>\n\t<meta name=\"twitter:data1\" content=\"admin\" \/>\n\t<meta name=\"twitter:label2\" content=\"Tiempo de lectura\" \/>\n\t<meta name=\"twitter:data2\" content=\"4 minutos\" \/>\n<script type=\"application\/ld+json\" class=\"yoast-schema-graph\">{\"@context\":\"https:\\\/\\\/schema.org\",\"@graph\":[{\"@type\":\"Article\",\"@id\":\"https:\\\/\\\/ferabrajan.com\\\/portal\\\/2025\\\/01\\\/09\\\/tormenta-invernal-y-corriente-en-chorro-polar-traen-consigo-temperaturas-severamente-frias\\\/#article\",\"isPartOf\":{\"@id\":\"https:\\\/\\\/ferabrajan.com\\\/portal\\\/2025\\\/01\\\/09\\\/tormenta-invernal-y-corriente-en-chorro-polar-traen-consigo-temperaturas-severamente-frias\\\/\"},\"author\":{\"name\":\"admin\",\"@id\":\"https:\\\/\\\/ferabrajan.com\\\/portal\\\/#\\\/schema\\\/person\\\/f6113b3cb1e036d5c6a9505685b257ba\"},\"headline\":\"Tormenta invernal y corriente en chorro polar, traen consigo temperaturas severamente fr\u00edas\",\"datePublished\":\"2025-01-09T14:36:12+00:00\",\"dateModified\":\"2025-01-09T14:36:23+00:00\",\"mainEntityOfPage\":{\"@id\":\"https:\\\/\\\/ferabrajan.com\\\/portal\\\/2025\\\/01\\\/09\\\/tormenta-invernal-y-corriente-en-chorro-polar-traen-consigo-temperaturas-severamente-frias\\\/\"},\"wordCount\":649,\"publisher\":{\"@id\":\"https:\\\/\\\/ferabrajan.com\\\/portal\\\/#organization\"},\"image\":{\"@id\":\"https:\\\/\\\/ferabrajan.com\\\/portal\\\/2025\\\/01\\\/09\\\/tormenta-invernal-y-corriente-en-chorro-polar-traen-consigo-temperaturas-severamente-frias\\\/#primaryimage\"},\"thumbnailUrl\":\"https:\\\/\\\/ferabrajan.com\\\/portal\\\/wp-content\\\/uploads\\\/2025\\\/01\\\/th-13.jpg\",\"keywords\":[\"clima\",\"Tormenta Invernal\"],\"articleSection\":[\"Nacional\",\"Principal\"],\"inLanguage\":\"es\"},{\"@type\":\"WebPage\",\"@id\":\"https:\\\/\\\/ferabrajan.com\\\/portal\\\/2025\\\/01\\\/09\\\/tormenta-invernal-y-corriente-en-chorro-polar-traen-consigo-temperaturas-severamente-frias\\\/\",\"url\":\"https:\\\/\\\/ferabrajan.com\\\/portal\\\/2025\\\/01\\\/09\\\/tormenta-invernal-y-corriente-en-chorro-polar-traen-consigo-temperaturas-severamente-frias\\\/\",\"name\":\"Tormenta invernal y corriente en chorro polar, traen consigo temperaturas severamente fr\u00edas - Fer Abrajan\",\"isPartOf\":{\"@id\":\"https:\\\/\\\/ferabrajan.com\\\/portal\\\/#website\"},\"primaryImageOfPage\":{\"@id\":\"https:\\\/\\\/ferabrajan.com\\\/portal\\\/2025\\\/01\\\/09\\\/tormenta-invernal-y-corriente-en-chorro-polar-traen-consigo-temperaturas-severamente-frias\\\/#primaryimage\"},\"image\":{\"@id\":\"https:\\\/\\\/ferabrajan.com\\\/portal\\\/2025\\\/01\\\/09\\\/tormenta-invernal-y-corriente-en-chorro-polar-traen-consigo-temperaturas-severamente-frias\\\/#primaryimage\"},\"thumbnailUrl\":\"https:\\\/\\\/ferabrajan.com\\\/portal\\\/wp-content\\\/uploads\\\/2025\\\/01\\\/th-13.jpg\",\"datePublished\":\"2025-01-09T14:36:12+00:00\",\"dateModified\":\"2025-01-09T14:36:23+00:00\",\"description\":\"Las condiciones clim\u00e1ticas estar\u00e1n marcadas por\u00a0lluvias intensas, fr\u00edo extremo, vientos fuertes\u00a0y, en algunas regiones,\u00a0nieve y aguanieve.\",\"breadcrumb\":{\"@id\":\"https:\\\/\\\/ferabrajan.com\\\/portal\\\/2025\\\/01\\\/09\\\/tormenta-invernal-y-corriente-en-chorro-polar-traen-consigo-temperaturas-severamente-frias\\\/#breadcrumb\"},\"inLanguage\":\"es\",\"potentialAction\":[{\"@type\":\"ReadAction\",\"target\":[\"https:\\\/\\\/ferabrajan.com\\\/portal\\\/2025\\\/01\\\/09\\\/tormenta-invernal-y-corriente-en-chorro-polar-traen-consigo-temperaturas-severamente-frias\\\/\"]}]},{\"@type\":\"ImageObject\",\"inLanguage\":\"es\",\"@id\":\"https:\\\/\\\/ferabrajan.com\\\/portal\\\/2025\\\/01\\\/09\\\/tormenta-invernal-y-corriente-en-chorro-polar-traen-consigo-temperaturas-severamente-frias\\\/#primaryimage\",\"url\":\"https:\\\/\\\/ferabrajan.com\\\/portal\\\/wp-content\\\/uploads\\\/2025\\\/01\\\/th-13.jpg\",\"contentUrl\":\"https:\\\/\\\/ferabrajan.com\\\/portal\\\/wp-content\\\/uploads\\\/2025\\\/01\\\/th-13.jpg\",\"width\":612,\"height\":304},{\"@type\":\"BreadcrumbList\",\"@id\":\"https:\\\/\\\/ferabrajan.com\\\/portal\\\/2025\\\/01\\\/09\\\/tormenta-invernal-y-corriente-en-chorro-polar-traen-consigo-temperaturas-severamente-frias\\\/#breadcrumb\",\"itemListElement\":[{\"@type\":\"ListItem\",\"position\":1,\"name\":\"Portada\",\"item\":\"https:\\\/\\\/ferabrajan.com\\\/portal\\\/\"},{\"@type\":\"ListItem\",\"position\":2,\"name\":\"Tormenta invernal y corriente en chorro polar, traen consigo temperaturas severamente fr\u00edas\"}]},{\"@type\":\"WebSite\",\"@id\":\"https:\\\/\\\/ferabrajan.com\\\/portal\\\/#website\",\"url\":\"https:\\\/\\\/ferabrajan.com\\\/portal\\\/\",\"name\":\"Fer Abrajan\",\"description\":\"Noticias de Puebla, opini\u00f3n y radio en vivo\",\"publisher\":{\"@id\":\"https:\\\/\\\/ferabrajan.com\\\/portal\\\/#organization\"},\"potentialAction\":[{\"@type\":\"SearchAction\",\"target\":{\"@type\":\"EntryPoint\",\"urlTemplate\":\"https:\\\/\\\/ferabrajan.com\\\/portal\\\/?s={search_term_string}\"},\"query-input\":{\"@type\":\"PropertyValueSpecification\",\"valueRequired\":true,\"valueName\":\"search_term_string\"}}],\"inLanguage\":\"es\"},{\"@type\":\"Organization\",\"@id\":\"https:\\\/\\\/ferabrajan.com\\\/portal\\\/#organization\",\"name\":\"Fer Abrajan\",\"url\":\"https:\\\/\\\/ferabrajan.com\\\/portal\\\/\",\"logo\":{\"@type\":\"ImageObject\",\"inLanguage\":\"es\",\"@id\":\"https:\\\/\\\/ferabrajan.com\\\/portal\\\/#\\\/schema\\\/logo\\\/image\\\/\",\"url\":\"https:\\\/\\\/ferabrajan.com\\\/portal\\\/wp-content\\\/uploads\\\/2024\\\/10\\\/cropped-logo.jpeg\",\"contentUrl\":\"https:\\\/\\\/ferabrajan.com\\\/portal\\\/wp-content\\\/uploads\\\/2024\\\/10\\\/cropped-logo.jpeg\",\"width\":500,\"height\":250,\"caption\":\"Fer Abrajan\"},\"image\":{\"@id\":\"https:\\\/\\\/ferabrajan.com\\\/portal\\\/#\\\/schema\\\/logo\\\/image\\\/\"},\"sameAs\":[\"https:\\\/\\\/www.facebook.com\\\/NoticiasconFerAbrajan\\\/\",\"https:\\\/\\\/x.com\\\/ferabrajan1\"]},{\"@type\":\"Person\",\"@id\":\"https:\\\/\\\/ferabrajan.com\\\/portal\\\/#\\\/schema\\\/person\\\/f6113b3cb1e036d5c6a9505685b257ba\",\"name\":\"admin\",\"image\":{\"@type\":\"ImageObject\",\"inLanguage\":\"es\",\"@id\":\"https:\\\/\\\/secure.gravatar.com\\\/avatar\\\/072baa72775aad53c748dfc5d3048578e01b6c087eef335459ebfa04344e2d18?s=96&d=mm&r=g\",\"url\":\"https:\\\/\\\/secure.gravatar.com\\\/avatar\\\/072baa72775aad53c748dfc5d3048578e01b6c087eef335459ebfa04344e2d18?s=96&d=mm&r=g\",\"contentUrl\":\"https:\\\/\\\/secure.gravatar.com\\\/avatar\\\/072baa72775aad53c748dfc5d3048578e01b6c087eef335459ebfa04344e2d18?s=96&d=mm&r=g\",\"caption\":\"admin\"},\"sameAs\":[\"https:\\\/\\\/ferabrajan.com\\\/portal\"],\"url\":\"https:\\\/\\\/ferabrajan.com\\\/portal\\\/author\\\/admin\\\/\"}]}<\/script>\n<!-- \/ Yoast SEO plugin. -->","yoast_head_json":{"title":"Tormenta invernal y corriente en chorro polar, traen consigo temperaturas severamente fr\u00edas - Fer Abrajan","description":"Las condiciones clim\u00e1ticas estar\u00e1n marcadas por\u00a0lluvias intensas, fr\u00edo extremo, vientos fuertes\u00a0y, en algunas regiones,\u00a0nieve y aguanieve.","robots":{"index":"index","follow":"follow","max-snippet":"max-snippet:-1","max-image-preview":"max-image-preview:large","max-video-preview":"max-video-preview:-1"},"canonical":"https:\/\/ferabrajan.com\/portal\/2025\/01\/09\/tormenta-invernal-y-corriente-en-chorro-polar-traen-consigo-temperaturas-severamente-frias\/","og_locale":"es_ES","og_type":"article","og_title":"Tormenta invernal y corriente en chorro polar, traen consigo temperaturas severamente fr\u00edas - Fer Abrajan","og_description":"Las condiciones clim\u00e1ticas estar\u00e1n marcadas por\u00a0lluvias intensas, fr\u00edo extremo, vientos fuertes\u00a0y, en algunas regiones,\u00a0nieve y aguanieve.","og_url":"https:\/\/ferabrajan.com\/portal\/2025\/01\/09\/tormenta-invernal-y-corriente-en-chorro-polar-traen-consigo-temperaturas-severamente-frias\/","og_site_name":"Fer Abrajan","article_publisher":"https:\/\/www.facebook.com\/NoticiasconFerAbrajan\/","article_published_time":"2025-01-09T14:36:12+00:00","article_modified_time":"2025-01-09T14:36:23+00:00","og_image":[{"width":612,"height":304,"url":"https:\/\/ferabrajan.com\/portal\/wp-content\/uploads\/2025\/01\/th-13.jpg","type":"image\/jpeg"}],"author":"admin","twitter_card":"summary_large_image","twitter_creator":"@ferabrajan1","twitter_site":"@ferabrajan1","twitter_misc":{"Escrito por":"admin","Tiempo de lectura":"4 minutos"},"schema":{"@context":"https:\/\/schema.org","@graph":[{"@type":"Article","@id":"https:\/\/ferabrajan.com\/portal\/2025\/01\/09\/tormenta-invernal-y-corriente-en-chorro-polar-traen-consigo-temperaturas-severamente-frias\/#article","isPartOf":{"@id":"https:\/\/ferabrajan.com\/portal\/2025\/01\/09\/tormenta-invernal-y-corriente-en-chorro-polar-traen-consigo-temperaturas-severamente-frias\/"},"author":{"name":"admin","@id":"https:\/\/ferabrajan.com\/portal\/#\/schema\/person\/f6113b3cb1e036d5c6a9505685b257ba"},"headline":"Tormenta invernal y corriente en chorro polar, traen consigo temperaturas severamente fr\u00edas","datePublished":"2025-01-09T14:36:12+00:00","dateModified":"2025-01-09T14:36:23+00:00","mainEntityOfPage":{"@id":"https:\/\/ferabrajan.com\/portal\/2025\/01\/09\/tormenta-invernal-y-corriente-en-chorro-polar-traen-consigo-temperaturas-severamente-frias\/"},"wordCount":649,"publisher":{"@id":"https:\/\/ferabrajan.com\/portal\/#organization"},"image":{"@id":"https:\/\/ferabrajan.com\/portal\/2025\/01\/09\/tormenta-invernal-y-corriente-en-chorro-polar-traen-consigo-temperaturas-severamente-frias\/#primaryimage"},"thumbnailUrl":"https:\/\/ferabrajan.com\/portal\/wp-content\/uploads\/2025\/01\/th-13.jpg","keywords":["clima","Tormenta Invernal"],"articleSection":["Nacional","Principal"],"inLanguage":"es"},{"@type":"WebPage","@id":"https:\/\/ferabrajan.com\/portal\/2025\/01\/09\/tormenta-invernal-y-corriente-en-chorro-polar-traen-consigo-temperaturas-severamente-frias\/","url":"https:\/\/ferabrajan.com\/portal\/2025\/01\/09\/tormenta-invernal-y-corriente-en-chorro-polar-traen-consigo-temperaturas-severamente-frias\/","name":"Tormenta invernal y corriente en chorro polar, traen consigo temperaturas severamente fr\u00edas - Fer Abrajan","isPartOf":{"@id":"https:\/\/ferabrajan.com\/portal\/#website"},"primaryImageOfPage":{"@id":"https:\/\/ferabrajan.com\/portal\/2025\/01\/09\/tormenta-invernal-y-corriente-en-chorro-polar-traen-consigo-temperaturas-severamente-frias\/#primaryimage"},"image":{"@id":"https:\/\/ferabrajan.com\/portal\/2025\/01\/09\/tormenta-invernal-y-corriente-en-chorro-polar-traen-consigo-temperaturas-severamente-frias\/#primaryimage"},"thumbnailUrl":"https:\/\/ferabrajan.com\/portal\/wp-content\/uploads\/2025\/01\/th-13.jpg","datePublished":"2025-01-09T14:36:12+00:00","dateModified":"2025-01-09T14:36:23+00:00","description":"Las condiciones clim\u00e1ticas estar\u00e1n marcadas por\u00a0lluvias intensas, fr\u00edo extremo, vientos fuertes\u00a0y, en algunas regiones,\u00a0nieve y aguanieve.","breadcrumb":{"@id":"https:\/\/ferabrajan.com\/portal\/2025\/01\/09\/tormenta-invernal-y-corriente-en-chorro-polar-traen-consigo-temperaturas-severamente-frias\/#breadcrumb"},"inLanguage":"es","potentialAction":[{"@type":"ReadAction","target":["https:\/\/ferabrajan.com\/portal\/2025\/01\/09\/tormenta-invernal-y-corriente-en-chorro-polar-traen-consigo-temperaturas-severamente-frias\/"]}]},{"@type":"ImageObject","inLanguage":"es","@id":"https:\/\/ferabrajan.com\/portal\/2025\/01\/09\/tormenta-invernal-y-corriente-en-chorro-polar-traen-consigo-temperaturas-severamente-frias\/#primaryimage","url":"https:\/\/ferabrajan.com\/portal\/wp-content\/uploads\/2025\/01\/th-13.jpg","contentUrl":"https:\/\/ferabrajan.com\/portal\/wp-content\/uploads\/2025\/01\/th-13.jpg","width":612,"height":304},{"@type":"BreadcrumbList","@id":"https:\/\/ferabrajan.com\/portal\/2025\/01\/09\/tormenta-invernal-y-corriente-en-chorro-polar-traen-consigo-temperaturas-severamente-frias\/#breadcrumb","itemListElement":[{"@type":"ListItem","position":1,"name":"Portada","item":"https:\/\/ferabrajan.com\/portal\/"},{"@type":"ListItem","position":2,"name":"Tormenta invernal y corriente en chorro polar, traen consigo temperaturas severamente fr\u00edas"}]},{"@type":"WebSite","@id":"https:\/\/ferabrajan.com\/portal\/#website","url":"https:\/\/ferabrajan.com\/portal\/","name":"Fer Abrajan","description":"Noticias de Puebla, opini\u00f3n y radio en vivo","publisher":{"@id":"https:\/\/ferabrajan.com\/portal\/#organization"},"potentialAction":[{"@type":"SearchAction","target":{"@type":"EntryPoint","urlTemplate":"https:\/\/ferabrajan.com\/portal\/?s={search_term_string}"},"query-input":{"@type":"PropertyValueSpecification","valueRequired":true,"valueName":"search_term_string"}}],"inLanguage":"es"},{"@type":"Organization","@id":"https:\/\/ferabrajan.com\/portal\/#organization","name":"Fer Abrajan","url":"https:\/\/ferabrajan.com\/portal\/","logo":{"@type":"ImageObject","inLanguage":"es","@id":"https:\/\/ferabrajan.com\/portal\/#\/schema\/logo\/image\/","url":"https:\/\/ferabrajan.com\/portal\/wp-content\/uploads\/2024\/10\/cropped-logo.jpeg","contentUrl":"https:\/\/ferabrajan.com\/portal\/wp-content\/uploads\/2024\/10\/cropped-logo.jpeg","width":500,"height":250,"caption":"Fer Abrajan"},"image":{"@id":"https:\/\/ferabrajan.com\/portal\/#\/schema\/logo\/image\/"},"sameAs":["https:\/\/www.facebook.com\/NoticiasconFerAbrajan\/","https:\/\/x.com\/ferabrajan1"]},{"@type":"Person","@id":"https:\/\/ferabrajan.com\/portal\/#\/schema\/person\/f6113b3cb1e036d5c6a9505685b257ba","name":"admin","image":{"@type":"ImageObject","inLanguage":"es","@id":"https:\/\/secure.gravatar.com\/avatar\/072baa72775aad53c748dfc5d3048578e01b6c087eef335459ebfa04344e2d18?s=96&d=mm&r=g","url":"https:\/\/secure.gravatar.com\/avatar\/072baa72775aad53c748dfc5d3048578e01b6c087eef335459ebfa04344e2d18?s=96&d=mm&r=g","contentUrl":"https:\/\/secure.gravatar.com\/avatar\/072baa72775aad53c748dfc5d3048578e01b6c087eef335459ebfa04344e2d18?s=96&d=mm&r=g","caption":"admin"},"sameAs":["https:\/\/ferabrajan.com\/portal"],"url":"https:\/\/ferabrajan.com\/portal\/author\/admin\/"}]}},"_links":{"self":[{"href":"https:\/\/ferabrajan.com\/portal\/wp-json\/wp\/v2\/posts\/67764","targetHints":{"allow":["GET"]}}],"collection":[{"href":"https:\/\/ferabrajan.com\/portal\/wp-json\/wp\/v2\/posts"}],"about":[{"href":"https:\/\/ferabrajan.com\/portal\/wp-json\/wp\/v2\/types\/post"}],"author":[{"embeddable":true,"href":"https:\/\/ferabrajan.com\/portal\/wp-json\/wp\/v2\/users\/1"}],"replies":[{"embeddable":true,"href":"https:\/\/ferabrajan.com\/portal\/wp-json\/wp\/v2\/comments?post=67764"}],"version-history":[{"count":0,"href":"https:\/\/ferabrajan.com\/portal\/wp-json\/wp\/v2\/posts\/67764\/revisions"}],"wp:featuredmedia":[{"embeddable":true,"href":"https:\/\/ferabrajan.com\/portal\/wp-json\/wp\/v2\/media\/67768"}],"wp:attachment":[{"href":"https:\/\/ferabrajan.com\/portal\/wp-json\/wp\/v2\/media?parent=67764"}],"wp:term":[{"taxonomy":"category","embeddable":true,"href":"https:\/\/ferabrajan.com\/portal\/wp-json\/wp\/v2\/categories?post=67764"},{"taxonomy":"post_tag","embeddable":true,"href":"https:\/\/ferabrajan.com\/portal\/wp-json\/wp\/v2\/tags?post=67764"}],"curies":[{"name":"wp","href":"https:\/\/api.w.org\/{rel}","templated":true}]}}