{"id":67448,"date":"2024-12-26T15:36:38","date_gmt":"2024-12-26T15:36:38","guid":{"rendered":"https:\/\/ferabrajan.com\/portal\/?p=67448"},"modified":"2024-12-26T15:36:44","modified_gmt":"2024-12-26T15:36:44","slug":"fortalece-sedif-lazos-familiares-con-el-festival-navideno","status":"publish","type":"post","link":"https:\/\/ferabrajan.com\/portal\/2024\/12\/26\/fortalece-sedif-lazos-familiares-con-el-festival-navideno\/","title":{"rendered":"Fortalece SEDIF lazos familiares con el \u201cFestival Navide\u00f1o\u201d"},"content":{"rendered":"\n<p class=\"wp-block-paragraph\">Con el prop\u00f3sito de fortalecer los lazos y la uni\u00f3n familiar en estas fechas, el Sistema Estatal DIF (SEDIF), encabezado por Ceci Arellano, en coordinaci\u00f3n con diversos ayuntamientos, report\u00f3 la asistencia de 974 ni\u00f1as y ni\u00f1os en la primera semana del \u201cFestival Navide\u00f1o\u201d.<\/p>\n\n\n\n<p class=\"wp-block-paragraph\">Durante la primera semana, posterior a su inauguraci\u00f3n por parte del gobernador Alejandro Armenta, chicas y chicos de diversas edades, en compa\u00f1\u00eda de autoridades, docentes, madres y padres de familia, han disfrutado de m\u00faltiples atractivos, como la decoraci\u00f3n e iluminaci\u00f3n tem\u00e1tica, pista y tobog\u00e1n de hielo, juegos inflables, \u00e1rbol de Navidad monumental, convivencia y vuelo de Santa Claus en trineo, as\u00ed como de gastronom\u00eda propia de la temporada.<\/p>\n\n\n\n<figure class=\"wp-block-gallery has-nested-images columns-default is-cropped wp-block-gallery-1 is-layout-flex wp-block-gallery-is-layout-flex\">\n<figure class=\"wp-block-image size-large\"><img fetchpriority=\"high\" decoding=\"async\" width=\"1024\" height=\"692\" data-id=\"67449\" src=\"https:\/\/ferabrajan.com\/portal\/wp-content\/uploads\/2024\/12\/WhatsApp_Image_2024-12-24_at_9.37.21_PM-1024x692.jpeg\" alt=\"\" class=\"wp-image-67449\" srcset=\"https:\/\/ferabrajan.com\/portal\/wp-content\/uploads\/2024\/12\/WhatsApp_Image_2024-12-24_at_9.37.21_PM-1024x692.jpeg 1024w, https:\/\/ferabrajan.com\/portal\/wp-content\/uploads\/2024\/12\/WhatsApp_Image_2024-12-24_at_9.37.21_PM-300x203.jpeg 300w, https:\/\/ferabrajan.com\/portal\/wp-content\/uploads\/2024\/12\/WhatsApp_Image_2024-12-24_at_9.37.21_PM-768x519.jpeg 768w, https:\/\/ferabrajan.com\/portal\/wp-content\/uploads\/2024\/12\/WhatsApp_Image_2024-12-24_at_9.37.21_PM-1536x1038.jpeg 1536w, https:\/\/ferabrajan.com\/portal\/wp-content\/uploads\/2024\/12\/WhatsApp_Image_2024-12-24_at_9.37.21_PM.jpeg 1600w\" sizes=\"(max-width: 1024px) 100vw, 1024px\" \/><\/figure>\n<\/figure>\n\n\n\n<p class=\"wp-block-paragraph\">Como resultado de la suma de esfuerzos con los municipios, se ha contado con la presencia de ni\u00f1as y ni\u00f1os de los municipios de Ajalpan, Eloxochitl\u00e1n, Puebla capital, Tepeaca, Teziutl\u00e1n, Tlatlauquitepec, Xicotepec de Ju\u00e1rez y Zacapoaxtla.<\/p>\n\n\n\n<p class=\"wp-block-paragraph\">En este sentido, el SEDIF, encabezado por Ceci Arellano, hace una atenta invitaci\u00f3n a todas las familias poblanas para que acudan a la zona de Los Fuertes de Loreto y Guadalupe para vivir una experiencia \u00fanica en v\u00edsperas de la Navidad y A\u00f1o Nuevo \u201cPor Amor A Puebla\u201d.<\/p>\n\n\n\n<p class=\"wp-block-paragraph\">El acceso al \u201cFestival Navide\u00f1o\u201d es gratuito, con horario de lunes a jueves de 18:00 a 23:00 horas y, fines de semana, hasta medianoche.<\/p>\n\n\n\n<p class=\"wp-block-paragraph\">Bajo el lema \u201cPensar en Grande\u201d, el gobierno que encabeza Alejandro Armenta refrenda el compromiso de velar por la felicidad, integridad y bienestar de la ni\u00f1ez, mediante el desarrollo de actividades l\u00fadicas y recreativas que propicien su sano crecimiento.<\/p>\n","protected":false},"excerpt":{"rendered":"<p>Con el prop\u00f3sito de fortalecer los lazos y la uni\u00f3n familiar en estas fechas, el Sistema Estatal DIF (SEDIF), encabezado por Ceci Arellano, en coordinaci\u00f3n con diversos ayuntamientos, report\u00f3 la asistencia de 974 ni\u00f1as y ni\u00f1os en la primera semana del \u201cFestival Navide\u00f1o\u201d.<\/p>\n<p>Durante la primera semana, posterior a su inauguraci\u00f3n por parte del gobernador Alejandro Armenta, chicas y chicos de diversas edades, en compa\u00f1\u00eda de autoridades, docentes, madres y padres de familia, han disfrutado de m\u00faltiples atractivos, como la decoraci\u00f3n e iluminaci\u00f3n tem\u00e1tica, pista y tobog\u00e1n de hielo, juegos inflables, \u00e1rbol de Navidad monumental, convivencia y vuelo de Santa Claus en trineo, as\u00ed como de gastronom\u00eda propia de la temporada.<\/p>\n<p>Como resultado de la suma de esfuerzos con los municipios, se ha contado con la presencia de ni\u00f1as y ni\u00f1os de los municipios de Ajalpan, Eloxochitl\u00e1n, Puebla capital, Tepeaca, Teziutl\u00e1n, Tlatlauquitepec, Xicotepec de Ju\u00e1rez y Zacapoaxtla.<\/p>\n<p>En este sentido, el SEDIF, encabezado por Ceci Arellano, hace una atenta invitaci\u00f3n a todas las familias poblanas para que acudan a la zona de Los Fuertes de Loreto y Guadalupe para vivir una experiencia \u00fanica en v\u00edsperas de la Navidad y A\u00f1o Nuevo \u201cPor Amor A Puebla\u201d.<\/p>\n<p>El acceso al \u201cFestival Navide\u00f1o\u201d es gratuito, con horario de lunes a jueves de 18:00 a 23:00 horas y, fines de semana, hasta medianoche.<\/p>\n<p>Bajo el lema \u201cPensar en Grande\u201d, el gobierno que encabeza Alejandro Armenta refrenda el compromiso de velar por la felicidad, integridad y bienestar de la ni\u00f1ez, mediante el desarrollo de actividades l\u00fadicas y recreativas que propicien su sano crecimiento.<\/p>\n","protected":false},"author":3,"featured_media":67451,"comment_status":"closed","ping_status":"closed","sticky":false,"template":"","format":"standard","meta":{"_monsterinsights_skip_tracking":false,"_uf_show_specific_survey":0,"_uf_disable_surveys":false,"footnotes":""},"categories":[585,34],"tags":[2133],"class_list":["post-67448","post","type-post","status-publish","format-standard","has-post-thumbnail","hentry","category-principal","category-puebla","tag-festival-navideno"],"yoast_head":"<!-- This site is optimized with the Yoast SEO plugin v27.5 - https:\/\/yoast.com\/product\/yoast-seo-wordpress\/ -->\n<title>Fortalece SEDIF lazos familiares con el \u201cFestival Navide\u00f1o\u201d - Fer Abrajan<\/title>\n<meta name=\"description\" content=\"Este evento, realizado en la zona de Los Fuertes, ofrece m\u00faltiples atractivos y actividades para chicas y chicos de todas las edades\" \/>\n<meta name=\"robots\" content=\"index, follow, max-snippet:-1, max-image-preview:large, max-video-preview:-1\" \/>\n<link rel=\"canonical\" href=\"https:\/\/ferabrajan.com\/portal\/2024\/12\/26\/fortalece-sedif-lazos-familiares-con-el-festival-navideno\/\" \/>\n<meta property=\"og:locale\" content=\"es_ES\" \/>\n<meta property=\"og:type\" content=\"article\" \/>\n<meta property=\"og:title\" content=\"Fortalece SEDIF lazos familiares con el \u201cFestival Navide\u00f1o\u201d - Fer Abrajan\" \/>\n<meta property=\"og:description\" content=\"Este evento, realizado en la zona de Los Fuertes, ofrece m\u00faltiples atractivos y actividades para chicas y chicos de todas las edades\" \/>\n<meta property=\"og:url\" content=\"https:\/\/ferabrajan.com\/portal\/2024\/12\/26\/fortalece-sedif-lazos-familiares-con-el-festival-navideno\/\" \/>\n<meta property=\"og:site_name\" content=\"Fer Abrajan\" \/>\n<meta property=\"article:publisher\" content=\"https:\/\/www.facebook.com\/NoticiasconFerAbrajan\/\" \/>\n<meta property=\"article:published_time\" content=\"2024-12-26T15:36:38+00:00\" \/>\n<meta property=\"article:modified_time\" content=\"2024-12-26T15:36:44+00:00\" \/>\n<meta property=\"og:image\" content=\"https:\/\/ferabrajan.com\/portal\/wp-content\/uploads\/2024\/12\/WhatsApp_Image_2024-12-24_at_9.37.21_PM_1-1.jpeg\" \/>\n\t<meta property=\"og:image:width\" content=\"1578\" \/>\n\t<meta property=\"og:image:height\" content=\"1098\" \/>\n\t<meta property=\"og:image:type\" content=\"image\/jpeg\" \/>\n<meta name=\"author\" content=\"Rebeca N\u00fa\u00f1ez\" \/>\n<meta name=\"twitter:card\" content=\"summary_large_image\" \/>\n<meta name=\"twitter:creator\" content=\"@ferabrajan1\" \/>\n<meta name=\"twitter:site\" content=\"@ferabrajan1\" \/>\n<meta name=\"twitter:label1\" content=\"Escrito por\" \/>\n\t<meta name=\"twitter:data1\" content=\"Rebeca N\u00fa\u00f1ez\" \/>\n\t<meta name=\"twitter:label2\" content=\"Tiempo de lectura\" \/>\n\t<meta name=\"twitter:data2\" content=\"2 minutos\" \/>\n<script type=\"application\/ld+json\" class=\"yoast-schema-graph\">{\"@context\":\"https:\\\/\\\/schema.org\",\"@graph\":[{\"@type\":\"Article\",\"@id\":\"https:\\\/\\\/ferabrajan.com\\\/portal\\\/2024\\\/12\\\/26\\\/fortalece-sedif-lazos-familiares-con-el-festival-navideno\\\/#article\",\"isPartOf\":{\"@id\":\"https:\\\/\\\/ferabrajan.com\\\/portal\\\/2024\\\/12\\\/26\\\/fortalece-sedif-lazos-familiares-con-el-festival-navideno\\\/\"},\"author\":{\"name\":\"Rebeca N\u00fa\u00f1ez\",\"@id\":\"https:\\\/\\\/ferabrajan.com\\\/portal\\\/#\\\/schema\\\/person\\\/a79364e0091921e733584c4833bc7a50\"},\"headline\":\"Fortalece SEDIF lazos familiares con el \u201cFestival Navide\u00f1o\u201d\",\"datePublished\":\"2024-12-26T15:36:38+00:00\",\"dateModified\":\"2024-12-26T15:36:44+00:00\",\"mainEntityOfPage\":{\"@id\":\"https:\\\/\\\/ferabrajan.com\\\/portal\\\/2024\\\/12\\\/26\\\/fortalece-sedif-lazos-familiares-con-el-festival-navideno\\\/\"},\"wordCount\":289,\"publisher\":{\"@id\":\"https:\\\/\\\/ferabrajan.com\\\/portal\\\/#organization\"},\"image\":{\"@id\":\"https:\\\/\\\/ferabrajan.com\\\/portal\\\/2024\\\/12\\\/26\\\/fortalece-sedif-lazos-familiares-con-el-festival-navideno\\\/#primaryimage\"},\"thumbnailUrl\":\"https:\\\/\\\/ferabrajan.com\\\/portal\\\/wp-content\\\/uploads\\\/2024\\\/12\\\/WhatsApp_Image_2024-12-24_at_9.37.21_PM_1-1.jpeg\",\"keywords\":[\"Festival Navide\u00f1o\"],\"articleSection\":[\"Principal\",\"Puebla\"],\"inLanguage\":\"es\"},{\"@type\":\"WebPage\",\"@id\":\"https:\\\/\\\/ferabrajan.com\\\/portal\\\/2024\\\/12\\\/26\\\/fortalece-sedif-lazos-familiares-con-el-festival-navideno\\\/\",\"url\":\"https:\\\/\\\/ferabrajan.com\\\/portal\\\/2024\\\/12\\\/26\\\/fortalece-sedif-lazos-familiares-con-el-festival-navideno\\\/\",\"name\":\"Fortalece SEDIF lazos familiares con el \u201cFestival Navide\u00f1o\u201d - Fer Abrajan\",\"isPartOf\":{\"@id\":\"https:\\\/\\\/ferabrajan.com\\\/portal\\\/#website\"},\"primaryImageOfPage\":{\"@id\":\"https:\\\/\\\/ferabrajan.com\\\/portal\\\/2024\\\/12\\\/26\\\/fortalece-sedif-lazos-familiares-con-el-festival-navideno\\\/#primaryimage\"},\"image\":{\"@id\":\"https:\\\/\\\/ferabrajan.com\\\/portal\\\/2024\\\/12\\\/26\\\/fortalece-sedif-lazos-familiares-con-el-festival-navideno\\\/#primaryimage\"},\"thumbnailUrl\":\"https:\\\/\\\/ferabrajan.com\\\/portal\\\/wp-content\\\/uploads\\\/2024\\\/12\\\/WhatsApp_Image_2024-12-24_at_9.37.21_PM_1-1.jpeg\",\"datePublished\":\"2024-12-26T15:36:38+00:00\",\"dateModified\":\"2024-12-26T15:36:44+00:00\",\"description\":\"Este evento, realizado en la zona de Los Fuertes, ofrece m\u00faltiples atractivos y actividades para chicas y chicos de todas las edades\",\"breadcrumb\":{\"@id\":\"https:\\\/\\\/ferabrajan.com\\\/portal\\\/2024\\\/12\\\/26\\\/fortalece-sedif-lazos-familiares-con-el-festival-navideno\\\/#breadcrumb\"},\"inLanguage\":\"es\",\"potentialAction\":[{\"@type\":\"ReadAction\",\"target\":[\"https:\\\/\\\/ferabrajan.com\\\/portal\\\/2024\\\/12\\\/26\\\/fortalece-sedif-lazos-familiares-con-el-festival-navideno\\\/\"]}]},{\"@type\":\"ImageObject\",\"inLanguage\":\"es\",\"@id\":\"https:\\\/\\\/ferabrajan.com\\\/portal\\\/2024\\\/12\\\/26\\\/fortalece-sedif-lazos-familiares-con-el-festival-navideno\\\/#primaryimage\",\"url\":\"https:\\\/\\\/ferabrajan.com\\\/portal\\\/wp-content\\\/uploads\\\/2024\\\/12\\\/WhatsApp_Image_2024-12-24_at_9.37.21_PM_1-1.jpeg\",\"contentUrl\":\"https:\\\/\\\/ferabrajan.com\\\/portal\\\/wp-content\\\/uploads\\\/2024\\\/12\\\/WhatsApp_Image_2024-12-24_at_9.37.21_PM_1-1.jpeg\",\"width\":1578,\"height\":1098},{\"@type\":\"BreadcrumbList\",\"@id\":\"https:\\\/\\\/ferabrajan.com\\\/portal\\\/2024\\\/12\\\/26\\\/fortalece-sedif-lazos-familiares-con-el-festival-navideno\\\/#breadcrumb\",\"itemListElement\":[{\"@type\":\"ListItem\",\"position\":1,\"name\":\"Portada\",\"item\":\"https:\\\/\\\/ferabrajan.com\\\/portal\\\/\"},{\"@type\":\"ListItem\",\"position\":2,\"name\":\"Fortalece SEDIF lazos familiares con el \u201cFestival Navide\u00f1o\u201d\"}]},{\"@type\":\"WebSite\",\"@id\":\"https:\\\/\\\/ferabrajan.com\\\/portal\\\/#website\",\"url\":\"https:\\\/\\\/ferabrajan.com\\\/portal\\\/\",\"name\":\"Fer Abrajan\",\"description\":\"Noticias de Puebla, opini\u00f3n y radio en vivo\",\"publisher\":{\"@id\":\"https:\\\/\\\/ferabrajan.com\\\/portal\\\/#organization\"},\"potentialAction\":[{\"@type\":\"SearchAction\",\"target\":{\"@type\":\"EntryPoint\",\"urlTemplate\":\"https:\\\/\\\/ferabrajan.com\\\/portal\\\/?s={search_term_string}\"},\"query-input\":{\"@type\":\"PropertyValueSpecification\",\"valueRequired\":true,\"valueName\":\"search_term_string\"}}],\"inLanguage\":\"es\"},{\"@type\":\"Organization\",\"@id\":\"https:\\\/\\\/ferabrajan.com\\\/portal\\\/#organization\",\"name\":\"Fer Abrajan\",\"url\":\"https:\\\/\\\/ferabrajan.com\\\/portal\\\/\",\"logo\":{\"@type\":\"ImageObject\",\"inLanguage\":\"es\",\"@id\":\"https:\\\/\\\/ferabrajan.com\\\/portal\\\/#\\\/schema\\\/logo\\\/image\\\/\",\"url\":\"https:\\\/\\\/ferabrajan.com\\\/portal\\\/wp-content\\\/uploads\\\/2024\\\/10\\\/cropped-logo.jpeg\",\"contentUrl\":\"https:\\\/\\\/ferabrajan.com\\\/portal\\\/wp-content\\\/uploads\\\/2024\\\/10\\\/cropped-logo.jpeg\",\"width\":500,\"height\":250,\"caption\":\"Fer Abrajan\"},\"image\":{\"@id\":\"https:\\\/\\\/ferabrajan.com\\\/portal\\\/#\\\/schema\\\/logo\\\/image\\\/\"},\"sameAs\":[\"https:\\\/\\\/www.facebook.com\\\/NoticiasconFerAbrajan\\\/\",\"https:\\\/\\\/x.com\\\/ferabrajan1\"]},{\"@type\":\"Person\",\"@id\":\"https:\\\/\\\/ferabrajan.com\\\/portal\\\/#\\\/schema\\\/person\\\/a79364e0091921e733584c4833bc7a50\",\"name\":\"Rebeca N\u00fa\u00f1ez\",\"image\":{\"@type\":\"ImageObject\",\"inLanguage\":\"es\",\"@id\":\"https:\\\/\\\/secure.gravatar.com\\\/avatar\\\/c9cbf721287e849268cd37eca93cf4be51b2eed9e71c8d0c6825bd912000b74e?s=96&d=mm&r=g\",\"url\":\"https:\\\/\\\/secure.gravatar.com\\\/avatar\\\/c9cbf721287e849268cd37eca93cf4be51b2eed9e71c8d0c6825bd912000b74e?s=96&d=mm&r=g\",\"contentUrl\":\"https:\\\/\\\/secure.gravatar.com\\\/avatar\\\/c9cbf721287e849268cd37eca93cf4be51b2eed9e71c8d0c6825bd912000b74e?s=96&d=mm&r=g\",\"caption\":\"Rebeca N\u00fa\u00f1ez\"},\"url\":\"https:\\\/\\\/ferabrajan.com\\\/portal\\\/author\\\/rebeca\\\/\"}]}<\/script>\n<!-- \/ Yoast SEO plugin. -->","yoast_head_json":{"title":"Fortalece SEDIF lazos familiares con el \u201cFestival Navide\u00f1o\u201d - Fer Abrajan","description":"Este evento, realizado en la zona de Los Fuertes, ofrece m\u00faltiples atractivos y actividades para chicas y chicos de todas las edades","robots":{"index":"index","follow":"follow","max-snippet":"max-snippet:-1","max-image-preview":"max-image-preview:large","max-video-preview":"max-video-preview:-1"},"canonical":"https:\/\/ferabrajan.com\/portal\/2024\/12\/26\/fortalece-sedif-lazos-familiares-con-el-festival-navideno\/","og_locale":"es_ES","og_type":"article","og_title":"Fortalece SEDIF lazos familiares con el \u201cFestival Navide\u00f1o\u201d - Fer Abrajan","og_description":"Este evento, realizado en la zona de Los Fuertes, ofrece m\u00faltiples atractivos y actividades para chicas y chicos de todas las edades","og_url":"https:\/\/ferabrajan.com\/portal\/2024\/12\/26\/fortalece-sedif-lazos-familiares-con-el-festival-navideno\/","og_site_name":"Fer Abrajan","article_publisher":"https:\/\/www.facebook.com\/NoticiasconFerAbrajan\/","article_published_time":"2024-12-26T15:36:38+00:00","article_modified_time":"2024-12-26T15:36:44+00:00","og_image":[{"width":1578,"height":1098,"url":"https:\/\/ferabrajan.com\/portal\/wp-content\/uploads\/2024\/12\/WhatsApp_Image_2024-12-24_at_9.37.21_PM_1-1.jpeg","type":"image\/jpeg"}],"author":"Rebeca N\u00fa\u00f1ez","twitter_card":"summary_large_image","twitter_creator":"@ferabrajan1","twitter_site":"@ferabrajan1","twitter_misc":{"Escrito por":"Rebeca N\u00fa\u00f1ez","Tiempo de lectura":"2 minutos"},"schema":{"@context":"https:\/\/schema.org","@graph":[{"@type":"Article","@id":"https:\/\/ferabrajan.com\/portal\/2024\/12\/26\/fortalece-sedif-lazos-familiares-con-el-festival-navideno\/#article","isPartOf":{"@id":"https:\/\/ferabrajan.com\/portal\/2024\/12\/26\/fortalece-sedif-lazos-familiares-con-el-festival-navideno\/"},"author":{"name":"Rebeca N\u00fa\u00f1ez","@id":"https:\/\/ferabrajan.com\/portal\/#\/schema\/person\/a79364e0091921e733584c4833bc7a50"},"headline":"Fortalece SEDIF lazos familiares con el \u201cFestival Navide\u00f1o\u201d","datePublished":"2024-12-26T15:36:38+00:00","dateModified":"2024-12-26T15:36:44+00:00","mainEntityOfPage":{"@id":"https:\/\/ferabrajan.com\/portal\/2024\/12\/26\/fortalece-sedif-lazos-familiares-con-el-festival-navideno\/"},"wordCount":289,"publisher":{"@id":"https:\/\/ferabrajan.com\/portal\/#organization"},"image":{"@id":"https:\/\/ferabrajan.com\/portal\/2024\/12\/26\/fortalece-sedif-lazos-familiares-con-el-festival-navideno\/#primaryimage"},"thumbnailUrl":"https:\/\/ferabrajan.com\/portal\/wp-content\/uploads\/2024\/12\/WhatsApp_Image_2024-12-24_at_9.37.21_PM_1-1.jpeg","keywords":["Festival Navide\u00f1o"],"articleSection":["Principal","Puebla"],"inLanguage":"es"},{"@type":"WebPage","@id":"https:\/\/ferabrajan.com\/portal\/2024\/12\/26\/fortalece-sedif-lazos-familiares-con-el-festival-navideno\/","url":"https:\/\/ferabrajan.com\/portal\/2024\/12\/26\/fortalece-sedif-lazos-familiares-con-el-festival-navideno\/","name":"Fortalece SEDIF lazos familiares con el \u201cFestival Navide\u00f1o\u201d - Fer Abrajan","isPartOf":{"@id":"https:\/\/ferabrajan.com\/portal\/#website"},"primaryImageOfPage":{"@id":"https:\/\/ferabrajan.com\/portal\/2024\/12\/26\/fortalece-sedif-lazos-familiares-con-el-festival-navideno\/#primaryimage"},"image":{"@id":"https:\/\/ferabrajan.com\/portal\/2024\/12\/26\/fortalece-sedif-lazos-familiares-con-el-festival-navideno\/#primaryimage"},"thumbnailUrl":"https:\/\/ferabrajan.com\/portal\/wp-content\/uploads\/2024\/12\/WhatsApp_Image_2024-12-24_at_9.37.21_PM_1-1.jpeg","datePublished":"2024-12-26T15:36:38+00:00","dateModified":"2024-12-26T15:36:44+00:00","description":"Este evento, realizado en la zona de Los Fuertes, ofrece m\u00faltiples atractivos y actividades para chicas y chicos de todas las edades","breadcrumb":{"@id":"https:\/\/ferabrajan.com\/portal\/2024\/12\/26\/fortalece-sedif-lazos-familiares-con-el-festival-navideno\/#breadcrumb"},"inLanguage":"es","potentialAction":[{"@type":"ReadAction","target":["https:\/\/ferabrajan.com\/portal\/2024\/12\/26\/fortalece-sedif-lazos-familiares-con-el-festival-navideno\/"]}]},{"@type":"ImageObject","inLanguage":"es","@id":"https:\/\/ferabrajan.com\/portal\/2024\/12\/26\/fortalece-sedif-lazos-familiares-con-el-festival-navideno\/#primaryimage","url":"https:\/\/ferabrajan.com\/portal\/wp-content\/uploads\/2024\/12\/WhatsApp_Image_2024-12-24_at_9.37.21_PM_1-1.jpeg","contentUrl":"https:\/\/ferabrajan.com\/portal\/wp-content\/uploads\/2024\/12\/WhatsApp_Image_2024-12-24_at_9.37.21_PM_1-1.jpeg","width":1578,"height":1098},{"@type":"BreadcrumbList","@id":"https:\/\/ferabrajan.com\/portal\/2024\/12\/26\/fortalece-sedif-lazos-familiares-con-el-festival-navideno\/#breadcrumb","itemListElement":[{"@type":"ListItem","position":1,"name":"Portada","item":"https:\/\/ferabrajan.com\/portal\/"},{"@type":"ListItem","position":2,"name":"Fortalece SEDIF lazos familiares con el \u201cFestival Navide\u00f1o\u201d"}]},{"@type":"WebSite","@id":"https:\/\/ferabrajan.com\/portal\/#website","url":"https:\/\/ferabrajan.com\/portal\/","name":"Fer Abrajan","description":"Noticias de Puebla, opini\u00f3n y radio en vivo","publisher":{"@id":"https:\/\/ferabrajan.com\/portal\/#organization"},"potentialAction":[{"@type":"SearchAction","target":{"@type":"EntryPoint","urlTemplate":"https:\/\/ferabrajan.com\/portal\/?s={search_term_string}"},"query-input":{"@type":"PropertyValueSpecification","valueRequired":true,"valueName":"search_term_string"}}],"inLanguage":"es"},{"@type":"Organization","@id":"https:\/\/ferabrajan.com\/portal\/#organization","name":"Fer Abrajan","url":"https:\/\/ferabrajan.com\/portal\/","logo":{"@type":"ImageObject","inLanguage":"es","@id":"https:\/\/ferabrajan.com\/portal\/#\/schema\/logo\/image\/","url":"https:\/\/ferabrajan.com\/portal\/wp-content\/uploads\/2024\/10\/cropped-logo.jpeg","contentUrl":"https:\/\/ferabrajan.com\/portal\/wp-content\/uploads\/2024\/10\/cropped-logo.jpeg","width":500,"height":250,"caption":"Fer Abrajan"},"image":{"@id":"https:\/\/ferabrajan.com\/portal\/#\/schema\/logo\/image\/"},"sameAs":["https:\/\/www.facebook.com\/NoticiasconFerAbrajan\/","https:\/\/x.com\/ferabrajan1"]},{"@type":"Person","@id":"https:\/\/ferabrajan.com\/portal\/#\/schema\/person\/a79364e0091921e733584c4833bc7a50","name":"Rebeca N\u00fa\u00f1ez","image":{"@type":"ImageObject","inLanguage":"es","@id":"https:\/\/secure.gravatar.com\/avatar\/c9cbf721287e849268cd37eca93cf4be51b2eed9e71c8d0c6825bd912000b74e?s=96&d=mm&r=g","url":"https:\/\/secure.gravatar.com\/avatar\/c9cbf721287e849268cd37eca93cf4be51b2eed9e71c8d0c6825bd912000b74e?s=96&d=mm&r=g","contentUrl":"https:\/\/secure.gravatar.com\/avatar\/c9cbf721287e849268cd37eca93cf4be51b2eed9e71c8d0c6825bd912000b74e?s=96&d=mm&r=g","caption":"Rebeca N\u00fa\u00f1ez"},"url":"https:\/\/ferabrajan.com\/portal\/author\/rebeca\/"}]}},"_links":{"self":[{"href":"https:\/\/ferabrajan.com\/portal\/wp-json\/wp\/v2\/posts\/67448","targetHints":{"allow":["GET"]}}],"collection":[{"href":"https:\/\/ferabrajan.com\/portal\/wp-json\/wp\/v2\/posts"}],"about":[{"href":"https:\/\/ferabrajan.com\/portal\/wp-json\/wp\/v2\/types\/post"}],"author":[{"embeddable":true,"href":"https:\/\/ferabrajan.com\/portal\/wp-json\/wp\/v2\/users\/3"}],"replies":[{"embeddable":true,"href":"https:\/\/ferabrajan.com\/portal\/wp-json\/wp\/v2\/comments?post=67448"}],"version-history":[{"count":0,"href":"https:\/\/ferabrajan.com\/portal\/wp-json\/wp\/v2\/posts\/67448\/revisions"}],"wp:featuredmedia":[{"embeddable":true,"href":"https:\/\/ferabrajan.com\/portal\/wp-json\/wp\/v2\/media\/67451"}],"wp:attachment":[{"href":"https:\/\/ferabrajan.com\/portal\/wp-json\/wp\/v2\/media?parent=67448"}],"wp:term":[{"taxonomy":"category","embeddable":true,"href":"https:\/\/ferabrajan.com\/portal\/wp-json\/wp\/v2\/categories?post=67448"},{"taxonomy":"post_tag","embeddable":true,"href":"https:\/\/ferabrajan.com\/portal\/wp-json\/wp\/v2\/tags?post=67448"}],"curies":[{"name":"wp","href":"https:\/\/api.w.org\/{rel}","templated":true}]}}