{"id":67442,"date":"2024-12-24T15:53:34","date_gmt":"2024-12-24T15:53:34","guid":{"rendered":"https:\/\/ferabrajan.com\/portal\/?p=67442"},"modified":"2024-12-24T15:53:47","modified_gmt":"2024-12-24T15:53:47","slug":"implementa-gobierno-del-estado-programa-invierno-seguro","status":"publish","type":"post","link":"https:\/\/ferabrajan.com\/portal\/2024\/12\/24\/implementa-gobierno-del-estado-programa-invierno-seguro\/","title":{"rendered":"Implementa Gobierno del Estado programa \u201cInvierno Seguro\u201d"},"content":{"rendered":"\n<p class=\"wp-block-paragraph\">El Gobierno del Estado, a trav\u00e9s de la Secretar\u00eda de Gobernaci\u00f3n y de la Coordinaci\u00f3n General de Protecci\u00f3n Civil y Gesti\u00f3n de Riesgo de Desastres, ha implementado el programa especial \u201cInvierno Seguro\u201d 2024-2025 que opera ya en 68 municipios de la entidad, con el objetivo de resguardar la salud e integridad de las y los ciudadanos m\u00e1s vulnerables, as\u00ed lo dio a conocer el coronel, Bernab\u00e9 L\u00f3pez Santos, titular del \u00e1rea preventiva.<\/p>\n\n\n\n<p class=\"wp-block-paragraph\">Durante la conferencia ma\u00f1anera que encabeza el gobernador del estado, Alejandro Armenta, el funcionario mencion\u00f3 que durante esta temporada de bajas temperaturas es necesario poner en marcha acciones de resguardo, por ello, el operativo ya funciona principalmente en municipios de la sierra norte, nororiental, valles centrales y la regi\u00f3n Izta-Popo.<\/p>\n\n\n\n<figure class=\"wp-block-image size-large\"><img fetchpriority=\"high\" decoding=\"async\" width=\"1024\" height=\"583\" src=\"https:\/\/ferabrajan.com\/portal\/wp-content\/uploads\/2024\/12\/WhatsApp_Image_2024-12-23_at_4.20.11_PM-1024x583.jpeg\" alt=\"\" class=\"wp-image-67444\" srcset=\"https:\/\/ferabrajan.com\/portal\/wp-content\/uploads\/2024\/12\/WhatsApp_Image_2024-12-23_at_4.20.11_PM-1024x583.jpeg 1024w, https:\/\/ferabrajan.com\/portal\/wp-content\/uploads\/2024\/12\/WhatsApp_Image_2024-12-23_at_4.20.11_PM-300x171.jpeg 300w, https:\/\/ferabrajan.com\/portal\/wp-content\/uploads\/2024\/12\/WhatsApp_Image_2024-12-23_at_4.20.11_PM-768x437.jpeg 768w, https:\/\/ferabrajan.com\/portal\/wp-content\/uploads\/2024\/12\/WhatsApp_Image_2024-12-23_at_4.20.11_PM.jpeg 1170w\" sizes=\"(max-width: 1024px) 100vw, 1024px\" \/><\/figure>\n\n\n\n<p class=\"wp-block-paragraph\">\u201cTenemos la instrucci\u00f3n del mandatario estatal de trabajar de manera coordinada con las diferentes instancias gubernamentales y el Sistema Estatal DIF, a fin de que se habiliten dormitorios seguros y equipados para la atenci\u00f3n de las los poblanos que as\u00ed lo requieran, principalmente para personas vulnerables y en situaci\u00f3n de calle\u201d.<\/p>\n\n\n\n<p class=\"wp-block-paragraph\">Agreg\u00f3 que estos espacios contar\u00e1n con colchonetas, cobijas, kits de limpieza y de aseo personal y cloro, lo que permitir\u00e1 una pernocta segura para las personas en situaci\u00f3n de calle, pues por la noche es cuando se presentan las m\u00e1s bajas temperaturas, sobre todo en municipios en donde hist\u00f3ricamente el descenso llega a los 5 grados cent\u00edgrados.<\/p>\n\n\n\n<figure class=\"wp-block-image size-large\"><img decoding=\"async\" width=\"1024\" height=\"586\" src=\"https:\/\/ferabrajan.com\/portal\/wp-content\/uploads\/2024\/12\/WhatsApp_Image_2024-12-23_at_4.20.10_PM_2-1024x586.jpeg\" alt=\"\" class=\"wp-image-67445\" srcset=\"https:\/\/ferabrajan.com\/portal\/wp-content\/uploads\/2024\/12\/WhatsApp_Image_2024-12-23_at_4.20.10_PM_2-1024x586.jpeg 1024w, https:\/\/ferabrajan.com\/portal\/wp-content\/uploads\/2024\/12\/WhatsApp_Image_2024-12-23_at_4.20.10_PM_2-300x172.jpeg 300w, https:\/\/ferabrajan.com\/portal\/wp-content\/uploads\/2024\/12\/WhatsApp_Image_2024-12-23_at_4.20.10_PM_2-768x439.jpeg 768w, https:\/\/ferabrajan.com\/portal\/wp-content\/uploads\/2024\/12\/WhatsApp_Image_2024-12-23_at_4.20.10_PM_2.jpeg 1170w\" sizes=\"(max-width: 1024px) 100vw, 1024px\" \/><\/figure>\n\n\n\n<p class=\"wp-block-paragraph\">L\u00f3pez Santos hizo un llamado a las autoridades municipales de protecci\u00f3n civil para realizar recorridos de identificaci\u00f3n de poblaci\u00f3n vulnerable que requiera el uso de los dormitorios y de manera permanente se realizar\u00e1 el monitoreo de los sistemas frontales para dar aviso oportuno a los municipios, sobre todo de los pr\u00f3ximos frentes fr\u00edos y sus posibles efectos, pues a la fecha se han presentado 16 efectos g\u00e9lidos de 48 pronosticados.<\/p>\n\n\n\n<p class=\"wp-block-paragraph\">Finalmente, L\u00f3pez Santos exhort\u00f3 a la poblaci\u00f3n en general a seguir las recomendaciones correspondientes durante esta temporada y abrigarse con ropa gruesa y calzado cerrado, evitar cambios bruscos de temperatura, no realizar actividades al aire libre, no hacer uso de anafres o braseros en lugares cerrados, proteger a las mascotas y consumir agua y frutas y verduras.<\/p>\n","protected":false},"excerpt":{"rendered":"<p>En 68 municipios de la entidad se resguarda a poblaci\u00f3n vulnerable.<\/p>\n","protected":false},"author":4,"featured_media":67443,"comment_status":"closed","ping_status":"closed","sticky":false,"template":"","format":"standard","meta":{"_monsterinsights_skip_tracking":false,"_uf_show_specific_survey":0,"_uf_disable_surveys":false,"footnotes":""},"categories":[585,34],"tags":[162,1334],"class_list":["post-67442","post","type-post","status-publish","format-standard","has-post-thumbnail","hentry","category-principal","category-puebla","tag-dif","tag-secretaria-de-gobernacion"],"yoast_head":"<!-- This site is optimized with the Yoast SEO plugin v27.5 - https:\/\/yoast.com\/product\/yoast-seo-wordpress\/ -->\n<title>Implementa Gobierno del Estado programa \u201cInvierno Seguro\u201d - Fer Abrajan<\/title>\n<meta name=\"description\" content=\"En 68 municipios de la entidad se resguarda a poblaci\u00f3n vulnerable.\" \/>\n<meta name=\"robots\" content=\"index, follow, max-snippet:-1, max-image-preview:large, max-video-preview:-1\" \/>\n<link rel=\"canonical\" href=\"https:\/\/ferabrajan.com\/portal\/2024\/12\/24\/implementa-gobierno-del-estado-programa-invierno-seguro\/\" \/>\n<meta property=\"og:locale\" content=\"es_ES\" \/>\n<meta property=\"og:type\" content=\"article\" \/>\n<meta property=\"og:title\" content=\"Implementa Gobierno del Estado programa \u201cInvierno Seguro\u201d - Fer Abrajan\" \/>\n<meta property=\"og:description\" content=\"En 68 municipios de la entidad se resguarda a poblaci\u00f3n vulnerable.\" \/>\n<meta property=\"og:url\" content=\"https:\/\/ferabrajan.com\/portal\/2024\/12\/24\/implementa-gobierno-del-estado-programa-invierno-seguro\/\" \/>\n<meta property=\"og:site_name\" content=\"Fer Abrajan\" \/>\n<meta property=\"article:publisher\" content=\"https:\/\/www.facebook.com\/NoticiasconFerAbrajan\/\" \/>\n<meta property=\"article:published_time\" content=\"2024-12-24T15:53:34+00:00\" \/>\n<meta property=\"article:modified_time\" content=\"2024-12-24T15:53:47+00:00\" \/>\n<meta property=\"og:image\" content=\"https:\/\/ferabrajan.com\/portal\/wp-content\/uploads\/2024\/12\/WhatsApp_Image_2024-12-23_at_4.20.10_PM_3.jpeg\" \/>\n\t<meta property=\"og:image:width\" content=\"1170\" \/>\n\t<meta property=\"og:image:height\" content=\"659\" \/>\n\t<meta property=\"og:image:type\" content=\"image\/jpeg\" \/>\n<meta name=\"author\" content=\"Ismael Rojas\" \/>\n<meta name=\"twitter:card\" content=\"summary_large_image\" \/>\n<meta name=\"twitter:creator\" content=\"@ferabrajan1\" \/>\n<meta name=\"twitter:site\" content=\"@ferabrajan1\" \/>\n<meta name=\"twitter:label1\" content=\"Escrito por\" \/>\n\t<meta name=\"twitter:data1\" content=\"Ismael Rojas\" \/>\n\t<meta name=\"twitter:label2\" content=\"Tiempo de lectura\" \/>\n\t<meta name=\"twitter:data2\" content=\"3 minutos\" \/>\n<script type=\"application\/ld+json\" class=\"yoast-schema-graph\">{\"@context\":\"https:\\\/\\\/schema.org\",\"@graph\":[{\"@type\":\"Article\",\"@id\":\"https:\\\/\\\/ferabrajan.com\\\/portal\\\/2024\\\/12\\\/24\\\/implementa-gobierno-del-estado-programa-invierno-seguro\\\/#article\",\"isPartOf\":{\"@id\":\"https:\\\/\\\/ferabrajan.com\\\/portal\\\/2024\\\/12\\\/24\\\/implementa-gobierno-del-estado-programa-invierno-seguro\\\/\"},\"author\":{\"name\":\"Ismael Rojas\",\"@id\":\"https:\\\/\\\/ferabrajan.com\\\/portal\\\/#\\\/schema\\\/person\\\/83ed4fff5d7e4c8edf481fa39f71acb2\"},\"headline\":\"Implementa Gobierno del Estado programa \u201cInvierno Seguro\u201d\",\"datePublished\":\"2024-12-24T15:53:34+00:00\",\"dateModified\":\"2024-12-24T15:53:47+00:00\",\"mainEntityOfPage\":{\"@id\":\"https:\\\/\\\/ferabrajan.com\\\/portal\\\/2024\\\/12\\\/24\\\/implementa-gobierno-del-estado-programa-invierno-seguro\\\/\"},\"wordCount\":387,\"publisher\":{\"@id\":\"https:\\\/\\\/ferabrajan.com\\\/portal\\\/#organization\"},\"image\":{\"@id\":\"https:\\\/\\\/ferabrajan.com\\\/portal\\\/2024\\\/12\\\/24\\\/implementa-gobierno-del-estado-programa-invierno-seguro\\\/#primaryimage\"},\"thumbnailUrl\":\"https:\\\/\\\/ferabrajan.com\\\/portal\\\/wp-content\\\/uploads\\\/2024\\\/12\\\/WhatsApp_Image_2024-12-23_at_4.20.10_PM_3.jpeg\",\"keywords\":[\"DIF\",\"Secretar\u00eda de Gobernaci\u00f3n\"],\"articleSection\":[\"Principal\",\"Puebla\"],\"inLanguage\":\"es\"},{\"@type\":\"WebPage\",\"@id\":\"https:\\\/\\\/ferabrajan.com\\\/portal\\\/2024\\\/12\\\/24\\\/implementa-gobierno-del-estado-programa-invierno-seguro\\\/\",\"url\":\"https:\\\/\\\/ferabrajan.com\\\/portal\\\/2024\\\/12\\\/24\\\/implementa-gobierno-del-estado-programa-invierno-seguro\\\/\",\"name\":\"Implementa Gobierno del Estado programa \u201cInvierno Seguro\u201d - Fer Abrajan\",\"isPartOf\":{\"@id\":\"https:\\\/\\\/ferabrajan.com\\\/portal\\\/#website\"},\"primaryImageOfPage\":{\"@id\":\"https:\\\/\\\/ferabrajan.com\\\/portal\\\/2024\\\/12\\\/24\\\/implementa-gobierno-del-estado-programa-invierno-seguro\\\/#primaryimage\"},\"image\":{\"@id\":\"https:\\\/\\\/ferabrajan.com\\\/portal\\\/2024\\\/12\\\/24\\\/implementa-gobierno-del-estado-programa-invierno-seguro\\\/#primaryimage\"},\"thumbnailUrl\":\"https:\\\/\\\/ferabrajan.com\\\/portal\\\/wp-content\\\/uploads\\\/2024\\\/12\\\/WhatsApp_Image_2024-12-23_at_4.20.10_PM_3.jpeg\",\"datePublished\":\"2024-12-24T15:53:34+00:00\",\"dateModified\":\"2024-12-24T15:53:47+00:00\",\"description\":\"En 68 municipios de la entidad se resguarda a poblaci\u00f3n vulnerable.\",\"breadcrumb\":{\"@id\":\"https:\\\/\\\/ferabrajan.com\\\/portal\\\/2024\\\/12\\\/24\\\/implementa-gobierno-del-estado-programa-invierno-seguro\\\/#breadcrumb\"},\"inLanguage\":\"es\",\"potentialAction\":[{\"@type\":\"ReadAction\",\"target\":[\"https:\\\/\\\/ferabrajan.com\\\/portal\\\/2024\\\/12\\\/24\\\/implementa-gobierno-del-estado-programa-invierno-seguro\\\/\"]}]},{\"@type\":\"ImageObject\",\"inLanguage\":\"es\",\"@id\":\"https:\\\/\\\/ferabrajan.com\\\/portal\\\/2024\\\/12\\\/24\\\/implementa-gobierno-del-estado-programa-invierno-seguro\\\/#primaryimage\",\"url\":\"https:\\\/\\\/ferabrajan.com\\\/portal\\\/wp-content\\\/uploads\\\/2024\\\/12\\\/WhatsApp_Image_2024-12-23_at_4.20.10_PM_3.jpeg\",\"contentUrl\":\"https:\\\/\\\/ferabrajan.com\\\/portal\\\/wp-content\\\/uploads\\\/2024\\\/12\\\/WhatsApp_Image_2024-12-23_at_4.20.10_PM_3.jpeg\",\"width\":1170,\"height\":659},{\"@type\":\"BreadcrumbList\",\"@id\":\"https:\\\/\\\/ferabrajan.com\\\/portal\\\/2024\\\/12\\\/24\\\/implementa-gobierno-del-estado-programa-invierno-seguro\\\/#breadcrumb\",\"itemListElement\":[{\"@type\":\"ListItem\",\"position\":1,\"name\":\"Portada\",\"item\":\"https:\\\/\\\/ferabrajan.com\\\/portal\\\/\"},{\"@type\":\"ListItem\",\"position\":2,\"name\":\"Implementa Gobierno del Estado programa \u201cInvierno Seguro\u201d\"}]},{\"@type\":\"WebSite\",\"@id\":\"https:\\\/\\\/ferabrajan.com\\\/portal\\\/#website\",\"url\":\"https:\\\/\\\/ferabrajan.com\\\/portal\\\/\",\"name\":\"Fer Abrajan\",\"description\":\"Noticias de Puebla, opini\u00f3n y radio en vivo\",\"publisher\":{\"@id\":\"https:\\\/\\\/ferabrajan.com\\\/portal\\\/#organization\"},\"potentialAction\":[{\"@type\":\"SearchAction\",\"target\":{\"@type\":\"EntryPoint\",\"urlTemplate\":\"https:\\\/\\\/ferabrajan.com\\\/portal\\\/?s={search_term_string}\"},\"query-input\":{\"@type\":\"PropertyValueSpecification\",\"valueRequired\":true,\"valueName\":\"search_term_string\"}}],\"inLanguage\":\"es\"},{\"@type\":\"Organization\",\"@id\":\"https:\\\/\\\/ferabrajan.com\\\/portal\\\/#organization\",\"name\":\"Fer Abrajan\",\"url\":\"https:\\\/\\\/ferabrajan.com\\\/portal\\\/\",\"logo\":{\"@type\":\"ImageObject\",\"inLanguage\":\"es\",\"@id\":\"https:\\\/\\\/ferabrajan.com\\\/portal\\\/#\\\/schema\\\/logo\\\/image\\\/\",\"url\":\"https:\\\/\\\/ferabrajan.com\\\/portal\\\/wp-content\\\/uploads\\\/2024\\\/10\\\/cropped-logo.jpeg\",\"contentUrl\":\"https:\\\/\\\/ferabrajan.com\\\/portal\\\/wp-content\\\/uploads\\\/2024\\\/10\\\/cropped-logo.jpeg\",\"width\":500,\"height\":250,\"caption\":\"Fer Abrajan\"},\"image\":{\"@id\":\"https:\\\/\\\/ferabrajan.com\\\/portal\\\/#\\\/schema\\\/logo\\\/image\\\/\"},\"sameAs\":[\"https:\\\/\\\/www.facebook.com\\\/NoticiasconFerAbrajan\\\/\",\"https:\\\/\\\/x.com\\\/ferabrajan1\"]},{\"@type\":\"Person\",\"@id\":\"https:\\\/\\\/ferabrajan.com\\\/portal\\\/#\\\/schema\\\/person\\\/83ed4fff5d7e4c8edf481fa39f71acb2\",\"name\":\"Ismael Rojas\",\"image\":{\"@type\":\"ImageObject\",\"inLanguage\":\"es\",\"@id\":\"https:\\\/\\\/secure.gravatar.com\\\/avatar\\\/e4a9cb58548fedeb6143fa536c79b44c34454539235177c55c5819d74963e9d6?s=96&d=mm&r=g\",\"url\":\"https:\\\/\\\/secure.gravatar.com\\\/avatar\\\/e4a9cb58548fedeb6143fa536c79b44c34454539235177c55c5819d74963e9d6?s=96&d=mm&r=g\",\"contentUrl\":\"https:\\\/\\\/secure.gravatar.com\\\/avatar\\\/e4a9cb58548fedeb6143fa536c79b44c34454539235177c55c5819d74963e9d6?s=96&d=mm&r=g\",\"caption\":\"Ismael Rojas\"},\"url\":\"https:\\\/\\\/ferabrajan.com\\\/portal\\\/author\\\/ismael\\\/\"}]}<\/script>\n<!-- \/ Yoast SEO plugin. -->","yoast_head_json":{"title":"Implementa Gobierno del Estado programa \u201cInvierno Seguro\u201d - Fer Abrajan","description":"En 68 municipios de la entidad se resguarda a poblaci\u00f3n vulnerable.","robots":{"index":"index","follow":"follow","max-snippet":"max-snippet:-1","max-image-preview":"max-image-preview:large","max-video-preview":"max-video-preview:-1"},"canonical":"https:\/\/ferabrajan.com\/portal\/2024\/12\/24\/implementa-gobierno-del-estado-programa-invierno-seguro\/","og_locale":"es_ES","og_type":"article","og_title":"Implementa Gobierno del Estado programa \u201cInvierno Seguro\u201d - Fer Abrajan","og_description":"En 68 municipios de la entidad se resguarda a poblaci\u00f3n vulnerable.","og_url":"https:\/\/ferabrajan.com\/portal\/2024\/12\/24\/implementa-gobierno-del-estado-programa-invierno-seguro\/","og_site_name":"Fer Abrajan","article_publisher":"https:\/\/www.facebook.com\/NoticiasconFerAbrajan\/","article_published_time":"2024-12-24T15:53:34+00:00","article_modified_time":"2024-12-24T15:53:47+00:00","og_image":[{"width":1170,"height":659,"url":"https:\/\/ferabrajan.com\/portal\/wp-content\/uploads\/2024\/12\/WhatsApp_Image_2024-12-23_at_4.20.10_PM_3.jpeg","type":"image\/jpeg"}],"author":"Ismael Rojas","twitter_card":"summary_large_image","twitter_creator":"@ferabrajan1","twitter_site":"@ferabrajan1","twitter_misc":{"Escrito por":"Ismael Rojas","Tiempo de lectura":"3 minutos"},"schema":{"@context":"https:\/\/schema.org","@graph":[{"@type":"Article","@id":"https:\/\/ferabrajan.com\/portal\/2024\/12\/24\/implementa-gobierno-del-estado-programa-invierno-seguro\/#article","isPartOf":{"@id":"https:\/\/ferabrajan.com\/portal\/2024\/12\/24\/implementa-gobierno-del-estado-programa-invierno-seguro\/"},"author":{"name":"Ismael Rojas","@id":"https:\/\/ferabrajan.com\/portal\/#\/schema\/person\/83ed4fff5d7e4c8edf481fa39f71acb2"},"headline":"Implementa Gobierno del Estado programa \u201cInvierno Seguro\u201d","datePublished":"2024-12-24T15:53:34+00:00","dateModified":"2024-12-24T15:53:47+00:00","mainEntityOfPage":{"@id":"https:\/\/ferabrajan.com\/portal\/2024\/12\/24\/implementa-gobierno-del-estado-programa-invierno-seguro\/"},"wordCount":387,"publisher":{"@id":"https:\/\/ferabrajan.com\/portal\/#organization"},"image":{"@id":"https:\/\/ferabrajan.com\/portal\/2024\/12\/24\/implementa-gobierno-del-estado-programa-invierno-seguro\/#primaryimage"},"thumbnailUrl":"https:\/\/ferabrajan.com\/portal\/wp-content\/uploads\/2024\/12\/WhatsApp_Image_2024-12-23_at_4.20.10_PM_3.jpeg","keywords":["DIF","Secretar\u00eda de Gobernaci\u00f3n"],"articleSection":["Principal","Puebla"],"inLanguage":"es"},{"@type":"WebPage","@id":"https:\/\/ferabrajan.com\/portal\/2024\/12\/24\/implementa-gobierno-del-estado-programa-invierno-seguro\/","url":"https:\/\/ferabrajan.com\/portal\/2024\/12\/24\/implementa-gobierno-del-estado-programa-invierno-seguro\/","name":"Implementa Gobierno del Estado programa \u201cInvierno Seguro\u201d - Fer Abrajan","isPartOf":{"@id":"https:\/\/ferabrajan.com\/portal\/#website"},"primaryImageOfPage":{"@id":"https:\/\/ferabrajan.com\/portal\/2024\/12\/24\/implementa-gobierno-del-estado-programa-invierno-seguro\/#primaryimage"},"image":{"@id":"https:\/\/ferabrajan.com\/portal\/2024\/12\/24\/implementa-gobierno-del-estado-programa-invierno-seguro\/#primaryimage"},"thumbnailUrl":"https:\/\/ferabrajan.com\/portal\/wp-content\/uploads\/2024\/12\/WhatsApp_Image_2024-12-23_at_4.20.10_PM_3.jpeg","datePublished":"2024-12-24T15:53:34+00:00","dateModified":"2024-12-24T15:53:47+00:00","description":"En 68 municipios de la entidad se resguarda a poblaci\u00f3n vulnerable.","breadcrumb":{"@id":"https:\/\/ferabrajan.com\/portal\/2024\/12\/24\/implementa-gobierno-del-estado-programa-invierno-seguro\/#breadcrumb"},"inLanguage":"es","potentialAction":[{"@type":"ReadAction","target":["https:\/\/ferabrajan.com\/portal\/2024\/12\/24\/implementa-gobierno-del-estado-programa-invierno-seguro\/"]}]},{"@type":"ImageObject","inLanguage":"es","@id":"https:\/\/ferabrajan.com\/portal\/2024\/12\/24\/implementa-gobierno-del-estado-programa-invierno-seguro\/#primaryimage","url":"https:\/\/ferabrajan.com\/portal\/wp-content\/uploads\/2024\/12\/WhatsApp_Image_2024-12-23_at_4.20.10_PM_3.jpeg","contentUrl":"https:\/\/ferabrajan.com\/portal\/wp-content\/uploads\/2024\/12\/WhatsApp_Image_2024-12-23_at_4.20.10_PM_3.jpeg","width":1170,"height":659},{"@type":"BreadcrumbList","@id":"https:\/\/ferabrajan.com\/portal\/2024\/12\/24\/implementa-gobierno-del-estado-programa-invierno-seguro\/#breadcrumb","itemListElement":[{"@type":"ListItem","position":1,"name":"Portada","item":"https:\/\/ferabrajan.com\/portal\/"},{"@type":"ListItem","position":2,"name":"Implementa Gobierno del Estado programa \u201cInvierno Seguro\u201d"}]},{"@type":"WebSite","@id":"https:\/\/ferabrajan.com\/portal\/#website","url":"https:\/\/ferabrajan.com\/portal\/","name":"Fer Abrajan","description":"Noticias de Puebla, opini\u00f3n y radio en vivo","publisher":{"@id":"https:\/\/ferabrajan.com\/portal\/#organization"},"potentialAction":[{"@type":"SearchAction","target":{"@type":"EntryPoint","urlTemplate":"https:\/\/ferabrajan.com\/portal\/?s={search_term_string}"},"query-input":{"@type":"PropertyValueSpecification","valueRequired":true,"valueName":"search_term_string"}}],"inLanguage":"es"},{"@type":"Organization","@id":"https:\/\/ferabrajan.com\/portal\/#organization","name":"Fer Abrajan","url":"https:\/\/ferabrajan.com\/portal\/","logo":{"@type":"ImageObject","inLanguage":"es","@id":"https:\/\/ferabrajan.com\/portal\/#\/schema\/logo\/image\/","url":"https:\/\/ferabrajan.com\/portal\/wp-content\/uploads\/2024\/10\/cropped-logo.jpeg","contentUrl":"https:\/\/ferabrajan.com\/portal\/wp-content\/uploads\/2024\/10\/cropped-logo.jpeg","width":500,"height":250,"caption":"Fer Abrajan"},"image":{"@id":"https:\/\/ferabrajan.com\/portal\/#\/schema\/logo\/image\/"},"sameAs":["https:\/\/www.facebook.com\/NoticiasconFerAbrajan\/","https:\/\/x.com\/ferabrajan1"]},{"@type":"Person","@id":"https:\/\/ferabrajan.com\/portal\/#\/schema\/person\/83ed4fff5d7e4c8edf481fa39f71acb2","name":"Ismael Rojas","image":{"@type":"ImageObject","inLanguage":"es","@id":"https:\/\/secure.gravatar.com\/avatar\/e4a9cb58548fedeb6143fa536c79b44c34454539235177c55c5819d74963e9d6?s=96&d=mm&r=g","url":"https:\/\/secure.gravatar.com\/avatar\/e4a9cb58548fedeb6143fa536c79b44c34454539235177c55c5819d74963e9d6?s=96&d=mm&r=g","contentUrl":"https:\/\/secure.gravatar.com\/avatar\/e4a9cb58548fedeb6143fa536c79b44c34454539235177c55c5819d74963e9d6?s=96&d=mm&r=g","caption":"Ismael Rojas"},"url":"https:\/\/ferabrajan.com\/portal\/author\/ismael\/"}]}},"_links":{"self":[{"href":"https:\/\/ferabrajan.com\/portal\/wp-json\/wp\/v2\/posts\/67442","targetHints":{"allow":["GET"]}}],"collection":[{"href":"https:\/\/ferabrajan.com\/portal\/wp-json\/wp\/v2\/posts"}],"about":[{"href":"https:\/\/ferabrajan.com\/portal\/wp-json\/wp\/v2\/types\/post"}],"author":[{"embeddable":true,"href":"https:\/\/ferabrajan.com\/portal\/wp-json\/wp\/v2\/users\/4"}],"replies":[{"embeddable":true,"href":"https:\/\/ferabrajan.com\/portal\/wp-json\/wp\/v2\/comments?post=67442"}],"version-history":[{"count":0,"href":"https:\/\/ferabrajan.com\/portal\/wp-json\/wp\/v2\/posts\/67442\/revisions"}],"wp:featuredmedia":[{"embeddable":true,"href":"https:\/\/ferabrajan.com\/portal\/wp-json\/wp\/v2\/media\/67443"}],"wp:attachment":[{"href":"https:\/\/ferabrajan.com\/portal\/wp-json\/wp\/v2\/media?parent=67442"}],"wp:term":[{"taxonomy":"category","embeddable":true,"href":"https:\/\/ferabrajan.com\/portal\/wp-json\/wp\/v2\/categories?post=67442"},{"taxonomy":"post_tag","embeddable":true,"href":"https:\/\/ferabrajan.com\/portal\/wp-json\/wp\/v2\/tags?post=67442"}],"curies":[{"name":"wp","href":"https:\/\/api.w.org\/{rel}","templated":true}]}}