{"id":67438,"date":"2024-12-24T15:35:14","date_gmt":"2024-12-24T15:35:14","guid":{"rendered":"https:\/\/ferabrajan.com\/portal\/?p=67438"},"modified":"2024-12-24T15:35:28","modified_gmt":"2024-12-24T15:35:28","slug":"familias-poblanas-recibiran-50-de-descuento-en-polideportivos-estatales-alejandro-armenta","status":"publish","type":"post","link":"https:\/\/ferabrajan.com\/portal\/2024\/12\/24\/familias-poblanas-recibiran-50-de-descuento-en-polideportivos-estatales-alejandro-armenta\/","title":{"rendered":"Familias poblanas recibir\u00e1n 50% de descuento en polideportivos estatales: Alejandro Armenta"},"content":{"rendered":"\n<p class=\"wp-block-paragraph\">El gobernador del estado, Alejandro Armenta, anunci\u00f3 el 50 por ciento de descuento en el uso de las instalaciones deportivas del gobierno para impulsar la actividad f\u00edsica, la salud y para multiplicar la participaci\u00f3n de j\u00f3venes deportistas en las instalaciones de la Unidad Deportiva \u201cMario V\u00e1zquez Ra\u00f1a\u201d y los polideportivos gubernamentales, a excepci\u00f3n del que se localiza en San Andr\u00e9s Cholula y el ubicado en el Parque Ecol\u00f3gico. Por ello, estableci\u00f3 que el \u00faltimo domingo de cada mes, el acceso sea gratuito para las familias poblanas.<\/p>\n\n\n\n<p class=\"wp-block-paragraph\">Durante la conferencia ma\u00f1anera de los lunes, el ejecutivo del estado explic\u00f3 que cada viernes de Consejo T\u00e9cnico en las escuelas, ni\u00f1as y ni\u00f1os recibir\u00e1n clases muestra gratuitas en las instalaciones deportivas del gobierno. A trav\u00e9s del SEDIF participar\u00e1n grupos de menores y j\u00f3venes de diferentes municipios de la entidad.<\/p>\n\n\n\n<p class=\"wp-block-paragraph\">\u201cEl \u00faltimo domingo de cada mes, se va a hacer un calendario, va a ser domingo familiar. Ese domingo no se va a cobrar la entrada a las personas y van a poder ir con sus familias a compartir estos espacios, porque el deporte es una prioridad y la salud es primero\u201d. Adem\u00e1s, el mandatario resalt\u00f3 que el deporte es la primera estrategia de la presidenta de la Rep\u00fablica, Claudia Sheinbaum, para recuperar el tejido social.<\/p>\n\n\n\n<p class=\"wp-block-paragraph\">Durante la conferencia ma\u00f1anera, el gobernador, Alejandro Armenta, entreg\u00f3 un reconocimiento a la campeona poblana de nataci\u00f3n, Dania Ximena Aguirre L\u00f3pez y a su entrenador Jos\u00e9 Francisco Mart\u00ednez Atempa.<br>Dania Ximena asistir\u00e1 a una competencia internacional en el viejo continente, en Serbia. \u201cNada se logra solo, es parte de su esfuerzo, de sus padres, y desde luego del amor que le tienes a lo que haces. Te deseamos mucho \u00e9xito en Serbia. \u00a1Vas a contar con todo el apoyo de todo el gobierno del estado!\u201d, expres\u00f3.<\/p>\n\n\n\n<p class=\"wp-block-paragraph\">Por su parte, Gabriela S\u00e1nchez, secretaria del Deporte y Juventud anunci\u00f3 que desde esta dependencia a su cargo se impulsar\u00e1 el deporte de alto rendimiento y la actividad f\u00edsica. \u201cNos proponemos destacar talentos como t\u00fa, personas que ponen el nombre de Puebla en alto y que inspiran a toda una generaci\u00f3n, pero no solo vamos a impulsar el deporte de alto rendimiento. Nuestra misi\u00f3n tambi\u00e9n es fomentar el deporte masivo, popular y escolar. Adem\u00e1s de crear espacios para la cultura, el arte y la recreaci\u00f3n. Creemos en el poder transformador de un estado saludable en cuerpo y mente\u201d.<\/p>\n\n\n\n<p class=\"wp-block-paragraph\">Dania es una exponente de la nataci\u00f3n en Puebla. A sus 14 a\u00f1os de edad ha demostrado que con dedicaci\u00f3n y esfuerzo no hay l\u00edmites. En el pasado Campeonato Nacional del Curso Corto en Quer\u00e9taro, brill\u00f3 con luz propia, al conquistar 6 medallas, una de oro, 4 de plata y una de bronce.<\/p>\n\n\n\n<p class=\"wp-block-paragraph\">\u201c\u00a1Qu\u00e9 ejemplo tan poderoso para quienes sue\u00f1an en grande! Pero tus logros van mucho m\u00e1s all\u00e1, has destacado en campeonatos regionales, estatales, nacionales como los de CONADE e internacionales como los Centroamericanos en El Salvador, y ahora, el pr\u00f3ximo a\u00f1o llevar\u00e1s tu talento al mundial de nataci\u00f3n en Serbia. Dania, eres un orgullo para Puebla y una promesa para todo M\u00e9xico\u201d, detall\u00f3 la titular de la Secretar\u00eda del Deporte y Juventud.<\/p>\n","protected":false},"excerpt":{"rendered":"<p>El deporte es la estrategia para recuperar el tejido social, prioridad de la presidenta Claudia Sheinbaum, resalt\u00f3 el Gobernador.<\/p>\n","protected":false},"author":3,"featured_media":67439,"comment_status":"closed","ping_status":"closed","sticky":false,"template":"","format":"standard","meta":{"_monsterinsights_skip_tracking":false,"_uf_show_specific_survey":0,"_uf_disable_surveys":false,"footnotes":""},"categories":[585,34],"tags":[106,2132,26],"class_list":["post-67438","post","type-post","status-publish","format-standard","has-post-thumbnail","hentry","category-principal","category-puebla","tag-alejandro-armenta","tag-descuento","tag-puebla"],"yoast_head":"<!-- This site is optimized with the Yoast SEO plugin v27.5 - https:\/\/yoast.com\/product\/yoast-seo-wordpress\/ -->\n<title>Familias poblanas recibir\u00e1n 50% de descuento en polideportivos estatales: Alejandro Armenta - Fer Abrajan<\/title>\n<meta name=\"description\" content=\"El deporte es la estrategia para recuperar el tejido social, prioridad de la presidenta Claudia Sheinbaum, resalt\u00f3 el Gobernador.\" \/>\n<meta name=\"robots\" content=\"index, follow, max-snippet:-1, max-image-preview:large, max-video-preview:-1\" \/>\n<link rel=\"canonical\" href=\"https:\/\/ferabrajan.com\/portal\/2024\/12\/24\/familias-poblanas-recibiran-50-de-descuento-en-polideportivos-estatales-alejandro-armenta\/\" \/>\n<meta property=\"og:locale\" content=\"es_ES\" \/>\n<meta property=\"og:type\" content=\"article\" \/>\n<meta property=\"og:title\" content=\"Familias poblanas recibir\u00e1n 50% de descuento en polideportivos estatales: Alejandro Armenta - Fer Abrajan\" \/>\n<meta property=\"og:description\" content=\"El deporte es la estrategia para recuperar el tejido social, prioridad de la presidenta Claudia Sheinbaum, resalt\u00f3 el Gobernador.\" \/>\n<meta property=\"og:url\" content=\"https:\/\/ferabrajan.com\/portal\/2024\/12\/24\/familias-poblanas-recibiran-50-de-descuento-en-polideportivos-estatales-alejandro-armenta\/\" \/>\n<meta property=\"og:site_name\" content=\"Fer Abrajan\" \/>\n<meta property=\"article:publisher\" content=\"https:\/\/www.facebook.com\/NoticiasconFerAbrajan\/\" \/>\n<meta property=\"article:published_time\" content=\"2024-12-24T15:35:14+00:00\" \/>\n<meta property=\"article:modified_time\" content=\"2024-12-24T15:35:28+00:00\" \/>\n<meta property=\"og:image\" content=\"https:\/\/ferabrajan.com\/portal\/wp-content\/uploads\/2024\/12\/WhatsApp_Image_2024-12-23_at_6.48.16_PM.jpeg\" \/>\n\t<meta property=\"og:image:width\" content=\"1280\" \/>\n\t<meta property=\"og:image:height\" content=\"795\" \/>\n\t<meta property=\"og:image:type\" content=\"image\/jpeg\" \/>\n<meta name=\"author\" content=\"Rebeca N\u00fa\u00f1ez\" \/>\n<meta name=\"twitter:card\" content=\"summary_large_image\" \/>\n<meta name=\"twitter:creator\" content=\"@ferabrajan1\" \/>\n<meta name=\"twitter:site\" content=\"@ferabrajan1\" \/>\n<meta name=\"twitter:label1\" content=\"Escrito por\" \/>\n\t<meta name=\"twitter:data1\" content=\"Rebeca N\u00fa\u00f1ez\" \/>\n\t<meta name=\"twitter:label2\" content=\"Tiempo de lectura\" \/>\n\t<meta name=\"twitter:data2\" content=\"3 minutos\" \/>\n<script type=\"application\/ld+json\" class=\"yoast-schema-graph\">{\"@context\":\"https:\\\/\\\/schema.org\",\"@graph\":[{\"@type\":\"Article\",\"@id\":\"https:\\\/\\\/ferabrajan.com\\\/portal\\\/2024\\\/12\\\/24\\\/familias-poblanas-recibiran-50-de-descuento-en-polideportivos-estatales-alejandro-armenta\\\/#article\",\"isPartOf\":{\"@id\":\"https:\\\/\\\/ferabrajan.com\\\/portal\\\/2024\\\/12\\\/24\\\/familias-poblanas-recibiran-50-de-descuento-en-polideportivos-estatales-alejandro-armenta\\\/\"},\"author\":{\"name\":\"Rebeca N\u00fa\u00f1ez\",\"@id\":\"https:\\\/\\\/ferabrajan.com\\\/portal\\\/#\\\/schema\\\/person\\\/a79364e0091921e733584c4833bc7a50\"},\"headline\":\"Familias poblanas recibir\u00e1n 50% de descuento en polideportivos estatales: Alejandro Armenta\",\"datePublished\":\"2024-12-24T15:35:14+00:00\",\"dateModified\":\"2024-12-24T15:35:28+00:00\",\"mainEntityOfPage\":{\"@id\":\"https:\\\/\\\/ferabrajan.com\\\/portal\\\/2024\\\/12\\\/24\\\/familias-poblanas-recibiran-50-de-descuento-en-polideportivos-estatales-alejandro-armenta\\\/\"},\"wordCount\":569,\"publisher\":{\"@id\":\"https:\\\/\\\/ferabrajan.com\\\/portal\\\/#organization\"},\"image\":{\"@id\":\"https:\\\/\\\/ferabrajan.com\\\/portal\\\/2024\\\/12\\\/24\\\/familias-poblanas-recibiran-50-de-descuento-en-polideportivos-estatales-alejandro-armenta\\\/#primaryimage\"},\"thumbnailUrl\":\"https:\\\/\\\/ferabrajan.com\\\/portal\\\/wp-content\\\/uploads\\\/2024\\\/12\\\/WhatsApp_Image_2024-12-23_at_6.48.16_PM.jpeg\",\"keywords\":[\"Alejandro Armenta\",\"descuento\",\"puebla\"],\"articleSection\":[\"Principal\",\"Puebla\"],\"inLanguage\":\"es\"},{\"@type\":\"WebPage\",\"@id\":\"https:\\\/\\\/ferabrajan.com\\\/portal\\\/2024\\\/12\\\/24\\\/familias-poblanas-recibiran-50-de-descuento-en-polideportivos-estatales-alejandro-armenta\\\/\",\"url\":\"https:\\\/\\\/ferabrajan.com\\\/portal\\\/2024\\\/12\\\/24\\\/familias-poblanas-recibiran-50-de-descuento-en-polideportivos-estatales-alejandro-armenta\\\/\",\"name\":\"Familias poblanas recibir\u00e1n 50% de descuento en polideportivos estatales: Alejandro Armenta - Fer Abrajan\",\"isPartOf\":{\"@id\":\"https:\\\/\\\/ferabrajan.com\\\/portal\\\/#website\"},\"primaryImageOfPage\":{\"@id\":\"https:\\\/\\\/ferabrajan.com\\\/portal\\\/2024\\\/12\\\/24\\\/familias-poblanas-recibiran-50-de-descuento-en-polideportivos-estatales-alejandro-armenta\\\/#primaryimage\"},\"image\":{\"@id\":\"https:\\\/\\\/ferabrajan.com\\\/portal\\\/2024\\\/12\\\/24\\\/familias-poblanas-recibiran-50-de-descuento-en-polideportivos-estatales-alejandro-armenta\\\/#primaryimage\"},\"thumbnailUrl\":\"https:\\\/\\\/ferabrajan.com\\\/portal\\\/wp-content\\\/uploads\\\/2024\\\/12\\\/WhatsApp_Image_2024-12-23_at_6.48.16_PM.jpeg\",\"datePublished\":\"2024-12-24T15:35:14+00:00\",\"dateModified\":\"2024-12-24T15:35:28+00:00\",\"description\":\"El deporte es la estrategia para recuperar el tejido social, prioridad de la presidenta Claudia Sheinbaum, resalt\u00f3 el Gobernador.\",\"breadcrumb\":{\"@id\":\"https:\\\/\\\/ferabrajan.com\\\/portal\\\/2024\\\/12\\\/24\\\/familias-poblanas-recibiran-50-de-descuento-en-polideportivos-estatales-alejandro-armenta\\\/#breadcrumb\"},\"inLanguage\":\"es\",\"potentialAction\":[{\"@type\":\"ReadAction\",\"target\":[\"https:\\\/\\\/ferabrajan.com\\\/portal\\\/2024\\\/12\\\/24\\\/familias-poblanas-recibiran-50-de-descuento-en-polideportivos-estatales-alejandro-armenta\\\/\"]}]},{\"@type\":\"ImageObject\",\"inLanguage\":\"es\",\"@id\":\"https:\\\/\\\/ferabrajan.com\\\/portal\\\/2024\\\/12\\\/24\\\/familias-poblanas-recibiran-50-de-descuento-en-polideportivos-estatales-alejandro-armenta\\\/#primaryimage\",\"url\":\"https:\\\/\\\/ferabrajan.com\\\/portal\\\/wp-content\\\/uploads\\\/2024\\\/12\\\/WhatsApp_Image_2024-12-23_at_6.48.16_PM.jpeg\",\"contentUrl\":\"https:\\\/\\\/ferabrajan.com\\\/portal\\\/wp-content\\\/uploads\\\/2024\\\/12\\\/WhatsApp_Image_2024-12-23_at_6.48.16_PM.jpeg\",\"width\":1280,\"height\":795},{\"@type\":\"BreadcrumbList\",\"@id\":\"https:\\\/\\\/ferabrajan.com\\\/portal\\\/2024\\\/12\\\/24\\\/familias-poblanas-recibiran-50-de-descuento-en-polideportivos-estatales-alejandro-armenta\\\/#breadcrumb\",\"itemListElement\":[{\"@type\":\"ListItem\",\"position\":1,\"name\":\"Portada\",\"item\":\"https:\\\/\\\/ferabrajan.com\\\/portal\\\/\"},{\"@type\":\"ListItem\",\"position\":2,\"name\":\"Familias poblanas recibir\u00e1n 50% de descuento en polideportivos estatales: Alejandro Armenta\"}]},{\"@type\":\"WebSite\",\"@id\":\"https:\\\/\\\/ferabrajan.com\\\/portal\\\/#website\",\"url\":\"https:\\\/\\\/ferabrajan.com\\\/portal\\\/\",\"name\":\"Fer Abrajan\",\"description\":\"Noticias de Puebla, opini\u00f3n y radio en vivo\",\"publisher\":{\"@id\":\"https:\\\/\\\/ferabrajan.com\\\/portal\\\/#organization\"},\"potentialAction\":[{\"@type\":\"SearchAction\",\"target\":{\"@type\":\"EntryPoint\",\"urlTemplate\":\"https:\\\/\\\/ferabrajan.com\\\/portal\\\/?s={search_term_string}\"},\"query-input\":{\"@type\":\"PropertyValueSpecification\",\"valueRequired\":true,\"valueName\":\"search_term_string\"}}],\"inLanguage\":\"es\"},{\"@type\":\"Organization\",\"@id\":\"https:\\\/\\\/ferabrajan.com\\\/portal\\\/#organization\",\"name\":\"Fer Abrajan\",\"url\":\"https:\\\/\\\/ferabrajan.com\\\/portal\\\/\",\"logo\":{\"@type\":\"ImageObject\",\"inLanguage\":\"es\",\"@id\":\"https:\\\/\\\/ferabrajan.com\\\/portal\\\/#\\\/schema\\\/logo\\\/image\\\/\",\"url\":\"https:\\\/\\\/ferabrajan.com\\\/portal\\\/wp-content\\\/uploads\\\/2024\\\/10\\\/cropped-logo.jpeg\",\"contentUrl\":\"https:\\\/\\\/ferabrajan.com\\\/portal\\\/wp-content\\\/uploads\\\/2024\\\/10\\\/cropped-logo.jpeg\",\"width\":500,\"height\":250,\"caption\":\"Fer Abrajan\"},\"image\":{\"@id\":\"https:\\\/\\\/ferabrajan.com\\\/portal\\\/#\\\/schema\\\/logo\\\/image\\\/\"},\"sameAs\":[\"https:\\\/\\\/www.facebook.com\\\/NoticiasconFerAbrajan\\\/\",\"https:\\\/\\\/x.com\\\/ferabrajan1\"]},{\"@type\":\"Person\",\"@id\":\"https:\\\/\\\/ferabrajan.com\\\/portal\\\/#\\\/schema\\\/person\\\/a79364e0091921e733584c4833bc7a50\",\"name\":\"Rebeca N\u00fa\u00f1ez\",\"image\":{\"@type\":\"ImageObject\",\"inLanguage\":\"es\",\"@id\":\"https:\\\/\\\/secure.gravatar.com\\\/avatar\\\/c9cbf721287e849268cd37eca93cf4be51b2eed9e71c8d0c6825bd912000b74e?s=96&d=mm&r=g\",\"url\":\"https:\\\/\\\/secure.gravatar.com\\\/avatar\\\/c9cbf721287e849268cd37eca93cf4be51b2eed9e71c8d0c6825bd912000b74e?s=96&d=mm&r=g\",\"contentUrl\":\"https:\\\/\\\/secure.gravatar.com\\\/avatar\\\/c9cbf721287e849268cd37eca93cf4be51b2eed9e71c8d0c6825bd912000b74e?s=96&d=mm&r=g\",\"caption\":\"Rebeca N\u00fa\u00f1ez\"},\"url\":\"https:\\\/\\\/ferabrajan.com\\\/portal\\\/author\\\/rebeca\\\/\"}]}<\/script>\n<!-- \/ Yoast SEO plugin. -->","yoast_head_json":{"title":"Familias poblanas recibir\u00e1n 50% de descuento en polideportivos estatales: Alejandro Armenta - Fer Abrajan","description":"El deporte es la estrategia para recuperar el tejido social, prioridad de la presidenta Claudia Sheinbaum, resalt\u00f3 el Gobernador.","robots":{"index":"index","follow":"follow","max-snippet":"max-snippet:-1","max-image-preview":"max-image-preview:large","max-video-preview":"max-video-preview:-1"},"canonical":"https:\/\/ferabrajan.com\/portal\/2024\/12\/24\/familias-poblanas-recibiran-50-de-descuento-en-polideportivos-estatales-alejandro-armenta\/","og_locale":"es_ES","og_type":"article","og_title":"Familias poblanas recibir\u00e1n 50% de descuento en polideportivos estatales: Alejandro Armenta - Fer Abrajan","og_description":"El deporte es la estrategia para recuperar el tejido social, prioridad de la presidenta Claudia Sheinbaum, resalt\u00f3 el Gobernador.","og_url":"https:\/\/ferabrajan.com\/portal\/2024\/12\/24\/familias-poblanas-recibiran-50-de-descuento-en-polideportivos-estatales-alejandro-armenta\/","og_site_name":"Fer Abrajan","article_publisher":"https:\/\/www.facebook.com\/NoticiasconFerAbrajan\/","article_published_time":"2024-12-24T15:35:14+00:00","article_modified_time":"2024-12-24T15:35:28+00:00","og_image":[{"width":1280,"height":795,"url":"https:\/\/ferabrajan.com\/portal\/wp-content\/uploads\/2024\/12\/WhatsApp_Image_2024-12-23_at_6.48.16_PM.jpeg","type":"image\/jpeg"}],"author":"Rebeca N\u00fa\u00f1ez","twitter_card":"summary_large_image","twitter_creator":"@ferabrajan1","twitter_site":"@ferabrajan1","twitter_misc":{"Escrito por":"Rebeca N\u00fa\u00f1ez","Tiempo de lectura":"3 minutos"},"schema":{"@context":"https:\/\/schema.org","@graph":[{"@type":"Article","@id":"https:\/\/ferabrajan.com\/portal\/2024\/12\/24\/familias-poblanas-recibiran-50-de-descuento-en-polideportivos-estatales-alejandro-armenta\/#article","isPartOf":{"@id":"https:\/\/ferabrajan.com\/portal\/2024\/12\/24\/familias-poblanas-recibiran-50-de-descuento-en-polideportivos-estatales-alejandro-armenta\/"},"author":{"name":"Rebeca N\u00fa\u00f1ez","@id":"https:\/\/ferabrajan.com\/portal\/#\/schema\/person\/a79364e0091921e733584c4833bc7a50"},"headline":"Familias poblanas recibir\u00e1n 50% de descuento en polideportivos estatales: Alejandro Armenta","datePublished":"2024-12-24T15:35:14+00:00","dateModified":"2024-12-24T15:35:28+00:00","mainEntityOfPage":{"@id":"https:\/\/ferabrajan.com\/portal\/2024\/12\/24\/familias-poblanas-recibiran-50-de-descuento-en-polideportivos-estatales-alejandro-armenta\/"},"wordCount":569,"publisher":{"@id":"https:\/\/ferabrajan.com\/portal\/#organization"},"image":{"@id":"https:\/\/ferabrajan.com\/portal\/2024\/12\/24\/familias-poblanas-recibiran-50-de-descuento-en-polideportivos-estatales-alejandro-armenta\/#primaryimage"},"thumbnailUrl":"https:\/\/ferabrajan.com\/portal\/wp-content\/uploads\/2024\/12\/WhatsApp_Image_2024-12-23_at_6.48.16_PM.jpeg","keywords":["Alejandro Armenta","descuento","puebla"],"articleSection":["Principal","Puebla"],"inLanguage":"es"},{"@type":"WebPage","@id":"https:\/\/ferabrajan.com\/portal\/2024\/12\/24\/familias-poblanas-recibiran-50-de-descuento-en-polideportivos-estatales-alejandro-armenta\/","url":"https:\/\/ferabrajan.com\/portal\/2024\/12\/24\/familias-poblanas-recibiran-50-de-descuento-en-polideportivos-estatales-alejandro-armenta\/","name":"Familias poblanas recibir\u00e1n 50% de descuento en polideportivos estatales: Alejandro Armenta - Fer Abrajan","isPartOf":{"@id":"https:\/\/ferabrajan.com\/portal\/#website"},"primaryImageOfPage":{"@id":"https:\/\/ferabrajan.com\/portal\/2024\/12\/24\/familias-poblanas-recibiran-50-de-descuento-en-polideportivos-estatales-alejandro-armenta\/#primaryimage"},"image":{"@id":"https:\/\/ferabrajan.com\/portal\/2024\/12\/24\/familias-poblanas-recibiran-50-de-descuento-en-polideportivos-estatales-alejandro-armenta\/#primaryimage"},"thumbnailUrl":"https:\/\/ferabrajan.com\/portal\/wp-content\/uploads\/2024\/12\/WhatsApp_Image_2024-12-23_at_6.48.16_PM.jpeg","datePublished":"2024-12-24T15:35:14+00:00","dateModified":"2024-12-24T15:35:28+00:00","description":"El deporte es la estrategia para recuperar el tejido social, prioridad de la presidenta Claudia Sheinbaum, resalt\u00f3 el Gobernador.","breadcrumb":{"@id":"https:\/\/ferabrajan.com\/portal\/2024\/12\/24\/familias-poblanas-recibiran-50-de-descuento-en-polideportivos-estatales-alejandro-armenta\/#breadcrumb"},"inLanguage":"es","potentialAction":[{"@type":"ReadAction","target":["https:\/\/ferabrajan.com\/portal\/2024\/12\/24\/familias-poblanas-recibiran-50-de-descuento-en-polideportivos-estatales-alejandro-armenta\/"]}]},{"@type":"ImageObject","inLanguage":"es","@id":"https:\/\/ferabrajan.com\/portal\/2024\/12\/24\/familias-poblanas-recibiran-50-de-descuento-en-polideportivos-estatales-alejandro-armenta\/#primaryimage","url":"https:\/\/ferabrajan.com\/portal\/wp-content\/uploads\/2024\/12\/WhatsApp_Image_2024-12-23_at_6.48.16_PM.jpeg","contentUrl":"https:\/\/ferabrajan.com\/portal\/wp-content\/uploads\/2024\/12\/WhatsApp_Image_2024-12-23_at_6.48.16_PM.jpeg","width":1280,"height":795},{"@type":"BreadcrumbList","@id":"https:\/\/ferabrajan.com\/portal\/2024\/12\/24\/familias-poblanas-recibiran-50-de-descuento-en-polideportivos-estatales-alejandro-armenta\/#breadcrumb","itemListElement":[{"@type":"ListItem","position":1,"name":"Portada","item":"https:\/\/ferabrajan.com\/portal\/"},{"@type":"ListItem","position":2,"name":"Familias poblanas recibir\u00e1n 50% de descuento en polideportivos estatales: Alejandro Armenta"}]},{"@type":"WebSite","@id":"https:\/\/ferabrajan.com\/portal\/#website","url":"https:\/\/ferabrajan.com\/portal\/","name":"Fer Abrajan","description":"Noticias de Puebla, opini\u00f3n y radio en vivo","publisher":{"@id":"https:\/\/ferabrajan.com\/portal\/#organization"},"potentialAction":[{"@type":"SearchAction","target":{"@type":"EntryPoint","urlTemplate":"https:\/\/ferabrajan.com\/portal\/?s={search_term_string}"},"query-input":{"@type":"PropertyValueSpecification","valueRequired":true,"valueName":"search_term_string"}}],"inLanguage":"es"},{"@type":"Organization","@id":"https:\/\/ferabrajan.com\/portal\/#organization","name":"Fer Abrajan","url":"https:\/\/ferabrajan.com\/portal\/","logo":{"@type":"ImageObject","inLanguage":"es","@id":"https:\/\/ferabrajan.com\/portal\/#\/schema\/logo\/image\/","url":"https:\/\/ferabrajan.com\/portal\/wp-content\/uploads\/2024\/10\/cropped-logo.jpeg","contentUrl":"https:\/\/ferabrajan.com\/portal\/wp-content\/uploads\/2024\/10\/cropped-logo.jpeg","width":500,"height":250,"caption":"Fer Abrajan"},"image":{"@id":"https:\/\/ferabrajan.com\/portal\/#\/schema\/logo\/image\/"},"sameAs":["https:\/\/www.facebook.com\/NoticiasconFerAbrajan\/","https:\/\/x.com\/ferabrajan1"]},{"@type":"Person","@id":"https:\/\/ferabrajan.com\/portal\/#\/schema\/person\/a79364e0091921e733584c4833bc7a50","name":"Rebeca N\u00fa\u00f1ez","image":{"@type":"ImageObject","inLanguage":"es","@id":"https:\/\/secure.gravatar.com\/avatar\/c9cbf721287e849268cd37eca93cf4be51b2eed9e71c8d0c6825bd912000b74e?s=96&d=mm&r=g","url":"https:\/\/secure.gravatar.com\/avatar\/c9cbf721287e849268cd37eca93cf4be51b2eed9e71c8d0c6825bd912000b74e?s=96&d=mm&r=g","contentUrl":"https:\/\/secure.gravatar.com\/avatar\/c9cbf721287e849268cd37eca93cf4be51b2eed9e71c8d0c6825bd912000b74e?s=96&d=mm&r=g","caption":"Rebeca N\u00fa\u00f1ez"},"url":"https:\/\/ferabrajan.com\/portal\/author\/rebeca\/"}]}},"_links":{"self":[{"href":"https:\/\/ferabrajan.com\/portal\/wp-json\/wp\/v2\/posts\/67438","targetHints":{"allow":["GET"]}}],"collection":[{"href":"https:\/\/ferabrajan.com\/portal\/wp-json\/wp\/v2\/posts"}],"about":[{"href":"https:\/\/ferabrajan.com\/portal\/wp-json\/wp\/v2\/types\/post"}],"author":[{"embeddable":true,"href":"https:\/\/ferabrajan.com\/portal\/wp-json\/wp\/v2\/users\/3"}],"replies":[{"embeddable":true,"href":"https:\/\/ferabrajan.com\/portal\/wp-json\/wp\/v2\/comments?post=67438"}],"version-history":[{"count":0,"href":"https:\/\/ferabrajan.com\/portal\/wp-json\/wp\/v2\/posts\/67438\/revisions"}],"wp:featuredmedia":[{"embeddable":true,"href":"https:\/\/ferabrajan.com\/portal\/wp-json\/wp\/v2\/media\/67439"}],"wp:attachment":[{"href":"https:\/\/ferabrajan.com\/portal\/wp-json\/wp\/v2\/media?parent=67438"}],"wp:term":[{"taxonomy":"category","embeddable":true,"href":"https:\/\/ferabrajan.com\/portal\/wp-json\/wp\/v2\/categories?post=67438"},{"taxonomy":"post_tag","embeddable":true,"href":"https:\/\/ferabrajan.com\/portal\/wp-json\/wp\/v2\/tags?post=67438"}],"curies":[{"name":"wp","href":"https:\/\/api.w.org\/{rel}","templated":true}]}}