{"id":67432,"date":"2024-12-24T15:26:32","date_gmt":"2024-12-24T15:26:32","guid":{"rendered":"https:\/\/ferabrajan.com\/portal\/?p=67432"},"modified":"2024-12-24T15:26:51","modified_gmt":"2024-12-24T15:26:51","slug":"al-triple-esto-te-deben-pagar-por-trabajar-el-24-y-25-de-diciembre-en-mexico","status":"publish","type":"post","link":"https:\/\/ferabrajan.com\/portal\/2024\/12\/24\/al-triple-esto-te-deben-pagar-por-trabajar-el-24-y-25-de-diciembre-en-mexico\/","title":{"rendered":"\u00a1Al triple! Esto te deben pagar por trabajar el 24 y 25 de diciembre en M\u00e9xico"},"content":{"rendered":"\n<p class=\"wp-block-paragraph\"><strong>Se esta acabando el 2024!<\/strong>\u00a0No todos los trabajadores descansan el<strong>\u00a024 y 25 de diciembre\u00a0<\/strong>en M\u00e9xico, debido a que en sus centros de trabajo hacen guardias, si es tu caso debes saber que<strong>\u00a0por laborar en Navidad te tienen que pagar obligatoriamente un sueldo al triple<\/strong>.<\/p>\n\n\n\n<h3 class=\"wp-block-heading\"><strong>\u00bfCu\u00e1nto te deben pagar por trabajar el 24 y 25 de diciembre?<\/strong><\/h3>\n\n\n\n<p class=\"wp-block-paragraph\"><strong>\u00a1La ley te ampara!&nbsp;<\/strong>Tienes que tener muy claro que el d\u00eda 24 de diciembre no esta considerado como un d\u00eda feriado ante la Ley Federal del Trabajo (<strong>LFT<\/strong>) por tal raz\u00f3n te deber\u00e1n pagar un sueldo normal, sin embargo, las reglas cambian si te toca trabajar el&nbsp;<strong>25 de diciembre,<\/strong>&nbsp;ya que esta fecha s\u00ed esta considerada como un d\u00eda feriado obligatorio.<\/p>\n\n\n\n<p class=\"wp-block-paragraph\">En el&nbsp;<strong>art\u00edculo 75&nbsp;<\/strong>de la Ley Federal del Trabajo se establece que todos los trabajadores que sean requeridos para laborar el d\u00eda 25 de diciembre su empresa o persona empleadora deber\u00e1 pagarles al triple su d\u00eda, es decir, su salario diario normal, m\u00e1s un salario doble por trabajar en un d\u00eda de descanso obligatorio, lo que es igual a un sueldo al triple para Navidad.<\/p>\n\n\n\n<p class=\"wp-block-paragraph\"><strong>El art\u00edculo 75 de la Ley Federal del trabajo dice que:<\/strong>&nbsp;<em>\u201cLas y los trabajadores tendr\u00e1n derecho a que se les pague, independientemente del salario que les corresponda por el descanso obligatorio, un salario doble por el servicio prestado\u201d.<\/em><\/p>\n\n\n\n<figure class=\"wp-block-image size-full\"><img fetchpriority=\"high\" decoding=\"async\" width=\"720\" height=\"900\" src=\"https:\/\/ferabrajan.com\/portal\/wp-content\/uploads\/2024\/12\/GfG1ot0XcAAZnhB.jpg\" alt=\"\" class=\"wp-image-67434\" srcset=\"https:\/\/ferabrajan.com\/portal\/wp-content\/uploads\/2024\/12\/GfG1ot0XcAAZnhB.jpg 720w, https:\/\/ferabrajan.com\/portal\/wp-content\/uploads\/2024\/12\/GfG1ot0XcAAZnhB-240x300.jpg 240w\" sizes=\"(max-width: 720px) 100vw, 720px\" \/><\/figure>\n\n\n\n<p class=\"wp-block-paragraph\"><strong>Ejemplo<\/strong>: si tu sueldo base por laborar un d\u00eda es de 500 pesos, por trabajar el pr\u00f3ximo 25 de diciembre deber\u00e1s cobrar en total mil 500 pesos, de lo contrario tu empresa o persona empleadora podr\u00eda ser multada por infringir la Ley Federal del Trabajo.<\/p>\n\n\n\n<p class=\"wp-block-paragraph\"><strong>\u00a1Para que los sepas!\u00a0<\/strong>En caso de que el d\u00eda de\u00a0<strong>descanso obligatorio\u00a0<\/strong>llegar\u00e1 a coincidir con el d\u00eda de descanso semanal, es decir el\u00a0<strong>d\u00eda domingo,<\/strong>\u00a0la o el patr\u00f3n deber\u00e1 de cubrirle al trabajador el pago de la\u00a0<strong>prima dominical<\/strong>\u00a0que marca el art\u00edculo 71 de la\u00a0<strong>Ley Federal del Trabajo\u00a0<\/strong>el cual se\u00f1ala:\u00a0<em>\u201cLas y los trabajadores que presten servicio en d\u00eda domingo tendr\u00e1n derecho a una prima adicional de un veinticinco por ciento, por lo menos, sobre el salario de los d\u00edas ordinarios de trabajo, es decir que los trabajadores recibir\u00e1n el triple del salario por ese d\u00eda, m\u00e1s la prima dominical\u201d.<\/em><\/p>\n\n\n\n<figure class=\"wp-block-image size-full\"><img decoding=\"async\" width=\"680\" height=\"680\" src=\"https:\/\/ferabrajan.com\/portal\/wp-content\/uploads\/2024\/12\/GfHkAmxWQAAURDN.jpg\" alt=\"\" class=\"wp-image-67433\" srcset=\"https:\/\/ferabrajan.com\/portal\/wp-content\/uploads\/2024\/12\/GfHkAmxWQAAURDN.jpg 680w, https:\/\/ferabrajan.com\/portal\/wp-content\/uploads\/2024\/12\/GfHkAmxWQAAURDN-300x300.jpg 300w, https:\/\/ferabrajan.com\/portal\/wp-content\/uploads\/2024\/12\/GfHkAmxWQAAURDN-150x150.jpg 150w, https:\/\/ferabrajan.com\/portal\/wp-content\/uploads\/2024\/12\/GfHkAmxWQAAURDN-96x96.jpg 96w\" sizes=\"(max-width: 680px) 100vw, 680px\" \/><\/figure>\n\n\n\n<h3 class=\"wp-block-heading\"><strong>\u00bfC\u00f3mo actuar si la empresa no te paga al triple?<\/strong><\/h3>\n\n\n\n<p class=\"wp-block-paragraph\">En caso de que la empresa en al que laboras no cumpla con el pago al triple por laboral el d\u00eda feriado del 25 de diciembre, lo que deber\u00e1s<strong>&nbsp;realizar es una denuncia ante la Procuradur\u00eda Federal de la Defensa del Trabajo (PROFEDET)<\/strong>&nbsp;y para ello, puedes realizar una<strong>&nbsp;llamada telef\u00f3nica al n\u00famero 800-717-2942 o al 800-911-78-77,&nbsp;<\/strong>aqu\u00ed pedir\u00e1s asesor\u00eda para proceder.<\/p>\n","protected":false},"excerpt":{"rendered":"<p>En el art\u00edculo 75 de la Ley Federal del Trabajo se establece que todos los trabajadores que sean requeridos para laborar el d\u00eda 25 de diciembre su empresa o persona empleadora deber\u00e1 pagarles al triple su d\u00eda<\/p>\n","protected":false},"author":1,"featured_media":67435,"comment_status":"closed","ping_status":"closed","sticky":false,"template":"","format":"standard","meta":{"_monsterinsights_skip_tracking":false,"_uf_show_specific_survey":0,"_uf_disable_surveys":false,"footnotes":""},"categories":[52,585],"tags":[],"class_list":["post-67432","post","type-post","status-publish","format-standard","has-post-thumbnail","hentry","category-nacional","category-principal"],"yoast_head":"<!-- This site is optimized with the Yoast SEO plugin v27.5 - https:\/\/yoast.com\/product\/yoast-seo-wordpress\/ -->\n<title>\u00a1Al triple! Esto te deben pagar por trabajar el 24 y 25 de diciembre en M\u00e9xico - Fer Abrajan<\/title>\n<meta name=\"description\" content=\"En el art\u00edculo 75 de la Ley Federal del Trabajo se establece que todos los trabajadores que sean requeridos para laborar el d\u00eda 25 de diciembre su empresa o persona empleadora deber\u00e1 pagarles al triple su d\u00eda\" \/>\n<meta name=\"robots\" content=\"index, follow, max-snippet:-1, max-image-preview:large, max-video-preview:-1\" \/>\n<link rel=\"canonical\" href=\"https:\/\/ferabrajan.com\/portal\/2024\/12\/24\/al-triple-esto-te-deben-pagar-por-trabajar-el-24-y-25-de-diciembre-en-mexico\/\" \/>\n<meta property=\"og:locale\" content=\"es_ES\" \/>\n<meta property=\"og:type\" content=\"article\" \/>\n<meta property=\"og:title\" content=\"\u00a1Al triple! Esto te deben pagar por trabajar el 24 y 25 de diciembre en M\u00e9xico - Fer Abrajan\" \/>\n<meta property=\"og:description\" content=\"En el art\u00edculo 75 de la Ley Federal del Trabajo se establece que todos los trabajadores que sean requeridos para laborar el d\u00eda 25 de diciembre su empresa o persona empleadora deber\u00e1 pagarles al triple su d\u00eda\" \/>\n<meta property=\"og:url\" content=\"https:\/\/ferabrajan.com\/portal\/2024\/12\/24\/al-triple-esto-te-deben-pagar-por-trabajar-el-24-y-25-de-diciembre-en-mexico\/\" \/>\n<meta property=\"og:site_name\" content=\"Fer Abrajan\" \/>\n<meta property=\"article:publisher\" content=\"https:\/\/www.facebook.com\/NoticiasconFerAbrajan\/\" \/>\n<meta property=\"article:published_time\" content=\"2024-12-24T15:26:32+00:00\" \/>\n<meta property=\"article:modified_time\" content=\"2024-12-24T15:26:51+00:00\" \/>\n<meta property=\"og:image\" content=\"https:\/\/ferabrajan.com\/portal\/wp-content\/uploads\/2024\/12\/AA1woebq.jpg\" \/>\n\t<meta property=\"og:image:width\" content=\"768\" \/>\n\t<meta property=\"og:image:height\" content=\"448\" \/>\n\t<meta property=\"og:image:type\" content=\"image\/jpeg\" \/>\n<meta name=\"author\" content=\"admin\" \/>\n<meta name=\"twitter:card\" content=\"summary_large_image\" \/>\n<meta name=\"twitter:creator\" content=\"@ferabrajan1\" \/>\n<meta name=\"twitter:site\" content=\"@ferabrajan1\" \/>\n<meta name=\"twitter:label1\" content=\"Escrito por\" \/>\n\t<meta name=\"twitter:data1\" content=\"admin\" \/>\n\t<meta name=\"twitter:label2\" content=\"Tiempo de lectura\" \/>\n\t<meta name=\"twitter:data2\" content=\"3 minutos\" \/>\n<script type=\"application\/ld+json\" class=\"yoast-schema-graph\">{\"@context\":\"https:\\\/\\\/schema.org\",\"@graph\":[{\"@type\":\"Article\",\"@id\":\"https:\\\/\\\/ferabrajan.com\\\/portal\\\/2024\\\/12\\\/24\\\/al-triple-esto-te-deben-pagar-por-trabajar-el-24-y-25-de-diciembre-en-mexico\\\/#article\",\"isPartOf\":{\"@id\":\"https:\\\/\\\/ferabrajan.com\\\/portal\\\/2024\\\/12\\\/24\\\/al-triple-esto-te-deben-pagar-por-trabajar-el-24-y-25-de-diciembre-en-mexico\\\/\"},\"author\":{\"name\":\"admin\",\"@id\":\"https:\\\/\\\/ferabrajan.com\\\/portal\\\/#\\\/schema\\\/person\\\/f6113b3cb1e036d5c6a9505685b257ba\"},\"headline\":\"\u00a1Al triple! Esto te deben pagar por trabajar el 24 y 25 de diciembre en M\u00e9xico\",\"datePublished\":\"2024-12-24T15:26:32+00:00\",\"dateModified\":\"2024-12-24T15:26:51+00:00\",\"mainEntityOfPage\":{\"@id\":\"https:\\\/\\\/ferabrajan.com\\\/portal\\\/2024\\\/12\\\/24\\\/al-triple-esto-te-deben-pagar-por-trabajar-el-24-y-25-de-diciembre-en-mexico\\\/\"},\"wordCount\":502,\"publisher\":{\"@id\":\"https:\\\/\\\/ferabrajan.com\\\/portal\\\/#organization\"},\"image\":{\"@id\":\"https:\\\/\\\/ferabrajan.com\\\/portal\\\/2024\\\/12\\\/24\\\/al-triple-esto-te-deben-pagar-por-trabajar-el-24-y-25-de-diciembre-en-mexico\\\/#primaryimage\"},\"thumbnailUrl\":\"https:\\\/\\\/ferabrajan.com\\\/portal\\\/wp-content\\\/uploads\\\/2024\\\/12\\\/AA1woebq.jpg\",\"articleSection\":[\"Nacional\",\"Principal\"],\"inLanguage\":\"es\"},{\"@type\":\"WebPage\",\"@id\":\"https:\\\/\\\/ferabrajan.com\\\/portal\\\/2024\\\/12\\\/24\\\/al-triple-esto-te-deben-pagar-por-trabajar-el-24-y-25-de-diciembre-en-mexico\\\/\",\"url\":\"https:\\\/\\\/ferabrajan.com\\\/portal\\\/2024\\\/12\\\/24\\\/al-triple-esto-te-deben-pagar-por-trabajar-el-24-y-25-de-diciembre-en-mexico\\\/\",\"name\":\"\u00a1Al triple! Esto te deben pagar por trabajar el 24 y 25 de diciembre en M\u00e9xico - Fer Abrajan\",\"isPartOf\":{\"@id\":\"https:\\\/\\\/ferabrajan.com\\\/portal\\\/#website\"},\"primaryImageOfPage\":{\"@id\":\"https:\\\/\\\/ferabrajan.com\\\/portal\\\/2024\\\/12\\\/24\\\/al-triple-esto-te-deben-pagar-por-trabajar-el-24-y-25-de-diciembre-en-mexico\\\/#primaryimage\"},\"image\":{\"@id\":\"https:\\\/\\\/ferabrajan.com\\\/portal\\\/2024\\\/12\\\/24\\\/al-triple-esto-te-deben-pagar-por-trabajar-el-24-y-25-de-diciembre-en-mexico\\\/#primaryimage\"},\"thumbnailUrl\":\"https:\\\/\\\/ferabrajan.com\\\/portal\\\/wp-content\\\/uploads\\\/2024\\\/12\\\/AA1woebq.jpg\",\"datePublished\":\"2024-12-24T15:26:32+00:00\",\"dateModified\":\"2024-12-24T15:26:51+00:00\",\"description\":\"En el art\u00edculo 75 de la Ley Federal del Trabajo se establece que todos los trabajadores que sean requeridos para laborar el d\u00eda 25 de diciembre su empresa o persona empleadora deber\u00e1 pagarles al triple su d\u00eda\",\"breadcrumb\":{\"@id\":\"https:\\\/\\\/ferabrajan.com\\\/portal\\\/2024\\\/12\\\/24\\\/al-triple-esto-te-deben-pagar-por-trabajar-el-24-y-25-de-diciembre-en-mexico\\\/#breadcrumb\"},\"inLanguage\":\"es\",\"potentialAction\":[{\"@type\":\"ReadAction\",\"target\":[\"https:\\\/\\\/ferabrajan.com\\\/portal\\\/2024\\\/12\\\/24\\\/al-triple-esto-te-deben-pagar-por-trabajar-el-24-y-25-de-diciembre-en-mexico\\\/\"]}]},{\"@type\":\"ImageObject\",\"inLanguage\":\"es\",\"@id\":\"https:\\\/\\\/ferabrajan.com\\\/portal\\\/2024\\\/12\\\/24\\\/al-triple-esto-te-deben-pagar-por-trabajar-el-24-y-25-de-diciembre-en-mexico\\\/#primaryimage\",\"url\":\"https:\\\/\\\/ferabrajan.com\\\/portal\\\/wp-content\\\/uploads\\\/2024\\\/12\\\/AA1woebq.jpg\",\"contentUrl\":\"https:\\\/\\\/ferabrajan.com\\\/portal\\\/wp-content\\\/uploads\\\/2024\\\/12\\\/AA1woebq.jpg\",\"width\":768,\"height\":448},{\"@type\":\"BreadcrumbList\",\"@id\":\"https:\\\/\\\/ferabrajan.com\\\/portal\\\/2024\\\/12\\\/24\\\/al-triple-esto-te-deben-pagar-por-trabajar-el-24-y-25-de-diciembre-en-mexico\\\/#breadcrumb\",\"itemListElement\":[{\"@type\":\"ListItem\",\"position\":1,\"name\":\"Portada\",\"item\":\"https:\\\/\\\/ferabrajan.com\\\/portal\\\/\"},{\"@type\":\"ListItem\",\"position\":2,\"name\":\"\u00a1Al triple! Esto te deben pagar por trabajar el 24 y 25 de diciembre en M\u00e9xico\"}]},{\"@type\":\"WebSite\",\"@id\":\"https:\\\/\\\/ferabrajan.com\\\/portal\\\/#website\",\"url\":\"https:\\\/\\\/ferabrajan.com\\\/portal\\\/\",\"name\":\"Fer Abrajan\",\"description\":\"Noticias de Puebla, opini\u00f3n y radio en vivo\",\"publisher\":{\"@id\":\"https:\\\/\\\/ferabrajan.com\\\/portal\\\/#organization\"},\"potentialAction\":[{\"@type\":\"SearchAction\",\"target\":{\"@type\":\"EntryPoint\",\"urlTemplate\":\"https:\\\/\\\/ferabrajan.com\\\/portal\\\/?s={search_term_string}\"},\"query-input\":{\"@type\":\"PropertyValueSpecification\",\"valueRequired\":true,\"valueName\":\"search_term_string\"}}],\"inLanguage\":\"es\"},{\"@type\":\"Organization\",\"@id\":\"https:\\\/\\\/ferabrajan.com\\\/portal\\\/#organization\",\"name\":\"Fer Abrajan\",\"url\":\"https:\\\/\\\/ferabrajan.com\\\/portal\\\/\",\"logo\":{\"@type\":\"ImageObject\",\"inLanguage\":\"es\",\"@id\":\"https:\\\/\\\/ferabrajan.com\\\/portal\\\/#\\\/schema\\\/logo\\\/image\\\/\",\"url\":\"https:\\\/\\\/ferabrajan.com\\\/portal\\\/wp-content\\\/uploads\\\/2024\\\/10\\\/cropped-logo.jpeg\",\"contentUrl\":\"https:\\\/\\\/ferabrajan.com\\\/portal\\\/wp-content\\\/uploads\\\/2024\\\/10\\\/cropped-logo.jpeg\",\"width\":500,\"height\":250,\"caption\":\"Fer Abrajan\"},\"image\":{\"@id\":\"https:\\\/\\\/ferabrajan.com\\\/portal\\\/#\\\/schema\\\/logo\\\/image\\\/\"},\"sameAs\":[\"https:\\\/\\\/www.facebook.com\\\/NoticiasconFerAbrajan\\\/\",\"https:\\\/\\\/x.com\\\/ferabrajan1\"]},{\"@type\":\"Person\",\"@id\":\"https:\\\/\\\/ferabrajan.com\\\/portal\\\/#\\\/schema\\\/person\\\/f6113b3cb1e036d5c6a9505685b257ba\",\"name\":\"admin\",\"image\":{\"@type\":\"ImageObject\",\"inLanguage\":\"es\",\"@id\":\"https:\\\/\\\/secure.gravatar.com\\\/avatar\\\/072baa72775aad53c748dfc5d3048578e01b6c087eef335459ebfa04344e2d18?s=96&d=mm&r=g\",\"url\":\"https:\\\/\\\/secure.gravatar.com\\\/avatar\\\/072baa72775aad53c748dfc5d3048578e01b6c087eef335459ebfa04344e2d18?s=96&d=mm&r=g\",\"contentUrl\":\"https:\\\/\\\/secure.gravatar.com\\\/avatar\\\/072baa72775aad53c748dfc5d3048578e01b6c087eef335459ebfa04344e2d18?s=96&d=mm&r=g\",\"caption\":\"admin\"},\"sameAs\":[\"https:\\\/\\\/ferabrajan.com\\\/portal\"],\"url\":\"https:\\\/\\\/ferabrajan.com\\\/portal\\\/author\\\/admin\\\/\"}]}<\/script>\n<!-- \/ Yoast SEO plugin. -->","yoast_head_json":{"title":"\u00a1Al triple! Esto te deben pagar por trabajar el 24 y 25 de diciembre en M\u00e9xico - Fer Abrajan","description":"En el art\u00edculo 75 de la Ley Federal del Trabajo se establece que todos los trabajadores que sean requeridos para laborar el d\u00eda 25 de diciembre su empresa o persona empleadora deber\u00e1 pagarles al triple su d\u00eda","robots":{"index":"index","follow":"follow","max-snippet":"max-snippet:-1","max-image-preview":"max-image-preview:large","max-video-preview":"max-video-preview:-1"},"canonical":"https:\/\/ferabrajan.com\/portal\/2024\/12\/24\/al-triple-esto-te-deben-pagar-por-trabajar-el-24-y-25-de-diciembre-en-mexico\/","og_locale":"es_ES","og_type":"article","og_title":"\u00a1Al triple! Esto te deben pagar por trabajar el 24 y 25 de diciembre en M\u00e9xico - Fer Abrajan","og_description":"En el art\u00edculo 75 de la Ley Federal del Trabajo se establece que todos los trabajadores que sean requeridos para laborar el d\u00eda 25 de diciembre su empresa o persona empleadora deber\u00e1 pagarles al triple su d\u00eda","og_url":"https:\/\/ferabrajan.com\/portal\/2024\/12\/24\/al-triple-esto-te-deben-pagar-por-trabajar-el-24-y-25-de-diciembre-en-mexico\/","og_site_name":"Fer Abrajan","article_publisher":"https:\/\/www.facebook.com\/NoticiasconFerAbrajan\/","article_published_time":"2024-12-24T15:26:32+00:00","article_modified_time":"2024-12-24T15:26:51+00:00","og_image":[{"width":768,"height":448,"url":"https:\/\/ferabrajan.com\/portal\/wp-content\/uploads\/2024\/12\/AA1woebq.jpg","type":"image\/jpeg"}],"author":"admin","twitter_card":"summary_large_image","twitter_creator":"@ferabrajan1","twitter_site":"@ferabrajan1","twitter_misc":{"Escrito por":"admin","Tiempo de lectura":"3 minutos"},"schema":{"@context":"https:\/\/schema.org","@graph":[{"@type":"Article","@id":"https:\/\/ferabrajan.com\/portal\/2024\/12\/24\/al-triple-esto-te-deben-pagar-por-trabajar-el-24-y-25-de-diciembre-en-mexico\/#article","isPartOf":{"@id":"https:\/\/ferabrajan.com\/portal\/2024\/12\/24\/al-triple-esto-te-deben-pagar-por-trabajar-el-24-y-25-de-diciembre-en-mexico\/"},"author":{"name":"admin","@id":"https:\/\/ferabrajan.com\/portal\/#\/schema\/person\/f6113b3cb1e036d5c6a9505685b257ba"},"headline":"\u00a1Al triple! Esto te deben pagar por trabajar el 24 y 25 de diciembre en M\u00e9xico","datePublished":"2024-12-24T15:26:32+00:00","dateModified":"2024-12-24T15:26:51+00:00","mainEntityOfPage":{"@id":"https:\/\/ferabrajan.com\/portal\/2024\/12\/24\/al-triple-esto-te-deben-pagar-por-trabajar-el-24-y-25-de-diciembre-en-mexico\/"},"wordCount":502,"publisher":{"@id":"https:\/\/ferabrajan.com\/portal\/#organization"},"image":{"@id":"https:\/\/ferabrajan.com\/portal\/2024\/12\/24\/al-triple-esto-te-deben-pagar-por-trabajar-el-24-y-25-de-diciembre-en-mexico\/#primaryimage"},"thumbnailUrl":"https:\/\/ferabrajan.com\/portal\/wp-content\/uploads\/2024\/12\/AA1woebq.jpg","articleSection":["Nacional","Principal"],"inLanguage":"es"},{"@type":"WebPage","@id":"https:\/\/ferabrajan.com\/portal\/2024\/12\/24\/al-triple-esto-te-deben-pagar-por-trabajar-el-24-y-25-de-diciembre-en-mexico\/","url":"https:\/\/ferabrajan.com\/portal\/2024\/12\/24\/al-triple-esto-te-deben-pagar-por-trabajar-el-24-y-25-de-diciembre-en-mexico\/","name":"\u00a1Al triple! Esto te deben pagar por trabajar el 24 y 25 de diciembre en M\u00e9xico - Fer Abrajan","isPartOf":{"@id":"https:\/\/ferabrajan.com\/portal\/#website"},"primaryImageOfPage":{"@id":"https:\/\/ferabrajan.com\/portal\/2024\/12\/24\/al-triple-esto-te-deben-pagar-por-trabajar-el-24-y-25-de-diciembre-en-mexico\/#primaryimage"},"image":{"@id":"https:\/\/ferabrajan.com\/portal\/2024\/12\/24\/al-triple-esto-te-deben-pagar-por-trabajar-el-24-y-25-de-diciembre-en-mexico\/#primaryimage"},"thumbnailUrl":"https:\/\/ferabrajan.com\/portal\/wp-content\/uploads\/2024\/12\/AA1woebq.jpg","datePublished":"2024-12-24T15:26:32+00:00","dateModified":"2024-12-24T15:26:51+00:00","description":"En el art\u00edculo 75 de la Ley Federal del Trabajo se establece que todos los trabajadores que sean requeridos para laborar el d\u00eda 25 de diciembre su empresa o persona empleadora deber\u00e1 pagarles al triple su d\u00eda","breadcrumb":{"@id":"https:\/\/ferabrajan.com\/portal\/2024\/12\/24\/al-triple-esto-te-deben-pagar-por-trabajar-el-24-y-25-de-diciembre-en-mexico\/#breadcrumb"},"inLanguage":"es","potentialAction":[{"@type":"ReadAction","target":["https:\/\/ferabrajan.com\/portal\/2024\/12\/24\/al-triple-esto-te-deben-pagar-por-trabajar-el-24-y-25-de-diciembre-en-mexico\/"]}]},{"@type":"ImageObject","inLanguage":"es","@id":"https:\/\/ferabrajan.com\/portal\/2024\/12\/24\/al-triple-esto-te-deben-pagar-por-trabajar-el-24-y-25-de-diciembre-en-mexico\/#primaryimage","url":"https:\/\/ferabrajan.com\/portal\/wp-content\/uploads\/2024\/12\/AA1woebq.jpg","contentUrl":"https:\/\/ferabrajan.com\/portal\/wp-content\/uploads\/2024\/12\/AA1woebq.jpg","width":768,"height":448},{"@type":"BreadcrumbList","@id":"https:\/\/ferabrajan.com\/portal\/2024\/12\/24\/al-triple-esto-te-deben-pagar-por-trabajar-el-24-y-25-de-diciembre-en-mexico\/#breadcrumb","itemListElement":[{"@type":"ListItem","position":1,"name":"Portada","item":"https:\/\/ferabrajan.com\/portal\/"},{"@type":"ListItem","position":2,"name":"\u00a1Al triple! Esto te deben pagar por trabajar el 24 y 25 de diciembre en M\u00e9xico"}]},{"@type":"WebSite","@id":"https:\/\/ferabrajan.com\/portal\/#website","url":"https:\/\/ferabrajan.com\/portal\/","name":"Fer Abrajan","description":"Noticias de Puebla, opini\u00f3n y radio en vivo","publisher":{"@id":"https:\/\/ferabrajan.com\/portal\/#organization"},"potentialAction":[{"@type":"SearchAction","target":{"@type":"EntryPoint","urlTemplate":"https:\/\/ferabrajan.com\/portal\/?s={search_term_string}"},"query-input":{"@type":"PropertyValueSpecification","valueRequired":true,"valueName":"search_term_string"}}],"inLanguage":"es"},{"@type":"Organization","@id":"https:\/\/ferabrajan.com\/portal\/#organization","name":"Fer Abrajan","url":"https:\/\/ferabrajan.com\/portal\/","logo":{"@type":"ImageObject","inLanguage":"es","@id":"https:\/\/ferabrajan.com\/portal\/#\/schema\/logo\/image\/","url":"https:\/\/ferabrajan.com\/portal\/wp-content\/uploads\/2024\/10\/cropped-logo.jpeg","contentUrl":"https:\/\/ferabrajan.com\/portal\/wp-content\/uploads\/2024\/10\/cropped-logo.jpeg","width":500,"height":250,"caption":"Fer Abrajan"},"image":{"@id":"https:\/\/ferabrajan.com\/portal\/#\/schema\/logo\/image\/"},"sameAs":["https:\/\/www.facebook.com\/NoticiasconFerAbrajan\/","https:\/\/x.com\/ferabrajan1"]},{"@type":"Person","@id":"https:\/\/ferabrajan.com\/portal\/#\/schema\/person\/f6113b3cb1e036d5c6a9505685b257ba","name":"admin","image":{"@type":"ImageObject","inLanguage":"es","@id":"https:\/\/secure.gravatar.com\/avatar\/072baa72775aad53c748dfc5d3048578e01b6c087eef335459ebfa04344e2d18?s=96&d=mm&r=g","url":"https:\/\/secure.gravatar.com\/avatar\/072baa72775aad53c748dfc5d3048578e01b6c087eef335459ebfa04344e2d18?s=96&d=mm&r=g","contentUrl":"https:\/\/secure.gravatar.com\/avatar\/072baa72775aad53c748dfc5d3048578e01b6c087eef335459ebfa04344e2d18?s=96&d=mm&r=g","caption":"admin"},"sameAs":["https:\/\/ferabrajan.com\/portal"],"url":"https:\/\/ferabrajan.com\/portal\/author\/admin\/"}]}},"_links":{"self":[{"href":"https:\/\/ferabrajan.com\/portal\/wp-json\/wp\/v2\/posts\/67432","targetHints":{"allow":["GET"]}}],"collection":[{"href":"https:\/\/ferabrajan.com\/portal\/wp-json\/wp\/v2\/posts"}],"about":[{"href":"https:\/\/ferabrajan.com\/portal\/wp-json\/wp\/v2\/types\/post"}],"author":[{"embeddable":true,"href":"https:\/\/ferabrajan.com\/portal\/wp-json\/wp\/v2\/users\/1"}],"replies":[{"embeddable":true,"href":"https:\/\/ferabrajan.com\/portal\/wp-json\/wp\/v2\/comments?post=67432"}],"version-history":[{"count":0,"href":"https:\/\/ferabrajan.com\/portal\/wp-json\/wp\/v2\/posts\/67432\/revisions"}],"wp:featuredmedia":[{"embeddable":true,"href":"https:\/\/ferabrajan.com\/portal\/wp-json\/wp\/v2\/media\/67435"}],"wp:attachment":[{"href":"https:\/\/ferabrajan.com\/portal\/wp-json\/wp\/v2\/media?parent=67432"}],"wp:term":[{"taxonomy":"category","embeddable":true,"href":"https:\/\/ferabrajan.com\/portal\/wp-json\/wp\/v2\/categories?post=67432"},{"taxonomy":"post_tag","embeddable":true,"href":"https:\/\/ferabrajan.com\/portal\/wp-json\/wp\/v2\/tags?post=67432"}],"curies":[{"name":"wp","href":"https:\/\/api.w.org\/{rel}","templated":true}]}}