{"id":67428,"date":"2024-12-24T14:59:46","date_gmt":"2024-12-24T14:59:46","guid":{"rendered":"https:\/\/ferabrajan.com\/portal\/?p=67428"},"modified":"2024-12-24T14:59:53","modified_gmt":"2024-12-24T14:59:53","slug":"migrantes-de-otras-nacionalidades-deben-de-ser-repatriados-a-sus-paises-no-a-mexico-sheinbaum","status":"publish","type":"post","link":"https:\/\/ferabrajan.com\/portal\/2024\/12\/24\/migrantes-de-otras-nacionalidades-deben-de-ser-repatriados-a-sus-paises-no-a-mexico-sheinbaum\/","title":{"rendered":"Migrantes de otras nacionalidades deben de ser repatriados a sus pa\u00edses, no a M\u00e9xico: Sheinbaum"},"content":{"rendered":"\n<p class=\"wp-block-paragraph\">La presidenta\u00a0<strong>Claudia Sheinbaum Pardo<\/strong>\u00a0se\u00f1al\u00f3 que en caso de que haya deportaciones masivas con la llegada de\u00a0<strong>Donald Trump\u00a0<\/strong>a la Presidencia de Estados Unidos en enero pr\u00f3ximo, los migrantes de otras nacionalidades deber\u00e1n ser\u00a0<strong>repatriados a sus pa\u00edses<\/strong>\u00a0de origen y no a M\u00e9xico.<\/p>\n\n\n\n<p class=\"wp-block-paragraph\">En conferencia de prensa, la mandataria federal garantiz\u00f3 que los connacionales en el pa\u00eds vecino contar\u00e1n con apoyo legal en los consulados y \u00abno los vamos a dejar solas, solos en ning\u00fan momento \u00ab<\/p>\n\n\n\n<p class=\"wp-block-paragraph\">\u00abEn caso de darse una<strong>&nbsp;deportaci\u00f3n<\/strong>, lo que nosotros estamos planteando es que si bien M\u00e9xico es solidario, generoso con todas las nacionalidades, nosotros pedimos que nosotros recibimos a los y a las mexicanos, pero que debe de haber una manera de que haya una repatriaci\u00f3n de las otras nacionalidades a sus pa\u00edses de origen porque, repito M\u00e9xico es solidario, pero nosotros pedimos que haya el recursos necesario para que puedan ser repatriados a sus pa\u00edses y siempre buscar la mejor manera de contribuir con ello\u00bb, dijo.<\/p>\n\n\n\n<p class=\"wp-block-paragraph\">Con Informaci\u00f3n de: <a href=\"https:\/\/www.msn.com\/es-mx\/noticias\/mundo\/migrantes-de-otras-nacionalidades-deben-de-ser-repatriados-a-sus-pa%C3%ADses-no-a-m%C3%A9xico-sheinbaum-no-los-vamos-a-dejar-solos-dice\/ar-AA1wnF4i?ocid=msedgdhp&amp;pc=U531&amp;cvid=c9f76129fd4d4ce2ac74aac70a071a0a&amp;ei=59\">https:\/\/www.msn.com\/es-mx\/noticias\/mundo\/migrantes-de-otras-nacionalidades-deben-de-ser-repatriados-a-sus-pa%C3%ADses-no-a-m%C3%A9xico-sheinbaum-no-los-vamos-a-dejar-solos-dice\/ar-AA1wnF4i?ocid=msedgdhp&amp;pc=U531&amp;cvid=c9f76129fd4d4ce2ac74aac70a071a0a&amp;ei=59<\/a><\/p>\n","protected":false},"excerpt":{"rendered":"<p>La mandataria federal garantiz\u00f3 que los connacionales en el pa\u00eds vecino contar\u00e1n con apoyo legal en los consulados y \u00abno los vamos a dejar solas, solos en ning\u00fan momento \u00ab<\/p>\n","protected":false},"author":1,"featured_media":67429,"comment_status":"closed","ping_status":"closed","sticky":false,"template":"","format":"standard","meta":{"_monsterinsights_skip_tracking":false,"_uf_show_specific_survey":0,"_uf_disable_surveys":false,"footnotes":""},"categories":[52,585],"tags":[601,1142],"class_list":["post-67428","post","type-post","status-publish","format-standard","has-post-thumbnail","hentry","category-nacional","category-principal","tag-claudia-sheinbaum","tag-donald-trump"],"yoast_head":"<!-- This site is optimized with the Yoast SEO plugin v27.5 - https:\/\/yoast.com\/product\/yoast-seo-wordpress\/ -->\n<title>Migrantes de otras nacionalidades deben de ser repatriados a sus pa\u00edses, no a M\u00e9xico: Sheinbaum - Fer Abrajan<\/title>\n<meta name=\"description\" content=\"La mandataria federal garantiz\u00f3 que los connacionales en el pa\u00eds vecino contar\u00e1n con apoyo legal en los consulados y &quot;no los vamos a dejar solas, solos en ning\u00fan momento &quot;\" \/>\n<meta name=\"robots\" content=\"index, follow, max-snippet:-1, max-image-preview:large, max-video-preview:-1\" \/>\n<link rel=\"canonical\" href=\"https:\/\/ferabrajan.com\/portal\/2024\/12\/24\/migrantes-de-otras-nacionalidades-deben-de-ser-repatriados-a-sus-paises-no-a-mexico-sheinbaum\/\" \/>\n<meta property=\"og:locale\" content=\"es_ES\" \/>\n<meta property=\"og:type\" content=\"article\" \/>\n<meta property=\"og:title\" content=\"Migrantes de otras nacionalidades deben de ser repatriados a sus pa\u00edses, no a M\u00e9xico: Sheinbaum - Fer Abrajan\" \/>\n<meta property=\"og:description\" content=\"La mandataria federal garantiz\u00f3 que los connacionales en el pa\u00eds vecino contar\u00e1n con apoyo legal en los consulados y &quot;no los vamos a dejar solas, solos en ning\u00fan momento &quot;\" \/>\n<meta property=\"og:url\" content=\"https:\/\/ferabrajan.com\/portal\/2024\/12\/24\/migrantes-de-otras-nacionalidades-deben-de-ser-repatriados-a-sus-paises-no-a-mexico-sheinbaum\/\" \/>\n<meta property=\"og:site_name\" content=\"Fer Abrajan\" \/>\n<meta property=\"article:publisher\" content=\"https:\/\/www.facebook.com\/NoticiasconFerAbrajan\/\" \/>\n<meta property=\"article:published_time\" content=\"2024-12-24T14:59:46+00:00\" \/>\n<meta property=\"article:modified_time\" content=\"2024-12-24T14:59:53+00:00\" \/>\n<meta property=\"og:image\" content=\"https:\/\/ferabrajan.com\/portal\/wp-content\/uploads\/2024\/12\/AA1wnHtM.jpg\" \/>\n\t<meta property=\"og:image:width\" content=\"768\" \/>\n\t<meta property=\"og:image:height\" content=\"473\" \/>\n\t<meta property=\"og:image:type\" content=\"image\/jpeg\" \/>\n<meta name=\"author\" content=\"admin\" \/>\n<meta name=\"twitter:card\" content=\"summary_large_image\" \/>\n<meta name=\"twitter:creator\" content=\"@ferabrajan1\" \/>\n<meta name=\"twitter:site\" content=\"@ferabrajan1\" \/>\n<meta name=\"twitter:label1\" content=\"Escrito por\" \/>\n\t<meta name=\"twitter:data1\" content=\"admin\" \/>\n\t<meta name=\"twitter:label2\" content=\"Tiempo de lectura\" \/>\n\t<meta name=\"twitter:data2\" content=\"1 minuto\" \/>\n<script type=\"application\/ld+json\" class=\"yoast-schema-graph\">{\"@context\":\"https:\\\/\\\/schema.org\",\"@graph\":[{\"@type\":\"Article\",\"@id\":\"https:\\\/\\\/ferabrajan.com\\\/portal\\\/2024\\\/12\\\/24\\\/migrantes-de-otras-nacionalidades-deben-de-ser-repatriados-a-sus-paises-no-a-mexico-sheinbaum\\\/#article\",\"isPartOf\":{\"@id\":\"https:\\\/\\\/ferabrajan.com\\\/portal\\\/2024\\\/12\\\/24\\\/migrantes-de-otras-nacionalidades-deben-de-ser-repatriados-a-sus-paises-no-a-mexico-sheinbaum\\\/\"},\"author\":{\"name\":\"admin\",\"@id\":\"https:\\\/\\\/ferabrajan.com\\\/portal\\\/#\\\/schema\\\/person\\\/f6113b3cb1e036d5c6a9505685b257ba\"},\"headline\":\"Migrantes de otras nacionalidades deben de ser repatriados a sus pa\u00edses, no a M\u00e9xico: Sheinbaum\",\"datePublished\":\"2024-12-24T14:59:46+00:00\",\"dateModified\":\"2024-12-24T14:59:53+00:00\",\"mainEntityOfPage\":{\"@id\":\"https:\\\/\\\/ferabrajan.com\\\/portal\\\/2024\\\/12\\\/24\\\/migrantes-de-otras-nacionalidades-deben-de-ser-repatriados-a-sus-paises-no-a-mexico-sheinbaum\\\/\"},\"wordCount\":237,\"publisher\":{\"@id\":\"https:\\\/\\\/ferabrajan.com\\\/portal\\\/#organization\"},\"image\":{\"@id\":\"https:\\\/\\\/ferabrajan.com\\\/portal\\\/2024\\\/12\\\/24\\\/migrantes-de-otras-nacionalidades-deben-de-ser-repatriados-a-sus-paises-no-a-mexico-sheinbaum\\\/#primaryimage\"},\"thumbnailUrl\":\"https:\\\/\\\/ferabrajan.com\\\/portal\\\/wp-content\\\/uploads\\\/2024\\\/12\\\/AA1wnHtM.jpg\",\"keywords\":[\"Claudia Sheinbaum\",\"Donald Trump\"],\"articleSection\":[\"Nacional\",\"Principal\"],\"inLanguage\":\"es\"},{\"@type\":\"WebPage\",\"@id\":\"https:\\\/\\\/ferabrajan.com\\\/portal\\\/2024\\\/12\\\/24\\\/migrantes-de-otras-nacionalidades-deben-de-ser-repatriados-a-sus-paises-no-a-mexico-sheinbaum\\\/\",\"url\":\"https:\\\/\\\/ferabrajan.com\\\/portal\\\/2024\\\/12\\\/24\\\/migrantes-de-otras-nacionalidades-deben-de-ser-repatriados-a-sus-paises-no-a-mexico-sheinbaum\\\/\",\"name\":\"Migrantes de otras nacionalidades deben de ser repatriados a sus pa\u00edses, no a M\u00e9xico: Sheinbaum - Fer Abrajan\",\"isPartOf\":{\"@id\":\"https:\\\/\\\/ferabrajan.com\\\/portal\\\/#website\"},\"primaryImageOfPage\":{\"@id\":\"https:\\\/\\\/ferabrajan.com\\\/portal\\\/2024\\\/12\\\/24\\\/migrantes-de-otras-nacionalidades-deben-de-ser-repatriados-a-sus-paises-no-a-mexico-sheinbaum\\\/#primaryimage\"},\"image\":{\"@id\":\"https:\\\/\\\/ferabrajan.com\\\/portal\\\/2024\\\/12\\\/24\\\/migrantes-de-otras-nacionalidades-deben-de-ser-repatriados-a-sus-paises-no-a-mexico-sheinbaum\\\/#primaryimage\"},\"thumbnailUrl\":\"https:\\\/\\\/ferabrajan.com\\\/portal\\\/wp-content\\\/uploads\\\/2024\\\/12\\\/AA1wnHtM.jpg\",\"datePublished\":\"2024-12-24T14:59:46+00:00\",\"dateModified\":\"2024-12-24T14:59:53+00:00\",\"description\":\"La mandataria federal garantiz\u00f3 que los connacionales en el pa\u00eds vecino contar\u00e1n con apoyo legal en los consulados y \\\"no los vamos a dejar solas, solos en ning\u00fan momento \\\"\",\"breadcrumb\":{\"@id\":\"https:\\\/\\\/ferabrajan.com\\\/portal\\\/2024\\\/12\\\/24\\\/migrantes-de-otras-nacionalidades-deben-de-ser-repatriados-a-sus-paises-no-a-mexico-sheinbaum\\\/#breadcrumb\"},\"inLanguage\":\"es\",\"potentialAction\":[{\"@type\":\"ReadAction\",\"target\":[\"https:\\\/\\\/ferabrajan.com\\\/portal\\\/2024\\\/12\\\/24\\\/migrantes-de-otras-nacionalidades-deben-de-ser-repatriados-a-sus-paises-no-a-mexico-sheinbaum\\\/\"]}]},{\"@type\":\"ImageObject\",\"inLanguage\":\"es\",\"@id\":\"https:\\\/\\\/ferabrajan.com\\\/portal\\\/2024\\\/12\\\/24\\\/migrantes-de-otras-nacionalidades-deben-de-ser-repatriados-a-sus-paises-no-a-mexico-sheinbaum\\\/#primaryimage\",\"url\":\"https:\\\/\\\/ferabrajan.com\\\/portal\\\/wp-content\\\/uploads\\\/2024\\\/12\\\/AA1wnHtM.jpg\",\"contentUrl\":\"https:\\\/\\\/ferabrajan.com\\\/portal\\\/wp-content\\\/uploads\\\/2024\\\/12\\\/AA1wnHtM.jpg\",\"width\":768,\"height\":473},{\"@type\":\"BreadcrumbList\",\"@id\":\"https:\\\/\\\/ferabrajan.com\\\/portal\\\/2024\\\/12\\\/24\\\/migrantes-de-otras-nacionalidades-deben-de-ser-repatriados-a-sus-paises-no-a-mexico-sheinbaum\\\/#breadcrumb\",\"itemListElement\":[{\"@type\":\"ListItem\",\"position\":1,\"name\":\"Portada\",\"item\":\"https:\\\/\\\/ferabrajan.com\\\/portal\\\/\"},{\"@type\":\"ListItem\",\"position\":2,\"name\":\"Migrantes de otras nacionalidades deben de ser repatriados a sus pa\u00edses, no a M\u00e9xico: Sheinbaum\"}]},{\"@type\":\"WebSite\",\"@id\":\"https:\\\/\\\/ferabrajan.com\\\/portal\\\/#website\",\"url\":\"https:\\\/\\\/ferabrajan.com\\\/portal\\\/\",\"name\":\"Fer Abrajan\",\"description\":\"Noticias de Puebla, opini\u00f3n y radio en vivo\",\"publisher\":{\"@id\":\"https:\\\/\\\/ferabrajan.com\\\/portal\\\/#organization\"},\"potentialAction\":[{\"@type\":\"SearchAction\",\"target\":{\"@type\":\"EntryPoint\",\"urlTemplate\":\"https:\\\/\\\/ferabrajan.com\\\/portal\\\/?s={search_term_string}\"},\"query-input\":{\"@type\":\"PropertyValueSpecification\",\"valueRequired\":true,\"valueName\":\"search_term_string\"}}],\"inLanguage\":\"es\"},{\"@type\":\"Organization\",\"@id\":\"https:\\\/\\\/ferabrajan.com\\\/portal\\\/#organization\",\"name\":\"Fer Abrajan\",\"url\":\"https:\\\/\\\/ferabrajan.com\\\/portal\\\/\",\"logo\":{\"@type\":\"ImageObject\",\"inLanguage\":\"es\",\"@id\":\"https:\\\/\\\/ferabrajan.com\\\/portal\\\/#\\\/schema\\\/logo\\\/image\\\/\",\"url\":\"https:\\\/\\\/ferabrajan.com\\\/portal\\\/wp-content\\\/uploads\\\/2024\\\/10\\\/cropped-logo.jpeg\",\"contentUrl\":\"https:\\\/\\\/ferabrajan.com\\\/portal\\\/wp-content\\\/uploads\\\/2024\\\/10\\\/cropped-logo.jpeg\",\"width\":500,\"height\":250,\"caption\":\"Fer Abrajan\"},\"image\":{\"@id\":\"https:\\\/\\\/ferabrajan.com\\\/portal\\\/#\\\/schema\\\/logo\\\/image\\\/\"},\"sameAs\":[\"https:\\\/\\\/www.facebook.com\\\/NoticiasconFerAbrajan\\\/\",\"https:\\\/\\\/x.com\\\/ferabrajan1\"]},{\"@type\":\"Person\",\"@id\":\"https:\\\/\\\/ferabrajan.com\\\/portal\\\/#\\\/schema\\\/person\\\/f6113b3cb1e036d5c6a9505685b257ba\",\"name\":\"admin\",\"image\":{\"@type\":\"ImageObject\",\"inLanguage\":\"es\",\"@id\":\"https:\\\/\\\/secure.gravatar.com\\\/avatar\\\/072baa72775aad53c748dfc5d3048578e01b6c087eef335459ebfa04344e2d18?s=96&d=mm&r=g\",\"url\":\"https:\\\/\\\/secure.gravatar.com\\\/avatar\\\/072baa72775aad53c748dfc5d3048578e01b6c087eef335459ebfa04344e2d18?s=96&d=mm&r=g\",\"contentUrl\":\"https:\\\/\\\/secure.gravatar.com\\\/avatar\\\/072baa72775aad53c748dfc5d3048578e01b6c087eef335459ebfa04344e2d18?s=96&d=mm&r=g\",\"caption\":\"admin\"},\"sameAs\":[\"https:\\\/\\\/ferabrajan.com\\\/portal\"],\"url\":\"https:\\\/\\\/ferabrajan.com\\\/portal\\\/author\\\/admin\\\/\"}]}<\/script>\n<!-- \/ Yoast SEO plugin. -->","yoast_head_json":{"title":"Migrantes de otras nacionalidades deben de ser repatriados a sus pa\u00edses, no a M\u00e9xico: Sheinbaum - Fer Abrajan","description":"La mandataria federal garantiz\u00f3 que los connacionales en el pa\u00eds vecino contar\u00e1n con apoyo legal en los consulados y \"no los vamos a dejar solas, solos en ning\u00fan momento \"","robots":{"index":"index","follow":"follow","max-snippet":"max-snippet:-1","max-image-preview":"max-image-preview:large","max-video-preview":"max-video-preview:-1"},"canonical":"https:\/\/ferabrajan.com\/portal\/2024\/12\/24\/migrantes-de-otras-nacionalidades-deben-de-ser-repatriados-a-sus-paises-no-a-mexico-sheinbaum\/","og_locale":"es_ES","og_type":"article","og_title":"Migrantes de otras nacionalidades deben de ser repatriados a sus pa\u00edses, no a M\u00e9xico: Sheinbaum - Fer Abrajan","og_description":"La mandataria federal garantiz\u00f3 que los connacionales en el pa\u00eds vecino contar\u00e1n con apoyo legal en los consulados y \"no los vamos a dejar solas, solos en ning\u00fan momento \"","og_url":"https:\/\/ferabrajan.com\/portal\/2024\/12\/24\/migrantes-de-otras-nacionalidades-deben-de-ser-repatriados-a-sus-paises-no-a-mexico-sheinbaum\/","og_site_name":"Fer Abrajan","article_publisher":"https:\/\/www.facebook.com\/NoticiasconFerAbrajan\/","article_published_time":"2024-12-24T14:59:46+00:00","article_modified_time":"2024-12-24T14:59:53+00:00","og_image":[{"width":768,"height":473,"url":"https:\/\/ferabrajan.com\/portal\/wp-content\/uploads\/2024\/12\/AA1wnHtM.jpg","type":"image\/jpeg"}],"author":"admin","twitter_card":"summary_large_image","twitter_creator":"@ferabrajan1","twitter_site":"@ferabrajan1","twitter_misc":{"Escrito por":"admin","Tiempo de lectura":"1 minuto"},"schema":{"@context":"https:\/\/schema.org","@graph":[{"@type":"Article","@id":"https:\/\/ferabrajan.com\/portal\/2024\/12\/24\/migrantes-de-otras-nacionalidades-deben-de-ser-repatriados-a-sus-paises-no-a-mexico-sheinbaum\/#article","isPartOf":{"@id":"https:\/\/ferabrajan.com\/portal\/2024\/12\/24\/migrantes-de-otras-nacionalidades-deben-de-ser-repatriados-a-sus-paises-no-a-mexico-sheinbaum\/"},"author":{"name":"admin","@id":"https:\/\/ferabrajan.com\/portal\/#\/schema\/person\/f6113b3cb1e036d5c6a9505685b257ba"},"headline":"Migrantes de otras nacionalidades deben de ser repatriados a sus pa\u00edses, no a M\u00e9xico: Sheinbaum","datePublished":"2024-12-24T14:59:46+00:00","dateModified":"2024-12-24T14:59:53+00:00","mainEntityOfPage":{"@id":"https:\/\/ferabrajan.com\/portal\/2024\/12\/24\/migrantes-de-otras-nacionalidades-deben-de-ser-repatriados-a-sus-paises-no-a-mexico-sheinbaum\/"},"wordCount":237,"publisher":{"@id":"https:\/\/ferabrajan.com\/portal\/#organization"},"image":{"@id":"https:\/\/ferabrajan.com\/portal\/2024\/12\/24\/migrantes-de-otras-nacionalidades-deben-de-ser-repatriados-a-sus-paises-no-a-mexico-sheinbaum\/#primaryimage"},"thumbnailUrl":"https:\/\/ferabrajan.com\/portal\/wp-content\/uploads\/2024\/12\/AA1wnHtM.jpg","keywords":["Claudia Sheinbaum","Donald Trump"],"articleSection":["Nacional","Principal"],"inLanguage":"es"},{"@type":"WebPage","@id":"https:\/\/ferabrajan.com\/portal\/2024\/12\/24\/migrantes-de-otras-nacionalidades-deben-de-ser-repatriados-a-sus-paises-no-a-mexico-sheinbaum\/","url":"https:\/\/ferabrajan.com\/portal\/2024\/12\/24\/migrantes-de-otras-nacionalidades-deben-de-ser-repatriados-a-sus-paises-no-a-mexico-sheinbaum\/","name":"Migrantes de otras nacionalidades deben de ser repatriados a sus pa\u00edses, no a M\u00e9xico: Sheinbaum - Fer Abrajan","isPartOf":{"@id":"https:\/\/ferabrajan.com\/portal\/#website"},"primaryImageOfPage":{"@id":"https:\/\/ferabrajan.com\/portal\/2024\/12\/24\/migrantes-de-otras-nacionalidades-deben-de-ser-repatriados-a-sus-paises-no-a-mexico-sheinbaum\/#primaryimage"},"image":{"@id":"https:\/\/ferabrajan.com\/portal\/2024\/12\/24\/migrantes-de-otras-nacionalidades-deben-de-ser-repatriados-a-sus-paises-no-a-mexico-sheinbaum\/#primaryimage"},"thumbnailUrl":"https:\/\/ferabrajan.com\/portal\/wp-content\/uploads\/2024\/12\/AA1wnHtM.jpg","datePublished":"2024-12-24T14:59:46+00:00","dateModified":"2024-12-24T14:59:53+00:00","description":"La mandataria federal garantiz\u00f3 que los connacionales en el pa\u00eds vecino contar\u00e1n con apoyo legal en los consulados y \"no los vamos a dejar solas, solos en ning\u00fan momento \"","breadcrumb":{"@id":"https:\/\/ferabrajan.com\/portal\/2024\/12\/24\/migrantes-de-otras-nacionalidades-deben-de-ser-repatriados-a-sus-paises-no-a-mexico-sheinbaum\/#breadcrumb"},"inLanguage":"es","potentialAction":[{"@type":"ReadAction","target":["https:\/\/ferabrajan.com\/portal\/2024\/12\/24\/migrantes-de-otras-nacionalidades-deben-de-ser-repatriados-a-sus-paises-no-a-mexico-sheinbaum\/"]}]},{"@type":"ImageObject","inLanguage":"es","@id":"https:\/\/ferabrajan.com\/portal\/2024\/12\/24\/migrantes-de-otras-nacionalidades-deben-de-ser-repatriados-a-sus-paises-no-a-mexico-sheinbaum\/#primaryimage","url":"https:\/\/ferabrajan.com\/portal\/wp-content\/uploads\/2024\/12\/AA1wnHtM.jpg","contentUrl":"https:\/\/ferabrajan.com\/portal\/wp-content\/uploads\/2024\/12\/AA1wnHtM.jpg","width":768,"height":473},{"@type":"BreadcrumbList","@id":"https:\/\/ferabrajan.com\/portal\/2024\/12\/24\/migrantes-de-otras-nacionalidades-deben-de-ser-repatriados-a-sus-paises-no-a-mexico-sheinbaum\/#breadcrumb","itemListElement":[{"@type":"ListItem","position":1,"name":"Portada","item":"https:\/\/ferabrajan.com\/portal\/"},{"@type":"ListItem","position":2,"name":"Migrantes de otras nacionalidades deben de ser repatriados a sus pa\u00edses, no a M\u00e9xico: Sheinbaum"}]},{"@type":"WebSite","@id":"https:\/\/ferabrajan.com\/portal\/#website","url":"https:\/\/ferabrajan.com\/portal\/","name":"Fer Abrajan","description":"Noticias de Puebla, opini\u00f3n y radio en vivo","publisher":{"@id":"https:\/\/ferabrajan.com\/portal\/#organization"},"potentialAction":[{"@type":"SearchAction","target":{"@type":"EntryPoint","urlTemplate":"https:\/\/ferabrajan.com\/portal\/?s={search_term_string}"},"query-input":{"@type":"PropertyValueSpecification","valueRequired":true,"valueName":"search_term_string"}}],"inLanguage":"es"},{"@type":"Organization","@id":"https:\/\/ferabrajan.com\/portal\/#organization","name":"Fer Abrajan","url":"https:\/\/ferabrajan.com\/portal\/","logo":{"@type":"ImageObject","inLanguage":"es","@id":"https:\/\/ferabrajan.com\/portal\/#\/schema\/logo\/image\/","url":"https:\/\/ferabrajan.com\/portal\/wp-content\/uploads\/2024\/10\/cropped-logo.jpeg","contentUrl":"https:\/\/ferabrajan.com\/portal\/wp-content\/uploads\/2024\/10\/cropped-logo.jpeg","width":500,"height":250,"caption":"Fer Abrajan"},"image":{"@id":"https:\/\/ferabrajan.com\/portal\/#\/schema\/logo\/image\/"},"sameAs":["https:\/\/www.facebook.com\/NoticiasconFerAbrajan\/","https:\/\/x.com\/ferabrajan1"]},{"@type":"Person","@id":"https:\/\/ferabrajan.com\/portal\/#\/schema\/person\/f6113b3cb1e036d5c6a9505685b257ba","name":"admin","image":{"@type":"ImageObject","inLanguage":"es","@id":"https:\/\/secure.gravatar.com\/avatar\/072baa72775aad53c748dfc5d3048578e01b6c087eef335459ebfa04344e2d18?s=96&d=mm&r=g","url":"https:\/\/secure.gravatar.com\/avatar\/072baa72775aad53c748dfc5d3048578e01b6c087eef335459ebfa04344e2d18?s=96&d=mm&r=g","contentUrl":"https:\/\/secure.gravatar.com\/avatar\/072baa72775aad53c748dfc5d3048578e01b6c087eef335459ebfa04344e2d18?s=96&d=mm&r=g","caption":"admin"},"sameAs":["https:\/\/ferabrajan.com\/portal"],"url":"https:\/\/ferabrajan.com\/portal\/author\/admin\/"}]}},"_links":{"self":[{"href":"https:\/\/ferabrajan.com\/portal\/wp-json\/wp\/v2\/posts\/67428","targetHints":{"allow":["GET"]}}],"collection":[{"href":"https:\/\/ferabrajan.com\/portal\/wp-json\/wp\/v2\/posts"}],"about":[{"href":"https:\/\/ferabrajan.com\/portal\/wp-json\/wp\/v2\/types\/post"}],"author":[{"embeddable":true,"href":"https:\/\/ferabrajan.com\/portal\/wp-json\/wp\/v2\/users\/1"}],"replies":[{"embeddable":true,"href":"https:\/\/ferabrajan.com\/portal\/wp-json\/wp\/v2\/comments?post=67428"}],"version-history":[{"count":0,"href":"https:\/\/ferabrajan.com\/portal\/wp-json\/wp\/v2\/posts\/67428\/revisions"}],"wp:featuredmedia":[{"embeddable":true,"href":"https:\/\/ferabrajan.com\/portal\/wp-json\/wp\/v2\/media\/67429"}],"wp:attachment":[{"href":"https:\/\/ferabrajan.com\/portal\/wp-json\/wp\/v2\/media?parent=67428"}],"wp:term":[{"taxonomy":"category","embeddable":true,"href":"https:\/\/ferabrajan.com\/portal\/wp-json\/wp\/v2\/categories?post=67428"},{"taxonomy":"post_tag","embeddable":true,"href":"https:\/\/ferabrajan.com\/portal\/wp-json\/wp\/v2\/tags?post=67428"}],"curies":[{"name":"wp","href":"https:\/\/api.w.org\/{rel}","templated":true}]}}