{"id":67070,"date":"2024-12-10T15:49:09","date_gmt":"2024-12-10T15:49:09","guid":{"rendered":"https:\/\/ferabrajan.com\/portal\/?p=67070"},"modified":"2024-12-10T15:59:27","modified_gmt":"2024-12-10T15:59:27","slug":"inhibe-gobierno-estatal-venta-ilegal-de-pirotecnia","status":"publish","type":"post","link":"https:\/\/ferabrajan.com\/portal\/2024\/12\/10\/inhibe-gobierno-estatal-venta-ilegal-de-pirotecnia\/","title":{"rendered":"Inhibe gobierno estatal venta ilegal de pirotecnia"},"content":{"rendered":"\n<p class=\"wp-block-paragraph\">Como parte de las acciones que impulsa el gobierno presente de Sergio Salom\u00f3n para reducir escenarios que pongan en peligro la integridad de las y los poblanos, la Secretar\u00eda de Gobernaci\u00f3n (SEGOB), a trav\u00e9s de la Coordinaci\u00f3n General de Protecci\u00f3n Civil y Gesti\u00f3n del Riesgo de Desastres, llev\u00f3 a cabo operativos preventivos de venta irregular de pirotecnia en nueve municipios de la entidad, donde fueron decomisados 144 kilogramos de producto terminado.&nbsp;<\/p>\n\n\n\n<p class=\"wp-block-paragraph\">En sinergia con dependencias federales, estatales y municipales, la Coordinaci\u00f3n inspeccion\u00f3 diversos puntos de venta no autorizados de dicho material explosivo al p\u00fablico, como parte del plan que integra el Sistema Estatal de Protecci\u00f3n Civil, donde el producto incautado fue destruido sin incidentes.<\/p>\n\n\n\n<figure class=\"wp-block-gallery has-nested-images columns-default is-cropped wp-block-gallery-1 is-layout-flex wp-block-gallery-is-layout-flex\">\n<figure class=\"wp-block-image size-large\"><img fetchpriority=\"high\" decoding=\"async\" width=\"1024\" height=\"934\" data-id=\"67071\" src=\"https:\/\/ferabrajan.com\/portal\/wp-content\/uploads\/2024\/12\/3_Inhibe_gobierno_estatal_venta_ilegal_de_pirotecnia-1024x934.jpeg\" alt=\"\" class=\"wp-image-67071\" srcset=\"https:\/\/ferabrajan.com\/portal\/wp-content\/uploads\/2024\/12\/3_Inhibe_gobierno_estatal_venta_ilegal_de_pirotecnia-1024x934.jpeg 1024w, https:\/\/ferabrajan.com\/portal\/wp-content\/uploads\/2024\/12\/3_Inhibe_gobierno_estatal_venta_ilegal_de_pirotecnia-300x274.jpeg 300w, https:\/\/ferabrajan.com\/portal\/wp-content\/uploads\/2024\/12\/3_Inhibe_gobierno_estatal_venta_ilegal_de_pirotecnia-768x701.jpeg 768w, https:\/\/ferabrajan.com\/portal\/wp-content\/uploads\/2024\/12\/3_Inhibe_gobierno_estatal_venta_ilegal_de_pirotecnia.jpeg 1200w\" sizes=\"(max-width: 1024px) 100vw, 1024px\" \/><\/figure>\n<\/figure>\n\n\n\n<p class=\"wp-block-paragraph\">En dichos operativos participaron elementos de las secretar\u00edas de la Defensa Nacional y de la Marina, as\u00ed como Polic\u00eda Estatal Preventiva, Polic\u00eda Estatal Bomberos, Protecci\u00f3n Civil y Seguridad P\u00fablica de los municipios de Tepeojuma, Santo Tom\u00e1s Hueyotlipan, Huehuetla, Xiutetelco, Zacapoaxtla, Chiautla de Tapia, Zacatl\u00e1n, San Mart\u00edn Texmelucan y Huejotzingo.&nbsp;<\/p>\n\n\n\n<p class=\"wp-block-paragraph\">El gobierno de Puebla exhorta a la poblaci\u00f3n a evitar el uso de pirotecnia, as\u00ed como a reportar a cualquier establecimiento que incurra en irregularidades en la materia al n\u00famero de emergencias 911 o hacer una llamada an\u00f3nima al 089, ya que el mal uso puede provocar lesiones graves o incluso p\u00e9rdidas humanas.<\/p>\n","protected":false},"excerpt":{"rendered":"<p>Con operativos en nueve municipios, la Coordinaci\u00f3n General de Protecci\u00f3n Civil y Gesti\u00f3n del Riesgo de Desastres decomis\u00f3 144 kilogramos de producto terminado<\/p>\n","protected":false},"author":4,"featured_media":67072,"comment_status":"closed","ping_status":"closed","sticky":false,"template":"","format":"standard","meta":{"_monsterinsights_skip_tracking":false,"_uf_show_specific_survey":0,"_uf_disable_surveys":false,"footnotes":""},"categories":[53,585,34],"tags":[2098],"class_list":["post-67070","post","type-post","status-publish","format-standard","has-post-thumbnail","hentry","category-local","category-principal","category-puebla","tag-segiridad"],"yoast_head":"<!-- This site is optimized with the Yoast SEO plugin v27.5 - https:\/\/yoast.com\/product\/yoast-seo-wordpress\/ -->\n<title>Inhibe gobierno estatal venta ilegal de pirotecnia - Fer Abrajan<\/title>\n<meta name=\"description\" content=\"Con operativos en nueve municipios, la Coordinaci\u00f3n General de Protecci\u00f3n Civil y Gesti\u00f3n del Riesgo de Desastres decomis\u00f3 144 kilogramos de producto terminado\" \/>\n<meta name=\"robots\" content=\"index, follow, max-snippet:-1, max-image-preview:large, max-video-preview:-1\" \/>\n<link rel=\"canonical\" href=\"https:\/\/ferabrajan.com\/portal\/2024\/12\/10\/inhibe-gobierno-estatal-venta-ilegal-de-pirotecnia\/\" \/>\n<meta property=\"og:locale\" content=\"es_ES\" \/>\n<meta property=\"og:type\" content=\"article\" \/>\n<meta property=\"og:title\" content=\"Inhibe gobierno estatal venta ilegal de pirotecnia - Fer Abrajan\" \/>\n<meta property=\"og:description\" content=\"Con operativos en nueve municipios, la Coordinaci\u00f3n General de Protecci\u00f3n Civil y Gesti\u00f3n del Riesgo de Desastres decomis\u00f3 144 kilogramos de producto terminado\" \/>\n<meta property=\"og:url\" content=\"https:\/\/ferabrajan.com\/portal\/2024\/12\/10\/inhibe-gobierno-estatal-venta-ilegal-de-pirotecnia\/\" \/>\n<meta property=\"og:site_name\" content=\"Fer Abrajan\" \/>\n<meta property=\"article:publisher\" content=\"https:\/\/www.facebook.com\/NoticiasconFerAbrajan\/\" \/>\n<meta property=\"article:published_time\" content=\"2024-12-10T15:49:09+00:00\" \/>\n<meta property=\"article:modified_time\" content=\"2024-12-10T15:59:27+00:00\" \/>\n<meta property=\"og:image\" content=\"https:\/\/ferabrajan.com\/portal\/wp-content\/uploads\/2024\/12\/2_Inhibe_gobierno_estatal_venta_ilegal_de_pirotecnia.jpeg\" \/>\n\t<meta property=\"og:image:width\" content=\"1040\" \/>\n\t<meta property=\"og:image:height\" content=\"780\" \/>\n\t<meta property=\"og:image:type\" content=\"image\/jpeg\" \/>\n<meta name=\"author\" content=\"Ismael Rojas\" \/>\n<meta name=\"twitter:card\" content=\"summary_large_image\" \/>\n<meta name=\"twitter:creator\" content=\"@ferabrajan1\" \/>\n<meta name=\"twitter:site\" content=\"@ferabrajan1\" \/>\n<meta name=\"twitter:label1\" content=\"Escrito por\" \/>\n\t<meta name=\"twitter:data1\" content=\"Ismael Rojas\" \/>\n\t<meta name=\"twitter:label2\" content=\"Tiempo de lectura\" \/>\n\t<meta name=\"twitter:data2\" content=\"2 minutos\" \/>\n<script type=\"application\/ld+json\" class=\"yoast-schema-graph\">{\"@context\":\"https:\\\/\\\/schema.org\",\"@graph\":[{\"@type\":\"Article\",\"@id\":\"https:\\\/\\\/ferabrajan.com\\\/portal\\\/2024\\\/12\\\/10\\\/inhibe-gobierno-estatal-venta-ilegal-de-pirotecnia\\\/#article\",\"isPartOf\":{\"@id\":\"https:\\\/\\\/ferabrajan.com\\\/portal\\\/2024\\\/12\\\/10\\\/inhibe-gobierno-estatal-venta-ilegal-de-pirotecnia\\\/\"},\"author\":{\"name\":\"Ismael Rojas\",\"@id\":\"https:\\\/\\\/ferabrajan.com\\\/portal\\\/#\\\/schema\\\/person\\\/83ed4fff5d7e4c8edf481fa39f71acb2\"},\"headline\":\"Inhibe gobierno estatal venta ilegal de pirotecnia\",\"datePublished\":\"2024-12-10T15:49:09+00:00\",\"dateModified\":\"2024-12-10T15:59:27+00:00\",\"mainEntityOfPage\":{\"@id\":\"https:\\\/\\\/ferabrajan.com\\\/portal\\\/2024\\\/12\\\/10\\\/inhibe-gobierno-estatal-venta-ilegal-de-pirotecnia\\\/\"},\"wordCount\":244,\"publisher\":{\"@id\":\"https:\\\/\\\/ferabrajan.com\\\/portal\\\/#organization\"},\"image\":{\"@id\":\"https:\\\/\\\/ferabrajan.com\\\/portal\\\/2024\\\/12\\\/10\\\/inhibe-gobierno-estatal-venta-ilegal-de-pirotecnia\\\/#primaryimage\"},\"thumbnailUrl\":\"https:\\\/\\\/ferabrajan.com\\\/portal\\\/wp-content\\\/uploads\\\/2024\\\/12\\\/2_Inhibe_gobierno_estatal_venta_ilegal_de_pirotecnia.jpeg\",\"keywords\":[\"segiridad\"],\"articleSection\":[\"Local\",\"Principal\",\"Puebla\"],\"inLanguage\":\"es\"},{\"@type\":\"WebPage\",\"@id\":\"https:\\\/\\\/ferabrajan.com\\\/portal\\\/2024\\\/12\\\/10\\\/inhibe-gobierno-estatal-venta-ilegal-de-pirotecnia\\\/\",\"url\":\"https:\\\/\\\/ferabrajan.com\\\/portal\\\/2024\\\/12\\\/10\\\/inhibe-gobierno-estatal-venta-ilegal-de-pirotecnia\\\/\",\"name\":\"Inhibe gobierno estatal venta ilegal de pirotecnia - Fer Abrajan\",\"isPartOf\":{\"@id\":\"https:\\\/\\\/ferabrajan.com\\\/portal\\\/#website\"},\"primaryImageOfPage\":{\"@id\":\"https:\\\/\\\/ferabrajan.com\\\/portal\\\/2024\\\/12\\\/10\\\/inhibe-gobierno-estatal-venta-ilegal-de-pirotecnia\\\/#primaryimage\"},\"image\":{\"@id\":\"https:\\\/\\\/ferabrajan.com\\\/portal\\\/2024\\\/12\\\/10\\\/inhibe-gobierno-estatal-venta-ilegal-de-pirotecnia\\\/#primaryimage\"},\"thumbnailUrl\":\"https:\\\/\\\/ferabrajan.com\\\/portal\\\/wp-content\\\/uploads\\\/2024\\\/12\\\/2_Inhibe_gobierno_estatal_venta_ilegal_de_pirotecnia.jpeg\",\"datePublished\":\"2024-12-10T15:49:09+00:00\",\"dateModified\":\"2024-12-10T15:59:27+00:00\",\"description\":\"Con operativos en nueve municipios, la Coordinaci\u00f3n General de Protecci\u00f3n Civil y Gesti\u00f3n del Riesgo de Desastres decomis\u00f3 144 kilogramos de producto terminado\",\"breadcrumb\":{\"@id\":\"https:\\\/\\\/ferabrajan.com\\\/portal\\\/2024\\\/12\\\/10\\\/inhibe-gobierno-estatal-venta-ilegal-de-pirotecnia\\\/#breadcrumb\"},\"inLanguage\":\"es\",\"potentialAction\":[{\"@type\":\"ReadAction\",\"target\":[\"https:\\\/\\\/ferabrajan.com\\\/portal\\\/2024\\\/12\\\/10\\\/inhibe-gobierno-estatal-venta-ilegal-de-pirotecnia\\\/\"]}]},{\"@type\":\"ImageObject\",\"inLanguage\":\"es\",\"@id\":\"https:\\\/\\\/ferabrajan.com\\\/portal\\\/2024\\\/12\\\/10\\\/inhibe-gobierno-estatal-venta-ilegal-de-pirotecnia\\\/#primaryimage\",\"url\":\"https:\\\/\\\/ferabrajan.com\\\/portal\\\/wp-content\\\/uploads\\\/2024\\\/12\\\/2_Inhibe_gobierno_estatal_venta_ilegal_de_pirotecnia.jpeg\",\"contentUrl\":\"https:\\\/\\\/ferabrajan.com\\\/portal\\\/wp-content\\\/uploads\\\/2024\\\/12\\\/2_Inhibe_gobierno_estatal_venta_ilegal_de_pirotecnia.jpeg\",\"width\":1040,\"height\":780},{\"@type\":\"BreadcrumbList\",\"@id\":\"https:\\\/\\\/ferabrajan.com\\\/portal\\\/2024\\\/12\\\/10\\\/inhibe-gobierno-estatal-venta-ilegal-de-pirotecnia\\\/#breadcrumb\",\"itemListElement\":[{\"@type\":\"ListItem\",\"position\":1,\"name\":\"Portada\",\"item\":\"https:\\\/\\\/ferabrajan.com\\\/portal\\\/\"},{\"@type\":\"ListItem\",\"position\":2,\"name\":\"Inhibe gobierno estatal venta ilegal de pirotecnia\"}]},{\"@type\":\"WebSite\",\"@id\":\"https:\\\/\\\/ferabrajan.com\\\/portal\\\/#website\",\"url\":\"https:\\\/\\\/ferabrajan.com\\\/portal\\\/\",\"name\":\"Fer Abrajan\",\"description\":\"Noticias de Puebla, opini\u00f3n y radio en vivo\",\"publisher\":{\"@id\":\"https:\\\/\\\/ferabrajan.com\\\/portal\\\/#organization\"},\"potentialAction\":[{\"@type\":\"SearchAction\",\"target\":{\"@type\":\"EntryPoint\",\"urlTemplate\":\"https:\\\/\\\/ferabrajan.com\\\/portal\\\/?s={search_term_string}\"},\"query-input\":{\"@type\":\"PropertyValueSpecification\",\"valueRequired\":true,\"valueName\":\"search_term_string\"}}],\"inLanguage\":\"es\"},{\"@type\":\"Organization\",\"@id\":\"https:\\\/\\\/ferabrajan.com\\\/portal\\\/#organization\",\"name\":\"Fer Abrajan\",\"url\":\"https:\\\/\\\/ferabrajan.com\\\/portal\\\/\",\"logo\":{\"@type\":\"ImageObject\",\"inLanguage\":\"es\",\"@id\":\"https:\\\/\\\/ferabrajan.com\\\/portal\\\/#\\\/schema\\\/logo\\\/image\\\/\",\"url\":\"https:\\\/\\\/ferabrajan.com\\\/portal\\\/wp-content\\\/uploads\\\/2024\\\/10\\\/cropped-logo.jpeg\",\"contentUrl\":\"https:\\\/\\\/ferabrajan.com\\\/portal\\\/wp-content\\\/uploads\\\/2024\\\/10\\\/cropped-logo.jpeg\",\"width\":500,\"height\":250,\"caption\":\"Fer Abrajan\"},\"image\":{\"@id\":\"https:\\\/\\\/ferabrajan.com\\\/portal\\\/#\\\/schema\\\/logo\\\/image\\\/\"},\"sameAs\":[\"https:\\\/\\\/www.facebook.com\\\/NoticiasconFerAbrajan\\\/\",\"https:\\\/\\\/x.com\\\/ferabrajan1\"]},{\"@type\":\"Person\",\"@id\":\"https:\\\/\\\/ferabrajan.com\\\/portal\\\/#\\\/schema\\\/person\\\/83ed4fff5d7e4c8edf481fa39f71acb2\",\"name\":\"Ismael Rojas\",\"image\":{\"@type\":\"ImageObject\",\"inLanguage\":\"es\",\"@id\":\"https:\\\/\\\/secure.gravatar.com\\\/avatar\\\/e4a9cb58548fedeb6143fa536c79b44c34454539235177c55c5819d74963e9d6?s=96&d=mm&r=g\",\"url\":\"https:\\\/\\\/secure.gravatar.com\\\/avatar\\\/e4a9cb58548fedeb6143fa536c79b44c34454539235177c55c5819d74963e9d6?s=96&d=mm&r=g\",\"contentUrl\":\"https:\\\/\\\/secure.gravatar.com\\\/avatar\\\/e4a9cb58548fedeb6143fa536c79b44c34454539235177c55c5819d74963e9d6?s=96&d=mm&r=g\",\"caption\":\"Ismael Rojas\"},\"url\":\"https:\\\/\\\/ferabrajan.com\\\/portal\\\/author\\\/ismael\\\/\"}]}<\/script>\n<!-- \/ Yoast SEO plugin. -->","yoast_head_json":{"title":"Inhibe gobierno estatal venta ilegal de pirotecnia - Fer Abrajan","description":"Con operativos en nueve municipios, la Coordinaci\u00f3n General de Protecci\u00f3n Civil y Gesti\u00f3n del Riesgo de Desastres decomis\u00f3 144 kilogramos de producto terminado","robots":{"index":"index","follow":"follow","max-snippet":"max-snippet:-1","max-image-preview":"max-image-preview:large","max-video-preview":"max-video-preview:-1"},"canonical":"https:\/\/ferabrajan.com\/portal\/2024\/12\/10\/inhibe-gobierno-estatal-venta-ilegal-de-pirotecnia\/","og_locale":"es_ES","og_type":"article","og_title":"Inhibe gobierno estatal venta ilegal de pirotecnia - Fer Abrajan","og_description":"Con operativos en nueve municipios, la Coordinaci\u00f3n General de Protecci\u00f3n Civil y Gesti\u00f3n del Riesgo de Desastres decomis\u00f3 144 kilogramos de producto terminado","og_url":"https:\/\/ferabrajan.com\/portal\/2024\/12\/10\/inhibe-gobierno-estatal-venta-ilegal-de-pirotecnia\/","og_site_name":"Fer Abrajan","article_publisher":"https:\/\/www.facebook.com\/NoticiasconFerAbrajan\/","article_published_time":"2024-12-10T15:49:09+00:00","article_modified_time":"2024-12-10T15:59:27+00:00","og_image":[{"width":1040,"height":780,"url":"https:\/\/ferabrajan.com\/portal\/wp-content\/uploads\/2024\/12\/2_Inhibe_gobierno_estatal_venta_ilegal_de_pirotecnia.jpeg","type":"image\/jpeg"}],"author":"Ismael Rojas","twitter_card":"summary_large_image","twitter_creator":"@ferabrajan1","twitter_site":"@ferabrajan1","twitter_misc":{"Escrito por":"Ismael Rojas","Tiempo de lectura":"2 minutos"},"schema":{"@context":"https:\/\/schema.org","@graph":[{"@type":"Article","@id":"https:\/\/ferabrajan.com\/portal\/2024\/12\/10\/inhibe-gobierno-estatal-venta-ilegal-de-pirotecnia\/#article","isPartOf":{"@id":"https:\/\/ferabrajan.com\/portal\/2024\/12\/10\/inhibe-gobierno-estatal-venta-ilegal-de-pirotecnia\/"},"author":{"name":"Ismael Rojas","@id":"https:\/\/ferabrajan.com\/portal\/#\/schema\/person\/83ed4fff5d7e4c8edf481fa39f71acb2"},"headline":"Inhibe gobierno estatal venta ilegal de pirotecnia","datePublished":"2024-12-10T15:49:09+00:00","dateModified":"2024-12-10T15:59:27+00:00","mainEntityOfPage":{"@id":"https:\/\/ferabrajan.com\/portal\/2024\/12\/10\/inhibe-gobierno-estatal-venta-ilegal-de-pirotecnia\/"},"wordCount":244,"publisher":{"@id":"https:\/\/ferabrajan.com\/portal\/#organization"},"image":{"@id":"https:\/\/ferabrajan.com\/portal\/2024\/12\/10\/inhibe-gobierno-estatal-venta-ilegal-de-pirotecnia\/#primaryimage"},"thumbnailUrl":"https:\/\/ferabrajan.com\/portal\/wp-content\/uploads\/2024\/12\/2_Inhibe_gobierno_estatal_venta_ilegal_de_pirotecnia.jpeg","keywords":["segiridad"],"articleSection":["Local","Principal","Puebla"],"inLanguage":"es"},{"@type":"WebPage","@id":"https:\/\/ferabrajan.com\/portal\/2024\/12\/10\/inhibe-gobierno-estatal-venta-ilegal-de-pirotecnia\/","url":"https:\/\/ferabrajan.com\/portal\/2024\/12\/10\/inhibe-gobierno-estatal-venta-ilegal-de-pirotecnia\/","name":"Inhibe gobierno estatal venta ilegal de pirotecnia - Fer Abrajan","isPartOf":{"@id":"https:\/\/ferabrajan.com\/portal\/#website"},"primaryImageOfPage":{"@id":"https:\/\/ferabrajan.com\/portal\/2024\/12\/10\/inhibe-gobierno-estatal-venta-ilegal-de-pirotecnia\/#primaryimage"},"image":{"@id":"https:\/\/ferabrajan.com\/portal\/2024\/12\/10\/inhibe-gobierno-estatal-venta-ilegal-de-pirotecnia\/#primaryimage"},"thumbnailUrl":"https:\/\/ferabrajan.com\/portal\/wp-content\/uploads\/2024\/12\/2_Inhibe_gobierno_estatal_venta_ilegal_de_pirotecnia.jpeg","datePublished":"2024-12-10T15:49:09+00:00","dateModified":"2024-12-10T15:59:27+00:00","description":"Con operativos en nueve municipios, la Coordinaci\u00f3n General de Protecci\u00f3n Civil y Gesti\u00f3n del Riesgo de Desastres decomis\u00f3 144 kilogramos de producto terminado","breadcrumb":{"@id":"https:\/\/ferabrajan.com\/portal\/2024\/12\/10\/inhibe-gobierno-estatal-venta-ilegal-de-pirotecnia\/#breadcrumb"},"inLanguage":"es","potentialAction":[{"@type":"ReadAction","target":["https:\/\/ferabrajan.com\/portal\/2024\/12\/10\/inhibe-gobierno-estatal-venta-ilegal-de-pirotecnia\/"]}]},{"@type":"ImageObject","inLanguage":"es","@id":"https:\/\/ferabrajan.com\/portal\/2024\/12\/10\/inhibe-gobierno-estatal-venta-ilegal-de-pirotecnia\/#primaryimage","url":"https:\/\/ferabrajan.com\/portal\/wp-content\/uploads\/2024\/12\/2_Inhibe_gobierno_estatal_venta_ilegal_de_pirotecnia.jpeg","contentUrl":"https:\/\/ferabrajan.com\/portal\/wp-content\/uploads\/2024\/12\/2_Inhibe_gobierno_estatal_venta_ilegal_de_pirotecnia.jpeg","width":1040,"height":780},{"@type":"BreadcrumbList","@id":"https:\/\/ferabrajan.com\/portal\/2024\/12\/10\/inhibe-gobierno-estatal-venta-ilegal-de-pirotecnia\/#breadcrumb","itemListElement":[{"@type":"ListItem","position":1,"name":"Portada","item":"https:\/\/ferabrajan.com\/portal\/"},{"@type":"ListItem","position":2,"name":"Inhibe gobierno estatal venta ilegal de pirotecnia"}]},{"@type":"WebSite","@id":"https:\/\/ferabrajan.com\/portal\/#website","url":"https:\/\/ferabrajan.com\/portal\/","name":"Fer Abrajan","description":"Noticias de Puebla, opini\u00f3n y radio en vivo","publisher":{"@id":"https:\/\/ferabrajan.com\/portal\/#organization"},"potentialAction":[{"@type":"SearchAction","target":{"@type":"EntryPoint","urlTemplate":"https:\/\/ferabrajan.com\/portal\/?s={search_term_string}"},"query-input":{"@type":"PropertyValueSpecification","valueRequired":true,"valueName":"search_term_string"}}],"inLanguage":"es"},{"@type":"Organization","@id":"https:\/\/ferabrajan.com\/portal\/#organization","name":"Fer Abrajan","url":"https:\/\/ferabrajan.com\/portal\/","logo":{"@type":"ImageObject","inLanguage":"es","@id":"https:\/\/ferabrajan.com\/portal\/#\/schema\/logo\/image\/","url":"https:\/\/ferabrajan.com\/portal\/wp-content\/uploads\/2024\/10\/cropped-logo.jpeg","contentUrl":"https:\/\/ferabrajan.com\/portal\/wp-content\/uploads\/2024\/10\/cropped-logo.jpeg","width":500,"height":250,"caption":"Fer Abrajan"},"image":{"@id":"https:\/\/ferabrajan.com\/portal\/#\/schema\/logo\/image\/"},"sameAs":["https:\/\/www.facebook.com\/NoticiasconFerAbrajan\/","https:\/\/x.com\/ferabrajan1"]},{"@type":"Person","@id":"https:\/\/ferabrajan.com\/portal\/#\/schema\/person\/83ed4fff5d7e4c8edf481fa39f71acb2","name":"Ismael Rojas","image":{"@type":"ImageObject","inLanguage":"es","@id":"https:\/\/secure.gravatar.com\/avatar\/e4a9cb58548fedeb6143fa536c79b44c34454539235177c55c5819d74963e9d6?s=96&d=mm&r=g","url":"https:\/\/secure.gravatar.com\/avatar\/e4a9cb58548fedeb6143fa536c79b44c34454539235177c55c5819d74963e9d6?s=96&d=mm&r=g","contentUrl":"https:\/\/secure.gravatar.com\/avatar\/e4a9cb58548fedeb6143fa536c79b44c34454539235177c55c5819d74963e9d6?s=96&d=mm&r=g","caption":"Ismael Rojas"},"url":"https:\/\/ferabrajan.com\/portal\/author\/ismael\/"}]}},"_links":{"self":[{"href":"https:\/\/ferabrajan.com\/portal\/wp-json\/wp\/v2\/posts\/67070","targetHints":{"allow":["GET"]}}],"collection":[{"href":"https:\/\/ferabrajan.com\/portal\/wp-json\/wp\/v2\/posts"}],"about":[{"href":"https:\/\/ferabrajan.com\/portal\/wp-json\/wp\/v2\/types\/post"}],"author":[{"embeddable":true,"href":"https:\/\/ferabrajan.com\/portal\/wp-json\/wp\/v2\/users\/4"}],"replies":[{"embeddable":true,"href":"https:\/\/ferabrajan.com\/portal\/wp-json\/wp\/v2\/comments?post=67070"}],"version-history":[{"count":0,"href":"https:\/\/ferabrajan.com\/portal\/wp-json\/wp\/v2\/posts\/67070\/revisions"}],"wp:featuredmedia":[{"embeddable":true,"href":"https:\/\/ferabrajan.com\/portal\/wp-json\/wp\/v2\/media\/67072"}],"wp:attachment":[{"href":"https:\/\/ferabrajan.com\/portal\/wp-json\/wp\/v2\/media?parent=67070"}],"wp:term":[{"taxonomy":"category","embeddable":true,"href":"https:\/\/ferabrajan.com\/portal\/wp-json\/wp\/v2\/categories?post=67070"},{"taxonomy":"post_tag","embeddable":true,"href":"https:\/\/ferabrajan.com\/portal\/wp-json\/wp\/v2\/tags?post=67070"}],"curies":[{"name":"wp","href":"https:\/\/api.w.org\/{rel}","templated":true}]}}