{"id":66696,"date":"2024-11-27T18:24:25","date_gmt":"2024-11-27T18:24:25","guid":{"rendered":"https:\/\/ferabrajan.com\/portal\/?p=66696"},"modified":"2024-11-27T18:24:43","modified_gmt":"2024-11-27T18:24:43","slug":"asi-se-preparan-migrantes-en-estados-unidos-para-el-regreso-de-donald-trump","status":"publish","type":"post","link":"https:\/\/ferabrajan.com\/portal\/2024\/11\/27\/asi-se-preparan-migrantes-en-estados-unidos-para-el-regreso-de-donald-trump\/","title":{"rendered":"As\u00ed se preparan migrantes en Estados Unidos para el regreso de Donald Trump"},"content":{"rendered":"\n<p class=\"wp-block-paragraph\">Con la promesa del presidente electo\u00a0<strong>Donald Trump<\/strong>\u00a0de implementar medidas dr\u00e1sticas contra la migraci\u00f3n, tanto legal como ilegal, los migrantes en Estados Unidos han intensificado sus esfuerzos para<strong>\u00a0proteger su permanencia en el pa\u00eds<\/strong>.<\/p>\n\n\n\n<p class=\"wp-block-paragraph\">La informaci\u00f3n, publicada originalmente por&nbsp;<em>The New York Times<\/em>, destaca el impacto de estas declaraciones en las comunidades migrantes.<\/p>\n\n\n\n<h2 class=\"wp-block-heading\">\u00bfQu\u00e9 planea implementar Trump?<\/h2>\n\n\n\n<p class=\"wp-block-paragraph\">Trump ha prometido reducir dr\u00e1sticamente la migraci\u00f3n y&nbsp;<strong>aumentar las deportaciones<\/strong>&nbsp;a partir del 20 de enero.<\/p>\n\n\n\n<p class=\"wp-block-paragraph\">Entre las propuestas est\u00e1n la creaci\u00f3n de grandes&nbsp;<strong>instalaciones de detenci\u00f3n<\/strong>&nbsp;y el&nbsp;<a href=\"https:\/\/www.elimparcial.com\/mundo\/2024\/11\/18\/trump-confirma-su-plan-para-deportaciones-masivas-en-eu-usara-la-fuerza-militar-tras-declarar-emergencia-nacional\/\" target=\"_blank\" rel=\"noreferrer noopener\"><strong>uso del ej\u00e9rcito para apoyar las deportaciones masivas<\/strong><\/a>, seg\u00fan lo mencionado por&nbsp;<strong>Stephen Miller<\/strong>, uno de sus principales asesores en pol\u00edtica migratoria.<\/p>\n\n\n\n<p class=\"wp-block-paragraph\">Durante su primer mandato, Trump deport\u00f3 aproximadamente a 1.5 millones de personas, una cifra comparable a las expulsiones bajo&nbsp;<strong>Joe Biden<\/strong>. Sin embargo, las nuevas medidas podr\u00edan incluir redadas laborales y un enfoque m\u00e1s amplio que impactar\u00eda incluso a migrantes con d\u00e9cadas de residencia en el pa\u00eds.<img decoding=\"async\" src=\"https:\/\/img-s-msn-com.akamaized.net\/tenant\/amp\/entityid\/AA1uiSWP.img?w=768&amp;h=512&amp;m=6\" alt=\"Fotograf\u00eda de archivo. Migrantes esperando asilo tras cruzar la frontera. | Cr\u00e9dito: AP\"><\/p>\n\n\n\n<p class=\"wp-block-paragraph\">Fotograf\u00eda de archivo. Migrantes esperando asilo tras cruzar la frontera. | Cr\u00e9dito: AP<\/p>\n\n\n\n<h2 class=\"wp-block-heading\">Respuesta de los migrantes<\/h2>\n\n\n\n<p class=\"wp-block-paragraph\">Ante este panorama, los migrantes han tomado medidas urgentes. Personas con residencia permanente est\u00e1n acelerando el proceso de naturalizaci\u00f3n, mientras que aquellos con estatus legal precario buscan opciones como el asilo o el matrimonio con ciudadanos estadounidenses.<\/p>\n\n\n\n<p class=\"wp-block-paragraph\"><strong>Yaneth Campuzano<\/strong>, una beneficiaria de DACA, adelant\u00f3 su boda para asegurar su estatus.<\/p>\n\n\n\n<blockquote class=\"wp-block-quote is-layout-flow wp-block-quote-is-layout-flow\">\n<p class=\"wp-block-paragraph\">Solo cuando mi estatus est\u00e9 seguro podr\u00e9 volver a respirar\u201d, dijo.<\/p>\n<\/blockquote>\n\n\n\n<h2 class=\"wp-block-heading\">Preparaci\u00f3n en comunidades vulnerables<\/h2>\n\n\n\n<p class=\"wp-block-paragraph\">En California, organizaciones sin fines de lucro est\u00e1n impartiendo sesiones de \u201c<strong>conozca sus derechos<\/strong>\u201d.<\/p>\n\n\n\n<p class=\"wp-block-paragraph\">Migrantes como&nbsp;<strong>Silvia Campos<\/strong>, trabajadora agr\u00edcola mexicana, han preparado planes familiares para garantizar el cuidado de sus hijos en caso de deportaci\u00f3n.<\/p>\n\n\n\n<p class=\"wp-block-paragraph\">Entre los consejos ofrecidos:<\/p>\n\n\n\n<ul class=\"wp-block-list\">\n<li>Mantener la calma<\/li>\n\n\n\n<li>No firmar documentos sin un abogado<\/li>\n\n\n\n<li>Autorizar legalmente el cuidado de sus hijos<\/li>\n<\/ul>\n\n\n\n<p class=\"wp-block-paragraph\"><strong>Luz Gallegos<\/strong>, directora de&nbsp;<strong>TODEC<\/strong>, se\u00f1al\u00f3 que estas sesiones buscan evitar el p\u00e1nico, pero fomentar la preparaci\u00f3n.<img decoding=\"async\" src=\"https:\/\/img-s-msn-com.akamaized.net\/tenant\/amp\/entityid\/AA1tEquQ.img?w=623&amp;h=403&amp;m=6\" alt=\"Actualmente los esfuerzos de control de la migraci\u00f3n ocurren principalmente en la frontera sur de Estados Uhnidos. \/ Getty Images.\"><\/p>\n\n\n\n<p class=\"wp-block-paragraph\">Actualmente los esfuerzos de control de la migraci\u00f3n ocurren principalmente en la frontera sur de Estados Uhnidos. \/ Getty Images.<\/p>\n\n\n\n<h2 class=\"wp-block-heading\">DACA bajo amenaza<\/h2>\n\n\n\n<p class=\"wp-block-paragraph\">Beneficiarios de DACA, como&nbsp;<strong>Vinchenzo Marinero<\/strong>, enfrentan incertidumbre.<\/p>\n\n\n\n<p class=\"wp-block-paragraph\">Marinero, padre de familia, busca alternativas legales mientras renueva su permiso por dos a\u00f1os m\u00e1s.<\/p>\n\n\n\n<blockquote class=\"wp-block-quote is-layout-flow wp-block-quote-is-layout-flow\">\n<p class=\"wp-block-paragraph\">Eso me da m\u00e1s tiempo para planificar\u201d, coment\u00f3.<\/p>\n<\/blockquote>\n\n\n\n<h2 class=\"wp-block-heading\">Un futuro incierto<\/h2>\n\n\n\n<p class=\"wp-block-paragraph\">Mientras los votantes esperan claridad sobre las pol\u00edticas de migraci\u00f3n, las comunidades afectadas contin\u00faan tomando acciones preventivas ante la posibilidad de una nueva ola de deportaciones y restricciones.<\/p>\n\n\n\n<p class=\"wp-block-paragraph\">Con informaci\u00f3n de: <a href=\"https:\/\/www.msn.com\/es-mx\/noticias\/mundo\/as%C3%AD-se-preparan-migrantes-en-estados-unidos-para-el-regreso-de-donald-trump\/ar-AA1uNGFE?ocid=msedgntp&amp;pc=U531&amp;cvid=fa4787a5854b4ecf87f3dc2730bc5917&amp;ei=9\">https:\/\/www.msn.com\/es-mx\/noticias\/mundo\/as%C3%AD-se-preparan-migrantes-en-estados-unidos-para-el-regreso-de-donald-trump\/ar-AA1uNGFE?ocid=msedgntp&amp;pc=U531&amp;cvid=fa4787a5854b4ecf87f3dc2730bc5917&amp;ei=9<\/a><\/p>\n","protected":false},"excerpt":{"rendered":"<p>Con la promesa del presidente electo Donald Trump de implementar medidas dr\u00e1sticas contra la migraci\u00f3n, tanto legal como ilegal, los migrantes en Estados Unidos han intensificado sus esfuerzos para proteger su permanencia en el pa\u00eds.<\/p>\n","protected":false},"author":1,"featured_media":66697,"comment_status":"closed","ping_status":"closed","sticky":false,"template":"","format":"standard","meta":{"_monsterinsights_skip_tracking":false,"_uf_show_specific_survey":0,"_uf_disable_surveys":false,"footnotes":""},"categories":[36,585],"tags":[2007,1142,2050],"class_list":["post-66696","post","type-post","status-publish","format-standard","has-post-thumbnail","hentry","category-el-mundo","category-principal","tag-deportaciones","tag-donald-trump","tag-ilegales"],"yoast_head":"<!-- This site is optimized with the Yoast SEO plugin v27.5 - https:\/\/yoast.com\/product\/yoast-seo-wordpress\/ -->\n<title>As\u00ed se preparan migrantes en Estados Unidos para el regreso de Donald Trump - Fer Abrajan<\/title>\n<meta name=\"description\" content=\"Con la promesa del presidente electo Donald Trump de implementar medidas dr\u00e1sticas contra la migraci\u00f3n, tanto legal como ilegal, los migrantes en Estados Unidos han intensificado sus esfuerzos para proteger su permanencia en el pa\u00eds.\" \/>\n<meta name=\"robots\" content=\"index, follow, max-snippet:-1, max-image-preview:large, max-video-preview:-1\" \/>\n<link rel=\"canonical\" href=\"https:\/\/ferabrajan.com\/portal\/2024\/11\/27\/asi-se-preparan-migrantes-en-estados-unidos-para-el-regreso-de-donald-trump\/\" \/>\n<meta property=\"og:locale\" content=\"es_ES\" \/>\n<meta property=\"og:type\" content=\"article\" \/>\n<meta property=\"og:title\" content=\"As\u00ed se preparan migrantes en Estados Unidos para el regreso de Donald Trump - Fer Abrajan\" \/>\n<meta property=\"og:description\" content=\"Con la promesa del presidente electo Donald Trump de implementar medidas dr\u00e1sticas contra la migraci\u00f3n, tanto legal como ilegal, los migrantes en Estados Unidos han intensificado sus esfuerzos para proteger su permanencia en el pa\u00eds.\" \/>\n<meta property=\"og:url\" content=\"https:\/\/ferabrajan.com\/portal\/2024\/11\/27\/asi-se-preparan-migrantes-en-estados-unidos-para-el-regreso-de-donald-trump\/\" \/>\n<meta property=\"og:site_name\" content=\"Fer Abrajan\" \/>\n<meta property=\"article:publisher\" content=\"https:\/\/www.facebook.com\/NoticiasconFerAbrajan\/\" \/>\n<meta property=\"article:published_time\" content=\"2024-11-27T18:24:25+00:00\" \/>\n<meta property=\"article:modified_time\" content=\"2024-11-27T18:24:43+00:00\" \/>\n<meta property=\"og:image\" content=\"https:\/\/ferabrajan.com\/portal\/wp-content\/uploads\/2024\/11\/190409014533-file-trump-border-wall-01-full-169.jpg\" \/>\n\t<meta property=\"og:image:width\" content=\"1600\" \/>\n\t<meta property=\"og:image:height\" content=\"900\" \/>\n\t<meta property=\"og:image:type\" content=\"image\/jpeg\" \/>\n<meta name=\"author\" content=\"admin\" \/>\n<meta name=\"twitter:card\" content=\"summary_large_image\" \/>\n<meta name=\"twitter:creator\" content=\"@ferabrajan1\" \/>\n<meta name=\"twitter:site\" content=\"@ferabrajan1\" \/>\n<meta name=\"twitter:label1\" content=\"Escrito por\" \/>\n\t<meta name=\"twitter:data1\" content=\"admin\" \/>\n\t<meta name=\"twitter:label2\" content=\"Tiempo de lectura\" \/>\n\t<meta name=\"twitter:data2\" content=\"3 minutos\" \/>\n<script type=\"application\/ld+json\" class=\"yoast-schema-graph\">{\"@context\":\"https:\\\/\\\/schema.org\",\"@graph\":[{\"@type\":\"Article\",\"@id\":\"https:\\\/\\\/ferabrajan.com\\\/portal\\\/2024\\\/11\\\/27\\\/asi-se-preparan-migrantes-en-estados-unidos-para-el-regreso-de-donald-trump\\\/#article\",\"isPartOf\":{\"@id\":\"https:\\\/\\\/ferabrajan.com\\\/portal\\\/2024\\\/11\\\/27\\\/asi-se-preparan-migrantes-en-estados-unidos-para-el-regreso-de-donald-trump\\\/\"},\"author\":{\"name\":\"admin\",\"@id\":\"https:\\\/\\\/ferabrajan.com\\\/portal\\\/#\\\/schema\\\/person\\\/f6113b3cb1e036d5c6a9505685b257ba\"},\"headline\":\"As\u00ed se preparan migrantes en Estados Unidos para el regreso de Donald Trump\",\"datePublished\":\"2024-11-27T18:24:25+00:00\",\"dateModified\":\"2024-11-27T18:24:43+00:00\",\"mainEntityOfPage\":{\"@id\":\"https:\\\/\\\/ferabrajan.com\\\/portal\\\/2024\\\/11\\\/27\\\/asi-se-preparan-migrantes-en-estados-unidos-para-el-regreso-de-donald-trump\\\/\"},\"wordCount\":484,\"publisher\":{\"@id\":\"https:\\\/\\\/ferabrajan.com\\\/portal\\\/#organization\"},\"image\":{\"@id\":\"https:\\\/\\\/ferabrajan.com\\\/portal\\\/2024\\\/11\\\/27\\\/asi-se-preparan-migrantes-en-estados-unidos-para-el-regreso-de-donald-trump\\\/#primaryimage\"},\"thumbnailUrl\":\"https:\\\/\\\/ferabrajan.com\\\/portal\\\/wp-content\\\/uploads\\\/2024\\\/11\\\/190409014533-file-trump-border-wall-01-full-169.jpg\",\"keywords\":[\"Deportaciones\",\"Donald Trump\",\"Ilegales\"],\"articleSection\":[\"El Mundo\",\"Principal\"],\"inLanguage\":\"es\"},{\"@type\":\"WebPage\",\"@id\":\"https:\\\/\\\/ferabrajan.com\\\/portal\\\/2024\\\/11\\\/27\\\/asi-se-preparan-migrantes-en-estados-unidos-para-el-regreso-de-donald-trump\\\/\",\"url\":\"https:\\\/\\\/ferabrajan.com\\\/portal\\\/2024\\\/11\\\/27\\\/asi-se-preparan-migrantes-en-estados-unidos-para-el-regreso-de-donald-trump\\\/\",\"name\":\"As\u00ed se preparan migrantes en Estados Unidos para el regreso de Donald Trump - Fer Abrajan\",\"isPartOf\":{\"@id\":\"https:\\\/\\\/ferabrajan.com\\\/portal\\\/#website\"},\"primaryImageOfPage\":{\"@id\":\"https:\\\/\\\/ferabrajan.com\\\/portal\\\/2024\\\/11\\\/27\\\/asi-se-preparan-migrantes-en-estados-unidos-para-el-regreso-de-donald-trump\\\/#primaryimage\"},\"image\":{\"@id\":\"https:\\\/\\\/ferabrajan.com\\\/portal\\\/2024\\\/11\\\/27\\\/asi-se-preparan-migrantes-en-estados-unidos-para-el-regreso-de-donald-trump\\\/#primaryimage\"},\"thumbnailUrl\":\"https:\\\/\\\/ferabrajan.com\\\/portal\\\/wp-content\\\/uploads\\\/2024\\\/11\\\/190409014533-file-trump-border-wall-01-full-169.jpg\",\"datePublished\":\"2024-11-27T18:24:25+00:00\",\"dateModified\":\"2024-11-27T18:24:43+00:00\",\"description\":\"Con la promesa del presidente electo Donald Trump de implementar medidas dr\u00e1sticas contra la migraci\u00f3n, tanto legal como ilegal, los migrantes en Estados Unidos han intensificado sus esfuerzos para proteger su permanencia en el pa\u00eds.\",\"breadcrumb\":{\"@id\":\"https:\\\/\\\/ferabrajan.com\\\/portal\\\/2024\\\/11\\\/27\\\/asi-se-preparan-migrantes-en-estados-unidos-para-el-regreso-de-donald-trump\\\/#breadcrumb\"},\"inLanguage\":\"es\",\"potentialAction\":[{\"@type\":\"ReadAction\",\"target\":[\"https:\\\/\\\/ferabrajan.com\\\/portal\\\/2024\\\/11\\\/27\\\/asi-se-preparan-migrantes-en-estados-unidos-para-el-regreso-de-donald-trump\\\/\"]}]},{\"@type\":\"ImageObject\",\"inLanguage\":\"es\",\"@id\":\"https:\\\/\\\/ferabrajan.com\\\/portal\\\/2024\\\/11\\\/27\\\/asi-se-preparan-migrantes-en-estados-unidos-para-el-regreso-de-donald-trump\\\/#primaryimage\",\"url\":\"https:\\\/\\\/ferabrajan.com\\\/portal\\\/wp-content\\\/uploads\\\/2024\\\/11\\\/190409014533-file-trump-border-wall-01-full-169.jpg\",\"contentUrl\":\"https:\\\/\\\/ferabrajan.com\\\/portal\\\/wp-content\\\/uploads\\\/2024\\\/11\\\/190409014533-file-trump-border-wall-01-full-169.jpg\",\"width\":1600,\"height\":900,\"caption\":\"President Donald Trump exits Air Force One on arrival at Naval Air Facility El Centro, in El Centro, Calif., Friday April 5, 2019. (AP Photo\\\/Jacquelyn Martin) on plane: Rep. Kevin McCarthy, R-Calif., Rep. Ken Calvert, R-Calif., Rep. Mike Rogers, R-Ala., Rep. Tom McClintock, R-Calif., Rep. Chuck Fleischmann, R-Tenn., Rep. Doug LaMalfa, R-Calif., Commissioner of Customs and Border Protection Kevin McAleenan Army Corp. of Engineers Lt. Gen. Todd Semonite President Donald Trump leaves the airport in El Centro, Calif., en route to Calexico, Calif., Friday April 5, 2019. (AP Photo\\\/Jacquelyn Martin) President Donald Trump arrives at U.S. Border Patrol Calexico Station in Calexico, Calif., Friday April 5, 2019. (AP Photo\\\/Jacquelyn Martin) President Donald Trump participates in a roundtable on immigration and border security at the U.S. Border Patrol Calexico Station in Calexico, Calif., Friday April 5, 2019. (AP Photo\\\/Jacquelyn Martin) President Donald Trump leaves U.S. Border Patrol Calexico Station en route to the Border Wall, in Calexico, Calif., Friday April 5, 2019. (AP Photo\\\/Jacquelyn Martin) President Donald Trump arrives at the Border Wall in Calexico, Calif., Friday April 5, 2019. (AP Photo\\\/Jacquelyn Martin) President Donald Trump visits the Border Wall in Calexico, Calif., Friday April 5, 2019. (AP Photo\\\/Jacquelyn Martin) President Donald Trump leaves Calexico, Calif., en route to El Centro, Calif., Friday April 5, 2019. (AP Photo\\\/Jacquelyn Martin) President Donald Trump arrives at Naval Air Facility El Centro in El Centro, Calif., Friday April 5, 2019. (AP Photo\\\/Jacquelyn Martin) President Donald Trump leaves El Centro, Calif., en route to Los Angeles, Friday April 5, 2019. (AP Photo\\\/Jacquelyn Martin) President Donald Trump arrives at Los Angeles International Airport in Los Angeles, Friday April 5, 2019. (AP Photo\\\/Jacquelyn Martin) President Donald Trump departs Los Angeles International Airport en route to the Santa Monica Airport Landing Zone, in Santa Monica, Calif., Friday April 5, 2019. (AP Photo\\\/Jacquelyn Martin) President Donald Trump arrives at Santa Monica Airport Landing Zone in Santa Monica, Calif., Friday April 5, 2019. (AP Photo\\\/Jacquelyn Martin) President Donald Trump leaves the Santa Monica Airport Landing Zone en route to a private residence for a fundraise, Santa Monica, Calif., Friday April 5, 2019. (AP Photo\\\/Jacquelyn Martin) President Donald Trump arrives at a private residence in Beverly Hills, Calif., to meet with supporters during a fundraiser, Friday April 5, 2019. (AP Photo\\\/Jacquelyn Martin) President Donald Trump attends a roundtable with supporters in Beverly Hills, Calif., during a fundraiser, Friday April 5, 2019. (AP Photo\\\/Jacquelyn Martin) President Donald Trump speaks during a joint fundraising dinner in Beverly Hills, Calif., Friday April 5, 2019. (AP Photo\\\/Jacquelyn Martin) President Donald Trump leaves a private residence in Beverly Hills, Calif., en route to Santa Monica Airport Landing Zone, Friday April 5, 2019. (AP Photo\\\/Jacquelyn Martin) President Donald Trump arrives at Santa Monica Airport Landing Zone, in Santa Monica, Calif., Friday April 5, 2019. (AP Photo\\\/Jacquelyn Martin) President Donald Trump waves as he exits Air Force One on arrival in Los Angeles Friday April 5, 2019. (AP Photo\\\/Jacquelyn Martin) President Donald Trump leaves Los Angeles en route to Las Vegas Friday April 5, 2019. (AP Photo\\\/Jacquelyn Martin) President Donald Trump waves as he arrives at McCarran International Airport in Las Vegas Friday April 5, 2019. (AP Photo\\\/Jacquelyn Martin) President Donald Trump arrives at his hotel in Las Vegas Friday April 5, 2019. (AP Photo\\\/Jacquelyn Martin)\"},{\"@type\":\"BreadcrumbList\",\"@id\":\"https:\\\/\\\/ferabrajan.com\\\/portal\\\/2024\\\/11\\\/27\\\/asi-se-preparan-migrantes-en-estados-unidos-para-el-regreso-de-donald-trump\\\/#breadcrumb\",\"itemListElement\":[{\"@type\":\"ListItem\",\"position\":1,\"name\":\"Portada\",\"item\":\"https:\\\/\\\/ferabrajan.com\\\/portal\\\/\"},{\"@type\":\"ListItem\",\"position\":2,\"name\":\"As\u00ed se preparan migrantes en Estados Unidos para el regreso de Donald Trump\"}]},{\"@type\":\"WebSite\",\"@id\":\"https:\\\/\\\/ferabrajan.com\\\/portal\\\/#website\",\"url\":\"https:\\\/\\\/ferabrajan.com\\\/portal\\\/\",\"name\":\"Fer Abrajan\",\"description\":\"Noticias de Puebla, opini\u00f3n y radio en vivo\",\"publisher\":{\"@id\":\"https:\\\/\\\/ferabrajan.com\\\/portal\\\/#organization\"},\"potentialAction\":[{\"@type\":\"SearchAction\",\"target\":{\"@type\":\"EntryPoint\",\"urlTemplate\":\"https:\\\/\\\/ferabrajan.com\\\/portal\\\/?s={search_term_string}\"},\"query-input\":{\"@type\":\"PropertyValueSpecification\",\"valueRequired\":true,\"valueName\":\"search_term_string\"}}],\"inLanguage\":\"es\"},{\"@type\":\"Organization\",\"@id\":\"https:\\\/\\\/ferabrajan.com\\\/portal\\\/#organization\",\"name\":\"Fer Abrajan\",\"url\":\"https:\\\/\\\/ferabrajan.com\\\/portal\\\/\",\"logo\":{\"@type\":\"ImageObject\",\"inLanguage\":\"es\",\"@id\":\"https:\\\/\\\/ferabrajan.com\\\/portal\\\/#\\\/schema\\\/logo\\\/image\\\/\",\"url\":\"https:\\\/\\\/ferabrajan.com\\\/portal\\\/wp-content\\\/uploads\\\/2024\\\/10\\\/cropped-logo.jpeg\",\"contentUrl\":\"https:\\\/\\\/ferabrajan.com\\\/portal\\\/wp-content\\\/uploads\\\/2024\\\/10\\\/cropped-logo.jpeg\",\"width\":500,\"height\":250,\"caption\":\"Fer Abrajan\"},\"image\":{\"@id\":\"https:\\\/\\\/ferabrajan.com\\\/portal\\\/#\\\/schema\\\/logo\\\/image\\\/\"},\"sameAs\":[\"https:\\\/\\\/www.facebook.com\\\/NoticiasconFerAbrajan\\\/\",\"https:\\\/\\\/x.com\\\/ferabrajan1\"]},{\"@type\":\"Person\",\"@id\":\"https:\\\/\\\/ferabrajan.com\\\/portal\\\/#\\\/schema\\\/person\\\/f6113b3cb1e036d5c6a9505685b257ba\",\"name\":\"admin\",\"image\":{\"@type\":\"ImageObject\",\"inLanguage\":\"es\",\"@id\":\"https:\\\/\\\/secure.gravatar.com\\\/avatar\\\/072baa72775aad53c748dfc5d3048578e01b6c087eef335459ebfa04344e2d18?s=96&d=mm&r=g\",\"url\":\"https:\\\/\\\/secure.gravatar.com\\\/avatar\\\/072baa72775aad53c748dfc5d3048578e01b6c087eef335459ebfa04344e2d18?s=96&d=mm&r=g\",\"contentUrl\":\"https:\\\/\\\/secure.gravatar.com\\\/avatar\\\/072baa72775aad53c748dfc5d3048578e01b6c087eef335459ebfa04344e2d18?s=96&d=mm&r=g\",\"caption\":\"admin\"},\"sameAs\":[\"https:\\\/\\\/ferabrajan.com\\\/portal\"],\"url\":\"https:\\\/\\\/ferabrajan.com\\\/portal\\\/author\\\/admin\\\/\"}]}<\/script>\n<!-- \/ Yoast SEO plugin. -->","yoast_head_json":{"title":"As\u00ed se preparan migrantes en Estados Unidos para el regreso de Donald Trump - Fer Abrajan","description":"Con la promesa del presidente electo Donald Trump de implementar medidas dr\u00e1sticas contra la migraci\u00f3n, tanto legal como ilegal, los migrantes en Estados Unidos han intensificado sus esfuerzos para proteger su permanencia en el pa\u00eds.","robots":{"index":"index","follow":"follow","max-snippet":"max-snippet:-1","max-image-preview":"max-image-preview:large","max-video-preview":"max-video-preview:-1"},"canonical":"https:\/\/ferabrajan.com\/portal\/2024\/11\/27\/asi-se-preparan-migrantes-en-estados-unidos-para-el-regreso-de-donald-trump\/","og_locale":"es_ES","og_type":"article","og_title":"As\u00ed se preparan migrantes en Estados Unidos para el regreso de Donald Trump - Fer Abrajan","og_description":"Con la promesa del presidente electo Donald Trump de implementar medidas dr\u00e1sticas contra la migraci\u00f3n, tanto legal como ilegal, los migrantes en Estados Unidos han intensificado sus esfuerzos para proteger su permanencia en el pa\u00eds.","og_url":"https:\/\/ferabrajan.com\/portal\/2024\/11\/27\/asi-se-preparan-migrantes-en-estados-unidos-para-el-regreso-de-donald-trump\/","og_site_name":"Fer Abrajan","article_publisher":"https:\/\/www.facebook.com\/NoticiasconFerAbrajan\/","article_published_time":"2024-11-27T18:24:25+00:00","article_modified_time":"2024-11-27T18:24:43+00:00","og_image":[{"width":1600,"height":900,"url":"https:\/\/ferabrajan.com\/portal\/wp-content\/uploads\/2024\/11\/190409014533-file-trump-border-wall-01-full-169.jpg","type":"image\/jpeg"}],"author":"admin","twitter_card":"summary_large_image","twitter_creator":"@ferabrajan1","twitter_site":"@ferabrajan1","twitter_misc":{"Escrito por":"admin","Tiempo de lectura":"3 minutos"},"schema":{"@context":"https:\/\/schema.org","@graph":[{"@type":"Article","@id":"https:\/\/ferabrajan.com\/portal\/2024\/11\/27\/asi-se-preparan-migrantes-en-estados-unidos-para-el-regreso-de-donald-trump\/#article","isPartOf":{"@id":"https:\/\/ferabrajan.com\/portal\/2024\/11\/27\/asi-se-preparan-migrantes-en-estados-unidos-para-el-regreso-de-donald-trump\/"},"author":{"name":"admin","@id":"https:\/\/ferabrajan.com\/portal\/#\/schema\/person\/f6113b3cb1e036d5c6a9505685b257ba"},"headline":"As\u00ed se preparan migrantes en Estados Unidos para el regreso de Donald Trump","datePublished":"2024-11-27T18:24:25+00:00","dateModified":"2024-11-27T18:24:43+00:00","mainEntityOfPage":{"@id":"https:\/\/ferabrajan.com\/portal\/2024\/11\/27\/asi-se-preparan-migrantes-en-estados-unidos-para-el-regreso-de-donald-trump\/"},"wordCount":484,"publisher":{"@id":"https:\/\/ferabrajan.com\/portal\/#organization"},"image":{"@id":"https:\/\/ferabrajan.com\/portal\/2024\/11\/27\/asi-se-preparan-migrantes-en-estados-unidos-para-el-regreso-de-donald-trump\/#primaryimage"},"thumbnailUrl":"https:\/\/ferabrajan.com\/portal\/wp-content\/uploads\/2024\/11\/190409014533-file-trump-border-wall-01-full-169.jpg","keywords":["Deportaciones","Donald Trump","Ilegales"],"articleSection":["El Mundo","Principal"],"inLanguage":"es"},{"@type":"WebPage","@id":"https:\/\/ferabrajan.com\/portal\/2024\/11\/27\/asi-se-preparan-migrantes-en-estados-unidos-para-el-regreso-de-donald-trump\/","url":"https:\/\/ferabrajan.com\/portal\/2024\/11\/27\/asi-se-preparan-migrantes-en-estados-unidos-para-el-regreso-de-donald-trump\/","name":"As\u00ed se preparan migrantes en Estados Unidos para el regreso de Donald Trump - Fer Abrajan","isPartOf":{"@id":"https:\/\/ferabrajan.com\/portal\/#website"},"primaryImageOfPage":{"@id":"https:\/\/ferabrajan.com\/portal\/2024\/11\/27\/asi-se-preparan-migrantes-en-estados-unidos-para-el-regreso-de-donald-trump\/#primaryimage"},"image":{"@id":"https:\/\/ferabrajan.com\/portal\/2024\/11\/27\/asi-se-preparan-migrantes-en-estados-unidos-para-el-regreso-de-donald-trump\/#primaryimage"},"thumbnailUrl":"https:\/\/ferabrajan.com\/portal\/wp-content\/uploads\/2024\/11\/190409014533-file-trump-border-wall-01-full-169.jpg","datePublished":"2024-11-27T18:24:25+00:00","dateModified":"2024-11-27T18:24:43+00:00","description":"Con la promesa del presidente electo Donald Trump de implementar medidas dr\u00e1sticas contra la migraci\u00f3n, tanto legal como ilegal, los migrantes en Estados Unidos han intensificado sus esfuerzos para proteger su permanencia en el pa\u00eds.","breadcrumb":{"@id":"https:\/\/ferabrajan.com\/portal\/2024\/11\/27\/asi-se-preparan-migrantes-en-estados-unidos-para-el-regreso-de-donald-trump\/#breadcrumb"},"inLanguage":"es","potentialAction":[{"@type":"ReadAction","target":["https:\/\/ferabrajan.com\/portal\/2024\/11\/27\/asi-se-preparan-migrantes-en-estados-unidos-para-el-regreso-de-donald-trump\/"]}]},{"@type":"ImageObject","inLanguage":"es","@id":"https:\/\/ferabrajan.com\/portal\/2024\/11\/27\/asi-se-preparan-migrantes-en-estados-unidos-para-el-regreso-de-donald-trump\/#primaryimage","url":"https:\/\/ferabrajan.com\/portal\/wp-content\/uploads\/2024\/11\/190409014533-file-trump-border-wall-01-full-169.jpg","contentUrl":"https:\/\/ferabrajan.com\/portal\/wp-content\/uploads\/2024\/11\/190409014533-file-trump-border-wall-01-full-169.jpg","width":1600,"height":900,"caption":"President Donald Trump exits Air Force One on arrival at Naval Air Facility El Centro, in El Centro, Calif., Friday April 5, 2019. (AP Photo\/Jacquelyn Martin) on plane: Rep. Kevin McCarthy, R-Calif., Rep. Ken Calvert, R-Calif., Rep. Mike Rogers, R-Ala., Rep. Tom McClintock, R-Calif., Rep. Chuck Fleischmann, R-Tenn., Rep. Doug LaMalfa, R-Calif., Commissioner of Customs and Border Protection Kevin McAleenan Army Corp. of Engineers Lt. Gen. Todd Semonite President Donald Trump leaves the airport in El Centro, Calif., en route to Calexico, Calif., Friday April 5, 2019. (AP Photo\/Jacquelyn Martin) President Donald Trump arrives at U.S. Border Patrol Calexico Station in Calexico, Calif., Friday April 5, 2019. (AP Photo\/Jacquelyn Martin) President Donald Trump participates in a roundtable on immigration and border security at the U.S. Border Patrol Calexico Station in Calexico, Calif., Friday April 5, 2019. (AP Photo\/Jacquelyn Martin) President Donald Trump leaves U.S. Border Patrol Calexico Station en route to the Border Wall, in Calexico, Calif., Friday April 5, 2019. (AP Photo\/Jacquelyn Martin) President Donald Trump arrives at the Border Wall in Calexico, Calif., Friday April 5, 2019. (AP Photo\/Jacquelyn Martin) President Donald Trump visits the Border Wall in Calexico, Calif., Friday April 5, 2019. (AP Photo\/Jacquelyn Martin) President Donald Trump leaves Calexico, Calif., en route to El Centro, Calif., Friday April 5, 2019. (AP Photo\/Jacquelyn Martin) President Donald Trump arrives at Naval Air Facility El Centro in El Centro, Calif., Friday April 5, 2019. (AP Photo\/Jacquelyn Martin) President Donald Trump leaves El Centro, Calif., en route to Los Angeles, Friday April 5, 2019. (AP Photo\/Jacquelyn Martin) President Donald Trump arrives at Los Angeles International Airport in Los Angeles, Friday April 5, 2019. (AP Photo\/Jacquelyn Martin) President Donald Trump departs Los Angeles International Airport en route to the Santa Monica Airport Landing Zone, in Santa Monica, Calif., Friday April 5, 2019. (AP Photo\/Jacquelyn Martin) President Donald Trump arrives at Santa Monica Airport Landing Zone in Santa Monica, Calif., Friday April 5, 2019. (AP Photo\/Jacquelyn Martin) President Donald Trump leaves the Santa Monica Airport Landing Zone en route to a private residence for a fundraise, Santa Monica, Calif., Friday April 5, 2019. (AP Photo\/Jacquelyn Martin) President Donald Trump arrives at a private residence in Beverly Hills, Calif., to meet with supporters during a fundraiser, Friday April 5, 2019. (AP Photo\/Jacquelyn Martin) President Donald Trump attends a roundtable with supporters in Beverly Hills, Calif., during a fundraiser, Friday April 5, 2019. (AP Photo\/Jacquelyn Martin) President Donald Trump speaks during a joint fundraising dinner in Beverly Hills, Calif., Friday April 5, 2019. (AP Photo\/Jacquelyn Martin) President Donald Trump leaves a private residence in Beverly Hills, Calif., en route to Santa Monica Airport Landing Zone, Friday April 5, 2019. (AP Photo\/Jacquelyn Martin) President Donald Trump arrives at Santa Monica Airport Landing Zone, in Santa Monica, Calif., Friday April 5, 2019. (AP Photo\/Jacquelyn Martin) President Donald Trump waves as he exits Air Force One on arrival in Los Angeles Friday April 5, 2019. (AP Photo\/Jacquelyn Martin) President Donald Trump leaves Los Angeles en route to Las Vegas Friday April 5, 2019. (AP Photo\/Jacquelyn Martin) President Donald Trump waves as he arrives at McCarran International Airport in Las Vegas Friday April 5, 2019. (AP Photo\/Jacquelyn Martin) President Donald Trump arrives at his hotel in Las Vegas Friday April 5, 2019. (AP Photo\/Jacquelyn Martin)"},{"@type":"BreadcrumbList","@id":"https:\/\/ferabrajan.com\/portal\/2024\/11\/27\/asi-se-preparan-migrantes-en-estados-unidos-para-el-regreso-de-donald-trump\/#breadcrumb","itemListElement":[{"@type":"ListItem","position":1,"name":"Portada","item":"https:\/\/ferabrajan.com\/portal\/"},{"@type":"ListItem","position":2,"name":"As\u00ed se preparan migrantes en Estados Unidos para el regreso de Donald Trump"}]},{"@type":"WebSite","@id":"https:\/\/ferabrajan.com\/portal\/#website","url":"https:\/\/ferabrajan.com\/portal\/","name":"Fer Abrajan","description":"Noticias de Puebla, opini\u00f3n y radio en vivo","publisher":{"@id":"https:\/\/ferabrajan.com\/portal\/#organization"},"potentialAction":[{"@type":"SearchAction","target":{"@type":"EntryPoint","urlTemplate":"https:\/\/ferabrajan.com\/portal\/?s={search_term_string}"},"query-input":{"@type":"PropertyValueSpecification","valueRequired":true,"valueName":"search_term_string"}}],"inLanguage":"es"},{"@type":"Organization","@id":"https:\/\/ferabrajan.com\/portal\/#organization","name":"Fer Abrajan","url":"https:\/\/ferabrajan.com\/portal\/","logo":{"@type":"ImageObject","inLanguage":"es","@id":"https:\/\/ferabrajan.com\/portal\/#\/schema\/logo\/image\/","url":"https:\/\/ferabrajan.com\/portal\/wp-content\/uploads\/2024\/10\/cropped-logo.jpeg","contentUrl":"https:\/\/ferabrajan.com\/portal\/wp-content\/uploads\/2024\/10\/cropped-logo.jpeg","width":500,"height":250,"caption":"Fer Abrajan"},"image":{"@id":"https:\/\/ferabrajan.com\/portal\/#\/schema\/logo\/image\/"},"sameAs":["https:\/\/www.facebook.com\/NoticiasconFerAbrajan\/","https:\/\/x.com\/ferabrajan1"]},{"@type":"Person","@id":"https:\/\/ferabrajan.com\/portal\/#\/schema\/person\/f6113b3cb1e036d5c6a9505685b257ba","name":"admin","image":{"@type":"ImageObject","inLanguage":"es","@id":"https:\/\/secure.gravatar.com\/avatar\/072baa72775aad53c748dfc5d3048578e01b6c087eef335459ebfa04344e2d18?s=96&d=mm&r=g","url":"https:\/\/secure.gravatar.com\/avatar\/072baa72775aad53c748dfc5d3048578e01b6c087eef335459ebfa04344e2d18?s=96&d=mm&r=g","contentUrl":"https:\/\/secure.gravatar.com\/avatar\/072baa72775aad53c748dfc5d3048578e01b6c087eef335459ebfa04344e2d18?s=96&d=mm&r=g","caption":"admin"},"sameAs":["https:\/\/ferabrajan.com\/portal"],"url":"https:\/\/ferabrajan.com\/portal\/author\/admin\/"}]}},"_links":{"self":[{"href":"https:\/\/ferabrajan.com\/portal\/wp-json\/wp\/v2\/posts\/66696","targetHints":{"allow":["GET"]}}],"collection":[{"href":"https:\/\/ferabrajan.com\/portal\/wp-json\/wp\/v2\/posts"}],"about":[{"href":"https:\/\/ferabrajan.com\/portal\/wp-json\/wp\/v2\/types\/post"}],"author":[{"embeddable":true,"href":"https:\/\/ferabrajan.com\/portal\/wp-json\/wp\/v2\/users\/1"}],"replies":[{"embeddable":true,"href":"https:\/\/ferabrajan.com\/portal\/wp-json\/wp\/v2\/comments?post=66696"}],"version-history":[{"count":0,"href":"https:\/\/ferabrajan.com\/portal\/wp-json\/wp\/v2\/posts\/66696\/revisions"}],"wp:featuredmedia":[{"embeddable":true,"href":"https:\/\/ferabrajan.com\/portal\/wp-json\/wp\/v2\/media\/66697"}],"wp:attachment":[{"href":"https:\/\/ferabrajan.com\/portal\/wp-json\/wp\/v2\/media?parent=66696"}],"wp:term":[{"taxonomy":"category","embeddable":true,"href":"https:\/\/ferabrajan.com\/portal\/wp-json\/wp\/v2\/categories?post=66696"},{"taxonomy":"post_tag","embeddable":true,"href":"https:\/\/ferabrajan.com\/portal\/wp-json\/wp\/v2\/tags?post=66696"}],"curies":[{"name":"wp","href":"https:\/\/api.w.org\/{rel}","templated":true}]}}