{"id":65853,"date":"2024-10-29T15:51:00","date_gmt":"2024-10-29T15:51:00","guid":{"rendered":"https:\/\/ferabrajan.com\/portal\/?p=65853"},"modified":"2024-10-29T15:51:07","modified_gmt":"2024-10-29T15:51:07","slug":"por-vision-del-gobierno-estatal-economia-de-puebla-es-de-las-mejores-del-pais","status":"publish","type":"post","link":"https:\/\/ferabrajan.com\/portal\/2024\/10\/29\/por-vision-del-gobierno-estatal-economia-de-puebla-es-de-las-mejores-del-pais\/","title":{"rendered":"Por visi\u00f3n del gobierno estatal, econom\u00eda de Puebla es de las mejores del pa\u00eds"},"content":{"rendered":"\n<p class=\"wp-block-paragraph\">Derivado de la visi\u00f3n del gobierno estatal y gracias a la suma de distintos sectores, la econom\u00eda de Puebla es de las 10 mejores de M\u00e9xico, inform\u00f3 el gobernador Sergio Salom\u00f3n al presidir la presentaci\u00f3n de la \u201c10\u00ba Edici\u00f3n del Smart City Expo LATAM Congress 2025\u201d.<\/p>\n\n\n\n<p class=\"wp-block-paragraph\">En su mensaje, el titular del Ejecutivo detall\u00f3 que, de acuerdo al estudio elaborado por el Grupo de Asesores en Econom\u00eda y Administraci\u00f3n P\u00fablica (GAEAP) con datos del INEGI, la entidad tuvo el mejor crecimiento durante el primer semestre del 2024 con un 4.4 por ciento.<\/p>\n\n\n\n<p class=\"wp-block-paragraph\">Recalc\u00f3 que el gobierno que encabeza no dejar\u00e1 de trabajar para que Puebla tenga mejores condiciones y que las y los poblanos alcancen sus objetivos. Asimismo, reconoci\u00f3 a las y los integrantes del empresariado por creer en el estado y en su gente.<\/p>\n\n\n\n<p class=\"wp-block-paragraph\">Ricard Zapatero, CEO de Fira Barcelona International, coment\u00f3 que el congreso Smart City contempla la participaci\u00f3n de representantes de m\u00e1s 800 ciudades de distintos pa\u00edses que trabajan para mejorar la calidad de vida de sus habitantes con el uso de tecnolog\u00edas. Indic\u00f3 que, con este evento, Puebla no s\u00f3lo fortalecer\u00e1 su econom\u00eda, sino que tambi\u00e9n se posicionar\u00e1 como la capital de Latinoam\u00e9rica que m\u00e1s sensibilidad tiene para generar mejores condiciones.&nbsp;<\/p>\n\n\n\n<p class=\"wp-block-paragraph\">El alcalde de Puebla, Jos\u00e9 Chedraui Budib resalt\u00f3 el trabajo conjunto con el gobierno de Sergio Salom\u00f3n para que la entidad siga con eventos de talla internacional y en donde se promuevan acciones para un futuro m\u00e1s prometedor.<\/p>\n\n\n\n<p class=\"wp-block-paragraph\">En el evento estuvieron presentes Manuel Redondo, presidente de PRONUS EVENTS; la rectora de la Benem\u00e9rita Universidad Aut\u00f3noma de Puebla (BUAP), Lilia Cedillo Ram\u00edrez; funcionarios y empresarios.<\/p>\n","protected":false},"excerpt":{"rendered":"<p>As\u00ed lo expuso el gobernador Sergio Salom\u00f3n al presidir la presentaci\u00f3n de la \u201c10\u00ba Edici\u00f3n del Smart City Expo LATAM Congress 2025\u201d<\/p>\n","protected":false},"author":3,"featured_media":65854,"comment_status":"closed","ping_status":"closed","sticky":false,"template":"","format":"standard","meta":{"_monsterinsights_skip_tracking":false,"_uf_show_specific_survey":0,"_uf_disable_surveys":false,"footnotes":""},"categories":[53,585,34],"tags":[26,166],"class_list":["post-65853","post","type-post","status-publish","format-standard","has-post-thumbnail","hentry","category-local","category-principal","category-puebla","tag-puebla","tag-sergio-salomon"],"yoast_head":"<!-- This site is optimized with the Yoast SEO plugin v27.5 - https:\/\/yoast.com\/product\/yoast-seo-wordpress\/ -->\n<title>Por visi\u00f3n del gobierno estatal, econom\u00eda de Puebla es de las mejores del pa\u00eds - Fer Abrajan<\/title>\n<meta name=\"description\" content=\"As\u00ed lo expuso el gobernador Sergio Salom\u00f3n al presidir la presentaci\u00f3n de la \u201c10\u00ba Edici\u00f3n del Smart City Expo LATAM Congress 2025\u201d\" \/>\n<meta name=\"robots\" content=\"index, follow, max-snippet:-1, max-image-preview:large, max-video-preview:-1\" \/>\n<link rel=\"canonical\" href=\"https:\/\/ferabrajan.com\/portal\/2024\/10\/29\/por-vision-del-gobierno-estatal-economia-de-puebla-es-de-las-mejores-del-pais\/\" \/>\n<meta property=\"og:locale\" content=\"es_ES\" \/>\n<meta property=\"og:type\" content=\"article\" \/>\n<meta property=\"og:title\" content=\"Por visi\u00f3n del gobierno estatal, econom\u00eda de Puebla es de las mejores del pa\u00eds - Fer Abrajan\" \/>\n<meta property=\"og:description\" content=\"As\u00ed lo expuso el gobernador Sergio Salom\u00f3n al presidir la presentaci\u00f3n de la \u201c10\u00ba Edici\u00f3n del Smart City Expo LATAM Congress 2025\u201d\" \/>\n<meta property=\"og:url\" content=\"https:\/\/ferabrajan.com\/portal\/2024\/10\/29\/por-vision-del-gobierno-estatal-economia-de-puebla-es-de-las-mejores-del-pais\/\" \/>\n<meta property=\"og:site_name\" content=\"Fer Abrajan\" \/>\n<meta property=\"article:publisher\" content=\"https:\/\/www.facebook.com\/NoticiasconFerAbrajan\/\" \/>\n<meta property=\"article:published_time\" content=\"2024-10-29T15:51:00+00:00\" \/>\n<meta property=\"article:modified_time\" content=\"2024-10-29T15:51:07+00:00\" \/>\n<meta property=\"og:image\" content=\"https:\/\/ferabrajan.com\/portal\/wp-content\/uploads\/2024\/10\/Presentacion_de_la__10o_Edicion_del_Smart_City_Expo_LATAM_Congress_2025__1-scaled.jpeg\" \/>\n\t<meta property=\"og:image:width\" content=\"2048\" \/>\n\t<meta property=\"og:image:height\" content=\"1229\" \/>\n\t<meta property=\"og:image:type\" content=\"image\/jpeg\" \/>\n<meta name=\"author\" content=\"Rebeca N\u00fa\u00f1ez\" \/>\n<meta name=\"twitter:card\" content=\"summary_large_image\" \/>\n<meta name=\"twitter:creator\" content=\"@ferabrajan1\" \/>\n<meta name=\"twitter:site\" content=\"@ferabrajan1\" \/>\n<meta name=\"twitter:label1\" content=\"Escrito por\" \/>\n\t<meta name=\"twitter:data1\" content=\"Rebeca N\u00fa\u00f1ez\" \/>\n\t<meta name=\"twitter:label2\" content=\"Tiempo de lectura\" \/>\n\t<meta name=\"twitter:data2\" content=\"2 minutos\" \/>\n<script type=\"application\/ld+json\" class=\"yoast-schema-graph\">{\"@context\":\"https:\\\/\\\/schema.org\",\"@graph\":[{\"@type\":\"Article\",\"@id\":\"https:\\\/\\\/ferabrajan.com\\\/portal\\\/2024\\\/10\\\/29\\\/por-vision-del-gobierno-estatal-economia-de-puebla-es-de-las-mejores-del-pais\\\/#article\",\"isPartOf\":{\"@id\":\"https:\\\/\\\/ferabrajan.com\\\/portal\\\/2024\\\/10\\\/29\\\/por-vision-del-gobierno-estatal-economia-de-puebla-es-de-las-mejores-del-pais\\\/\"},\"author\":{\"name\":\"Rebeca N\u00fa\u00f1ez\",\"@id\":\"https:\\\/\\\/ferabrajan.com\\\/portal\\\/#\\\/schema\\\/person\\\/a79364e0091921e733584c4833bc7a50\"},\"headline\":\"Por visi\u00f3n del gobierno estatal, econom\u00eda de Puebla es de las mejores del pa\u00eds\",\"datePublished\":\"2024-10-29T15:51:00+00:00\",\"dateModified\":\"2024-10-29T15:51:07+00:00\",\"mainEntityOfPage\":{\"@id\":\"https:\\\/\\\/ferabrajan.com\\\/portal\\\/2024\\\/10\\\/29\\\/por-vision-del-gobierno-estatal-economia-de-puebla-es-de-las-mejores-del-pais\\\/\"},\"wordCount\":305,\"publisher\":{\"@id\":\"https:\\\/\\\/ferabrajan.com\\\/portal\\\/#organization\"},\"image\":{\"@id\":\"https:\\\/\\\/ferabrajan.com\\\/portal\\\/2024\\\/10\\\/29\\\/por-vision-del-gobierno-estatal-economia-de-puebla-es-de-las-mejores-del-pais\\\/#primaryimage\"},\"thumbnailUrl\":\"https:\\\/\\\/ferabrajan.com\\\/portal\\\/wp-content\\\/uploads\\\/2024\\\/10\\\/Presentacion_de_la__10o_Edicion_del_Smart_City_Expo_LATAM_Congress_2025__1-scaled.jpeg\",\"keywords\":[\"puebla\",\"Sergio Salom\u00f3n\"],\"articleSection\":[\"Local\",\"Principal\",\"Puebla\"],\"inLanguage\":\"es\"},{\"@type\":\"WebPage\",\"@id\":\"https:\\\/\\\/ferabrajan.com\\\/portal\\\/2024\\\/10\\\/29\\\/por-vision-del-gobierno-estatal-economia-de-puebla-es-de-las-mejores-del-pais\\\/\",\"url\":\"https:\\\/\\\/ferabrajan.com\\\/portal\\\/2024\\\/10\\\/29\\\/por-vision-del-gobierno-estatal-economia-de-puebla-es-de-las-mejores-del-pais\\\/\",\"name\":\"Por visi\u00f3n del gobierno estatal, econom\u00eda de Puebla es de las mejores del pa\u00eds - Fer Abrajan\",\"isPartOf\":{\"@id\":\"https:\\\/\\\/ferabrajan.com\\\/portal\\\/#website\"},\"primaryImageOfPage\":{\"@id\":\"https:\\\/\\\/ferabrajan.com\\\/portal\\\/2024\\\/10\\\/29\\\/por-vision-del-gobierno-estatal-economia-de-puebla-es-de-las-mejores-del-pais\\\/#primaryimage\"},\"image\":{\"@id\":\"https:\\\/\\\/ferabrajan.com\\\/portal\\\/2024\\\/10\\\/29\\\/por-vision-del-gobierno-estatal-economia-de-puebla-es-de-las-mejores-del-pais\\\/#primaryimage\"},\"thumbnailUrl\":\"https:\\\/\\\/ferabrajan.com\\\/portal\\\/wp-content\\\/uploads\\\/2024\\\/10\\\/Presentacion_de_la__10o_Edicion_del_Smart_City_Expo_LATAM_Congress_2025__1-scaled.jpeg\",\"datePublished\":\"2024-10-29T15:51:00+00:00\",\"dateModified\":\"2024-10-29T15:51:07+00:00\",\"description\":\"As\u00ed lo expuso el gobernador Sergio Salom\u00f3n al presidir la presentaci\u00f3n de la \u201c10\u00ba Edici\u00f3n del Smart City Expo LATAM Congress 2025\u201d\",\"breadcrumb\":{\"@id\":\"https:\\\/\\\/ferabrajan.com\\\/portal\\\/2024\\\/10\\\/29\\\/por-vision-del-gobierno-estatal-economia-de-puebla-es-de-las-mejores-del-pais\\\/#breadcrumb\"},\"inLanguage\":\"es\",\"potentialAction\":[{\"@type\":\"ReadAction\",\"target\":[\"https:\\\/\\\/ferabrajan.com\\\/portal\\\/2024\\\/10\\\/29\\\/por-vision-del-gobierno-estatal-economia-de-puebla-es-de-las-mejores-del-pais\\\/\"]}]},{\"@type\":\"ImageObject\",\"inLanguage\":\"es\",\"@id\":\"https:\\\/\\\/ferabrajan.com\\\/portal\\\/2024\\\/10\\\/29\\\/por-vision-del-gobierno-estatal-economia-de-puebla-es-de-las-mejores-del-pais\\\/#primaryimage\",\"url\":\"https:\\\/\\\/ferabrajan.com\\\/portal\\\/wp-content\\\/uploads\\\/2024\\\/10\\\/Presentacion_de_la__10o_Edicion_del_Smart_City_Expo_LATAM_Congress_2025__1-scaled.jpeg\",\"contentUrl\":\"https:\\\/\\\/ferabrajan.com\\\/portal\\\/wp-content\\\/uploads\\\/2024\\\/10\\\/Presentacion_de_la__10o_Edicion_del_Smart_City_Expo_LATAM_Congress_2025__1-scaled.jpeg\",\"width\":2048,\"height\":1229},{\"@type\":\"BreadcrumbList\",\"@id\":\"https:\\\/\\\/ferabrajan.com\\\/portal\\\/2024\\\/10\\\/29\\\/por-vision-del-gobierno-estatal-economia-de-puebla-es-de-las-mejores-del-pais\\\/#breadcrumb\",\"itemListElement\":[{\"@type\":\"ListItem\",\"position\":1,\"name\":\"Portada\",\"item\":\"https:\\\/\\\/ferabrajan.com\\\/portal\\\/\"},{\"@type\":\"ListItem\",\"position\":2,\"name\":\"Por visi\u00f3n del gobierno estatal, econom\u00eda de Puebla es de las mejores del pa\u00eds\"}]},{\"@type\":\"WebSite\",\"@id\":\"https:\\\/\\\/ferabrajan.com\\\/portal\\\/#website\",\"url\":\"https:\\\/\\\/ferabrajan.com\\\/portal\\\/\",\"name\":\"Fer Abrajan\",\"description\":\"Noticias de Puebla, opini\u00f3n y radio en vivo\",\"publisher\":{\"@id\":\"https:\\\/\\\/ferabrajan.com\\\/portal\\\/#organization\"},\"potentialAction\":[{\"@type\":\"SearchAction\",\"target\":{\"@type\":\"EntryPoint\",\"urlTemplate\":\"https:\\\/\\\/ferabrajan.com\\\/portal\\\/?s={search_term_string}\"},\"query-input\":{\"@type\":\"PropertyValueSpecification\",\"valueRequired\":true,\"valueName\":\"search_term_string\"}}],\"inLanguage\":\"es\"},{\"@type\":\"Organization\",\"@id\":\"https:\\\/\\\/ferabrajan.com\\\/portal\\\/#organization\",\"name\":\"Fer Abrajan\",\"url\":\"https:\\\/\\\/ferabrajan.com\\\/portal\\\/\",\"logo\":{\"@type\":\"ImageObject\",\"inLanguage\":\"es\",\"@id\":\"https:\\\/\\\/ferabrajan.com\\\/portal\\\/#\\\/schema\\\/logo\\\/image\\\/\",\"url\":\"https:\\\/\\\/ferabrajan.com\\\/portal\\\/wp-content\\\/uploads\\\/2024\\\/10\\\/cropped-logo.jpeg\",\"contentUrl\":\"https:\\\/\\\/ferabrajan.com\\\/portal\\\/wp-content\\\/uploads\\\/2024\\\/10\\\/cropped-logo.jpeg\",\"width\":500,\"height\":250,\"caption\":\"Fer Abrajan\"},\"image\":{\"@id\":\"https:\\\/\\\/ferabrajan.com\\\/portal\\\/#\\\/schema\\\/logo\\\/image\\\/\"},\"sameAs\":[\"https:\\\/\\\/www.facebook.com\\\/NoticiasconFerAbrajan\\\/\",\"https:\\\/\\\/x.com\\\/ferabrajan1\"]},{\"@type\":\"Person\",\"@id\":\"https:\\\/\\\/ferabrajan.com\\\/portal\\\/#\\\/schema\\\/person\\\/a79364e0091921e733584c4833bc7a50\",\"name\":\"Rebeca N\u00fa\u00f1ez\",\"image\":{\"@type\":\"ImageObject\",\"inLanguage\":\"es\",\"@id\":\"https:\\\/\\\/secure.gravatar.com\\\/avatar\\\/c9cbf721287e849268cd37eca93cf4be51b2eed9e71c8d0c6825bd912000b74e?s=96&d=mm&r=g\",\"url\":\"https:\\\/\\\/secure.gravatar.com\\\/avatar\\\/c9cbf721287e849268cd37eca93cf4be51b2eed9e71c8d0c6825bd912000b74e?s=96&d=mm&r=g\",\"contentUrl\":\"https:\\\/\\\/secure.gravatar.com\\\/avatar\\\/c9cbf721287e849268cd37eca93cf4be51b2eed9e71c8d0c6825bd912000b74e?s=96&d=mm&r=g\",\"caption\":\"Rebeca N\u00fa\u00f1ez\"},\"url\":\"https:\\\/\\\/ferabrajan.com\\\/portal\\\/author\\\/rebeca\\\/\"}]}<\/script>\n<!-- \/ Yoast SEO plugin. -->","yoast_head_json":{"title":"Por visi\u00f3n del gobierno estatal, econom\u00eda de Puebla es de las mejores del pa\u00eds - Fer Abrajan","description":"As\u00ed lo expuso el gobernador Sergio Salom\u00f3n al presidir la presentaci\u00f3n de la \u201c10\u00ba Edici\u00f3n del Smart City Expo LATAM Congress 2025\u201d","robots":{"index":"index","follow":"follow","max-snippet":"max-snippet:-1","max-image-preview":"max-image-preview:large","max-video-preview":"max-video-preview:-1"},"canonical":"https:\/\/ferabrajan.com\/portal\/2024\/10\/29\/por-vision-del-gobierno-estatal-economia-de-puebla-es-de-las-mejores-del-pais\/","og_locale":"es_ES","og_type":"article","og_title":"Por visi\u00f3n del gobierno estatal, econom\u00eda de Puebla es de las mejores del pa\u00eds - Fer Abrajan","og_description":"As\u00ed lo expuso el gobernador Sergio Salom\u00f3n al presidir la presentaci\u00f3n de la \u201c10\u00ba Edici\u00f3n del Smart City Expo LATAM Congress 2025\u201d","og_url":"https:\/\/ferabrajan.com\/portal\/2024\/10\/29\/por-vision-del-gobierno-estatal-economia-de-puebla-es-de-las-mejores-del-pais\/","og_site_name":"Fer Abrajan","article_publisher":"https:\/\/www.facebook.com\/NoticiasconFerAbrajan\/","article_published_time":"2024-10-29T15:51:00+00:00","article_modified_time":"2024-10-29T15:51:07+00:00","og_image":[{"width":2048,"height":1229,"url":"https:\/\/ferabrajan.com\/portal\/wp-content\/uploads\/2024\/10\/Presentacion_de_la__10o_Edicion_del_Smart_City_Expo_LATAM_Congress_2025__1-scaled.jpeg","type":"image\/jpeg"}],"author":"Rebeca N\u00fa\u00f1ez","twitter_card":"summary_large_image","twitter_creator":"@ferabrajan1","twitter_site":"@ferabrajan1","twitter_misc":{"Escrito por":"Rebeca N\u00fa\u00f1ez","Tiempo de lectura":"2 minutos"},"schema":{"@context":"https:\/\/schema.org","@graph":[{"@type":"Article","@id":"https:\/\/ferabrajan.com\/portal\/2024\/10\/29\/por-vision-del-gobierno-estatal-economia-de-puebla-es-de-las-mejores-del-pais\/#article","isPartOf":{"@id":"https:\/\/ferabrajan.com\/portal\/2024\/10\/29\/por-vision-del-gobierno-estatal-economia-de-puebla-es-de-las-mejores-del-pais\/"},"author":{"name":"Rebeca N\u00fa\u00f1ez","@id":"https:\/\/ferabrajan.com\/portal\/#\/schema\/person\/a79364e0091921e733584c4833bc7a50"},"headline":"Por visi\u00f3n del gobierno estatal, econom\u00eda de Puebla es de las mejores del pa\u00eds","datePublished":"2024-10-29T15:51:00+00:00","dateModified":"2024-10-29T15:51:07+00:00","mainEntityOfPage":{"@id":"https:\/\/ferabrajan.com\/portal\/2024\/10\/29\/por-vision-del-gobierno-estatal-economia-de-puebla-es-de-las-mejores-del-pais\/"},"wordCount":305,"publisher":{"@id":"https:\/\/ferabrajan.com\/portal\/#organization"},"image":{"@id":"https:\/\/ferabrajan.com\/portal\/2024\/10\/29\/por-vision-del-gobierno-estatal-economia-de-puebla-es-de-las-mejores-del-pais\/#primaryimage"},"thumbnailUrl":"https:\/\/ferabrajan.com\/portal\/wp-content\/uploads\/2024\/10\/Presentacion_de_la__10o_Edicion_del_Smart_City_Expo_LATAM_Congress_2025__1-scaled.jpeg","keywords":["puebla","Sergio Salom\u00f3n"],"articleSection":["Local","Principal","Puebla"],"inLanguage":"es"},{"@type":"WebPage","@id":"https:\/\/ferabrajan.com\/portal\/2024\/10\/29\/por-vision-del-gobierno-estatal-economia-de-puebla-es-de-las-mejores-del-pais\/","url":"https:\/\/ferabrajan.com\/portal\/2024\/10\/29\/por-vision-del-gobierno-estatal-economia-de-puebla-es-de-las-mejores-del-pais\/","name":"Por visi\u00f3n del gobierno estatal, econom\u00eda de Puebla es de las mejores del pa\u00eds - Fer Abrajan","isPartOf":{"@id":"https:\/\/ferabrajan.com\/portal\/#website"},"primaryImageOfPage":{"@id":"https:\/\/ferabrajan.com\/portal\/2024\/10\/29\/por-vision-del-gobierno-estatal-economia-de-puebla-es-de-las-mejores-del-pais\/#primaryimage"},"image":{"@id":"https:\/\/ferabrajan.com\/portal\/2024\/10\/29\/por-vision-del-gobierno-estatal-economia-de-puebla-es-de-las-mejores-del-pais\/#primaryimage"},"thumbnailUrl":"https:\/\/ferabrajan.com\/portal\/wp-content\/uploads\/2024\/10\/Presentacion_de_la__10o_Edicion_del_Smart_City_Expo_LATAM_Congress_2025__1-scaled.jpeg","datePublished":"2024-10-29T15:51:00+00:00","dateModified":"2024-10-29T15:51:07+00:00","description":"As\u00ed lo expuso el gobernador Sergio Salom\u00f3n al presidir la presentaci\u00f3n de la \u201c10\u00ba Edici\u00f3n del Smart City Expo LATAM Congress 2025\u201d","breadcrumb":{"@id":"https:\/\/ferabrajan.com\/portal\/2024\/10\/29\/por-vision-del-gobierno-estatal-economia-de-puebla-es-de-las-mejores-del-pais\/#breadcrumb"},"inLanguage":"es","potentialAction":[{"@type":"ReadAction","target":["https:\/\/ferabrajan.com\/portal\/2024\/10\/29\/por-vision-del-gobierno-estatal-economia-de-puebla-es-de-las-mejores-del-pais\/"]}]},{"@type":"ImageObject","inLanguage":"es","@id":"https:\/\/ferabrajan.com\/portal\/2024\/10\/29\/por-vision-del-gobierno-estatal-economia-de-puebla-es-de-las-mejores-del-pais\/#primaryimage","url":"https:\/\/ferabrajan.com\/portal\/wp-content\/uploads\/2024\/10\/Presentacion_de_la__10o_Edicion_del_Smart_City_Expo_LATAM_Congress_2025__1-scaled.jpeg","contentUrl":"https:\/\/ferabrajan.com\/portal\/wp-content\/uploads\/2024\/10\/Presentacion_de_la__10o_Edicion_del_Smart_City_Expo_LATAM_Congress_2025__1-scaled.jpeg","width":2048,"height":1229},{"@type":"BreadcrumbList","@id":"https:\/\/ferabrajan.com\/portal\/2024\/10\/29\/por-vision-del-gobierno-estatal-economia-de-puebla-es-de-las-mejores-del-pais\/#breadcrumb","itemListElement":[{"@type":"ListItem","position":1,"name":"Portada","item":"https:\/\/ferabrajan.com\/portal\/"},{"@type":"ListItem","position":2,"name":"Por visi\u00f3n del gobierno estatal, econom\u00eda de Puebla es de las mejores del pa\u00eds"}]},{"@type":"WebSite","@id":"https:\/\/ferabrajan.com\/portal\/#website","url":"https:\/\/ferabrajan.com\/portal\/","name":"Fer Abrajan","description":"Noticias de Puebla, opini\u00f3n y radio en vivo","publisher":{"@id":"https:\/\/ferabrajan.com\/portal\/#organization"},"potentialAction":[{"@type":"SearchAction","target":{"@type":"EntryPoint","urlTemplate":"https:\/\/ferabrajan.com\/portal\/?s={search_term_string}"},"query-input":{"@type":"PropertyValueSpecification","valueRequired":true,"valueName":"search_term_string"}}],"inLanguage":"es"},{"@type":"Organization","@id":"https:\/\/ferabrajan.com\/portal\/#organization","name":"Fer Abrajan","url":"https:\/\/ferabrajan.com\/portal\/","logo":{"@type":"ImageObject","inLanguage":"es","@id":"https:\/\/ferabrajan.com\/portal\/#\/schema\/logo\/image\/","url":"https:\/\/ferabrajan.com\/portal\/wp-content\/uploads\/2024\/10\/cropped-logo.jpeg","contentUrl":"https:\/\/ferabrajan.com\/portal\/wp-content\/uploads\/2024\/10\/cropped-logo.jpeg","width":500,"height":250,"caption":"Fer Abrajan"},"image":{"@id":"https:\/\/ferabrajan.com\/portal\/#\/schema\/logo\/image\/"},"sameAs":["https:\/\/www.facebook.com\/NoticiasconFerAbrajan\/","https:\/\/x.com\/ferabrajan1"]},{"@type":"Person","@id":"https:\/\/ferabrajan.com\/portal\/#\/schema\/person\/a79364e0091921e733584c4833bc7a50","name":"Rebeca N\u00fa\u00f1ez","image":{"@type":"ImageObject","inLanguage":"es","@id":"https:\/\/secure.gravatar.com\/avatar\/c9cbf721287e849268cd37eca93cf4be51b2eed9e71c8d0c6825bd912000b74e?s=96&d=mm&r=g","url":"https:\/\/secure.gravatar.com\/avatar\/c9cbf721287e849268cd37eca93cf4be51b2eed9e71c8d0c6825bd912000b74e?s=96&d=mm&r=g","contentUrl":"https:\/\/secure.gravatar.com\/avatar\/c9cbf721287e849268cd37eca93cf4be51b2eed9e71c8d0c6825bd912000b74e?s=96&d=mm&r=g","caption":"Rebeca N\u00fa\u00f1ez"},"url":"https:\/\/ferabrajan.com\/portal\/author\/rebeca\/"}]}},"_links":{"self":[{"href":"https:\/\/ferabrajan.com\/portal\/wp-json\/wp\/v2\/posts\/65853","targetHints":{"allow":["GET"]}}],"collection":[{"href":"https:\/\/ferabrajan.com\/portal\/wp-json\/wp\/v2\/posts"}],"about":[{"href":"https:\/\/ferabrajan.com\/portal\/wp-json\/wp\/v2\/types\/post"}],"author":[{"embeddable":true,"href":"https:\/\/ferabrajan.com\/portal\/wp-json\/wp\/v2\/users\/3"}],"replies":[{"embeddable":true,"href":"https:\/\/ferabrajan.com\/portal\/wp-json\/wp\/v2\/comments?post=65853"}],"version-history":[{"count":0,"href":"https:\/\/ferabrajan.com\/portal\/wp-json\/wp\/v2\/posts\/65853\/revisions"}],"wp:featuredmedia":[{"embeddable":true,"href":"https:\/\/ferabrajan.com\/portal\/wp-json\/wp\/v2\/media\/65854"}],"wp:attachment":[{"href":"https:\/\/ferabrajan.com\/portal\/wp-json\/wp\/v2\/media?parent=65853"}],"wp:term":[{"taxonomy":"category","embeddable":true,"href":"https:\/\/ferabrajan.com\/portal\/wp-json\/wp\/v2\/categories?post=65853"},{"taxonomy":"post_tag","embeddable":true,"href":"https:\/\/ferabrajan.com\/portal\/wp-json\/wp\/v2\/tags?post=65853"}],"curies":[{"name":"wp","href":"https:\/\/api.w.org\/{rel}","templated":true}]}}