{"id":65843,"date":"2024-10-29T15:28:32","date_gmt":"2024-10-29T15:28:32","guid":{"rendered":"https:\/\/ferabrajan.com\/portal\/?p=65843"},"modified":"2024-10-29T15:28:49","modified_gmt":"2024-10-29T15:28:49","slug":"programa-cultura-teatro-musica-y-danza-en-entre-vivos-y-muertos","status":"publish","type":"post","link":"https:\/\/ferabrajan.com\/portal\/2024\/10\/29\/programa-cultura-teatro-musica-y-danza-en-entre-vivos-y-muertos\/","title":{"rendered":"Programa Cultura teatro, m\u00fasica y danza en \u201cEntre Vivos y Muertos\u201d"},"content":{"rendered":"\n<p class=\"wp-block-paragraph\">Entre las actividades del quinto Encuentro Estatal \u201cEntre Vivos y Muertos\u201d, desarrollado por el gobierno presente de Sergio Salom\u00f3n, la Secretar\u00eda de Cultura program\u00f3 actividades de teatro, m\u00fasica y danza que tendr\u00e1n entrada libre para el p\u00fablico en general.&nbsp;<\/p>\n\n\n\n<p class=\"wp-block-paragraph\">El 31 de octubre, adem\u00e1s de un desfile tradicional por las principales calles del Centro Hist\u00f3rico, la dependencia realizar\u00e1 la obra de teatro \u201cTarde de Leyendas\u201d, en la Sala Teatro \u201cLuis Cabrera\u201d de la Casa de la Cultura \u201cProfesor Pedro \u00c1ngel Palou P\u00e9rez\u201d (5 Oriente n\u00famero 5), a las 18:00 horas.<\/p>\n\n\n\n<p class=\"wp-block-paragraph\">En esa misma sede, el 03 de noviembre ser\u00e1 desarrollado el Festival \u201cEntre Altares y Ofrendas\u201d, en el que participar\u00e1n la agrupaci\u00f3n Oro Verde (Costa Rica), y los ballets folkl\u00f3ricos \u201cEstrella que Baila\u201d (Hidalgo), \u201cTonanitla\u201d (Estado de M\u00e9xico) y \u201cYeyax\u00f3chitl\u201d (Tlaxcala), a partir de las 13:30 horas; mientras que, a las 16:00 horas, tendr\u00e1 lugar la pieza de danza contempor\u00e1nea con m\u00fasica regional \u201cTrascendental. Despu\u00e9s de la muerte regresar\u201d.<\/p>\n\n\n\n<figure class=\"wp-block-gallery has-nested-images columns-default is-cropped wp-block-gallery-1 is-layout-flex wp-block-gallery-is-layout-flex\">\n<figure class=\"wp-block-image size-large\"><img fetchpriority=\"high\" decoding=\"async\" width=\"1024\" height=\"1024\" data-id=\"65845\" src=\"https:\/\/ferabrajan.com\/portal\/wp-content\/uploads\/2024\/10\/Local_nov_IGYFB-2-1024x1024.jpg\" alt=\"\" class=\"wp-image-65845\" srcset=\"https:\/\/ferabrajan.com\/portal\/wp-content\/uploads\/2024\/10\/Local_nov_IGYFB-2-1024x1024.jpg 1024w, https:\/\/ferabrajan.com\/portal\/wp-content\/uploads\/2024\/10\/Local_nov_IGYFB-2-300x300.jpg 300w, https:\/\/ferabrajan.com\/portal\/wp-content\/uploads\/2024\/10\/Local_nov_IGYFB-2-150x150.jpg 150w, https:\/\/ferabrajan.com\/portal\/wp-content\/uploads\/2024\/10\/Local_nov_IGYFB-2-768x768.jpg 768w, https:\/\/ferabrajan.com\/portal\/wp-content\/uploads\/2024\/10\/Local_nov_IGYFB-2-1536x1536.jpg 1536w, https:\/\/ferabrajan.com\/portal\/wp-content\/uploads\/2024\/10\/Local_nov_IGYFB-2-scaled.jpg 2048w, https:\/\/ferabrajan.com\/portal\/wp-content\/uploads\/2024\/10\/Local_nov_IGYFB-2-96x96.jpg 96w\" sizes=\"(max-width: 1024px) 100vw, 1024px\" \/><\/figure>\n\n\n\n<figure class=\"wp-block-image size-large\"><img decoding=\"async\" width=\"1024\" height=\"1024\" data-id=\"65846\" src=\"https:\/\/ferabrajan.com\/portal\/wp-content\/uploads\/2024\/10\/Local_nov_IGYFB-8-1024x1024.jpg\" alt=\"\" class=\"wp-image-65846\" srcset=\"https:\/\/ferabrajan.com\/portal\/wp-content\/uploads\/2024\/10\/Local_nov_IGYFB-8-1024x1024.jpg 1024w, https:\/\/ferabrajan.com\/portal\/wp-content\/uploads\/2024\/10\/Local_nov_IGYFB-8-300x300.jpg 300w, https:\/\/ferabrajan.com\/portal\/wp-content\/uploads\/2024\/10\/Local_nov_IGYFB-8-150x150.jpg 150w, https:\/\/ferabrajan.com\/portal\/wp-content\/uploads\/2024\/10\/Local_nov_IGYFB-8-768x768.jpg 768w, https:\/\/ferabrajan.com\/portal\/wp-content\/uploads\/2024\/10\/Local_nov_IGYFB-8-1536x1536.jpg 1536w, https:\/\/ferabrajan.com\/portal\/wp-content\/uploads\/2024\/10\/Local_nov_IGYFB-8-scaled.jpg 2048w, https:\/\/ferabrajan.com\/portal\/wp-content\/uploads\/2024\/10\/Local_nov_IGYFB-8-96x96.jpg 96w\" sizes=\"(max-width: 1024px) 100vw, 1024px\" \/><\/figure>\n\n\n\n<figure class=\"wp-block-image size-large\"><img decoding=\"async\" width=\"1024\" height=\"1024\" data-id=\"65847\" src=\"https:\/\/ferabrajan.com\/portal\/wp-content\/uploads\/2024\/10\/Local_nov_IGYFB-11-1024x1024.jpg\" alt=\"\" class=\"wp-image-65847\" srcset=\"https:\/\/ferabrajan.com\/portal\/wp-content\/uploads\/2024\/10\/Local_nov_IGYFB-11-1024x1024.jpg 1024w, https:\/\/ferabrajan.com\/portal\/wp-content\/uploads\/2024\/10\/Local_nov_IGYFB-11-300x300.jpg 300w, https:\/\/ferabrajan.com\/portal\/wp-content\/uploads\/2024\/10\/Local_nov_IGYFB-11-150x150.jpg 150w, https:\/\/ferabrajan.com\/portal\/wp-content\/uploads\/2024\/10\/Local_nov_IGYFB-11-768x768.jpg 768w, https:\/\/ferabrajan.com\/portal\/wp-content\/uploads\/2024\/10\/Local_nov_IGYFB-11-1536x1536.jpg 1536w, https:\/\/ferabrajan.com\/portal\/wp-content\/uploads\/2024\/10\/Local_nov_IGYFB-11-scaled.jpg 2048w, https:\/\/ferabrajan.com\/portal\/wp-content\/uploads\/2024\/10\/Local_nov_IGYFB-11-96x96.jpg 96w\" sizes=\"(max-width: 1024px) 100vw, 1024px\" \/><\/figure>\n\n\n\n<figure class=\"wp-block-image size-large\"><img loading=\"lazy\" decoding=\"async\" width=\"1024\" height=\"1024\" data-id=\"65844\" src=\"https:\/\/ferabrajan.com\/portal\/wp-content\/uploads\/2024\/10\/Local_nov_v1_IGYFB-2_copia-1024x1024.jpg\" alt=\"\" class=\"wp-image-65844\" srcset=\"https:\/\/ferabrajan.com\/portal\/wp-content\/uploads\/2024\/10\/Local_nov_v1_IGYFB-2_copia-1024x1024.jpg 1024w, https:\/\/ferabrajan.com\/portal\/wp-content\/uploads\/2024\/10\/Local_nov_v1_IGYFB-2_copia-300x300.jpg 300w, https:\/\/ferabrajan.com\/portal\/wp-content\/uploads\/2024\/10\/Local_nov_v1_IGYFB-2_copia-150x150.jpg 150w, https:\/\/ferabrajan.com\/portal\/wp-content\/uploads\/2024\/10\/Local_nov_v1_IGYFB-2_copia-768x768.jpg 768w, https:\/\/ferabrajan.com\/portal\/wp-content\/uploads\/2024\/10\/Local_nov_v1_IGYFB-2_copia-1536x1536.jpg 1536w, https:\/\/ferabrajan.com\/portal\/wp-content\/uploads\/2024\/10\/Local_nov_v1_IGYFB-2_copia-scaled.jpg 2048w, https:\/\/ferabrajan.com\/portal\/wp-content\/uploads\/2024\/10\/Local_nov_v1_IGYFB-2_copia-96x96.jpg 96w\" sizes=\"(max-width: 1024px) 100vw, 1024px\" \/><\/figure>\n\n\n\n<figure class=\"wp-block-image size-large\"><img loading=\"lazy\" decoding=\"async\" width=\"1024\" height=\"1024\" data-id=\"65849\" src=\"https:\/\/ferabrajan.com\/portal\/wp-content\/uploads\/2024\/10\/Local_nov_IGYFB-14-1024x1024.jpg\" alt=\"\" class=\"wp-image-65849\" srcset=\"https:\/\/ferabrajan.com\/portal\/wp-content\/uploads\/2024\/10\/Local_nov_IGYFB-14-1024x1024.jpg 1024w, https:\/\/ferabrajan.com\/portal\/wp-content\/uploads\/2024\/10\/Local_nov_IGYFB-14-300x300.jpg 300w, https:\/\/ferabrajan.com\/portal\/wp-content\/uploads\/2024\/10\/Local_nov_IGYFB-14-150x150.jpg 150w, https:\/\/ferabrajan.com\/portal\/wp-content\/uploads\/2024\/10\/Local_nov_IGYFB-14-768x768.jpg 768w, https:\/\/ferabrajan.com\/portal\/wp-content\/uploads\/2024\/10\/Local_nov_IGYFB-14-1536x1536.jpg 1536w, https:\/\/ferabrajan.com\/portal\/wp-content\/uploads\/2024\/10\/Local_nov_IGYFB-14-scaled.jpg 2048w, https:\/\/ferabrajan.com\/portal\/wp-content\/uploads\/2024\/10\/Local_nov_IGYFB-14-96x96.jpg 96w\" sizes=\"(max-width: 1024px) 100vw, 1024px\" \/><\/figure>\n<\/figure>\n\n\n\n<p class=\"wp-block-paragraph\">En tanto, en el Centro Cultural \u201cSan Roque\u201d (Juan de Palafox y Mendoza n\u00famero 605) tendr\u00e1n lugar las obras \u201cEntre Flores y Sabores\u201d y \u201cCuatro jota\u201d, el viernes 01 de noviembre, a las 16:00 y 18:00 horas, respectivamente; el \u201cHomenaje musical a Mauricio Rajamadrex\u201d por Yave Lira y la danza \u201cLa Llorona\u201d a cargo del ballet folkl\u00f3rico \u201cYoloistak\u201d, el s\u00e1bado 02 a las 16:00 y 17:00 horas; y el evento \u201cM\u00fasica en el Campo Santo\u201d de la compa\u00f1\u00eda multidisciplinaria \u201cInisa\u201d, el domingo 03 a las 16:00 horas.&nbsp;<\/p>\n\n\n\n<p class=\"wp-block-paragraph\">En el lugar, las y los asistentes tambi\u00e9n podr\u00e1n disfrutar de un taller de catrinas elaboradas con t\u00e9cnica de cartoner\u00eda, el 01 de noviembre, de 11:00 a 13:00 horas. Los detalles de estas actividades pueden conocerse a trav\u00e9s de las redes sociales de la dependencia:&nbsp;<a href=\"https:\/\/www.facebook.com\/CulturaGobPue\">Secretar\u00eda de Cultura Puebla (Facebook)<\/a>,&nbsp;<a href=\"https:\/\/x.com\/CulturaGobPue\">@CulturaGopPue (X)<\/a>&nbsp;y&nbsp;<a href=\"https:\/\/www.instagram.com\/culturagobpuebla\/\">@culturagobpuebla (Instagram)<\/a>.<\/p>\n\n\n\n<p class=\"wp-block-paragraph\"><\/p>\n","protected":false},"excerpt":{"rendered":"<p>Tendr\u00e1n lugar el 31 de octubre y 01, 02 y 03 de noviembre con entrada libre<br \/>\nLas sedes ser\u00e1n la Casa de la Cultura \u201cProfesor Pedro \u00c1ngel Palou P\u00e9rez\u201d y el Centro Cultural \u201cSan Roque\u201d<\/p>\n","protected":false},"author":4,"featured_media":65850,"comment_status":"closed","ping_status":"closed","sticky":false,"template":"","format":"standard","meta":{"_monsterinsights_skip_tracking":false,"_uf_show_specific_survey":0,"_uf_disable_surveys":false,"footnotes":""},"categories":[53,585,34],"tags":[1968,1969,26,166,1331],"class_list":["post-65843","post","type-post","status-publish","format-standard","has-post-thumbnail","hentry","category-local","category-principal","category-puebla","tag-danza","tag-musica","tag-puebla","tag-sergio-salomon","tag-teatro"],"yoast_head":"<!-- This site is optimized with the Yoast SEO plugin v27.5 - https:\/\/yoast.com\/product\/yoast-seo-wordpress\/ -->\n<title>Programa Cultura teatro, m\u00fasica y danza en \u201cEntre Vivos y Muertos\u201d - Fer Abrajan<\/title>\n<meta name=\"description\" content=\"Tendr\u00e1n lugar el 31 de octubre y 01, 02 y 03 de noviembre con entrada libreLas sedes ser\u00e1n la Casa de la Cultura \u201cProfesor Pedro \u00c1ngel Palou P\u00e9rez\u201d y el Centro Cultural \u201cSan Roque\u201d\" \/>\n<meta name=\"robots\" content=\"index, follow, max-snippet:-1, max-image-preview:large, max-video-preview:-1\" \/>\n<link rel=\"canonical\" href=\"https:\/\/ferabrajan.com\/portal\/2024\/10\/29\/programa-cultura-teatro-musica-y-danza-en-entre-vivos-y-muertos\/\" \/>\n<meta property=\"og:locale\" content=\"es_ES\" \/>\n<meta property=\"og:type\" content=\"article\" \/>\n<meta property=\"og:title\" content=\"Programa Cultura teatro, m\u00fasica y danza en \u201cEntre Vivos y Muertos\u201d - Fer Abrajan\" \/>\n<meta property=\"og:description\" content=\"Tendr\u00e1n lugar el 31 de octubre y 01, 02 y 03 de noviembre con entrada libreLas sedes ser\u00e1n la Casa de la Cultura \u201cProfesor Pedro \u00c1ngel Palou P\u00e9rez\u201d y el Centro Cultural \u201cSan Roque\u201d\" \/>\n<meta property=\"og:url\" content=\"https:\/\/ferabrajan.com\/portal\/2024\/10\/29\/programa-cultura-teatro-musica-y-danza-en-entre-vivos-y-muertos\/\" \/>\n<meta property=\"og:site_name\" content=\"Fer Abrajan\" \/>\n<meta property=\"article:publisher\" content=\"https:\/\/www.facebook.com\/NoticiasconFerAbrajan\/\" \/>\n<meta property=\"article:published_time\" content=\"2024-10-29T15:28:32+00:00\" \/>\n<meta property=\"article:modified_time\" content=\"2024-10-29T15:28:49+00:00\" \/>\n<meta property=\"og:image\" content=\"https:\/\/ferabrajan.com\/portal\/wp-content\/uploads\/2024\/10\/3e654732b62c499d38d366f1638b72e2_L.jpg\" \/>\n\t<meta property=\"og:image:width\" content=\"600\" \/>\n\t<meta property=\"og:image:height\" content=\"450\" \/>\n\t<meta property=\"og:image:type\" content=\"image\/jpeg\" \/>\n<meta name=\"author\" content=\"Ismael Rojas\" \/>\n<meta name=\"twitter:card\" content=\"summary_large_image\" \/>\n<meta name=\"twitter:creator\" content=\"@ferabrajan1\" \/>\n<meta name=\"twitter:site\" content=\"@ferabrajan1\" \/>\n<meta name=\"twitter:label1\" content=\"Escrito por\" \/>\n\t<meta name=\"twitter:data1\" content=\"Ismael Rojas\" \/>\n\t<meta name=\"twitter:label2\" content=\"Tiempo de lectura\" \/>\n\t<meta name=\"twitter:data2\" content=\"3 minutos\" \/>\n<script type=\"application\/ld+json\" class=\"yoast-schema-graph\">{\"@context\":\"https:\\\/\\\/schema.org\",\"@graph\":[{\"@type\":\"Article\",\"@id\":\"https:\\\/\\\/ferabrajan.com\\\/portal\\\/2024\\\/10\\\/29\\\/programa-cultura-teatro-musica-y-danza-en-entre-vivos-y-muertos\\\/#article\",\"isPartOf\":{\"@id\":\"https:\\\/\\\/ferabrajan.com\\\/portal\\\/2024\\\/10\\\/29\\\/programa-cultura-teatro-musica-y-danza-en-entre-vivos-y-muertos\\\/\"},\"author\":{\"name\":\"Ismael Rojas\",\"@id\":\"https:\\\/\\\/ferabrajan.com\\\/portal\\\/#\\\/schema\\\/person\\\/83ed4fff5d7e4c8edf481fa39f71acb2\"},\"headline\":\"Programa Cultura teatro, m\u00fasica y danza en \u201cEntre Vivos y Muertos\u201d\",\"datePublished\":\"2024-10-29T15:28:32+00:00\",\"dateModified\":\"2024-10-29T15:28:49+00:00\",\"mainEntityOfPage\":{\"@id\":\"https:\\\/\\\/ferabrajan.com\\\/portal\\\/2024\\\/10\\\/29\\\/programa-cultura-teatro-musica-y-danza-en-entre-vivos-y-muertos\\\/\"},\"wordCount\":329,\"publisher\":{\"@id\":\"https:\\\/\\\/ferabrajan.com\\\/portal\\\/#organization\"},\"image\":{\"@id\":\"https:\\\/\\\/ferabrajan.com\\\/portal\\\/2024\\\/10\\\/29\\\/programa-cultura-teatro-musica-y-danza-en-entre-vivos-y-muertos\\\/#primaryimage\"},\"thumbnailUrl\":\"https:\\\/\\\/ferabrajan.com\\\/portal\\\/wp-content\\\/uploads\\\/2024\\\/10\\\/3e654732b62c499d38d366f1638b72e2_L.jpg\",\"keywords\":[\"Danza\",\"M\u00fasica\",\"puebla\",\"Sergio Salom\u00f3n\",\"teatro\"],\"articleSection\":[\"Local\",\"Principal\",\"Puebla\"],\"inLanguage\":\"es\"},{\"@type\":\"WebPage\",\"@id\":\"https:\\\/\\\/ferabrajan.com\\\/portal\\\/2024\\\/10\\\/29\\\/programa-cultura-teatro-musica-y-danza-en-entre-vivos-y-muertos\\\/\",\"url\":\"https:\\\/\\\/ferabrajan.com\\\/portal\\\/2024\\\/10\\\/29\\\/programa-cultura-teatro-musica-y-danza-en-entre-vivos-y-muertos\\\/\",\"name\":\"Programa Cultura teatro, m\u00fasica y danza en \u201cEntre Vivos y Muertos\u201d - Fer Abrajan\",\"isPartOf\":{\"@id\":\"https:\\\/\\\/ferabrajan.com\\\/portal\\\/#website\"},\"primaryImageOfPage\":{\"@id\":\"https:\\\/\\\/ferabrajan.com\\\/portal\\\/2024\\\/10\\\/29\\\/programa-cultura-teatro-musica-y-danza-en-entre-vivos-y-muertos\\\/#primaryimage\"},\"image\":{\"@id\":\"https:\\\/\\\/ferabrajan.com\\\/portal\\\/2024\\\/10\\\/29\\\/programa-cultura-teatro-musica-y-danza-en-entre-vivos-y-muertos\\\/#primaryimage\"},\"thumbnailUrl\":\"https:\\\/\\\/ferabrajan.com\\\/portal\\\/wp-content\\\/uploads\\\/2024\\\/10\\\/3e654732b62c499d38d366f1638b72e2_L.jpg\",\"datePublished\":\"2024-10-29T15:28:32+00:00\",\"dateModified\":\"2024-10-29T15:28:49+00:00\",\"description\":\"Tendr\u00e1n lugar el 31 de octubre y 01, 02 y 03 de noviembre con entrada libreLas sedes ser\u00e1n la Casa de la Cultura \u201cProfesor Pedro \u00c1ngel Palou P\u00e9rez\u201d y el Centro Cultural \u201cSan Roque\u201d\",\"breadcrumb\":{\"@id\":\"https:\\\/\\\/ferabrajan.com\\\/portal\\\/2024\\\/10\\\/29\\\/programa-cultura-teatro-musica-y-danza-en-entre-vivos-y-muertos\\\/#breadcrumb\"},\"inLanguage\":\"es\",\"potentialAction\":[{\"@type\":\"ReadAction\",\"target\":[\"https:\\\/\\\/ferabrajan.com\\\/portal\\\/2024\\\/10\\\/29\\\/programa-cultura-teatro-musica-y-danza-en-entre-vivos-y-muertos\\\/\"]}]},{\"@type\":\"ImageObject\",\"inLanguage\":\"es\",\"@id\":\"https:\\\/\\\/ferabrajan.com\\\/portal\\\/2024\\\/10\\\/29\\\/programa-cultura-teatro-musica-y-danza-en-entre-vivos-y-muertos\\\/#primaryimage\",\"url\":\"https:\\\/\\\/ferabrajan.com\\\/portal\\\/wp-content\\\/uploads\\\/2024\\\/10\\\/3e654732b62c499d38d366f1638b72e2_L.jpg\",\"contentUrl\":\"https:\\\/\\\/ferabrajan.com\\\/portal\\\/wp-content\\\/uploads\\\/2024\\\/10\\\/3e654732b62c499d38d366f1638b72e2_L.jpg\",\"width\":600,\"height\":450},{\"@type\":\"BreadcrumbList\",\"@id\":\"https:\\\/\\\/ferabrajan.com\\\/portal\\\/2024\\\/10\\\/29\\\/programa-cultura-teatro-musica-y-danza-en-entre-vivos-y-muertos\\\/#breadcrumb\",\"itemListElement\":[{\"@type\":\"ListItem\",\"position\":1,\"name\":\"Portada\",\"item\":\"https:\\\/\\\/ferabrajan.com\\\/portal\\\/\"},{\"@type\":\"ListItem\",\"position\":2,\"name\":\"Programa Cultura teatro, m\u00fasica y danza en \u201cEntre Vivos y Muertos\u201d\"}]},{\"@type\":\"WebSite\",\"@id\":\"https:\\\/\\\/ferabrajan.com\\\/portal\\\/#website\",\"url\":\"https:\\\/\\\/ferabrajan.com\\\/portal\\\/\",\"name\":\"Fer Abrajan\",\"description\":\"Noticias de Puebla, opini\u00f3n y radio en vivo\",\"publisher\":{\"@id\":\"https:\\\/\\\/ferabrajan.com\\\/portal\\\/#organization\"},\"potentialAction\":[{\"@type\":\"SearchAction\",\"target\":{\"@type\":\"EntryPoint\",\"urlTemplate\":\"https:\\\/\\\/ferabrajan.com\\\/portal\\\/?s={search_term_string}\"},\"query-input\":{\"@type\":\"PropertyValueSpecification\",\"valueRequired\":true,\"valueName\":\"search_term_string\"}}],\"inLanguage\":\"es\"},{\"@type\":\"Organization\",\"@id\":\"https:\\\/\\\/ferabrajan.com\\\/portal\\\/#organization\",\"name\":\"Fer Abrajan\",\"url\":\"https:\\\/\\\/ferabrajan.com\\\/portal\\\/\",\"logo\":{\"@type\":\"ImageObject\",\"inLanguage\":\"es\",\"@id\":\"https:\\\/\\\/ferabrajan.com\\\/portal\\\/#\\\/schema\\\/logo\\\/image\\\/\",\"url\":\"https:\\\/\\\/ferabrajan.com\\\/portal\\\/wp-content\\\/uploads\\\/2024\\\/10\\\/cropped-logo.jpeg\",\"contentUrl\":\"https:\\\/\\\/ferabrajan.com\\\/portal\\\/wp-content\\\/uploads\\\/2024\\\/10\\\/cropped-logo.jpeg\",\"width\":500,\"height\":250,\"caption\":\"Fer Abrajan\"},\"image\":{\"@id\":\"https:\\\/\\\/ferabrajan.com\\\/portal\\\/#\\\/schema\\\/logo\\\/image\\\/\"},\"sameAs\":[\"https:\\\/\\\/www.facebook.com\\\/NoticiasconFerAbrajan\\\/\",\"https:\\\/\\\/x.com\\\/ferabrajan1\"]},{\"@type\":\"Person\",\"@id\":\"https:\\\/\\\/ferabrajan.com\\\/portal\\\/#\\\/schema\\\/person\\\/83ed4fff5d7e4c8edf481fa39f71acb2\",\"name\":\"Ismael Rojas\",\"image\":{\"@type\":\"ImageObject\",\"inLanguage\":\"es\",\"@id\":\"https:\\\/\\\/secure.gravatar.com\\\/avatar\\\/e4a9cb58548fedeb6143fa536c79b44c34454539235177c55c5819d74963e9d6?s=96&d=mm&r=g\",\"url\":\"https:\\\/\\\/secure.gravatar.com\\\/avatar\\\/e4a9cb58548fedeb6143fa536c79b44c34454539235177c55c5819d74963e9d6?s=96&d=mm&r=g\",\"contentUrl\":\"https:\\\/\\\/secure.gravatar.com\\\/avatar\\\/e4a9cb58548fedeb6143fa536c79b44c34454539235177c55c5819d74963e9d6?s=96&d=mm&r=g\",\"caption\":\"Ismael Rojas\"},\"url\":\"https:\\\/\\\/ferabrajan.com\\\/portal\\\/author\\\/ismael\\\/\"}]}<\/script>\n<!-- \/ Yoast SEO plugin. -->","yoast_head_json":{"title":"Programa Cultura teatro, m\u00fasica y danza en \u201cEntre Vivos y Muertos\u201d - Fer Abrajan","description":"Tendr\u00e1n lugar el 31 de octubre y 01, 02 y 03 de noviembre con entrada libreLas sedes ser\u00e1n la Casa de la Cultura \u201cProfesor Pedro \u00c1ngel Palou P\u00e9rez\u201d y el Centro Cultural \u201cSan Roque\u201d","robots":{"index":"index","follow":"follow","max-snippet":"max-snippet:-1","max-image-preview":"max-image-preview:large","max-video-preview":"max-video-preview:-1"},"canonical":"https:\/\/ferabrajan.com\/portal\/2024\/10\/29\/programa-cultura-teatro-musica-y-danza-en-entre-vivos-y-muertos\/","og_locale":"es_ES","og_type":"article","og_title":"Programa Cultura teatro, m\u00fasica y danza en \u201cEntre Vivos y Muertos\u201d - Fer Abrajan","og_description":"Tendr\u00e1n lugar el 31 de octubre y 01, 02 y 03 de noviembre con entrada libreLas sedes ser\u00e1n la Casa de la Cultura \u201cProfesor Pedro \u00c1ngel Palou P\u00e9rez\u201d y el Centro Cultural \u201cSan Roque\u201d","og_url":"https:\/\/ferabrajan.com\/portal\/2024\/10\/29\/programa-cultura-teatro-musica-y-danza-en-entre-vivos-y-muertos\/","og_site_name":"Fer Abrajan","article_publisher":"https:\/\/www.facebook.com\/NoticiasconFerAbrajan\/","article_published_time":"2024-10-29T15:28:32+00:00","article_modified_time":"2024-10-29T15:28:49+00:00","og_image":[{"width":600,"height":450,"url":"https:\/\/ferabrajan.com\/portal\/wp-content\/uploads\/2024\/10\/3e654732b62c499d38d366f1638b72e2_L.jpg","type":"image\/jpeg"}],"author":"Ismael Rojas","twitter_card":"summary_large_image","twitter_creator":"@ferabrajan1","twitter_site":"@ferabrajan1","twitter_misc":{"Escrito por":"Ismael Rojas","Tiempo de lectura":"3 minutos"},"schema":{"@context":"https:\/\/schema.org","@graph":[{"@type":"Article","@id":"https:\/\/ferabrajan.com\/portal\/2024\/10\/29\/programa-cultura-teatro-musica-y-danza-en-entre-vivos-y-muertos\/#article","isPartOf":{"@id":"https:\/\/ferabrajan.com\/portal\/2024\/10\/29\/programa-cultura-teatro-musica-y-danza-en-entre-vivos-y-muertos\/"},"author":{"name":"Ismael Rojas","@id":"https:\/\/ferabrajan.com\/portal\/#\/schema\/person\/83ed4fff5d7e4c8edf481fa39f71acb2"},"headline":"Programa Cultura teatro, m\u00fasica y danza en \u201cEntre Vivos y Muertos\u201d","datePublished":"2024-10-29T15:28:32+00:00","dateModified":"2024-10-29T15:28:49+00:00","mainEntityOfPage":{"@id":"https:\/\/ferabrajan.com\/portal\/2024\/10\/29\/programa-cultura-teatro-musica-y-danza-en-entre-vivos-y-muertos\/"},"wordCount":329,"publisher":{"@id":"https:\/\/ferabrajan.com\/portal\/#organization"},"image":{"@id":"https:\/\/ferabrajan.com\/portal\/2024\/10\/29\/programa-cultura-teatro-musica-y-danza-en-entre-vivos-y-muertos\/#primaryimage"},"thumbnailUrl":"https:\/\/ferabrajan.com\/portal\/wp-content\/uploads\/2024\/10\/3e654732b62c499d38d366f1638b72e2_L.jpg","keywords":["Danza","M\u00fasica","puebla","Sergio Salom\u00f3n","teatro"],"articleSection":["Local","Principal","Puebla"],"inLanguage":"es"},{"@type":"WebPage","@id":"https:\/\/ferabrajan.com\/portal\/2024\/10\/29\/programa-cultura-teatro-musica-y-danza-en-entre-vivos-y-muertos\/","url":"https:\/\/ferabrajan.com\/portal\/2024\/10\/29\/programa-cultura-teatro-musica-y-danza-en-entre-vivos-y-muertos\/","name":"Programa Cultura teatro, m\u00fasica y danza en \u201cEntre Vivos y Muertos\u201d - Fer Abrajan","isPartOf":{"@id":"https:\/\/ferabrajan.com\/portal\/#website"},"primaryImageOfPage":{"@id":"https:\/\/ferabrajan.com\/portal\/2024\/10\/29\/programa-cultura-teatro-musica-y-danza-en-entre-vivos-y-muertos\/#primaryimage"},"image":{"@id":"https:\/\/ferabrajan.com\/portal\/2024\/10\/29\/programa-cultura-teatro-musica-y-danza-en-entre-vivos-y-muertos\/#primaryimage"},"thumbnailUrl":"https:\/\/ferabrajan.com\/portal\/wp-content\/uploads\/2024\/10\/3e654732b62c499d38d366f1638b72e2_L.jpg","datePublished":"2024-10-29T15:28:32+00:00","dateModified":"2024-10-29T15:28:49+00:00","description":"Tendr\u00e1n lugar el 31 de octubre y 01, 02 y 03 de noviembre con entrada libreLas sedes ser\u00e1n la Casa de la Cultura \u201cProfesor Pedro \u00c1ngel Palou P\u00e9rez\u201d y el Centro Cultural \u201cSan Roque\u201d","breadcrumb":{"@id":"https:\/\/ferabrajan.com\/portal\/2024\/10\/29\/programa-cultura-teatro-musica-y-danza-en-entre-vivos-y-muertos\/#breadcrumb"},"inLanguage":"es","potentialAction":[{"@type":"ReadAction","target":["https:\/\/ferabrajan.com\/portal\/2024\/10\/29\/programa-cultura-teatro-musica-y-danza-en-entre-vivos-y-muertos\/"]}]},{"@type":"ImageObject","inLanguage":"es","@id":"https:\/\/ferabrajan.com\/portal\/2024\/10\/29\/programa-cultura-teatro-musica-y-danza-en-entre-vivos-y-muertos\/#primaryimage","url":"https:\/\/ferabrajan.com\/portal\/wp-content\/uploads\/2024\/10\/3e654732b62c499d38d366f1638b72e2_L.jpg","contentUrl":"https:\/\/ferabrajan.com\/portal\/wp-content\/uploads\/2024\/10\/3e654732b62c499d38d366f1638b72e2_L.jpg","width":600,"height":450},{"@type":"BreadcrumbList","@id":"https:\/\/ferabrajan.com\/portal\/2024\/10\/29\/programa-cultura-teatro-musica-y-danza-en-entre-vivos-y-muertos\/#breadcrumb","itemListElement":[{"@type":"ListItem","position":1,"name":"Portada","item":"https:\/\/ferabrajan.com\/portal\/"},{"@type":"ListItem","position":2,"name":"Programa Cultura teatro, m\u00fasica y danza en \u201cEntre Vivos y Muertos\u201d"}]},{"@type":"WebSite","@id":"https:\/\/ferabrajan.com\/portal\/#website","url":"https:\/\/ferabrajan.com\/portal\/","name":"Fer Abrajan","description":"Noticias de Puebla, opini\u00f3n y radio en vivo","publisher":{"@id":"https:\/\/ferabrajan.com\/portal\/#organization"},"potentialAction":[{"@type":"SearchAction","target":{"@type":"EntryPoint","urlTemplate":"https:\/\/ferabrajan.com\/portal\/?s={search_term_string}"},"query-input":{"@type":"PropertyValueSpecification","valueRequired":true,"valueName":"search_term_string"}}],"inLanguage":"es"},{"@type":"Organization","@id":"https:\/\/ferabrajan.com\/portal\/#organization","name":"Fer Abrajan","url":"https:\/\/ferabrajan.com\/portal\/","logo":{"@type":"ImageObject","inLanguage":"es","@id":"https:\/\/ferabrajan.com\/portal\/#\/schema\/logo\/image\/","url":"https:\/\/ferabrajan.com\/portal\/wp-content\/uploads\/2024\/10\/cropped-logo.jpeg","contentUrl":"https:\/\/ferabrajan.com\/portal\/wp-content\/uploads\/2024\/10\/cropped-logo.jpeg","width":500,"height":250,"caption":"Fer Abrajan"},"image":{"@id":"https:\/\/ferabrajan.com\/portal\/#\/schema\/logo\/image\/"},"sameAs":["https:\/\/www.facebook.com\/NoticiasconFerAbrajan\/","https:\/\/x.com\/ferabrajan1"]},{"@type":"Person","@id":"https:\/\/ferabrajan.com\/portal\/#\/schema\/person\/83ed4fff5d7e4c8edf481fa39f71acb2","name":"Ismael Rojas","image":{"@type":"ImageObject","inLanguage":"es","@id":"https:\/\/secure.gravatar.com\/avatar\/e4a9cb58548fedeb6143fa536c79b44c34454539235177c55c5819d74963e9d6?s=96&d=mm&r=g","url":"https:\/\/secure.gravatar.com\/avatar\/e4a9cb58548fedeb6143fa536c79b44c34454539235177c55c5819d74963e9d6?s=96&d=mm&r=g","contentUrl":"https:\/\/secure.gravatar.com\/avatar\/e4a9cb58548fedeb6143fa536c79b44c34454539235177c55c5819d74963e9d6?s=96&d=mm&r=g","caption":"Ismael Rojas"},"url":"https:\/\/ferabrajan.com\/portal\/author\/ismael\/"}]}},"_links":{"self":[{"href":"https:\/\/ferabrajan.com\/portal\/wp-json\/wp\/v2\/posts\/65843","targetHints":{"allow":["GET"]}}],"collection":[{"href":"https:\/\/ferabrajan.com\/portal\/wp-json\/wp\/v2\/posts"}],"about":[{"href":"https:\/\/ferabrajan.com\/portal\/wp-json\/wp\/v2\/types\/post"}],"author":[{"embeddable":true,"href":"https:\/\/ferabrajan.com\/portal\/wp-json\/wp\/v2\/users\/4"}],"replies":[{"embeddable":true,"href":"https:\/\/ferabrajan.com\/portal\/wp-json\/wp\/v2\/comments?post=65843"}],"version-history":[{"count":0,"href":"https:\/\/ferabrajan.com\/portal\/wp-json\/wp\/v2\/posts\/65843\/revisions"}],"wp:featuredmedia":[{"embeddable":true,"href":"https:\/\/ferabrajan.com\/portal\/wp-json\/wp\/v2\/media\/65850"}],"wp:attachment":[{"href":"https:\/\/ferabrajan.com\/portal\/wp-json\/wp\/v2\/media?parent=65843"}],"wp:term":[{"taxonomy":"category","embeddable":true,"href":"https:\/\/ferabrajan.com\/portal\/wp-json\/wp\/v2\/categories?post=65843"},{"taxonomy":"post_tag","embeddable":true,"href":"https:\/\/ferabrajan.com\/portal\/wp-json\/wp\/v2\/tags?post=65843"}],"curies":[{"name":"wp","href":"https:\/\/api.w.org\/{rel}","templated":true}]}}