{"id":65838,"date":"2024-10-29T15:18:12","date_gmt":"2024-10-29T15:18:12","guid":{"rendered":"https:\/\/ferabrajan.com\/portal\/?p=65838"},"modified":"2024-10-29T15:18:26","modified_gmt":"2024-10-29T15:18:26","slug":"logra-puebla-efectividad-en-la-localizacion-de-personas-desaparecidas","status":"publish","type":"post","link":"https:\/\/ferabrajan.com\/portal\/2024\/10\/29\/logra-puebla-efectividad-en-la-localizacion-de-personas-desaparecidas\/","title":{"rendered":"Logra Puebla efectividad en la localizaci\u00f3n de personas desaparecidas"},"content":{"rendered":"\n<p class=\"wp-block-paragraph\">Derivado del trabajo coordinado e interinstitucional y en cumplimiento de los mandatos legales en materia de b\u00fasqueda de personas, el gobierno presente de Sergio Salom\u00f3n, a trav\u00e9s de la Comisi\u00f3n de B\u00fasqueda de Personas del Estado de Puebla (CBP), ha alcanzado un 105.3 por ciento de efectividad en el proceso de registro y localizaci\u00f3n de personas desaparecidas, de acuerdo con el corte de octubre.<\/p>\n\n\n\n<p class=\"wp-block-paragraph\">As\u00ed lo inform\u00f3 el titular de la Comisi\u00f3n, Luis Javier Cervantes G\u00f3mez, quien destac\u00f3 que esta cifra refleja el comparativo entre las personas localizadas y las personas reportadas con expedientes atendidos por el organismo, en el cual a\u00fan est\u00e1n pendientes de ubicar a 871 personas.<\/p>\n\n\n\n<p class=\"wp-block-paragraph\">El comisionado tambi\u00e9n subray\u00f3 los elementos del Registro Estatal de Personas Desaparecidas o No Localizadas, que incluyen el Reporte de Personas Desaparecidas, el Buz\u00f3n de Paz, un tablero de control accesible para consulta p\u00fablica, y un sistema estad\u00edstico. Adem\u00e1s, el mapa interactivo en tiempo real permite visualizar el comportamiento social en los municipios con mayor incidencia, facilitando la toma de decisiones y la planeaci\u00f3n de estrategias de b\u00fasqueda.<\/p>\n\n\n\n<p class=\"wp-block-paragraph\">Cervantes G\u00f3mez se\u00f1al\u00f3 que la Comisi\u00f3n ha capacitado a los 217 municipios del estado sobre protocolos de b\u00fasqueda para fortalecer la coordinaci\u00f3n y estandarizar acciones en cada regi\u00f3n. De igual forma, destac\u00f3 la capacitaci\u00f3n brindada a los 50 municipios con Alerta de Violencia de G\u00e9nero, a los que se les entreg\u00f3 un manual de acciones de b\u00fasqueda con perspectiva de g\u00e9nero, garantizando una respuesta efectiva y sensible para las v\u00edctimas y sus familiares.<\/p>\n\n\n\n<p class=\"wp-block-paragraph\">Asimismo, el titular present\u00f3 el \u201cAn\u00e1lisis de Contexto del Estado de Puebla\u201d sobre la desaparici\u00f3n de personas, un informe que aporta datos detallados para una planeaci\u00f3n estrat\u00e9gica m\u00e1s precisa y eficiente, alineada a los est\u00e1ndares de la Comisi\u00f3n Nacional de B\u00fasqueda de Personas.<\/p>\n\n\n\n<p class=\"wp-block-paragraph\">Con estas acciones, el Gobierno del Estado reafirma su compromiso y disposici\u00f3n para trabajar en colaboraci\u00f3n con autoridades de todos los niveles, familiares y organizaciones, en la localizaci\u00f3n de personas reportadas como desaparecidas.<\/p>\n","protected":false},"excerpt":{"rendered":"<p>Gracias al trabajo coordinado e interinstitucional, se alcanza un 105.3% de eficacia en el proceso de registro y localizaci\u00f3n de personas desaparecidas<\/p>\n","protected":false},"author":3,"featured_media":65839,"comment_status":"closed","ping_status":"closed","sticky":false,"template":"","format":"standard","meta":{"_monsterinsights_skip_tracking":false,"_uf_show_specific_survey":0,"_uf_disable_surveys":false,"footnotes":""},"categories":[53,585,34],"tags":[1967,166],"class_list":["post-65838","post","type-post","status-publish","format-standard","has-post-thumbnail","hentry","category-local","category-principal","category-puebla","tag-comision-de-busqueda-de-personas-del-estado-de-puebla","tag-sergio-salomon"],"yoast_head":"<!-- This site is optimized with the Yoast SEO plugin v27.5 - https:\/\/yoast.com\/product\/yoast-seo-wordpress\/ -->\n<title>Logra Puebla efectividad en la localizaci\u00f3n de personas desaparecidas - Fer Abrajan<\/title>\n<meta name=\"description\" content=\"Gracias al trabajo coordinado e interinstitucional, se alcanza un 105.3% de eficacia en el proceso de registro y localizaci\u00f3n de personas desaparecidas\" \/>\n<meta name=\"robots\" content=\"index, follow, max-snippet:-1, max-image-preview:large, max-video-preview:-1\" \/>\n<link rel=\"canonical\" href=\"https:\/\/ferabrajan.com\/portal\/2024\/10\/29\/logra-puebla-efectividad-en-la-localizacion-de-personas-desaparecidas\/\" \/>\n<meta property=\"og:locale\" content=\"es_ES\" \/>\n<meta property=\"og:type\" content=\"article\" \/>\n<meta property=\"og:title\" content=\"Logra Puebla efectividad en la localizaci\u00f3n de personas desaparecidas - Fer Abrajan\" \/>\n<meta property=\"og:description\" content=\"Gracias al trabajo coordinado e interinstitucional, se alcanza un 105.3% de eficacia en el proceso de registro y localizaci\u00f3n de personas desaparecidas\" \/>\n<meta property=\"og:url\" content=\"https:\/\/ferabrajan.com\/portal\/2024\/10\/29\/logra-puebla-efectividad-en-la-localizacion-de-personas-desaparecidas\/\" \/>\n<meta property=\"og:site_name\" content=\"Fer Abrajan\" \/>\n<meta property=\"article:publisher\" content=\"https:\/\/www.facebook.com\/NoticiasconFerAbrajan\/\" \/>\n<meta property=\"article:published_time\" content=\"2024-10-29T15:18:12+00:00\" \/>\n<meta property=\"article:modified_time\" content=\"2024-10-29T15:18:26+00:00\" \/>\n<meta property=\"og:image\" content=\"https:\/\/ferabrajan.com\/portal\/wp-content\/uploads\/2024\/10\/1_Logra_Puebla_efectividad_en_la_localizacion_de_personas_desaparecidas.jpeg\" \/>\n\t<meta property=\"og:image:width\" content=\"1600\" \/>\n\t<meta property=\"og:image:height\" content=\"900\" \/>\n\t<meta property=\"og:image:type\" content=\"image\/jpeg\" \/>\n<meta name=\"author\" content=\"Rebeca N\u00fa\u00f1ez\" \/>\n<meta name=\"twitter:card\" content=\"summary_large_image\" \/>\n<meta name=\"twitter:creator\" content=\"@ferabrajan1\" \/>\n<meta name=\"twitter:site\" content=\"@ferabrajan1\" \/>\n<meta name=\"twitter:label1\" content=\"Escrito por\" \/>\n\t<meta name=\"twitter:data1\" content=\"Rebeca N\u00fa\u00f1ez\" \/>\n\t<meta name=\"twitter:label2\" content=\"Tiempo de lectura\" \/>\n\t<meta name=\"twitter:data2\" content=\"2 minutos\" \/>\n<script type=\"application\/ld+json\" class=\"yoast-schema-graph\">{\"@context\":\"https:\\\/\\\/schema.org\",\"@graph\":[{\"@type\":\"Article\",\"@id\":\"https:\\\/\\\/ferabrajan.com\\\/portal\\\/2024\\\/10\\\/29\\\/logra-puebla-efectividad-en-la-localizacion-de-personas-desaparecidas\\\/#article\",\"isPartOf\":{\"@id\":\"https:\\\/\\\/ferabrajan.com\\\/portal\\\/2024\\\/10\\\/29\\\/logra-puebla-efectividad-en-la-localizacion-de-personas-desaparecidas\\\/\"},\"author\":{\"name\":\"Rebeca N\u00fa\u00f1ez\",\"@id\":\"https:\\\/\\\/ferabrajan.com\\\/portal\\\/#\\\/schema\\\/person\\\/a79364e0091921e733584c4833bc7a50\"},\"headline\":\"Logra Puebla efectividad en la localizaci\u00f3n de personas desaparecidas\",\"datePublished\":\"2024-10-29T15:18:12+00:00\",\"dateModified\":\"2024-10-29T15:18:26+00:00\",\"mainEntityOfPage\":{\"@id\":\"https:\\\/\\\/ferabrajan.com\\\/portal\\\/2024\\\/10\\\/29\\\/logra-puebla-efectividad-en-la-localizacion-de-personas-desaparecidas\\\/\"},\"wordCount\":371,\"publisher\":{\"@id\":\"https:\\\/\\\/ferabrajan.com\\\/portal\\\/#organization\"},\"image\":{\"@id\":\"https:\\\/\\\/ferabrajan.com\\\/portal\\\/2024\\\/10\\\/29\\\/logra-puebla-efectividad-en-la-localizacion-de-personas-desaparecidas\\\/#primaryimage\"},\"thumbnailUrl\":\"https:\\\/\\\/ferabrajan.com\\\/portal\\\/wp-content\\\/uploads\\\/2024\\\/10\\\/1_Logra_Puebla_efectividad_en_la_localizacion_de_personas_desaparecidas.jpeg\",\"keywords\":[\"Comisi\u00f3n de B\u00fasqueda de Personas del Estado de Puebla\",\"Sergio Salom\u00f3n\"],\"articleSection\":[\"Local\",\"Principal\",\"Puebla\"],\"inLanguage\":\"es\"},{\"@type\":\"WebPage\",\"@id\":\"https:\\\/\\\/ferabrajan.com\\\/portal\\\/2024\\\/10\\\/29\\\/logra-puebla-efectividad-en-la-localizacion-de-personas-desaparecidas\\\/\",\"url\":\"https:\\\/\\\/ferabrajan.com\\\/portal\\\/2024\\\/10\\\/29\\\/logra-puebla-efectividad-en-la-localizacion-de-personas-desaparecidas\\\/\",\"name\":\"Logra Puebla efectividad en la localizaci\u00f3n de personas desaparecidas - Fer Abrajan\",\"isPartOf\":{\"@id\":\"https:\\\/\\\/ferabrajan.com\\\/portal\\\/#website\"},\"primaryImageOfPage\":{\"@id\":\"https:\\\/\\\/ferabrajan.com\\\/portal\\\/2024\\\/10\\\/29\\\/logra-puebla-efectividad-en-la-localizacion-de-personas-desaparecidas\\\/#primaryimage\"},\"image\":{\"@id\":\"https:\\\/\\\/ferabrajan.com\\\/portal\\\/2024\\\/10\\\/29\\\/logra-puebla-efectividad-en-la-localizacion-de-personas-desaparecidas\\\/#primaryimage\"},\"thumbnailUrl\":\"https:\\\/\\\/ferabrajan.com\\\/portal\\\/wp-content\\\/uploads\\\/2024\\\/10\\\/1_Logra_Puebla_efectividad_en_la_localizacion_de_personas_desaparecidas.jpeg\",\"datePublished\":\"2024-10-29T15:18:12+00:00\",\"dateModified\":\"2024-10-29T15:18:26+00:00\",\"description\":\"Gracias al trabajo coordinado e interinstitucional, se alcanza un 105.3% de eficacia en el proceso de registro y localizaci\u00f3n de personas desaparecidas\",\"breadcrumb\":{\"@id\":\"https:\\\/\\\/ferabrajan.com\\\/portal\\\/2024\\\/10\\\/29\\\/logra-puebla-efectividad-en-la-localizacion-de-personas-desaparecidas\\\/#breadcrumb\"},\"inLanguage\":\"es\",\"potentialAction\":[{\"@type\":\"ReadAction\",\"target\":[\"https:\\\/\\\/ferabrajan.com\\\/portal\\\/2024\\\/10\\\/29\\\/logra-puebla-efectividad-en-la-localizacion-de-personas-desaparecidas\\\/\"]}]},{\"@type\":\"ImageObject\",\"inLanguage\":\"es\",\"@id\":\"https:\\\/\\\/ferabrajan.com\\\/portal\\\/2024\\\/10\\\/29\\\/logra-puebla-efectividad-en-la-localizacion-de-personas-desaparecidas\\\/#primaryimage\",\"url\":\"https:\\\/\\\/ferabrajan.com\\\/portal\\\/wp-content\\\/uploads\\\/2024\\\/10\\\/1_Logra_Puebla_efectividad_en_la_localizacion_de_personas_desaparecidas.jpeg\",\"contentUrl\":\"https:\\\/\\\/ferabrajan.com\\\/portal\\\/wp-content\\\/uploads\\\/2024\\\/10\\\/1_Logra_Puebla_efectividad_en_la_localizacion_de_personas_desaparecidas.jpeg\",\"width\":1600,\"height\":900},{\"@type\":\"BreadcrumbList\",\"@id\":\"https:\\\/\\\/ferabrajan.com\\\/portal\\\/2024\\\/10\\\/29\\\/logra-puebla-efectividad-en-la-localizacion-de-personas-desaparecidas\\\/#breadcrumb\",\"itemListElement\":[{\"@type\":\"ListItem\",\"position\":1,\"name\":\"Portada\",\"item\":\"https:\\\/\\\/ferabrajan.com\\\/portal\\\/\"},{\"@type\":\"ListItem\",\"position\":2,\"name\":\"Logra Puebla efectividad en la localizaci\u00f3n de personas desaparecidas\"}]},{\"@type\":\"WebSite\",\"@id\":\"https:\\\/\\\/ferabrajan.com\\\/portal\\\/#website\",\"url\":\"https:\\\/\\\/ferabrajan.com\\\/portal\\\/\",\"name\":\"Fer Abrajan\",\"description\":\"Noticias de Puebla, opini\u00f3n y radio en vivo\",\"publisher\":{\"@id\":\"https:\\\/\\\/ferabrajan.com\\\/portal\\\/#organization\"},\"potentialAction\":[{\"@type\":\"SearchAction\",\"target\":{\"@type\":\"EntryPoint\",\"urlTemplate\":\"https:\\\/\\\/ferabrajan.com\\\/portal\\\/?s={search_term_string}\"},\"query-input\":{\"@type\":\"PropertyValueSpecification\",\"valueRequired\":true,\"valueName\":\"search_term_string\"}}],\"inLanguage\":\"es\"},{\"@type\":\"Organization\",\"@id\":\"https:\\\/\\\/ferabrajan.com\\\/portal\\\/#organization\",\"name\":\"Fer Abrajan\",\"url\":\"https:\\\/\\\/ferabrajan.com\\\/portal\\\/\",\"logo\":{\"@type\":\"ImageObject\",\"inLanguage\":\"es\",\"@id\":\"https:\\\/\\\/ferabrajan.com\\\/portal\\\/#\\\/schema\\\/logo\\\/image\\\/\",\"url\":\"https:\\\/\\\/ferabrajan.com\\\/portal\\\/wp-content\\\/uploads\\\/2024\\\/10\\\/cropped-logo.jpeg\",\"contentUrl\":\"https:\\\/\\\/ferabrajan.com\\\/portal\\\/wp-content\\\/uploads\\\/2024\\\/10\\\/cropped-logo.jpeg\",\"width\":500,\"height\":250,\"caption\":\"Fer Abrajan\"},\"image\":{\"@id\":\"https:\\\/\\\/ferabrajan.com\\\/portal\\\/#\\\/schema\\\/logo\\\/image\\\/\"},\"sameAs\":[\"https:\\\/\\\/www.facebook.com\\\/NoticiasconFerAbrajan\\\/\",\"https:\\\/\\\/x.com\\\/ferabrajan1\"]},{\"@type\":\"Person\",\"@id\":\"https:\\\/\\\/ferabrajan.com\\\/portal\\\/#\\\/schema\\\/person\\\/a79364e0091921e733584c4833bc7a50\",\"name\":\"Rebeca N\u00fa\u00f1ez\",\"image\":{\"@type\":\"ImageObject\",\"inLanguage\":\"es\",\"@id\":\"https:\\\/\\\/secure.gravatar.com\\\/avatar\\\/c9cbf721287e849268cd37eca93cf4be51b2eed9e71c8d0c6825bd912000b74e?s=96&d=mm&r=g\",\"url\":\"https:\\\/\\\/secure.gravatar.com\\\/avatar\\\/c9cbf721287e849268cd37eca93cf4be51b2eed9e71c8d0c6825bd912000b74e?s=96&d=mm&r=g\",\"contentUrl\":\"https:\\\/\\\/secure.gravatar.com\\\/avatar\\\/c9cbf721287e849268cd37eca93cf4be51b2eed9e71c8d0c6825bd912000b74e?s=96&d=mm&r=g\",\"caption\":\"Rebeca N\u00fa\u00f1ez\"},\"url\":\"https:\\\/\\\/ferabrajan.com\\\/portal\\\/author\\\/rebeca\\\/\"}]}<\/script>\n<!-- \/ Yoast SEO plugin. -->","yoast_head_json":{"title":"Logra Puebla efectividad en la localizaci\u00f3n de personas desaparecidas - Fer Abrajan","description":"Gracias al trabajo coordinado e interinstitucional, se alcanza un 105.3% de eficacia en el proceso de registro y localizaci\u00f3n de personas desaparecidas","robots":{"index":"index","follow":"follow","max-snippet":"max-snippet:-1","max-image-preview":"max-image-preview:large","max-video-preview":"max-video-preview:-1"},"canonical":"https:\/\/ferabrajan.com\/portal\/2024\/10\/29\/logra-puebla-efectividad-en-la-localizacion-de-personas-desaparecidas\/","og_locale":"es_ES","og_type":"article","og_title":"Logra Puebla efectividad en la localizaci\u00f3n de personas desaparecidas - Fer Abrajan","og_description":"Gracias al trabajo coordinado e interinstitucional, se alcanza un 105.3% de eficacia en el proceso de registro y localizaci\u00f3n de personas desaparecidas","og_url":"https:\/\/ferabrajan.com\/portal\/2024\/10\/29\/logra-puebla-efectividad-en-la-localizacion-de-personas-desaparecidas\/","og_site_name":"Fer Abrajan","article_publisher":"https:\/\/www.facebook.com\/NoticiasconFerAbrajan\/","article_published_time":"2024-10-29T15:18:12+00:00","article_modified_time":"2024-10-29T15:18:26+00:00","og_image":[{"width":1600,"height":900,"url":"https:\/\/ferabrajan.com\/portal\/wp-content\/uploads\/2024\/10\/1_Logra_Puebla_efectividad_en_la_localizacion_de_personas_desaparecidas.jpeg","type":"image\/jpeg"}],"author":"Rebeca N\u00fa\u00f1ez","twitter_card":"summary_large_image","twitter_creator":"@ferabrajan1","twitter_site":"@ferabrajan1","twitter_misc":{"Escrito por":"Rebeca N\u00fa\u00f1ez","Tiempo de lectura":"2 minutos"},"schema":{"@context":"https:\/\/schema.org","@graph":[{"@type":"Article","@id":"https:\/\/ferabrajan.com\/portal\/2024\/10\/29\/logra-puebla-efectividad-en-la-localizacion-de-personas-desaparecidas\/#article","isPartOf":{"@id":"https:\/\/ferabrajan.com\/portal\/2024\/10\/29\/logra-puebla-efectividad-en-la-localizacion-de-personas-desaparecidas\/"},"author":{"name":"Rebeca N\u00fa\u00f1ez","@id":"https:\/\/ferabrajan.com\/portal\/#\/schema\/person\/a79364e0091921e733584c4833bc7a50"},"headline":"Logra Puebla efectividad en la localizaci\u00f3n de personas desaparecidas","datePublished":"2024-10-29T15:18:12+00:00","dateModified":"2024-10-29T15:18:26+00:00","mainEntityOfPage":{"@id":"https:\/\/ferabrajan.com\/portal\/2024\/10\/29\/logra-puebla-efectividad-en-la-localizacion-de-personas-desaparecidas\/"},"wordCount":371,"publisher":{"@id":"https:\/\/ferabrajan.com\/portal\/#organization"},"image":{"@id":"https:\/\/ferabrajan.com\/portal\/2024\/10\/29\/logra-puebla-efectividad-en-la-localizacion-de-personas-desaparecidas\/#primaryimage"},"thumbnailUrl":"https:\/\/ferabrajan.com\/portal\/wp-content\/uploads\/2024\/10\/1_Logra_Puebla_efectividad_en_la_localizacion_de_personas_desaparecidas.jpeg","keywords":["Comisi\u00f3n de B\u00fasqueda de Personas del Estado de Puebla","Sergio Salom\u00f3n"],"articleSection":["Local","Principal","Puebla"],"inLanguage":"es"},{"@type":"WebPage","@id":"https:\/\/ferabrajan.com\/portal\/2024\/10\/29\/logra-puebla-efectividad-en-la-localizacion-de-personas-desaparecidas\/","url":"https:\/\/ferabrajan.com\/portal\/2024\/10\/29\/logra-puebla-efectividad-en-la-localizacion-de-personas-desaparecidas\/","name":"Logra Puebla efectividad en la localizaci\u00f3n de personas desaparecidas - Fer Abrajan","isPartOf":{"@id":"https:\/\/ferabrajan.com\/portal\/#website"},"primaryImageOfPage":{"@id":"https:\/\/ferabrajan.com\/portal\/2024\/10\/29\/logra-puebla-efectividad-en-la-localizacion-de-personas-desaparecidas\/#primaryimage"},"image":{"@id":"https:\/\/ferabrajan.com\/portal\/2024\/10\/29\/logra-puebla-efectividad-en-la-localizacion-de-personas-desaparecidas\/#primaryimage"},"thumbnailUrl":"https:\/\/ferabrajan.com\/portal\/wp-content\/uploads\/2024\/10\/1_Logra_Puebla_efectividad_en_la_localizacion_de_personas_desaparecidas.jpeg","datePublished":"2024-10-29T15:18:12+00:00","dateModified":"2024-10-29T15:18:26+00:00","description":"Gracias al trabajo coordinado e interinstitucional, se alcanza un 105.3% de eficacia en el proceso de registro y localizaci\u00f3n de personas desaparecidas","breadcrumb":{"@id":"https:\/\/ferabrajan.com\/portal\/2024\/10\/29\/logra-puebla-efectividad-en-la-localizacion-de-personas-desaparecidas\/#breadcrumb"},"inLanguage":"es","potentialAction":[{"@type":"ReadAction","target":["https:\/\/ferabrajan.com\/portal\/2024\/10\/29\/logra-puebla-efectividad-en-la-localizacion-de-personas-desaparecidas\/"]}]},{"@type":"ImageObject","inLanguage":"es","@id":"https:\/\/ferabrajan.com\/portal\/2024\/10\/29\/logra-puebla-efectividad-en-la-localizacion-de-personas-desaparecidas\/#primaryimage","url":"https:\/\/ferabrajan.com\/portal\/wp-content\/uploads\/2024\/10\/1_Logra_Puebla_efectividad_en_la_localizacion_de_personas_desaparecidas.jpeg","contentUrl":"https:\/\/ferabrajan.com\/portal\/wp-content\/uploads\/2024\/10\/1_Logra_Puebla_efectividad_en_la_localizacion_de_personas_desaparecidas.jpeg","width":1600,"height":900},{"@type":"BreadcrumbList","@id":"https:\/\/ferabrajan.com\/portal\/2024\/10\/29\/logra-puebla-efectividad-en-la-localizacion-de-personas-desaparecidas\/#breadcrumb","itemListElement":[{"@type":"ListItem","position":1,"name":"Portada","item":"https:\/\/ferabrajan.com\/portal\/"},{"@type":"ListItem","position":2,"name":"Logra Puebla efectividad en la localizaci\u00f3n de personas desaparecidas"}]},{"@type":"WebSite","@id":"https:\/\/ferabrajan.com\/portal\/#website","url":"https:\/\/ferabrajan.com\/portal\/","name":"Fer Abrajan","description":"Noticias de Puebla, opini\u00f3n y radio en vivo","publisher":{"@id":"https:\/\/ferabrajan.com\/portal\/#organization"},"potentialAction":[{"@type":"SearchAction","target":{"@type":"EntryPoint","urlTemplate":"https:\/\/ferabrajan.com\/portal\/?s={search_term_string}"},"query-input":{"@type":"PropertyValueSpecification","valueRequired":true,"valueName":"search_term_string"}}],"inLanguage":"es"},{"@type":"Organization","@id":"https:\/\/ferabrajan.com\/portal\/#organization","name":"Fer Abrajan","url":"https:\/\/ferabrajan.com\/portal\/","logo":{"@type":"ImageObject","inLanguage":"es","@id":"https:\/\/ferabrajan.com\/portal\/#\/schema\/logo\/image\/","url":"https:\/\/ferabrajan.com\/portal\/wp-content\/uploads\/2024\/10\/cropped-logo.jpeg","contentUrl":"https:\/\/ferabrajan.com\/portal\/wp-content\/uploads\/2024\/10\/cropped-logo.jpeg","width":500,"height":250,"caption":"Fer Abrajan"},"image":{"@id":"https:\/\/ferabrajan.com\/portal\/#\/schema\/logo\/image\/"},"sameAs":["https:\/\/www.facebook.com\/NoticiasconFerAbrajan\/","https:\/\/x.com\/ferabrajan1"]},{"@type":"Person","@id":"https:\/\/ferabrajan.com\/portal\/#\/schema\/person\/a79364e0091921e733584c4833bc7a50","name":"Rebeca N\u00fa\u00f1ez","image":{"@type":"ImageObject","inLanguage":"es","@id":"https:\/\/secure.gravatar.com\/avatar\/c9cbf721287e849268cd37eca93cf4be51b2eed9e71c8d0c6825bd912000b74e?s=96&d=mm&r=g","url":"https:\/\/secure.gravatar.com\/avatar\/c9cbf721287e849268cd37eca93cf4be51b2eed9e71c8d0c6825bd912000b74e?s=96&d=mm&r=g","contentUrl":"https:\/\/secure.gravatar.com\/avatar\/c9cbf721287e849268cd37eca93cf4be51b2eed9e71c8d0c6825bd912000b74e?s=96&d=mm&r=g","caption":"Rebeca N\u00fa\u00f1ez"},"url":"https:\/\/ferabrajan.com\/portal\/author\/rebeca\/"}]}},"_links":{"self":[{"href":"https:\/\/ferabrajan.com\/portal\/wp-json\/wp\/v2\/posts\/65838","targetHints":{"allow":["GET"]}}],"collection":[{"href":"https:\/\/ferabrajan.com\/portal\/wp-json\/wp\/v2\/posts"}],"about":[{"href":"https:\/\/ferabrajan.com\/portal\/wp-json\/wp\/v2\/types\/post"}],"author":[{"embeddable":true,"href":"https:\/\/ferabrajan.com\/portal\/wp-json\/wp\/v2\/users\/3"}],"replies":[{"embeddable":true,"href":"https:\/\/ferabrajan.com\/portal\/wp-json\/wp\/v2\/comments?post=65838"}],"version-history":[{"count":0,"href":"https:\/\/ferabrajan.com\/portal\/wp-json\/wp\/v2\/posts\/65838\/revisions"}],"wp:featuredmedia":[{"embeddable":true,"href":"https:\/\/ferabrajan.com\/portal\/wp-json\/wp\/v2\/media\/65839"}],"wp:attachment":[{"href":"https:\/\/ferabrajan.com\/portal\/wp-json\/wp\/v2\/media?parent=65838"}],"wp:term":[{"taxonomy":"category","embeddable":true,"href":"https:\/\/ferabrajan.com\/portal\/wp-json\/wp\/v2\/categories?post=65838"},{"taxonomy":"post_tag","embeddable":true,"href":"https:\/\/ferabrajan.com\/portal\/wp-json\/wp\/v2\/tags?post=65838"}],"curies":[{"name":"wp","href":"https:\/\/api.w.org\/{rel}","templated":true}]}}