{"id":65825,"date":"2024-10-29T14:43:15","date_gmt":"2024-10-29T14:43:15","guid":{"rendered":"https:\/\/ferabrajan.com\/portal\/?p=65825"},"modified":"2024-10-29T15:01:04","modified_gmt":"2024-10-29T15:01:04","slug":"situacion-de-los-ajolotes-cada-vez-peor-unam-senala-que-en-2025-desapareceran-de-xochimilco","status":"publish","type":"post","link":"https:\/\/ferabrajan.com\/portal\/2024\/10\/29\/situacion-de-los-ajolotes-cada-vez-peor-unam-senala-que-en-2025-desapareceran-de-xochimilco\/","title":{"rendered":"Situaci\u00f3n de los ajolotes, cada vez peor: UNAM se\u00f1ala que en 2025 desaparecer\u00e1n de Xochimilco"},"content":{"rendered":"\n<p class=\"wp-block-paragraph\">Cada vez&nbsp;hay menos ajolotes en la Ciudad de M\u00e9xico, y de acuerdo con especialistas, es posible que desaparezcan de uno de los&nbsp;<strong>sitios donde vivieron miles de ellos<\/strong>&nbsp;durante d\u00e9cadas.<\/p>\n\n\n\n<p class=\"wp-block-paragraph\">De acuerdo con expertos de la Universidad Nacional Aut\u00f3noma de M\u00e9xico (UNAM), en 2025&nbsp;los ajolotes desaparecer\u00e1n de los canales de Xochimilco, al sur de la capital del pa\u00eds.<\/p>\n\n\n\n<p class=\"wp-block-paragraph\">Seg\u00fan el reporte,&nbsp;<strong>en 1998 hab\u00edan cerca de 6 mil ajolotes<\/strong>&nbsp;que viv\u00edan en dicha zona, y para el 2013 apenas hab\u00edan 36 ejemplares.<\/p>\n\n\n\n<p class=\"wp-block-paragraph\">Entre las principales problem\u00e1ticas que afrontan los ajolotes en los canales de Xochimilco est\u00e1<strong>&nbsp;la contaminaci\u00f3n del agua<\/strong>&nbsp;y su aumento de temperatura, derivado del calentamiento global.<\/p>\n\n\n\n<p class=\"wp-block-paragraph\">El impacto de la humanidad afecta directamente a los ajolotes debido a las&nbsp;<strong>especies inducidas a los canales, como la tilapia<\/strong>&nbsp;y la carpa para el consumo.<\/p>\n\n\n\n<figure class=\"wp-block-gallery has-nested-images columns-default is-cropped wp-block-gallery-1 is-layout-flex wp-block-gallery-is-layout-flex\">\n<figure class=\"wp-block-image size-large\"><img fetchpriority=\"high\" decoding=\"async\" width=\"1024\" height=\"683\" data-id=\"65828\" src=\"https:\/\/ferabrajan.com\/portal\/wp-content\/uploads\/2024\/10\/descarga-3-1024x683.webp\" alt=\"\" class=\"wp-image-65828\" srcset=\"https:\/\/ferabrajan.com\/portal\/wp-content\/uploads\/2024\/10\/descarga-3-1024x683.webp 1024w, https:\/\/ferabrajan.com\/portal\/wp-content\/uploads\/2024\/10\/descarga-3-300x200.webp 300w, https:\/\/ferabrajan.com\/portal\/wp-content\/uploads\/2024\/10\/descarga-3-768x512.webp 768w, https:\/\/ferabrajan.com\/portal\/wp-content\/uploads\/2024\/10\/descarga-3-1536x1024.webp 1536w, https:\/\/ferabrajan.com\/portal\/wp-content\/uploads\/2024\/10\/descarga-3.webp 1800w\" sizes=\"(max-width: 1024px) 100vw, 1024px\" \/><\/figure>\n<\/figure>\n\n\n\n<h2 class=\"wp-block-heading\">\u00bfQu\u00e9 se puede hacer para salvar al ajolote?<\/h2>\n\n\n\n<p class=\"wp-block-paragraph\">La UNAM se\u00f1ala que una de las formas que&nbsp;se estudian para preservar al ajolote, una especie end\u00e9mica del Valle de M\u00e9xico, es la&nbsp;<strong>regeneraci\u00f3n de sus \u00f3rganos reproductores<\/strong>&nbsp;pra acceder a una mayor variabilidad gen\u00e9tica.<\/p>\n\n\n\n<p class=\"wp-block-paragraph\">El ajolote es una especie que tiene la capacidad de regenerar ciertas partes de su cuerpo, como el coraz\u00f3n, h\u00edgado, piel y alguna extremidad; sin embargo,&nbsp;<strong>se desconoce si tienen la capacidad de regenerar&nbsp;<\/strong>su aparato reproductor.<\/p>\n\n\n\n<p class=\"wp-block-paragraph\">Tania J. Porras G\u00f3mez, investigadora del Instituto de Investigaciones Biom\u00e9dicas (IIBO) de la UNAM, dijo que actualmente<strong>&nbsp;se analizan las c\u00e9lulas de los ejemplares&nbsp;<\/strong>para generar espermatozoides que tengan informaci\u00f3n gen\u00e9tica que sirva para la preservaci\u00f3n de la especie.<\/p>\n\n\n\n<p class=\"wp-block-paragraph\">\u201cEste trabajo ayudar\u00eda a<strong>&nbsp;la variabilidad gen\u00e9tica<\/strong>&nbsp;y, de esta manera, compartir lo que tenemos en los diferentes centros de investigaci\u00f3n. Con Francia, Estados Unidos, por ejemplo, podr\u00edamos tener l\u00edneas m\u00e1s estables del ajolote\u201d, dijo la especialista.<\/p>\n\n\n\n<p class=\"wp-block-paragraph\">Tambi\u00e9n se\u00f1al\u00f3 que es \u201cincre\u00edble\u201d que hasta el momento no se haya explorado si los ovarios o&nbsp;los test\u00edculos de los ajolotes se pueden regenerar,&nbsp;ya que, en caso de ser posible, se podr\u00eda llevar a la medicina y&nbsp;<strong>ayudar a personas con problemas de fertilidad<\/strong>.<\/p>\n\n\n\n<p class=\"wp-block-paragraph\"><a href=\"https:\/\/www.elfinanciero.com.mx\/cdmx\/2024\/10\/28\/ajolotes-en-peligro-de-extincion-unam-alerta-que-desapareceran-de-los-canales-de-xochimilco-en-2025\/\">https:\/\/www.elfinanciero.com.mx\/cdmx\/2024\/10\/28\/ajolotes-en-peligro-de-extincion-unam-alerta-que-desapareceran-de-los-canales-de-xochimilco-en-2025\/<\/a><\/p>\n","protected":false},"excerpt":{"rendered":"<p>El ingreso de especies de pescado para el consumo humano, la contaminaci\u00f3n del agua y el calentamiento global son responsables de que desaparezcan los ajolotes.<\/p>\n","protected":false},"author":1,"featured_media":65826,"comment_status":"closed","ping_status":"closed","sticky":false,"template":"","format":"standard","meta":{"_monsterinsights_skip_tracking":false,"_uf_show_specific_survey":0,"_uf_disable_surveys":false,"footnotes":""},"categories":[52,585],"tags":[1965,676,1964],"class_list":["post-65825","post","type-post","status-publish","format-standard","has-post-thumbnail","hentry","category-nacional","category-principal","tag-ajolotes","tag-unam","tag-xochimilco"],"yoast_head":"<!-- This site is optimized with the Yoast SEO plugin v27.5 - https:\/\/yoast.com\/product\/yoast-seo-wordpress\/ -->\n<title>Situaci\u00f3n de los ajolotes, cada vez peor: UNAM se\u00f1ala que en 2025 desaparecer\u00e1n de Xochimilco - Fer Abrajan<\/title>\n<meta name=\"description\" content=\"El ingreso de especies de pescado para el consumo humano, la contaminaci\u00f3n del agua y el calentamiento global son responsables de que desaparezcan los ajolotes.\" \/>\n<meta name=\"robots\" content=\"index, follow, max-snippet:-1, max-image-preview:large, max-video-preview:-1\" \/>\n<link rel=\"canonical\" href=\"https:\/\/ferabrajan.com\/portal\/2024\/10\/29\/situacion-de-los-ajolotes-cada-vez-peor-unam-senala-que-en-2025-desapareceran-de-xochimilco\/\" \/>\n<meta property=\"og:locale\" content=\"es_ES\" \/>\n<meta property=\"og:type\" content=\"article\" \/>\n<meta property=\"og:title\" content=\"Situaci\u00f3n de los ajolotes, cada vez peor: UNAM se\u00f1ala que en 2025 desaparecer\u00e1n de Xochimilco - Fer Abrajan\" \/>\n<meta property=\"og:description\" content=\"El ingreso de especies de pescado para el consumo humano, la contaminaci\u00f3n del agua y el calentamiento global son responsables de que desaparezcan los ajolotes.\" \/>\n<meta property=\"og:url\" content=\"https:\/\/ferabrajan.com\/portal\/2024\/10\/29\/situacion-de-los-ajolotes-cada-vez-peor-unam-senala-que-en-2025-desapareceran-de-xochimilco\/\" \/>\n<meta property=\"og:site_name\" content=\"Fer Abrajan\" \/>\n<meta property=\"article:publisher\" content=\"https:\/\/www.facebook.com\/NoticiasconFerAbrajan\/\" \/>\n<meta property=\"article:published_time\" content=\"2024-10-29T14:43:15+00:00\" \/>\n<meta property=\"article:modified_time\" content=\"2024-10-29T15:01:04+00:00\" \/>\n<meta property=\"og:image\" content=\"https:\/\/ferabrajan.com\/portal\/wp-content\/uploads\/2024\/10\/0f37ea6b-2968-41c7-90e8-542dcf1c119d.jpg\" \/>\n\t<meta property=\"og:image:width\" content=\"1024\" \/>\n\t<meta property=\"og:image:height\" content=\"683\" \/>\n\t<meta property=\"og:image:type\" content=\"image\/jpeg\" \/>\n<meta name=\"author\" content=\"admin\" \/>\n<meta name=\"twitter:card\" content=\"summary_large_image\" \/>\n<meta name=\"twitter:creator\" content=\"@ferabrajan1\" \/>\n<meta name=\"twitter:site\" content=\"@ferabrajan1\" \/>\n<meta name=\"twitter:label1\" content=\"Escrito por\" \/>\n\t<meta name=\"twitter:data1\" content=\"admin\" \/>\n\t<meta name=\"twitter:label2\" content=\"Tiempo de lectura\" \/>\n\t<meta name=\"twitter:data2\" content=\"2 minutos\" \/>\n<script type=\"application\/ld+json\" class=\"yoast-schema-graph\">{\"@context\":\"https:\\\/\\\/schema.org\",\"@graph\":[{\"@type\":\"Article\",\"@id\":\"https:\\\/\\\/ferabrajan.com\\\/portal\\\/2024\\\/10\\\/29\\\/situacion-de-los-ajolotes-cada-vez-peor-unam-senala-que-en-2025-desapareceran-de-xochimilco\\\/#article\",\"isPartOf\":{\"@id\":\"https:\\\/\\\/ferabrajan.com\\\/portal\\\/2024\\\/10\\\/29\\\/situacion-de-los-ajolotes-cada-vez-peor-unam-senala-que-en-2025-desapareceran-de-xochimilco\\\/\"},\"author\":{\"name\":\"admin\",\"@id\":\"https:\\\/\\\/ferabrajan.com\\\/portal\\\/#\\\/schema\\\/person\\\/f6113b3cb1e036d5c6a9505685b257ba\"},\"headline\":\"Situaci\u00f3n de los ajolotes, cada vez peor: UNAM se\u00f1ala que en 2025 desaparecer\u00e1n de Xochimilco\",\"datePublished\":\"2024-10-29T14:43:15+00:00\",\"dateModified\":\"2024-10-29T15:01:04+00:00\",\"mainEntityOfPage\":{\"@id\":\"https:\\\/\\\/ferabrajan.com\\\/portal\\\/2024\\\/10\\\/29\\\/situacion-de-los-ajolotes-cada-vez-peor-unam-senala-que-en-2025-desapareceran-de-xochimilco\\\/\"},\"wordCount\":418,\"publisher\":{\"@id\":\"https:\\\/\\\/ferabrajan.com\\\/portal\\\/#organization\"},\"image\":{\"@id\":\"https:\\\/\\\/ferabrajan.com\\\/portal\\\/2024\\\/10\\\/29\\\/situacion-de-los-ajolotes-cada-vez-peor-unam-senala-que-en-2025-desapareceran-de-xochimilco\\\/#primaryimage\"},\"thumbnailUrl\":\"https:\\\/\\\/ferabrajan.com\\\/portal\\\/wp-content\\\/uploads\\\/2024\\\/10\\\/0f37ea6b-2968-41c7-90e8-542dcf1c119d.jpg\",\"keywords\":[\"Ajolotes\",\"UNAM\",\"Xochimilco\"],\"articleSection\":[\"Nacional\",\"Principal\"],\"inLanguage\":\"es\"},{\"@type\":\"WebPage\",\"@id\":\"https:\\\/\\\/ferabrajan.com\\\/portal\\\/2024\\\/10\\\/29\\\/situacion-de-los-ajolotes-cada-vez-peor-unam-senala-que-en-2025-desapareceran-de-xochimilco\\\/\",\"url\":\"https:\\\/\\\/ferabrajan.com\\\/portal\\\/2024\\\/10\\\/29\\\/situacion-de-los-ajolotes-cada-vez-peor-unam-senala-que-en-2025-desapareceran-de-xochimilco\\\/\",\"name\":\"Situaci\u00f3n de los ajolotes, cada vez peor: UNAM se\u00f1ala que en 2025 desaparecer\u00e1n de Xochimilco - Fer Abrajan\",\"isPartOf\":{\"@id\":\"https:\\\/\\\/ferabrajan.com\\\/portal\\\/#website\"},\"primaryImageOfPage\":{\"@id\":\"https:\\\/\\\/ferabrajan.com\\\/portal\\\/2024\\\/10\\\/29\\\/situacion-de-los-ajolotes-cada-vez-peor-unam-senala-que-en-2025-desapareceran-de-xochimilco\\\/#primaryimage\"},\"image\":{\"@id\":\"https:\\\/\\\/ferabrajan.com\\\/portal\\\/2024\\\/10\\\/29\\\/situacion-de-los-ajolotes-cada-vez-peor-unam-senala-que-en-2025-desapareceran-de-xochimilco\\\/#primaryimage\"},\"thumbnailUrl\":\"https:\\\/\\\/ferabrajan.com\\\/portal\\\/wp-content\\\/uploads\\\/2024\\\/10\\\/0f37ea6b-2968-41c7-90e8-542dcf1c119d.jpg\",\"datePublished\":\"2024-10-29T14:43:15+00:00\",\"dateModified\":\"2024-10-29T15:01:04+00:00\",\"description\":\"El ingreso de especies de pescado para el consumo humano, la contaminaci\u00f3n del agua y el calentamiento global son responsables de que desaparezcan los ajolotes.\",\"breadcrumb\":{\"@id\":\"https:\\\/\\\/ferabrajan.com\\\/portal\\\/2024\\\/10\\\/29\\\/situacion-de-los-ajolotes-cada-vez-peor-unam-senala-que-en-2025-desapareceran-de-xochimilco\\\/#breadcrumb\"},\"inLanguage\":\"es\",\"potentialAction\":[{\"@type\":\"ReadAction\",\"target\":[\"https:\\\/\\\/ferabrajan.com\\\/portal\\\/2024\\\/10\\\/29\\\/situacion-de-los-ajolotes-cada-vez-peor-unam-senala-que-en-2025-desapareceran-de-xochimilco\\\/\"]}]},{\"@type\":\"ImageObject\",\"inLanguage\":\"es\",\"@id\":\"https:\\\/\\\/ferabrajan.com\\\/portal\\\/2024\\\/10\\\/29\\\/situacion-de-los-ajolotes-cada-vez-peor-unam-senala-que-en-2025-desapareceran-de-xochimilco\\\/#primaryimage\",\"url\":\"https:\\\/\\\/ferabrajan.com\\\/portal\\\/wp-content\\\/uploads\\\/2024\\\/10\\\/0f37ea6b-2968-41c7-90e8-542dcf1c119d.jpg\",\"contentUrl\":\"https:\\\/\\\/ferabrajan.com\\\/portal\\\/wp-content\\\/uploads\\\/2024\\\/10\\\/0f37ea6b-2968-41c7-90e8-542dcf1c119d.jpg\",\"width\":1024,\"height\":683},{\"@type\":\"BreadcrumbList\",\"@id\":\"https:\\\/\\\/ferabrajan.com\\\/portal\\\/2024\\\/10\\\/29\\\/situacion-de-los-ajolotes-cada-vez-peor-unam-senala-que-en-2025-desapareceran-de-xochimilco\\\/#breadcrumb\",\"itemListElement\":[{\"@type\":\"ListItem\",\"position\":1,\"name\":\"Portada\",\"item\":\"https:\\\/\\\/ferabrajan.com\\\/portal\\\/\"},{\"@type\":\"ListItem\",\"position\":2,\"name\":\"Situaci\u00f3n de los ajolotes, cada vez peor: UNAM se\u00f1ala que en 2025 desaparecer\u00e1n de Xochimilco\"}]},{\"@type\":\"WebSite\",\"@id\":\"https:\\\/\\\/ferabrajan.com\\\/portal\\\/#website\",\"url\":\"https:\\\/\\\/ferabrajan.com\\\/portal\\\/\",\"name\":\"Fer Abrajan\",\"description\":\"Noticias de Puebla, opini\u00f3n y radio en vivo\",\"publisher\":{\"@id\":\"https:\\\/\\\/ferabrajan.com\\\/portal\\\/#organization\"},\"potentialAction\":[{\"@type\":\"SearchAction\",\"target\":{\"@type\":\"EntryPoint\",\"urlTemplate\":\"https:\\\/\\\/ferabrajan.com\\\/portal\\\/?s={search_term_string}\"},\"query-input\":{\"@type\":\"PropertyValueSpecification\",\"valueRequired\":true,\"valueName\":\"search_term_string\"}}],\"inLanguage\":\"es\"},{\"@type\":\"Organization\",\"@id\":\"https:\\\/\\\/ferabrajan.com\\\/portal\\\/#organization\",\"name\":\"Fer Abrajan\",\"url\":\"https:\\\/\\\/ferabrajan.com\\\/portal\\\/\",\"logo\":{\"@type\":\"ImageObject\",\"inLanguage\":\"es\",\"@id\":\"https:\\\/\\\/ferabrajan.com\\\/portal\\\/#\\\/schema\\\/logo\\\/image\\\/\",\"url\":\"https:\\\/\\\/ferabrajan.com\\\/portal\\\/wp-content\\\/uploads\\\/2024\\\/10\\\/cropped-logo.jpeg\",\"contentUrl\":\"https:\\\/\\\/ferabrajan.com\\\/portal\\\/wp-content\\\/uploads\\\/2024\\\/10\\\/cropped-logo.jpeg\",\"width\":500,\"height\":250,\"caption\":\"Fer Abrajan\"},\"image\":{\"@id\":\"https:\\\/\\\/ferabrajan.com\\\/portal\\\/#\\\/schema\\\/logo\\\/image\\\/\"},\"sameAs\":[\"https:\\\/\\\/www.facebook.com\\\/NoticiasconFerAbrajan\\\/\",\"https:\\\/\\\/x.com\\\/ferabrajan1\"]},{\"@type\":\"Person\",\"@id\":\"https:\\\/\\\/ferabrajan.com\\\/portal\\\/#\\\/schema\\\/person\\\/f6113b3cb1e036d5c6a9505685b257ba\",\"name\":\"admin\",\"image\":{\"@type\":\"ImageObject\",\"inLanguage\":\"es\",\"@id\":\"https:\\\/\\\/secure.gravatar.com\\\/avatar\\\/072baa72775aad53c748dfc5d3048578e01b6c087eef335459ebfa04344e2d18?s=96&d=mm&r=g\",\"url\":\"https:\\\/\\\/secure.gravatar.com\\\/avatar\\\/072baa72775aad53c748dfc5d3048578e01b6c087eef335459ebfa04344e2d18?s=96&d=mm&r=g\",\"contentUrl\":\"https:\\\/\\\/secure.gravatar.com\\\/avatar\\\/072baa72775aad53c748dfc5d3048578e01b6c087eef335459ebfa04344e2d18?s=96&d=mm&r=g\",\"caption\":\"admin\"},\"sameAs\":[\"https:\\\/\\\/ferabrajan.com\\\/portal\"],\"url\":\"https:\\\/\\\/ferabrajan.com\\\/portal\\\/author\\\/admin\\\/\"}]}<\/script>\n<!-- \/ Yoast SEO plugin. -->","yoast_head_json":{"title":"Situaci\u00f3n de los ajolotes, cada vez peor: UNAM se\u00f1ala que en 2025 desaparecer\u00e1n de Xochimilco - Fer Abrajan","description":"El ingreso de especies de pescado para el consumo humano, la contaminaci\u00f3n del agua y el calentamiento global son responsables de que desaparezcan los ajolotes.","robots":{"index":"index","follow":"follow","max-snippet":"max-snippet:-1","max-image-preview":"max-image-preview:large","max-video-preview":"max-video-preview:-1"},"canonical":"https:\/\/ferabrajan.com\/portal\/2024\/10\/29\/situacion-de-los-ajolotes-cada-vez-peor-unam-senala-que-en-2025-desapareceran-de-xochimilco\/","og_locale":"es_ES","og_type":"article","og_title":"Situaci\u00f3n de los ajolotes, cada vez peor: UNAM se\u00f1ala que en 2025 desaparecer\u00e1n de Xochimilco - Fer Abrajan","og_description":"El ingreso de especies de pescado para el consumo humano, la contaminaci\u00f3n del agua y el calentamiento global son responsables de que desaparezcan los ajolotes.","og_url":"https:\/\/ferabrajan.com\/portal\/2024\/10\/29\/situacion-de-los-ajolotes-cada-vez-peor-unam-senala-que-en-2025-desapareceran-de-xochimilco\/","og_site_name":"Fer Abrajan","article_publisher":"https:\/\/www.facebook.com\/NoticiasconFerAbrajan\/","article_published_time":"2024-10-29T14:43:15+00:00","article_modified_time":"2024-10-29T15:01:04+00:00","og_image":[{"width":1024,"height":683,"url":"https:\/\/ferabrajan.com\/portal\/wp-content\/uploads\/2024\/10\/0f37ea6b-2968-41c7-90e8-542dcf1c119d.jpg","type":"image\/jpeg"}],"author":"admin","twitter_card":"summary_large_image","twitter_creator":"@ferabrajan1","twitter_site":"@ferabrajan1","twitter_misc":{"Escrito por":"admin","Tiempo de lectura":"2 minutos"},"schema":{"@context":"https:\/\/schema.org","@graph":[{"@type":"Article","@id":"https:\/\/ferabrajan.com\/portal\/2024\/10\/29\/situacion-de-los-ajolotes-cada-vez-peor-unam-senala-que-en-2025-desapareceran-de-xochimilco\/#article","isPartOf":{"@id":"https:\/\/ferabrajan.com\/portal\/2024\/10\/29\/situacion-de-los-ajolotes-cada-vez-peor-unam-senala-que-en-2025-desapareceran-de-xochimilco\/"},"author":{"name":"admin","@id":"https:\/\/ferabrajan.com\/portal\/#\/schema\/person\/f6113b3cb1e036d5c6a9505685b257ba"},"headline":"Situaci\u00f3n de los ajolotes, cada vez peor: UNAM se\u00f1ala que en 2025 desaparecer\u00e1n de Xochimilco","datePublished":"2024-10-29T14:43:15+00:00","dateModified":"2024-10-29T15:01:04+00:00","mainEntityOfPage":{"@id":"https:\/\/ferabrajan.com\/portal\/2024\/10\/29\/situacion-de-los-ajolotes-cada-vez-peor-unam-senala-que-en-2025-desapareceran-de-xochimilco\/"},"wordCount":418,"publisher":{"@id":"https:\/\/ferabrajan.com\/portal\/#organization"},"image":{"@id":"https:\/\/ferabrajan.com\/portal\/2024\/10\/29\/situacion-de-los-ajolotes-cada-vez-peor-unam-senala-que-en-2025-desapareceran-de-xochimilco\/#primaryimage"},"thumbnailUrl":"https:\/\/ferabrajan.com\/portal\/wp-content\/uploads\/2024\/10\/0f37ea6b-2968-41c7-90e8-542dcf1c119d.jpg","keywords":["Ajolotes","UNAM","Xochimilco"],"articleSection":["Nacional","Principal"],"inLanguage":"es"},{"@type":"WebPage","@id":"https:\/\/ferabrajan.com\/portal\/2024\/10\/29\/situacion-de-los-ajolotes-cada-vez-peor-unam-senala-que-en-2025-desapareceran-de-xochimilco\/","url":"https:\/\/ferabrajan.com\/portal\/2024\/10\/29\/situacion-de-los-ajolotes-cada-vez-peor-unam-senala-que-en-2025-desapareceran-de-xochimilco\/","name":"Situaci\u00f3n de los ajolotes, cada vez peor: UNAM se\u00f1ala que en 2025 desaparecer\u00e1n de Xochimilco - Fer Abrajan","isPartOf":{"@id":"https:\/\/ferabrajan.com\/portal\/#website"},"primaryImageOfPage":{"@id":"https:\/\/ferabrajan.com\/portal\/2024\/10\/29\/situacion-de-los-ajolotes-cada-vez-peor-unam-senala-que-en-2025-desapareceran-de-xochimilco\/#primaryimage"},"image":{"@id":"https:\/\/ferabrajan.com\/portal\/2024\/10\/29\/situacion-de-los-ajolotes-cada-vez-peor-unam-senala-que-en-2025-desapareceran-de-xochimilco\/#primaryimage"},"thumbnailUrl":"https:\/\/ferabrajan.com\/portal\/wp-content\/uploads\/2024\/10\/0f37ea6b-2968-41c7-90e8-542dcf1c119d.jpg","datePublished":"2024-10-29T14:43:15+00:00","dateModified":"2024-10-29T15:01:04+00:00","description":"El ingreso de especies de pescado para el consumo humano, la contaminaci\u00f3n del agua y el calentamiento global son responsables de que desaparezcan los ajolotes.","breadcrumb":{"@id":"https:\/\/ferabrajan.com\/portal\/2024\/10\/29\/situacion-de-los-ajolotes-cada-vez-peor-unam-senala-que-en-2025-desapareceran-de-xochimilco\/#breadcrumb"},"inLanguage":"es","potentialAction":[{"@type":"ReadAction","target":["https:\/\/ferabrajan.com\/portal\/2024\/10\/29\/situacion-de-los-ajolotes-cada-vez-peor-unam-senala-que-en-2025-desapareceran-de-xochimilco\/"]}]},{"@type":"ImageObject","inLanguage":"es","@id":"https:\/\/ferabrajan.com\/portal\/2024\/10\/29\/situacion-de-los-ajolotes-cada-vez-peor-unam-senala-que-en-2025-desapareceran-de-xochimilco\/#primaryimage","url":"https:\/\/ferabrajan.com\/portal\/wp-content\/uploads\/2024\/10\/0f37ea6b-2968-41c7-90e8-542dcf1c119d.jpg","contentUrl":"https:\/\/ferabrajan.com\/portal\/wp-content\/uploads\/2024\/10\/0f37ea6b-2968-41c7-90e8-542dcf1c119d.jpg","width":1024,"height":683},{"@type":"BreadcrumbList","@id":"https:\/\/ferabrajan.com\/portal\/2024\/10\/29\/situacion-de-los-ajolotes-cada-vez-peor-unam-senala-que-en-2025-desapareceran-de-xochimilco\/#breadcrumb","itemListElement":[{"@type":"ListItem","position":1,"name":"Portada","item":"https:\/\/ferabrajan.com\/portal\/"},{"@type":"ListItem","position":2,"name":"Situaci\u00f3n de los ajolotes, cada vez peor: UNAM se\u00f1ala que en 2025 desaparecer\u00e1n de Xochimilco"}]},{"@type":"WebSite","@id":"https:\/\/ferabrajan.com\/portal\/#website","url":"https:\/\/ferabrajan.com\/portal\/","name":"Fer Abrajan","description":"Noticias de Puebla, opini\u00f3n y radio en vivo","publisher":{"@id":"https:\/\/ferabrajan.com\/portal\/#organization"},"potentialAction":[{"@type":"SearchAction","target":{"@type":"EntryPoint","urlTemplate":"https:\/\/ferabrajan.com\/portal\/?s={search_term_string}"},"query-input":{"@type":"PropertyValueSpecification","valueRequired":true,"valueName":"search_term_string"}}],"inLanguage":"es"},{"@type":"Organization","@id":"https:\/\/ferabrajan.com\/portal\/#organization","name":"Fer Abrajan","url":"https:\/\/ferabrajan.com\/portal\/","logo":{"@type":"ImageObject","inLanguage":"es","@id":"https:\/\/ferabrajan.com\/portal\/#\/schema\/logo\/image\/","url":"https:\/\/ferabrajan.com\/portal\/wp-content\/uploads\/2024\/10\/cropped-logo.jpeg","contentUrl":"https:\/\/ferabrajan.com\/portal\/wp-content\/uploads\/2024\/10\/cropped-logo.jpeg","width":500,"height":250,"caption":"Fer Abrajan"},"image":{"@id":"https:\/\/ferabrajan.com\/portal\/#\/schema\/logo\/image\/"},"sameAs":["https:\/\/www.facebook.com\/NoticiasconFerAbrajan\/","https:\/\/x.com\/ferabrajan1"]},{"@type":"Person","@id":"https:\/\/ferabrajan.com\/portal\/#\/schema\/person\/f6113b3cb1e036d5c6a9505685b257ba","name":"admin","image":{"@type":"ImageObject","inLanguage":"es","@id":"https:\/\/secure.gravatar.com\/avatar\/072baa72775aad53c748dfc5d3048578e01b6c087eef335459ebfa04344e2d18?s=96&d=mm&r=g","url":"https:\/\/secure.gravatar.com\/avatar\/072baa72775aad53c748dfc5d3048578e01b6c087eef335459ebfa04344e2d18?s=96&d=mm&r=g","contentUrl":"https:\/\/secure.gravatar.com\/avatar\/072baa72775aad53c748dfc5d3048578e01b6c087eef335459ebfa04344e2d18?s=96&d=mm&r=g","caption":"admin"},"sameAs":["https:\/\/ferabrajan.com\/portal"],"url":"https:\/\/ferabrajan.com\/portal\/author\/admin\/"}]}},"_links":{"self":[{"href":"https:\/\/ferabrajan.com\/portal\/wp-json\/wp\/v2\/posts\/65825","targetHints":{"allow":["GET"]}}],"collection":[{"href":"https:\/\/ferabrajan.com\/portal\/wp-json\/wp\/v2\/posts"}],"about":[{"href":"https:\/\/ferabrajan.com\/portal\/wp-json\/wp\/v2\/types\/post"}],"author":[{"embeddable":true,"href":"https:\/\/ferabrajan.com\/portal\/wp-json\/wp\/v2\/users\/1"}],"replies":[{"embeddable":true,"href":"https:\/\/ferabrajan.com\/portal\/wp-json\/wp\/v2\/comments?post=65825"}],"version-history":[{"count":0,"href":"https:\/\/ferabrajan.com\/portal\/wp-json\/wp\/v2\/posts\/65825\/revisions"}],"wp:featuredmedia":[{"embeddable":true,"href":"https:\/\/ferabrajan.com\/portal\/wp-json\/wp\/v2\/media\/65826"}],"wp:attachment":[{"href":"https:\/\/ferabrajan.com\/portal\/wp-json\/wp\/v2\/media?parent=65825"}],"wp:term":[{"taxonomy":"category","embeddable":true,"href":"https:\/\/ferabrajan.com\/portal\/wp-json\/wp\/v2\/categories?post=65825"},{"taxonomy":"post_tag","embeddable":true,"href":"https:\/\/ferabrajan.com\/portal\/wp-json\/wp\/v2\/tags?post=65825"}],"curies":[{"name":"wp","href":"https:\/\/api.w.org\/{rel}","templated":true}]}}